{"id":8392,"date":"2009-09-25T09:33:12","date_gmt":"2009-09-25T08:33:12","guid":{"rendered":"http:\/\/www.bellunopress.it\/?p=8392"},"modified":"2009-09-25T09:33:12","modified_gmt":"2009-09-25T08:33:12","slug":"ultima-settimana-per-la-promozione-skipass-dell%e2%80%99alpe-del-nevegal","status":"publish","type":"post","link":"https:\/\/www.bellunopress.it\/fr\/2009\/09\/25\/ultima-settimana-per-la-promozione-skipass-dell%e2%80%99alpe-del-nevegal\/","title":{"rendered":"Ultima settimana per la promozione skipass dell\u2019Alpe del Nevegal"},"content":{"rendered":"<p>Conto alla rovescia\u00a0 per gli appassionati dello sci che, ancora per questa settimana, potranno beneficiare dell\u2019acquisto agevolato degli skipass stagionali per l\u2019inverno 2009\/2010 dell\u2019Alpe del Nevegal. Coloro che ancora non possiedono l\u2019abbonamento, dovranno affrettarsi per non perdere i vantaggiosi sconti validi sino a domenica 27 settembre 2009, data di scadenza della di prevendita. Un promemoria utile per coloro che ancora non hanno acquistato lo skipass dell\u2019Alpe, il tempo non \u00e8 scaduto. Le vantaggiose offerte proposte dalla societ\u00e0 NIS valgono ancora per questa settimana: la categoria adulti porta ad un risparmio di 40 euro e per le categorie senior e junior \u00e8 previsto uno sconto di 20 euro, anche i baby (dal 2002 in poi) risparmiano 5 euro sullo skipass. Un ulteriore vantaggio viene offerto dalla Promo Famiglia che prevede ulteriori sconti, dal 2 % ad un massimo del 8 %, per chi desidera acquistare un abbonamento stagionale con i propri famigliari (possibili le alternative per 2, 3, 4, 5 e oltre componenti).<br \/>\nGli interessati a quest\u2019ultimo periodo della tranche di prevendita potranno recarsi presso la Piscina di Belluno per ulteriori informazioni e l\u2019acquisto degli skipass nei seguenti orari:<br \/>\nDal 21 al 27 settembre:<br \/>\nluned\u00ec \u2013 venerd\u00ec 9.00\/12.30 \u2013 15.00 \u2013 19.00<br \/>\nsabato e domenica: 9.00\/12.00 &#8211; 15.00\/18.00<\/p>","protected":false},"excerpt":{"rendered":"<p>Conto alla rovescia\u00a0 per gli appassionati dello sci che, ancora per questa settimana, potranno beneficiare dell\u2019acquisto agevolato degli skipass stagionali per l\u2019inverno 2009\/2010 dell\u2019Alpe del Nevegal. Coloro che ancora non possiedono l\u2019abbonamento, dovranno affrettarsi per non perdere i vantaggiosi sconti validi sino a domenica 27 settembre 2009, data di scadenza della di prevendita. Un promemoria [&hellip;]<\/p>\n","protected":false},"author":2,"featured_media":0,"comment_status":"closed","ping_status":"open","sticky":false,"template":"","format":"standard","meta":{"footnotes":""},"categories":[25,4],"tags":[139],"class_list":["post-8392","post","type-post","status-publish","format-standard","category-pausa-caffe","category-sport","tag-belluno"],"yoast_head":"<!-- This site is optimized with the Yoast SEO plugin v28.4 - https:\/\/yoast.com\/product\/yoast-seo-wordpress\/ -->\n<title>Ultima settimana per la promozione skipass dell\u2019Alpe del Nevegal  - Bellunopress - Dolomiti<\/title>\n<meta name=\"robots\" content=\"index, follow, max-snippet:-1, max-image-preview:large, max-video-preview:-1\" \/>\n<link rel=\"canonical\" href=\"https:\/\/www.bellunopress.it\/fr\/2009\/09\/25\/ultima-settimana-per-la-promozione-skipass-dell\u2019alpe-del-nevegal\/\" \/>\n<meta property=\"og:locale\" content=\"fr_FR\" \/>\n<meta property=\"og:type\" content=\"article\" \/>\n<meta property=\"og:title\" content=\"Ultima settimana per la promozione skipass dell\u2019Alpe del Nevegal  - Bellunopress - Dolomiti\" \/>\n<meta property=\"og:description\" content=\"Conto alla rovescia\u00a0 per gli appassionati dello sci che, ancora per questa settimana, potranno beneficiare dell\u2019acquisto agevolato degli skipass stagionali per l\u2019inverno 2009\/2010 dell\u2019Alpe del Nevegal. Coloro che ancora non possiedono l\u2019abbonamento, dovranno affrettarsi per non perdere i vantaggiosi sconti validi sino a domenica 27 settembre 2009, data di scadenza della di prevendita. Un promemoria [&hellip;]\" \/>\n<meta property=\"og:url\" content=\"https:\/\/www.bellunopress.it\/fr\/2009\/09\/25\/ultima-settimana-per-la-promozione-skipass-dell\u2019alpe-del-nevegal\/\" \/>\n<meta property=\"og:site_name\" content=\"Bellunopress - Dolomiti\" \/>\n<meta property=\"article:publisher\" content=\"https:\/\/www.facebook.com\/profile.php?id=100008943462799\" \/>\n<meta property=\"article:published_time\" content=\"2009-09-25T08:33:12+00:00\" \/>\n<meta property=\"og:image\" content=\"http:\/\/www.bellunopress.it\/wp-content\/uploads\/2012\/07\/logo-bellunopress-250x250-2012.jpg\" \/>\n<meta name=\"author\" content=\"redazione\" \/>\n<meta name=\"twitter:card\" content=\"summary_large_image\" \/>\n<meta name=\"twitter:creator\" content=\"@bellunopress\" \/>\n<meta name=\"twitter:site\" content=\"@bellunopress\" \/>\n<meta name=\"twitter:label1\" content=\"\u00c9crit par\" \/>\n\t<meta name=\"twitter:data1\" content=\"redazione\" \/>\n\t<meta name=\"twitter:label2\" content=\"Dur\u00e9e de lecture estim\u00e9e\" \/>\n\t<meta name=\"twitter:data2\" content=\"1 minute\" \/>\n<script type=\"application\/ld+json\" class=\"yoast-schema-graph\">{\"@context\":\"https:\\\/\\\/schema.org\",\"@graph\":[{\"@type\":\"Article\",\"@id\":\"https:\\\/\\\/www.bellunopress.it\\\/2009\\\/09\\\/25\\\/ultima-settimana-per-la-promozione-skipass-dell%e2%80%99alpe-del-nevegal\\\/#article\",\"isPartOf\":{\"@id\":\"https:\\\/\\\/www.bellunopress.it\\\/2009\\\/09\\\/25\\\/ultima-settimana-per-la-promozione-skipass-dell%e2%80%99alpe-del-nevegal\\\/\"},\"author\":{\"name\":\"redazione\",\"@id\":\"https:\\\/\\\/www.bellunopress.it\\\/#\\\/schema\\\/person\\\/79bb06722b37ece1c03d3e94beb30d73\"},\"headline\":\"Ultima settimana per la promozione skipass dell\u2019Alpe del Nevegal\",\"datePublished\":\"2009-09-25T08:33:12+00:00\",\"mainEntityOfPage\":{\"@id\":\"https:\\\/\\\/www.bellunopress.it\\\/2009\\\/09\\\/25\\\/ultima-settimana-per-la-promozione-skipass-dell%e2%80%99alpe-del-nevegal\\\/\"},\"wordCount\":197,\"publisher\":{\"@id\":\"https:\\\/\\\/www.bellunopress.it\\\/#organization\"},\"keywords\":[\"Belluno\"],\"articleSection\":[\"Pausa Caff\u00e8\",\"Sport, tempo libero\"],\"inLanguage\":\"fr-FR\"},{\"@type\":\"WebPage\",\"@id\":\"https:\\\/\\\/www.bellunopress.it\\\/2009\\\/09\\\/25\\\/ultima-settimana-per-la-promozione-skipass-dell%e2%80%99alpe-del-nevegal\\\/\",\"url\":\"https:\\\/\\\/www.bellunopress.it\\\/2009\\\/09\\\/25\\\/ultima-settimana-per-la-promozione-skipass-dell%e2%80%99alpe-del-nevegal\\\/\",\"name\":\"Ultima settimana per la promozione skipass dell\u2019Alpe del Nevegal - Bellunopress - Dolomiti\",\"isPartOf\":{\"@id\":\"https:\\\/\\\/www.bellunopress.it\\\/#website\"},\"datePublished\":\"2009-09-25T08:33:12+00:00\",\"breadcrumb\":{\"@id\":\"https:\\\/\\\/www.bellunopress.it\\\/2009\\\/09\\\/25\\\/ultima-settimana-per-la-promozione-skipass-dell%e2%80%99alpe-del-nevegal\\\/#breadcrumb\"},\"inLanguage\":\"fr-FR\",\"potentialAction\":[{\"@type\":\"ReadAction\",\"target\":[\"https:\\\/\\\/www.bellunopress.it\\\/2009\\\/09\\\/25\\\/ultima-settimana-per-la-promozione-skipass-dell%e2%80%99alpe-del-nevegal\\\/\"]}]},{\"@type\":\"BreadcrumbList\",\"@id\":\"https:\\\/\\\/www.bellunopress.it\\\/2009\\\/09\\\/25\\\/ultima-settimana-per-la-promozione-skipass-dell%e2%80%99alpe-del-nevegal\\\/#breadcrumb\",\"itemListElement\":[{\"@type\":\"ListItem\",\"position\":1,\"name\":\"Home\",\"item\":\"https:\\\/\\\/www.bellunopress.it\\\/\"},{\"@type\":\"ListItem\",\"position\":2,\"name\":\"Ultima settimana per la promozione skipass dell\u2019Alpe del Nevegal\"}]},{\"@type\":\"WebSite\",\"@id\":\"https:\\\/\\\/www.bellunopress.it\\\/#website\",\"url\":\"https:\\\/\\\/www.bellunopress.it\\\/\",\"name\":\"Bellunopress - Dolomiti\",\"description\":\"e-mail: redazione@bellunopress.it\",\"publisher\":{\"@id\":\"https:\\\/\\\/www.bellunopress.it\\\/#organization\"},\"potentialAction\":[{\"@type\":\"SearchAction\",\"target\":{\"@type\":\"EntryPoint\",\"urlTemplate\":\"https:\\\/\\\/www.bellunopress.it\\\/?s={search_term_string}\"},\"query-input\":{\"@type\":\"PropertyValueSpecification\",\"valueRequired\":true,\"valueName\":\"search_term_string\"}}],\"inLanguage\":\"fr-FR\"},{\"@type\":\"Organization\",\"@id\":\"https:\\\/\\\/www.bellunopress.it\\\/#organization\",\"name\":\"Bellunopress\",\"url\":\"https:\\\/\\\/www.bellunopress.it\\\/\",\"logo\":{\"@type\":\"ImageObject\",\"inLanguage\":\"fr-FR\",\"@id\":\"https:\\\/\\\/www.bellunopress.it\\\/#\\\/schema\\\/logo\\\/image\\\/\",\"url\":\"https:\\\/\\\/www.bellunopress.it\\\/wp-content\\\/uploads\\\/2011\\\/05\\\/cropped-logo-bellunopress-.jpg\",\"contentUrl\":\"https:\\\/\\\/www.bellunopress.it\\\/wp-content\\\/uploads\\\/2011\\\/05\\\/cropped-logo-bellunopress-.jpg\",\"width\":512,\"height\":512,\"caption\":\"Bellunopress\"},\"image\":{\"@id\":\"https:\\\/\\\/www.bellunopress.it\\\/#\\\/schema\\\/logo\\\/image\\\/\"},\"sameAs\":[\"https:\\\/\\\/www.facebook.com\\\/profile.php?id=100008943462799\",\"https:\\\/\\\/x.com\\\/bellunopress\",\"https:\\\/\\\/www.linkedin.com\\\/hp\\\/?dnr=JBzUWaJfMUw8vbXJJ2tVW5-I3jZKvC4wsoxE&amp;amp;amp;amp;amp;amp;trk=nav_responsive_tab_home\",\"https:\\\/\\\/www.youtube.com\\\/channel\\\/UCxL0wu1uN0_3_7hGG0306cw\"]},{\"@type\":\"Person\",\"@id\":\"https:\\\/\\\/www.bellunopress.it\\\/#\\\/schema\\\/person\\\/79bb06722b37ece1c03d3e94beb30d73\",\"name\":\"redazione\",\"image\":{\"@type\":\"ImageObject\",\"inLanguage\":\"fr-FR\",\"@id\":\"https:\\\/\\\/secure.gravatar.com\\\/avatar\\\/37d968a2e67a6fd04c169c4bdef102d0bc5d31b2546345219e348575eb80e9a0?s=96&d=mm&r=g\",\"url\":\"https:\\\/\\\/secure.gravatar.com\\\/avatar\\\/37d968a2e67a6fd04c169c4bdef102d0bc5d31b2546345219e348575eb80e9a0?s=96&d=mm&r=g\",\"contentUrl\":\"https:\\\/\\\/secure.gravatar.com\\\/avatar\\\/37d968a2e67a6fd04c169c4bdef102d0bc5d31b2546345219e348575eb80e9a0?s=96&d=mm&r=g\",\"caption\":\"redazione\"},\"sameAs\":[\"http:\\\/\\\/www.bellunopress.it\",\"https:\\\/\\\/x.com\\\/bellunopress\"],\"url\":\"https:\\\/\\\/www.bellunopress.it\\\/fr\\\/author\\\/redazione\\\/\"}]}<\/script>\n<!-- \/ Yoast SEO plugin. -->","yoast_head_json":{"title":"Ultima settimana per la promozione skipass dell\u2019Alpe del Nevegal  - Bellunopress - Dolomiti","robots":{"index":"index","follow":"follow","max-snippet":"max-snippet:-1","max-image-preview":"max-image-preview:large","max-video-preview":"max-video-preview:-1"},"canonical":"https:\/\/www.bellunopress.it\/fr\/2009\/09\/25\/ultima-settimana-per-la-promozione-skipass-dell\u2019alpe-del-nevegal\/","og_locale":"fr_FR","og_type":"article","og_title":"Ultima settimana per la promozione skipass dell\u2019Alpe del Nevegal  - Bellunopress - Dolomiti","og_description":"Conto alla rovescia\u00a0 per gli appassionati dello sci che, ancora per questa settimana, potranno beneficiare dell\u2019acquisto agevolato degli skipass stagionali per l\u2019inverno 2009\/2010 dell\u2019Alpe del Nevegal. Coloro che ancora non possiedono l\u2019abbonamento, dovranno affrettarsi per non perdere i vantaggiosi sconti validi sino a domenica 27 settembre 2009, data di scadenza della di prevendita. Un promemoria [&hellip;]","og_url":"https:\/\/www.bellunopress.it\/fr\/2009\/09\/25\/ultima-settimana-per-la-promozione-skipass-dell\u2019alpe-del-nevegal\/","og_site_name":"Bellunopress - Dolomiti","article_publisher":"https:\/\/www.facebook.com\/profile.php?id=100008943462799","article_published_time":"2009-09-25T08:33:12+00:00","og_image":[{"url":"http:\/\/www.bellunopress.it\/wp-content\/uploads\/2012\/07\/logo-bellunopress-250x250-2012.jpg","type":"","width":"","height":""}],"author":"redazione","twitter_card":"summary_large_image","twitter_creator":"@bellunopress","twitter_site":"@bellunopress","twitter_misc":{"\u00c9crit par":"redazione","Dur\u00e9e de lecture estim\u00e9e":"1 minute"},"schema":{"@context":"https:\/\/schema.org","@graph":[{"@type":"Article","@id":"https:\/\/www.bellunopress.it\/2009\/09\/25\/ultima-settimana-per-la-promozione-skipass-dell%e2%80%99alpe-del-nevegal\/#article","isPartOf":{"@id":"https:\/\/www.bellunopress.it\/2009\/09\/25\/ultima-settimana-per-la-promozione-skipass-dell%e2%80%99alpe-del-nevegal\/"},"author":{"name":"redazione","@id":"https:\/\/www.bellunopress.it\/#\/schema\/person\/79bb06722b37ece1c03d3e94beb30d73"},"headline":"Ultima settimana per la promozione skipass dell\u2019Alpe del Nevegal","datePublished":"2009-09-25T08:33:12+00:00","mainEntityOfPage":{"@id":"https:\/\/www.bellunopress.it\/2009\/09\/25\/ultima-settimana-per-la-promozione-skipass-dell%e2%80%99alpe-del-nevegal\/"},"wordCount":197,"publisher":{"@id":"https:\/\/www.bellunopress.it\/#organization"},"keywords":["Belluno"],"articleSection":["Pausa Caff\u00e8","Sport, tempo libero"],"inLanguage":"fr-FR"},{"@type":"WebPage","@id":"https:\/\/www.bellunopress.it\/2009\/09\/25\/ultima-settimana-per-la-promozione-skipass-dell%e2%80%99alpe-del-nevegal\/","url":"https:\/\/www.bellunopress.it\/2009\/09\/25\/ultima-settimana-per-la-promozione-skipass-dell%e2%80%99alpe-del-nevegal\/","name":"Ultima settimana per la promozione skipass dell\u2019Alpe del Nevegal - Bellunopress - Dolomiti","isPartOf":{"@id":"https:\/\/www.bellunopress.it\/#website"},"datePublished":"2009-09-25T08:33:12+00:00","breadcrumb":{"@id":"https:\/\/www.bellunopress.it\/2009\/09\/25\/ultima-settimana-per-la-promozione-skipass-dell%e2%80%99alpe-del-nevegal\/#breadcrumb"},"inLanguage":"fr-FR","potentialAction":[{"@type":"ReadAction","target":["https:\/\/www.bellunopress.it\/2009\/09\/25\/ultima-settimana-per-la-promozione-skipass-dell%e2%80%99alpe-del-nevegal\/"]}]},{"@type":"BreadcrumbList","@id":"https:\/\/www.bellunopress.it\/2009\/09\/25\/ultima-settimana-per-la-promozione-skipass-dell%e2%80%99alpe-del-nevegal\/#breadcrumb","itemListElement":[{"@type":"ListItem","position":1,"name":"Home","item":"https:\/\/www.bellunopress.it\/"},{"@type":"ListItem","position":2,"name":"Ultima settimana per la promozione skipass dell\u2019Alpe del Nevegal"}]},{"@type":"WebSite","@id":"https:\/\/www.bellunopress.it\/#website","url":"https:\/\/www.bellunopress.it\/","name":"Bellunopress - Dolomiti","description":"e-mail: redazione@bellunopress.it","publisher":{"@id":"https:\/\/www.bellunopress.it\/#organization"},"potentialAction":[{"@type":"SearchAction","target":{"@type":"EntryPoint","urlTemplate":"https:\/\/www.bellunopress.it\/?s={search_term_string}"},"query-input":{"@type":"PropertyValueSpecification","valueRequired":true,"valueName":"search_term_string"}}],"inLanguage":"fr-FR"},{"@type":"Organization","@id":"https:\/\/www.bellunopress.it\/#organization","name":"Bellunopress","url":"https:\/\/www.bellunopress.it\/","logo":{"@type":"ImageObject","inLanguage":"fr-FR","@id":"https:\/\/www.bellunopress.it\/#\/schema\/logo\/image\/","url":"https:\/\/www.bellunopress.it\/wp-content\/uploads\/2011\/05\/cropped-logo-bellunopress-.jpg","contentUrl":"https:\/\/www.bellunopress.it\/wp-content\/uploads\/2011\/05\/cropped-logo-bellunopress-.jpg","width":512,"height":512,"caption":"Bellunopress"},"image":{"@id":"https:\/\/www.bellunopress.it\/#\/schema\/logo\/image\/"},"sameAs":["https:\/\/www.facebook.com\/profile.php?id=100008943462799","https:\/\/x.com\/bellunopress","https:\/\/www.linkedin.com\/hp\/?dnr=JBzUWaJfMUw8vbXJJ2tVW5-I3jZKvC4wsoxE&amp;amp;amp;amp;amp;amp;trk=nav_responsive_tab_home","https:\/\/www.youtube.com\/channel\/UCxL0wu1uN0_3_7hGG0306cw"]},{"@type":"Person","@id":"https:\/\/www.bellunopress.it\/#\/schema\/person\/79bb06722b37ece1c03d3e94beb30d73","name":"r\u00e9daction","image":{"@type":"ImageObject","inLanguage":"fr-FR","@id":"https:\/\/secure.gravatar.com\/avatar\/37d968a2e67a6fd04c169c4bdef102d0bc5d31b2546345219e348575eb80e9a0?s=96&d=mm&r=g","url":"https:\/\/secure.gravatar.com\/avatar\/37d968a2e67a6fd04c169c4bdef102d0bc5d31b2546345219e348575eb80e9a0?s=96&d=mm&r=g","contentUrl":"https:\/\/secure.gravatar.com\/avatar\/37d968a2e67a6fd04c169c4bdef102d0bc5d31b2546345219e348575eb80e9a0?s=96&d=mm&r=g","caption":"redazione"},"sameAs":["http:\/\/www.bellunopress.it","https:\/\/x.com\/bellunopress"],"url":"https:\/\/www.bellunopress.it\/fr\/author\/redazione\/"}]}},"_links":{"self":[{"href":"https:\/\/www.bellunopress.it\/fr\/wp-json\/wp\/v2\/posts\/8392","targetHints":{"allow":["GET"]}}],"collection":[{"href":"https:\/\/www.bellunopress.it\/fr\/wp-json\/wp\/v2\/posts"}],"about":[{"href":"https:\/\/www.bellunopress.it\/fr\/wp-json\/wp\/v2\/types\/post"}],"author":[{"embeddable":true,"href":"https:\/\/www.bellunopress.it\/fr\/wp-json\/wp\/v2\/users\/2"}],"replies":[{"embeddable":true,"href":"https:\/\/www.bellunopress.it\/fr\/wp-json\/wp\/v2\/comments?post=8392"}],"version-history":[{"count":1,"href":"https:\/\/www.bellunopress.it\/fr\/wp-json\/wp\/v2\/posts\/8392\/revisions"}],"predecessor-version":[{"id":8393,"href":"https:\/\/www.bellunopress.it\/fr\/wp-json\/wp\/v2\/posts\/8392\/revisions\/8393"}],"wp:attachment":[{"href":"https:\/\/www.bellunopress.it\/fr\/wp-json\/wp\/v2\/media?parent=8392"}],"wp:term":[{"taxonomy":"category","embeddable":true,"href":"https:\/\/www.bellunopress.it\/fr\/wp-json\/wp\/v2\/categories?post=8392"},{"taxonomy":"post_tag","embeddable":true,"href":"https:\/\/www.bellunopress.it\/fr\/wp-json\/wp\/v2\/tags?post=8392"}],"curies":[{"name":"wp","href":"https:\/\/api.w.org\/{rel}","templated":true}]}}