{"id":8384,"date":"2009-09-24T21:39:23","date_gmt":"2009-09-24T20:39:23","guid":{"rendered":"http:\/\/www.bellunopress.it\/?p=8384"},"modified":"2009-09-25T18:18:37","modified_gmt":"2009-09-25T17:18:37","slug":"la-piu-bella-pista-ciclabile-del-mondo-inaugurata-in-cadore-dal-presidente-galan","status":"publish","type":"post","link":"https:\/\/www.bellunopress.it\/fr\/2009\/09\/24\/la-piu-bella-pista-ciclabile-del-mondo-inaugurata-in-cadore-dal-presidente-galan\/","title":{"rendered":"La pi\u00f9 bella pista ciclabile del mondo inaugurata in Cadore dal presidente Galan"},"content":{"rendered":"<p><a href=\"http:\/\/www.bellunopress.it\/wp-content\/uploads\/2009\/09\/galan-alla-partenza1.jpg\"><img loading=\"lazy\" decoding=\"async\" class=\"alignleft size-medium wp-image-8386\" title=\"galan-alla-partenza\" src=\"http:\/\/www.bellunopress.it\/wp-content\/uploads\/2009\/09\/galan-alla-partenza1.jpg\" alt=\"\" width=\"270\" height=\"202\" \/><\/a>E\u2019 in Cadore, nel Veneto, la pi\u00f9 bella pista ciclabile del mondo. Si chiama \u201cLunga Via delle Dolomiti\u201d e si snoda per oltre 50 chilometri lungo la Valle del Boite, da Cortina d\u2019Ampezzo a Calalzo, costeggiando le Tofane, il Pelmo \u201cCaregon del Padre Eterno\u201d, l\u2019Antelao e alcuni dei pi\u00f9 suggestivi scorci nel cuore di montagne dichiarate patrimonio ambientale dell\u2019umanit\u00e0. La pista \u00e8 stata inaugurata oggi a Vodo di Cadore dal presidente della Regione Giancarlo Galan, al cui fianco c\u2019erano l\u2019assessore alle politiche della mobilit\u00e0 del Veneto Renato Chisso, l\u2019assessore Oscar De Bona, il vicepresidente della Provincia di Belluno Giovanni Piccoli, il consigliere regionale Dario Bond, il coordinatore per il Veneto ed il Trentino della Federazione amici della bicicletta Luciano Renier. \u201cE\u2019 un\u2019opera di serie A e di valore europeo e mondiale \u2013 ha sottolineato Galan \u2013 realizzata grazie alla condivisione e all\u2019impegno delle Comunit\u00e0 locali e della Regione del Veneto, nell\u2019interesse delle Dolomiti, di chi ci abita e di chi viene a godersi queste nostre straordinarie montagne. E\u2019 una pista ciclabile che ha un fascino assoluto, un invito a percorrere il Veneto in maniera diversa, un segno concreto della nostra volont\u00e0 di costruire, per questi territori, un futuro migliore superando la penalizzazione che proviene soprattutto da norme ancora diseguali e in attesa di un federalismo fiscale che si faccia concretezza, uscendo dal limbo di principi troppo a lungo solo enunciati\u201d. \u201cEd \u00e8 anche una pista facile \u2013 ha commentato un Galan un po\u2019 affannato dopo averla percorsa in bicicletta per circa 10 chilometri assieme a Chisso e ai soci della FIAB da Vodo a Valle di Cadore \u2013 perch\u00e9 se ce l\u2019ho fatta io, che non sono abituato alle due ruote, ce la\u00a0 pu\u00f2 fare davvero chiunque\u201d. A Valle il Presidente della Regione ha inaugurato un centro polivalente, realizzato con finanziamento regionale accanto al tracciato ciclabile, che funger\u00e0 da punto d\u2019incontro, sala riunioni, spazio per mostre e manifestazioni.<br \/>\nLa Lunga Via delle Dolomiti non \u00e8 per\u00f2 un elemento a s\u00e9 stante, perch\u00e9 rientra in una rete cicloturistica ed escursionistica che gi\u00e0 ora pu\u00f2 contare su 400 km protetti e che arriver\u00e0 a mille km, collegando il Veneto con l\u2019Europa e le Regioni vicine. La stessa Lunga Via sar\u00e0 un tratto di un collegamento per gli amanti delle due ruote che da Klagenfurt potr\u00e0 arrivare a Venezia. Ora si tratta di andare avanti, ad esempio attrezzando i treni per portare i ciclisti con le loro bici a Calalzo: non \u00e8 mancato in proposito un invito di Galan a Chisso perch\u00e9 solleciti opportunamente le Ferrovie dello Stato e il loro amministratore delegato Mario Moretti. \u201cE in ogni caso il bellunese e il Cadore \u2013 ha aggiunto Galan \u2013 hanno bisogno di strade e di rotaie. Noi continuiamo a lavorare per questo, tenuto conto che il Veneto \u00e8 l\u2019unica regione italiana dell\u2019arco alpino che non abbia uno sbocco a Nord all\u2019altezza della sua realt\u00e0\u201d.<\/p>","protected":false},"excerpt":{"rendered":"<p>E\u2019 in Cadore, nel Veneto, la pi\u00f9 bella pista ciclabile del mondo. Si chiama \u201cLunga Via delle Dolomiti\u201d e si snoda per oltre 50 chilometri lungo la Valle del Boite, da Cortina d\u2019Ampezzo a Calalzo, costeggiando le Tofane, il Pelmo \u201cCaregon del Padre Eterno\u201d, l\u2019Antelao e alcuni dei pi\u00f9 suggestivi scorci nel cuore di montagne [&hellip;]<\/p>\n","protected":false},"author":2,"featured_media":0,"comment_status":"closed","ping_status":"open","sticky":false,"template":"","format":"standard","meta":{"footnotes":""},"categories":[5,26],"tags":[139,151,63],"class_list":["post-8384","post","type-post","status-publish","format-standard","category-cronaca","category-prima-pagina","tag-belluno","tag-cadore","tag-dolomiti"],"yoast_head":"<!-- This site is optimized with the Yoast SEO plugin v28.4 - https:\/\/yoast.com\/product\/yoast-seo-wordpress\/ -->\n<title>La pi\u00f9 bella pista ciclabile del mondo inaugurata in Cadore dal presidente Galan - Bellunopress - Dolomiti<\/title>\n<meta name=\"robots\" content=\"index, follow, max-snippet:-1, max-image-preview:large, max-video-preview:-1\" \/>\n<link rel=\"canonical\" href=\"https:\/\/www.bellunopress.it\/fr\/2009\/09\/24\/la-piu-bella-pista-ciclabile-del-mondo-inaugurata-in-cadore-dal-presidente-galan\/\" \/>\n<meta property=\"og:locale\" content=\"fr_FR\" \/>\n<meta property=\"og:type\" content=\"article\" \/>\n<meta property=\"og:title\" content=\"La pi\u00f9 bella pista ciclabile del mondo inaugurata in Cadore dal presidente Galan - Bellunopress - Dolomiti\" \/>\n<meta property=\"og:description\" content=\"E\u2019 in Cadore, nel Veneto, la pi\u00f9 bella pista ciclabile del mondo. Si chiama \u201cLunga Via delle Dolomiti\u201d e si snoda per oltre 50 chilometri lungo la Valle del Boite, da Cortina d\u2019Ampezzo a Calalzo, costeggiando le Tofane, il Pelmo \u201cCaregon del Padre Eterno\u201d, l\u2019Antelao e alcuni dei pi\u00f9 suggestivi scorci nel cuore di montagne [&hellip;]\" \/>\n<meta property=\"og:url\" content=\"https:\/\/www.bellunopress.it\/fr\/2009\/09\/24\/la-piu-bella-pista-ciclabile-del-mondo-inaugurata-in-cadore-dal-presidente-galan\/\" \/>\n<meta property=\"og:site_name\" content=\"Bellunopress - Dolomiti\" \/>\n<meta property=\"article:publisher\" content=\"https:\/\/www.facebook.com\/profile.php?id=100008943462799\" \/>\n<meta property=\"article:published_time\" content=\"2009-09-24T20:39:23+00:00\" \/>\n<meta property=\"article:modified_time\" content=\"2009-09-25T17:18:37+00:00\" \/>\n<meta property=\"og:image\" content=\"http:\/\/www.bellunopress.it\/wp-content\/uploads\/2009\/09\/galan-alla-partenza1.jpg\" \/>\n<meta name=\"author\" content=\"redazione\" \/>\n<meta name=\"twitter:card\" content=\"summary_large_image\" \/>\n<meta name=\"twitter:creator\" content=\"@bellunopress\" \/>\n<meta name=\"twitter:site\" content=\"@bellunopress\" \/>\n<meta name=\"twitter:label1\" content=\"\u00c9crit par\" \/>\n\t<meta name=\"twitter:data1\" content=\"redazione\" \/>\n\t<meta name=\"twitter:label2\" content=\"Dur\u00e9e de lecture estim\u00e9e\" \/>\n\t<meta name=\"twitter:data2\" content=\"2 minutes\" \/>\n<script type=\"application\/ld+json\" class=\"yoast-schema-graph\">{\"@context\":\"https:\\\/\\\/schema.org\",\"@graph\":[{\"@type\":\"Article\",\"@id\":\"https:\\\/\\\/www.bellunopress.it\\\/2009\\\/09\\\/24\\\/la-piu-bella-pista-ciclabile-del-mondo-inaugurata-in-cadore-dal-presidente-galan\\\/#article\",\"isPartOf\":{\"@id\":\"https:\\\/\\\/www.bellunopress.it\\\/2009\\\/09\\\/24\\\/la-piu-bella-pista-ciclabile-del-mondo-inaugurata-in-cadore-dal-presidente-galan\\\/\"},\"author\":{\"name\":\"redazione\",\"@id\":\"https:\\\/\\\/www.bellunopress.it\\\/#\\\/schema\\\/person\\\/79bb06722b37ece1c03d3e94beb30d73\"},\"headline\":\"La pi\u00f9 bella pista ciclabile del mondo inaugurata in Cadore dal presidente Galan\",\"datePublished\":\"2009-09-24T20:39:23+00:00\",\"dateModified\":\"2009-09-25T17:18:37+00:00\",\"mainEntityOfPage\":{\"@id\":\"https:\\\/\\\/www.bellunopress.it\\\/2009\\\/09\\\/24\\\/la-piu-bella-pista-ciclabile-del-mondo-inaugurata-in-cadore-dal-presidente-galan\\\/\"},\"wordCount\":495,\"publisher\":{\"@id\":\"https:\\\/\\\/www.bellunopress.it\\\/#organization\"},\"image\":{\"@id\":\"https:\\\/\\\/www.bellunopress.it\\\/2009\\\/09\\\/24\\\/la-piu-bella-pista-ciclabile-del-mondo-inaugurata-in-cadore-dal-presidente-galan\\\/#primaryimage\"},\"thumbnailUrl\":\"http:\\\/\\\/www.bellunopress.it\\\/wp-content\\\/uploads\\\/2009\\\/09\\\/galan-alla-partenza1.jpg\",\"keywords\":[\"Belluno\",\"Cadore\",\"Dolomiti\"],\"articleSection\":[\"Cronaca\\\/Politica\",\"Prima Pagina\"],\"inLanguage\":\"fr-FR\"},{\"@type\":\"WebPage\",\"@id\":\"https:\\\/\\\/www.bellunopress.it\\\/2009\\\/09\\\/24\\\/la-piu-bella-pista-ciclabile-del-mondo-inaugurata-in-cadore-dal-presidente-galan\\\/\",\"url\":\"https:\\\/\\\/www.bellunopress.it\\\/2009\\\/09\\\/24\\\/la-piu-bella-pista-ciclabile-del-mondo-inaugurata-in-cadore-dal-presidente-galan\\\/\",\"name\":\"La pi\u00f9 bella pista ciclabile del mondo inaugurata in Cadore dal presidente Galan - Bellunopress - Dolomiti\",\"isPartOf\":{\"@id\":\"https:\\\/\\\/www.bellunopress.it\\\/#website\"},\"primaryImageOfPage\":{\"@id\":\"https:\\\/\\\/www.bellunopress.it\\\/2009\\\/09\\\/24\\\/la-piu-bella-pista-ciclabile-del-mondo-inaugurata-in-cadore-dal-presidente-galan\\\/#primaryimage\"},\"image\":{\"@id\":\"https:\\\/\\\/www.bellunopress.it\\\/2009\\\/09\\\/24\\\/la-piu-bella-pista-ciclabile-del-mondo-inaugurata-in-cadore-dal-presidente-galan\\\/#primaryimage\"},\"thumbnailUrl\":\"http:\\\/\\\/www.bellunopress.it\\\/wp-content\\\/uploads\\\/2009\\\/09\\\/galan-alla-partenza1.jpg\",\"datePublished\":\"2009-09-24T20:39:23+00:00\",\"dateModified\":\"2009-09-25T17:18:37+00:00\",\"breadcrumb\":{\"@id\":\"https:\\\/\\\/www.bellunopress.it\\\/2009\\\/09\\\/24\\\/la-piu-bella-pista-ciclabile-del-mondo-inaugurata-in-cadore-dal-presidente-galan\\\/#breadcrumb\"},\"inLanguage\":\"fr-FR\",\"potentialAction\":[{\"@type\":\"ReadAction\",\"target\":[\"https:\\\/\\\/www.bellunopress.it\\\/2009\\\/09\\\/24\\\/la-piu-bella-pista-ciclabile-del-mondo-inaugurata-in-cadore-dal-presidente-galan\\\/\"]}]},{\"@type\":\"ImageObject\",\"inLanguage\":\"fr-FR\",\"@id\":\"https:\\\/\\\/www.bellunopress.it\\\/2009\\\/09\\\/24\\\/la-piu-bella-pista-ciclabile-del-mondo-inaugurata-in-cadore-dal-presidente-galan\\\/#primaryimage\",\"url\":\"http:\\\/\\\/www.bellunopress.it\\\/wp-content\\\/uploads\\\/2009\\\/09\\\/galan-alla-partenza1.jpg\",\"contentUrl\":\"http:\\\/\\\/www.bellunopress.it\\\/wp-content\\\/uploads\\\/2009\\\/09\\\/galan-alla-partenza1.jpg\"},{\"@type\":\"BreadcrumbList\",\"@id\":\"https:\\\/\\\/www.bellunopress.it\\\/2009\\\/09\\\/24\\\/la-piu-bella-pista-ciclabile-del-mondo-inaugurata-in-cadore-dal-presidente-galan\\\/#breadcrumb\",\"itemListElement\":[{\"@type\":\"ListItem\",\"position\":1,\"name\":\"Home\",\"item\":\"https:\\\/\\\/www.bellunopress.it\\\/\"},{\"@type\":\"ListItem\",\"position\":2,\"name\":\"La pi\u00f9 bella pista ciclabile del mondo inaugurata in Cadore dal presidente Galan\"}]},{\"@type\":\"WebSite\",\"@id\":\"https:\\\/\\\/www.bellunopress.it\\\/#website\",\"url\":\"https:\\\/\\\/www.bellunopress.it\\\/\",\"name\":\"Bellunopress - Dolomiti\",\"description\":\"e-mail: redazione@bellunopress.it\",\"publisher\":{\"@id\":\"https:\\\/\\\/www.bellunopress.it\\\/#organization\"},\"potentialAction\":[{\"@type\":\"SearchAction\",\"target\":{\"@type\":\"EntryPoint\",\"urlTemplate\":\"https:\\\/\\\/www.bellunopress.it\\\/?s={search_term_string}\"},\"query-input\":{\"@type\":\"PropertyValueSpecification\",\"valueRequired\":true,\"valueName\":\"search_term_string\"}}],\"inLanguage\":\"fr-FR\"},{\"@type\":\"Organization\",\"@id\":\"https:\\\/\\\/www.bellunopress.it\\\/#organization\",\"name\":\"Bellunopress\",\"url\":\"https:\\\/\\\/www.bellunopress.it\\\/\",\"logo\":{\"@type\":\"ImageObject\",\"inLanguage\":\"fr-FR\",\"@id\":\"https:\\\/\\\/www.bellunopress.it\\\/#\\\/schema\\\/logo\\\/image\\\/\",\"url\":\"https:\\\/\\\/www.bellunopress.it\\\/wp-content\\\/uploads\\\/2011\\\/05\\\/cropped-logo-bellunopress-.jpg\",\"contentUrl\":\"https:\\\/\\\/www.bellunopress.it\\\/wp-content\\\/uploads\\\/2011\\\/05\\\/cropped-logo-bellunopress-.jpg\",\"width\":512,\"height\":512,\"caption\":\"Bellunopress\"},\"image\":{\"@id\":\"https:\\\/\\\/www.bellunopress.it\\\/#\\\/schema\\\/logo\\\/image\\\/\"},\"sameAs\":[\"https:\\\/\\\/www.facebook.com\\\/profile.php?id=100008943462799\",\"https:\\\/\\\/x.com\\\/bellunopress\",\"https:\\\/\\\/www.linkedin.com\\\/hp\\\/?dnr=JBzUWaJfMUw8vbXJJ2tVW5-I3jZKvC4wsoxE&amp;amp;amp;amp;amp;amp;trk=nav_responsive_tab_home\",\"https:\\\/\\\/www.youtube.com\\\/channel\\\/UCxL0wu1uN0_3_7hGG0306cw\"]},{\"@type\":\"Person\",\"@id\":\"https:\\\/\\\/www.bellunopress.it\\\/#\\\/schema\\\/person\\\/79bb06722b37ece1c03d3e94beb30d73\",\"name\":\"redazione\",\"image\":{\"@type\":\"ImageObject\",\"inLanguage\":\"fr-FR\",\"@id\":\"https:\\\/\\\/secure.gravatar.com\\\/avatar\\\/37d968a2e67a6fd04c169c4bdef102d0bc5d31b2546345219e348575eb80e9a0?s=96&d=mm&r=g\",\"url\":\"https:\\\/\\\/secure.gravatar.com\\\/avatar\\\/37d968a2e67a6fd04c169c4bdef102d0bc5d31b2546345219e348575eb80e9a0?s=96&d=mm&r=g\",\"contentUrl\":\"https:\\\/\\\/secure.gravatar.com\\\/avatar\\\/37d968a2e67a6fd04c169c4bdef102d0bc5d31b2546345219e348575eb80e9a0?s=96&d=mm&r=g\",\"caption\":\"redazione\"},\"sameAs\":[\"http:\\\/\\\/www.bellunopress.it\",\"https:\\\/\\\/x.com\\\/bellunopress\"],\"url\":\"https:\\\/\\\/www.bellunopress.it\\\/fr\\\/author\\\/redazione\\\/\"}]}<\/script>\n<!-- \/ Yoast SEO plugin. -->","yoast_head_json":{"title":"La pi\u00f9 bella pista ciclabile del mondo inaugurata in Cadore dal presidente Galan - Bellunopress - Dolomiti","robots":{"index":"index","follow":"follow","max-snippet":"max-snippet:-1","max-image-preview":"max-image-preview:large","max-video-preview":"max-video-preview:-1"},"canonical":"https:\/\/www.bellunopress.it\/fr\/2009\/09\/24\/la-piu-bella-pista-ciclabile-del-mondo-inaugurata-in-cadore-dal-presidente-galan\/","og_locale":"fr_FR","og_type":"article","og_title":"La pi\u00f9 bella pista ciclabile del mondo inaugurata in Cadore dal presidente Galan - Bellunopress - Dolomiti","og_description":"E\u2019 in Cadore, nel Veneto, la pi\u00f9 bella pista ciclabile del mondo. Si chiama \u201cLunga Via delle Dolomiti\u201d e si snoda per oltre 50 chilometri lungo la Valle del Boite, da Cortina d\u2019Ampezzo a Calalzo, costeggiando le Tofane, il Pelmo \u201cCaregon del Padre Eterno\u201d, l\u2019Antelao e alcuni dei pi\u00f9 suggestivi scorci nel cuore di montagne [&hellip;]","og_url":"https:\/\/www.bellunopress.it\/fr\/2009\/09\/24\/la-piu-bella-pista-ciclabile-del-mondo-inaugurata-in-cadore-dal-presidente-galan\/","og_site_name":"Bellunopress - Dolomiti","article_publisher":"https:\/\/www.facebook.com\/profile.php?id=100008943462799","article_published_time":"2009-09-24T20:39:23+00:00","article_modified_time":"2009-09-25T17:18:37+00:00","og_image":[{"url":"http:\/\/www.bellunopress.it\/wp-content\/uploads\/2009\/09\/galan-alla-partenza1.jpg","type":"","width":"","height":""}],"author":"redazione","twitter_card":"summary_large_image","twitter_creator":"@bellunopress","twitter_site":"@bellunopress","twitter_misc":{"\u00c9crit par":"redazione","Dur\u00e9e de lecture estim\u00e9e":"2 minutes"},"schema":{"@context":"https:\/\/schema.org","@graph":[{"@type":"Article","@id":"https:\/\/www.bellunopress.it\/2009\/09\/24\/la-piu-bella-pista-ciclabile-del-mondo-inaugurata-in-cadore-dal-presidente-galan\/#article","isPartOf":{"@id":"https:\/\/www.bellunopress.it\/2009\/09\/24\/la-piu-bella-pista-ciclabile-del-mondo-inaugurata-in-cadore-dal-presidente-galan\/"},"author":{"name":"redazione","@id":"https:\/\/www.bellunopress.it\/#\/schema\/person\/79bb06722b37ece1c03d3e94beb30d73"},"headline":"La pi\u00f9 bella pista ciclabile del mondo inaugurata in Cadore dal presidente Galan","datePublished":"2009-09-24T20:39:23+00:00","dateModified":"2009-09-25T17:18:37+00:00","mainEntityOfPage":{"@id":"https:\/\/www.bellunopress.it\/2009\/09\/24\/la-piu-bella-pista-ciclabile-del-mondo-inaugurata-in-cadore-dal-presidente-galan\/"},"wordCount":495,"publisher":{"@id":"https:\/\/www.bellunopress.it\/#organization"},"image":{"@id":"https:\/\/www.bellunopress.it\/2009\/09\/24\/la-piu-bella-pista-ciclabile-del-mondo-inaugurata-in-cadore-dal-presidente-galan\/#primaryimage"},"thumbnailUrl":"http:\/\/www.bellunopress.it\/wp-content\/uploads\/2009\/09\/galan-alla-partenza1.jpg","keywords":["Belluno","Cadore","Dolomiti"],"articleSection":["Cronaca\/Politica","Prima Pagina"],"inLanguage":"fr-FR"},{"@type":"WebPage","@id":"https:\/\/www.bellunopress.it\/2009\/09\/24\/la-piu-bella-pista-ciclabile-del-mondo-inaugurata-in-cadore-dal-presidente-galan\/","url":"https:\/\/www.bellunopress.it\/2009\/09\/24\/la-piu-bella-pista-ciclabile-del-mondo-inaugurata-in-cadore-dal-presidente-galan\/","name":"La pi\u00f9 bella pista ciclabile del mondo inaugurata in Cadore dal presidente Galan - Bellunopress - Dolomiti","isPartOf":{"@id":"https:\/\/www.bellunopress.it\/#website"},"primaryImageOfPage":{"@id":"https:\/\/www.bellunopress.it\/2009\/09\/24\/la-piu-bella-pista-ciclabile-del-mondo-inaugurata-in-cadore-dal-presidente-galan\/#primaryimage"},"image":{"@id":"https:\/\/www.bellunopress.it\/2009\/09\/24\/la-piu-bella-pista-ciclabile-del-mondo-inaugurata-in-cadore-dal-presidente-galan\/#primaryimage"},"thumbnailUrl":"http:\/\/www.bellunopress.it\/wp-content\/uploads\/2009\/09\/galan-alla-partenza1.jpg","datePublished":"2009-09-24T20:39:23+00:00","dateModified":"2009-09-25T17:18:37+00:00","breadcrumb":{"@id":"https:\/\/www.bellunopress.it\/2009\/09\/24\/la-piu-bella-pista-ciclabile-del-mondo-inaugurata-in-cadore-dal-presidente-galan\/#breadcrumb"},"inLanguage":"fr-FR","potentialAction":[{"@type":"ReadAction","target":["https:\/\/www.bellunopress.it\/2009\/09\/24\/la-piu-bella-pista-ciclabile-del-mondo-inaugurata-in-cadore-dal-presidente-galan\/"]}]},{"@type":"ImageObject","inLanguage":"fr-FR","@id":"https:\/\/www.bellunopress.it\/2009\/09\/24\/la-piu-bella-pista-ciclabile-del-mondo-inaugurata-in-cadore-dal-presidente-galan\/#primaryimage","url":"http:\/\/www.bellunopress.it\/wp-content\/uploads\/2009\/09\/galan-alla-partenza1.jpg","contentUrl":"http:\/\/www.bellunopress.it\/wp-content\/uploads\/2009\/09\/galan-alla-partenza1.jpg"},{"@type":"BreadcrumbList","@id":"https:\/\/www.bellunopress.it\/2009\/09\/24\/la-piu-bella-pista-ciclabile-del-mondo-inaugurata-in-cadore-dal-presidente-galan\/#breadcrumb","itemListElement":[{"@type":"ListItem","position":1,"name":"Home","item":"https:\/\/www.bellunopress.it\/"},{"@type":"ListItem","position":2,"name":"La pi\u00f9 bella pista ciclabile del mondo inaugurata in Cadore dal presidente Galan"}]},{"@type":"WebSite","@id":"https:\/\/www.bellunopress.it\/#website","url":"https:\/\/www.bellunopress.it\/","name":"Bellunopress - Dolomiti","description":"e-mail: redazione@bellunopress.it","publisher":{"@id":"https:\/\/www.bellunopress.it\/#organization"},"potentialAction":[{"@type":"SearchAction","target":{"@type":"EntryPoint","urlTemplate":"https:\/\/www.bellunopress.it\/?s={search_term_string}"},"query-input":{"@type":"PropertyValueSpecification","valueRequired":true,"valueName":"search_term_string"}}],"inLanguage":"fr-FR"},{"@type":"Organization","@id":"https:\/\/www.bellunopress.it\/#organization","name":"Bellunopress","url":"https:\/\/www.bellunopress.it\/","logo":{"@type":"ImageObject","inLanguage":"fr-FR","@id":"https:\/\/www.bellunopress.it\/#\/schema\/logo\/image\/","url":"https:\/\/www.bellunopress.it\/wp-content\/uploads\/2011\/05\/cropped-logo-bellunopress-.jpg","contentUrl":"https:\/\/www.bellunopress.it\/wp-content\/uploads\/2011\/05\/cropped-logo-bellunopress-.jpg","width":512,"height":512,"caption":"Bellunopress"},"image":{"@id":"https:\/\/www.bellunopress.it\/#\/schema\/logo\/image\/"},"sameAs":["https:\/\/www.facebook.com\/profile.php?id=100008943462799","https:\/\/x.com\/bellunopress","https:\/\/www.linkedin.com\/hp\/?dnr=JBzUWaJfMUw8vbXJJ2tVW5-I3jZKvC4wsoxE&amp;amp;amp;amp;amp;amp;trk=nav_responsive_tab_home","https:\/\/www.youtube.com\/channel\/UCxL0wu1uN0_3_7hGG0306cw"]},{"@type":"Person","@id":"https:\/\/www.bellunopress.it\/#\/schema\/person\/79bb06722b37ece1c03d3e94beb30d73","name":"r\u00e9daction","image":{"@type":"ImageObject","inLanguage":"fr-FR","@id":"https:\/\/secure.gravatar.com\/avatar\/37d968a2e67a6fd04c169c4bdef102d0bc5d31b2546345219e348575eb80e9a0?s=96&d=mm&r=g","url":"https:\/\/secure.gravatar.com\/avatar\/37d968a2e67a6fd04c169c4bdef102d0bc5d31b2546345219e348575eb80e9a0?s=96&d=mm&r=g","contentUrl":"https:\/\/secure.gravatar.com\/avatar\/37d968a2e67a6fd04c169c4bdef102d0bc5d31b2546345219e348575eb80e9a0?s=96&d=mm&r=g","caption":"redazione"},"sameAs":["http:\/\/www.bellunopress.it","https:\/\/x.com\/bellunopress"],"url":"https:\/\/www.bellunopress.it\/fr\/author\/redazione\/"}]}},"_links":{"self":[{"href":"https:\/\/www.bellunopress.it\/fr\/wp-json\/wp\/v2\/posts\/8384","targetHints":{"allow":["GET"]}}],"collection":[{"href":"https:\/\/www.bellunopress.it\/fr\/wp-json\/wp\/v2\/posts"}],"about":[{"href":"https:\/\/www.bellunopress.it\/fr\/wp-json\/wp\/v2\/types\/post"}],"author":[{"embeddable":true,"href":"https:\/\/www.bellunopress.it\/fr\/wp-json\/wp\/v2\/users\/2"}],"replies":[{"embeddable":true,"href":"https:\/\/www.bellunopress.it\/fr\/wp-json\/wp\/v2\/comments?post=8384"}],"version-history":[{"count":2,"href":"https:\/\/www.bellunopress.it\/fr\/wp-json\/wp\/v2\/posts\/8384\/revisions"}],"predecessor-version":[{"id":8402,"href":"https:\/\/www.bellunopress.it\/fr\/wp-json\/wp\/v2\/posts\/8384\/revisions\/8402"}],"wp:attachment":[{"href":"https:\/\/www.bellunopress.it\/fr\/wp-json\/wp\/v2\/media?parent=8384"}],"wp:term":[{"taxonomy":"category","embeddable":true,"href":"https:\/\/www.bellunopress.it\/fr\/wp-json\/wp\/v2\/categories?post=8384"},{"taxonomy":"post_tag","embeddable":true,"href":"https:\/\/www.bellunopress.it\/fr\/wp-json\/wp\/v2\/tags?post=8384"}],"curies":[{"name":"wp","href":"https:\/\/api.w.org\/{rel}","templated":true}]}}