{"id":8379,"date":"2009-09-24T18:36:06","date_gmt":"2009-09-24T17:36:06","guid":{"rendered":"http:\/\/www.bellunopress.it\/?p=8379"},"modified":"2009-09-24T18:36:06","modified_gmt":"2009-09-24T17:36:06","slug":"inaugurate-questa-mattina-le-nuove-gabelli-al-parco-citta-di-bologna","status":"publish","type":"post","link":"https:\/\/www.bellunopress.it\/fr\/2009\/09\/24\/inaugurate-questa-mattina-le-nuove-gabelli-al-parco-citta-di-bologna\/","title":{"rendered":"Inaugurate questa mattina le nuove Gabelli al Parco &#8220;Citt\u00e0 di Bologna&#8221;"},"content":{"rendered":"<figure id=\"attachment_8381\" aria-describedby=\"caption-attachment-8381\" style=\"width: 270px\" class=\"wp-caption alignleft\"><a href=\"http:\/\/www.bellunopress.it\/wp-content\/uploads\/2009\/09\/inauguraz-gabelli-michele-carbogno.jpg\"><img loading=\"lazy\" decoding=\"async\" class=\"size-medium wp-image-8381\" title=\"inauguraz-gabelli-michele-carbogno\" src=\"http:\/\/www.bellunopress.it\/wp-content\/uploads\/2009\/09\/inauguraz-gabelli-michele-carbogno.jpg\" alt=\"Michele Carbogno\" width=\"270\" height=\"270\" srcset=\"https:\/\/www.bellunopress.it\/wp-content\/uploads\/2009\/09\/inauguraz-gabelli-michele-carbogno.jpg 270w, https:\/\/www.bellunopress.it\/wp-content\/uploads\/2009\/09\/inauguraz-gabelli-michele-carbogno-150x150.jpg 150w\" sizes=\"auto, (max-width: 270px) 100vw, 270px\" \/><\/a><figcaption id=\"caption-attachment-8381\" class=\"wp-caption-text\">Michele Carbogno<\/figcaption><\/figure>\n<p>Edificate in tempi record con la spesa di circa 1,3 milioni di euro, sono state inaugurate questa mattina alle 10 le nuove scuole elementari Gabelli al Parco &#8220;Citt\u00e0 di Bologna&#8221;. Dopo il discorso del sindaco di Belluno, Antonio Prade, \u00e8 intervenuto l&#8217;assessore all&#8217;Edilizia scolastica Michele Carbogno, occhiali scuri anche se il sole era alle sue spalle, completino nero senza cravatta in un perfetto look da discoteca, l&#8217;assessore provinciale all&#8217;Edilizia scolastica Lorenza De Kunovich, pure lei nascosta dietro gli occhiali scuri; c&#8217;era l&#8217;assessore regionale Oscar De Bona che ha parlato anche a nome del collega Giorgetti che era atteso per il taglio del nastro, ma che non ha potuto presenziare alla cerimonia perch\u00e9 impegnato.\u00a0 Il direttore didattico Fulvio De Bon ha fatto notare ai ragazzini alcune analogie tra le &#8220;vecchie&#8221; Gabelli e il nuovo prefabbricato, le ampie superfici vetrate, i davanzali bassi che consentono una maggior visuale esterna e il verde che le circonda.<\/p>\n<figure id=\"attachment_8382\" aria-describedby=\"caption-attachment-8382\" style=\"width: 270px\" class=\"wp-caption alignright\"><a href=\"http:\/\/www.bellunopress.it\/wp-content\/uploads\/2009\/09\/inauguraz-gabelli-de-kunovich.jpg\"><img loading=\"lazy\" decoding=\"async\" class=\"size-medium wp-image-8382\" title=\"inauguraz-gabelli-de-kunovich\" src=\"http:\/\/www.bellunopress.it\/wp-content\/uploads\/2009\/09\/inauguraz-gabelli-de-kunovich.jpg\" alt=\"Lorenza De Kunovich\" width=\"270\" height=\"270\" srcset=\"https:\/\/www.bellunopress.it\/wp-content\/uploads\/2009\/09\/inauguraz-gabelli-de-kunovich.jpg 270w, https:\/\/www.bellunopress.it\/wp-content\/uploads\/2009\/09\/inauguraz-gabelli-de-kunovich-150x150.jpg 150w\" sizes=\"auto, (max-width: 270px) 100vw, 270px\" \/><\/a><figcaption id=\"caption-attachment-8382\" class=\"wp-caption-text\">Lorenza De Kunovich<\/figcaption><\/figure>\n<p>\u00a0Elementi che erano innovativi per gli anni &#8217;30 quando furono edificate le scuole Gabelli, che sono stati mantenuti anche nella nuova palazzina. A rappresentare la Fondazione Cariverona, che ha contribuito con la Regione alla copertura finanziaria, c&#8217;era il consigliere Paolo Conte. Don Rinaldo De Menech ha ricordato le elementari dei suoi tempi. Erano presenti le autorit\u00e0 civili e militari, il prefetto, il questore e i comandanti dei Corpi armati dello Stato. Oltre ai ragazzini delle classi, le maestre, i genitori e molti bellunesi intervenuti all&#8217;evento. In chiusura, brindisi con buffet.<\/p>","protected":false},"excerpt":{"rendered":"<p>Edificate in tempi record con la spesa di circa 1,3 milioni di euro, sono state inaugurate questa mattina alle 10 le nuove scuole elementari Gabelli al Parco &#8220;Citt\u00e0 di Bologna&#8221;. Dopo il discorso del sindaco di Belluno, Antonio Prade, \u00e8 intervenuto l&#8217;assessore all&#8217;Edilizia scolastica Michele Carbogno, occhiali scuri anche se il sole era alle sue [&hellip;]<\/p>\n","protected":false},"author":2,"featured_media":0,"comment_status":"closed","ping_status":"open","sticky":false,"template":"","format":"standard","meta":{"footnotes":""},"categories":[5,15],"tags":[139],"class_list":["post-8379","post","type-post","status-publish","format-standard","category-cronaca","category-scuola","tag-belluno"],"yoast_head":"<!-- This site is optimized with the Yoast SEO plugin v28.4 - https:\/\/yoast.com\/product\/yoast-seo-wordpress\/ -->\n<title>Inaugurate questa mattina le nuove Gabelli al Parco &quot;Citt\u00e0 di Bologna&quot; - Bellunopress - Dolomiti<\/title>\n<meta name=\"robots\" content=\"index, follow, max-snippet:-1, max-image-preview:large, max-video-preview:-1\" \/>\n<link rel=\"canonical\" href=\"https:\/\/www.bellunopress.it\/fr\/2009\/09\/24\/inaugurate-questa-mattina-le-nuove-gabelli-al-parco-citta-di-bologna\/\" \/>\n<meta property=\"og:locale\" content=\"fr_FR\" \/>\n<meta property=\"og:type\" content=\"article\" \/>\n<meta property=\"og:title\" content=\"Inaugurate questa mattina le nuove Gabelli al Parco &quot;Citt\u00e0 di Bologna&quot; - Bellunopress - Dolomiti\" \/>\n<meta property=\"og:description\" content=\"Edificate in tempi record con la spesa di circa 1,3 milioni di euro, sono state inaugurate questa mattina alle 10 le nuove scuole elementari Gabelli al Parco &#8220;Citt\u00e0 di Bologna&#8221;. Dopo il discorso del sindaco di Belluno, Antonio Prade, \u00e8 intervenuto l&#8217;assessore all&#8217;Edilizia scolastica Michele Carbogno, occhiali scuri anche se il sole era alle sue [&hellip;]\" \/>\n<meta property=\"og:url\" content=\"https:\/\/www.bellunopress.it\/fr\/2009\/09\/24\/inaugurate-questa-mattina-le-nuove-gabelli-al-parco-citta-di-bologna\/\" \/>\n<meta property=\"og:site_name\" content=\"Bellunopress - Dolomiti\" \/>\n<meta property=\"article:publisher\" content=\"https:\/\/www.facebook.com\/profile.php?id=100008943462799\" \/>\n<meta property=\"article:published_time\" content=\"2009-09-24T17:36:06+00:00\" \/>\n<meta property=\"og:image\" content=\"http:\/\/www.bellunopress.it\/wp-content\/uploads\/2009\/09\/inauguraz-gabelli-michele-carbogno.jpg\" \/>\n<meta name=\"author\" content=\"redazione\" \/>\n<meta name=\"twitter:card\" content=\"summary_large_image\" \/>\n<meta name=\"twitter:creator\" content=\"@bellunopress\" \/>\n<meta name=\"twitter:site\" content=\"@bellunopress\" \/>\n<meta name=\"twitter:label1\" content=\"\u00c9crit par\" \/>\n\t<meta name=\"twitter:data1\" content=\"redazione\" \/>\n\t<meta name=\"twitter:label2\" content=\"Dur\u00e9e de lecture estim\u00e9e\" \/>\n\t<meta name=\"twitter:data2\" content=\"1 minute\" \/>\n<script type=\"application\/ld+json\" class=\"yoast-schema-graph\">{\"@context\":\"https:\\\/\\\/schema.org\",\"@graph\":[{\"@type\":\"Article\",\"@id\":\"https:\\\/\\\/www.bellunopress.it\\\/2009\\\/09\\\/24\\\/inaugurate-questa-mattina-le-nuove-gabelli-al-parco-citta-di-bologna\\\/#article\",\"isPartOf\":{\"@id\":\"https:\\\/\\\/www.bellunopress.it\\\/2009\\\/09\\\/24\\\/inaugurate-questa-mattina-le-nuove-gabelli-al-parco-citta-di-bologna\\\/\"},\"author\":{\"name\":\"redazione\",\"@id\":\"https:\\\/\\\/www.bellunopress.it\\\/#\\\/schema\\\/person\\\/79bb06722b37ece1c03d3e94beb30d73\"},\"headline\":\"Inaugurate questa mattina le nuove Gabelli al Parco &#8220;Citt\u00e0 di Bologna&#8221;\",\"datePublished\":\"2009-09-24T17:36:06+00:00\",\"mainEntityOfPage\":{\"@id\":\"https:\\\/\\\/www.bellunopress.it\\\/2009\\\/09\\\/24\\\/inaugurate-questa-mattina-le-nuove-gabelli-al-parco-citta-di-bologna\\\/\"},\"wordCount\":279,\"publisher\":{\"@id\":\"https:\\\/\\\/www.bellunopress.it\\\/#organization\"},\"image\":{\"@id\":\"https:\\\/\\\/www.bellunopress.it\\\/2009\\\/09\\\/24\\\/inaugurate-questa-mattina-le-nuove-gabelli-al-parco-citta-di-bologna\\\/#primaryimage\"},\"thumbnailUrl\":\"http:\\\/\\\/www.bellunopress.it\\\/wp-content\\\/uploads\\\/2009\\\/09\\\/inauguraz-gabelli-michele-carbogno.jpg\",\"keywords\":[\"Belluno\"],\"articleSection\":[\"Cronaca\\\/Politica\",\"Scuola\"],\"inLanguage\":\"fr-FR\"},{\"@type\":\"WebPage\",\"@id\":\"https:\\\/\\\/www.bellunopress.it\\\/2009\\\/09\\\/24\\\/inaugurate-questa-mattina-le-nuove-gabelli-al-parco-citta-di-bologna\\\/\",\"url\":\"https:\\\/\\\/www.bellunopress.it\\\/2009\\\/09\\\/24\\\/inaugurate-questa-mattina-le-nuove-gabelli-al-parco-citta-di-bologna\\\/\",\"name\":\"Inaugurate questa mattina le nuove Gabelli al Parco \\\"Citt\u00e0 di Bologna\\\" - Bellunopress - Dolomiti\",\"isPartOf\":{\"@id\":\"https:\\\/\\\/www.bellunopress.it\\\/#website\"},\"primaryImageOfPage\":{\"@id\":\"https:\\\/\\\/www.bellunopress.it\\\/2009\\\/09\\\/24\\\/inaugurate-questa-mattina-le-nuove-gabelli-al-parco-citta-di-bologna\\\/#primaryimage\"},\"image\":{\"@id\":\"https:\\\/\\\/www.bellunopress.it\\\/2009\\\/09\\\/24\\\/inaugurate-questa-mattina-le-nuove-gabelli-al-parco-citta-di-bologna\\\/#primaryimage\"},\"thumbnailUrl\":\"http:\\\/\\\/www.bellunopress.it\\\/wp-content\\\/uploads\\\/2009\\\/09\\\/inauguraz-gabelli-michele-carbogno.jpg\",\"datePublished\":\"2009-09-24T17:36:06+00:00\",\"breadcrumb\":{\"@id\":\"https:\\\/\\\/www.bellunopress.it\\\/2009\\\/09\\\/24\\\/inaugurate-questa-mattina-le-nuove-gabelli-al-parco-citta-di-bologna\\\/#breadcrumb\"},\"inLanguage\":\"fr-FR\",\"potentialAction\":[{\"@type\":\"ReadAction\",\"target\":[\"https:\\\/\\\/www.bellunopress.it\\\/2009\\\/09\\\/24\\\/inaugurate-questa-mattina-le-nuove-gabelli-al-parco-citta-di-bologna\\\/\"]}]},{\"@type\":\"ImageObject\",\"inLanguage\":\"fr-FR\",\"@id\":\"https:\\\/\\\/www.bellunopress.it\\\/2009\\\/09\\\/24\\\/inaugurate-questa-mattina-le-nuove-gabelli-al-parco-citta-di-bologna\\\/#primaryimage\",\"url\":\"http:\\\/\\\/www.bellunopress.it\\\/wp-content\\\/uploads\\\/2009\\\/09\\\/inauguraz-gabelli-michele-carbogno.jpg\",\"contentUrl\":\"http:\\\/\\\/www.bellunopress.it\\\/wp-content\\\/uploads\\\/2009\\\/09\\\/inauguraz-gabelli-michele-carbogno.jpg\"},{\"@type\":\"BreadcrumbList\",\"@id\":\"https:\\\/\\\/www.bellunopress.it\\\/2009\\\/09\\\/24\\\/inaugurate-questa-mattina-le-nuove-gabelli-al-parco-citta-di-bologna\\\/#breadcrumb\",\"itemListElement\":[{\"@type\":\"ListItem\",\"position\":1,\"name\":\"Home\",\"item\":\"https:\\\/\\\/www.bellunopress.it\\\/\"},{\"@type\":\"ListItem\",\"position\":2,\"name\":\"Inaugurate questa mattina le nuove Gabelli al Parco &#8220;Citt\u00e0 di Bologna&#8221;\"}]},{\"@type\":\"WebSite\",\"@id\":\"https:\\\/\\\/www.bellunopress.it\\\/#website\",\"url\":\"https:\\\/\\\/www.bellunopress.it\\\/\",\"name\":\"Bellunopress - Dolomiti\",\"description\":\"e-mail: redazione@bellunopress.it\",\"publisher\":{\"@id\":\"https:\\\/\\\/www.bellunopress.it\\\/#organization\"},\"potentialAction\":[{\"@type\":\"SearchAction\",\"target\":{\"@type\":\"EntryPoint\",\"urlTemplate\":\"https:\\\/\\\/www.bellunopress.it\\\/?s={search_term_string}\"},\"query-input\":{\"@type\":\"PropertyValueSpecification\",\"valueRequired\":true,\"valueName\":\"search_term_string\"}}],\"inLanguage\":\"fr-FR\"},{\"@type\":\"Organization\",\"@id\":\"https:\\\/\\\/www.bellunopress.it\\\/#organization\",\"name\":\"Bellunopress\",\"url\":\"https:\\\/\\\/www.bellunopress.it\\\/\",\"logo\":{\"@type\":\"ImageObject\",\"inLanguage\":\"fr-FR\",\"@id\":\"https:\\\/\\\/www.bellunopress.it\\\/#\\\/schema\\\/logo\\\/image\\\/\",\"url\":\"https:\\\/\\\/www.bellunopress.it\\\/wp-content\\\/uploads\\\/2011\\\/05\\\/cropped-logo-bellunopress-.jpg\",\"contentUrl\":\"https:\\\/\\\/www.bellunopress.it\\\/wp-content\\\/uploads\\\/2011\\\/05\\\/cropped-logo-bellunopress-.jpg\",\"width\":512,\"height\":512,\"caption\":\"Bellunopress\"},\"image\":{\"@id\":\"https:\\\/\\\/www.bellunopress.it\\\/#\\\/schema\\\/logo\\\/image\\\/\"},\"sameAs\":[\"https:\\\/\\\/www.facebook.com\\\/profile.php?id=100008943462799\",\"https:\\\/\\\/x.com\\\/bellunopress\",\"https:\\\/\\\/www.linkedin.com\\\/hp\\\/?dnr=JBzUWaJfMUw8vbXJJ2tVW5-I3jZKvC4wsoxE&amp;amp;amp;amp;amp;amp;trk=nav_responsive_tab_home\",\"https:\\\/\\\/www.youtube.com\\\/channel\\\/UCxL0wu1uN0_3_7hGG0306cw\"]},{\"@type\":\"Person\",\"@id\":\"https:\\\/\\\/www.bellunopress.it\\\/#\\\/schema\\\/person\\\/79bb06722b37ece1c03d3e94beb30d73\",\"name\":\"redazione\",\"image\":{\"@type\":\"ImageObject\",\"inLanguage\":\"fr-FR\",\"@id\":\"https:\\\/\\\/secure.gravatar.com\\\/avatar\\\/37d968a2e67a6fd04c169c4bdef102d0bc5d31b2546345219e348575eb80e9a0?s=96&d=mm&r=g\",\"url\":\"https:\\\/\\\/secure.gravatar.com\\\/avatar\\\/37d968a2e67a6fd04c169c4bdef102d0bc5d31b2546345219e348575eb80e9a0?s=96&d=mm&r=g\",\"contentUrl\":\"https:\\\/\\\/secure.gravatar.com\\\/avatar\\\/37d968a2e67a6fd04c169c4bdef102d0bc5d31b2546345219e348575eb80e9a0?s=96&d=mm&r=g\",\"caption\":\"redazione\"},\"sameAs\":[\"http:\\\/\\\/www.bellunopress.it\",\"https:\\\/\\\/x.com\\\/bellunopress\"],\"url\":\"https:\\\/\\\/www.bellunopress.it\\\/fr\\\/author\\\/redazione\\\/\"}]}<\/script>\n<!-- \/ Yoast SEO plugin. -->","yoast_head_json":{"title":"Inaugurate questa mattina le nuove Gabelli al Parco \"Citt\u00e0 di Bologna\" - Bellunopress - Dolomiti","robots":{"index":"index","follow":"follow","max-snippet":"max-snippet:-1","max-image-preview":"max-image-preview:large","max-video-preview":"max-video-preview:-1"},"canonical":"https:\/\/www.bellunopress.it\/fr\/2009\/09\/24\/inaugurate-questa-mattina-le-nuove-gabelli-al-parco-citta-di-bologna\/","og_locale":"fr_FR","og_type":"article","og_title":"Inaugurate questa mattina le nuove Gabelli al Parco \"Citt\u00e0 di Bologna\" - Bellunopress - Dolomiti","og_description":"Edificate in tempi record con la spesa di circa 1,3 milioni di euro, sono state inaugurate questa mattina alle 10 le nuove scuole elementari Gabelli al Parco &#8220;Citt\u00e0 di Bologna&#8221;. Dopo il discorso del sindaco di Belluno, Antonio Prade, \u00e8 intervenuto l&#8217;assessore all&#8217;Edilizia scolastica Michele Carbogno, occhiali scuri anche se il sole era alle sue [&hellip;]","og_url":"https:\/\/www.bellunopress.it\/fr\/2009\/09\/24\/inaugurate-questa-mattina-le-nuove-gabelli-al-parco-citta-di-bologna\/","og_site_name":"Bellunopress - Dolomiti","article_publisher":"https:\/\/www.facebook.com\/profile.php?id=100008943462799","article_published_time":"2009-09-24T17:36:06+00:00","og_image":[{"url":"http:\/\/www.bellunopress.it\/wp-content\/uploads\/2009\/09\/inauguraz-gabelli-michele-carbogno.jpg","type":"","width":"","height":""}],"author":"redazione","twitter_card":"summary_large_image","twitter_creator":"@bellunopress","twitter_site":"@bellunopress","twitter_misc":{"\u00c9crit par":"redazione","Dur\u00e9e de lecture estim\u00e9e":"1 minute"},"schema":{"@context":"https:\/\/schema.org","@graph":[{"@type":"Article","@id":"https:\/\/www.bellunopress.it\/2009\/09\/24\/inaugurate-questa-mattina-le-nuove-gabelli-al-parco-citta-di-bologna\/#article","isPartOf":{"@id":"https:\/\/www.bellunopress.it\/2009\/09\/24\/inaugurate-questa-mattina-le-nuove-gabelli-al-parco-citta-di-bologna\/"},"author":{"name":"redazione","@id":"https:\/\/www.bellunopress.it\/#\/schema\/person\/79bb06722b37ece1c03d3e94beb30d73"},"headline":"Inaugurate questa mattina le nuove Gabelli al Parco &#8220;Citt\u00e0 di Bologna&#8221;","datePublished":"2009-09-24T17:36:06+00:00","mainEntityOfPage":{"@id":"https:\/\/www.bellunopress.it\/2009\/09\/24\/inaugurate-questa-mattina-le-nuove-gabelli-al-parco-citta-di-bologna\/"},"wordCount":279,"publisher":{"@id":"https:\/\/www.bellunopress.it\/#organization"},"image":{"@id":"https:\/\/www.bellunopress.it\/2009\/09\/24\/inaugurate-questa-mattina-le-nuove-gabelli-al-parco-citta-di-bologna\/#primaryimage"},"thumbnailUrl":"http:\/\/www.bellunopress.it\/wp-content\/uploads\/2009\/09\/inauguraz-gabelli-michele-carbogno.jpg","keywords":["Belluno"],"articleSection":["Cronaca\/Politica","Scuola"],"inLanguage":"fr-FR"},{"@type":"WebPage","@id":"https:\/\/www.bellunopress.it\/2009\/09\/24\/inaugurate-questa-mattina-le-nuove-gabelli-al-parco-citta-di-bologna\/","url":"https:\/\/www.bellunopress.it\/2009\/09\/24\/inaugurate-questa-mattina-le-nuove-gabelli-al-parco-citta-di-bologna\/","name":"Inaugurate questa mattina le nuove Gabelli al Parco \"Citt\u00e0 di Bologna\" - Bellunopress - Dolomiti","isPartOf":{"@id":"https:\/\/www.bellunopress.it\/#website"},"primaryImageOfPage":{"@id":"https:\/\/www.bellunopress.it\/2009\/09\/24\/inaugurate-questa-mattina-le-nuove-gabelli-al-parco-citta-di-bologna\/#primaryimage"},"image":{"@id":"https:\/\/www.bellunopress.it\/2009\/09\/24\/inaugurate-questa-mattina-le-nuove-gabelli-al-parco-citta-di-bologna\/#primaryimage"},"thumbnailUrl":"http:\/\/www.bellunopress.it\/wp-content\/uploads\/2009\/09\/inauguraz-gabelli-michele-carbogno.jpg","datePublished":"2009-09-24T17:36:06+00:00","breadcrumb":{"@id":"https:\/\/www.bellunopress.it\/2009\/09\/24\/inaugurate-questa-mattina-le-nuove-gabelli-al-parco-citta-di-bologna\/#breadcrumb"},"inLanguage":"fr-FR","potentialAction":[{"@type":"ReadAction","target":["https:\/\/www.bellunopress.it\/2009\/09\/24\/inaugurate-questa-mattina-le-nuove-gabelli-al-parco-citta-di-bologna\/"]}]},{"@type":"ImageObject","inLanguage":"fr-FR","@id":"https:\/\/www.bellunopress.it\/2009\/09\/24\/inaugurate-questa-mattina-le-nuove-gabelli-al-parco-citta-di-bologna\/#primaryimage","url":"http:\/\/www.bellunopress.it\/wp-content\/uploads\/2009\/09\/inauguraz-gabelli-michele-carbogno.jpg","contentUrl":"http:\/\/www.bellunopress.it\/wp-content\/uploads\/2009\/09\/inauguraz-gabelli-michele-carbogno.jpg"},{"@type":"BreadcrumbList","@id":"https:\/\/www.bellunopress.it\/2009\/09\/24\/inaugurate-questa-mattina-le-nuove-gabelli-al-parco-citta-di-bologna\/#breadcrumb","itemListElement":[{"@type":"ListItem","position":1,"name":"Home","item":"https:\/\/www.bellunopress.it\/"},{"@type":"ListItem","position":2,"name":"Inaugurate questa mattina le nuove Gabelli al Parco &#8220;Citt\u00e0 di Bologna&#8221;"}]},{"@type":"WebSite","@id":"https:\/\/www.bellunopress.it\/#website","url":"https:\/\/www.bellunopress.it\/","name":"Bellunopress - Dolomiti","description":"e-mail: redazione@bellunopress.it","publisher":{"@id":"https:\/\/www.bellunopress.it\/#organization"},"potentialAction":[{"@type":"SearchAction","target":{"@type":"EntryPoint","urlTemplate":"https:\/\/www.bellunopress.it\/?s={search_term_string}"},"query-input":{"@type":"PropertyValueSpecification","valueRequired":true,"valueName":"search_term_string"}}],"inLanguage":"fr-FR"},{"@type":"Organization","@id":"https:\/\/www.bellunopress.it\/#organization","name":"Bellunopress","url":"https:\/\/www.bellunopress.it\/","logo":{"@type":"ImageObject","inLanguage":"fr-FR","@id":"https:\/\/www.bellunopress.it\/#\/schema\/logo\/image\/","url":"https:\/\/www.bellunopress.it\/wp-content\/uploads\/2011\/05\/cropped-logo-bellunopress-.jpg","contentUrl":"https:\/\/www.bellunopress.it\/wp-content\/uploads\/2011\/05\/cropped-logo-bellunopress-.jpg","width":512,"height":512,"caption":"Bellunopress"},"image":{"@id":"https:\/\/www.bellunopress.it\/#\/schema\/logo\/image\/"},"sameAs":["https:\/\/www.facebook.com\/profile.php?id=100008943462799","https:\/\/x.com\/bellunopress","https:\/\/www.linkedin.com\/hp\/?dnr=JBzUWaJfMUw8vbXJJ2tVW5-I3jZKvC4wsoxE&amp;amp;amp;amp;amp;amp;trk=nav_responsive_tab_home","https:\/\/www.youtube.com\/channel\/UCxL0wu1uN0_3_7hGG0306cw"]},{"@type":"Person","@id":"https:\/\/www.bellunopress.it\/#\/schema\/person\/79bb06722b37ece1c03d3e94beb30d73","name":"r\u00e9daction","image":{"@type":"ImageObject","inLanguage":"fr-FR","@id":"https:\/\/secure.gravatar.com\/avatar\/37d968a2e67a6fd04c169c4bdef102d0bc5d31b2546345219e348575eb80e9a0?s=96&d=mm&r=g","url":"https:\/\/secure.gravatar.com\/avatar\/37d968a2e67a6fd04c169c4bdef102d0bc5d31b2546345219e348575eb80e9a0?s=96&d=mm&r=g","contentUrl":"https:\/\/secure.gravatar.com\/avatar\/37d968a2e67a6fd04c169c4bdef102d0bc5d31b2546345219e348575eb80e9a0?s=96&d=mm&r=g","caption":"redazione"},"sameAs":["http:\/\/www.bellunopress.it","https:\/\/x.com\/bellunopress"],"url":"https:\/\/www.bellunopress.it\/fr\/author\/redazione\/"}]}},"_links":{"self":[{"href":"https:\/\/www.bellunopress.it\/fr\/wp-json\/wp\/v2\/posts\/8379","targetHints":{"allow":["GET"]}}],"collection":[{"href":"https:\/\/www.bellunopress.it\/fr\/wp-json\/wp\/v2\/posts"}],"about":[{"href":"https:\/\/www.bellunopress.it\/fr\/wp-json\/wp\/v2\/types\/post"}],"author":[{"embeddable":true,"href":"https:\/\/www.bellunopress.it\/fr\/wp-json\/wp\/v2\/users\/2"}],"replies":[{"embeddable":true,"href":"https:\/\/www.bellunopress.it\/fr\/wp-json\/wp\/v2\/comments?post=8379"}],"version-history":[{"count":1,"href":"https:\/\/www.bellunopress.it\/fr\/wp-json\/wp\/v2\/posts\/8379\/revisions"}],"predecessor-version":[{"id":8383,"href":"https:\/\/www.bellunopress.it\/fr\/wp-json\/wp\/v2\/posts\/8379\/revisions\/8383"}],"wp:attachment":[{"href":"https:\/\/www.bellunopress.it\/fr\/wp-json\/wp\/v2\/media?parent=8379"}],"wp:term":[{"taxonomy":"category","embeddable":true,"href":"https:\/\/www.bellunopress.it\/fr\/wp-json\/wp\/v2\/categories?post=8379"},{"taxonomy":"post_tag","embeddable":true,"href":"https:\/\/www.bellunopress.it\/fr\/wp-json\/wp\/v2\/tags?post=8379"}],"curies":[{"name":"wp","href":"https:\/\/api.w.org\/{rel}","templated":true}]}}