{"id":8375,"date":"2009-09-24T14:37:50","date_gmt":"2009-09-24T13:37:50","guid":{"rendered":"http:\/\/www.bellunopress.it\/?p=8375"},"modified":"2009-09-24T14:37:50","modified_gmt":"2009-09-24T13:37:50","slug":"regione-veneto-provvedimento-anticrisi-a-favore-delle-imprese","status":"publish","type":"post","link":"https:\/\/www.bellunopress.it\/fr\/2009\/09\/24\/regione-veneto-provvedimento-anticrisi-a-favore-delle-imprese\/","title":{"rendered":"Regione Veneto: provvedimento anticrisi a favore delle imprese"},"content":{"rendered":"<p>\u00abL\u2019iniziativa dalla collega di giunta Maria Teresa Coppola, assessore al Bilancio della Regione Veneto, \u00e8 particolarmente lodevole e si dimostrer\u00e0 positivamente incisiva nel rilancio dell\u2019economia regionale, compresa quella della nostra provincia di Belluno dove purtroppo ogni giorno si registrano aziende in difficolt\u00e0 che trascinano nella crisi sempre pi\u00f9 famiglie di lavoratori\u00bb.\u00a0\u00a0 E\u2019 questo il commento dell\u2019assessore Oscar De Bona rivolto al provvedimento approvato dal governo veneto che costituisce un vero e proprio \u201cpacchetto\u201d di misure capaci di consentire alle imprese di acquisire liquidit\u00e0 attraverso il sistema bancario. La portata dell\u2019iniziativa \u00e8 tuttora in fase di stima, ma si presume che, una volta realizzata, possa consentire l\u2019iniezione nel sistema di circa 100 milioni. di euro.\u00a0 Il provvedimento, in sintesi, parte dal presupposto che uno dei motivi fondamentali della crisi delle imprese vada ricondotto alle difficolt\u00e0 che queste incontrano nell\u2019acquisire liquidit\u00e0, sia per il cosiddetto \u201ccredit crunch\u201d bancario, sia per i sempre pi\u00f9 frequenti ritardi nei pagamenti dei debitori commerciali. Cos\u00ec la Regione del Veneto si \u00e8 mossa focalizzando la propria attenzione su due filoni operativi agendo di conseguenza\u00a0 da un lato sui meccanismi di pagamento interni alla pubblica amministrazione e dall\u2019altro sul sistema creditizio regionale. Tutto ci\u00f2 si aggiunge al protocollo\u00a0 di intesa con l\u2019Associazione bancaria italiana (Abi) che la Regione Veneto gi\u00e0 il 30 luglio scorso aveva siglato, per prima tra le Regione italiane, e che si sta dando pratica attuazione in questi giorni. Fra queste iniziative, all\u2019articolo 1 del protocollo \u00e8 previsto\u00a0 che la Regione e le banche individuino modalit\u00e0 operative per conseguire un pronto ed efficace smobilizzo dei crediti vantati dalle imprese verso la Regione del Veneto.\u00a0\u00a0 \u00abConcordo pienamente con quanto esposto dall\u2019assessore Coppola \u2013 continua De Bona &#8211;\u00a0 cio\u00e8 che la crisi economica mondiale, nata nell\u2019agosto 2008 come una crisi del settore finanziario e creditizio, ha finito per estendersi anche all\u2019economia reale, colpendo da un lato le famiglie e dall\u2019altro le imprese in particolare, tra queste ultime, il comparto della piccola e media industria. Gli effetti negativi derivanti da tale situazione di difficolt\u00e0 diffusa sono dimostrati dai dati in costante incremento del ricorso alla cassa integrazione guadagni ordinaria e straordinaria \u00bb. \u00abL\u2019operazione, quindi \u2013 sottolinea l\u2019assessore De Bona &#8211;\u00a0 rappresenta una vera e propria fonte di risorse finanziarie aggiuntive da immettere nel sistema socio-economico regionale e si pone come elemento complementare all\u2019assegnazione alle strutture regionali di ulteriori dotazioni cassa spendibili, ottenute da parziali allentamenti dei limiti del patto di stabilit\u00e0. In previsione di quello che viene preannunciato come il periodo pi\u00f9 critico della crisi, ossia quello compreso tra l\u2019autunno 2009 e l\u2019estate 2010, la Regione del Veneto, pur nei limiti di quanto consentitole da un sistema di finanza locale in cui un autentico regime di federalismo fiscale \u00e8 ancora ben lungi dall\u2019essere conseguito, ha adottato subito dei provvedimenti\u00bb.<\/p>","protected":false},"excerpt":{"rendered":"<p>\u00abL\u2019iniziativa dalla collega di giunta Maria Teresa Coppola, assessore al Bilancio della Regione Veneto, \u00e8 particolarmente lodevole e si dimostrer\u00e0 positivamente incisiva nel rilancio dell\u2019economia regionale, compresa quella della nostra provincia di Belluno dove purtroppo ogni giorno si registrano aziende in difficolt\u00e0 che trascinano nella crisi sempre pi\u00f9 famiglie di lavoratori\u00bb.\u00a0\u00a0 E\u2019 questo il commento [&hellip;]<\/p>\n","protected":false},"author":2,"featured_media":0,"comment_status":"closed","ping_status":"open","sticky":false,"template":"","format":"standard","meta":{"footnotes":""},"categories":[5,36,26],"tags":[139],"class_list":["post-8375","post","type-post","status-publish","format-standard","category-cronaca","category-lavoro-economia","category-prima-pagina","tag-belluno"],"yoast_head":"<!-- This site is optimized with the Yoast SEO plugin v28.4 - https:\/\/yoast.com\/product\/yoast-seo-wordpress\/ -->\n<title>Regione Veneto: provvedimento anticrisi a favore delle imprese - Bellunopress - Dolomiti<\/title>\n<meta name=\"robots\" content=\"index, follow, max-snippet:-1, max-image-preview:large, max-video-preview:-1\" \/>\n<link rel=\"canonical\" href=\"https:\/\/www.bellunopress.it\/fr\/2009\/09\/24\/regione-veneto-provvedimento-anticrisi-a-favore-delle-imprese\/\" \/>\n<meta property=\"og:locale\" content=\"fr_FR\" \/>\n<meta property=\"og:type\" content=\"article\" \/>\n<meta property=\"og:title\" content=\"Regione Veneto: provvedimento anticrisi a favore delle imprese - Bellunopress - Dolomiti\" \/>\n<meta property=\"og:description\" content=\"\u00abL\u2019iniziativa dalla collega di giunta Maria Teresa Coppola, assessore al Bilancio della Regione Veneto, \u00e8 particolarmente lodevole e si dimostrer\u00e0 positivamente incisiva nel rilancio dell\u2019economia regionale, compresa quella della nostra provincia di Belluno dove purtroppo ogni giorno si registrano aziende in difficolt\u00e0 che trascinano nella crisi sempre pi\u00f9 famiglie di lavoratori\u00bb.\u00a0\u00a0 E\u2019 questo il commento [&hellip;]\" \/>\n<meta property=\"og:url\" content=\"https:\/\/www.bellunopress.it\/fr\/2009\/09\/24\/regione-veneto-provvedimento-anticrisi-a-favore-delle-imprese\/\" \/>\n<meta property=\"og:site_name\" content=\"Bellunopress - Dolomiti\" \/>\n<meta property=\"article:publisher\" content=\"https:\/\/www.facebook.com\/profile.php?id=100008943462799\" \/>\n<meta property=\"article:published_time\" content=\"2009-09-24T13:37:50+00:00\" \/>\n<meta property=\"og:image\" content=\"http:\/\/www.bellunopress.it\/wp-content\/uploads\/2012\/07\/logo-bellunopress-250x250-2012.jpg\" \/>\n<meta name=\"author\" content=\"redazione\" \/>\n<meta name=\"twitter:card\" content=\"summary_large_image\" \/>\n<meta name=\"twitter:creator\" content=\"@bellunopress\" \/>\n<meta name=\"twitter:site\" content=\"@bellunopress\" \/>\n<meta name=\"twitter:label1\" content=\"\u00c9crit par\" \/>\n\t<meta name=\"twitter:data1\" content=\"redazione\" \/>\n\t<meta name=\"twitter:label2\" content=\"Dur\u00e9e de lecture estim\u00e9e\" \/>\n\t<meta name=\"twitter:data2\" content=\"2 minutes\" \/>\n<script type=\"application\/ld+json\" class=\"yoast-schema-graph\">{\"@context\":\"https:\\\/\\\/schema.org\",\"@graph\":[{\"@type\":\"Article\",\"@id\":\"https:\\\/\\\/www.bellunopress.it\\\/2009\\\/09\\\/24\\\/regione-veneto-provvedimento-anticrisi-a-favore-delle-imprese\\\/#article\",\"isPartOf\":{\"@id\":\"https:\\\/\\\/www.bellunopress.it\\\/2009\\\/09\\\/24\\\/regione-veneto-provvedimento-anticrisi-a-favore-delle-imprese\\\/\"},\"author\":{\"name\":\"redazione\",\"@id\":\"https:\\\/\\\/www.bellunopress.it\\\/#\\\/schema\\\/person\\\/79bb06722b37ece1c03d3e94beb30d73\"},\"headline\":\"Regione Veneto: provvedimento anticrisi a favore delle imprese\",\"datePublished\":\"2009-09-24T13:37:50+00:00\",\"mainEntityOfPage\":{\"@id\":\"https:\\\/\\\/www.bellunopress.it\\\/2009\\\/09\\\/24\\\/regione-veneto-provvedimento-anticrisi-a-favore-delle-imprese\\\/\"},\"wordCount\":474,\"publisher\":{\"@id\":\"https:\\\/\\\/www.bellunopress.it\\\/#organization\"},\"keywords\":[\"Belluno\"],\"articleSection\":[\"Cronaca\\\/Politica\",\"Lavoro, Economia, Turismo\",\"Prima Pagina\"],\"inLanguage\":\"fr-FR\"},{\"@type\":\"WebPage\",\"@id\":\"https:\\\/\\\/www.bellunopress.it\\\/2009\\\/09\\\/24\\\/regione-veneto-provvedimento-anticrisi-a-favore-delle-imprese\\\/\",\"url\":\"https:\\\/\\\/www.bellunopress.it\\\/2009\\\/09\\\/24\\\/regione-veneto-provvedimento-anticrisi-a-favore-delle-imprese\\\/\",\"name\":\"Regione Veneto: provvedimento anticrisi a favore delle imprese - Bellunopress - Dolomiti\",\"isPartOf\":{\"@id\":\"https:\\\/\\\/www.bellunopress.it\\\/#website\"},\"datePublished\":\"2009-09-24T13:37:50+00:00\",\"breadcrumb\":{\"@id\":\"https:\\\/\\\/www.bellunopress.it\\\/2009\\\/09\\\/24\\\/regione-veneto-provvedimento-anticrisi-a-favore-delle-imprese\\\/#breadcrumb\"},\"inLanguage\":\"fr-FR\",\"potentialAction\":[{\"@type\":\"ReadAction\",\"target\":[\"https:\\\/\\\/www.bellunopress.it\\\/2009\\\/09\\\/24\\\/regione-veneto-provvedimento-anticrisi-a-favore-delle-imprese\\\/\"]}]},{\"@type\":\"BreadcrumbList\",\"@id\":\"https:\\\/\\\/www.bellunopress.it\\\/2009\\\/09\\\/24\\\/regione-veneto-provvedimento-anticrisi-a-favore-delle-imprese\\\/#breadcrumb\",\"itemListElement\":[{\"@type\":\"ListItem\",\"position\":1,\"name\":\"Home\",\"item\":\"https:\\\/\\\/www.bellunopress.it\\\/\"},{\"@type\":\"ListItem\",\"position\":2,\"name\":\"Regione Veneto: provvedimento anticrisi a favore delle imprese\"}]},{\"@type\":\"WebSite\",\"@id\":\"https:\\\/\\\/www.bellunopress.it\\\/#website\",\"url\":\"https:\\\/\\\/www.bellunopress.it\\\/\",\"name\":\"Bellunopress - Dolomiti\",\"description\":\"e-mail: redazione@bellunopress.it\",\"publisher\":{\"@id\":\"https:\\\/\\\/www.bellunopress.it\\\/#organization\"},\"potentialAction\":[{\"@type\":\"SearchAction\",\"target\":{\"@type\":\"EntryPoint\",\"urlTemplate\":\"https:\\\/\\\/www.bellunopress.it\\\/?s={search_term_string}\"},\"query-input\":{\"@type\":\"PropertyValueSpecification\",\"valueRequired\":true,\"valueName\":\"search_term_string\"}}],\"inLanguage\":\"fr-FR\"},{\"@type\":\"Organization\",\"@id\":\"https:\\\/\\\/www.bellunopress.it\\\/#organization\",\"name\":\"Bellunopress\",\"url\":\"https:\\\/\\\/www.bellunopress.it\\\/\",\"logo\":{\"@type\":\"ImageObject\",\"inLanguage\":\"fr-FR\",\"@id\":\"https:\\\/\\\/www.bellunopress.it\\\/#\\\/schema\\\/logo\\\/image\\\/\",\"url\":\"https:\\\/\\\/www.bellunopress.it\\\/wp-content\\\/uploads\\\/2011\\\/05\\\/cropped-logo-bellunopress-.jpg\",\"contentUrl\":\"https:\\\/\\\/www.bellunopress.it\\\/wp-content\\\/uploads\\\/2011\\\/05\\\/cropped-logo-bellunopress-.jpg\",\"width\":512,\"height\":512,\"caption\":\"Bellunopress\"},\"image\":{\"@id\":\"https:\\\/\\\/www.bellunopress.it\\\/#\\\/schema\\\/logo\\\/image\\\/\"},\"sameAs\":[\"https:\\\/\\\/www.facebook.com\\\/profile.php?id=100008943462799\",\"https:\\\/\\\/x.com\\\/bellunopress\",\"https:\\\/\\\/www.linkedin.com\\\/hp\\\/?dnr=JBzUWaJfMUw8vbXJJ2tVW5-I3jZKvC4wsoxE&amp;amp;amp;amp;amp;amp;trk=nav_responsive_tab_home\",\"https:\\\/\\\/www.youtube.com\\\/channel\\\/UCxL0wu1uN0_3_7hGG0306cw\"]},{\"@type\":\"Person\",\"@id\":\"https:\\\/\\\/www.bellunopress.it\\\/#\\\/schema\\\/person\\\/79bb06722b37ece1c03d3e94beb30d73\",\"name\":\"redazione\",\"image\":{\"@type\":\"ImageObject\",\"inLanguage\":\"fr-FR\",\"@id\":\"https:\\\/\\\/secure.gravatar.com\\\/avatar\\\/37d968a2e67a6fd04c169c4bdef102d0bc5d31b2546345219e348575eb80e9a0?s=96&d=mm&r=g\",\"url\":\"https:\\\/\\\/secure.gravatar.com\\\/avatar\\\/37d968a2e67a6fd04c169c4bdef102d0bc5d31b2546345219e348575eb80e9a0?s=96&d=mm&r=g\",\"contentUrl\":\"https:\\\/\\\/secure.gravatar.com\\\/avatar\\\/37d968a2e67a6fd04c169c4bdef102d0bc5d31b2546345219e348575eb80e9a0?s=96&d=mm&r=g\",\"caption\":\"redazione\"},\"sameAs\":[\"http:\\\/\\\/www.bellunopress.it\",\"https:\\\/\\\/x.com\\\/bellunopress\"],\"url\":\"https:\\\/\\\/www.bellunopress.it\\\/fr\\\/author\\\/redazione\\\/\"}]}<\/script>\n<!-- \/ Yoast SEO plugin. -->","yoast_head_json":{"title":"Regione Veneto: provvedimento anticrisi a favore delle imprese - Bellunopress - Dolomiti","robots":{"index":"index","follow":"follow","max-snippet":"max-snippet:-1","max-image-preview":"max-image-preview:large","max-video-preview":"max-video-preview:-1"},"canonical":"https:\/\/www.bellunopress.it\/fr\/2009\/09\/24\/regione-veneto-provvedimento-anticrisi-a-favore-delle-imprese\/","og_locale":"fr_FR","og_type":"article","og_title":"Regione Veneto: provvedimento anticrisi a favore delle imprese - Bellunopress - Dolomiti","og_description":"\u00abL\u2019iniziativa dalla collega di giunta Maria Teresa Coppola, assessore al Bilancio della Regione Veneto, \u00e8 particolarmente lodevole e si dimostrer\u00e0 positivamente incisiva nel rilancio dell\u2019economia regionale, compresa quella della nostra provincia di Belluno dove purtroppo ogni giorno si registrano aziende in difficolt\u00e0 che trascinano nella crisi sempre pi\u00f9 famiglie di lavoratori\u00bb.\u00a0\u00a0 E\u2019 questo il commento [&hellip;]","og_url":"https:\/\/www.bellunopress.it\/fr\/2009\/09\/24\/regione-veneto-provvedimento-anticrisi-a-favore-delle-imprese\/","og_site_name":"Bellunopress - Dolomiti","article_publisher":"https:\/\/www.facebook.com\/profile.php?id=100008943462799","article_published_time":"2009-09-24T13:37:50+00:00","og_image":[{"url":"http:\/\/www.bellunopress.it\/wp-content\/uploads\/2012\/07\/logo-bellunopress-250x250-2012.jpg","type":"","width":"","height":""}],"author":"redazione","twitter_card":"summary_large_image","twitter_creator":"@bellunopress","twitter_site":"@bellunopress","twitter_misc":{"\u00c9crit par":"redazione","Dur\u00e9e de lecture estim\u00e9e":"2 minutes"},"schema":{"@context":"https:\/\/schema.org","@graph":[{"@type":"Article","@id":"https:\/\/www.bellunopress.it\/2009\/09\/24\/regione-veneto-provvedimento-anticrisi-a-favore-delle-imprese\/#article","isPartOf":{"@id":"https:\/\/www.bellunopress.it\/2009\/09\/24\/regione-veneto-provvedimento-anticrisi-a-favore-delle-imprese\/"},"author":{"name":"redazione","@id":"https:\/\/www.bellunopress.it\/#\/schema\/person\/79bb06722b37ece1c03d3e94beb30d73"},"headline":"Regione Veneto: provvedimento anticrisi a favore delle imprese","datePublished":"2009-09-24T13:37:50+00:00","mainEntityOfPage":{"@id":"https:\/\/www.bellunopress.it\/2009\/09\/24\/regione-veneto-provvedimento-anticrisi-a-favore-delle-imprese\/"},"wordCount":474,"publisher":{"@id":"https:\/\/www.bellunopress.it\/#organization"},"keywords":["Belluno"],"articleSection":["Cronaca\/Politica","Lavoro, Economia, Turismo","Prima Pagina"],"inLanguage":"fr-FR"},{"@type":"WebPage","@id":"https:\/\/www.bellunopress.it\/2009\/09\/24\/regione-veneto-provvedimento-anticrisi-a-favore-delle-imprese\/","url":"https:\/\/www.bellunopress.it\/2009\/09\/24\/regione-veneto-provvedimento-anticrisi-a-favore-delle-imprese\/","name":"Regione Veneto: provvedimento anticrisi a favore delle imprese - Bellunopress - Dolomiti","isPartOf":{"@id":"https:\/\/www.bellunopress.it\/#website"},"datePublished":"2009-09-24T13:37:50+00:00","breadcrumb":{"@id":"https:\/\/www.bellunopress.it\/2009\/09\/24\/regione-veneto-provvedimento-anticrisi-a-favore-delle-imprese\/#breadcrumb"},"inLanguage":"fr-FR","potentialAction":[{"@type":"ReadAction","target":["https:\/\/www.bellunopress.it\/2009\/09\/24\/regione-veneto-provvedimento-anticrisi-a-favore-delle-imprese\/"]}]},{"@type":"BreadcrumbList","@id":"https:\/\/www.bellunopress.it\/2009\/09\/24\/regione-veneto-provvedimento-anticrisi-a-favore-delle-imprese\/#breadcrumb","itemListElement":[{"@type":"ListItem","position":1,"name":"Home","item":"https:\/\/www.bellunopress.it\/"},{"@type":"ListItem","position":2,"name":"Regione Veneto: provvedimento anticrisi a favore delle imprese"}]},{"@type":"WebSite","@id":"https:\/\/www.bellunopress.it\/#website","url":"https:\/\/www.bellunopress.it\/","name":"Bellunopress - Dolomiti","description":"e-mail: redazione@bellunopress.it","publisher":{"@id":"https:\/\/www.bellunopress.it\/#organization"},"potentialAction":[{"@type":"SearchAction","target":{"@type":"EntryPoint","urlTemplate":"https:\/\/www.bellunopress.it\/?s={search_term_string}"},"query-input":{"@type":"PropertyValueSpecification","valueRequired":true,"valueName":"search_term_string"}}],"inLanguage":"fr-FR"},{"@type":"Organization","@id":"https:\/\/www.bellunopress.it\/#organization","name":"Bellunopress","url":"https:\/\/www.bellunopress.it\/","logo":{"@type":"ImageObject","inLanguage":"fr-FR","@id":"https:\/\/www.bellunopress.it\/#\/schema\/logo\/image\/","url":"https:\/\/www.bellunopress.it\/wp-content\/uploads\/2011\/05\/cropped-logo-bellunopress-.jpg","contentUrl":"https:\/\/www.bellunopress.it\/wp-content\/uploads\/2011\/05\/cropped-logo-bellunopress-.jpg","width":512,"height":512,"caption":"Bellunopress"},"image":{"@id":"https:\/\/www.bellunopress.it\/#\/schema\/logo\/image\/"},"sameAs":["https:\/\/www.facebook.com\/profile.php?id=100008943462799","https:\/\/x.com\/bellunopress","https:\/\/www.linkedin.com\/hp\/?dnr=JBzUWaJfMUw8vbXJJ2tVW5-I3jZKvC4wsoxE&amp;amp;amp;amp;amp;amp;trk=nav_responsive_tab_home","https:\/\/www.youtube.com\/channel\/UCxL0wu1uN0_3_7hGG0306cw"]},{"@type":"Person","@id":"https:\/\/www.bellunopress.it\/#\/schema\/person\/79bb06722b37ece1c03d3e94beb30d73","name":"r\u00e9daction","image":{"@type":"ImageObject","inLanguage":"fr-FR","@id":"https:\/\/secure.gravatar.com\/avatar\/37d968a2e67a6fd04c169c4bdef102d0bc5d31b2546345219e348575eb80e9a0?s=96&d=mm&r=g","url":"https:\/\/secure.gravatar.com\/avatar\/37d968a2e67a6fd04c169c4bdef102d0bc5d31b2546345219e348575eb80e9a0?s=96&d=mm&r=g","contentUrl":"https:\/\/secure.gravatar.com\/avatar\/37d968a2e67a6fd04c169c4bdef102d0bc5d31b2546345219e348575eb80e9a0?s=96&d=mm&r=g","caption":"redazione"},"sameAs":["http:\/\/www.bellunopress.it","https:\/\/x.com\/bellunopress"],"url":"https:\/\/www.bellunopress.it\/fr\/author\/redazione\/"}]}},"_links":{"self":[{"href":"https:\/\/www.bellunopress.it\/fr\/wp-json\/wp\/v2\/posts\/8375","targetHints":{"allow":["GET"]}}],"collection":[{"href":"https:\/\/www.bellunopress.it\/fr\/wp-json\/wp\/v2\/posts"}],"about":[{"href":"https:\/\/www.bellunopress.it\/fr\/wp-json\/wp\/v2\/types\/post"}],"author":[{"embeddable":true,"href":"https:\/\/www.bellunopress.it\/fr\/wp-json\/wp\/v2\/users\/2"}],"replies":[{"embeddable":true,"href":"https:\/\/www.bellunopress.it\/fr\/wp-json\/wp\/v2\/comments?post=8375"}],"version-history":[{"count":1,"href":"https:\/\/www.bellunopress.it\/fr\/wp-json\/wp\/v2\/posts\/8375\/revisions"}],"predecessor-version":[{"id":8376,"href":"https:\/\/www.bellunopress.it\/fr\/wp-json\/wp\/v2\/posts\/8375\/revisions\/8376"}],"wp:attachment":[{"href":"https:\/\/www.bellunopress.it\/fr\/wp-json\/wp\/v2\/media?parent=8375"}],"wp:term":[{"taxonomy":"category","embeddable":true,"href":"https:\/\/www.bellunopress.it\/fr\/wp-json\/wp\/v2\/categories?post=8375"},{"taxonomy":"post_tag","embeddable":true,"href":"https:\/\/www.bellunopress.it\/fr\/wp-json\/wp\/v2\/tags?post=8375"}],"curies":[{"name":"wp","href":"https:\/\/api.w.org\/{rel}","templated":true}]}}