{"id":8369,"date":"2009-09-23T23:10:53","date_gmt":"2009-09-23T22:10:53","guid":{"rendered":"http:\/\/www.bellunopress.it\/?p=8369"},"modified":"2010-02-19T15:07:27","modified_gmt":"2010-02-19T14:07:27","slug":"per-gli-speciali-di-bellunopress-pubblichiamo-un-articolo-di-sante-rossetto-su-un-omicidio-commesso-trecento-anni-fa-a-canale-dagordo","status":"publish","type":"post","link":"https:\/\/www.bellunopress.it\/fr\/2009\/09\/23\/per-gli-speciali-di-bellunopress-pubblichiamo-un-articolo-di-sante-rossetto-su-un-omicidio-commesso-trecento-anni-fa-a-canale-dagordo\/","title":{"rendered":"Per gli Speciali di Bellunopress, pubblichiamo un articolo del giornalista e scrittore Sante Rossetto su un omicidio commesso trecento anni fa a Canale d&#8217;Agordo"},"content":{"rendered":"<p><strong>Ammazza il marito, lo fa a pezzi e lo seppellisce nel campo<\/strong><\/p>\n<p><a href=\"http:\/\/www.bellunopress.it\/wp-content\/uploads\/2009\/09\/omicidio-1700.jpg\"><img loading=\"lazy\" decoding=\"async\" class=\"alignleft size-medium wp-image-8370\" title=\"omicidio-1700\" src=\"http:\/\/www.bellunopress.it\/wp-content\/uploads\/2009\/09\/omicidio-1700.jpg\" alt=\"\" width=\"226\" height=\"295\" \/><\/a>Le carte degli archivi, se consultate, ci regalano storie di cronaca curiose, commoventi o tragiche. Come quella che \u00e8 accaduta nel 1734 a Fregona di Canale d&#8217;Agordo. Qui vive la famiglia di\u00a0 Battista Scola, sposato con Marieta e i loro due figli Apollonio e Antonio. Lavorano la terra. Ma non sono degli zotici villani come gran parte dei loro paesani. Sanno leggere e scrivere e i loro figli, che sono gi\u00e0 grandi, hanno contatti con la capitale, Venezia. Quando l&#8217;esistenza di quasi tutti i villani non andava al di l\u00e0 del campanile della parrocchia. E, come in tutti i matrimoni, non mancano i dissidi. Che non sappiamo quali fossero.\u00a0 E&#8217; la vigilia di San Lorenzo, il 9 agosto. Antonio e Apollonio sono partiti per Venezia e staranno assenti da casa per qualche giorno. Il tempo di scendere il Piave in barca e poi da Treviso arrivare nella Dominante lungo il Terraglio. A Fregona restano Battista e la moglie Marieta. Quel giorno marito e moglie vanno a lavorare in una loro propriet\u00e0 a Solpian. Sono soli e la giornata \u00e8 lunga. Arriva la sera e Marieta ritorna a Fregona. Ma senza il marito. Qualcuno le chiede dove \u00e8 finito Battista. \u00abE&#8217; andato a Roma\u00bb spiega lei. La notizia appare inverosimile in un piccolo paese come Fregona. E a far che cosa a Roma? Ma la donna conferma che Battista \u00e8 gi\u00e0 arrivato a Roma. \u00abGuardate &#8211; dice &#8211; questa \u00e8 una lettera che mi ha scritto lui da l\u00ec\u00bb. E mostra un foglio con la scrittura del marito. Ma a chi non sa leggere puoi presentare qualsiasi foglio che \u00e8 costretto a credere. In realt\u00e0 la astuta donna aveva imitato la scrittura del marito per convincere la gente che Battista era effettivamente andato fino l\u00ec. Ma qualcuno si \u00e8 chiesto come \u00e8 andato a Roma e come da l\u00ec aveva potuto inviare in un paese sperduto del Bellunese una lettera.\u00a0\u00a0\u00a0 E la stessa cosa Marieta\u00a0 racconta ai figli Antonio e Apollonio quando tornano da Venezia. S\u00ec, vostro padre \u00e8 a Roma. Ma i due non sono convinti. Nessuno sapeva niente, in casa non avevamo mai parlato di questo viaggio e adesso ci vieni a dire che \u00e8 a Roma. Indagano un po&#8217;, vengono a sapere che padre\u00a0 e madre avevano lavorato insieme nel campo di Salpian. Intanto di tempo ne \u00e8 passato. Siamo arrivati a dicembre. I due fratelli vanno a cercare le tracce del padre nel terreno dove aveva lavorato prima di sparire. Ed \u00e8 qui che, il 13 di quel mese, scoprono una piccola fossa coperta da \u201crovinazzi\u201d. Si insospettiscono, frugano e scavano. Ed ecco la drammatica sorpresa. Dalla fossa emerge un busto umano con una testa sfigurata. E dove pu\u00f2 essere il resto del corpo? Affannati continuano a scavare. E poco lontano, in un altro piccolo nascondiglio, ritrovano le braccia e le gambe del povero genitore. Non c&#8217;\u00e8 dubbio: lo ha ammazzato lei, la madre.\u00a0 Come non lo sappiamo. Probabilmente colpendolo con un attrezzo agricolo (una zappa o un badile) mentre l&#8217;uomo stava lavorando. Doveva essere stato colto di sorpresa, Battista, senza possibilit\u00e0 di difesa. E dopo il delitto, per nascondere il misfatto, lo ha tagliato e sepolto. Le carte d&#8217;archivio non ci dicono molto di pi\u00f9. Marieta era una donna feroce, ma anche accorta. Supponeva che i figli prima o poi avrebbero scoperto l&#8217;assassinio. E non si fa pi\u00f9 trovare in casa. Fugge. Dove non lo sappiamo. Ma per lei era facile mettersi al riparo dalla Giustizia veneziana perch\u00e9 una manciata di miglia pi\u00f9 in l\u00e0 c&#8217;era il vescovado di Trento, territorio dell&#8217;arciduca d&#8217;Austria. Quindi stato estero e, di conseguenza, sicurezza per chi aveva commesso qualche reato. Nessuno sbirro della Serenissima sarebbe mai andato a catturarla. Certo, doveva rifarsi un&#8217;altra vita. Ma, forse, era proprio quello che lei voleva. E i conti con la Giustizia veneta? Seguono il cammino di rito. La donna viene sollecitata\u00a0 a presentarsi alle carceri come indagata per essere interrogata. Ma la colpa appare evidente. Se venisse catturata o si presentasse potrebbe finire sul patibolo o, nella migliore delle ipotesi, restare in carcere a vita. E, allora, resta contumace. Come accadeva in quei secoli, nello stato veneto e negli altri, il giudice le commina il bando. Cio\u00e8 obbliga il condannato assente a lasciare lo Stato. Se venisse catturata (e qualche rara volta accadeva che gli sbirri ne prendessero qualcuno) sar\u00e0 rinchiusa in una prigione, serrata alla luce cio\u00e8 buia, a vita. Ma la nostra curiosit\u00e0 si ferma qui. Con una sentenza di bando verso una donna che aveva gi\u00e0 precauzionalmente preso il largo. Sappiamo che chi la avesse catturata avrebbe goduto di una taglia di ottocento lire, cio\u00e8 oltre cento ducati. Pi\u00f9 o meno un paio d&#8217;anni di lavoro di un manovale. Ma quasi certamente nessuno li avr\u00e0 intascati. Come tante altre taglie di banditi che hanno continuato a vivere senza pagare i loro delitti.<\/p>\n<p><strong>Sante Rossetto<br \/>\n<\/strong><\/p>","protected":false},"excerpt":{"rendered":"<p>Ammazza il marito, lo fa a pezzi e lo seppellisce nel campo Le carte degli archivi, se consultate, ci regalano storie di cronaca curiose, commoventi o tragiche. Come quella che \u00e8 accaduta nel 1734 a Fregona di Canale d&#8217;Agordo. Qui vive la famiglia di\u00a0 Battista Scola, sposato con Marieta e i loro due figli Apollonio [&hellip;]<\/p>\n","protected":false},"author":2,"featured_media":0,"comment_status":"closed","ping_status":"open","sticky":false,"template":"","format":"standard","meta":{"footnotes":""},"categories":[49,26],"tags":[177,101],"class_list":["post-8369","post","type-post","status-publish","format-standard","category-speciali","category-prima-pagina","tag-omicidio-a-canale-dagordo","tag-sante-rossetto"],"yoast_head":"<!-- This site is optimized with the Yoast SEO plugin v28.4 - https:\/\/yoast.com\/product\/yoast-seo-wordpress\/ -->\n<title>Per gli Speciali di Bellunopress, pubblichiamo un articolo del giornalista e scrittore Sante Rossetto su un omicidio commesso trecento anni fa a Canale d&#039;Agordo - Bellunopress - Dolomiti<\/title>\n<meta name=\"robots\" content=\"index, follow, max-snippet:-1, max-image-preview:large, max-video-preview:-1\" \/>\n<link rel=\"canonical\" href=\"https:\/\/www.bellunopress.it\/fr\/2009\/09\/23\/per-gli-speciali-di-bellunopress-pubblichiamo-un-articolo-di-sante-rossetto-su-un-omicidio-commesso-trecento-anni-fa-a-canale-dagordo\/\" \/>\n<meta property=\"og:locale\" content=\"fr_FR\" \/>\n<meta property=\"og:type\" content=\"article\" \/>\n<meta property=\"og:title\" content=\"Per gli Speciali di Bellunopress, pubblichiamo un articolo del giornalista e scrittore Sante Rossetto su un omicidio commesso trecento anni fa a Canale d&#039;Agordo - Bellunopress - Dolomiti\" \/>\n<meta property=\"og:description\" content=\"Ammazza il marito, lo fa a pezzi e lo seppellisce nel campo Le carte degli archivi, se consultate, ci regalano storie di cronaca curiose, commoventi o tragiche. Come quella che \u00e8 accaduta nel 1734 a Fregona di Canale d&#8217;Agordo. Qui vive la famiglia di\u00a0 Battista Scola, sposato con Marieta e i loro due figli Apollonio [&hellip;]\" \/>\n<meta property=\"og:url\" content=\"https:\/\/www.bellunopress.it\/fr\/2009\/09\/23\/per-gli-speciali-di-bellunopress-pubblichiamo-un-articolo-di-sante-rossetto-su-un-omicidio-commesso-trecento-anni-fa-a-canale-dagordo\/\" \/>\n<meta property=\"og:site_name\" content=\"Bellunopress - Dolomiti\" \/>\n<meta property=\"article:publisher\" content=\"https:\/\/www.facebook.com\/profile.php?id=100008943462799\" \/>\n<meta property=\"article:published_time\" content=\"2009-09-23T22:10:53+00:00\" \/>\n<meta property=\"article:modified_time\" content=\"2010-02-19T14:07:27+00:00\" \/>\n<meta property=\"og:image\" content=\"http:\/\/www.bellunopress.it\/wp-content\/uploads\/2009\/09\/omicidio-1700.jpg\" \/>\n<meta name=\"author\" content=\"redazione\" \/>\n<meta name=\"twitter:card\" content=\"summary_large_image\" \/>\n<meta name=\"twitter:creator\" content=\"@bellunopress\" \/>\n<meta name=\"twitter:site\" content=\"@bellunopress\" \/>\n<meta name=\"twitter:label1\" content=\"\u00c9crit par\" \/>\n\t<meta name=\"twitter:data1\" content=\"redazione\" \/>\n\t<meta name=\"twitter:label2\" content=\"Dur\u00e9e de lecture estim\u00e9e\" \/>\n\t<meta name=\"twitter:data2\" content=\"4 minutes\" \/>\n<script type=\"application\/ld+json\" class=\"yoast-schema-graph\">{\"@context\":\"https:\\\/\\\/schema.org\",\"@graph\":[{\"@type\":\"Article\",\"@id\":\"https:\\\/\\\/www.bellunopress.it\\\/2009\\\/09\\\/23\\\/per-gli-speciali-di-bellunopress-pubblichiamo-un-articolo-di-sante-rossetto-su-un-omicidio-commesso-trecento-anni-fa-a-canale-dagordo\\\/#article\",\"isPartOf\":{\"@id\":\"https:\\\/\\\/www.bellunopress.it\\\/2009\\\/09\\\/23\\\/per-gli-speciali-di-bellunopress-pubblichiamo-un-articolo-di-sante-rossetto-su-un-omicidio-commesso-trecento-anni-fa-a-canale-dagordo\\\/\"},\"author\":{\"name\":\"redazione\",\"@id\":\"https:\\\/\\\/www.bellunopress.it\\\/#\\\/schema\\\/person\\\/79bb06722b37ece1c03d3e94beb30d73\"},\"headline\":\"Per gli Speciali di Bellunopress, pubblichiamo un articolo del giornalista e scrittore Sante Rossetto su un omicidio commesso trecento anni fa a Canale d&#8217;Agordo\",\"datePublished\":\"2009-09-23T22:10:53+00:00\",\"dateModified\":\"2010-02-19T14:07:27+00:00\",\"mainEntityOfPage\":{\"@id\":\"https:\\\/\\\/www.bellunopress.it\\\/2009\\\/09\\\/23\\\/per-gli-speciali-di-bellunopress-pubblichiamo-un-articolo-di-sante-rossetto-su-un-omicidio-commesso-trecento-anni-fa-a-canale-dagordo\\\/\"},\"wordCount\":846,\"publisher\":{\"@id\":\"https:\\\/\\\/www.bellunopress.it\\\/#organization\"},\"image\":{\"@id\":\"https:\\\/\\\/www.bellunopress.it\\\/2009\\\/09\\\/23\\\/per-gli-speciali-di-bellunopress-pubblichiamo-un-articolo-di-sante-rossetto-su-un-omicidio-commesso-trecento-anni-fa-a-canale-dagordo\\\/#primaryimage\"},\"thumbnailUrl\":\"http:\\\/\\\/www.bellunopress.it\\\/wp-content\\\/uploads\\\/2009\\\/09\\\/omicidio-1700.jpg\",\"keywords\":[\"omicidio a canale d'agordo\",\"Sante Rossetto\"],\"articleSection\":[\"Gli speciali di Bellunopress\",\"Prima Pagina\"],\"inLanguage\":\"fr-FR\"},{\"@type\":\"WebPage\",\"@id\":\"https:\\\/\\\/www.bellunopress.it\\\/2009\\\/09\\\/23\\\/per-gli-speciali-di-bellunopress-pubblichiamo-un-articolo-di-sante-rossetto-su-un-omicidio-commesso-trecento-anni-fa-a-canale-dagordo\\\/\",\"url\":\"https:\\\/\\\/www.bellunopress.it\\\/2009\\\/09\\\/23\\\/per-gli-speciali-di-bellunopress-pubblichiamo-un-articolo-di-sante-rossetto-su-un-omicidio-commesso-trecento-anni-fa-a-canale-dagordo\\\/\",\"name\":\"Per gli Speciali di Bellunopress, pubblichiamo un articolo del giornalista e scrittore Sante Rossetto su un omicidio commesso trecento anni fa a Canale d'Agordo - Bellunopress - Dolomiti\",\"isPartOf\":{\"@id\":\"https:\\\/\\\/www.bellunopress.it\\\/#website\"},\"primaryImageOfPage\":{\"@id\":\"https:\\\/\\\/www.bellunopress.it\\\/2009\\\/09\\\/23\\\/per-gli-speciali-di-bellunopress-pubblichiamo-un-articolo-di-sante-rossetto-su-un-omicidio-commesso-trecento-anni-fa-a-canale-dagordo\\\/#primaryimage\"},\"image\":{\"@id\":\"https:\\\/\\\/www.bellunopress.it\\\/2009\\\/09\\\/23\\\/per-gli-speciali-di-bellunopress-pubblichiamo-un-articolo-di-sante-rossetto-su-un-omicidio-commesso-trecento-anni-fa-a-canale-dagordo\\\/#primaryimage\"},\"thumbnailUrl\":\"http:\\\/\\\/www.bellunopress.it\\\/wp-content\\\/uploads\\\/2009\\\/09\\\/omicidio-1700.jpg\",\"datePublished\":\"2009-09-23T22:10:53+00:00\",\"dateModified\":\"2010-02-19T14:07:27+00:00\",\"breadcrumb\":{\"@id\":\"https:\\\/\\\/www.bellunopress.it\\\/2009\\\/09\\\/23\\\/per-gli-speciali-di-bellunopress-pubblichiamo-un-articolo-di-sante-rossetto-su-un-omicidio-commesso-trecento-anni-fa-a-canale-dagordo\\\/#breadcrumb\"},\"inLanguage\":\"fr-FR\",\"potentialAction\":[{\"@type\":\"ReadAction\",\"target\":[\"https:\\\/\\\/www.bellunopress.it\\\/2009\\\/09\\\/23\\\/per-gli-speciali-di-bellunopress-pubblichiamo-un-articolo-di-sante-rossetto-su-un-omicidio-commesso-trecento-anni-fa-a-canale-dagordo\\\/\"]}]},{\"@type\":\"ImageObject\",\"inLanguage\":\"fr-FR\",\"@id\":\"https:\\\/\\\/www.bellunopress.it\\\/2009\\\/09\\\/23\\\/per-gli-speciali-di-bellunopress-pubblichiamo-un-articolo-di-sante-rossetto-su-un-omicidio-commesso-trecento-anni-fa-a-canale-dagordo\\\/#primaryimage\",\"url\":\"http:\\\/\\\/www.bellunopress.it\\\/wp-content\\\/uploads\\\/2009\\\/09\\\/omicidio-1700.jpg\",\"contentUrl\":\"http:\\\/\\\/www.bellunopress.it\\\/wp-content\\\/uploads\\\/2009\\\/09\\\/omicidio-1700.jpg\"},{\"@type\":\"BreadcrumbList\",\"@id\":\"https:\\\/\\\/www.bellunopress.it\\\/2009\\\/09\\\/23\\\/per-gli-speciali-di-bellunopress-pubblichiamo-un-articolo-di-sante-rossetto-su-un-omicidio-commesso-trecento-anni-fa-a-canale-dagordo\\\/#breadcrumb\",\"itemListElement\":[{\"@type\":\"ListItem\",\"position\":1,\"name\":\"Home\",\"item\":\"https:\\\/\\\/www.bellunopress.it\\\/\"},{\"@type\":\"ListItem\",\"position\":2,\"name\":\"Per gli Speciali di Bellunopress, pubblichiamo un articolo del giornalista e scrittore Sante Rossetto su un omicidio commesso trecento anni fa a Canale d&#8217;Agordo\"}]},{\"@type\":\"WebSite\",\"@id\":\"https:\\\/\\\/www.bellunopress.it\\\/#website\",\"url\":\"https:\\\/\\\/www.bellunopress.it\\\/\",\"name\":\"Bellunopress - Dolomiti\",\"description\":\"e-mail: redazione@bellunopress.it\",\"publisher\":{\"@id\":\"https:\\\/\\\/www.bellunopress.it\\\/#organization\"},\"potentialAction\":[{\"@type\":\"SearchAction\",\"target\":{\"@type\":\"EntryPoint\",\"urlTemplate\":\"https:\\\/\\\/www.bellunopress.it\\\/?s={search_term_string}\"},\"query-input\":{\"@type\":\"PropertyValueSpecification\",\"valueRequired\":true,\"valueName\":\"search_term_string\"}}],\"inLanguage\":\"fr-FR\"},{\"@type\":\"Organization\",\"@id\":\"https:\\\/\\\/www.bellunopress.it\\\/#organization\",\"name\":\"Bellunopress\",\"url\":\"https:\\\/\\\/www.bellunopress.it\\\/\",\"logo\":{\"@type\":\"ImageObject\",\"inLanguage\":\"fr-FR\",\"@id\":\"https:\\\/\\\/www.bellunopress.it\\\/#\\\/schema\\\/logo\\\/image\\\/\",\"url\":\"https:\\\/\\\/www.bellunopress.it\\\/wp-content\\\/uploads\\\/2011\\\/05\\\/cropped-logo-bellunopress-.jpg\",\"contentUrl\":\"https:\\\/\\\/www.bellunopress.it\\\/wp-content\\\/uploads\\\/2011\\\/05\\\/cropped-logo-bellunopress-.jpg\",\"width\":512,\"height\":512,\"caption\":\"Bellunopress\"},\"image\":{\"@id\":\"https:\\\/\\\/www.bellunopress.it\\\/#\\\/schema\\\/logo\\\/image\\\/\"},\"sameAs\":[\"https:\\\/\\\/www.facebook.com\\\/profile.php?id=100008943462799\",\"https:\\\/\\\/x.com\\\/bellunopress\",\"https:\\\/\\\/www.linkedin.com\\\/hp\\\/?dnr=JBzUWaJfMUw8vbXJJ2tVW5-I3jZKvC4wsoxE&amp;amp;amp;amp;amp;amp;trk=nav_responsive_tab_home\",\"https:\\\/\\\/www.youtube.com\\\/channel\\\/UCxL0wu1uN0_3_7hGG0306cw\"]},{\"@type\":\"Person\",\"@id\":\"https:\\\/\\\/www.bellunopress.it\\\/#\\\/schema\\\/person\\\/79bb06722b37ece1c03d3e94beb30d73\",\"name\":\"redazione\",\"image\":{\"@type\":\"ImageObject\",\"inLanguage\":\"fr-FR\",\"@id\":\"https:\\\/\\\/secure.gravatar.com\\\/avatar\\\/37d968a2e67a6fd04c169c4bdef102d0bc5d31b2546345219e348575eb80e9a0?s=96&d=mm&r=g\",\"url\":\"https:\\\/\\\/secure.gravatar.com\\\/avatar\\\/37d968a2e67a6fd04c169c4bdef102d0bc5d31b2546345219e348575eb80e9a0?s=96&d=mm&r=g\",\"contentUrl\":\"https:\\\/\\\/secure.gravatar.com\\\/avatar\\\/37d968a2e67a6fd04c169c4bdef102d0bc5d31b2546345219e348575eb80e9a0?s=96&d=mm&r=g\",\"caption\":\"redazione\"},\"sameAs\":[\"http:\\\/\\\/www.bellunopress.it\",\"https:\\\/\\\/x.com\\\/bellunopress\"],\"url\":\"https:\\\/\\\/www.bellunopress.it\\\/fr\\\/author\\\/redazione\\\/\"}]}<\/script>\n<!-- \/ Yoast SEO plugin. -->","yoast_head_json":{"title":"Per gli Speciali di Bellunopress, pubblichiamo un articolo del giornalista e scrittore Sante Rossetto su un omicidio commesso trecento anni fa a Canale d'Agordo - Bellunopress - Dolomiti","robots":{"index":"index","follow":"follow","max-snippet":"max-snippet:-1","max-image-preview":"max-image-preview:large","max-video-preview":"max-video-preview:-1"},"canonical":"https:\/\/www.bellunopress.it\/fr\/2009\/09\/23\/per-gli-speciali-di-bellunopress-pubblichiamo-un-articolo-di-sante-rossetto-su-un-omicidio-commesso-trecento-anni-fa-a-canale-dagordo\/","og_locale":"fr_FR","og_type":"article","og_title":"Per gli Speciali di Bellunopress, pubblichiamo un articolo del giornalista e scrittore Sante Rossetto su un omicidio commesso trecento anni fa a Canale d'Agordo - Bellunopress - Dolomiti","og_description":"Ammazza il marito, lo fa a pezzi e lo seppellisce nel campo Le carte degli archivi, se consultate, ci regalano storie di cronaca curiose, commoventi o tragiche. Come quella che \u00e8 accaduta nel 1734 a Fregona di Canale d&#8217;Agordo. Qui vive la famiglia di\u00a0 Battista Scola, sposato con Marieta e i loro due figli Apollonio [&hellip;]","og_url":"https:\/\/www.bellunopress.it\/fr\/2009\/09\/23\/per-gli-speciali-di-bellunopress-pubblichiamo-un-articolo-di-sante-rossetto-su-un-omicidio-commesso-trecento-anni-fa-a-canale-dagordo\/","og_site_name":"Bellunopress - Dolomiti","article_publisher":"https:\/\/www.facebook.com\/profile.php?id=100008943462799","article_published_time":"2009-09-23T22:10:53+00:00","article_modified_time":"2010-02-19T14:07:27+00:00","og_image":[{"url":"http:\/\/www.bellunopress.it\/wp-content\/uploads\/2009\/09\/omicidio-1700.jpg","type":"","width":"","height":""}],"author":"redazione","twitter_card":"summary_large_image","twitter_creator":"@bellunopress","twitter_site":"@bellunopress","twitter_misc":{"\u00c9crit par":"redazione","Dur\u00e9e de lecture estim\u00e9e":"4 minutes"},"schema":{"@context":"https:\/\/schema.org","@graph":[{"@type":"Article","@id":"https:\/\/www.bellunopress.it\/2009\/09\/23\/per-gli-speciali-di-bellunopress-pubblichiamo-un-articolo-di-sante-rossetto-su-un-omicidio-commesso-trecento-anni-fa-a-canale-dagordo\/#article","isPartOf":{"@id":"https:\/\/www.bellunopress.it\/2009\/09\/23\/per-gli-speciali-di-bellunopress-pubblichiamo-un-articolo-di-sante-rossetto-su-un-omicidio-commesso-trecento-anni-fa-a-canale-dagordo\/"},"author":{"name":"redazione","@id":"https:\/\/www.bellunopress.it\/#\/schema\/person\/79bb06722b37ece1c03d3e94beb30d73"},"headline":"Per gli Speciali di Bellunopress, pubblichiamo un articolo del giornalista e scrittore Sante Rossetto su un omicidio commesso trecento anni fa a Canale d&#8217;Agordo","datePublished":"2009-09-23T22:10:53+00:00","dateModified":"2010-02-19T14:07:27+00:00","mainEntityOfPage":{"@id":"https:\/\/www.bellunopress.it\/2009\/09\/23\/per-gli-speciali-di-bellunopress-pubblichiamo-un-articolo-di-sante-rossetto-su-un-omicidio-commesso-trecento-anni-fa-a-canale-dagordo\/"},"wordCount":846,"publisher":{"@id":"https:\/\/www.bellunopress.it\/#organization"},"image":{"@id":"https:\/\/www.bellunopress.it\/2009\/09\/23\/per-gli-speciali-di-bellunopress-pubblichiamo-un-articolo-di-sante-rossetto-su-un-omicidio-commesso-trecento-anni-fa-a-canale-dagordo\/#primaryimage"},"thumbnailUrl":"http:\/\/www.bellunopress.it\/wp-content\/uploads\/2009\/09\/omicidio-1700.jpg","keywords":["omicidio a canale d'agordo","Sante Rossetto"],"articleSection":["Gli speciali di Bellunopress","Prima Pagina"],"inLanguage":"fr-FR"},{"@type":"WebPage","@id":"https:\/\/www.bellunopress.it\/2009\/09\/23\/per-gli-speciali-di-bellunopress-pubblichiamo-un-articolo-di-sante-rossetto-su-un-omicidio-commesso-trecento-anni-fa-a-canale-dagordo\/","url":"https:\/\/www.bellunopress.it\/2009\/09\/23\/per-gli-speciali-di-bellunopress-pubblichiamo-un-articolo-di-sante-rossetto-su-un-omicidio-commesso-trecento-anni-fa-a-canale-dagordo\/","name":"Per gli Speciali di Bellunopress, pubblichiamo un articolo del giornalista e scrittore Sante Rossetto su un omicidio commesso trecento anni fa a Canale d'Agordo - Bellunopress - Dolomiti","isPartOf":{"@id":"https:\/\/www.bellunopress.it\/#website"},"primaryImageOfPage":{"@id":"https:\/\/www.bellunopress.it\/2009\/09\/23\/per-gli-speciali-di-bellunopress-pubblichiamo-un-articolo-di-sante-rossetto-su-un-omicidio-commesso-trecento-anni-fa-a-canale-dagordo\/#primaryimage"},"image":{"@id":"https:\/\/www.bellunopress.it\/2009\/09\/23\/per-gli-speciali-di-bellunopress-pubblichiamo-un-articolo-di-sante-rossetto-su-un-omicidio-commesso-trecento-anni-fa-a-canale-dagordo\/#primaryimage"},"thumbnailUrl":"http:\/\/www.bellunopress.it\/wp-content\/uploads\/2009\/09\/omicidio-1700.jpg","datePublished":"2009-09-23T22:10:53+00:00","dateModified":"2010-02-19T14:07:27+00:00","breadcrumb":{"@id":"https:\/\/www.bellunopress.it\/2009\/09\/23\/per-gli-speciali-di-bellunopress-pubblichiamo-un-articolo-di-sante-rossetto-su-un-omicidio-commesso-trecento-anni-fa-a-canale-dagordo\/#breadcrumb"},"inLanguage":"fr-FR","potentialAction":[{"@type":"ReadAction","target":["https:\/\/www.bellunopress.it\/2009\/09\/23\/per-gli-speciali-di-bellunopress-pubblichiamo-un-articolo-di-sante-rossetto-su-un-omicidio-commesso-trecento-anni-fa-a-canale-dagordo\/"]}]},{"@type":"ImageObject","inLanguage":"fr-FR","@id":"https:\/\/www.bellunopress.it\/2009\/09\/23\/per-gli-speciali-di-bellunopress-pubblichiamo-un-articolo-di-sante-rossetto-su-un-omicidio-commesso-trecento-anni-fa-a-canale-dagordo\/#primaryimage","url":"http:\/\/www.bellunopress.it\/wp-content\/uploads\/2009\/09\/omicidio-1700.jpg","contentUrl":"http:\/\/www.bellunopress.it\/wp-content\/uploads\/2009\/09\/omicidio-1700.jpg"},{"@type":"BreadcrumbList","@id":"https:\/\/www.bellunopress.it\/2009\/09\/23\/per-gli-speciali-di-bellunopress-pubblichiamo-un-articolo-di-sante-rossetto-su-un-omicidio-commesso-trecento-anni-fa-a-canale-dagordo\/#breadcrumb","itemListElement":[{"@type":"ListItem","position":1,"name":"Home","item":"https:\/\/www.bellunopress.it\/"},{"@type":"ListItem","position":2,"name":"Per gli Speciali di Bellunopress, pubblichiamo un articolo del giornalista e scrittore Sante Rossetto su un omicidio commesso trecento anni fa a Canale d&#8217;Agordo"}]},{"@type":"WebSite","@id":"https:\/\/www.bellunopress.it\/#website","url":"https:\/\/www.bellunopress.it\/","name":"Bellunopress - Dolomiti","description":"e-mail: redazione@bellunopress.it","publisher":{"@id":"https:\/\/www.bellunopress.it\/#organization"},"potentialAction":[{"@type":"SearchAction","target":{"@type":"EntryPoint","urlTemplate":"https:\/\/www.bellunopress.it\/?s={search_term_string}"},"query-input":{"@type":"PropertyValueSpecification","valueRequired":true,"valueName":"search_term_string"}}],"inLanguage":"fr-FR"},{"@type":"Organization","@id":"https:\/\/www.bellunopress.it\/#organization","name":"Bellunopress","url":"https:\/\/www.bellunopress.it\/","logo":{"@type":"ImageObject","inLanguage":"fr-FR","@id":"https:\/\/www.bellunopress.it\/#\/schema\/logo\/image\/","url":"https:\/\/www.bellunopress.it\/wp-content\/uploads\/2011\/05\/cropped-logo-bellunopress-.jpg","contentUrl":"https:\/\/www.bellunopress.it\/wp-content\/uploads\/2011\/05\/cropped-logo-bellunopress-.jpg","width":512,"height":512,"caption":"Bellunopress"},"image":{"@id":"https:\/\/www.bellunopress.it\/#\/schema\/logo\/image\/"},"sameAs":["https:\/\/www.facebook.com\/profile.php?id=100008943462799","https:\/\/x.com\/bellunopress","https:\/\/www.linkedin.com\/hp\/?dnr=JBzUWaJfMUw8vbXJJ2tVW5-I3jZKvC4wsoxE&amp;amp;amp;amp;amp;amp;trk=nav_responsive_tab_home","https:\/\/www.youtube.com\/channel\/UCxL0wu1uN0_3_7hGG0306cw"]},{"@type":"Person","@id":"https:\/\/www.bellunopress.it\/#\/schema\/person\/79bb06722b37ece1c03d3e94beb30d73","name":"r\u00e9daction","image":{"@type":"ImageObject","inLanguage":"fr-FR","@id":"https:\/\/secure.gravatar.com\/avatar\/37d968a2e67a6fd04c169c4bdef102d0bc5d31b2546345219e348575eb80e9a0?s=96&d=mm&r=g","url":"https:\/\/secure.gravatar.com\/avatar\/37d968a2e67a6fd04c169c4bdef102d0bc5d31b2546345219e348575eb80e9a0?s=96&d=mm&r=g","contentUrl":"https:\/\/secure.gravatar.com\/avatar\/37d968a2e67a6fd04c169c4bdef102d0bc5d31b2546345219e348575eb80e9a0?s=96&d=mm&r=g","caption":"redazione"},"sameAs":["http:\/\/www.bellunopress.it","https:\/\/x.com\/bellunopress"],"url":"https:\/\/www.bellunopress.it\/fr\/author\/redazione\/"}]}},"_links":{"self":[{"href":"https:\/\/www.bellunopress.it\/fr\/wp-json\/wp\/v2\/posts\/8369","targetHints":{"allow":["GET"]}}],"collection":[{"href":"https:\/\/www.bellunopress.it\/fr\/wp-json\/wp\/v2\/posts"}],"about":[{"href":"https:\/\/www.bellunopress.it\/fr\/wp-json\/wp\/v2\/types\/post"}],"author":[{"embeddable":true,"href":"https:\/\/www.bellunopress.it\/fr\/wp-json\/wp\/v2\/users\/2"}],"replies":[{"embeddable":true,"href":"https:\/\/www.bellunopress.it\/fr\/wp-json\/wp\/v2\/comments?post=8369"}],"version-history":[{"count":4,"href":"https:\/\/www.bellunopress.it\/fr\/wp-json\/wp\/v2\/posts\/8369\/revisions"}],"predecessor-version":[{"id":12698,"href":"https:\/\/www.bellunopress.it\/fr\/wp-json\/wp\/v2\/posts\/8369\/revisions\/12698"}],"wp:attachment":[{"href":"https:\/\/www.bellunopress.it\/fr\/wp-json\/wp\/v2\/media?parent=8369"}],"wp:term":[{"taxonomy":"category","embeddable":true,"href":"https:\/\/www.bellunopress.it\/fr\/wp-json\/wp\/v2\/categories?post=8369"},{"taxonomy":"post_tag","embeddable":true,"href":"https:\/\/www.bellunopress.it\/fr\/wp-json\/wp\/v2\/tags?post=8369"}],"curies":[{"name":"wp","href":"https:\/\/api.w.org\/{rel}","templated":true}]}}