{"id":8363,"date":"2009-09-23T21:32:52","date_gmt":"2009-09-23T20:32:52","guid":{"rendered":"http:\/\/www.bellunopress.it\/?p=8363"},"modified":"2009-09-23T21:32:52","modified_gmt":"2009-09-23T20:32:52","slug":"impronte-sul-vento-venerdi-in-croazia","status":"publish","type":"post","link":"https:\/\/www.bellunopress.it\/fr\/2009\/09\/23\/impronte-sul-vento-venerdi-in-croazia\/","title":{"rendered":"&#8220;Impronte sul vento&#8221; venerd\u00ec in Croazia"},"content":{"rendered":"<p><a href=\"http:\/\/www.bellunopress.it\/wp-content\/uploads\/2009\/09\/impronte-nicola-della-colletta-enrico-gasperi-marco-valentino-francesco-de-bon.jpg\"><img loading=\"lazy\" decoding=\"async\" class=\"alignleft size-medium wp-image-8364\" title=\"impronte-nicola-della-colletta-enrico-gasperi-marco-valentino-francesco-de-bon\" src=\"http:\/\/www.bellunopress.it\/wp-content\/uploads\/2009\/09\/impronte-nicola-della-colletta-enrico-gasperi-marco-valentino-francesco-de-bon.jpg\" alt=\"\" width=\"280\" height=\"210\" \/><\/a>Trasferta croata per la compagnia bellunese di teatri sonori \u201cImpronte sul vento\u201dche si esibir\u00e0 venerd\u00ec 25 settembre a Rieka\/Fiume con lo spettacolo di musica e poesia Labirinti, dopo l&#8217;ultima esibizione estiva il 9 agosto scorso a Lamosano. Il gruppo composto da Nicola Della Colletta (chitarra), Enrico Gasperi (voce recitante),\u00a0 Marco Valentino (chitarra e voce) Francesco De Bon (chitarra, percussioni e voce), si \u00e8 costituito nel 2007 all&#8217;interno dell&#8217;Associazione Culturale Verba Volant, ma \u00e8 nato gi\u00e0 nel 2001 come costola della compagnia di teatro danza e multimedialit\u00e0 Passinversi, da un&#8217;idea di Enrico Gasperi e Marco Valentino. Labirinti \u00e8 uno spettacolo di poesia, musica e canzoni organizzato in moduli tematici,\u00a0 una performance poetico musicale, figlia dello spettacolo multimediale di teatro danza e video ARITMIE SENTIMENTALI, che fu lo spettacolo d\u2019esordio della Compagnia di teatro danza PassInversi guidata dalla danzatrice e coreografa Laura Zago. La prima parte dello spettacolo racconta una specie di storia amorosa, dai primi approcci, agli amori impossibili, alle delusioni alle sofferenze fino all\u2019amore a lungo inseguito e finalmente incontrato. Con una chiusa ironica e autoironica. La secoda parte contiene micro riflessioni su aspetti sociali, politici, filosofici, insomma parla di tutta la vita eccetto dell\u2019amore. Le poesie sono di Enrico Gasperi; le musiche originali, che accompagnano e dialogano con i versi\u00a0 di Francesco De Bon, Nicola Della Colletta e Marco Valentino; le canzoni sono di alcuni dei pi\u00f9 importanti autori del Novecento (De Andr\u00e8, Tenco, Fossati, Vian\u2026) eccetto \u201cAccattone d\u2019amore\u201d di Gasperi \u2013 Valentino, \u201cNon pi\u00f9 cittadini\u201d di Gasperi Della Colletta e \u201cGoccia\u201d di De Bon<br \/>\nL&#8217;evento organizzato dall&#8217;Asosciazione degli scrittori croati, patrocinata dal Ministero della Cultura della Croazia, si avvale della collaborazione dell&#8217;associazione \u201cIniziativa europea\u201d di Trieste.<br \/>\nParteciperanno all&#8217;evento anchei poeti triestini Marina Moretti e Claudio Grisancich ed artisti croati di lingua italiana ecroata (presentati nella traduzione in italiano da Diana Rosandic, la poetessa croata che aveva partecipato\u00a0 insieme a Giacomo Scotti la scorsa primavera a Limana e Pedavena\u00a0 a Transcuture\u00a0 2009,la rassegna di musica letteratura e posia organizzata dall&#8217;associazione culturale Verba Volant. L&#8217;evento \u00e8 organizzato dall&#8217;Associazione degli scrittori croati, patrocinata dal Ministero della Cultura della Croazia, in collaborazione con l&#8217;associazione Iniziativa Europea di Trieste e dall&#8217;Associazione Culturale Verba Volant.<\/p>","protected":false},"excerpt":{"rendered":"<p>Trasferta croata per la compagnia bellunese di teatri sonori \u201cImpronte sul vento\u201dche si esibir\u00e0 venerd\u00ec 25 settembre a Rieka\/Fiume con lo spettacolo di musica e poesia Labirinti, dopo l&#8217;ultima esibizione estiva il 9 agosto scorso a Lamosano. Il gruppo composto da Nicola Della Colletta (chitarra), Enrico Gasperi (voce recitante),\u00a0 Marco Valentino (chitarra e voce) Francesco [&hellip;]<\/p>\n","protected":false},"author":2,"featured_media":0,"comment_status":"closed","ping_status":"open","sticky":false,"template":"","format":"standard","meta":{"footnotes":""},"categories":[3,25],"tags":[139],"class_list":["post-8363","post","type-post","status-publish","format-standard","category-arte-cultura-spettacoli-scienza-archivi","category-pausa-caffe","tag-belluno"],"yoast_head":"<!-- This site is optimized with the Yoast SEO plugin v28.4 - https:\/\/yoast.com\/product\/yoast-seo-wordpress\/ -->\n<title>&quot;Impronte sul vento&quot; venerd\u00ec in Croazia  - Bellunopress - Dolomiti<\/title>\n<meta name=\"robots\" content=\"index, follow, max-snippet:-1, max-image-preview:large, max-video-preview:-1\" \/>\n<link rel=\"canonical\" href=\"https:\/\/www.bellunopress.it\/fr\/2009\/09\/23\/impronte-sul-vento-venerdi-in-croazia\/\" \/>\n<meta property=\"og:locale\" content=\"fr_FR\" \/>\n<meta property=\"og:type\" content=\"article\" \/>\n<meta property=\"og:title\" content=\"&quot;Impronte sul vento&quot; venerd\u00ec in Croazia  - Bellunopress - Dolomiti\" \/>\n<meta property=\"og:description\" content=\"Trasferta croata per la compagnia bellunese di teatri sonori \u201cImpronte sul vento\u201dche si esibir\u00e0 venerd\u00ec 25 settembre a Rieka\/Fiume con lo spettacolo di musica e poesia Labirinti, dopo l&#8217;ultima esibizione estiva il 9 agosto scorso a Lamosano. Il gruppo composto da Nicola Della Colletta (chitarra), Enrico Gasperi (voce recitante),\u00a0 Marco Valentino (chitarra e voce) Francesco [&hellip;]\" \/>\n<meta property=\"og:url\" content=\"https:\/\/www.bellunopress.it\/fr\/2009\/09\/23\/impronte-sul-vento-venerdi-in-croazia\/\" \/>\n<meta property=\"og:site_name\" content=\"Bellunopress - Dolomiti\" \/>\n<meta property=\"article:publisher\" content=\"https:\/\/www.facebook.com\/profile.php?id=100008943462799\" \/>\n<meta property=\"article:published_time\" content=\"2009-09-23T20:32:52+00:00\" \/>\n<meta property=\"og:image\" content=\"http:\/\/www.bellunopress.it\/wp-content\/uploads\/2009\/09\/impronte-nicola-della-colletta-enrico-gasperi-marco-valentino-francesco-de-bon.jpg\" \/>\n<meta name=\"author\" content=\"redazione\" \/>\n<meta name=\"twitter:card\" content=\"summary_large_image\" \/>\n<meta name=\"twitter:creator\" content=\"@bellunopress\" \/>\n<meta name=\"twitter:site\" content=\"@bellunopress\" \/>\n<meta name=\"twitter:label1\" content=\"\u00c9crit par\" \/>\n\t<meta name=\"twitter:data1\" content=\"redazione\" \/>\n\t<meta name=\"twitter:label2\" content=\"Dur\u00e9e de lecture estim\u00e9e\" \/>\n\t<meta name=\"twitter:data2\" content=\"2 minutes\" \/>\n<script type=\"application\/ld+json\" class=\"yoast-schema-graph\">{\"@context\":\"https:\\\/\\\/schema.org\",\"@graph\":[{\"@type\":\"Article\",\"@id\":\"https:\\\/\\\/www.bellunopress.it\\\/2009\\\/09\\\/23\\\/impronte-sul-vento-venerdi-in-croazia\\\/#article\",\"isPartOf\":{\"@id\":\"https:\\\/\\\/www.bellunopress.it\\\/2009\\\/09\\\/23\\\/impronte-sul-vento-venerdi-in-croazia\\\/\"},\"author\":{\"name\":\"redazione\",\"@id\":\"https:\\\/\\\/www.bellunopress.it\\\/#\\\/schema\\\/person\\\/79bb06722b37ece1c03d3e94beb30d73\"},\"headline\":\"&#8220;Impronte sul vento&#8221; venerd\u00ec in Croazia\",\"datePublished\":\"2009-09-23T20:32:52+00:00\",\"mainEntityOfPage\":{\"@id\":\"https:\\\/\\\/www.bellunopress.it\\\/2009\\\/09\\\/23\\\/impronte-sul-vento-venerdi-in-croazia\\\/\"},\"wordCount\":377,\"publisher\":{\"@id\":\"https:\\\/\\\/www.bellunopress.it\\\/#organization\"},\"image\":{\"@id\":\"https:\\\/\\\/www.bellunopress.it\\\/2009\\\/09\\\/23\\\/impronte-sul-vento-venerdi-in-croazia\\\/#primaryimage\"},\"thumbnailUrl\":\"http:\\\/\\\/www.bellunopress.it\\\/wp-content\\\/uploads\\\/2009\\\/09\\\/impronte-nicola-della-colletta-enrico-gasperi-marco-valentino-francesco-de-bon.jpg\",\"keywords\":[\"Belluno\"],\"articleSection\":[\"Arte, Cultura, Spettacoli, Scienza\",\"Pausa Caff\u00e8\"],\"inLanguage\":\"fr-FR\"},{\"@type\":\"WebPage\",\"@id\":\"https:\\\/\\\/www.bellunopress.it\\\/2009\\\/09\\\/23\\\/impronte-sul-vento-venerdi-in-croazia\\\/\",\"url\":\"https:\\\/\\\/www.bellunopress.it\\\/2009\\\/09\\\/23\\\/impronte-sul-vento-venerdi-in-croazia\\\/\",\"name\":\"\\\"Impronte sul vento\\\" venerd\u00ec in Croazia - Bellunopress - Dolomiti\",\"isPartOf\":{\"@id\":\"https:\\\/\\\/www.bellunopress.it\\\/#website\"},\"primaryImageOfPage\":{\"@id\":\"https:\\\/\\\/www.bellunopress.it\\\/2009\\\/09\\\/23\\\/impronte-sul-vento-venerdi-in-croazia\\\/#primaryimage\"},\"image\":{\"@id\":\"https:\\\/\\\/www.bellunopress.it\\\/2009\\\/09\\\/23\\\/impronte-sul-vento-venerdi-in-croazia\\\/#primaryimage\"},\"thumbnailUrl\":\"http:\\\/\\\/www.bellunopress.it\\\/wp-content\\\/uploads\\\/2009\\\/09\\\/impronte-nicola-della-colletta-enrico-gasperi-marco-valentino-francesco-de-bon.jpg\",\"datePublished\":\"2009-09-23T20:32:52+00:00\",\"breadcrumb\":{\"@id\":\"https:\\\/\\\/www.bellunopress.it\\\/2009\\\/09\\\/23\\\/impronte-sul-vento-venerdi-in-croazia\\\/#breadcrumb\"},\"inLanguage\":\"fr-FR\",\"potentialAction\":[{\"@type\":\"ReadAction\",\"target\":[\"https:\\\/\\\/www.bellunopress.it\\\/2009\\\/09\\\/23\\\/impronte-sul-vento-venerdi-in-croazia\\\/\"]}]},{\"@type\":\"ImageObject\",\"inLanguage\":\"fr-FR\",\"@id\":\"https:\\\/\\\/www.bellunopress.it\\\/2009\\\/09\\\/23\\\/impronte-sul-vento-venerdi-in-croazia\\\/#primaryimage\",\"url\":\"http:\\\/\\\/www.bellunopress.it\\\/wp-content\\\/uploads\\\/2009\\\/09\\\/impronte-nicola-della-colletta-enrico-gasperi-marco-valentino-francesco-de-bon.jpg\",\"contentUrl\":\"http:\\\/\\\/www.bellunopress.it\\\/wp-content\\\/uploads\\\/2009\\\/09\\\/impronte-nicola-della-colletta-enrico-gasperi-marco-valentino-francesco-de-bon.jpg\"},{\"@type\":\"BreadcrumbList\",\"@id\":\"https:\\\/\\\/www.bellunopress.it\\\/2009\\\/09\\\/23\\\/impronte-sul-vento-venerdi-in-croazia\\\/#breadcrumb\",\"itemListElement\":[{\"@type\":\"ListItem\",\"position\":1,\"name\":\"Home\",\"item\":\"https:\\\/\\\/www.bellunopress.it\\\/\"},{\"@type\":\"ListItem\",\"position\":2,\"name\":\"&#8220;Impronte sul vento&#8221; venerd\u00ec in Croazia\"}]},{\"@type\":\"WebSite\",\"@id\":\"https:\\\/\\\/www.bellunopress.it\\\/#website\",\"url\":\"https:\\\/\\\/www.bellunopress.it\\\/\",\"name\":\"Bellunopress - Dolomiti\",\"description\":\"e-mail: redazione@bellunopress.it\",\"publisher\":{\"@id\":\"https:\\\/\\\/www.bellunopress.it\\\/#organization\"},\"potentialAction\":[{\"@type\":\"SearchAction\",\"target\":{\"@type\":\"EntryPoint\",\"urlTemplate\":\"https:\\\/\\\/www.bellunopress.it\\\/?s={search_term_string}\"},\"query-input\":{\"@type\":\"PropertyValueSpecification\",\"valueRequired\":true,\"valueName\":\"search_term_string\"}}],\"inLanguage\":\"fr-FR\"},{\"@type\":\"Organization\",\"@id\":\"https:\\\/\\\/www.bellunopress.it\\\/#organization\",\"name\":\"Bellunopress\",\"url\":\"https:\\\/\\\/www.bellunopress.it\\\/\",\"logo\":{\"@type\":\"ImageObject\",\"inLanguage\":\"fr-FR\",\"@id\":\"https:\\\/\\\/www.bellunopress.it\\\/#\\\/schema\\\/logo\\\/image\\\/\",\"url\":\"https:\\\/\\\/www.bellunopress.it\\\/wp-content\\\/uploads\\\/2011\\\/05\\\/cropped-logo-bellunopress-.jpg\",\"contentUrl\":\"https:\\\/\\\/www.bellunopress.it\\\/wp-content\\\/uploads\\\/2011\\\/05\\\/cropped-logo-bellunopress-.jpg\",\"width\":512,\"height\":512,\"caption\":\"Bellunopress\"},\"image\":{\"@id\":\"https:\\\/\\\/www.bellunopress.it\\\/#\\\/schema\\\/logo\\\/image\\\/\"},\"sameAs\":[\"https:\\\/\\\/www.facebook.com\\\/profile.php?id=100008943462799\",\"https:\\\/\\\/x.com\\\/bellunopress\",\"https:\\\/\\\/www.linkedin.com\\\/hp\\\/?dnr=JBzUWaJfMUw8vbXJJ2tVW5-I3jZKvC4wsoxE&amp;amp;amp;amp;amp;amp;trk=nav_responsive_tab_home\",\"https:\\\/\\\/www.youtube.com\\\/channel\\\/UCxL0wu1uN0_3_7hGG0306cw\"]},{\"@type\":\"Person\",\"@id\":\"https:\\\/\\\/www.bellunopress.it\\\/#\\\/schema\\\/person\\\/79bb06722b37ece1c03d3e94beb30d73\",\"name\":\"redazione\",\"image\":{\"@type\":\"ImageObject\",\"inLanguage\":\"fr-FR\",\"@id\":\"https:\\\/\\\/secure.gravatar.com\\\/avatar\\\/37d968a2e67a6fd04c169c4bdef102d0bc5d31b2546345219e348575eb80e9a0?s=96&d=mm&r=g\",\"url\":\"https:\\\/\\\/secure.gravatar.com\\\/avatar\\\/37d968a2e67a6fd04c169c4bdef102d0bc5d31b2546345219e348575eb80e9a0?s=96&d=mm&r=g\",\"contentUrl\":\"https:\\\/\\\/secure.gravatar.com\\\/avatar\\\/37d968a2e67a6fd04c169c4bdef102d0bc5d31b2546345219e348575eb80e9a0?s=96&d=mm&r=g\",\"caption\":\"redazione\"},\"sameAs\":[\"http:\\\/\\\/www.bellunopress.it\",\"https:\\\/\\\/x.com\\\/bellunopress\"],\"url\":\"https:\\\/\\\/www.bellunopress.it\\\/fr\\\/author\\\/redazione\\\/\"}]}<\/script>\n<!-- \/ Yoast SEO plugin. -->","yoast_head_json":{"title":"\"Impronte sul vento\" venerd\u00ec in Croazia  - Bellunopress - Dolomiti","robots":{"index":"index","follow":"follow","max-snippet":"max-snippet:-1","max-image-preview":"max-image-preview:large","max-video-preview":"max-video-preview:-1"},"canonical":"https:\/\/www.bellunopress.it\/fr\/2009\/09\/23\/impronte-sul-vento-venerdi-in-croazia\/","og_locale":"fr_FR","og_type":"article","og_title":"\"Impronte sul vento\" venerd\u00ec in Croazia  - Bellunopress - Dolomiti","og_description":"Trasferta croata per la compagnia bellunese di teatri sonori \u201cImpronte sul vento\u201dche si esibir\u00e0 venerd\u00ec 25 settembre a Rieka\/Fiume con lo spettacolo di musica e poesia Labirinti, dopo l&#8217;ultima esibizione estiva il 9 agosto scorso a Lamosano. Il gruppo composto da Nicola Della Colletta (chitarra), Enrico Gasperi (voce recitante),\u00a0 Marco Valentino (chitarra e voce) Francesco [&hellip;]","og_url":"https:\/\/www.bellunopress.it\/fr\/2009\/09\/23\/impronte-sul-vento-venerdi-in-croazia\/","og_site_name":"Bellunopress - Dolomiti","article_publisher":"https:\/\/www.facebook.com\/profile.php?id=100008943462799","article_published_time":"2009-09-23T20:32:52+00:00","og_image":[{"url":"http:\/\/www.bellunopress.it\/wp-content\/uploads\/2009\/09\/impronte-nicola-della-colletta-enrico-gasperi-marco-valentino-francesco-de-bon.jpg","type":"","width":"","height":""}],"author":"redazione","twitter_card":"summary_large_image","twitter_creator":"@bellunopress","twitter_site":"@bellunopress","twitter_misc":{"\u00c9crit par":"redazione","Dur\u00e9e de lecture estim\u00e9e":"2 minutes"},"schema":{"@context":"https:\/\/schema.org","@graph":[{"@type":"Article","@id":"https:\/\/www.bellunopress.it\/2009\/09\/23\/impronte-sul-vento-venerdi-in-croazia\/#article","isPartOf":{"@id":"https:\/\/www.bellunopress.it\/2009\/09\/23\/impronte-sul-vento-venerdi-in-croazia\/"},"author":{"name":"redazione","@id":"https:\/\/www.bellunopress.it\/#\/schema\/person\/79bb06722b37ece1c03d3e94beb30d73"},"headline":"&#8220;Impronte sul vento&#8221; venerd\u00ec in Croazia","datePublished":"2009-09-23T20:32:52+00:00","mainEntityOfPage":{"@id":"https:\/\/www.bellunopress.it\/2009\/09\/23\/impronte-sul-vento-venerdi-in-croazia\/"},"wordCount":377,"publisher":{"@id":"https:\/\/www.bellunopress.it\/#organization"},"image":{"@id":"https:\/\/www.bellunopress.it\/2009\/09\/23\/impronte-sul-vento-venerdi-in-croazia\/#primaryimage"},"thumbnailUrl":"http:\/\/www.bellunopress.it\/wp-content\/uploads\/2009\/09\/impronte-nicola-della-colletta-enrico-gasperi-marco-valentino-francesco-de-bon.jpg","keywords":["Belluno"],"articleSection":["Arte, Cultura, Spettacoli, Scienza","Pausa Caff\u00e8"],"inLanguage":"fr-FR"},{"@type":"WebPage","@id":"https:\/\/www.bellunopress.it\/2009\/09\/23\/impronte-sul-vento-venerdi-in-croazia\/","url":"https:\/\/www.bellunopress.it\/2009\/09\/23\/impronte-sul-vento-venerdi-in-croazia\/","name":"\"Impronte sul vento\" venerd\u00ec in Croazia - Bellunopress - Dolomiti","isPartOf":{"@id":"https:\/\/www.bellunopress.it\/#website"},"primaryImageOfPage":{"@id":"https:\/\/www.bellunopress.it\/2009\/09\/23\/impronte-sul-vento-venerdi-in-croazia\/#primaryimage"},"image":{"@id":"https:\/\/www.bellunopress.it\/2009\/09\/23\/impronte-sul-vento-venerdi-in-croazia\/#primaryimage"},"thumbnailUrl":"http:\/\/www.bellunopress.it\/wp-content\/uploads\/2009\/09\/impronte-nicola-della-colletta-enrico-gasperi-marco-valentino-francesco-de-bon.jpg","datePublished":"2009-09-23T20:32:52+00:00","breadcrumb":{"@id":"https:\/\/www.bellunopress.it\/2009\/09\/23\/impronte-sul-vento-venerdi-in-croazia\/#breadcrumb"},"inLanguage":"fr-FR","potentialAction":[{"@type":"ReadAction","target":["https:\/\/www.bellunopress.it\/2009\/09\/23\/impronte-sul-vento-venerdi-in-croazia\/"]}]},{"@type":"ImageObject","inLanguage":"fr-FR","@id":"https:\/\/www.bellunopress.it\/2009\/09\/23\/impronte-sul-vento-venerdi-in-croazia\/#primaryimage","url":"http:\/\/www.bellunopress.it\/wp-content\/uploads\/2009\/09\/impronte-nicola-della-colletta-enrico-gasperi-marco-valentino-francesco-de-bon.jpg","contentUrl":"http:\/\/www.bellunopress.it\/wp-content\/uploads\/2009\/09\/impronte-nicola-della-colletta-enrico-gasperi-marco-valentino-francesco-de-bon.jpg"},{"@type":"BreadcrumbList","@id":"https:\/\/www.bellunopress.it\/2009\/09\/23\/impronte-sul-vento-venerdi-in-croazia\/#breadcrumb","itemListElement":[{"@type":"ListItem","position":1,"name":"Home","item":"https:\/\/www.bellunopress.it\/"},{"@type":"ListItem","position":2,"name":"&#8220;Impronte sul vento&#8221; venerd\u00ec in Croazia"}]},{"@type":"WebSite","@id":"https:\/\/www.bellunopress.it\/#website","url":"https:\/\/www.bellunopress.it\/","name":"Bellunopress - Dolomiti","description":"e-mail: redazione@bellunopress.it","publisher":{"@id":"https:\/\/www.bellunopress.it\/#organization"},"potentialAction":[{"@type":"SearchAction","target":{"@type":"EntryPoint","urlTemplate":"https:\/\/www.bellunopress.it\/?s={search_term_string}"},"query-input":{"@type":"PropertyValueSpecification","valueRequired":true,"valueName":"search_term_string"}}],"inLanguage":"fr-FR"},{"@type":"Organization","@id":"https:\/\/www.bellunopress.it\/#organization","name":"Bellunopress","url":"https:\/\/www.bellunopress.it\/","logo":{"@type":"ImageObject","inLanguage":"fr-FR","@id":"https:\/\/www.bellunopress.it\/#\/schema\/logo\/image\/","url":"https:\/\/www.bellunopress.it\/wp-content\/uploads\/2011\/05\/cropped-logo-bellunopress-.jpg","contentUrl":"https:\/\/www.bellunopress.it\/wp-content\/uploads\/2011\/05\/cropped-logo-bellunopress-.jpg","width":512,"height":512,"caption":"Bellunopress"},"image":{"@id":"https:\/\/www.bellunopress.it\/#\/schema\/logo\/image\/"},"sameAs":["https:\/\/www.facebook.com\/profile.php?id=100008943462799","https:\/\/x.com\/bellunopress","https:\/\/www.linkedin.com\/hp\/?dnr=JBzUWaJfMUw8vbXJJ2tVW5-I3jZKvC4wsoxE&amp;amp;amp;amp;amp;amp;trk=nav_responsive_tab_home","https:\/\/www.youtube.com\/channel\/UCxL0wu1uN0_3_7hGG0306cw"]},{"@type":"Person","@id":"https:\/\/www.bellunopress.it\/#\/schema\/person\/79bb06722b37ece1c03d3e94beb30d73","name":"r\u00e9daction","image":{"@type":"ImageObject","inLanguage":"fr-FR","@id":"https:\/\/secure.gravatar.com\/avatar\/37d968a2e67a6fd04c169c4bdef102d0bc5d31b2546345219e348575eb80e9a0?s=96&d=mm&r=g","url":"https:\/\/secure.gravatar.com\/avatar\/37d968a2e67a6fd04c169c4bdef102d0bc5d31b2546345219e348575eb80e9a0?s=96&d=mm&r=g","contentUrl":"https:\/\/secure.gravatar.com\/avatar\/37d968a2e67a6fd04c169c4bdef102d0bc5d31b2546345219e348575eb80e9a0?s=96&d=mm&r=g","caption":"redazione"},"sameAs":["http:\/\/www.bellunopress.it","https:\/\/x.com\/bellunopress"],"url":"https:\/\/www.bellunopress.it\/fr\/author\/redazione\/"}]}},"_links":{"self":[{"href":"https:\/\/www.bellunopress.it\/fr\/wp-json\/wp\/v2\/posts\/8363","targetHints":{"allow":["GET"]}}],"collection":[{"href":"https:\/\/www.bellunopress.it\/fr\/wp-json\/wp\/v2\/posts"}],"about":[{"href":"https:\/\/www.bellunopress.it\/fr\/wp-json\/wp\/v2\/types\/post"}],"author":[{"embeddable":true,"href":"https:\/\/www.bellunopress.it\/fr\/wp-json\/wp\/v2\/users\/2"}],"replies":[{"embeddable":true,"href":"https:\/\/www.bellunopress.it\/fr\/wp-json\/wp\/v2\/comments?post=8363"}],"version-history":[{"count":1,"href":"https:\/\/www.bellunopress.it\/fr\/wp-json\/wp\/v2\/posts\/8363\/revisions"}],"predecessor-version":[{"id":8365,"href":"https:\/\/www.bellunopress.it\/fr\/wp-json\/wp\/v2\/posts\/8363\/revisions\/8365"}],"wp:attachment":[{"href":"https:\/\/www.bellunopress.it\/fr\/wp-json\/wp\/v2\/media?parent=8363"}],"wp:term":[{"taxonomy":"category","embeddable":true,"href":"https:\/\/www.bellunopress.it\/fr\/wp-json\/wp\/v2\/categories?post=8363"},{"taxonomy":"post_tag","embeddable":true,"href":"https:\/\/www.bellunopress.it\/fr\/wp-json\/wp\/v2\/tags?post=8363"}],"curies":[{"name":"wp","href":"https:\/\/api.w.org\/{rel}","templated":true}]}}