{"id":8349,"date":"2009-09-23T19:46:17","date_gmt":"2009-09-23T18:46:17","guid":{"rendered":"http:\/\/www.bellunopress.it\/?p=8349"},"modified":"2009-09-23T19:46:17","modified_gmt":"2009-09-23T18:46:17","slug":"suem-118-incontro-in-regione-sulla-sicurezza-dei-voli","status":"publish","type":"post","link":"https:\/\/www.bellunopress.it\/fr\/2009\/09\/23\/suem-118-incontro-in-regione-sulla-sicurezza-dei-voli\/","title":{"rendered":"Suem 118, incontro in Regione sulla sicurezza dei voli"},"content":{"rendered":"<figure id=\"attachment_7768\" aria-describedby=\"caption-attachment-7768\" style=\"width: 88px\" class=\"wp-caption alignleft\"><a href=\"http:\/\/www.bellunopress.it\/wp-content\/uploads\/2009\/09\/sandro-sandri-assessore-regionale-sanita.jpg\"><img loading=\"lazy\" decoding=\"async\" class=\"size-medium wp-image-7768\" title=\"sandro-sandri-assessore-regionale-sanita\" src=\"http:\/\/www.bellunopress.it\/wp-content\/uploads\/2009\/09\/sandro-sandri-assessore-regionale-sanita.jpg\" alt=\"Sandro Sandri assessore regionale \" width=\"88\" height=\"90\" \/><\/a><figcaption id=\"caption-attachment-7768\" class=\"wp-caption-text\">Sandro Sandri assessore regionale <\/figcaption><\/figure>\n<p>&#8220;Da parte mia c\u2019\u00e8 la totale ed immediata disponibilit\u00e0 ad attivare tutti quei tavoli tecnici, ed eventualmente i colleghi assessori responsabili di altre materie, per garantire il rafforzamento della sicurezza di volo degli elicotteri del 118 e di quella del personale che vi opera, medici, infermieri, piloti, uomini del soccorso alpino\u201d. L\u2019impegno \u00e8 stato preso dall\u2019Assessore regionale alla Sanit\u00e0, Sandro Sandri, al termine di un incontro, tenutosi in Regione, e convocato per affrontare, con tutti gli attori del sistema, le prospettive future del servizio di elisoccorso 118 in Veneto, in particolare alla luce della tragedia che poche settimane fa \u00e8 costata la vita a 4 uomini del 118 di Pieve di Cadore. Con Sandri, erano presenti il Segretario Regionale per la Sanit\u00e0 e il Sociale Giancarlo Ruscitti, i Responsabili dei 118 di Pieve di Cadore, Angelo Costola, di Treviso, Paolo Rosi, di Verona, Giovanni Cipollotti, il Direttore Sanitario dell\u2019Ulss 1 di Belluno, Lucio Di Silvio, ed il Coordinatore del Soccorso Alpino di Belluno, Rufus Bristot. Nel corso dell\u2019incontro \u00e8 emersa la possibilit\u00e0 di mettere a disposizione un fondo speciale della Regione per contribuire, per quanto possibile, ai problemi che le famiglie dovessero affrontare, perch\u00e9 in situazione di particolare difficolt\u00e0 economica, o prive di coperture assicurative. Sulla base della legge regionale (la n. 8 del 1986), la segnalazione in tal senso dovr\u00e0 pervenire dal Sindaco del Comune di residenza. Di stringente urgenza anche la definizione di nuove modalit\u00e0 per redendere pi\u00f9 visibili ai piloti cavi elettrici, teleferiche, impianti di risalita e quant\u2019altro possa trovarsi sulle direttrici di volo degli elicotteri. \u201cCon tutto il rispetto per le necessit\u00e0 dell\u2019ambiente \u2013 ha detto Sandri in proposito \u2013 io penso che una vita umana sia pi\u00f9 importante e quindi ritengo che tutto ci\u00f2 che si pu\u00f2 fare vada fatto senza indugi\u201d. Della questione si occuper\u00e0 un tavolo tecnico coordinato dalla Direzione Regionale Prevenzione. Bristot ha annunciato che il Soccorso Alpino produrr\u00e0 una sua nota scritta contenente alcune proposte da porre sul tavolo. Nel corso dell\u2019incontro, valutati anche gli aspetti assicurativi del settore e la sempre pi\u00f9 pesante problematica degli interventi che il Suem 118 ed il Soccorso Alpino, a volte dal cielo, a volte da terra, sono costretti a compiere per richieste da parte di villeggianti ed escursionisti che non presentano alcun problema sanitario, ma semplicemente si sono persi o sono stanchi, avendo \u201cabusato\u201d delle loro condizioni fisiche.<\/p>","protected":false},"excerpt":{"rendered":"<p>&#8220;Da parte mia c\u2019\u00e8 la totale ed immediata disponibilit\u00e0 ad attivare tutti quei tavoli tecnici, ed eventualmente i colleghi assessori responsabili di altre materie, per garantire il rafforzamento della sicurezza di volo degli elicotteri del 118 e di quella del personale che vi opera, medici, infermieri, piloti, uomini del soccorso alpino\u201d. L\u2019impegno \u00e8 stato preso [&hellip;]<\/p>\n","protected":false},"author":2,"featured_media":0,"comment_status":"closed","ping_status":"open","sticky":false,"template":"","format":"standard","meta":{"footnotes":""},"categories":[5,26],"tags":[139,151],"class_list":["post-8349","post","type-post","status-publish","format-standard","category-cronaca","category-prima-pagina","tag-belluno","tag-cadore"],"yoast_head":"<!-- This site is optimized with the Yoast SEO plugin v28.4 - https:\/\/yoast.com\/product\/yoast-seo-wordpress\/ -->\n<title>Suem 118, incontro in Regione sulla sicurezza dei voli - Bellunopress - Dolomiti<\/title>\n<meta name=\"robots\" content=\"index, follow, max-snippet:-1, max-image-preview:large, max-video-preview:-1\" \/>\n<link rel=\"canonical\" href=\"https:\/\/www.bellunopress.it\/fr\/2009\/09\/23\/suem-118-incontro-in-regione-sulla-sicurezza-dei-voli\/\" \/>\n<meta property=\"og:locale\" content=\"fr_FR\" \/>\n<meta property=\"og:type\" content=\"article\" \/>\n<meta property=\"og:title\" content=\"Suem 118, incontro in Regione sulla sicurezza dei voli - Bellunopress - Dolomiti\" \/>\n<meta property=\"og:description\" content=\"&#8220;Da parte mia c\u2019\u00e8 la totale ed immediata disponibilit\u00e0 ad attivare tutti quei tavoli tecnici, ed eventualmente i colleghi assessori responsabili di altre materie, per garantire il rafforzamento della sicurezza di volo degli elicotteri del 118 e di quella del personale che vi opera, medici, infermieri, piloti, uomini del soccorso alpino\u201d. L\u2019impegno \u00e8 stato preso [&hellip;]\" \/>\n<meta property=\"og:url\" content=\"https:\/\/www.bellunopress.it\/fr\/2009\/09\/23\/suem-118-incontro-in-regione-sulla-sicurezza-dei-voli\/\" \/>\n<meta property=\"og:site_name\" content=\"Bellunopress - Dolomiti\" \/>\n<meta property=\"article:publisher\" content=\"https:\/\/www.facebook.com\/profile.php?id=100008943462799\" \/>\n<meta property=\"article:published_time\" content=\"2009-09-23T18:46:17+00:00\" \/>\n<meta property=\"og:image\" content=\"http:\/\/www.bellunopress.it\/wp-content\/uploads\/2009\/09\/sandro-sandri-assessore-regionale-sanita.jpg\" \/>\n<meta name=\"author\" content=\"redazione\" \/>\n<meta name=\"twitter:card\" content=\"summary_large_image\" \/>\n<meta name=\"twitter:creator\" content=\"@bellunopress\" \/>\n<meta name=\"twitter:site\" content=\"@bellunopress\" \/>\n<meta name=\"twitter:label1\" content=\"\u00c9crit par\" \/>\n\t<meta name=\"twitter:data1\" content=\"redazione\" \/>\n\t<meta name=\"twitter:label2\" content=\"Dur\u00e9e de lecture estim\u00e9e\" \/>\n\t<meta name=\"twitter:data2\" content=\"2 minutes\" \/>\n<script type=\"application\/ld+json\" class=\"yoast-schema-graph\">{\"@context\":\"https:\\\/\\\/schema.org\",\"@graph\":[{\"@type\":\"Article\",\"@id\":\"https:\\\/\\\/www.bellunopress.it\\\/2009\\\/09\\\/23\\\/suem-118-incontro-in-regione-sulla-sicurezza-dei-voli\\\/#article\",\"isPartOf\":{\"@id\":\"https:\\\/\\\/www.bellunopress.it\\\/2009\\\/09\\\/23\\\/suem-118-incontro-in-regione-sulla-sicurezza-dei-voli\\\/\"},\"author\":{\"name\":\"redazione\",\"@id\":\"https:\\\/\\\/www.bellunopress.it\\\/#\\\/schema\\\/person\\\/79bb06722b37ece1c03d3e94beb30d73\"},\"headline\":\"Suem 118, incontro in Regione sulla sicurezza dei voli\",\"datePublished\":\"2009-09-23T18:46:17+00:00\",\"mainEntityOfPage\":{\"@id\":\"https:\\\/\\\/www.bellunopress.it\\\/2009\\\/09\\\/23\\\/suem-118-incontro-in-regione-sulla-sicurezza-dei-voli\\\/\"},\"wordCount\":407,\"publisher\":{\"@id\":\"https:\\\/\\\/www.bellunopress.it\\\/#organization\"},\"image\":{\"@id\":\"https:\\\/\\\/www.bellunopress.it\\\/2009\\\/09\\\/23\\\/suem-118-incontro-in-regione-sulla-sicurezza-dei-voli\\\/#primaryimage\"},\"thumbnailUrl\":\"http:\\\/\\\/www.bellunopress.it\\\/wp-content\\\/uploads\\\/2009\\\/09\\\/sandro-sandri-assessore-regionale-sanita.jpg\",\"keywords\":[\"Belluno\",\"Cadore\"],\"articleSection\":[\"Cronaca\\\/Politica\",\"Prima Pagina\"],\"inLanguage\":\"fr-FR\"},{\"@type\":\"WebPage\",\"@id\":\"https:\\\/\\\/www.bellunopress.it\\\/2009\\\/09\\\/23\\\/suem-118-incontro-in-regione-sulla-sicurezza-dei-voli\\\/\",\"url\":\"https:\\\/\\\/www.bellunopress.it\\\/2009\\\/09\\\/23\\\/suem-118-incontro-in-regione-sulla-sicurezza-dei-voli\\\/\",\"name\":\"Suem 118, incontro in Regione sulla sicurezza dei voli - Bellunopress - Dolomiti\",\"isPartOf\":{\"@id\":\"https:\\\/\\\/www.bellunopress.it\\\/#website\"},\"primaryImageOfPage\":{\"@id\":\"https:\\\/\\\/www.bellunopress.it\\\/2009\\\/09\\\/23\\\/suem-118-incontro-in-regione-sulla-sicurezza-dei-voli\\\/#primaryimage\"},\"image\":{\"@id\":\"https:\\\/\\\/www.bellunopress.it\\\/2009\\\/09\\\/23\\\/suem-118-incontro-in-regione-sulla-sicurezza-dei-voli\\\/#primaryimage\"},\"thumbnailUrl\":\"http:\\\/\\\/www.bellunopress.it\\\/wp-content\\\/uploads\\\/2009\\\/09\\\/sandro-sandri-assessore-regionale-sanita.jpg\",\"datePublished\":\"2009-09-23T18:46:17+00:00\",\"breadcrumb\":{\"@id\":\"https:\\\/\\\/www.bellunopress.it\\\/2009\\\/09\\\/23\\\/suem-118-incontro-in-regione-sulla-sicurezza-dei-voli\\\/#breadcrumb\"},\"inLanguage\":\"fr-FR\",\"potentialAction\":[{\"@type\":\"ReadAction\",\"target\":[\"https:\\\/\\\/www.bellunopress.it\\\/2009\\\/09\\\/23\\\/suem-118-incontro-in-regione-sulla-sicurezza-dei-voli\\\/\"]}]},{\"@type\":\"ImageObject\",\"inLanguage\":\"fr-FR\",\"@id\":\"https:\\\/\\\/www.bellunopress.it\\\/2009\\\/09\\\/23\\\/suem-118-incontro-in-regione-sulla-sicurezza-dei-voli\\\/#primaryimage\",\"url\":\"http:\\\/\\\/www.bellunopress.it\\\/wp-content\\\/uploads\\\/2009\\\/09\\\/sandro-sandri-assessore-regionale-sanita.jpg\",\"contentUrl\":\"http:\\\/\\\/www.bellunopress.it\\\/wp-content\\\/uploads\\\/2009\\\/09\\\/sandro-sandri-assessore-regionale-sanita.jpg\"},{\"@type\":\"BreadcrumbList\",\"@id\":\"https:\\\/\\\/www.bellunopress.it\\\/2009\\\/09\\\/23\\\/suem-118-incontro-in-regione-sulla-sicurezza-dei-voli\\\/#breadcrumb\",\"itemListElement\":[{\"@type\":\"ListItem\",\"position\":1,\"name\":\"Home\",\"item\":\"https:\\\/\\\/www.bellunopress.it\\\/\"},{\"@type\":\"ListItem\",\"position\":2,\"name\":\"Suem 118, incontro in Regione sulla sicurezza dei voli\"}]},{\"@type\":\"WebSite\",\"@id\":\"https:\\\/\\\/www.bellunopress.it\\\/#website\",\"url\":\"https:\\\/\\\/www.bellunopress.it\\\/\",\"name\":\"Bellunopress - Dolomiti\",\"description\":\"e-mail: redazione@bellunopress.it\",\"publisher\":{\"@id\":\"https:\\\/\\\/www.bellunopress.it\\\/#organization\"},\"potentialAction\":[{\"@type\":\"SearchAction\",\"target\":{\"@type\":\"EntryPoint\",\"urlTemplate\":\"https:\\\/\\\/www.bellunopress.it\\\/?s={search_term_string}\"},\"query-input\":{\"@type\":\"PropertyValueSpecification\",\"valueRequired\":true,\"valueName\":\"search_term_string\"}}],\"inLanguage\":\"fr-FR\"},{\"@type\":\"Organization\",\"@id\":\"https:\\\/\\\/www.bellunopress.it\\\/#organization\",\"name\":\"Bellunopress\",\"url\":\"https:\\\/\\\/www.bellunopress.it\\\/\",\"logo\":{\"@type\":\"ImageObject\",\"inLanguage\":\"fr-FR\",\"@id\":\"https:\\\/\\\/www.bellunopress.it\\\/#\\\/schema\\\/logo\\\/image\\\/\",\"url\":\"https:\\\/\\\/www.bellunopress.it\\\/wp-content\\\/uploads\\\/2011\\\/05\\\/cropped-logo-bellunopress-.jpg\",\"contentUrl\":\"https:\\\/\\\/www.bellunopress.it\\\/wp-content\\\/uploads\\\/2011\\\/05\\\/cropped-logo-bellunopress-.jpg\",\"width\":512,\"height\":512,\"caption\":\"Bellunopress\"},\"image\":{\"@id\":\"https:\\\/\\\/www.bellunopress.it\\\/#\\\/schema\\\/logo\\\/image\\\/\"},\"sameAs\":[\"https:\\\/\\\/www.facebook.com\\\/profile.php?id=100008943462799\",\"https:\\\/\\\/x.com\\\/bellunopress\",\"https:\\\/\\\/www.linkedin.com\\\/hp\\\/?dnr=JBzUWaJfMUw8vbXJJ2tVW5-I3jZKvC4wsoxE&amp;amp;amp;amp;amp;amp;trk=nav_responsive_tab_home\",\"https:\\\/\\\/www.youtube.com\\\/channel\\\/UCxL0wu1uN0_3_7hGG0306cw\"]},{\"@type\":\"Person\",\"@id\":\"https:\\\/\\\/www.bellunopress.it\\\/#\\\/schema\\\/person\\\/79bb06722b37ece1c03d3e94beb30d73\",\"name\":\"redazione\",\"image\":{\"@type\":\"ImageObject\",\"inLanguage\":\"fr-FR\",\"@id\":\"https:\\\/\\\/secure.gravatar.com\\\/avatar\\\/37d968a2e67a6fd04c169c4bdef102d0bc5d31b2546345219e348575eb80e9a0?s=96&d=mm&r=g\",\"url\":\"https:\\\/\\\/secure.gravatar.com\\\/avatar\\\/37d968a2e67a6fd04c169c4bdef102d0bc5d31b2546345219e348575eb80e9a0?s=96&d=mm&r=g\",\"contentUrl\":\"https:\\\/\\\/secure.gravatar.com\\\/avatar\\\/37d968a2e67a6fd04c169c4bdef102d0bc5d31b2546345219e348575eb80e9a0?s=96&d=mm&r=g\",\"caption\":\"redazione\"},\"sameAs\":[\"http:\\\/\\\/www.bellunopress.it\",\"https:\\\/\\\/x.com\\\/bellunopress\"],\"url\":\"https:\\\/\\\/www.bellunopress.it\\\/fr\\\/author\\\/redazione\\\/\"}]}<\/script>\n<!-- \/ Yoast SEO plugin. -->","yoast_head_json":{"title":"Suem 118, incontro in Regione sulla sicurezza dei voli - Bellunopress - Dolomiti","robots":{"index":"index","follow":"follow","max-snippet":"max-snippet:-1","max-image-preview":"max-image-preview:large","max-video-preview":"max-video-preview:-1"},"canonical":"https:\/\/www.bellunopress.it\/fr\/2009\/09\/23\/suem-118-incontro-in-regione-sulla-sicurezza-dei-voli\/","og_locale":"fr_FR","og_type":"article","og_title":"Suem 118, incontro in Regione sulla sicurezza dei voli - Bellunopress - Dolomiti","og_description":"&#8220;Da parte mia c\u2019\u00e8 la totale ed immediata disponibilit\u00e0 ad attivare tutti quei tavoli tecnici, ed eventualmente i colleghi assessori responsabili di altre materie, per garantire il rafforzamento della sicurezza di volo degli elicotteri del 118 e di quella del personale che vi opera, medici, infermieri, piloti, uomini del soccorso alpino\u201d. L\u2019impegno \u00e8 stato preso [&hellip;]","og_url":"https:\/\/www.bellunopress.it\/fr\/2009\/09\/23\/suem-118-incontro-in-regione-sulla-sicurezza-dei-voli\/","og_site_name":"Bellunopress - Dolomiti","article_publisher":"https:\/\/www.facebook.com\/profile.php?id=100008943462799","article_published_time":"2009-09-23T18:46:17+00:00","og_image":[{"url":"http:\/\/www.bellunopress.it\/wp-content\/uploads\/2009\/09\/sandro-sandri-assessore-regionale-sanita.jpg","type":"","width":"","height":""}],"author":"redazione","twitter_card":"summary_large_image","twitter_creator":"@bellunopress","twitter_site":"@bellunopress","twitter_misc":{"\u00c9crit par":"redazione","Dur\u00e9e de lecture estim\u00e9e":"2 minutes"},"schema":{"@context":"https:\/\/schema.org","@graph":[{"@type":"Article","@id":"https:\/\/www.bellunopress.it\/2009\/09\/23\/suem-118-incontro-in-regione-sulla-sicurezza-dei-voli\/#article","isPartOf":{"@id":"https:\/\/www.bellunopress.it\/2009\/09\/23\/suem-118-incontro-in-regione-sulla-sicurezza-dei-voli\/"},"author":{"name":"redazione","@id":"https:\/\/www.bellunopress.it\/#\/schema\/person\/79bb06722b37ece1c03d3e94beb30d73"},"headline":"Suem 118, incontro in Regione sulla sicurezza dei voli","datePublished":"2009-09-23T18:46:17+00:00","mainEntityOfPage":{"@id":"https:\/\/www.bellunopress.it\/2009\/09\/23\/suem-118-incontro-in-regione-sulla-sicurezza-dei-voli\/"},"wordCount":407,"publisher":{"@id":"https:\/\/www.bellunopress.it\/#organization"},"image":{"@id":"https:\/\/www.bellunopress.it\/2009\/09\/23\/suem-118-incontro-in-regione-sulla-sicurezza-dei-voli\/#primaryimage"},"thumbnailUrl":"http:\/\/www.bellunopress.it\/wp-content\/uploads\/2009\/09\/sandro-sandri-assessore-regionale-sanita.jpg","keywords":["Belluno","Cadore"],"articleSection":["Cronaca\/Politica","Prima Pagina"],"inLanguage":"fr-FR"},{"@type":"WebPage","@id":"https:\/\/www.bellunopress.it\/2009\/09\/23\/suem-118-incontro-in-regione-sulla-sicurezza-dei-voli\/","url":"https:\/\/www.bellunopress.it\/2009\/09\/23\/suem-118-incontro-in-regione-sulla-sicurezza-dei-voli\/","name":"Suem 118, incontro in Regione sulla sicurezza dei voli - Bellunopress - Dolomiti","isPartOf":{"@id":"https:\/\/www.bellunopress.it\/#website"},"primaryImageOfPage":{"@id":"https:\/\/www.bellunopress.it\/2009\/09\/23\/suem-118-incontro-in-regione-sulla-sicurezza-dei-voli\/#primaryimage"},"image":{"@id":"https:\/\/www.bellunopress.it\/2009\/09\/23\/suem-118-incontro-in-regione-sulla-sicurezza-dei-voli\/#primaryimage"},"thumbnailUrl":"http:\/\/www.bellunopress.it\/wp-content\/uploads\/2009\/09\/sandro-sandri-assessore-regionale-sanita.jpg","datePublished":"2009-09-23T18:46:17+00:00","breadcrumb":{"@id":"https:\/\/www.bellunopress.it\/2009\/09\/23\/suem-118-incontro-in-regione-sulla-sicurezza-dei-voli\/#breadcrumb"},"inLanguage":"fr-FR","potentialAction":[{"@type":"ReadAction","target":["https:\/\/www.bellunopress.it\/2009\/09\/23\/suem-118-incontro-in-regione-sulla-sicurezza-dei-voli\/"]}]},{"@type":"ImageObject","inLanguage":"fr-FR","@id":"https:\/\/www.bellunopress.it\/2009\/09\/23\/suem-118-incontro-in-regione-sulla-sicurezza-dei-voli\/#primaryimage","url":"http:\/\/www.bellunopress.it\/wp-content\/uploads\/2009\/09\/sandro-sandri-assessore-regionale-sanita.jpg","contentUrl":"http:\/\/www.bellunopress.it\/wp-content\/uploads\/2009\/09\/sandro-sandri-assessore-regionale-sanita.jpg"},{"@type":"BreadcrumbList","@id":"https:\/\/www.bellunopress.it\/2009\/09\/23\/suem-118-incontro-in-regione-sulla-sicurezza-dei-voli\/#breadcrumb","itemListElement":[{"@type":"ListItem","position":1,"name":"Home","item":"https:\/\/www.bellunopress.it\/"},{"@type":"ListItem","position":2,"name":"Suem 118, incontro in Regione sulla sicurezza dei voli"}]},{"@type":"WebSite","@id":"https:\/\/www.bellunopress.it\/#website","url":"https:\/\/www.bellunopress.it\/","name":"Bellunopress - Dolomiti","description":"e-mail: redazione@bellunopress.it","publisher":{"@id":"https:\/\/www.bellunopress.it\/#organization"},"potentialAction":[{"@type":"SearchAction","target":{"@type":"EntryPoint","urlTemplate":"https:\/\/www.bellunopress.it\/?s={search_term_string}"},"query-input":{"@type":"PropertyValueSpecification","valueRequired":true,"valueName":"search_term_string"}}],"inLanguage":"fr-FR"},{"@type":"Organization","@id":"https:\/\/www.bellunopress.it\/#organization","name":"Bellunopress","url":"https:\/\/www.bellunopress.it\/","logo":{"@type":"ImageObject","inLanguage":"fr-FR","@id":"https:\/\/www.bellunopress.it\/#\/schema\/logo\/image\/","url":"https:\/\/www.bellunopress.it\/wp-content\/uploads\/2011\/05\/cropped-logo-bellunopress-.jpg","contentUrl":"https:\/\/www.bellunopress.it\/wp-content\/uploads\/2011\/05\/cropped-logo-bellunopress-.jpg","width":512,"height":512,"caption":"Bellunopress"},"image":{"@id":"https:\/\/www.bellunopress.it\/#\/schema\/logo\/image\/"},"sameAs":["https:\/\/www.facebook.com\/profile.php?id=100008943462799","https:\/\/x.com\/bellunopress","https:\/\/www.linkedin.com\/hp\/?dnr=JBzUWaJfMUw8vbXJJ2tVW5-I3jZKvC4wsoxE&amp;amp;amp;amp;amp;amp;trk=nav_responsive_tab_home","https:\/\/www.youtube.com\/channel\/UCxL0wu1uN0_3_7hGG0306cw"]},{"@type":"Person","@id":"https:\/\/www.bellunopress.it\/#\/schema\/person\/79bb06722b37ece1c03d3e94beb30d73","name":"r\u00e9daction","image":{"@type":"ImageObject","inLanguage":"fr-FR","@id":"https:\/\/secure.gravatar.com\/avatar\/37d968a2e67a6fd04c169c4bdef102d0bc5d31b2546345219e348575eb80e9a0?s=96&d=mm&r=g","url":"https:\/\/secure.gravatar.com\/avatar\/37d968a2e67a6fd04c169c4bdef102d0bc5d31b2546345219e348575eb80e9a0?s=96&d=mm&r=g","contentUrl":"https:\/\/secure.gravatar.com\/avatar\/37d968a2e67a6fd04c169c4bdef102d0bc5d31b2546345219e348575eb80e9a0?s=96&d=mm&r=g","caption":"redazione"},"sameAs":["http:\/\/www.bellunopress.it","https:\/\/x.com\/bellunopress"],"url":"https:\/\/www.bellunopress.it\/fr\/author\/redazione\/"}]}},"_links":{"self":[{"href":"https:\/\/www.bellunopress.it\/fr\/wp-json\/wp\/v2\/posts\/8349","targetHints":{"allow":["GET"]}}],"collection":[{"href":"https:\/\/www.bellunopress.it\/fr\/wp-json\/wp\/v2\/posts"}],"about":[{"href":"https:\/\/www.bellunopress.it\/fr\/wp-json\/wp\/v2\/types\/post"}],"author":[{"embeddable":true,"href":"https:\/\/www.bellunopress.it\/fr\/wp-json\/wp\/v2\/users\/2"}],"replies":[{"embeddable":true,"href":"https:\/\/www.bellunopress.it\/fr\/wp-json\/wp\/v2\/comments?post=8349"}],"version-history":[{"count":1,"href":"https:\/\/www.bellunopress.it\/fr\/wp-json\/wp\/v2\/posts\/8349\/revisions"}],"predecessor-version":[{"id":8350,"href":"https:\/\/www.bellunopress.it\/fr\/wp-json\/wp\/v2\/posts\/8349\/revisions\/8350"}],"wp:attachment":[{"href":"https:\/\/www.bellunopress.it\/fr\/wp-json\/wp\/v2\/media?parent=8349"}],"wp:term":[{"taxonomy":"category","embeddable":true,"href":"https:\/\/www.bellunopress.it\/fr\/wp-json\/wp\/v2\/categories?post=8349"},{"taxonomy":"post_tag","embeddable":true,"href":"https:\/\/www.bellunopress.it\/fr\/wp-json\/wp\/v2\/tags?post=8349"}],"curies":[{"name":"wp","href":"https:\/\/api.w.org\/{rel}","templated":true}]}}