{"id":8336,"date":"2009-09-23T17:14:37","date_gmt":"2009-09-23T16:14:37","guid":{"rendered":"http:\/\/www.bellunopress.it\/?p=8336"},"modified":"2009-09-23T17:14:37","modified_gmt":"2009-09-23T16:14:37","slug":"reolon-sulla-statale-51-dove-si-e-ribaltata-lautocisterna-servono-la-rivalgo-venas-e-la-variante-di-longarone-al-momento-attuale-autostrada-e-tangenziale-di-cortina-non-farebbero-che-aumentare-tra","status":"publish","type":"post","link":"https:\/\/www.bellunopress.it\/fr\/2009\/09\/23\/reolon-sulla-statale-51-dove-si-e-ribaltata-lautocisterna-servono-la-rivalgo-venas-e-la-variante-di-longarone-al-momento-attuale-autostrada-e-tangenziale-di-cortina-non-farebbero-che-aumentare-tra\/","title":{"rendered":"Reolon sulla Statale 51 dove si \u00e8 ribaltata l&#8217;autocisterna. Servono la Rivalgo Venas e la variante di Longarone. Al momento attuale autostrada e tangenziale di Cortina non farebbero che aumentare traffico e disagi sulla statale"},"content":{"rendered":"<p><a href=\"http:\/\/www.bellunopress.it\/wp-content\/uploads\/2009\/09\/reolon-vallesina-incidente.jpg\"><img loading=\"lazy\" decoding=\"async\" class=\"alignleft size-medium wp-image-8337\" title=\"reolon-vallesina-incidente\" src=\"http:\/\/www.bellunopress.it\/wp-content\/uploads\/2009\/09\/reolon-vallesina-incidente.jpg\" alt=\"\" width=\"210\" height=\"280\" \/><\/a>\u201cL&#8217;ultimo incidente lungo la statale 51 tra Valle di Cadore e Venas evidenzia la necessit\u00e0 di riprendere con forza e compattezza il lavoro politico e amministrativo sui problemi della viabilit\u00e0\u201d. Questa mattina Sergio Reolon \u00e8 stato in localit\u00e0 Vallesina, per un sopralluogo sul luogo dove ieri il ribaltamento di un&#8217;autocisterna ha causato il blocco totale della statale 51. \u201cNon \u00e8 la prima volta che incidenti del genere mettono in ginocchio la viabilit\u00e0 bellunese e costituiscono un grave pericolo di inquinamento ambientale\u201d, rileva Reolon. \u201cPurtroppo se ne parla molto nel momento dell&#8217;emergenza ma poi il problema torna nel dimenticatoio. Noi lo avevamo affrontato in modo radicale, facendo inserire nel piano quinquennale dell&#8217;Anas il finanziamento prioritario della realizzazione della variante di Longarone e nel piano di previsione la Rivalgo Venas. Per la prima volta unitariamente su queste due opere avevamo raccolto il consenso di tutti i sindaci della parte alta della Provincia\u201d.<br \/>\nLa nuova amministrazione provinciale ha invece deciso di cambiare strategia. Nel documento programmatico non c&#8217;\u00e8 alcuna indicazione di questi interventi n\u00e9 sono indicate le priorit\u00e0. \u201cL&#8217;unica cosa di cui si parla\u201d, prosegue Reolon, \u201c\u00e8 di un prolungamento dell&#8217;autostrada, addirittura non pi\u00f9 in una sola direzione ma con una biforcazione a Macchietto, verso Nord e verso Est. E&#8217; il solito modo di certa classe dirigente bellunese di sviare dai problemi veri, di discutere di ipotesi fantascientifiche, di dubbia utilit\u00e0 per il nostro territorio, che servono solo alla ricerca del consenso e non a risolvere i problemi. Fra l&#8217;altro questa amministrazione, che si richiama sempre al coinvolgimento dei Comuni, dovrebbe spiegare in quale documento i sindaci della parte alta della Provincia chiedono la realizzazione di due autostrade\u201d.\u00a0 Insieme con le due autostrade nelle ultime settimane si \u00e8 ricominciato a parlare anche della tangenziale di Cortina: \u201cCon la statale 51 in queste condizioni sia le ipotesi autostradali, sia la tangenziale di Cortina sarebbero una disgrazia, il cui unico effetto sarebbe l&#8217;aumento sproporzionato del traffico, dei tempi di percorrenza e dei disagi\u201d. Infine sulla proposta di istituire forme di regolamentazione al transito dei Tir (pedaggio, fasce orarie o addirittura il divieto per chi non ha impegni di carico e scarico in Valle del Boite e Ampezzo) Reolon ricorda il lavoro fatto con Anas e Comuni. \u201cPurtroppo allora non fu possibile proseguire e individuare le soluzioni anche per le posizioni di enti non elettivi\u201d. Per risolvere radicalmente il problema \u201cbisogna riprendere il piano quinquennale dell&#8217;Anas, oggi abbandonato per inseguire le ipotesi autostradali chiedendo impegni precisi a Regione e Governo sulle priorit\u00e0 concordemente individuate dal territorio interessato\u201d.<\/p>","protected":false},"excerpt":{"rendered":"<p>\u201cL&#8217;ultimo incidente lungo la statale 51 tra Valle di Cadore e Venas evidenzia la necessit\u00e0 di riprendere con forza e compattezza il lavoro politico e amministrativo sui problemi della viabilit\u00e0\u201d. Questa mattina Sergio Reolon \u00e8 stato in localit\u00e0 Vallesina, per un sopralluogo sul luogo dove ieri il ribaltamento di un&#8217;autocisterna ha causato il blocco totale [&hellip;]<\/p>\n","protected":false},"author":2,"featured_media":0,"comment_status":"closed","ping_status":"open","sticky":false,"template":"","format":"standard","meta":{"footnotes":""},"categories":[5],"tags":[139,151],"class_list":["post-8336","post","type-post","status-publish","format-standard","category-cronaca","tag-belluno","tag-cadore"],"yoast_head":"<!-- This site is optimized with the Yoast SEO plugin v28.4 - https:\/\/yoast.com\/product\/yoast-seo-wordpress\/ -->\n<title>Reolon sulla Statale 51 dove si \u00e8 ribaltata l&#039;autocisterna. Servono la Rivalgo Venas e la variante di Longarone. Al momento attuale autostrada e tangenziale di Cortina non farebbero che aumentare traffico e disagi sulla statale - Bellunopress - Dolomiti<\/title>\n<meta name=\"robots\" content=\"index, follow, max-snippet:-1, max-image-preview:large, max-video-preview:-1\" \/>\n<link rel=\"canonical\" href=\"https:\/\/www.bellunopress.it\/fr\/2009\/09\/23\/reolon-sulla-statale-51-dove-si-e-ribaltata-lautocisterna-servono-la-rivalgo-venas-e-la-variante-di-longarone-al-momento-attuale-autostrada-e-tangenziale-di-cortina-non-farebbero-che-aumentare-tra\/\" \/>\n<meta property=\"og:locale\" content=\"fr_FR\" \/>\n<meta property=\"og:type\" content=\"article\" \/>\n<meta property=\"og:title\" content=\"Reolon sulla Statale 51 dove si \u00e8 ribaltata l&#039;autocisterna. Servono la Rivalgo Venas e la variante di Longarone. Al momento attuale autostrada e tangenziale di Cortina non farebbero che aumentare traffico e disagi sulla statale - Bellunopress - Dolomiti\" \/>\n<meta property=\"og:description\" content=\"\u201cL&#8217;ultimo incidente lungo la statale 51 tra Valle di Cadore e Venas evidenzia la necessit\u00e0 di riprendere con forza e compattezza il lavoro politico e amministrativo sui problemi della viabilit\u00e0\u201d. Questa mattina Sergio Reolon \u00e8 stato in localit\u00e0 Vallesina, per un sopralluogo sul luogo dove ieri il ribaltamento di un&#8217;autocisterna ha causato il blocco totale [&hellip;]\" \/>\n<meta property=\"og:url\" content=\"https:\/\/www.bellunopress.it\/fr\/2009\/09\/23\/reolon-sulla-statale-51-dove-si-e-ribaltata-lautocisterna-servono-la-rivalgo-venas-e-la-variante-di-longarone-al-momento-attuale-autostrada-e-tangenziale-di-cortina-non-farebbero-che-aumentare-tra\/\" \/>\n<meta property=\"og:site_name\" content=\"Bellunopress - Dolomiti\" \/>\n<meta property=\"article:publisher\" content=\"https:\/\/www.facebook.com\/profile.php?id=100008943462799\" \/>\n<meta property=\"article:published_time\" content=\"2009-09-23T16:14:37+00:00\" \/>\n<meta property=\"og:image\" content=\"http:\/\/www.bellunopress.it\/wp-content\/uploads\/2009\/09\/reolon-vallesina-incidente.jpg\" \/>\n<meta name=\"author\" content=\"redazione\" \/>\n<meta name=\"twitter:card\" content=\"summary_large_image\" \/>\n<meta name=\"twitter:creator\" content=\"@bellunopress\" \/>\n<meta name=\"twitter:site\" content=\"@bellunopress\" \/>\n<meta name=\"twitter:label1\" content=\"\u00c9crit par\" \/>\n\t<meta name=\"twitter:data1\" content=\"redazione\" \/>\n\t<meta name=\"twitter:label2\" content=\"Dur\u00e9e de lecture estim\u00e9e\" \/>\n\t<meta name=\"twitter:data2\" content=\"2 minutes\" \/>\n<script type=\"application\/ld+json\" class=\"yoast-schema-graph\">{\"@context\":\"https:\\\/\\\/schema.org\",\"@graph\":[{\"@type\":\"Article\",\"@id\":\"https:\\\/\\\/www.bellunopress.it\\\/2009\\\/09\\\/23\\\/reolon-sulla-statale-51-dove-si-e-ribaltata-lautocisterna-servono-la-rivalgo-venas-e-la-variante-di-longarone-al-momento-attuale-autostrada-e-tangenziale-di-cortina-non-farebbero-che-aumentare-tra\\\/#article\",\"isPartOf\":{\"@id\":\"https:\\\/\\\/www.bellunopress.it\\\/2009\\\/09\\\/23\\\/reolon-sulla-statale-51-dove-si-e-ribaltata-lautocisterna-servono-la-rivalgo-venas-e-la-variante-di-longarone-al-momento-attuale-autostrada-e-tangenziale-di-cortina-non-farebbero-che-aumentare-tra\\\/\"},\"author\":{\"name\":\"redazione\",\"@id\":\"https:\\\/\\\/www.bellunopress.it\\\/#\\\/schema\\\/person\\\/79bb06722b37ece1c03d3e94beb30d73\"},\"headline\":\"Reolon sulla Statale 51 dove si \u00e8 ribaltata l&#8217;autocisterna. Servono la Rivalgo Venas e la variante di Longarone. Al momento attuale autostrada e tangenziale di Cortina non farebbero che aumentare traffico e disagi sulla statale\",\"datePublished\":\"2009-09-23T16:14:37+00:00\",\"mainEntityOfPage\":{\"@id\":\"https:\\\/\\\/www.bellunopress.it\\\/2009\\\/09\\\/23\\\/reolon-sulla-statale-51-dove-si-e-ribaltata-lautocisterna-servono-la-rivalgo-venas-e-la-variante-di-longarone-al-momento-attuale-autostrada-e-tangenziale-di-cortina-non-farebbero-che-aumentare-tra\\\/\"},\"wordCount\":457,\"publisher\":{\"@id\":\"https:\\\/\\\/www.bellunopress.it\\\/#organization\"},\"image\":{\"@id\":\"https:\\\/\\\/www.bellunopress.it\\\/2009\\\/09\\\/23\\\/reolon-sulla-statale-51-dove-si-e-ribaltata-lautocisterna-servono-la-rivalgo-venas-e-la-variante-di-longarone-al-momento-attuale-autostrada-e-tangenziale-di-cortina-non-farebbero-che-aumentare-tra\\\/#primaryimage\"},\"thumbnailUrl\":\"http:\\\/\\\/www.bellunopress.it\\\/wp-content\\\/uploads\\\/2009\\\/09\\\/reolon-vallesina-incidente.jpg\",\"keywords\":[\"Belluno\",\"Cadore\"],\"articleSection\":[\"Cronaca\\\/Politica\"],\"inLanguage\":\"fr-FR\"},{\"@type\":\"WebPage\",\"@id\":\"https:\\\/\\\/www.bellunopress.it\\\/2009\\\/09\\\/23\\\/reolon-sulla-statale-51-dove-si-e-ribaltata-lautocisterna-servono-la-rivalgo-venas-e-la-variante-di-longarone-al-momento-attuale-autostrada-e-tangenziale-di-cortina-non-farebbero-che-aumentare-tra\\\/\",\"url\":\"https:\\\/\\\/www.bellunopress.it\\\/2009\\\/09\\\/23\\\/reolon-sulla-statale-51-dove-si-e-ribaltata-lautocisterna-servono-la-rivalgo-venas-e-la-variante-di-longarone-al-momento-attuale-autostrada-e-tangenziale-di-cortina-non-farebbero-che-aumentare-tra\\\/\",\"name\":\"Reolon sulla Statale 51 dove si \u00e8 ribaltata l'autocisterna. Servono la Rivalgo Venas e la variante di Longarone. Al momento attuale autostrada e tangenziale di Cortina non farebbero che aumentare traffico e disagi sulla statale - Bellunopress - Dolomiti\",\"isPartOf\":{\"@id\":\"https:\\\/\\\/www.bellunopress.it\\\/#website\"},\"primaryImageOfPage\":{\"@id\":\"https:\\\/\\\/www.bellunopress.it\\\/2009\\\/09\\\/23\\\/reolon-sulla-statale-51-dove-si-e-ribaltata-lautocisterna-servono-la-rivalgo-venas-e-la-variante-di-longarone-al-momento-attuale-autostrada-e-tangenziale-di-cortina-non-farebbero-che-aumentare-tra\\\/#primaryimage\"},\"image\":{\"@id\":\"https:\\\/\\\/www.bellunopress.it\\\/2009\\\/09\\\/23\\\/reolon-sulla-statale-51-dove-si-e-ribaltata-lautocisterna-servono-la-rivalgo-venas-e-la-variante-di-longarone-al-momento-attuale-autostrada-e-tangenziale-di-cortina-non-farebbero-che-aumentare-tra\\\/#primaryimage\"},\"thumbnailUrl\":\"http:\\\/\\\/www.bellunopress.it\\\/wp-content\\\/uploads\\\/2009\\\/09\\\/reolon-vallesina-incidente.jpg\",\"datePublished\":\"2009-09-23T16:14:37+00:00\",\"breadcrumb\":{\"@id\":\"https:\\\/\\\/www.bellunopress.it\\\/2009\\\/09\\\/23\\\/reolon-sulla-statale-51-dove-si-e-ribaltata-lautocisterna-servono-la-rivalgo-venas-e-la-variante-di-longarone-al-momento-attuale-autostrada-e-tangenziale-di-cortina-non-farebbero-che-aumentare-tra\\\/#breadcrumb\"},\"inLanguage\":\"fr-FR\",\"potentialAction\":[{\"@type\":\"ReadAction\",\"target\":[\"https:\\\/\\\/www.bellunopress.it\\\/2009\\\/09\\\/23\\\/reolon-sulla-statale-51-dove-si-e-ribaltata-lautocisterna-servono-la-rivalgo-venas-e-la-variante-di-longarone-al-momento-attuale-autostrada-e-tangenziale-di-cortina-non-farebbero-che-aumentare-tra\\\/\"]}]},{\"@type\":\"ImageObject\",\"inLanguage\":\"fr-FR\",\"@id\":\"https:\\\/\\\/www.bellunopress.it\\\/2009\\\/09\\\/23\\\/reolon-sulla-statale-51-dove-si-e-ribaltata-lautocisterna-servono-la-rivalgo-venas-e-la-variante-di-longarone-al-momento-attuale-autostrada-e-tangenziale-di-cortina-non-farebbero-che-aumentare-tra\\\/#primaryimage\",\"url\":\"http:\\\/\\\/www.bellunopress.it\\\/wp-content\\\/uploads\\\/2009\\\/09\\\/reolon-vallesina-incidente.jpg\",\"contentUrl\":\"http:\\\/\\\/www.bellunopress.it\\\/wp-content\\\/uploads\\\/2009\\\/09\\\/reolon-vallesina-incidente.jpg\"},{\"@type\":\"BreadcrumbList\",\"@id\":\"https:\\\/\\\/www.bellunopress.it\\\/2009\\\/09\\\/23\\\/reolon-sulla-statale-51-dove-si-e-ribaltata-lautocisterna-servono-la-rivalgo-venas-e-la-variante-di-longarone-al-momento-attuale-autostrada-e-tangenziale-di-cortina-non-farebbero-che-aumentare-tra\\\/#breadcrumb\",\"itemListElement\":[{\"@type\":\"ListItem\",\"position\":1,\"name\":\"Home\",\"item\":\"https:\\\/\\\/www.bellunopress.it\\\/\"},{\"@type\":\"ListItem\",\"position\":2,\"name\":\"Reolon sulla Statale 51 dove si \u00e8 ribaltata l&#8217;autocisterna. Servono la Rivalgo Venas e la variante di Longarone. Al momento attuale autostrada e tangenziale di Cortina non farebbero che aumentare traffico e disagi sulla statale\"}]},{\"@type\":\"WebSite\",\"@id\":\"https:\\\/\\\/www.bellunopress.it\\\/#website\",\"url\":\"https:\\\/\\\/www.bellunopress.it\\\/\",\"name\":\"Bellunopress - Dolomiti\",\"description\":\"e-mail: redazione@bellunopress.it\",\"publisher\":{\"@id\":\"https:\\\/\\\/www.bellunopress.it\\\/#organization\"},\"potentialAction\":[{\"@type\":\"SearchAction\",\"target\":{\"@type\":\"EntryPoint\",\"urlTemplate\":\"https:\\\/\\\/www.bellunopress.it\\\/?s={search_term_string}\"},\"query-input\":{\"@type\":\"PropertyValueSpecification\",\"valueRequired\":true,\"valueName\":\"search_term_string\"}}],\"inLanguage\":\"fr-FR\"},{\"@type\":\"Organization\",\"@id\":\"https:\\\/\\\/www.bellunopress.it\\\/#organization\",\"name\":\"Bellunopress\",\"url\":\"https:\\\/\\\/www.bellunopress.it\\\/\",\"logo\":{\"@type\":\"ImageObject\",\"inLanguage\":\"fr-FR\",\"@id\":\"https:\\\/\\\/www.bellunopress.it\\\/#\\\/schema\\\/logo\\\/image\\\/\",\"url\":\"https:\\\/\\\/www.bellunopress.it\\\/wp-content\\\/uploads\\\/2011\\\/05\\\/cropped-logo-bellunopress-.jpg\",\"contentUrl\":\"https:\\\/\\\/www.bellunopress.it\\\/wp-content\\\/uploads\\\/2011\\\/05\\\/cropped-logo-bellunopress-.jpg\",\"width\":512,\"height\":512,\"caption\":\"Bellunopress\"},\"image\":{\"@id\":\"https:\\\/\\\/www.bellunopress.it\\\/#\\\/schema\\\/logo\\\/image\\\/\"},\"sameAs\":[\"https:\\\/\\\/www.facebook.com\\\/profile.php?id=100008943462799\",\"https:\\\/\\\/x.com\\\/bellunopress\",\"https:\\\/\\\/www.linkedin.com\\\/hp\\\/?dnr=JBzUWaJfMUw8vbXJJ2tVW5-I3jZKvC4wsoxE&amp;amp;amp;amp;amp;amp;trk=nav_responsive_tab_home\",\"https:\\\/\\\/www.youtube.com\\\/channel\\\/UCxL0wu1uN0_3_7hGG0306cw\"]},{\"@type\":\"Person\",\"@id\":\"https:\\\/\\\/www.bellunopress.it\\\/#\\\/schema\\\/person\\\/79bb06722b37ece1c03d3e94beb30d73\",\"name\":\"redazione\",\"image\":{\"@type\":\"ImageObject\",\"inLanguage\":\"fr-FR\",\"@id\":\"https:\\\/\\\/secure.gravatar.com\\\/avatar\\\/37d968a2e67a6fd04c169c4bdef102d0bc5d31b2546345219e348575eb80e9a0?s=96&d=mm&r=g\",\"url\":\"https:\\\/\\\/secure.gravatar.com\\\/avatar\\\/37d968a2e67a6fd04c169c4bdef102d0bc5d31b2546345219e348575eb80e9a0?s=96&d=mm&r=g\",\"contentUrl\":\"https:\\\/\\\/secure.gravatar.com\\\/avatar\\\/37d968a2e67a6fd04c169c4bdef102d0bc5d31b2546345219e348575eb80e9a0?s=96&d=mm&r=g\",\"caption\":\"redazione\"},\"sameAs\":[\"http:\\\/\\\/www.bellunopress.it\",\"https:\\\/\\\/x.com\\\/bellunopress\"],\"url\":\"https:\\\/\\\/www.bellunopress.it\\\/fr\\\/author\\\/redazione\\\/\"}]}<\/script>\n<!-- \/ Yoast SEO plugin. -->","yoast_head_json":{"title":"Reolon sulla Statale 51 dove si \u00e8 ribaltata l'autocisterna. Servono la Rivalgo Venas e la variante di Longarone. Al momento attuale autostrada e tangenziale di Cortina non farebbero che aumentare traffico e disagi sulla statale - Bellunopress - Dolomiti","robots":{"index":"index","follow":"follow","max-snippet":"max-snippet:-1","max-image-preview":"max-image-preview:large","max-video-preview":"max-video-preview:-1"},"canonical":"https:\/\/www.bellunopress.it\/fr\/2009\/09\/23\/reolon-sulla-statale-51-dove-si-e-ribaltata-lautocisterna-servono-la-rivalgo-venas-e-la-variante-di-longarone-al-momento-attuale-autostrada-e-tangenziale-di-cortina-non-farebbero-che-aumentare-tra\/","og_locale":"fr_FR","og_type":"article","og_title":"Reolon sulla Statale 51 dove si \u00e8 ribaltata l'autocisterna. Servono la Rivalgo Venas e la variante di Longarone. Al momento attuale autostrada e tangenziale di Cortina non farebbero che aumentare traffico e disagi sulla statale - Bellunopress - Dolomiti","og_description":"\u201cL&#8217;ultimo incidente lungo la statale 51 tra Valle di Cadore e Venas evidenzia la necessit\u00e0 di riprendere con forza e compattezza il lavoro politico e amministrativo sui problemi della viabilit\u00e0\u201d. Questa mattina Sergio Reolon \u00e8 stato in localit\u00e0 Vallesina, per un sopralluogo sul luogo dove ieri il ribaltamento di un&#8217;autocisterna ha causato il blocco totale [&hellip;]","og_url":"https:\/\/www.bellunopress.it\/fr\/2009\/09\/23\/reolon-sulla-statale-51-dove-si-e-ribaltata-lautocisterna-servono-la-rivalgo-venas-e-la-variante-di-longarone-al-momento-attuale-autostrada-e-tangenziale-di-cortina-non-farebbero-che-aumentare-tra\/","og_site_name":"Bellunopress - Dolomiti","article_publisher":"https:\/\/www.facebook.com\/profile.php?id=100008943462799","article_published_time":"2009-09-23T16:14:37+00:00","og_image":[{"url":"http:\/\/www.bellunopress.it\/wp-content\/uploads\/2009\/09\/reolon-vallesina-incidente.jpg","type":"","width":"","height":""}],"author":"redazione","twitter_card":"summary_large_image","twitter_creator":"@bellunopress","twitter_site":"@bellunopress","twitter_misc":{"\u00c9crit par":"redazione","Dur\u00e9e de lecture estim\u00e9e":"2 minutes"},"schema":{"@context":"https:\/\/schema.org","@graph":[{"@type":"Article","@id":"https:\/\/www.bellunopress.it\/2009\/09\/23\/reolon-sulla-statale-51-dove-si-e-ribaltata-lautocisterna-servono-la-rivalgo-venas-e-la-variante-di-longarone-al-momento-attuale-autostrada-e-tangenziale-di-cortina-non-farebbero-che-aumentare-tra\/#article","isPartOf":{"@id":"https:\/\/www.bellunopress.it\/2009\/09\/23\/reolon-sulla-statale-51-dove-si-e-ribaltata-lautocisterna-servono-la-rivalgo-venas-e-la-variante-di-longarone-al-momento-attuale-autostrada-e-tangenziale-di-cortina-non-farebbero-che-aumentare-tra\/"},"author":{"name":"redazione","@id":"https:\/\/www.bellunopress.it\/#\/schema\/person\/79bb06722b37ece1c03d3e94beb30d73"},"headline":"Reolon sulla Statale 51 dove si \u00e8 ribaltata l&#8217;autocisterna. Servono la Rivalgo Venas e la variante di Longarone. Al momento attuale autostrada e tangenziale di Cortina non farebbero che aumentare traffico e disagi sulla statale","datePublished":"2009-09-23T16:14:37+00:00","mainEntityOfPage":{"@id":"https:\/\/www.bellunopress.it\/2009\/09\/23\/reolon-sulla-statale-51-dove-si-e-ribaltata-lautocisterna-servono-la-rivalgo-venas-e-la-variante-di-longarone-al-momento-attuale-autostrada-e-tangenziale-di-cortina-non-farebbero-che-aumentare-tra\/"},"wordCount":457,"publisher":{"@id":"https:\/\/www.bellunopress.it\/#organization"},"image":{"@id":"https:\/\/www.bellunopress.it\/2009\/09\/23\/reolon-sulla-statale-51-dove-si-e-ribaltata-lautocisterna-servono-la-rivalgo-venas-e-la-variante-di-longarone-al-momento-attuale-autostrada-e-tangenziale-di-cortina-non-farebbero-che-aumentare-tra\/#primaryimage"},"thumbnailUrl":"http:\/\/www.bellunopress.it\/wp-content\/uploads\/2009\/09\/reolon-vallesina-incidente.jpg","keywords":["Belluno","Cadore"],"articleSection":["Cronaca\/Politica"],"inLanguage":"fr-FR"},{"@type":"WebPage","@id":"https:\/\/www.bellunopress.it\/2009\/09\/23\/reolon-sulla-statale-51-dove-si-e-ribaltata-lautocisterna-servono-la-rivalgo-venas-e-la-variante-di-longarone-al-momento-attuale-autostrada-e-tangenziale-di-cortina-non-farebbero-che-aumentare-tra\/","url":"https:\/\/www.bellunopress.it\/2009\/09\/23\/reolon-sulla-statale-51-dove-si-e-ribaltata-lautocisterna-servono-la-rivalgo-venas-e-la-variante-di-longarone-al-momento-attuale-autostrada-e-tangenziale-di-cortina-non-farebbero-che-aumentare-tra\/","name":"Reolon sulla Statale 51 dove si \u00e8 ribaltata l'autocisterna. Servono la Rivalgo Venas e la variante di Longarone. Al momento attuale autostrada e tangenziale di Cortina non farebbero che aumentare traffico e disagi sulla statale - Bellunopress - Dolomiti","isPartOf":{"@id":"https:\/\/www.bellunopress.it\/#website"},"primaryImageOfPage":{"@id":"https:\/\/www.bellunopress.it\/2009\/09\/23\/reolon-sulla-statale-51-dove-si-e-ribaltata-lautocisterna-servono-la-rivalgo-venas-e-la-variante-di-longarone-al-momento-attuale-autostrada-e-tangenziale-di-cortina-non-farebbero-che-aumentare-tra\/#primaryimage"},"image":{"@id":"https:\/\/www.bellunopress.it\/2009\/09\/23\/reolon-sulla-statale-51-dove-si-e-ribaltata-lautocisterna-servono-la-rivalgo-venas-e-la-variante-di-longarone-al-momento-attuale-autostrada-e-tangenziale-di-cortina-non-farebbero-che-aumentare-tra\/#primaryimage"},"thumbnailUrl":"http:\/\/www.bellunopress.it\/wp-content\/uploads\/2009\/09\/reolon-vallesina-incidente.jpg","datePublished":"2009-09-23T16:14:37+00:00","breadcrumb":{"@id":"https:\/\/www.bellunopress.it\/2009\/09\/23\/reolon-sulla-statale-51-dove-si-e-ribaltata-lautocisterna-servono-la-rivalgo-venas-e-la-variante-di-longarone-al-momento-attuale-autostrada-e-tangenziale-di-cortina-non-farebbero-che-aumentare-tra\/#breadcrumb"},"inLanguage":"fr-FR","potentialAction":[{"@type":"ReadAction","target":["https:\/\/www.bellunopress.it\/2009\/09\/23\/reolon-sulla-statale-51-dove-si-e-ribaltata-lautocisterna-servono-la-rivalgo-venas-e-la-variante-di-longarone-al-momento-attuale-autostrada-e-tangenziale-di-cortina-non-farebbero-che-aumentare-tra\/"]}]},{"@type":"ImageObject","inLanguage":"fr-FR","@id":"https:\/\/www.bellunopress.it\/2009\/09\/23\/reolon-sulla-statale-51-dove-si-e-ribaltata-lautocisterna-servono-la-rivalgo-venas-e-la-variante-di-longarone-al-momento-attuale-autostrada-e-tangenziale-di-cortina-non-farebbero-che-aumentare-tra\/#primaryimage","url":"http:\/\/www.bellunopress.it\/wp-content\/uploads\/2009\/09\/reolon-vallesina-incidente.jpg","contentUrl":"http:\/\/www.bellunopress.it\/wp-content\/uploads\/2009\/09\/reolon-vallesina-incidente.jpg"},{"@type":"BreadcrumbList","@id":"https:\/\/www.bellunopress.it\/2009\/09\/23\/reolon-sulla-statale-51-dove-si-e-ribaltata-lautocisterna-servono-la-rivalgo-venas-e-la-variante-di-longarone-al-momento-attuale-autostrada-e-tangenziale-di-cortina-non-farebbero-che-aumentare-tra\/#breadcrumb","itemListElement":[{"@type":"ListItem","position":1,"name":"Home","item":"https:\/\/www.bellunopress.it\/"},{"@type":"ListItem","position":2,"name":"Reolon sulla Statale 51 dove si \u00e8 ribaltata l&#8217;autocisterna. Servono la Rivalgo Venas e la variante di Longarone. Al momento attuale autostrada e tangenziale di Cortina non farebbero che aumentare traffico e disagi sulla statale"}]},{"@type":"WebSite","@id":"https:\/\/www.bellunopress.it\/#website","url":"https:\/\/www.bellunopress.it\/","name":"Bellunopress - Dolomiti","description":"e-mail: redazione@bellunopress.it","publisher":{"@id":"https:\/\/www.bellunopress.it\/#organization"},"potentialAction":[{"@type":"SearchAction","target":{"@type":"EntryPoint","urlTemplate":"https:\/\/www.bellunopress.it\/?s={search_term_string}"},"query-input":{"@type":"PropertyValueSpecification","valueRequired":true,"valueName":"search_term_string"}}],"inLanguage":"fr-FR"},{"@type":"Organization","@id":"https:\/\/www.bellunopress.it\/#organization","name":"Bellunopress","url":"https:\/\/www.bellunopress.it\/","logo":{"@type":"ImageObject","inLanguage":"fr-FR","@id":"https:\/\/www.bellunopress.it\/#\/schema\/logo\/image\/","url":"https:\/\/www.bellunopress.it\/wp-content\/uploads\/2011\/05\/cropped-logo-bellunopress-.jpg","contentUrl":"https:\/\/www.bellunopress.it\/wp-content\/uploads\/2011\/05\/cropped-logo-bellunopress-.jpg","width":512,"height":512,"caption":"Bellunopress"},"image":{"@id":"https:\/\/www.bellunopress.it\/#\/schema\/logo\/image\/"},"sameAs":["https:\/\/www.facebook.com\/profile.php?id=100008943462799","https:\/\/x.com\/bellunopress","https:\/\/www.linkedin.com\/hp\/?dnr=JBzUWaJfMUw8vbXJJ2tVW5-I3jZKvC4wsoxE&amp;amp;amp;amp;amp;amp;trk=nav_responsive_tab_home","https:\/\/www.youtube.com\/channel\/UCxL0wu1uN0_3_7hGG0306cw"]},{"@type":"Person","@id":"https:\/\/www.bellunopress.it\/#\/schema\/person\/79bb06722b37ece1c03d3e94beb30d73","name":"r\u00e9daction","image":{"@type":"ImageObject","inLanguage":"fr-FR","@id":"https:\/\/secure.gravatar.com\/avatar\/37d968a2e67a6fd04c169c4bdef102d0bc5d31b2546345219e348575eb80e9a0?s=96&d=mm&r=g","url":"https:\/\/secure.gravatar.com\/avatar\/37d968a2e67a6fd04c169c4bdef102d0bc5d31b2546345219e348575eb80e9a0?s=96&d=mm&r=g","contentUrl":"https:\/\/secure.gravatar.com\/avatar\/37d968a2e67a6fd04c169c4bdef102d0bc5d31b2546345219e348575eb80e9a0?s=96&d=mm&r=g","caption":"redazione"},"sameAs":["http:\/\/www.bellunopress.it","https:\/\/x.com\/bellunopress"],"url":"https:\/\/www.bellunopress.it\/fr\/author\/redazione\/"}]}},"_links":{"self":[{"href":"https:\/\/www.bellunopress.it\/fr\/wp-json\/wp\/v2\/posts\/8336","targetHints":{"allow":["GET"]}}],"collection":[{"href":"https:\/\/www.bellunopress.it\/fr\/wp-json\/wp\/v2\/posts"}],"about":[{"href":"https:\/\/www.bellunopress.it\/fr\/wp-json\/wp\/v2\/types\/post"}],"author":[{"embeddable":true,"href":"https:\/\/www.bellunopress.it\/fr\/wp-json\/wp\/v2\/users\/2"}],"replies":[{"embeddable":true,"href":"https:\/\/www.bellunopress.it\/fr\/wp-json\/wp\/v2\/comments?post=8336"}],"version-history":[{"count":1,"href":"https:\/\/www.bellunopress.it\/fr\/wp-json\/wp\/v2\/posts\/8336\/revisions"}],"predecessor-version":[{"id":8338,"href":"https:\/\/www.bellunopress.it\/fr\/wp-json\/wp\/v2\/posts\/8336\/revisions\/8338"}],"wp:attachment":[{"href":"https:\/\/www.bellunopress.it\/fr\/wp-json\/wp\/v2\/media?parent=8336"}],"wp:term":[{"taxonomy":"category","embeddable":true,"href":"https:\/\/www.bellunopress.it\/fr\/wp-json\/wp\/v2\/categories?post=8336"},{"taxonomy":"post_tag","embeddable":true,"href":"https:\/\/www.bellunopress.it\/fr\/wp-json\/wp\/v2\/tags?post=8336"}],"curies":[{"name":"wp","href":"https:\/\/api.w.org\/{rel}","templated":true}]}}