{"id":8324,"date":"2009-09-22T22:11:39","date_gmt":"2009-09-22T21:11:39","guid":{"rendered":"http:\/\/www.bellunopress.it\/?p=8324"},"modified":"2009-09-22T22:11:39","modified_gmt":"2009-09-22T21:11:39","slug":"forum-nazionale-dellados-associazione-donne-operate-al-seno-dal-24-al-26-settembre-al-centro-giovanni-xxiii-di-belluno","status":"publish","type":"post","link":"https:\/\/www.bellunopress.it\/fr\/2009\/09\/22\/forum-nazionale-dellados-associazione-donne-operate-al-seno-dal-24-al-26-settembre-al-centro-giovanni-xxiii-di-belluno\/","title":{"rendered":"Forum nazionale dell&#8217;Ados, Associazione donne operate al seno dal 24 al 26 settembre al Centro Giovanni XXIII di Belluno."},"content":{"rendered":"<p>L\u2019Ados, l\u2019associazione donne operate al seno, terr\u00e0 nelle giornate dal 24 al 26 settembre al Centro Giovanni XXIII di Belluno il Forum nazionale che annualmente si svolge in una sempre diversa citt\u00e0 italiana. Lo scopo dell\u2019associazione \u00e8 di offrire la possibilit\u00e0 di scambiare informazioni sulle conquiste della medicina e suole esperienze locali esportabili in altre realt\u00e0.<br \/>\nIl tema conduttore del convegno, programmato per venerd\u00ec 25 settembre alle 8.30, \u00e8 \u201cVolontariato ed integrazione con i servizi socio-sanitari, scelto sia per le richieste delle persone che frequentano l\u2019associazione, sia per l\u2019esperienza privilegiata bellunese che pu\u00f2 contare sull\u2019appoggio di un Comitato d\u2019Intesa, di un Centro di servizio per il volontariato e sulla collaborazione positiva e fattiva con le istituzioni.<br \/>\nVerranno trattati temi importanti quali la comunicazione efficace in medicina, l\u2019importanza degli stili di vita e dell\u2019alimentazione, il lavoro in gruppo, l\u2019intreccio relazionale attorno al malato. Ma anche l\u2019importanza della cosmesi per il benessere della persona, la forza del sorriso al servizio delle donne.<br \/>\nIl convegno \u00e8 aperto al pubblico. Il forum, al quale interverranno la presidente dell\u2019Ados Belluno Carla Pra Baldi e la coordinatrice nazionale AdosItalia Luisa Nemez, prevede anche dei momenti conviviali e le visite alle citt\u00e0 di Belluno, Cortina e Pieve di Cadore.<\/p>","protected":false},"excerpt":{"rendered":"<p>L\u2019Ados, l\u2019associazione donne operate al seno, terr\u00e0 nelle giornate dal 24 al 26 settembre al Centro Giovanni XXIII di Belluno il Forum nazionale che annualmente si svolge in una sempre diversa citt\u00e0 italiana. Lo scopo dell\u2019associazione \u00e8 di offrire la possibilit\u00e0 di scambiare informazioni sulle conquiste della medicina e suole esperienze locali esportabili in altre [&hellip;]<\/p>\n","protected":false},"author":2,"featured_media":0,"comment_status":"closed","ping_status":"open","sticky":false,"template":"","format":"standard","meta":{"footnotes":""},"categories":[1],"tags":[139,151],"class_list":["post-8324","post","type-post","status-publish","format-standard","category-leo","tag-belluno","tag-cadore"],"yoast_head":"<!-- This site is optimized with the Yoast SEO plugin v28.4 - https:\/\/yoast.com\/product\/yoast-seo-wordpress\/ -->\n<title>Forum nazionale dell&#039;Ados, Associazione donne operate al seno dal 24 al 26 settembre al Centro Giovanni XXIII di Belluno. - Bellunopress - Dolomiti<\/title>\n<meta name=\"robots\" content=\"index, follow, max-snippet:-1, max-image-preview:large, max-video-preview:-1\" \/>\n<link rel=\"canonical\" href=\"https:\/\/www.bellunopress.it\/fr\/2009\/09\/22\/forum-nazionale-dellados-associazione-donne-operate-al-seno-dal-24-al-26-settembre-al-centro-giovanni-xxiii-di-belluno\/\" \/>\n<meta property=\"og:locale\" content=\"fr_FR\" \/>\n<meta property=\"og:type\" content=\"article\" \/>\n<meta property=\"og:title\" content=\"Forum nazionale dell&#039;Ados, Associazione donne operate al seno dal 24 al 26 settembre al Centro Giovanni XXIII di Belluno. - Bellunopress - Dolomiti\" \/>\n<meta property=\"og:description\" content=\"L\u2019Ados, l\u2019associazione donne operate al seno, terr\u00e0 nelle giornate dal 24 al 26 settembre al Centro Giovanni XXIII di Belluno il Forum nazionale che annualmente si svolge in una sempre diversa citt\u00e0 italiana. Lo scopo dell\u2019associazione \u00e8 di offrire la possibilit\u00e0 di scambiare informazioni sulle conquiste della medicina e suole esperienze locali esportabili in altre [&hellip;]\" \/>\n<meta property=\"og:url\" content=\"https:\/\/www.bellunopress.it\/fr\/2009\/09\/22\/forum-nazionale-dellados-associazione-donne-operate-al-seno-dal-24-al-26-settembre-al-centro-giovanni-xxiii-di-belluno\/\" \/>\n<meta property=\"og:site_name\" content=\"Bellunopress - Dolomiti\" \/>\n<meta property=\"article:publisher\" content=\"https:\/\/www.facebook.com\/profile.php?id=100008943462799\" \/>\n<meta property=\"article:published_time\" content=\"2009-09-22T21:11:39+00:00\" \/>\n<meta property=\"og:image\" content=\"http:\/\/www.bellunopress.it\/wp-content\/uploads\/2012\/07\/logo-bellunopress-250x250-2012.jpg\" \/>\n<meta name=\"author\" content=\"redazione\" \/>\n<meta name=\"twitter:card\" content=\"summary_large_image\" \/>\n<meta name=\"twitter:creator\" content=\"@bellunopress\" \/>\n<meta name=\"twitter:site\" content=\"@bellunopress\" \/>\n<meta name=\"twitter:label1\" content=\"\u00c9crit par\" \/>\n\t<meta name=\"twitter:data1\" content=\"redazione\" \/>\n\t<meta name=\"twitter:label2\" content=\"Dur\u00e9e de lecture estim\u00e9e\" \/>\n\t<meta name=\"twitter:data2\" content=\"1 minute\" \/>\n<script type=\"application\/ld+json\" class=\"yoast-schema-graph\">{\"@context\":\"https:\\\/\\\/schema.org\",\"@graph\":[{\"@type\":\"Article\",\"@id\":\"https:\\\/\\\/www.bellunopress.it\\\/2009\\\/09\\\/22\\\/forum-nazionale-dellados-associazione-donne-operate-al-seno-dal-24-al-26-settembre-al-centro-giovanni-xxiii-di-belluno\\\/#article\",\"isPartOf\":{\"@id\":\"https:\\\/\\\/www.bellunopress.it\\\/2009\\\/09\\\/22\\\/forum-nazionale-dellados-associazione-donne-operate-al-seno-dal-24-al-26-settembre-al-centro-giovanni-xxiii-di-belluno\\\/\"},\"author\":{\"name\":\"redazione\",\"@id\":\"https:\\\/\\\/www.bellunopress.it\\\/#\\\/schema\\\/person\\\/79bb06722b37ece1c03d3e94beb30d73\"},\"headline\":\"Forum nazionale dell&#8217;Ados, Associazione donne operate al seno dal 24 al 26 settembre al Centro Giovanni XXIII di Belluno.\",\"datePublished\":\"2009-09-22T21:11:39+00:00\",\"mainEntityOfPage\":{\"@id\":\"https:\\\/\\\/www.bellunopress.it\\\/2009\\\/09\\\/22\\\/forum-nazionale-dellados-associazione-donne-operate-al-seno-dal-24-al-26-settembre-al-centro-giovanni-xxiii-di-belluno\\\/\"},\"wordCount\":225,\"publisher\":{\"@id\":\"https:\\\/\\\/www.bellunopress.it\\\/#organization\"},\"keywords\":[\"Belluno\",\"Cadore\"],\"articleSection\":[\"Lettere Opinioni\"],\"inLanguage\":\"fr-FR\"},{\"@type\":\"WebPage\",\"@id\":\"https:\\\/\\\/www.bellunopress.it\\\/2009\\\/09\\\/22\\\/forum-nazionale-dellados-associazione-donne-operate-al-seno-dal-24-al-26-settembre-al-centro-giovanni-xxiii-di-belluno\\\/\",\"url\":\"https:\\\/\\\/www.bellunopress.it\\\/2009\\\/09\\\/22\\\/forum-nazionale-dellados-associazione-donne-operate-al-seno-dal-24-al-26-settembre-al-centro-giovanni-xxiii-di-belluno\\\/\",\"name\":\"Forum nazionale dell'Ados, Associazione donne operate al seno dal 24 al 26 settembre al Centro Giovanni XXIII di Belluno. - Bellunopress - Dolomiti\",\"isPartOf\":{\"@id\":\"https:\\\/\\\/www.bellunopress.it\\\/#website\"},\"datePublished\":\"2009-09-22T21:11:39+00:00\",\"breadcrumb\":{\"@id\":\"https:\\\/\\\/www.bellunopress.it\\\/2009\\\/09\\\/22\\\/forum-nazionale-dellados-associazione-donne-operate-al-seno-dal-24-al-26-settembre-al-centro-giovanni-xxiii-di-belluno\\\/#breadcrumb\"},\"inLanguage\":\"fr-FR\",\"potentialAction\":[{\"@type\":\"ReadAction\",\"target\":[\"https:\\\/\\\/www.bellunopress.it\\\/2009\\\/09\\\/22\\\/forum-nazionale-dellados-associazione-donne-operate-al-seno-dal-24-al-26-settembre-al-centro-giovanni-xxiii-di-belluno\\\/\"]}]},{\"@type\":\"BreadcrumbList\",\"@id\":\"https:\\\/\\\/www.bellunopress.it\\\/2009\\\/09\\\/22\\\/forum-nazionale-dellados-associazione-donne-operate-al-seno-dal-24-al-26-settembre-al-centro-giovanni-xxiii-di-belluno\\\/#breadcrumb\",\"itemListElement\":[{\"@type\":\"ListItem\",\"position\":1,\"name\":\"Home\",\"item\":\"https:\\\/\\\/www.bellunopress.it\\\/\"},{\"@type\":\"ListItem\",\"position\":2,\"name\":\"Forum nazionale dell&#8217;Ados, Associazione donne operate al seno dal 24 al 26 settembre al Centro Giovanni XXIII di Belluno.\"}]},{\"@type\":\"WebSite\",\"@id\":\"https:\\\/\\\/www.bellunopress.it\\\/#website\",\"url\":\"https:\\\/\\\/www.bellunopress.it\\\/\",\"name\":\"Bellunopress - Dolomiti\",\"description\":\"e-mail: redazione@bellunopress.it\",\"publisher\":{\"@id\":\"https:\\\/\\\/www.bellunopress.it\\\/#organization\"},\"potentialAction\":[{\"@type\":\"SearchAction\",\"target\":{\"@type\":\"EntryPoint\",\"urlTemplate\":\"https:\\\/\\\/www.bellunopress.it\\\/?s={search_term_string}\"},\"query-input\":{\"@type\":\"PropertyValueSpecification\",\"valueRequired\":true,\"valueName\":\"search_term_string\"}}],\"inLanguage\":\"fr-FR\"},{\"@type\":\"Organization\",\"@id\":\"https:\\\/\\\/www.bellunopress.it\\\/#organization\",\"name\":\"Bellunopress\",\"url\":\"https:\\\/\\\/www.bellunopress.it\\\/\",\"logo\":{\"@type\":\"ImageObject\",\"inLanguage\":\"fr-FR\",\"@id\":\"https:\\\/\\\/www.bellunopress.it\\\/#\\\/schema\\\/logo\\\/image\\\/\",\"url\":\"https:\\\/\\\/www.bellunopress.it\\\/wp-content\\\/uploads\\\/2011\\\/05\\\/cropped-logo-bellunopress-.jpg\",\"contentUrl\":\"https:\\\/\\\/www.bellunopress.it\\\/wp-content\\\/uploads\\\/2011\\\/05\\\/cropped-logo-bellunopress-.jpg\",\"width\":512,\"height\":512,\"caption\":\"Bellunopress\"},\"image\":{\"@id\":\"https:\\\/\\\/www.bellunopress.it\\\/#\\\/schema\\\/logo\\\/image\\\/\"},\"sameAs\":[\"https:\\\/\\\/www.facebook.com\\\/profile.php?id=100008943462799\",\"https:\\\/\\\/x.com\\\/bellunopress\",\"https:\\\/\\\/www.linkedin.com\\\/hp\\\/?dnr=JBzUWaJfMUw8vbXJJ2tVW5-I3jZKvC4wsoxE&amp;amp;amp;amp;amp;amp;trk=nav_responsive_tab_home\",\"https:\\\/\\\/www.youtube.com\\\/channel\\\/UCxL0wu1uN0_3_7hGG0306cw\"]},{\"@type\":\"Person\",\"@id\":\"https:\\\/\\\/www.bellunopress.it\\\/#\\\/schema\\\/person\\\/79bb06722b37ece1c03d3e94beb30d73\",\"name\":\"redazione\",\"image\":{\"@type\":\"ImageObject\",\"inLanguage\":\"fr-FR\",\"@id\":\"https:\\\/\\\/secure.gravatar.com\\\/avatar\\\/37d968a2e67a6fd04c169c4bdef102d0bc5d31b2546345219e348575eb80e9a0?s=96&d=mm&r=g\",\"url\":\"https:\\\/\\\/secure.gravatar.com\\\/avatar\\\/37d968a2e67a6fd04c169c4bdef102d0bc5d31b2546345219e348575eb80e9a0?s=96&d=mm&r=g\",\"contentUrl\":\"https:\\\/\\\/secure.gravatar.com\\\/avatar\\\/37d968a2e67a6fd04c169c4bdef102d0bc5d31b2546345219e348575eb80e9a0?s=96&d=mm&r=g\",\"caption\":\"redazione\"},\"sameAs\":[\"http:\\\/\\\/www.bellunopress.it\",\"https:\\\/\\\/x.com\\\/bellunopress\"],\"url\":\"https:\\\/\\\/www.bellunopress.it\\\/fr\\\/author\\\/redazione\\\/\"}]}<\/script>\n<!-- \/ Yoast SEO plugin. -->","yoast_head_json":{"title":"Forum nazionale dell'Ados, Associazione donne operate al seno dal 24 al 26 settembre al Centro Giovanni XXIII di Belluno. - Bellunopress - Dolomiti","robots":{"index":"index","follow":"follow","max-snippet":"max-snippet:-1","max-image-preview":"max-image-preview:large","max-video-preview":"max-video-preview:-1"},"canonical":"https:\/\/www.bellunopress.it\/fr\/2009\/09\/22\/forum-nazionale-dellados-associazione-donne-operate-al-seno-dal-24-al-26-settembre-al-centro-giovanni-xxiii-di-belluno\/","og_locale":"fr_FR","og_type":"article","og_title":"Forum nazionale dell'Ados, Associazione donne operate al seno dal 24 al 26 settembre al Centro Giovanni XXIII di Belluno. - Bellunopress - Dolomiti","og_description":"L\u2019Ados, l\u2019associazione donne operate al seno, terr\u00e0 nelle giornate dal 24 al 26 settembre al Centro Giovanni XXIII di Belluno il Forum nazionale che annualmente si svolge in una sempre diversa citt\u00e0 italiana. Lo scopo dell\u2019associazione \u00e8 di offrire la possibilit\u00e0 di scambiare informazioni sulle conquiste della medicina e suole esperienze locali esportabili in altre [&hellip;]","og_url":"https:\/\/www.bellunopress.it\/fr\/2009\/09\/22\/forum-nazionale-dellados-associazione-donne-operate-al-seno-dal-24-al-26-settembre-al-centro-giovanni-xxiii-di-belluno\/","og_site_name":"Bellunopress - Dolomiti","article_publisher":"https:\/\/www.facebook.com\/profile.php?id=100008943462799","article_published_time":"2009-09-22T21:11:39+00:00","og_image":[{"url":"http:\/\/www.bellunopress.it\/wp-content\/uploads\/2012\/07\/logo-bellunopress-250x250-2012.jpg","type":"","width":"","height":""}],"author":"redazione","twitter_card":"summary_large_image","twitter_creator":"@bellunopress","twitter_site":"@bellunopress","twitter_misc":{"\u00c9crit par":"redazione","Dur\u00e9e de lecture estim\u00e9e":"1 minute"},"schema":{"@context":"https:\/\/schema.org","@graph":[{"@type":"Article","@id":"https:\/\/www.bellunopress.it\/2009\/09\/22\/forum-nazionale-dellados-associazione-donne-operate-al-seno-dal-24-al-26-settembre-al-centro-giovanni-xxiii-di-belluno\/#article","isPartOf":{"@id":"https:\/\/www.bellunopress.it\/2009\/09\/22\/forum-nazionale-dellados-associazione-donne-operate-al-seno-dal-24-al-26-settembre-al-centro-giovanni-xxiii-di-belluno\/"},"author":{"name":"redazione","@id":"https:\/\/www.bellunopress.it\/#\/schema\/person\/79bb06722b37ece1c03d3e94beb30d73"},"headline":"Forum nazionale dell&#8217;Ados, Associazione donne operate al seno dal 24 al 26 settembre al Centro Giovanni XXIII di Belluno.","datePublished":"2009-09-22T21:11:39+00:00","mainEntityOfPage":{"@id":"https:\/\/www.bellunopress.it\/2009\/09\/22\/forum-nazionale-dellados-associazione-donne-operate-al-seno-dal-24-al-26-settembre-al-centro-giovanni-xxiii-di-belluno\/"},"wordCount":225,"publisher":{"@id":"https:\/\/www.bellunopress.it\/#organization"},"keywords":["Belluno","Cadore"],"articleSection":["Lettere Opinioni"],"inLanguage":"fr-FR"},{"@type":"WebPage","@id":"https:\/\/www.bellunopress.it\/2009\/09\/22\/forum-nazionale-dellados-associazione-donne-operate-al-seno-dal-24-al-26-settembre-al-centro-giovanni-xxiii-di-belluno\/","url":"https:\/\/www.bellunopress.it\/2009\/09\/22\/forum-nazionale-dellados-associazione-donne-operate-al-seno-dal-24-al-26-settembre-al-centro-giovanni-xxiii-di-belluno\/","name":"Forum nazionale dell'Ados, Associazione donne operate al seno dal 24 al 26 settembre al Centro Giovanni XXIII di Belluno. - Bellunopress - Dolomiti","isPartOf":{"@id":"https:\/\/www.bellunopress.it\/#website"},"datePublished":"2009-09-22T21:11:39+00:00","breadcrumb":{"@id":"https:\/\/www.bellunopress.it\/2009\/09\/22\/forum-nazionale-dellados-associazione-donne-operate-al-seno-dal-24-al-26-settembre-al-centro-giovanni-xxiii-di-belluno\/#breadcrumb"},"inLanguage":"fr-FR","potentialAction":[{"@type":"ReadAction","target":["https:\/\/www.bellunopress.it\/2009\/09\/22\/forum-nazionale-dellados-associazione-donne-operate-al-seno-dal-24-al-26-settembre-al-centro-giovanni-xxiii-di-belluno\/"]}]},{"@type":"BreadcrumbList","@id":"https:\/\/www.bellunopress.it\/2009\/09\/22\/forum-nazionale-dellados-associazione-donne-operate-al-seno-dal-24-al-26-settembre-al-centro-giovanni-xxiii-di-belluno\/#breadcrumb","itemListElement":[{"@type":"ListItem","position":1,"name":"Home","item":"https:\/\/www.bellunopress.it\/"},{"@type":"ListItem","position":2,"name":"Forum nazionale dell&#8217;Ados, Associazione donne operate al seno dal 24 al 26 settembre al Centro Giovanni XXIII di Belluno."}]},{"@type":"WebSite","@id":"https:\/\/www.bellunopress.it\/#website","url":"https:\/\/www.bellunopress.it\/","name":"Bellunopress - Dolomiti","description":"e-mail: redazione@bellunopress.it","publisher":{"@id":"https:\/\/www.bellunopress.it\/#organization"},"potentialAction":[{"@type":"SearchAction","target":{"@type":"EntryPoint","urlTemplate":"https:\/\/www.bellunopress.it\/?s={search_term_string}"},"query-input":{"@type":"PropertyValueSpecification","valueRequired":true,"valueName":"search_term_string"}}],"inLanguage":"fr-FR"},{"@type":"Organization","@id":"https:\/\/www.bellunopress.it\/#organization","name":"Bellunopress","url":"https:\/\/www.bellunopress.it\/","logo":{"@type":"ImageObject","inLanguage":"fr-FR","@id":"https:\/\/www.bellunopress.it\/#\/schema\/logo\/image\/","url":"https:\/\/www.bellunopress.it\/wp-content\/uploads\/2011\/05\/cropped-logo-bellunopress-.jpg","contentUrl":"https:\/\/www.bellunopress.it\/wp-content\/uploads\/2011\/05\/cropped-logo-bellunopress-.jpg","width":512,"height":512,"caption":"Bellunopress"},"image":{"@id":"https:\/\/www.bellunopress.it\/#\/schema\/logo\/image\/"},"sameAs":["https:\/\/www.facebook.com\/profile.php?id=100008943462799","https:\/\/x.com\/bellunopress","https:\/\/www.linkedin.com\/hp\/?dnr=JBzUWaJfMUw8vbXJJ2tVW5-I3jZKvC4wsoxE&amp;amp;amp;amp;amp;amp;trk=nav_responsive_tab_home","https:\/\/www.youtube.com\/channel\/UCxL0wu1uN0_3_7hGG0306cw"]},{"@type":"Person","@id":"https:\/\/www.bellunopress.it\/#\/schema\/person\/79bb06722b37ece1c03d3e94beb30d73","name":"r\u00e9daction","image":{"@type":"ImageObject","inLanguage":"fr-FR","@id":"https:\/\/secure.gravatar.com\/avatar\/37d968a2e67a6fd04c169c4bdef102d0bc5d31b2546345219e348575eb80e9a0?s=96&d=mm&r=g","url":"https:\/\/secure.gravatar.com\/avatar\/37d968a2e67a6fd04c169c4bdef102d0bc5d31b2546345219e348575eb80e9a0?s=96&d=mm&r=g","contentUrl":"https:\/\/secure.gravatar.com\/avatar\/37d968a2e67a6fd04c169c4bdef102d0bc5d31b2546345219e348575eb80e9a0?s=96&d=mm&r=g","caption":"redazione"},"sameAs":["http:\/\/www.bellunopress.it","https:\/\/x.com\/bellunopress"],"url":"https:\/\/www.bellunopress.it\/fr\/author\/redazione\/"}]}},"_links":{"self":[{"href":"https:\/\/www.bellunopress.it\/fr\/wp-json\/wp\/v2\/posts\/8324","targetHints":{"allow":["GET"]}}],"collection":[{"href":"https:\/\/www.bellunopress.it\/fr\/wp-json\/wp\/v2\/posts"}],"about":[{"href":"https:\/\/www.bellunopress.it\/fr\/wp-json\/wp\/v2\/types\/post"}],"author":[{"embeddable":true,"href":"https:\/\/www.bellunopress.it\/fr\/wp-json\/wp\/v2\/users\/2"}],"replies":[{"embeddable":true,"href":"https:\/\/www.bellunopress.it\/fr\/wp-json\/wp\/v2\/comments?post=8324"}],"version-history":[{"count":1,"href":"https:\/\/www.bellunopress.it\/fr\/wp-json\/wp\/v2\/posts\/8324\/revisions"}],"predecessor-version":[{"id":8325,"href":"https:\/\/www.bellunopress.it\/fr\/wp-json\/wp\/v2\/posts\/8324\/revisions\/8325"}],"wp:attachment":[{"href":"https:\/\/www.bellunopress.it\/fr\/wp-json\/wp\/v2\/media?parent=8324"}],"wp:term":[{"taxonomy":"category","embeddable":true,"href":"https:\/\/www.bellunopress.it\/fr\/wp-json\/wp\/v2\/categories?post=8324"},{"taxonomy":"post_tag","embeddable":true,"href":"https:\/\/www.bellunopress.it\/fr\/wp-json\/wp\/v2\/tags?post=8324"}],"curies":[{"name":"wp","href":"https:\/\/api.w.org\/{rel}","templated":true}]}}