{"id":8318,"date":"2009-09-22T22:05:39","date_gmt":"2009-09-22T21:05:39","guid":{"rendered":"http:\/\/www.bellunopress.it\/?p=8318"},"modified":"2009-09-22T22:06:20","modified_gmt":"2009-09-22T21:06:20","slug":"laddio-a-don-raffaele-buttol-nella-chiesa-arcidiaconale-di-agordo","status":"publish","type":"post","link":"https:\/\/www.bellunopress.it\/fr\/2009\/09\/22\/laddio-a-don-raffaele-buttol-nella-chiesa-arcidiaconale-di-agordo\/","title":{"rendered":"L&#8217;addio a don Raffaele Buttol nella chiesa arcidiaconale di Agordo"},"content":{"rendered":"<p><a href=\"http:\/\/www.bellunopress.it\/wp-content\/uploads\/2009\/09\/funerale-don-raffaele-buttol_agordo-6.jpg\"><img loading=\"lazy\" decoding=\"async\" class=\"alignleft size-medium wp-image-8319\" title=\"funerale-don-raffaele-buttol_agordo-6\" src=\"http:\/\/www.bellunopress.it\/wp-content\/uploads\/2009\/09\/funerale-don-raffaele-buttol_agordo-6.jpg\" alt=\"\" width=\"280\" height=\"210\" \/><\/a>Si sono celebrati questo pomeriggio (marted\u00ec 22)\u00a0ad Agordo in una chiesa arcidiaconale gremita di sacerdoti e di fedeli le esequie di don Raffaele Rodolfo Buttol, familiarmente conosciuto come \u201cdon Nino\u201d, morto sabato scorso a 91 anni. Durante la celebrazione, introdotta dalle parole dell\u2019arcidiacono emerito, monsignor Lino Mottes, sono intervenuti per l\u2019omelia il Vescovo, monsignor Giuseppe Andrich, che presiedeva la Santa Messa, e il Vicario generale, monsignor Luigi Del Favero, che poco prima della benedizione e del congedo ha descritto i tratti salienti della vita di don Raffaele. \u201cUna vita che ha incrociato i grandi eventi della storia \u2013 ha detto il Vicario, riferendosi alla prigionia in campo di concentramento subita da don Buttol tra il 1944 e il 1945, quando, cappellano a Vodo, fu catturato dai nazisti per favoreggiamento nei confronti della Resistenza cadorina \u2013 ma che si \u00e8 svolta nella semplicit\u00e0 e nella normalit\u00e0 del ministero\u201d, svoltosi per buona parte e fino alla fine della sua vita ad Agordo, dove don Buttol era nato il 9 maggio 1918, ma anche in altre parrocchie della diocesi (Sedico, Castion, Mas-Peron e, per 25 anni, Gosaldo, dove visse con il suo popolo i giorni drammatici del novembre 1966). \u00a0Monsignor Andrich ha commentato il brano evangelico letto nella Liturgia della Parola, ovvero l\u2019introduzione al Discorso della Montagna con le otto Beatitudini, e ha unito nel ricordo don Buttol e il vescovo fra Girolamo Bartolomeo Bortignon, allora amministratore apostolico di Belluno e di Feltre, l\u2019unico tra i Vescovi ad entrare nel campo di concentramento di Bolzano, poco prima della sua definitiva chiusura per la Liberazione (era il 5 aprile 1945), per portare conforto ai prigionieri, tra cui il suo sacerdote don Raffaele. \u201cDon Raffaele, come gli altri prigionieri, non dimentic\u00f2 mai quei momenti. Scrisse della familiarit\u00e0 e della preghiera condivisa con gli altri prigionieri, non dimentic\u00f2 mai il Natale 1944, vissuto lontano dalla sua parrocchia, privato della libert\u00e0, ma del quale diceva: Non ho mai vissuto in vita un Natale cos\u00ec pieno di significato\u201d. \u201cOra egli conosce il vero natale, la vera nascita di ogni credente: la nascita al cielo, in cui vive la gioia di chi ha professato le Beatitudini\u201d. Dopo la comunione un ex-combattente in uniforme ha letto la preghiera del combattente ed ha deposto il Tricolore sulla bara di don Buttol, accanto alla stola violacea che decora la bara di ogni sacerdote. La salma \u00e8 stata portata nel cimitero di Agordo, accompagnata da un corteo guidato dal vicario parrocchiale don Fabiano Del Favero.<\/p>","protected":false},"excerpt":{"rendered":"<p>Si sono celebrati questo pomeriggio (marted\u00ec 22)\u00a0ad Agordo in una chiesa arcidiaconale gremita di sacerdoti e di fedeli le esequie di don Raffaele Rodolfo Buttol, familiarmente conosciuto come \u201cdon Nino\u201d, morto sabato scorso a 91 anni. Durante la celebrazione, introdotta dalle parole dell\u2019arcidiacono emerito, monsignor Lino Mottes, sono intervenuti per l\u2019omelia il Vescovo, monsignor Giuseppe [&hellip;]<\/p>\n","protected":false},"author":2,"featured_media":0,"comment_status":"closed","ping_status":"open","sticky":false,"template":"","format":"standard","meta":{"footnotes":""},"categories":[5,26],"tags":[139,302],"class_list":["post-8318","post","type-post","status-publish","format-standard","category-cronaca","category-prima-pagina","tag-belluno","tag-feltre"],"yoast_head":"<!-- This site is optimized with the Yoast SEO plugin v28.4 - https:\/\/yoast.com\/product\/yoast-seo-wordpress\/ -->\n<title>L&#039;addio a don Raffaele Buttol nella chiesa arcidiaconale di Agordo  - Bellunopress - Dolomiti<\/title>\n<meta name=\"robots\" content=\"index, follow, max-snippet:-1, max-image-preview:large, max-video-preview:-1\" \/>\n<link rel=\"canonical\" href=\"https:\/\/www.bellunopress.it\/fr\/2009\/09\/22\/laddio-a-don-raffaele-buttol-nella-chiesa-arcidiaconale-di-agordo\/\" \/>\n<meta property=\"og:locale\" content=\"fr_FR\" \/>\n<meta property=\"og:type\" content=\"article\" \/>\n<meta property=\"og:title\" content=\"L&#039;addio a don Raffaele Buttol nella chiesa arcidiaconale di Agordo  - Bellunopress - Dolomiti\" \/>\n<meta property=\"og:description\" content=\"Si sono celebrati questo pomeriggio (marted\u00ec 22)\u00a0ad Agordo in una chiesa arcidiaconale gremita di sacerdoti e di fedeli le esequie di don Raffaele Rodolfo Buttol, familiarmente conosciuto come \u201cdon Nino\u201d, morto sabato scorso a 91 anni. Durante la celebrazione, introdotta dalle parole dell\u2019arcidiacono emerito, monsignor Lino Mottes, sono intervenuti per l\u2019omelia il Vescovo, monsignor Giuseppe [&hellip;]\" \/>\n<meta property=\"og:url\" content=\"https:\/\/www.bellunopress.it\/fr\/2009\/09\/22\/laddio-a-don-raffaele-buttol-nella-chiesa-arcidiaconale-di-agordo\/\" \/>\n<meta property=\"og:site_name\" content=\"Bellunopress - Dolomiti\" \/>\n<meta property=\"article:publisher\" content=\"https:\/\/www.facebook.com\/profile.php?id=100008943462799\" \/>\n<meta property=\"article:published_time\" content=\"2009-09-22T21:05:39+00:00\" \/>\n<meta property=\"article:modified_time\" content=\"2009-09-22T21:06:20+00:00\" \/>\n<meta property=\"og:image\" content=\"http:\/\/www.bellunopress.it\/wp-content\/uploads\/2009\/09\/funerale-don-raffaele-buttol_agordo-6.jpg\" \/>\n<meta name=\"author\" content=\"redazione\" \/>\n<meta name=\"twitter:card\" content=\"summary_large_image\" \/>\n<meta name=\"twitter:creator\" content=\"@bellunopress\" \/>\n<meta name=\"twitter:site\" content=\"@bellunopress\" \/>\n<meta name=\"twitter:label1\" content=\"\u00c9crit par\" \/>\n\t<meta name=\"twitter:data1\" content=\"redazione\" \/>\n\t<meta name=\"twitter:label2\" content=\"Dur\u00e9e de lecture estim\u00e9e\" \/>\n\t<meta name=\"twitter:data2\" content=\"2 minutes\" \/>\n<script type=\"application\/ld+json\" class=\"yoast-schema-graph\">{\"@context\":\"https:\\\/\\\/schema.org\",\"@graph\":[{\"@type\":\"Article\",\"@id\":\"https:\\\/\\\/www.bellunopress.it\\\/2009\\\/09\\\/22\\\/laddio-a-don-raffaele-buttol-nella-chiesa-arcidiaconale-di-agordo\\\/#article\",\"isPartOf\":{\"@id\":\"https:\\\/\\\/www.bellunopress.it\\\/2009\\\/09\\\/22\\\/laddio-a-don-raffaele-buttol-nella-chiesa-arcidiaconale-di-agordo\\\/\"},\"author\":{\"name\":\"redazione\",\"@id\":\"https:\\\/\\\/www.bellunopress.it\\\/#\\\/schema\\\/person\\\/79bb06722b37ece1c03d3e94beb30d73\"},\"headline\":\"L&#8217;addio a don Raffaele Buttol nella chiesa arcidiaconale di Agordo\",\"datePublished\":\"2009-09-22T21:05:39+00:00\",\"dateModified\":\"2009-09-22T21:06:20+00:00\",\"mainEntityOfPage\":{\"@id\":\"https:\\\/\\\/www.bellunopress.it\\\/2009\\\/09\\\/22\\\/laddio-a-don-raffaele-buttol-nella-chiesa-arcidiaconale-di-agordo\\\/\"},\"wordCount\":413,\"publisher\":{\"@id\":\"https:\\\/\\\/www.bellunopress.it\\\/#organization\"},\"image\":{\"@id\":\"https:\\\/\\\/www.bellunopress.it\\\/2009\\\/09\\\/22\\\/laddio-a-don-raffaele-buttol-nella-chiesa-arcidiaconale-di-agordo\\\/#primaryimage\"},\"thumbnailUrl\":\"http:\\\/\\\/www.bellunopress.it\\\/wp-content\\\/uploads\\\/2009\\\/09\\\/funerale-don-raffaele-buttol_agordo-6.jpg\",\"keywords\":[\"Belluno\",\"Feltre\"],\"articleSection\":[\"Cronaca\\\/Politica\",\"Prima Pagina\"],\"inLanguage\":\"fr-FR\"},{\"@type\":\"WebPage\",\"@id\":\"https:\\\/\\\/www.bellunopress.it\\\/2009\\\/09\\\/22\\\/laddio-a-don-raffaele-buttol-nella-chiesa-arcidiaconale-di-agordo\\\/\",\"url\":\"https:\\\/\\\/www.bellunopress.it\\\/2009\\\/09\\\/22\\\/laddio-a-don-raffaele-buttol-nella-chiesa-arcidiaconale-di-agordo\\\/\",\"name\":\"L'addio a don Raffaele Buttol nella chiesa arcidiaconale di Agordo - Bellunopress - Dolomiti\",\"isPartOf\":{\"@id\":\"https:\\\/\\\/www.bellunopress.it\\\/#website\"},\"primaryImageOfPage\":{\"@id\":\"https:\\\/\\\/www.bellunopress.it\\\/2009\\\/09\\\/22\\\/laddio-a-don-raffaele-buttol-nella-chiesa-arcidiaconale-di-agordo\\\/#primaryimage\"},\"image\":{\"@id\":\"https:\\\/\\\/www.bellunopress.it\\\/2009\\\/09\\\/22\\\/laddio-a-don-raffaele-buttol-nella-chiesa-arcidiaconale-di-agordo\\\/#primaryimage\"},\"thumbnailUrl\":\"http:\\\/\\\/www.bellunopress.it\\\/wp-content\\\/uploads\\\/2009\\\/09\\\/funerale-don-raffaele-buttol_agordo-6.jpg\",\"datePublished\":\"2009-09-22T21:05:39+00:00\",\"dateModified\":\"2009-09-22T21:06:20+00:00\",\"breadcrumb\":{\"@id\":\"https:\\\/\\\/www.bellunopress.it\\\/2009\\\/09\\\/22\\\/laddio-a-don-raffaele-buttol-nella-chiesa-arcidiaconale-di-agordo\\\/#breadcrumb\"},\"inLanguage\":\"fr-FR\",\"potentialAction\":[{\"@type\":\"ReadAction\",\"target\":[\"https:\\\/\\\/www.bellunopress.it\\\/2009\\\/09\\\/22\\\/laddio-a-don-raffaele-buttol-nella-chiesa-arcidiaconale-di-agordo\\\/\"]}]},{\"@type\":\"ImageObject\",\"inLanguage\":\"fr-FR\",\"@id\":\"https:\\\/\\\/www.bellunopress.it\\\/2009\\\/09\\\/22\\\/laddio-a-don-raffaele-buttol-nella-chiesa-arcidiaconale-di-agordo\\\/#primaryimage\",\"url\":\"http:\\\/\\\/www.bellunopress.it\\\/wp-content\\\/uploads\\\/2009\\\/09\\\/funerale-don-raffaele-buttol_agordo-6.jpg\",\"contentUrl\":\"http:\\\/\\\/www.bellunopress.it\\\/wp-content\\\/uploads\\\/2009\\\/09\\\/funerale-don-raffaele-buttol_agordo-6.jpg\"},{\"@type\":\"BreadcrumbList\",\"@id\":\"https:\\\/\\\/www.bellunopress.it\\\/2009\\\/09\\\/22\\\/laddio-a-don-raffaele-buttol-nella-chiesa-arcidiaconale-di-agordo\\\/#breadcrumb\",\"itemListElement\":[{\"@type\":\"ListItem\",\"position\":1,\"name\":\"Home\",\"item\":\"https:\\\/\\\/www.bellunopress.it\\\/\"},{\"@type\":\"ListItem\",\"position\":2,\"name\":\"L&#8217;addio a don Raffaele Buttol nella chiesa arcidiaconale di Agordo\"}]},{\"@type\":\"WebSite\",\"@id\":\"https:\\\/\\\/www.bellunopress.it\\\/#website\",\"url\":\"https:\\\/\\\/www.bellunopress.it\\\/\",\"name\":\"Bellunopress - Dolomiti\",\"description\":\"e-mail: redazione@bellunopress.it\",\"publisher\":{\"@id\":\"https:\\\/\\\/www.bellunopress.it\\\/#organization\"},\"potentialAction\":[{\"@type\":\"SearchAction\",\"target\":{\"@type\":\"EntryPoint\",\"urlTemplate\":\"https:\\\/\\\/www.bellunopress.it\\\/?s={search_term_string}\"},\"query-input\":{\"@type\":\"PropertyValueSpecification\",\"valueRequired\":true,\"valueName\":\"search_term_string\"}}],\"inLanguage\":\"fr-FR\"},{\"@type\":\"Organization\",\"@id\":\"https:\\\/\\\/www.bellunopress.it\\\/#organization\",\"name\":\"Bellunopress\",\"url\":\"https:\\\/\\\/www.bellunopress.it\\\/\",\"logo\":{\"@type\":\"ImageObject\",\"inLanguage\":\"fr-FR\",\"@id\":\"https:\\\/\\\/www.bellunopress.it\\\/#\\\/schema\\\/logo\\\/image\\\/\",\"url\":\"https:\\\/\\\/www.bellunopress.it\\\/wp-content\\\/uploads\\\/2011\\\/05\\\/cropped-logo-bellunopress-.jpg\",\"contentUrl\":\"https:\\\/\\\/www.bellunopress.it\\\/wp-content\\\/uploads\\\/2011\\\/05\\\/cropped-logo-bellunopress-.jpg\",\"width\":512,\"height\":512,\"caption\":\"Bellunopress\"},\"image\":{\"@id\":\"https:\\\/\\\/www.bellunopress.it\\\/#\\\/schema\\\/logo\\\/image\\\/\"},\"sameAs\":[\"https:\\\/\\\/www.facebook.com\\\/profile.php?id=100008943462799\",\"https:\\\/\\\/x.com\\\/bellunopress\",\"https:\\\/\\\/www.linkedin.com\\\/hp\\\/?dnr=JBzUWaJfMUw8vbXJJ2tVW5-I3jZKvC4wsoxE&amp;amp;amp;amp;amp;amp;trk=nav_responsive_tab_home\",\"https:\\\/\\\/www.youtube.com\\\/channel\\\/UCxL0wu1uN0_3_7hGG0306cw\"]},{\"@type\":\"Person\",\"@id\":\"https:\\\/\\\/www.bellunopress.it\\\/#\\\/schema\\\/person\\\/79bb06722b37ece1c03d3e94beb30d73\",\"name\":\"redazione\",\"image\":{\"@type\":\"ImageObject\",\"inLanguage\":\"fr-FR\",\"@id\":\"https:\\\/\\\/secure.gravatar.com\\\/avatar\\\/37d968a2e67a6fd04c169c4bdef102d0bc5d31b2546345219e348575eb80e9a0?s=96&d=mm&r=g\",\"url\":\"https:\\\/\\\/secure.gravatar.com\\\/avatar\\\/37d968a2e67a6fd04c169c4bdef102d0bc5d31b2546345219e348575eb80e9a0?s=96&d=mm&r=g\",\"contentUrl\":\"https:\\\/\\\/secure.gravatar.com\\\/avatar\\\/37d968a2e67a6fd04c169c4bdef102d0bc5d31b2546345219e348575eb80e9a0?s=96&d=mm&r=g\",\"caption\":\"redazione\"},\"sameAs\":[\"http:\\\/\\\/www.bellunopress.it\",\"https:\\\/\\\/x.com\\\/bellunopress\"],\"url\":\"https:\\\/\\\/www.bellunopress.it\\\/fr\\\/author\\\/redazione\\\/\"}]}<\/script>\n<!-- \/ Yoast SEO plugin. -->","yoast_head_json":{"title":"L'addio a don Raffaele Buttol nella chiesa arcidiaconale di Agordo  - Bellunopress - Dolomiti","robots":{"index":"index","follow":"follow","max-snippet":"max-snippet:-1","max-image-preview":"max-image-preview:large","max-video-preview":"max-video-preview:-1"},"canonical":"https:\/\/www.bellunopress.it\/fr\/2009\/09\/22\/laddio-a-don-raffaele-buttol-nella-chiesa-arcidiaconale-di-agordo\/","og_locale":"fr_FR","og_type":"article","og_title":"L'addio a don Raffaele Buttol nella chiesa arcidiaconale di Agordo  - Bellunopress - Dolomiti","og_description":"Si sono celebrati questo pomeriggio (marted\u00ec 22)\u00a0ad Agordo in una chiesa arcidiaconale gremita di sacerdoti e di fedeli le esequie di don Raffaele Rodolfo Buttol, familiarmente conosciuto come \u201cdon Nino\u201d, morto sabato scorso a 91 anni. Durante la celebrazione, introdotta dalle parole dell\u2019arcidiacono emerito, monsignor Lino Mottes, sono intervenuti per l\u2019omelia il Vescovo, monsignor Giuseppe [&hellip;]","og_url":"https:\/\/www.bellunopress.it\/fr\/2009\/09\/22\/laddio-a-don-raffaele-buttol-nella-chiesa-arcidiaconale-di-agordo\/","og_site_name":"Bellunopress - Dolomiti","article_publisher":"https:\/\/www.facebook.com\/profile.php?id=100008943462799","article_published_time":"2009-09-22T21:05:39+00:00","article_modified_time":"2009-09-22T21:06:20+00:00","og_image":[{"url":"http:\/\/www.bellunopress.it\/wp-content\/uploads\/2009\/09\/funerale-don-raffaele-buttol_agordo-6.jpg","type":"","width":"","height":""}],"author":"redazione","twitter_card":"summary_large_image","twitter_creator":"@bellunopress","twitter_site":"@bellunopress","twitter_misc":{"\u00c9crit par":"redazione","Dur\u00e9e de lecture estim\u00e9e":"2 minutes"},"schema":{"@context":"https:\/\/schema.org","@graph":[{"@type":"Article","@id":"https:\/\/www.bellunopress.it\/2009\/09\/22\/laddio-a-don-raffaele-buttol-nella-chiesa-arcidiaconale-di-agordo\/#article","isPartOf":{"@id":"https:\/\/www.bellunopress.it\/2009\/09\/22\/laddio-a-don-raffaele-buttol-nella-chiesa-arcidiaconale-di-agordo\/"},"author":{"name":"redazione","@id":"https:\/\/www.bellunopress.it\/#\/schema\/person\/79bb06722b37ece1c03d3e94beb30d73"},"headline":"L&#8217;addio a don Raffaele Buttol nella chiesa arcidiaconale di Agordo","datePublished":"2009-09-22T21:05:39+00:00","dateModified":"2009-09-22T21:06:20+00:00","mainEntityOfPage":{"@id":"https:\/\/www.bellunopress.it\/2009\/09\/22\/laddio-a-don-raffaele-buttol-nella-chiesa-arcidiaconale-di-agordo\/"},"wordCount":413,"publisher":{"@id":"https:\/\/www.bellunopress.it\/#organization"},"image":{"@id":"https:\/\/www.bellunopress.it\/2009\/09\/22\/laddio-a-don-raffaele-buttol-nella-chiesa-arcidiaconale-di-agordo\/#primaryimage"},"thumbnailUrl":"http:\/\/www.bellunopress.it\/wp-content\/uploads\/2009\/09\/funerale-don-raffaele-buttol_agordo-6.jpg","keywords":["Belluno","Feltre"],"articleSection":["Cronaca\/Politica","Prima Pagina"],"inLanguage":"fr-FR"},{"@type":"WebPage","@id":"https:\/\/www.bellunopress.it\/2009\/09\/22\/laddio-a-don-raffaele-buttol-nella-chiesa-arcidiaconale-di-agordo\/","url":"https:\/\/www.bellunopress.it\/2009\/09\/22\/laddio-a-don-raffaele-buttol-nella-chiesa-arcidiaconale-di-agordo\/","name":"L'addio a don Raffaele Buttol nella chiesa arcidiaconale di Agordo - Bellunopress - Dolomiti","isPartOf":{"@id":"https:\/\/www.bellunopress.it\/#website"},"primaryImageOfPage":{"@id":"https:\/\/www.bellunopress.it\/2009\/09\/22\/laddio-a-don-raffaele-buttol-nella-chiesa-arcidiaconale-di-agordo\/#primaryimage"},"image":{"@id":"https:\/\/www.bellunopress.it\/2009\/09\/22\/laddio-a-don-raffaele-buttol-nella-chiesa-arcidiaconale-di-agordo\/#primaryimage"},"thumbnailUrl":"http:\/\/www.bellunopress.it\/wp-content\/uploads\/2009\/09\/funerale-don-raffaele-buttol_agordo-6.jpg","datePublished":"2009-09-22T21:05:39+00:00","dateModified":"2009-09-22T21:06:20+00:00","breadcrumb":{"@id":"https:\/\/www.bellunopress.it\/2009\/09\/22\/laddio-a-don-raffaele-buttol-nella-chiesa-arcidiaconale-di-agordo\/#breadcrumb"},"inLanguage":"fr-FR","potentialAction":[{"@type":"ReadAction","target":["https:\/\/www.bellunopress.it\/2009\/09\/22\/laddio-a-don-raffaele-buttol-nella-chiesa-arcidiaconale-di-agordo\/"]}]},{"@type":"ImageObject","inLanguage":"fr-FR","@id":"https:\/\/www.bellunopress.it\/2009\/09\/22\/laddio-a-don-raffaele-buttol-nella-chiesa-arcidiaconale-di-agordo\/#primaryimage","url":"http:\/\/www.bellunopress.it\/wp-content\/uploads\/2009\/09\/funerale-don-raffaele-buttol_agordo-6.jpg","contentUrl":"http:\/\/www.bellunopress.it\/wp-content\/uploads\/2009\/09\/funerale-don-raffaele-buttol_agordo-6.jpg"},{"@type":"BreadcrumbList","@id":"https:\/\/www.bellunopress.it\/2009\/09\/22\/laddio-a-don-raffaele-buttol-nella-chiesa-arcidiaconale-di-agordo\/#breadcrumb","itemListElement":[{"@type":"ListItem","position":1,"name":"Home","item":"https:\/\/www.bellunopress.it\/"},{"@type":"ListItem","position":2,"name":"L&#8217;addio a don Raffaele Buttol nella chiesa arcidiaconale di Agordo"}]},{"@type":"WebSite","@id":"https:\/\/www.bellunopress.it\/#website","url":"https:\/\/www.bellunopress.it\/","name":"Bellunopress - Dolomiti","description":"e-mail: redazione@bellunopress.it","publisher":{"@id":"https:\/\/www.bellunopress.it\/#organization"},"potentialAction":[{"@type":"SearchAction","target":{"@type":"EntryPoint","urlTemplate":"https:\/\/www.bellunopress.it\/?s={search_term_string}"},"query-input":{"@type":"PropertyValueSpecification","valueRequired":true,"valueName":"search_term_string"}}],"inLanguage":"fr-FR"},{"@type":"Organization","@id":"https:\/\/www.bellunopress.it\/#organization","name":"Bellunopress","url":"https:\/\/www.bellunopress.it\/","logo":{"@type":"ImageObject","inLanguage":"fr-FR","@id":"https:\/\/www.bellunopress.it\/#\/schema\/logo\/image\/","url":"https:\/\/www.bellunopress.it\/wp-content\/uploads\/2011\/05\/cropped-logo-bellunopress-.jpg","contentUrl":"https:\/\/www.bellunopress.it\/wp-content\/uploads\/2011\/05\/cropped-logo-bellunopress-.jpg","width":512,"height":512,"caption":"Bellunopress"},"image":{"@id":"https:\/\/www.bellunopress.it\/#\/schema\/logo\/image\/"},"sameAs":["https:\/\/www.facebook.com\/profile.php?id=100008943462799","https:\/\/x.com\/bellunopress","https:\/\/www.linkedin.com\/hp\/?dnr=JBzUWaJfMUw8vbXJJ2tVW5-I3jZKvC4wsoxE&amp;amp;amp;amp;amp;amp;trk=nav_responsive_tab_home","https:\/\/www.youtube.com\/channel\/UCxL0wu1uN0_3_7hGG0306cw"]},{"@type":"Person","@id":"https:\/\/www.bellunopress.it\/#\/schema\/person\/79bb06722b37ece1c03d3e94beb30d73","name":"r\u00e9daction","image":{"@type":"ImageObject","inLanguage":"fr-FR","@id":"https:\/\/secure.gravatar.com\/avatar\/37d968a2e67a6fd04c169c4bdef102d0bc5d31b2546345219e348575eb80e9a0?s=96&d=mm&r=g","url":"https:\/\/secure.gravatar.com\/avatar\/37d968a2e67a6fd04c169c4bdef102d0bc5d31b2546345219e348575eb80e9a0?s=96&d=mm&r=g","contentUrl":"https:\/\/secure.gravatar.com\/avatar\/37d968a2e67a6fd04c169c4bdef102d0bc5d31b2546345219e348575eb80e9a0?s=96&d=mm&r=g","caption":"redazione"},"sameAs":["http:\/\/www.bellunopress.it","https:\/\/x.com\/bellunopress"],"url":"https:\/\/www.bellunopress.it\/fr\/author\/redazione\/"}]}},"_links":{"self":[{"href":"https:\/\/www.bellunopress.it\/fr\/wp-json\/wp\/v2\/posts\/8318","targetHints":{"allow":["GET"]}}],"collection":[{"href":"https:\/\/www.bellunopress.it\/fr\/wp-json\/wp\/v2\/posts"}],"about":[{"href":"https:\/\/www.bellunopress.it\/fr\/wp-json\/wp\/v2\/types\/post"}],"author":[{"embeddable":true,"href":"https:\/\/www.bellunopress.it\/fr\/wp-json\/wp\/v2\/users\/2"}],"replies":[{"embeddable":true,"href":"https:\/\/www.bellunopress.it\/fr\/wp-json\/wp\/v2\/comments?post=8318"}],"version-history":[{"count":3,"href":"https:\/\/www.bellunopress.it\/fr\/wp-json\/wp\/v2\/posts\/8318\/revisions"}],"predecessor-version":[{"id":8322,"href":"https:\/\/www.bellunopress.it\/fr\/wp-json\/wp\/v2\/posts\/8318\/revisions\/8322"}],"wp:attachment":[{"href":"https:\/\/www.bellunopress.it\/fr\/wp-json\/wp\/v2\/media?parent=8318"}],"wp:term":[{"taxonomy":"category","embeddable":true,"href":"https:\/\/www.bellunopress.it\/fr\/wp-json\/wp\/v2\/categories?post=8318"},{"taxonomy":"post_tag","embeddable":true,"href":"https:\/\/www.bellunopress.it\/fr\/wp-json\/wp\/v2\/tags?post=8318"}],"curies":[{"name":"wp","href":"https:\/\/api.w.org\/{rel}","templated":true}]}}