{"id":8302,"date":"2009-09-22T15:18:13","date_gmt":"2009-09-22T14:18:13","guid":{"rendered":"http:\/\/www.bellunopress.it\/?p=8302"},"modified":"2009-09-22T15:18:13","modified_gmt":"2009-09-22T14:18:13","slug":"la-giunta-regionale-approva-la-convenzione-con-il-comune-di-sappada-per-la-costruzione-di-parcheggi-e-concede-il-contributo-di-1700000-euro","status":"publish","type":"post","link":"https:\/\/www.bellunopress.it\/fr\/2009\/09\/22\/la-giunta-regionale-approva-la-convenzione-con-il-comune-di-sappada-per-la-costruzione-di-parcheggi-e-concede-il-contributo-di-1700000-euro\/","title":{"rendered":"La Giunta regionale approva la convenzione con il Comune di Sappada  per la costruzione di parcheggi e concede il contributo di 1.700.000 euro"},"content":{"rendered":"<p>\u00a0\u00a0\u00a0\u00a0\u00a0\u00a0\u00a0\u00a0\u00a0\u00a0\u00a0\u00a0\u00a0\u00a0\u00a0\u00a0\u00a0\u00a0\u00a0\u00a0\u00a0\u00a0\u00a0\u00a0<br \/>\n\u00abHo approvato con soddisfazione, insieme con i colleghi della giunta regionale, la convenzione tra il Comune di Sappada e la Regione Veneto con la quale viene dato il via al progetto per realizzare 170 piazzole di sosta, sotterranee e in superficie, nella Borgata Kratten-Soravia. Si tratta di un\u2019iniziativa, a favore della quale ancora nel 2005 erano state reperite le risorse, che vede impegnati enti pubblici e impresa privata in un projet financing di 50 anni per un importo complessivo di 3 milioni e 609 mila euro. Con il provvedimento odierno, proposto dal collega Vendemiano Sartor, assessore alle politiche dell\u2019Economia e dello Sviluppo, si d\u00e0 attuazione all\u2019accordo di programma quadro in materia di sviluppo locale per realizzare le opere\u00a0 che consente all\u2019area degli impianti sportivi sappadini di avere parcheggi consoni alle esigenze turistiche e locali\u00bb. L\u2019assessore regionale Oscar De Bona ha salutato con grande favore l\u2019atto della giunta veneta che contribuisce ad incentivare lo sviluppo e l\u2019economia della localit\u00e0 turistica bellunese. L\u2019iniziativa di realizzare i parcheggi era partita dal Comune di Sappada, il quale era ricorso a soggetti privati. Cos\u00ec, nell\u2019operazione da oltre 3 milioni e mezzo, sono coinvolti il Comune che concede l\u2019area e che riceve il contributo dalla\u00a0 Regione di un milione e 700 mila euro, il soggetto che attua il Piano integrato di riqualificazione urbana, edilizia e ambientale dell\u2019 \u201cArea Monte Ferro \u2013 ex cinema Comunale \u2013 Area Cretta\u201d con 580 mila euro e il promotore finanziario con risorse per 1 milione e\u00a0 329 mila euro.\u00a0 La ditta assegnataria delle opere \u00e8 la Cogefa srl di Udine e i lavori consistono nella costruzione di un\u2019area interrata per la sosta di 100 auto e di un\u2019altra\u00a0 in superficie con 70 posti. Essa dovr\u00e0 eseguire anche\u00a0 lo spostamento e la parziale tombinatura del rio Kratten. A seguito di ulteriori esigenze di sviluppo dell\u2019area interessata agli interventi, sar\u00e0 realizzato un tunnel di collegamento pedonale tra Sappada 2000 e il nuovo impianto \u201cPian dei Nidi\u201d. Alla scadenza dei 50 anni della concessione, l\u2019opera passer\u00e0 di propriet\u00e0 comunale.<\/p>","protected":false},"excerpt":{"rendered":"<p>\u00a0\u00a0\u00a0\u00a0\u00a0\u00a0\u00a0\u00a0\u00a0\u00a0\u00a0\u00a0\u00a0\u00a0\u00a0\u00a0\u00a0\u00a0\u00a0\u00a0\u00a0\u00a0\u00a0\u00a0 \u00abHo approvato con soddisfazione, insieme con i colleghi della giunta regionale, la convenzione tra il Comune di Sappada e la Regione Veneto con la quale viene dato il via al progetto per realizzare 170 piazzole di sosta, sotterranee e in superficie, nella Borgata Kratten-Soravia. Si tratta di un\u2019iniziativa, a favore della quale ancora nel [&hellip;]<\/p>\n","protected":false},"author":2,"featured_media":0,"comment_status":"closed","ping_status":"open","sticky":false,"template":"","format":"standard","meta":{"footnotes":""},"categories":[5,26],"tags":[],"class_list":["post-8302","post","type-post","status-publish","format-standard","category-cronaca","category-prima-pagina"],"yoast_head":"<!-- This site is optimized with the Yoast SEO plugin v28.4 - https:\/\/yoast.com\/product\/yoast-seo-wordpress\/ -->\n<title>La Giunta regionale approva la convenzione con il Comune di Sappada per la costruzione di parcheggi e concede il contributo di 1.700.000 euro - Bellunopress - Dolomiti<\/title>\n<meta name=\"robots\" content=\"index, follow, max-snippet:-1, max-image-preview:large, max-video-preview:-1\" \/>\n<link rel=\"canonical\" href=\"https:\/\/www.bellunopress.it\/fr\/2009\/09\/22\/la-giunta-regionale-approva-la-convenzione-con-il-comune-di-sappada-per-la-costruzione-di-parcheggi-e-concede-il-contributo-di-1700000-euro\/\" \/>\n<meta property=\"og:locale\" content=\"fr_FR\" \/>\n<meta property=\"og:type\" content=\"article\" \/>\n<meta property=\"og:title\" content=\"La Giunta regionale approva la convenzione con il Comune di Sappada per la costruzione di parcheggi e concede il contributo di 1.700.000 euro - Bellunopress - Dolomiti\" \/>\n<meta property=\"og:description\" content=\"\u00a0\u00a0\u00a0\u00a0\u00a0\u00a0\u00a0\u00a0\u00a0\u00a0\u00a0\u00a0\u00a0\u00a0\u00a0\u00a0\u00a0\u00a0\u00a0\u00a0\u00a0\u00a0\u00a0\u00a0 \u00abHo approvato con soddisfazione, insieme con i colleghi della giunta regionale, la convenzione tra il Comune di Sappada e la Regione Veneto con la quale viene dato il via al progetto per realizzare 170 piazzole di sosta, sotterranee e in superficie, nella Borgata Kratten-Soravia. Si tratta di un\u2019iniziativa, a favore della quale ancora nel [&hellip;]\" \/>\n<meta property=\"og:url\" content=\"https:\/\/www.bellunopress.it\/fr\/2009\/09\/22\/la-giunta-regionale-approva-la-convenzione-con-il-comune-di-sappada-per-la-costruzione-di-parcheggi-e-concede-il-contributo-di-1700000-euro\/\" \/>\n<meta property=\"og:site_name\" content=\"Bellunopress - Dolomiti\" \/>\n<meta property=\"article:publisher\" content=\"https:\/\/www.facebook.com\/profile.php?id=100008943462799\" \/>\n<meta property=\"article:published_time\" content=\"2009-09-22T14:18:13+00:00\" \/>\n<meta property=\"og:image\" content=\"http:\/\/www.bellunopress.it\/wp-content\/uploads\/2012\/07\/logo-bellunopress-250x250-2012.jpg\" \/>\n<meta name=\"author\" content=\"redazione\" \/>\n<meta name=\"twitter:card\" content=\"summary_large_image\" \/>\n<meta name=\"twitter:creator\" content=\"@bellunopress\" \/>\n<meta name=\"twitter:site\" content=\"@bellunopress\" \/>\n<meta name=\"twitter:label1\" content=\"\u00c9crit par\" \/>\n\t<meta name=\"twitter:data1\" content=\"redazione\" \/>\n\t<meta name=\"twitter:label2\" content=\"Dur\u00e9e de lecture estim\u00e9e\" \/>\n\t<meta name=\"twitter:data2\" content=\"2 minutes\" \/>\n<script type=\"application\/ld+json\" class=\"yoast-schema-graph\">{\"@context\":\"https:\\\/\\\/schema.org\",\"@graph\":[{\"@type\":\"Article\",\"@id\":\"https:\\\/\\\/www.bellunopress.it\\\/2009\\\/09\\\/22\\\/la-giunta-regionale-approva-la-convenzione-con-il-comune-di-sappada-per-la-costruzione-di-parcheggi-e-concede-il-contributo-di-1700000-euro\\\/#article\",\"isPartOf\":{\"@id\":\"https:\\\/\\\/www.bellunopress.it\\\/2009\\\/09\\\/22\\\/la-giunta-regionale-approva-la-convenzione-con-il-comune-di-sappada-per-la-costruzione-di-parcheggi-e-concede-il-contributo-di-1700000-euro\\\/\"},\"author\":{\"name\":\"redazione\",\"@id\":\"https:\\\/\\\/www.bellunopress.it\\\/#\\\/schema\\\/person\\\/79bb06722b37ece1c03d3e94beb30d73\"},\"headline\":\"La Giunta regionale approva la convenzione con il Comune di Sappada per la costruzione di parcheggi e concede il contributo di 1.700.000 euro\",\"datePublished\":\"2009-09-22T14:18:13+00:00\",\"mainEntityOfPage\":{\"@id\":\"https:\\\/\\\/www.bellunopress.it\\\/2009\\\/09\\\/22\\\/la-giunta-regionale-approva-la-convenzione-con-il-comune-di-sappada-per-la-costruzione-di-parcheggi-e-concede-il-contributo-di-1700000-euro\\\/\"},\"wordCount\":354,\"publisher\":{\"@id\":\"https:\\\/\\\/www.bellunopress.it\\\/#organization\"},\"articleSection\":[\"Cronaca\\\/Politica\",\"Prima Pagina\"],\"inLanguage\":\"fr-FR\"},{\"@type\":\"WebPage\",\"@id\":\"https:\\\/\\\/www.bellunopress.it\\\/2009\\\/09\\\/22\\\/la-giunta-regionale-approva-la-convenzione-con-il-comune-di-sappada-per-la-costruzione-di-parcheggi-e-concede-il-contributo-di-1700000-euro\\\/\",\"url\":\"https:\\\/\\\/www.bellunopress.it\\\/2009\\\/09\\\/22\\\/la-giunta-regionale-approva-la-convenzione-con-il-comune-di-sappada-per-la-costruzione-di-parcheggi-e-concede-il-contributo-di-1700000-euro\\\/\",\"name\":\"La Giunta regionale approva la convenzione con il Comune di Sappada per la costruzione di parcheggi e concede il contributo di 1.700.000 euro - Bellunopress - Dolomiti\",\"isPartOf\":{\"@id\":\"https:\\\/\\\/www.bellunopress.it\\\/#website\"},\"datePublished\":\"2009-09-22T14:18:13+00:00\",\"breadcrumb\":{\"@id\":\"https:\\\/\\\/www.bellunopress.it\\\/2009\\\/09\\\/22\\\/la-giunta-regionale-approva-la-convenzione-con-il-comune-di-sappada-per-la-costruzione-di-parcheggi-e-concede-il-contributo-di-1700000-euro\\\/#breadcrumb\"},\"inLanguage\":\"fr-FR\",\"potentialAction\":[{\"@type\":\"ReadAction\",\"target\":[\"https:\\\/\\\/www.bellunopress.it\\\/2009\\\/09\\\/22\\\/la-giunta-regionale-approva-la-convenzione-con-il-comune-di-sappada-per-la-costruzione-di-parcheggi-e-concede-il-contributo-di-1700000-euro\\\/\"]}]},{\"@type\":\"BreadcrumbList\",\"@id\":\"https:\\\/\\\/www.bellunopress.it\\\/2009\\\/09\\\/22\\\/la-giunta-regionale-approva-la-convenzione-con-il-comune-di-sappada-per-la-costruzione-di-parcheggi-e-concede-il-contributo-di-1700000-euro\\\/#breadcrumb\",\"itemListElement\":[{\"@type\":\"ListItem\",\"position\":1,\"name\":\"Home\",\"item\":\"https:\\\/\\\/www.bellunopress.it\\\/\"},{\"@type\":\"ListItem\",\"position\":2,\"name\":\"La Giunta regionale approva la convenzione con il Comune di Sappada per la costruzione di parcheggi e concede il contributo di 1.700.000 euro\"}]},{\"@type\":\"WebSite\",\"@id\":\"https:\\\/\\\/www.bellunopress.it\\\/#website\",\"url\":\"https:\\\/\\\/www.bellunopress.it\\\/\",\"name\":\"Bellunopress - Dolomiti\",\"description\":\"e-mail: redazione@bellunopress.it\",\"publisher\":{\"@id\":\"https:\\\/\\\/www.bellunopress.it\\\/#organization\"},\"potentialAction\":[{\"@type\":\"SearchAction\",\"target\":{\"@type\":\"EntryPoint\",\"urlTemplate\":\"https:\\\/\\\/www.bellunopress.it\\\/?s={search_term_string}\"},\"query-input\":{\"@type\":\"PropertyValueSpecification\",\"valueRequired\":true,\"valueName\":\"search_term_string\"}}],\"inLanguage\":\"fr-FR\"},{\"@type\":\"Organization\",\"@id\":\"https:\\\/\\\/www.bellunopress.it\\\/#organization\",\"name\":\"Bellunopress\",\"url\":\"https:\\\/\\\/www.bellunopress.it\\\/\",\"logo\":{\"@type\":\"ImageObject\",\"inLanguage\":\"fr-FR\",\"@id\":\"https:\\\/\\\/www.bellunopress.it\\\/#\\\/schema\\\/logo\\\/image\\\/\",\"url\":\"https:\\\/\\\/www.bellunopress.it\\\/wp-content\\\/uploads\\\/2011\\\/05\\\/cropped-logo-bellunopress-.jpg\",\"contentUrl\":\"https:\\\/\\\/www.bellunopress.it\\\/wp-content\\\/uploads\\\/2011\\\/05\\\/cropped-logo-bellunopress-.jpg\",\"width\":512,\"height\":512,\"caption\":\"Bellunopress\"},\"image\":{\"@id\":\"https:\\\/\\\/www.bellunopress.it\\\/#\\\/schema\\\/logo\\\/image\\\/\"},\"sameAs\":[\"https:\\\/\\\/www.facebook.com\\\/profile.php?id=100008943462799\",\"https:\\\/\\\/x.com\\\/bellunopress\",\"https:\\\/\\\/www.linkedin.com\\\/hp\\\/?dnr=JBzUWaJfMUw8vbXJJ2tVW5-I3jZKvC4wsoxE&amp;amp;amp;amp;amp;amp;trk=nav_responsive_tab_home\",\"https:\\\/\\\/www.youtube.com\\\/channel\\\/UCxL0wu1uN0_3_7hGG0306cw\"]},{\"@type\":\"Person\",\"@id\":\"https:\\\/\\\/www.bellunopress.it\\\/#\\\/schema\\\/person\\\/79bb06722b37ece1c03d3e94beb30d73\",\"name\":\"redazione\",\"image\":{\"@type\":\"ImageObject\",\"inLanguage\":\"fr-FR\",\"@id\":\"https:\\\/\\\/secure.gravatar.com\\\/avatar\\\/37d968a2e67a6fd04c169c4bdef102d0bc5d31b2546345219e348575eb80e9a0?s=96&d=mm&r=g\",\"url\":\"https:\\\/\\\/secure.gravatar.com\\\/avatar\\\/37d968a2e67a6fd04c169c4bdef102d0bc5d31b2546345219e348575eb80e9a0?s=96&d=mm&r=g\",\"contentUrl\":\"https:\\\/\\\/secure.gravatar.com\\\/avatar\\\/37d968a2e67a6fd04c169c4bdef102d0bc5d31b2546345219e348575eb80e9a0?s=96&d=mm&r=g\",\"caption\":\"redazione\"},\"sameAs\":[\"http:\\\/\\\/www.bellunopress.it\",\"https:\\\/\\\/x.com\\\/bellunopress\"],\"url\":\"https:\\\/\\\/www.bellunopress.it\\\/fr\\\/author\\\/redazione\\\/\"}]}<\/script>\n<!-- \/ Yoast SEO plugin. -->","yoast_head_json":{"title":"La Giunta regionale approva la convenzione con il Comune di Sappada per la costruzione di parcheggi e concede il contributo di 1.700.000 euro - Bellunopress - Dolomiti","robots":{"index":"index","follow":"follow","max-snippet":"max-snippet:-1","max-image-preview":"max-image-preview:large","max-video-preview":"max-video-preview:-1"},"canonical":"https:\/\/www.bellunopress.it\/fr\/2009\/09\/22\/la-giunta-regionale-approva-la-convenzione-con-il-comune-di-sappada-per-la-costruzione-di-parcheggi-e-concede-il-contributo-di-1700000-euro\/","og_locale":"fr_FR","og_type":"article","og_title":"La Giunta regionale approva la convenzione con il Comune di Sappada per la costruzione di parcheggi e concede il contributo di 1.700.000 euro - Bellunopress - Dolomiti","og_description":"\u00a0\u00a0\u00a0\u00a0\u00a0\u00a0\u00a0\u00a0\u00a0\u00a0\u00a0\u00a0\u00a0\u00a0\u00a0\u00a0\u00a0\u00a0\u00a0\u00a0\u00a0\u00a0\u00a0\u00a0 \u00abHo approvato con soddisfazione, insieme con i colleghi della giunta regionale, la convenzione tra il Comune di Sappada e la Regione Veneto con la quale viene dato il via al progetto per realizzare 170 piazzole di sosta, sotterranee e in superficie, nella Borgata Kratten-Soravia. Si tratta di un\u2019iniziativa, a favore della quale ancora nel [&hellip;]","og_url":"https:\/\/www.bellunopress.it\/fr\/2009\/09\/22\/la-giunta-regionale-approva-la-convenzione-con-il-comune-di-sappada-per-la-costruzione-di-parcheggi-e-concede-il-contributo-di-1700000-euro\/","og_site_name":"Bellunopress - Dolomiti","article_publisher":"https:\/\/www.facebook.com\/profile.php?id=100008943462799","article_published_time":"2009-09-22T14:18:13+00:00","og_image":[{"url":"http:\/\/www.bellunopress.it\/wp-content\/uploads\/2012\/07\/logo-bellunopress-250x250-2012.jpg","type":"","width":"","height":""}],"author":"redazione","twitter_card":"summary_large_image","twitter_creator":"@bellunopress","twitter_site":"@bellunopress","twitter_misc":{"\u00c9crit par":"redazione","Dur\u00e9e de lecture estim\u00e9e":"2 minutes"},"schema":{"@context":"https:\/\/schema.org","@graph":[{"@type":"Article","@id":"https:\/\/www.bellunopress.it\/2009\/09\/22\/la-giunta-regionale-approva-la-convenzione-con-il-comune-di-sappada-per-la-costruzione-di-parcheggi-e-concede-il-contributo-di-1700000-euro\/#article","isPartOf":{"@id":"https:\/\/www.bellunopress.it\/2009\/09\/22\/la-giunta-regionale-approva-la-convenzione-con-il-comune-di-sappada-per-la-costruzione-di-parcheggi-e-concede-il-contributo-di-1700000-euro\/"},"author":{"name":"redazione","@id":"https:\/\/www.bellunopress.it\/#\/schema\/person\/79bb06722b37ece1c03d3e94beb30d73"},"headline":"La Giunta regionale approva la convenzione con il Comune di Sappada per la costruzione di parcheggi e concede il contributo di 1.700.000 euro","datePublished":"2009-09-22T14:18:13+00:00","mainEntityOfPage":{"@id":"https:\/\/www.bellunopress.it\/2009\/09\/22\/la-giunta-regionale-approva-la-convenzione-con-il-comune-di-sappada-per-la-costruzione-di-parcheggi-e-concede-il-contributo-di-1700000-euro\/"},"wordCount":354,"publisher":{"@id":"https:\/\/www.bellunopress.it\/#organization"},"articleSection":["Cronaca\/Politica","Prima Pagina"],"inLanguage":"fr-FR"},{"@type":"WebPage","@id":"https:\/\/www.bellunopress.it\/2009\/09\/22\/la-giunta-regionale-approva-la-convenzione-con-il-comune-di-sappada-per-la-costruzione-di-parcheggi-e-concede-il-contributo-di-1700000-euro\/","url":"https:\/\/www.bellunopress.it\/2009\/09\/22\/la-giunta-regionale-approva-la-convenzione-con-il-comune-di-sappada-per-la-costruzione-di-parcheggi-e-concede-il-contributo-di-1700000-euro\/","name":"La Giunta regionale approva la convenzione con il Comune di Sappada per la costruzione di parcheggi e concede il contributo di 1.700.000 euro - Bellunopress - Dolomiti","isPartOf":{"@id":"https:\/\/www.bellunopress.it\/#website"},"datePublished":"2009-09-22T14:18:13+00:00","breadcrumb":{"@id":"https:\/\/www.bellunopress.it\/2009\/09\/22\/la-giunta-regionale-approva-la-convenzione-con-il-comune-di-sappada-per-la-costruzione-di-parcheggi-e-concede-il-contributo-di-1700000-euro\/#breadcrumb"},"inLanguage":"fr-FR","potentialAction":[{"@type":"ReadAction","target":["https:\/\/www.bellunopress.it\/2009\/09\/22\/la-giunta-regionale-approva-la-convenzione-con-il-comune-di-sappada-per-la-costruzione-di-parcheggi-e-concede-il-contributo-di-1700000-euro\/"]}]},{"@type":"BreadcrumbList","@id":"https:\/\/www.bellunopress.it\/2009\/09\/22\/la-giunta-regionale-approva-la-convenzione-con-il-comune-di-sappada-per-la-costruzione-di-parcheggi-e-concede-il-contributo-di-1700000-euro\/#breadcrumb","itemListElement":[{"@type":"ListItem","position":1,"name":"Home","item":"https:\/\/www.bellunopress.it\/"},{"@type":"ListItem","position":2,"name":"La Giunta regionale approva la convenzione con il Comune di Sappada per la costruzione di parcheggi e concede il contributo di 1.700.000 euro"}]},{"@type":"WebSite","@id":"https:\/\/www.bellunopress.it\/#website","url":"https:\/\/www.bellunopress.it\/","name":"Bellunopress - Dolomiti","description":"e-mail: redazione@bellunopress.it","publisher":{"@id":"https:\/\/www.bellunopress.it\/#organization"},"potentialAction":[{"@type":"SearchAction","target":{"@type":"EntryPoint","urlTemplate":"https:\/\/www.bellunopress.it\/?s={search_term_string}"},"query-input":{"@type":"PropertyValueSpecification","valueRequired":true,"valueName":"search_term_string"}}],"inLanguage":"fr-FR"},{"@type":"Organization","@id":"https:\/\/www.bellunopress.it\/#organization","name":"Bellunopress","url":"https:\/\/www.bellunopress.it\/","logo":{"@type":"ImageObject","inLanguage":"fr-FR","@id":"https:\/\/www.bellunopress.it\/#\/schema\/logo\/image\/","url":"https:\/\/www.bellunopress.it\/wp-content\/uploads\/2011\/05\/cropped-logo-bellunopress-.jpg","contentUrl":"https:\/\/www.bellunopress.it\/wp-content\/uploads\/2011\/05\/cropped-logo-bellunopress-.jpg","width":512,"height":512,"caption":"Bellunopress"},"image":{"@id":"https:\/\/www.bellunopress.it\/#\/schema\/logo\/image\/"},"sameAs":["https:\/\/www.facebook.com\/profile.php?id=100008943462799","https:\/\/x.com\/bellunopress","https:\/\/www.linkedin.com\/hp\/?dnr=JBzUWaJfMUw8vbXJJ2tVW5-I3jZKvC4wsoxE&amp;amp;amp;amp;amp;amp;trk=nav_responsive_tab_home","https:\/\/www.youtube.com\/channel\/UCxL0wu1uN0_3_7hGG0306cw"]},{"@type":"Person","@id":"https:\/\/www.bellunopress.it\/#\/schema\/person\/79bb06722b37ece1c03d3e94beb30d73","name":"r\u00e9daction","image":{"@type":"ImageObject","inLanguage":"fr-FR","@id":"https:\/\/secure.gravatar.com\/avatar\/37d968a2e67a6fd04c169c4bdef102d0bc5d31b2546345219e348575eb80e9a0?s=96&d=mm&r=g","url":"https:\/\/secure.gravatar.com\/avatar\/37d968a2e67a6fd04c169c4bdef102d0bc5d31b2546345219e348575eb80e9a0?s=96&d=mm&r=g","contentUrl":"https:\/\/secure.gravatar.com\/avatar\/37d968a2e67a6fd04c169c4bdef102d0bc5d31b2546345219e348575eb80e9a0?s=96&d=mm&r=g","caption":"redazione"},"sameAs":["http:\/\/www.bellunopress.it","https:\/\/x.com\/bellunopress"],"url":"https:\/\/www.bellunopress.it\/fr\/author\/redazione\/"}]}},"_links":{"self":[{"href":"https:\/\/www.bellunopress.it\/fr\/wp-json\/wp\/v2\/posts\/8302","targetHints":{"allow":["GET"]}}],"collection":[{"href":"https:\/\/www.bellunopress.it\/fr\/wp-json\/wp\/v2\/posts"}],"about":[{"href":"https:\/\/www.bellunopress.it\/fr\/wp-json\/wp\/v2\/types\/post"}],"author":[{"embeddable":true,"href":"https:\/\/www.bellunopress.it\/fr\/wp-json\/wp\/v2\/users\/2"}],"replies":[{"embeddable":true,"href":"https:\/\/www.bellunopress.it\/fr\/wp-json\/wp\/v2\/comments?post=8302"}],"version-history":[{"count":1,"href":"https:\/\/www.bellunopress.it\/fr\/wp-json\/wp\/v2\/posts\/8302\/revisions"}],"predecessor-version":[{"id":8303,"href":"https:\/\/www.bellunopress.it\/fr\/wp-json\/wp\/v2\/posts\/8302\/revisions\/8303"}],"wp:attachment":[{"href":"https:\/\/www.bellunopress.it\/fr\/wp-json\/wp\/v2\/media?parent=8302"}],"wp:term":[{"taxonomy":"category","embeddable":true,"href":"https:\/\/www.bellunopress.it\/fr\/wp-json\/wp\/v2\/categories?post=8302"},{"taxonomy":"post_tag","embeddable":true,"href":"https:\/\/www.bellunopress.it\/fr\/wp-json\/wp\/v2\/tags?post=8302"}],"curies":[{"name":"wp","href":"https:\/\/api.w.org\/{rel}","templated":true}]}}