{"id":8299,"date":"2009-09-22T12:30:46","date_gmt":"2009-09-22T11:30:46","guid":{"rendered":"http:\/\/www.bellunopress.it\/?p=8299"},"modified":"2009-09-22T12:30:46","modified_gmt":"2009-09-22T11:30:46","slug":"sere-dautunno-con-il-cai-di-agordo-e-appuntamento-venerdi-con-i-4000-metri","status":"publish","type":"post","link":"https:\/\/www.bellunopress.it\/fr\/2009\/09\/22\/sere-dautunno-con-il-cai-di-agordo-e-appuntamento-venerdi-con-i-4000-metri\/","title":{"rendered":"&#8220;Sere d&#8217;autunno&#8221; con il Cai di Agordo e appuntamento venerd\u00ec con i 4000 metri"},"content":{"rendered":"<p>Quasi al via, anche quest\u2019anno, il ciclo di serate \u201cSere d\u2019Autunno\u201d organizzato dalla Sezione Agordina del C.A.I. Cinque incontri, con cinque Autori e altrettanti temi corredati da interessanti filmati e proiezioni. Non solo montagna, ma anche viaggi, storia, solidariet\u00e0.<br \/>\nSiamo certi di essere riusciti a creare un ricco ed interessante palinsesto di programmazione, in grado di suscitare, nel pubblico, curiosit\u00e0\u2026il desiderio di trascorrere una serata diversa, all\u2019insegna della cultura, della buona fotografia, del sano desiderio di \u201cviaggiare\u201d, di conoscere\u2026 Il successo e la grande partecipazione di pubblico ottenuto nelle scorse edizioni ci ha indotto a cambiare, a migliorare. Le serate \u2013 tutti i venerd\u00ec di ottobre con inizio alle ore 20.40 \u2013 si svolgeranno infatti nella prestigiosa e capiente Sala Convegni \u201cDon F.Tamis\u201d di Agordo e non pi\u00f9 \u2013 anche se con un pizzico di rammarico &#8211; nella nostra storica sede. E aspettando le \u201cSere d\u2019autunno\u201d in programma tutti i venerd\u00ec di ottobre, la Sezione Agordina del Club Alpino Italiano e il Gruppo Rocciatori GIR di Agordo vi invitano,\u00a0\u00a0 venerd\u00ec 25 settembre 2009 alle ore 21.00 presso la Sede C.A.I. di Agordo, ad assistere alla proiezione di filmati \u201cSERATA A 4000 METRI\u201d. I lavori proposti sono i seguenti:<br \/>\n&#8211; PASSEGGIANDO SUL MONTE ROSA di Michele Costantini<br \/>\n&#8211; MONTE BIANCO CON GLI SCI di Alice Prete<\/p>","protected":false},"excerpt":{"rendered":"<p>Quasi al via, anche quest\u2019anno, il ciclo di serate \u201cSere d\u2019Autunno\u201d organizzato dalla Sezione Agordina del C.A.I. Cinque incontri, con cinque Autori e altrettanti temi corredati da interessanti filmati e proiezioni. Non solo montagna, ma anche viaggi, storia, solidariet\u00e0. Siamo certi di essere riusciti a creare un ricco ed interessante palinsesto di programmazione, in grado [&hellip;]<\/p>\n","protected":false},"author":2,"featured_media":0,"comment_status":"closed","ping_status":"open","sticky":false,"template":"","format":"standard","meta":{"footnotes":""},"categories":[38,25],"tags":[],"class_list":["post-8299","post","type-post","status-publish","format-standard","category-natura-ambiente","category-pausa-caffe"],"yoast_head":"<!-- This site is optimized with the Yoast SEO plugin v28.4 - https:\/\/yoast.com\/product\/yoast-seo-wordpress\/ -->\n<title>&quot;Sere d&#039;autunno&quot; con il Cai di Agordo e appuntamento venerd\u00ec con i 4000 metri - Bellunopress - Dolomiti<\/title>\n<meta name=\"robots\" content=\"index, follow, max-snippet:-1, max-image-preview:large, max-video-preview:-1\" \/>\n<link rel=\"canonical\" href=\"https:\/\/www.bellunopress.it\/fr\/2009\/09\/22\/sere-dautunno-con-il-cai-di-agordo-e-appuntamento-venerdi-con-i-4000-metri\/\" \/>\n<meta property=\"og:locale\" content=\"fr_FR\" \/>\n<meta property=\"og:type\" content=\"article\" \/>\n<meta property=\"og:title\" content=\"&quot;Sere d&#039;autunno&quot; con il Cai di Agordo e appuntamento venerd\u00ec con i 4000 metri - Bellunopress - Dolomiti\" \/>\n<meta property=\"og:description\" content=\"Quasi al via, anche quest\u2019anno, il ciclo di serate \u201cSere d\u2019Autunno\u201d organizzato dalla Sezione Agordina del C.A.I. Cinque incontri, con cinque Autori e altrettanti temi corredati da interessanti filmati e proiezioni. Non solo montagna, ma anche viaggi, storia, solidariet\u00e0. Siamo certi di essere riusciti a creare un ricco ed interessante palinsesto di programmazione, in grado [&hellip;]\" \/>\n<meta property=\"og:url\" content=\"https:\/\/www.bellunopress.it\/fr\/2009\/09\/22\/sere-dautunno-con-il-cai-di-agordo-e-appuntamento-venerdi-con-i-4000-metri\/\" \/>\n<meta property=\"og:site_name\" content=\"Bellunopress - Dolomiti\" \/>\n<meta property=\"article:publisher\" content=\"https:\/\/www.facebook.com\/profile.php?id=100008943462799\" \/>\n<meta property=\"article:published_time\" content=\"2009-09-22T11:30:46+00:00\" \/>\n<meta property=\"og:image\" content=\"http:\/\/www.bellunopress.it\/wp-content\/uploads\/2012\/07\/logo-bellunopress-250x250-2012.jpg\" \/>\n<meta name=\"author\" content=\"redazione\" \/>\n<meta name=\"twitter:card\" content=\"summary_large_image\" \/>\n<meta name=\"twitter:creator\" content=\"@bellunopress\" \/>\n<meta name=\"twitter:site\" content=\"@bellunopress\" \/>\n<meta name=\"twitter:label1\" content=\"\u00c9crit par\" \/>\n\t<meta name=\"twitter:data1\" content=\"redazione\" \/>\n\t<meta name=\"twitter:label2\" content=\"Dur\u00e9e de lecture estim\u00e9e\" \/>\n\t<meta name=\"twitter:data2\" content=\"1 minute\" \/>\n<script type=\"application\/ld+json\" class=\"yoast-schema-graph\">{\"@context\":\"https:\\\/\\\/schema.org\",\"@graph\":[{\"@type\":\"Article\",\"@id\":\"https:\\\/\\\/www.bellunopress.it\\\/2009\\\/09\\\/22\\\/sere-dautunno-con-il-cai-di-agordo-e-appuntamento-venerdi-con-i-4000-metri\\\/#article\",\"isPartOf\":{\"@id\":\"https:\\\/\\\/www.bellunopress.it\\\/2009\\\/09\\\/22\\\/sere-dautunno-con-il-cai-di-agordo-e-appuntamento-venerdi-con-i-4000-metri\\\/\"},\"author\":{\"name\":\"redazione\",\"@id\":\"https:\\\/\\\/www.bellunopress.it\\\/#\\\/schema\\\/person\\\/79bb06722b37ece1c03d3e94beb30d73\"},\"headline\":\"&#8220;Sere d&#8217;autunno&#8221; con il Cai di Agordo e appuntamento venerd\u00ec con i 4000 metri\",\"datePublished\":\"2009-09-22T11:30:46+00:00\",\"mainEntityOfPage\":{\"@id\":\"https:\\\/\\\/www.bellunopress.it\\\/2009\\\/09\\\/22\\\/sere-dautunno-con-il-cai-di-agordo-e-appuntamento-venerdi-con-i-4000-metri\\\/\"},\"wordCount\":231,\"publisher\":{\"@id\":\"https:\\\/\\\/www.bellunopress.it\\\/#organization\"},\"articleSection\":[\"Meteo, natura, ambiente, animali\",\"Pausa Caff\u00e8\"],\"inLanguage\":\"fr-FR\"},{\"@type\":\"WebPage\",\"@id\":\"https:\\\/\\\/www.bellunopress.it\\\/2009\\\/09\\\/22\\\/sere-dautunno-con-il-cai-di-agordo-e-appuntamento-venerdi-con-i-4000-metri\\\/\",\"url\":\"https:\\\/\\\/www.bellunopress.it\\\/2009\\\/09\\\/22\\\/sere-dautunno-con-il-cai-di-agordo-e-appuntamento-venerdi-con-i-4000-metri\\\/\",\"name\":\"\\\"Sere d'autunno\\\" con il Cai di Agordo e appuntamento venerd\u00ec con i 4000 metri - Bellunopress - Dolomiti\",\"isPartOf\":{\"@id\":\"https:\\\/\\\/www.bellunopress.it\\\/#website\"},\"datePublished\":\"2009-09-22T11:30:46+00:00\",\"breadcrumb\":{\"@id\":\"https:\\\/\\\/www.bellunopress.it\\\/2009\\\/09\\\/22\\\/sere-dautunno-con-il-cai-di-agordo-e-appuntamento-venerdi-con-i-4000-metri\\\/#breadcrumb\"},\"inLanguage\":\"fr-FR\",\"potentialAction\":[{\"@type\":\"ReadAction\",\"target\":[\"https:\\\/\\\/www.bellunopress.it\\\/2009\\\/09\\\/22\\\/sere-dautunno-con-il-cai-di-agordo-e-appuntamento-venerdi-con-i-4000-metri\\\/\"]}]},{\"@type\":\"BreadcrumbList\",\"@id\":\"https:\\\/\\\/www.bellunopress.it\\\/2009\\\/09\\\/22\\\/sere-dautunno-con-il-cai-di-agordo-e-appuntamento-venerdi-con-i-4000-metri\\\/#breadcrumb\",\"itemListElement\":[{\"@type\":\"ListItem\",\"position\":1,\"name\":\"Home\",\"item\":\"https:\\\/\\\/www.bellunopress.it\\\/\"},{\"@type\":\"ListItem\",\"position\":2,\"name\":\"&#8220;Sere d&#8217;autunno&#8221; con il Cai di Agordo e appuntamento venerd\u00ec con i 4000 metri\"}]},{\"@type\":\"WebSite\",\"@id\":\"https:\\\/\\\/www.bellunopress.it\\\/#website\",\"url\":\"https:\\\/\\\/www.bellunopress.it\\\/\",\"name\":\"Bellunopress - Dolomiti\",\"description\":\"e-mail: redazione@bellunopress.it\",\"publisher\":{\"@id\":\"https:\\\/\\\/www.bellunopress.it\\\/#organization\"},\"potentialAction\":[{\"@type\":\"SearchAction\",\"target\":{\"@type\":\"EntryPoint\",\"urlTemplate\":\"https:\\\/\\\/www.bellunopress.it\\\/?s={search_term_string}\"},\"query-input\":{\"@type\":\"PropertyValueSpecification\",\"valueRequired\":true,\"valueName\":\"search_term_string\"}}],\"inLanguage\":\"fr-FR\"},{\"@type\":\"Organization\",\"@id\":\"https:\\\/\\\/www.bellunopress.it\\\/#organization\",\"name\":\"Bellunopress\",\"url\":\"https:\\\/\\\/www.bellunopress.it\\\/\",\"logo\":{\"@type\":\"ImageObject\",\"inLanguage\":\"fr-FR\",\"@id\":\"https:\\\/\\\/www.bellunopress.it\\\/#\\\/schema\\\/logo\\\/image\\\/\",\"url\":\"https:\\\/\\\/www.bellunopress.it\\\/wp-content\\\/uploads\\\/2011\\\/05\\\/cropped-logo-bellunopress-.jpg\",\"contentUrl\":\"https:\\\/\\\/www.bellunopress.it\\\/wp-content\\\/uploads\\\/2011\\\/05\\\/cropped-logo-bellunopress-.jpg\",\"width\":512,\"height\":512,\"caption\":\"Bellunopress\"},\"image\":{\"@id\":\"https:\\\/\\\/www.bellunopress.it\\\/#\\\/schema\\\/logo\\\/image\\\/\"},\"sameAs\":[\"https:\\\/\\\/www.facebook.com\\\/profile.php?id=100008943462799\",\"https:\\\/\\\/x.com\\\/bellunopress\",\"https:\\\/\\\/www.linkedin.com\\\/hp\\\/?dnr=JBzUWaJfMUw8vbXJJ2tVW5-I3jZKvC4wsoxE&amp;amp;amp;amp;amp;amp;trk=nav_responsive_tab_home\",\"https:\\\/\\\/www.youtube.com\\\/channel\\\/UCxL0wu1uN0_3_7hGG0306cw\"]},{\"@type\":\"Person\",\"@id\":\"https:\\\/\\\/www.bellunopress.it\\\/#\\\/schema\\\/person\\\/79bb06722b37ece1c03d3e94beb30d73\",\"name\":\"redazione\",\"image\":{\"@type\":\"ImageObject\",\"inLanguage\":\"fr-FR\",\"@id\":\"https:\\\/\\\/secure.gravatar.com\\\/avatar\\\/37d968a2e67a6fd04c169c4bdef102d0bc5d31b2546345219e348575eb80e9a0?s=96&d=mm&r=g\",\"url\":\"https:\\\/\\\/secure.gravatar.com\\\/avatar\\\/37d968a2e67a6fd04c169c4bdef102d0bc5d31b2546345219e348575eb80e9a0?s=96&d=mm&r=g\",\"contentUrl\":\"https:\\\/\\\/secure.gravatar.com\\\/avatar\\\/37d968a2e67a6fd04c169c4bdef102d0bc5d31b2546345219e348575eb80e9a0?s=96&d=mm&r=g\",\"caption\":\"redazione\"},\"sameAs\":[\"http:\\\/\\\/www.bellunopress.it\",\"https:\\\/\\\/x.com\\\/bellunopress\"],\"url\":\"https:\\\/\\\/www.bellunopress.it\\\/fr\\\/author\\\/redazione\\\/\"}]}<\/script>\n<!-- \/ Yoast SEO plugin. -->","yoast_head_json":{"title":"\"Sere d'autunno\" con il Cai di Agordo e appuntamento venerd\u00ec con i 4000 metri - Bellunopress - Dolomiti","robots":{"index":"index","follow":"follow","max-snippet":"max-snippet:-1","max-image-preview":"max-image-preview:large","max-video-preview":"max-video-preview:-1"},"canonical":"https:\/\/www.bellunopress.it\/fr\/2009\/09\/22\/sere-dautunno-con-il-cai-di-agordo-e-appuntamento-venerdi-con-i-4000-metri\/","og_locale":"fr_FR","og_type":"article","og_title":"\"Sere d'autunno\" con il Cai di Agordo e appuntamento venerd\u00ec con i 4000 metri - Bellunopress - Dolomiti","og_description":"Quasi al via, anche quest\u2019anno, il ciclo di serate \u201cSere d\u2019Autunno\u201d organizzato dalla Sezione Agordina del C.A.I. Cinque incontri, con cinque Autori e altrettanti temi corredati da interessanti filmati e proiezioni. Non solo montagna, ma anche viaggi, storia, solidariet\u00e0. Siamo certi di essere riusciti a creare un ricco ed interessante palinsesto di programmazione, in grado [&hellip;]","og_url":"https:\/\/www.bellunopress.it\/fr\/2009\/09\/22\/sere-dautunno-con-il-cai-di-agordo-e-appuntamento-venerdi-con-i-4000-metri\/","og_site_name":"Bellunopress - Dolomiti","article_publisher":"https:\/\/www.facebook.com\/profile.php?id=100008943462799","article_published_time":"2009-09-22T11:30:46+00:00","og_image":[{"url":"http:\/\/www.bellunopress.it\/wp-content\/uploads\/2012\/07\/logo-bellunopress-250x250-2012.jpg","type":"","width":"","height":""}],"author":"redazione","twitter_card":"summary_large_image","twitter_creator":"@bellunopress","twitter_site":"@bellunopress","twitter_misc":{"\u00c9crit par":"redazione","Dur\u00e9e de lecture estim\u00e9e":"1 minute"},"schema":{"@context":"https:\/\/schema.org","@graph":[{"@type":"Article","@id":"https:\/\/www.bellunopress.it\/2009\/09\/22\/sere-dautunno-con-il-cai-di-agordo-e-appuntamento-venerdi-con-i-4000-metri\/#article","isPartOf":{"@id":"https:\/\/www.bellunopress.it\/2009\/09\/22\/sere-dautunno-con-il-cai-di-agordo-e-appuntamento-venerdi-con-i-4000-metri\/"},"author":{"name":"redazione","@id":"https:\/\/www.bellunopress.it\/#\/schema\/person\/79bb06722b37ece1c03d3e94beb30d73"},"headline":"&#8220;Sere d&#8217;autunno&#8221; con il Cai di Agordo e appuntamento venerd\u00ec con i 4000 metri","datePublished":"2009-09-22T11:30:46+00:00","mainEntityOfPage":{"@id":"https:\/\/www.bellunopress.it\/2009\/09\/22\/sere-dautunno-con-il-cai-di-agordo-e-appuntamento-venerdi-con-i-4000-metri\/"},"wordCount":231,"publisher":{"@id":"https:\/\/www.bellunopress.it\/#organization"},"articleSection":["Meteo, natura, ambiente, animali","Pausa Caff\u00e8"],"inLanguage":"fr-FR"},{"@type":"WebPage","@id":"https:\/\/www.bellunopress.it\/2009\/09\/22\/sere-dautunno-con-il-cai-di-agordo-e-appuntamento-venerdi-con-i-4000-metri\/","url":"https:\/\/www.bellunopress.it\/2009\/09\/22\/sere-dautunno-con-il-cai-di-agordo-e-appuntamento-venerdi-con-i-4000-metri\/","name":"\"Sere d'autunno\" con il Cai di Agordo e appuntamento venerd\u00ec con i 4000 metri - Bellunopress - Dolomiti","isPartOf":{"@id":"https:\/\/www.bellunopress.it\/#website"},"datePublished":"2009-09-22T11:30:46+00:00","breadcrumb":{"@id":"https:\/\/www.bellunopress.it\/2009\/09\/22\/sere-dautunno-con-il-cai-di-agordo-e-appuntamento-venerdi-con-i-4000-metri\/#breadcrumb"},"inLanguage":"fr-FR","potentialAction":[{"@type":"ReadAction","target":["https:\/\/www.bellunopress.it\/2009\/09\/22\/sere-dautunno-con-il-cai-di-agordo-e-appuntamento-venerdi-con-i-4000-metri\/"]}]},{"@type":"BreadcrumbList","@id":"https:\/\/www.bellunopress.it\/2009\/09\/22\/sere-dautunno-con-il-cai-di-agordo-e-appuntamento-venerdi-con-i-4000-metri\/#breadcrumb","itemListElement":[{"@type":"ListItem","position":1,"name":"Home","item":"https:\/\/www.bellunopress.it\/"},{"@type":"ListItem","position":2,"name":"&#8220;Sere d&#8217;autunno&#8221; con il Cai di Agordo e appuntamento venerd\u00ec con i 4000 metri"}]},{"@type":"WebSite","@id":"https:\/\/www.bellunopress.it\/#website","url":"https:\/\/www.bellunopress.it\/","name":"Bellunopress - Dolomiti","description":"e-mail: redazione@bellunopress.it","publisher":{"@id":"https:\/\/www.bellunopress.it\/#organization"},"potentialAction":[{"@type":"SearchAction","target":{"@type":"EntryPoint","urlTemplate":"https:\/\/www.bellunopress.it\/?s={search_term_string}"},"query-input":{"@type":"PropertyValueSpecification","valueRequired":true,"valueName":"search_term_string"}}],"inLanguage":"fr-FR"},{"@type":"Organization","@id":"https:\/\/www.bellunopress.it\/#organization","name":"Bellunopress","url":"https:\/\/www.bellunopress.it\/","logo":{"@type":"ImageObject","inLanguage":"fr-FR","@id":"https:\/\/www.bellunopress.it\/#\/schema\/logo\/image\/","url":"https:\/\/www.bellunopress.it\/wp-content\/uploads\/2011\/05\/cropped-logo-bellunopress-.jpg","contentUrl":"https:\/\/www.bellunopress.it\/wp-content\/uploads\/2011\/05\/cropped-logo-bellunopress-.jpg","width":512,"height":512,"caption":"Bellunopress"},"image":{"@id":"https:\/\/www.bellunopress.it\/#\/schema\/logo\/image\/"},"sameAs":["https:\/\/www.facebook.com\/profile.php?id=100008943462799","https:\/\/x.com\/bellunopress","https:\/\/www.linkedin.com\/hp\/?dnr=JBzUWaJfMUw8vbXJJ2tVW5-I3jZKvC4wsoxE&amp;amp;amp;amp;amp;amp;trk=nav_responsive_tab_home","https:\/\/www.youtube.com\/channel\/UCxL0wu1uN0_3_7hGG0306cw"]},{"@type":"Person","@id":"https:\/\/www.bellunopress.it\/#\/schema\/person\/79bb06722b37ece1c03d3e94beb30d73","name":"r\u00e9daction","image":{"@type":"ImageObject","inLanguage":"fr-FR","@id":"https:\/\/secure.gravatar.com\/avatar\/37d968a2e67a6fd04c169c4bdef102d0bc5d31b2546345219e348575eb80e9a0?s=96&d=mm&r=g","url":"https:\/\/secure.gravatar.com\/avatar\/37d968a2e67a6fd04c169c4bdef102d0bc5d31b2546345219e348575eb80e9a0?s=96&d=mm&r=g","contentUrl":"https:\/\/secure.gravatar.com\/avatar\/37d968a2e67a6fd04c169c4bdef102d0bc5d31b2546345219e348575eb80e9a0?s=96&d=mm&r=g","caption":"redazione"},"sameAs":["http:\/\/www.bellunopress.it","https:\/\/x.com\/bellunopress"],"url":"https:\/\/www.bellunopress.it\/fr\/author\/redazione\/"}]}},"_links":{"self":[{"href":"https:\/\/www.bellunopress.it\/fr\/wp-json\/wp\/v2\/posts\/8299","targetHints":{"allow":["GET"]}}],"collection":[{"href":"https:\/\/www.bellunopress.it\/fr\/wp-json\/wp\/v2\/posts"}],"about":[{"href":"https:\/\/www.bellunopress.it\/fr\/wp-json\/wp\/v2\/types\/post"}],"author":[{"embeddable":true,"href":"https:\/\/www.bellunopress.it\/fr\/wp-json\/wp\/v2\/users\/2"}],"replies":[{"embeddable":true,"href":"https:\/\/www.bellunopress.it\/fr\/wp-json\/wp\/v2\/comments?post=8299"}],"version-history":[{"count":1,"href":"https:\/\/www.bellunopress.it\/fr\/wp-json\/wp\/v2\/posts\/8299\/revisions"}],"predecessor-version":[{"id":8300,"href":"https:\/\/www.bellunopress.it\/fr\/wp-json\/wp\/v2\/posts\/8299\/revisions\/8300"}],"wp:attachment":[{"href":"https:\/\/www.bellunopress.it\/fr\/wp-json\/wp\/v2\/media?parent=8299"}],"wp:term":[{"taxonomy":"category","embeddable":true,"href":"https:\/\/www.bellunopress.it\/fr\/wp-json\/wp\/v2\/categories?post=8299"},{"taxonomy":"post_tag","embeddable":true,"href":"https:\/\/www.bellunopress.it\/fr\/wp-json\/wp\/v2\/tags?post=8299"}],"curies":[{"name":"wp","href":"https:\/\/api.w.org\/{rel}","templated":true}]}}