{"id":8295,"date":"2009-09-22T12:03:37","date_gmt":"2009-09-22T11:03:37","guid":{"rendered":"http:\/\/www.bellunopress.it\/?p=8295"},"modified":"2009-09-22T12:03:37","modified_gmt":"2009-09-22T11:03:37","slug":"la-reginetta-lancer-di-frw-protagonista-allexpo-bici-di-padova","status":"publish","type":"post","link":"https:\/\/www.bellunopress.it\/fr\/2009\/09\/22\/la-reginetta-lancer-di-frw-protagonista-allexpo-bici-di-padova\/","title":{"rendered":"La reginetta Lancer di FRW protagonista all&#8217;Expo Bici di Padova"},"content":{"rendered":"<p><a href=\"http:\/\/www.bellunopress.it\/wp-content\/uploads\/2009\/09\/gerald-e-lancer-frw-leggera.jpg\"><img loading=\"lazy\" decoding=\"async\" class=\"alignleft size-medium wp-image-8296\" title=\"gerald-e-lancer-frw-leggera\" src=\"http:\/\/www.bellunopress.it\/wp-content\/uploads\/2009\/09\/gerald-e-lancer-frw-leggera.jpg\" alt=\"\" width=\"250\" height=\"281\" \/><\/a>Domenica scorsa, all\u2019Expo Bici di Padova, l\u2019azienda di biciclette di Ravenna Freewheeling ha presentato al pubblico un modello speciale\u00a0 della collezione 2010: la mountain bike Lancer, con un testimonial d\u2019eccezione: Gerald Kerschbaumer, campione del mondo di mountain bike juniores ai recenti campionati che si sono svolti in Australia.<br \/>\nGerald ha presentato sul palco dell\u2019Expo Bici, di fronte ad vasto pubblico, insieme a Claudio Brusi presidente di Freewheeling, e a Hubert Pallhuber, ct della nazionale italiana di mtb, la bicicletta che lo ha portato al successo: la Lancer di FRW. Telaio in alluminio Hydroformato Scandium (una delle ultime novit\u00e0 in fatto di lavorazione dell\u2019alluminio) adatto agli agonisti per la sua leggerezza e rigidit\u00e0, disponibile in tutte le taglie. La Lancer \u00e8 proposta in due modelli: con il gruppo completo Xt e nella versione XTR per chi vuole il massimo della performance; entrambe le versioni sono assemblate con attacco e piega Ritchey Wcs, ruote Mavic CrossMax Slr (Il top della gamma Mavic da mtb) con gomme Geax Tubeless ready e sella Selle Italia Slr\u00a0 Flow. Inoltre \u00e8 possibile personalizzare le due versioni (XT e XTR) con due differenti forcelle ammortizzate: con la nuova Manitou R Seven Mrd con sistema Milo oppure con il modello Sid Team della RockShox. Oltre alla bici Lancer, Gerald utilizzer\u00e0 il prossimo anno anche il casco pi\u00f9 leggero al mondo, il modello GIRO ULTRALIGHT, che pesa solo 170 grammi e che \u00e8 distribuito in esclusiva in Italia dall\u2019azienda Freewheeling.<br \/>\nTra gli applausi e le foto per il giovane campione, Claudio Brusi ha ricordato che tutti i successi italiani pi\u00f9 importanti del settore mountain bike sono sempre stati firmati FRW, a\u00a0 conferma della qualit\u00e0 dei prodotti e della loro elevata performance.<br \/>\nEra l\u2019anno 1997 quando uno strabiliante Hubert Pallhuber, atleta sponsorizzato con i prodotti di Claudio Brusi, , diventava campione del mondo in questa disciplina. Nel 2008 un\u2019altra giovane promessa, Marco Aurelio Fontana, portava a casa un bel quinto posto alle Olimpiadi di Pechino sulla sua Axum in titanio FRW.<br \/>\nNon \u00e8 un caso se tanti successi importanti portano il nome dell\u2019azienda di Ravenna:<br \/>\n\u201cAbbiamo un occhio clinico per i giovani capaci di portare risultati \u2013 afferma Brusi &#8211; e cerchiamo di supportarli con i nostri prodotti migliori, ascoltando le loro esigenze, capendo le loro caratteristiche e consigliandoli su modelli e materiali che possono migliorare le loro performances..\u201d<br \/>\nQuesta capacit\u00e0 di \u201cscoprire talenti\u201d che tanto bene ha fatto al ciclismo italiano e l\u2019alta qualit\u00e0 dei prodotti FRW, garantita dal costante impegno nella ricerca e sviluppo, \u00e8 affiancata dagli investimenti che Freewheeling fa nel settore giovanile, nei vivai, sulle giovani promesse che meritano sponsorizzazioni: i team Maggi, Ragusa, SC Castiglionese, SC Fausto Coppi Gazzara, Hard Rock FRW sono solo alcune delle squadre che usano prodotti Freewheeling, i \u201cprodotti per i campioni\u201d.<\/p>","protected":false},"excerpt":{"rendered":"<p>Domenica scorsa, all\u2019Expo Bici di Padova, l\u2019azienda di biciclette di Ravenna Freewheeling ha presentato al pubblico un modello speciale\u00a0 della collezione 2010: la mountain bike Lancer, con un testimonial d\u2019eccezione: Gerald Kerschbaumer, campione del mondo di mountain bike juniores ai recenti campionati che si sono svolti in Australia. Gerald ha presentato sul palco dell\u2019Expo Bici, [&hellip;]<\/p>\n","protected":false},"author":2,"featured_media":0,"comment_status":"closed","ping_status":"open","sticky":false,"template":"","format":"standard","meta":{"footnotes":""},"categories":[25,4],"tags":[139],"class_list":["post-8295","post","type-post","status-publish","format-standard","category-pausa-caffe","category-sport","tag-belluno"],"yoast_head":"<!-- This site is optimized with the Yoast SEO plugin v28.4 - https:\/\/yoast.com\/product\/yoast-seo-wordpress\/ -->\n<title>La reginetta Lancer di FRW protagonista all&#039;Expo Bici di Padova - Bellunopress - Dolomiti<\/title>\n<meta name=\"robots\" content=\"index, follow, max-snippet:-1, max-image-preview:large, max-video-preview:-1\" \/>\n<link rel=\"canonical\" href=\"https:\/\/www.bellunopress.it\/fr\/2009\/09\/22\/la-reginetta-lancer-di-frw-protagonista-allexpo-bici-di-padova\/\" \/>\n<meta property=\"og:locale\" content=\"fr_FR\" \/>\n<meta property=\"og:type\" content=\"article\" \/>\n<meta property=\"og:title\" content=\"La reginetta Lancer di FRW protagonista all&#039;Expo Bici di Padova - Bellunopress - Dolomiti\" \/>\n<meta property=\"og:description\" content=\"Domenica scorsa, all\u2019Expo Bici di Padova, l\u2019azienda di biciclette di Ravenna Freewheeling ha presentato al pubblico un modello speciale\u00a0 della collezione 2010: la mountain bike Lancer, con un testimonial d\u2019eccezione: Gerald Kerschbaumer, campione del mondo di mountain bike juniores ai recenti campionati che si sono svolti in Australia. Gerald ha presentato sul palco dell\u2019Expo Bici, [&hellip;]\" \/>\n<meta property=\"og:url\" content=\"https:\/\/www.bellunopress.it\/fr\/2009\/09\/22\/la-reginetta-lancer-di-frw-protagonista-allexpo-bici-di-padova\/\" \/>\n<meta property=\"og:site_name\" content=\"Bellunopress - Dolomiti\" \/>\n<meta property=\"article:publisher\" content=\"https:\/\/www.facebook.com\/profile.php?id=100008943462799\" \/>\n<meta property=\"article:published_time\" content=\"2009-09-22T11:03:37+00:00\" \/>\n<meta property=\"og:image\" content=\"http:\/\/www.bellunopress.it\/wp-content\/uploads\/2009\/09\/gerald-e-lancer-frw-leggera.jpg\" \/>\n<meta name=\"author\" content=\"redazione\" \/>\n<meta name=\"twitter:card\" content=\"summary_large_image\" \/>\n<meta name=\"twitter:creator\" content=\"@bellunopress\" \/>\n<meta name=\"twitter:site\" content=\"@bellunopress\" \/>\n<meta name=\"twitter:label1\" content=\"\u00c9crit par\" \/>\n\t<meta name=\"twitter:data1\" content=\"redazione\" \/>\n\t<meta name=\"twitter:label2\" content=\"Dur\u00e9e de lecture estim\u00e9e\" \/>\n\t<meta name=\"twitter:data2\" content=\"2 minutes\" \/>\n<script type=\"application\/ld+json\" class=\"yoast-schema-graph\">{\"@context\":\"https:\\\/\\\/schema.org\",\"@graph\":[{\"@type\":\"Article\",\"@id\":\"https:\\\/\\\/www.bellunopress.it\\\/2009\\\/09\\\/22\\\/la-reginetta-lancer-di-frw-protagonista-allexpo-bici-di-padova\\\/#article\",\"isPartOf\":{\"@id\":\"https:\\\/\\\/www.bellunopress.it\\\/2009\\\/09\\\/22\\\/la-reginetta-lancer-di-frw-protagonista-allexpo-bici-di-padova\\\/\"},\"author\":{\"name\":\"redazione\",\"@id\":\"https:\\\/\\\/www.bellunopress.it\\\/#\\\/schema\\\/person\\\/79bb06722b37ece1c03d3e94beb30d73\"},\"headline\":\"La reginetta Lancer di FRW protagonista all&#8217;Expo Bici di Padova\",\"datePublished\":\"2009-09-22T11:03:37+00:00\",\"mainEntityOfPage\":{\"@id\":\"https:\\\/\\\/www.bellunopress.it\\\/2009\\\/09\\\/22\\\/la-reginetta-lancer-di-frw-protagonista-allexpo-bici-di-padova\\\/\"},\"wordCount\":471,\"publisher\":{\"@id\":\"https:\\\/\\\/www.bellunopress.it\\\/#organization\"},\"image\":{\"@id\":\"https:\\\/\\\/www.bellunopress.it\\\/2009\\\/09\\\/22\\\/la-reginetta-lancer-di-frw-protagonista-allexpo-bici-di-padova\\\/#primaryimage\"},\"thumbnailUrl\":\"http:\\\/\\\/www.bellunopress.it\\\/wp-content\\\/uploads\\\/2009\\\/09\\\/gerald-e-lancer-frw-leggera.jpg\",\"keywords\":[\"Belluno\"],\"articleSection\":[\"Pausa Caff\u00e8\",\"Sport, tempo libero\"],\"inLanguage\":\"fr-FR\"},{\"@type\":\"WebPage\",\"@id\":\"https:\\\/\\\/www.bellunopress.it\\\/2009\\\/09\\\/22\\\/la-reginetta-lancer-di-frw-protagonista-allexpo-bici-di-padova\\\/\",\"url\":\"https:\\\/\\\/www.bellunopress.it\\\/2009\\\/09\\\/22\\\/la-reginetta-lancer-di-frw-protagonista-allexpo-bici-di-padova\\\/\",\"name\":\"La reginetta Lancer di FRW protagonista all'Expo Bici di Padova - Bellunopress - Dolomiti\",\"isPartOf\":{\"@id\":\"https:\\\/\\\/www.bellunopress.it\\\/#website\"},\"primaryImageOfPage\":{\"@id\":\"https:\\\/\\\/www.bellunopress.it\\\/2009\\\/09\\\/22\\\/la-reginetta-lancer-di-frw-protagonista-allexpo-bici-di-padova\\\/#primaryimage\"},\"image\":{\"@id\":\"https:\\\/\\\/www.bellunopress.it\\\/2009\\\/09\\\/22\\\/la-reginetta-lancer-di-frw-protagonista-allexpo-bici-di-padova\\\/#primaryimage\"},\"thumbnailUrl\":\"http:\\\/\\\/www.bellunopress.it\\\/wp-content\\\/uploads\\\/2009\\\/09\\\/gerald-e-lancer-frw-leggera.jpg\",\"datePublished\":\"2009-09-22T11:03:37+00:00\",\"breadcrumb\":{\"@id\":\"https:\\\/\\\/www.bellunopress.it\\\/2009\\\/09\\\/22\\\/la-reginetta-lancer-di-frw-protagonista-allexpo-bici-di-padova\\\/#breadcrumb\"},\"inLanguage\":\"fr-FR\",\"potentialAction\":[{\"@type\":\"ReadAction\",\"target\":[\"https:\\\/\\\/www.bellunopress.it\\\/2009\\\/09\\\/22\\\/la-reginetta-lancer-di-frw-protagonista-allexpo-bici-di-padova\\\/\"]}]},{\"@type\":\"ImageObject\",\"inLanguage\":\"fr-FR\",\"@id\":\"https:\\\/\\\/www.bellunopress.it\\\/2009\\\/09\\\/22\\\/la-reginetta-lancer-di-frw-protagonista-allexpo-bici-di-padova\\\/#primaryimage\",\"url\":\"http:\\\/\\\/www.bellunopress.it\\\/wp-content\\\/uploads\\\/2009\\\/09\\\/gerald-e-lancer-frw-leggera.jpg\",\"contentUrl\":\"http:\\\/\\\/www.bellunopress.it\\\/wp-content\\\/uploads\\\/2009\\\/09\\\/gerald-e-lancer-frw-leggera.jpg\"},{\"@type\":\"BreadcrumbList\",\"@id\":\"https:\\\/\\\/www.bellunopress.it\\\/2009\\\/09\\\/22\\\/la-reginetta-lancer-di-frw-protagonista-allexpo-bici-di-padova\\\/#breadcrumb\",\"itemListElement\":[{\"@type\":\"ListItem\",\"position\":1,\"name\":\"Home\",\"item\":\"https:\\\/\\\/www.bellunopress.it\\\/\"},{\"@type\":\"ListItem\",\"position\":2,\"name\":\"La reginetta Lancer di FRW protagonista all&#8217;Expo Bici di Padova\"}]},{\"@type\":\"WebSite\",\"@id\":\"https:\\\/\\\/www.bellunopress.it\\\/#website\",\"url\":\"https:\\\/\\\/www.bellunopress.it\\\/\",\"name\":\"Bellunopress - Dolomiti\",\"description\":\"e-mail: redazione@bellunopress.it\",\"publisher\":{\"@id\":\"https:\\\/\\\/www.bellunopress.it\\\/#organization\"},\"potentialAction\":[{\"@type\":\"SearchAction\",\"target\":{\"@type\":\"EntryPoint\",\"urlTemplate\":\"https:\\\/\\\/www.bellunopress.it\\\/?s={search_term_string}\"},\"query-input\":{\"@type\":\"PropertyValueSpecification\",\"valueRequired\":true,\"valueName\":\"search_term_string\"}}],\"inLanguage\":\"fr-FR\"},{\"@type\":\"Organization\",\"@id\":\"https:\\\/\\\/www.bellunopress.it\\\/#organization\",\"name\":\"Bellunopress\",\"url\":\"https:\\\/\\\/www.bellunopress.it\\\/\",\"logo\":{\"@type\":\"ImageObject\",\"inLanguage\":\"fr-FR\",\"@id\":\"https:\\\/\\\/www.bellunopress.it\\\/#\\\/schema\\\/logo\\\/image\\\/\",\"url\":\"https:\\\/\\\/www.bellunopress.it\\\/wp-content\\\/uploads\\\/2011\\\/05\\\/cropped-logo-bellunopress-.jpg\",\"contentUrl\":\"https:\\\/\\\/www.bellunopress.it\\\/wp-content\\\/uploads\\\/2011\\\/05\\\/cropped-logo-bellunopress-.jpg\",\"width\":512,\"height\":512,\"caption\":\"Bellunopress\"},\"image\":{\"@id\":\"https:\\\/\\\/www.bellunopress.it\\\/#\\\/schema\\\/logo\\\/image\\\/\"},\"sameAs\":[\"https:\\\/\\\/www.facebook.com\\\/profile.php?id=100008943462799\",\"https:\\\/\\\/x.com\\\/bellunopress\",\"https:\\\/\\\/www.linkedin.com\\\/hp\\\/?dnr=JBzUWaJfMUw8vbXJJ2tVW5-I3jZKvC4wsoxE&amp;amp;amp;amp;amp;amp;trk=nav_responsive_tab_home\",\"https:\\\/\\\/www.youtube.com\\\/channel\\\/UCxL0wu1uN0_3_7hGG0306cw\"]},{\"@type\":\"Person\",\"@id\":\"https:\\\/\\\/www.bellunopress.it\\\/#\\\/schema\\\/person\\\/79bb06722b37ece1c03d3e94beb30d73\",\"name\":\"redazione\",\"image\":{\"@type\":\"ImageObject\",\"inLanguage\":\"fr-FR\",\"@id\":\"https:\\\/\\\/secure.gravatar.com\\\/avatar\\\/37d968a2e67a6fd04c169c4bdef102d0bc5d31b2546345219e348575eb80e9a0?s=96&d=mm&r=g\",\"url\":\"https:\\\/\\\/secure.gravatar.com\\\/avatar\\\/37d968a2e67a6fd04c169c4bdef102d0bc5d31b2546345219e348575eb80e9a0?s=96&d=mm&r=g\",\"contentUrl\":\"https:\\\/\\\/secure.gravatar.com\\\/avatar\\\/37d968a2e67a6fd04c169c4bdef102d0bc5d31b2546345219e348575eb80e9a0?s=96&d=mm&r=g\",\"caption\":\"redazione\"},\"sameAs\":[\"http:\\\/\\\/www.bellunopress.it\",\"https:\\\/\\\/x.com\\\/bellunopress\"],\"url\":\"https:\\\/\\\/www.bellunopress.it\\\/fr\\\/author\\\/redazione\\\/\"}]}<\/script>\n<!-- \/ Yoast SEO plugin. -->","yoast_head_json":{"title":"La reginetta Lancer di FRW protagonista all'Expo Bici di Padova - Bellunopress - Dolomiti","robots":{"index":"index","follow":"follow","max-snippet":"max-snippet:-1","max-image-preview":"max-image-preview:large","max-video-preview":"max-video-preview:-1"},"canonical":"https:\/\/www.bellunopress.it\/fr\/2009\/09\/22\/la-reginetta-lancer-di-frw-protagonista-allexpo-bici-di-padova\/","og_locale":"fr_FR","og_type":"article","og_title":"La reginetta Lancer di FRW protagonista all'Expo Bici di Padova - Bellunopress - Dolomiti","og_description":"Domenica scorsa, all\u2019Expo Bici di Padova, l\u2019azienda di biciclette di Ravenna Freewheeling ha presentato al pubblico un modello speciale\u00a0 della collezione 2010: la mountain bike Lancer, con un testimonial d\u2019eccezione: Gerald Kerschbaumer, campione del mondo di mountain bike juniores ai recenti campionati che si sono svolti in Australia. Gerald ha presentato sul palco dell\u2019Expo Bici, [&hellip;]","og_url":"https:\/\/www.bellunopress.it\/fr\/2009\/09\/22\/la-reginetta-lancer-di-frw-protagonista-allexpo-bici-di-padova\/","og_site_name":"Bellunopress - Dolomiti","article_publisher":"https:\/\/www.facebook.com\/profile.php?id=100008943462799","article_published_time":"2009-09-22T11:03:37+00:00","og_image":[{"url":"http:\/\/www.bellunopress.it\/wp-content\/uploads\/2009\/09\/gerald-e-lancer-frw-leggera.jpg","type":"","width":"","height":""}],"author":"redazione","twitter_card":"summary_large_image","twitter_creator":"@bellunopress","twitter_site":"@bellunopress","twitter_misc":{"\u00c9crit par":"redazione","Dur\u00e9e de lecture estim\u00e9e":"2 minutes"},"schema":{"@context":"https:\/\/schema.org","@graph":[{"@type":"Article","@id":"https:\/\/www.bellunopress.it\/2009\/09\/22\/la-reginetta-lancer-di-frw-protagonista-allexpo-bici-di-padova\/#article","isPartOf":{"@id":"https:\/\/www.bellunopress.it\/2009\/09\/22\/la-reginetta-lancer-di-frw-protagonista-allexpo-bici-di-padova\/"},"author":{"name":"redazione","@id":"https:\/\/www.bellunopress.it\/#\/schema\/person\/79bb06722b37ece1c03d3e94beb30d73"},"headline":"La reginetta Lancer di FRW protagonista all&#8217;Expo Bici di Padova","datePublished":"2009-09-22T11:03:37+00:00","mainEntityOfPage":{"@id":"https:\/\/www.bellunopress.it\/2009\/09\/22\/la-reginetta-lancer-di-frw-protagonista-allexpo-bici-di-padova\/"},"wordCount":471,"publisher":{"@id":"https:\/\/www.bellunopress.it\/#organization"},"image":{"@id":"https:\/\/www.bellunopress.it\/2009\/09\/22\/la-reginetta-lancer-di-frw-protagonista-allexpo-bici-di-padova\/#primaryimage"},"thumbnailUrl":"http:\/\/www.bellunopress.it\/wp-content\/uploads\/2009\/09\/gerald-e-lancer-frw-leggera.jpg","keywords":["Belluno"],"articleSection":["Pausa Caff\u00e8","Sport, tempo libero"],"inLanguage":"fr-FR"},{"@type":"WebPage","@id":"https:\/\/www.bellunopress.it\/2009\/09\/22\/la-reginetta-lancer-di-frw-protagonista-allexpo-bici-di-padova\/","url":"https:\/\/www.bellunopress.it\/2009\/09\/22\/la-reginetta-lancer-di-frw-protagonista-allexpo-bici-di-padova\/","name":"La reginetta Lancer di FRW protagonista all'Expo Bici di Padova - Bellunopress - Dolomiti","isPartOf":{"@id":"https:\/\/www.bellunopress.it\/#website"},"primaryImageOfPage":{"@id":"https:\/\/www.bellunopress.it\/2009\/09\/22\/la-reginetta-lancer-di-frw-protagonista-allexpo-bici-di-padova\/#primaryimage"},"image":{"@id":"https:\/\/www.bellunopress.it\/2009\/09\/22\/la-reginetta-lancer-di-frw-protagonista-allexpo-bici-di-padova\/#primaryimage"},"thumbnailUrl":"http:\/\/www.bellunopress.it\/wp-content\/uploads\/2009\/09\/gerald-e-lancer-frw-leggera.jpg","datePublished":"2009-09-22T11:03:37+00:00","breadcrumb":{"@id":"https:\/\/www.bellunopress.it\/2009\/09\/22\/la-reginetta-lancer-di-frw-protagonista-allexpo-bici-di-padova\/#breadcrumb"},"inLanguage":"fr-FR","potentialAction":[{"@type":"ReadAction","target":["https:\/\/www.bellunopress.it\/2009\/09\/22\/la-reginetta-lancer-di-frw-protagonista-allexpo-bici-di-padova\/"]}]},{"@type":"ImageObject","inLanguage":"fr-FR","@id":"https:\/\/www.bellunopress.it\/2009\/09\/22\/la-reginetta-lancer-di-frw-protagonista-allexpo-bici-di-padova\/#primaryimage","url":"http:\/\/www.bellunopress.it\/wp-content\/uploads\/2009\/09\/gerald-e-lancer-frw-leggera.jpg","contentUrl":"http:\/\/www.bellunopress.it\/wp-content\/uploads\/2009\/09\/gerald-e-lancer-frw-leggera.jpg"},{"@type":"BreadcrumbList","@id":"https:\/\/www.bellunopress.it\/2009\/09\/22\/la-reginetta-lancer-di-frw-protagonista-allexpo-bici-di-padova\/#breadcrumb","itemListElement":[{"@type":"ListItem","position":1,"name":"Home","item":"https:\/\/www.bellunopress.it\/"},{"@type":"ListItem","position":2,"name":"La reginetta Lancer di FRW protagonista all&#8217;Expo Bici di Padova"}]},{"@type":"WebSite","@id":"https:\/\/www.bellunopress.it\/#website","url":"https:\/\/www.bellunopress.it\/","name":"Bellunopress - Dolomiti","description":"e-mail: redazione@bellunopress.it","publisher":{"@id":"https:\/\/www.bellunopress.it\/#organization"},"potentialAction":[{"@type":"SearchAction","target":{"@type":"EntryPoint","urlTemplate":"https:\/\/www.bellunopress.it\/?s={search_term_string}"},"query-input":{"@type":"PropertyValueSpecification","valueRequired":true,"valueName":"search_term_string"}}],"inLanguage":"fr-FR"},{"@type":"Organization","@id":"https:\/\/www.bellunopress.it\/#organization","name":"Bellunopress","url":"https:\/\/www.bellunopress.it\/","logo":{"@type":"ImageObject","inLanguage":"fr-FR","@id":"https:\/\/www.bellunopress.it\/#\/schema\/logo\/image\/","url":"https:\/\/www.bellunopress.it\/wp-content\/uploads\/2011\/05\/cropped-logo-bellunopress-.jpg","contentUrl":"https:\/\/www.bellunopress.it\/wp-content\/uploads\/2011\/05\/cropped-logo-bellunopress-.jpg","width":512,"height":512,"caption":"Bellunopress"},"image":{"@id":"https:\/\/www.bellunopress.it\/#\/schema\/logo\/image\/"},"sameAs":["https:\/\/www.facebook.com\/profile.php?id=100008943462799","https:\/\/x.com\/bellunopress","https:\/\/www.linkedin.com\/hp\/?dnr=JBzUWaJfMUw8vbXJJ2tVW5-I3jZKvC4wsoxE&amp;amp;amp;amp;amp;amp;trk=nav_responsive_tab_home","https:\/\/www.youtube.com\/channel\/UCxL0wu1uN0_3_7hGG0306cw"]},{"@type":"Person","@id":"https:\/\/www.bellunopress.it\/#\/schema\/person\/79bb06722b37ece1c03d3e94beb30d73","name":"r\u00e9daction","image":{"@type":"ImageObject","inLanguage":"fr-FR","@id":"https:\/\/secure.gravatar.com\/avatar\/37d968a2e67a6fd04c169c4bdef102d0bc5d31b2546345219e348575eb80e9a0?s=96&d=mm&r=g","url":"https:\/\/secure.gravatar.com\/avatar\/37d968a2e67a6fd04c169c4bdef102d0bc5d31b2546345219e348575eb80e9a0?s=96&d=mm&r=g","contentUrl":"https:\/\/secure.gravatar.com\/avatar\/37d968a2e67a6fd04c169c4bdef102d0bc5d31b2546345219e348575eb80e9a0?s=96&d=mm&r=g","caption":"redazione"},"sameAs":["http:\/\/www.bellunopress.it","https:\/\/x.com\/bellunopress"],"url":"https:\/\/www.bellunopress.it\/fr\/author\/redazione\/"}]}},"_links":{"self":[{"href":"https:\/\/www.bellunopress.it\/fr\/wp-json\/wp\/v2\/posts\/8295","targetHints":{"allow":["GET"]}}],"collection":[{"href":"https:\/\/www.bellunopress.it\/fr\/wp-json\/wp\/v2\/posts"}],"about":[{"href":"https:\/\/www.bellunopress.it\/fr\/wp-json\/wp\/v2\/types\/post"}],"author":[{"embeddable":true,"href":"https:\/\/www.bellunopress.it\/fr\/wp-json\/wp\/v2\/users\/2"}],"replies":[{"embeddable":true,"href":"https:\/\/www.bellunopress.it\/fr\/wp-json\/wp\/v2\/comments?post=8295"}],"version-history":[{"count":1,"href":"https:\/\/www.bellunopress.it\/fr\/wp-json\/wp\/v2\/posts\/8295\/revisions"}],"predecessor-version":[{"id":8297,"href":"https:\/\/www.bellunopress.it\/fr\/wp-json\/wp\/v2\/posts\/8295\/revisions\/8297"}],"wp:attachment":[{"href":"https:\/\/www.bellunopress.it\/fr\/wp-json\/wp\/v2\/media?parent=8295"}],"wp:term":[{"taxonomy":"category","embeddable":true,"href":"https:\/\/www.bellunopress.it\/fr\/wp-json\/wp\/v2\/categories?post=8295"},{"taxonomy":"post_tag","embeddable":true,"href":"https:\/\/www.bellunopress.it\/fr\/wp-json\/wp\/v2\/tags?post=8295"}],"curies":[{"name":"wp","href":"https:\/\/api.w.org\/{rel}","templated":true}]}}