{"id":8260,"date":"2009-09-20T10:51:22","date_gmt":"2009-09-20T09:51:22","guid":{"rendered":"http:\/\/www.bellunopress.it\/?p=8260"},"modified":"2009-09-22T12:31:44","modified_gmt":"2009-09-22T11:31:44","slug":"piscina-di-longarone-dal-lunedi-21-settembre-via-al-programma-autunnale","status":"publish","type":"post","link":"https:\/\/www.bellunopress.it\/fr\/2009\/09\/20\/piscina-di-longarone-dal-lunedi-21-settembre-via-al-programma-autunnale\/","title":{"rendered":"Piscina di Longarone: dal luned\u00ec 21 settembre via al programma autunnale"},"content":{"rendered":"<p>Inizia luned\u00ec 21 settembre e durer\u00e0 fino al 22 dicembre la nuova programmazione autunnale dei corsi di nuoto e acqua fitness della piscina di Longarone. Un ampio ventaglio di proposte che soddisfer\u00e0 le esigenze del pubblico di Longplay, sempre alla ricerca di stimoli sportivi e idee per il proprio tempo libero. Insieme ai classici corsi di nuoto adatti ad ogni et\u00e0 e livello e alle lezioni per gestanti e neomamme, Longplay-Longarone Impianti sportivi ha deciso di attivare tre nuove discipline, gi\u00e0 presentate il 6 settembre scorso attraverso lezioni di prova gratuite: Totalbody, ginnastica in acqua alta, ideale per tonificare e rafforzare in modo completo tutte le fasce muscolari; GAG, un programma completo per scolpire glutei, addominali e gambe; Hydrobyke, attivit\u00e0 aerobica di pedalata in acqua a ritmo di musica, efficace per rimanere in forma divertendosi. Immancabili i corsi di Aquagym, che si potranno frequentare con tessera da 10 ingressi anche in orario di pausa pranzo: un bel vantaggio per chi la sera dopo il lavoro ha sempre poco tempo. Previsti, poi, corsi di ginnastica dolce per chi preferisce un\u2019attivit\u00e0 fisica pi\u00f9 tranquilla, con un prezzo super vantaggioso a chi ha compiuto pi\u00f9 di 60 anni. Anche l\u2019orario di accesso alla vasca del nuoto libero e della vasca baby subir\u00e0 delle variazioni, cos\u00ec come l\u2019uso dello scivolo toboga, riservato solo ai giorni di sabato e domenica. Si avvia cos\u00ec a pieno ritmo l\u2019attivit\u00e0 di Longarone Impianti sportivi, che dalla prossima settimana affiancher\u00e0 alle attivit\u00e0 della piscina anche quelle della nuova palestra, con sala pesi, spinning, lezioni di pilates, bodytone e ginnastica dolce. Per informazioni su costi e iscrizioni ai corsi \u00e8 sufficiente contattare la societ\u00e0 Longplay al numero 0437 573515.<\/p>","protected":false},"excerpt":{"rendered":"<p>Inizia luned\u00ec 21 settembre e durer\u00e0 fino al 22 dicembre la nuova programmazione autunnale dei corsi di nuoto e acqua fitness della piscina di Longarone. Un ampio ventaglio di proposte che soddisfer\u00e0 le esigenze del pubblico di Longplay, sempre alla ricerca di stimoli sportivi e idee per il proprio tempo libero. Insieme ai classici corsi [&hellip;]<\/p>\n","protected":false},"author":2,"featured_media":0,"comment_status":"closed","ping_status":"open","sticky":false,"template":"","format":"standard","meta":{"footnotes":""},"categories":[4],"tags":[],"class_list":["post-8260","post","type-post","status-publish","format-standard","category-sport"],"yoast_head":"<!-- This site is optimized with the Yoast SEO plugin v28.4 - https:\/\/yoast.com\/product\/yoast-seo-wordpress\/ -->\n<title>Piscina di Longarone: dal luned\u00ec 21 settembre via al programma autunnale - Bellunopress - Dolomiti<\/title>\n<meta name=\"robots\" content=\"index, follow, max-snippet:-1, max-image-preview:large, max-video-preview:-1\" \/>\n<link rel=\"canonical\" href=\"https:\/\/www.bellunopress.it\/fr\/2009\/09\/20\/piscina-di-longarone-dal-lunedi-21-settembre-via-al-programma-autunnale\/\" \/>\n<meta property=\"og:locale\" content=\"fr_FR\" \/>\n<meta property=\"og:type\" content=\"article\" \/>\n<meta property=\"og:title\" content=\"Piscina di Longarone: dal luned\u00ec 21 settembre via al programma autunnale - Bellunopress - Dolomiti\" \/>\n<meta property=\"og:description\" content=\"Inizia luned\u00ec 21 settembre e durer\u00e0 fino al 22 dicembre la nuova programmazione autunnale dei corsi di nuoto e acqua fitness della piscina di Longarone. Un ampio ventaglio di proposte che soddisfer\u00e0 le esigenze del pubblico di Longplay, sempre alla ricerca di stimoli sportivi e idee per il proprio tempo libero. Insieme ai classici corsi [&hellip;]\" \/>\n<meta property=\"og:url\" content=\"https:\/\/www.bellunopress.it\/fr\/2009\/09\/20\/piscina-di-longarone-dal-lunedi-21-settembre-via-al-programma-autunnale\/\" \/>\n<meta property=\"og:site_name\" content=\"Bellunopress - Dolomiti\" \/>\n<meta property=\"article:publisher\" content=\"https:\/\/www.facebook.com\/profile.php?id=100008943462799\" \/>\n<meta property=\"article:published_time\" content=\"2009-09-20T09:51:22+00:00\" \/>\n<meta property=\"article:modified_time\" content=\"2009-09-22T11:31:44+00:00\" \/>\n<meta property=\"og:image\" content=\"http:\/\/www.bellunopress.it\/wp-content\/uploads\/2012\/07\/logo-bellunopress-250x250-2012.jpg\" \/>\n<meta name=\"author\" content=\"redazione\" \/>\n<meta name=\"twitter:card\" content=\"summary_large_image\" \/>\n<meta name=\"twitter:creator\" content=\"@bellunopress\" \/>\n<meta name=\"twitter:site\" content=\"@bellunopress\" \/>\n<meta name=\"twitter:label1\" content=\"\u00c9crit par\" \/>\n\t<meta name=\"twitter:data1\" content=\"redazione\" \/>\n\t<meta name=\"twitter:label2\" content=\"Dur\u00e9e de lecture estim\u00e9e\" \/>\n\t<meta name=\"twitter:data2\" content=\"1 minute\" \/>\n<script type=\"application\/ld+json\" class=\"yoast-schema-graph\">{\"@context\":\"https:\\\/\\\/schema.org\",\"@graph\":[{\"@type\":\"Article\",\"@id\":\"https:\\\/\\\/www.bellunopress.it\\\/2009\\\/09\\\/20\\\/piscina-di-longarone-dal-lunedi-21-settembre-via-al-programma-autunnale\\\/#article\",\"isPartOf\":{\"@id\":\"https:\\\/\\\/www.bellunopress.it\\\/2009\\\/09\\\/20\\\/piscina-di-longarone-dal-lunedi-21-settembre-via-al-programma-autunnale\\\/\"},\"author\":{\"name\":\"redazione\",\"@id\":\"https:\\\/\\\/www.bellunopress.it\\\/#\\\/schema\\\/person\\\/79bb06722b37ece1c03d3e94beb30d73\"},\"headline\":\"Piscina di Longarone: dal luned\u00ec 21 settembre via al programma autunnale\",\"datePublished\":\"2009-09-20T09:51:22+00:00\",\"dateModified\":\"2009-09-22T11:31:44+00:00\",\"mainEntityOfPage\":{\"@id\":\"https:\\\/\\\/www.bellunopress.it\\\/2009\\\/09\\\/20\\\/piscina-di-longarone-dal-lunedi-21-settembre-via-al-programma-autunnale\\\/\"},\"wordCount\":285,\"publisher\":{\"@id\":\"https:\\\/\\\/www.bellunopress.it\\\/#organization\"},\"articleSection\":[\"Sport, tempo libero\"],\"inLanguage\":\"fr-FR\"},{\"@type\":\"WebPage\",\"@id\":\"https:\\\/\\\/www.bellunopress.it\\\/2009\\\/09\\\/20\\\/piscina-di-longarone-dal-lunedi-21-settembre-via-al-programma-autunnale\\\/\",\"url\":\"https:\\\/\\\/www.bellunopress.it\\\/2009\\\/09\\\/20\\\/piscina-di-longarone-dal-lunedi-21-settembre-via-al-programma-autunnale\\\/\",\"name\":\"Piscina di Longarone: dal luned\u00ec 21 settembre via al programma autunnale - Bellunopress - Dolomiti\",\"isPartOf\":{\"@id\":\"https:\\\/\\\/www.bellunopress.it\\\/#website\"},\"datePublished\":\"2009-09-20T09:51:22+00:00\",\"dateModified\":\"2009-09-22T11:31:44+00:00\",\"breadcrumb\":{\"@id\":\"https:\\\/\\\/www.bellunopress.it\\\/2009\\\/09\\\/20\\\/piscina-di-longarone-dal-lunedi-21-settembre-via-al-programma-autunnale\\\/#breadcrumb\"},\"inLanguage\":\"fr-FR\",\"potentialAction\":[{\"@type\":\"ReadAction\",\"target\":[\"https:\\\/\\\/www.bellunopress.it\\\/2009\\\/09\\\/20\\\/piscina-di-longarone-dal-lunedi-21-settembre-via-al-programma-autunnale\\\/\"]}]},{\"@type\":\"BreadcrumbList\",\"@id\":\"https:\\\/\\\/www.bellunopress.it\\\/2009\\\/09\\\/20\\\/piscina-di-longarone-dal-lunedi-21-settembre-via-al-programma-autunnale\\\/#breadcrumb\",\"itemListElement\":[{\"@type\":\"ListItem\",\"position\":1,\"name\":\"Home\",\"item\":\"https:\\\/\\\/www.bellunopress.it\\\/\"},{\"@type\":\"ListItem\",\"position\":2,\"name\":\"Piscina di Longarone: dal luned\u00ec 21 settembre via al programma autunnale\"}]},{\"@type\":\"WebSite\",\"@id\":\"https:\\\/\\\/www.bellunopress.it\\\/#website\",\"url\":\"https:\\\/\\\/www.bellunopress.it\\\/\",\"name\":\"Bellunopress - Dolomiti\",\"description\":\"e-mail: redazione@bellunopress.it\",\"publisher\":{\"@id\":\"https:\\\/\\\/www.bellunopress.it\\\/#organization\"},\"potentialAction\":[{\"@type\":\"SearchAction\",\"target\":{\"@type\":\"EntryPoint\",\"urlTemplate\":\"https:\\\/\\\/www.bellunopress.it\\\/?s={search_term_string}\"},\"query-input\":{\"@type\":\"PropertyValueSpecification\",\"valueRequired\":true,\"valueName\":\"search_term_string\"}}],\"inLanguage\":\"fr-FR\"},{\"@type\":\"Organization\",\"@id\":\"https:\\\/\\\/www.bellunopress.it\\\/#organization\",\"name\":\"Bellunopress\",\"url\":\"https:\\\/\\\/www.bellunopress.it\\\/\",\"logo\":{\"@type\":\"ImageObject\",\"inLanguage\":\"fr-FR\",\"@id\":\"https:\\\/\\\/www.bellunopress.it\\\/#\\\/schema\\\/logo\\\/image\\\/\",\"url\":\"https:\\\/\\\/www.bellunopress.it\\\/wp-content\\\/uploads\\\/2011\\\/05\\\/cropped-logo-bellunopress-.jpg\",\"contentUrl\":\"https:\\\/\\\/www.bellunopress.it\\\/wp-content\\\/uploads\\\/2011\\\/05\\\/cropped-logo-bellunopress-.jpg\",\"width\":512,\"height\":512,\"caption\":\"Bellunopress\"},\"image\":{\"@id\":\"https:\\\/\\\/www.bellunopress.it\\\/#\\\/schema\\\/logo\\\/image\\\/\"},\"sameAs\":[\"https:\\\/\\\/www.facebook.com\\\/profile.php?id=100008943462799\",\"https:\\\/\\\/x.com\\\/bellunopress\",\"https:\\\/\\\/www.linkedin.com\\\/hp\\\/?dnr=JBzUWaJfMUw8vbXJJ2tVW5-I3jZKvC4wsoxE&amp;amp;amp;amp;amp;amp;trk=nav_responsive_tab_home\",\"https:\\\/\\\/www.youtube.com\\\/channel\\\/UCxL0wu1uN0_3_7hGG0306cw\"]},{\"@type\":\"Person\",\"@id\":\"https:\\\/\\\/www.bellunopress.it\\\/#\\\/schema\\\/person\\\/79bb06722b37ece1c03d3e94beb30d73\",\"name\":\"redazione\",\"image\":{\"@type\":\"ImageObject\",\"inLanguage\":\"fr-FR\",\"@id\":\"https:\\\/\\\/secure.gravatar.com\\\/avatar\\\/37d968a2e67a6fd04c169c4bdef102d0bc5d31b2546345219e348575eb80e9a0?s=96&d=mm&r=g\",\"url\":\"https:\\\/\\\/secure.gravatar.com\\\/avatar\\\/37d968a2e67a6fd04c169c4bdef102d0bc5d31b2546345219e348575eb80e9a0?s=96&d=mm&r=g\",\"contentUrl\":\"https:\\\/\\\/secure.gravatar.com\\\/avatar\\\/37d968a2e67a6fd04c169c4bdef102d0bc5d31b2546345219e348575eb80e9a0?s=96&d=mm&r=g\",\"caption\":\"redazione\"},\"sameAs\":[\"http:\\\/\\\/www.bellunopress.it\",\"https:\\\/\\\/x.com\\\/bellunopress\"],\"url\":\"https:\\\/\\\/www.bellunopress.it\\\/fr\\\/author\\\/redazione\\\/\"}]}<\/script>\n<!-- \/ Yoast SEO plugin. -->","yoast_head_json":{"title":"Piscina di Longarone: dal luned\u00ec 21 settembre via al programma autunnale - Bellunopress - Dolomiti","robots":{"index":"index","follow":"follow","max-snippet":"max-snippet:-1","max-image-preview":"max-image-preview:large","max-video-preview":"max-video-preview:-1"},"canonical":"https:\/\/www.bellunopress.it\/fr\/2009\/09\/20\/piscina-di-longarone-dal-lunedi-21-settembre-via-al-programma-autunnale\/","og_locale":"fr_FR","og_type":"article","og_title":"Piscina di Longarone: dal luned\u00ec 21 settembre via al programma autunnale - Bellunopress - Dolomiti","og_description":"Inizia luned\u00ec 21 settembre e durer\u00e0 fino al 22 dicembre la nuova programmazione autunnale dei corsi di nuoto e acqua fitness della piscina di Longarone. Un ampio ventaglio di proposte che soddisfer\u00e0 le esigenze del pubblico di Longplay, sempre alla ricerca di stimoli sportivi e idee per il proprio tempo libero. Insieme ai classici corsi [&hellip;]","og_url":"https:\/\/www.bellunopress.it\/fr\/2009\/09\/20\/piscina-di-longarone-dal-lunedi-21-settembre-via-al-programma-autunnale\/","og_site_name":"Bellunopress - Dolomiti","article_publisher":"https:\/\/www.facebook.com\/profile.php?id=100008943462799","article_published_time":"2009-09-20T09:51:22+00:00","article_modified_time":"2009-09-22T11:31:44+00:00","og_image":[{"url":"http:\/\/www.bellunopress.it\/wp-content\/uploads\/2012\/07\/logo-bellunopress-250x250-2012.jpg","type":"","width":"","height":""}],"author":"redazione","twitter_card":"summary_large_image","twitter_creator":"@bellunopress","twitter_site":"@bellunopress","twitter_misc":{"\u00c9crit par":"redazione","Dur\u00e9e de lecture estim\u00e9e":"1 minute"},"schema":{"@context":"https:\/\/schema.org","@graph":[{"@type":"Article","@id":"https:\/\/www.bellunopress.it\/2009\/09\/20\/piscina-di-longarone-dal-lunedi-21-settembre-via-al-programma-autunnale\/#article","isPartOf":{"@id":"https:\/\/www.bellunopress.it\/2009\/09\/20\/piscina-di-longarone-dal-lunedi-21-settembre-via-al-programma-autunnale\/"},"author":{"name":"redazione","@id":"https:\/\/www.bellunopress.it\/#\/schema\/person\/79bb06722b37ece1c03d3e94beb30d73"},"headline":"Piscina di Longarone: dal luned\u00ec 21 settembre via al programma autunnale","datePublished":"2009-09-20T09:51:22+00:00","dateModified":"2009-09-22T11:31:44+00:00","mainEntityOfPage":{"@id":"https:\/\/www.bellunopress.it\/2009\/09\/20\/piscina-di-longarone-dal-lunedi-21-settembre-via-al-programma-autunnale\/"},"wordCount":285,"publisher":{"@id":"https:\/\/www.bellunopress.it\/#organization"},"articleSection":["Sport, tempo libero"],"inLanguage":"fr-FR"},{"@type":"WebPage","@id":"https:\/\/www.bellunopress.it\/2009\/09\/20\/piscina-di-longarone-dal-lunedi-21-settembre-via-al-programma-autunnale\/","url":"https:\/\/www.bellunopress.it\/2009\/09\/20\/piscina-di-longarone-dal-lunedi-21-settembre-via-al-programma-autunnale\/","name":"Piscina di Longarone: dal luned\u00ec 21 settembre via al programma autunnale - Bellunopress - Dolomiti","isPartOf":{"@id":"https:\/\/www.bellunopress.it\/#website"},"datePublished":"2009-09-20T09:51:22+00:00","dateModified":"2009-09-22T11:31:44+00:00","breadcrumb":{"@id":"https:\/\/www.bellunopress.it\/2009\/09\/20\/piscina-di-longarone-dal-lunedi-21-settembre-via-al-programma-autunnale\/#breadcrumb"},"inLanguage":"fr-FR","potentialAction":[{"@type":"ReadAction","target":["https:\/\/www.bellunopress.it\/2009\/09\/20\/piscina-di-longarone-dal-lunedi-21-settembre-via-al-programma-autunnale\/"]}]},{"@type":"BreadcrumbList","@id":"https:\/\/www.bellunopress.it\/2009\/09\/20\/piscina-di-longarone-dal-lunedi-21-settembre-via-al-programma-autunnale\/#breadcrumb","itemListElement":[{"@type":"ListItem","position":1,"name":"Home","item":"https:\/\/www.bellunopress.it\/"},{"@type":"ListItem","position":2,"name":"Piscina di Longarone: dal luned\u00ec 21 settembre via al programma autunnale"}]},{"@type":"WebSite","@id":"https:\/\/www.bellunopress.it\/#website","url":"https:\/\/www.bellunopress.it\/","name":"Bellunopress - Dolomiti","description":"e-mail: redazione@bellunopress.it","publisher":{"@id":"https:\/\/www.bellunopress.it\/#organization"},"potentialAction":[{"@type":"SearchAction","target":{"@type":"EntryPoint","urlTemplate":"https:\/\/www.bellunopress.it\/?s={search_term_string}"},"query-input":{"@type":"PropertyValueSpecification","valueRequired":true,"valueName":"search_term_string"}}],"inLanguage":"fr-FR"},{"@type":"Organization","@id":"https:\/\/www.bellunopress.it\/#organization","name":"Bellunopress","url":"https:\/\/www.bellunopress.it\/","logo":{"@type":"ImageObject","inLanguage":"fr-FR","@id":"https:\/\/www.bellunopress.it\/#\/schema\/logo\/image\/","url":"https:\/\/www.bellunopress.it\/wp-content\/uploads\/2011\/05\/cropped-logo-bellunopress-.jpg","contentUrl":"https:\/\/www.bellunopress.it\/wp-content\/uploads\/2011\/05\/cropped-logo-bellunopress-.jpg","width":512,"height":512,"caption":"Bellunopress"},"image":{"@id":"https:\/\/www.bellunopress.it\/#\/schema\/logo\/image\/"},"sameAs":["https:\/\/www.facebook.com\/profile.php?id=100008943462799","https:\/\/x.com\/bellunopress","https:\/\/www.linkedin.com\/hp\/?dnr=JBzUWaJfMUw8vbXJJ2tVW5-I3jZKvC4wsoxE&amp;amp;amp;amp;amp;amp;trk=nav_responsive_tab_home","https:\/\/www.youtube.com\/channel\/UCxL0wu1uN0_3_7hGG0306cw"]},{"@type":"Person","@id":"https:\/\/www.bellunopress.it\/#\/schema\/person\/79bb06722b37ece1c03d3e94beb30d73","name":"r\u00e9daction","image":{"@type":"ImageObject","inLanguage":"fr-FR","@id":"https:\/\/secure.gravatar.com\/avatar\/37d968a2e67a6fd04c169c4bdef102d0bc5d31b2546345219e348575eb80e9a0?s=96&d=mm&r=g","url":"https:\/\/secure.gravatar.com\/avatar\/37d968a2e67a6fd04c169c4bdef102d0bc5d31b2546345219e348575eb80e9a0?s=96&d=mm&r=g","contentUrl":"https:\/\/secure.gravatar.com\/avatar\/37d968a2e67a6fd04c169c4bdef102d0bc5d31b2546345219e348575eb80e9a0?s=96&d=mm&r=g","caption":"redazione"},"sameAs":["http:\/\/www.bellunopress.it","https:\/\/x.com\/bellunopress"],"url":"https:\/\/www.bellunopress.it\/fr\/author\/redazione\/"}]}},"_links":{"self":[{"href":"https:\/\/www.bellunopress.it\/fr\/wp-json\/wp\/v2\/posts\/8260","targetHints":{"allow":["GET"]}}],"collection":[{"href":"https:\/\/www.bellunopress.it\/fr\/wp-json\/wp\/v2\/posts"}],"about":[{"href":"https:\/\/www.bellunopress.it\/fr\/wp-json\/wp\/v2\/types\/post"}],"author":[{"embeddable":true,"href":"https:\/\/www.bellunopress.it\/fr\/wp-json\/wp\/v2\/users\/2"}],"replies":[{"embeddable":true,"href":"https:\/\/www.bellunopress.it\/fr\/wp-json\/wp\/v2\/comments?post=8260"}],"version-history":[{"count":2,"href":"https:\/\/www.bellunopress.it\/fr\/wp-json\/wp\/v2\/posts\/8260\/revisions"}],"predecessor-version":[{"id":8301,"href":"https:\/\/www.bellunopress.it\/fr\/wp-json\/wp\/v2\/posts\/8260\/revisions\/8301"}],"wp:attachment":[{"href":"https:\/\/www.bellunopress.it\/fr\/wp-json\/wp\/v2\/media?parent=8260"}],"wp:term":[{"taxonomy":"category","embeddable":true,"href":"https:\/\/www.bellunopress.it\/fr\/wp-json\/wp\/v2\/categories?post=8260"},{"taxonomy":"post_tag","embeddable":true,"href":"https:\/\/www.bellunopress.it\/fr\/wp-json\/wp\/v2\/tags?post=8260"}],"curies":[{"name":"wp","href":"https:\/\/api.w.org\/{rel}","templated":true}]}}