{"id":8242,"date":"2009-09-19T16:43:52","date_gmt":"2009-09-19T15:43:52","guid":{"rendered":"http:\/\/www.bellunopress.it\/?p=8242"},"modified":"2009-09-19T16:43:52","modified_gmt":"2009-09-19T15:43:52","slug":"caiinform-agordino-concluso-il-programma-delle-escursioni-con-la-gita-allo-stelvio","status":"publish","type":"post","link":"https:\/\/www.bellunopress.it\/fr\/2009\/09\/19\/caiinform-agordino-concluso-il-programma-delle-escursioni-con-la-gita-allo-stelvio\/","title":{"rendered":"CaiInform agordino: concluso il programma delle escursioni con la gita allo Stelvio"},"content":{"rendered":"<p><a href=\"http:\/\/www.bellunopress.it\/wp-content\/uploads\/2009\/09\/stevia-3-gruppo-cima-leggera.jpg\"><img loading=\"lazy\" decoding=\"async\" class=\"alignleft size-medium wp-image-8243\" title=\"stevia-3-gruppo-cima-leggera\" src=\"http:\/\/www.bellunopress.it\/wp-content\/uploads\/2009\/09\/stevia-3-gruppo-cima-leggera.jpg\" alt=\"\" width=\"270\" height=\"203\" \/><\/a>Si \u00e8 completato &#8211; con l\u2019uscita di domenica 13 settembre al Col dla Pieres &#8211; il nostro programma escursionistico estivo riservato agli adulti. La nutrita partecipazione che ha caratterizzato le varie uscite \u2013 sull\u2019intero arco dolomitico &#8211; ci\u00a0 convince\u00a0 che, anche quest\u2019anno, siamo riusciti a proporre un calendario interessante, vario e soprattutto adatto alle possibilit\u00e0 e capacit\u00e0 di tutti.<br \/>\nDomenica scorsa l\u2019escursione si \u00e8 svolta nel Parco Naturale Puez-Odle, in un ambiente molto suggestivo e particolare, incastonato tra il Gruppo delle Odle e del Sella.<br \/>\nUn particolare elogio ai 16 partecipanti che, di buon mattino, si sono ritrovati davanti alla nostra Sede di Agordo per affrontare il successivo trasferimento in Val Gardena. <a href=\"http:\/\/www.bellunopress.it\/wp-content\/uploads\/2009\/09\/stevia-2-in-costa-leggera.jpg\"><img loading=\"lazy\" decoding=\"async\" class=\"alignright size-medium wp-image-8244\" title=\"stevia-2-in-costa-leggera\" src=\"http:\/\/www.bellunopress.it\/wp-content\/uploads\/2009\/09\/stevia-2-in-costa-leggera.jpg\" alt=\"\" width=\"270\" height=\"203\" \/><\/a><br \/>\nCertamente interessanti, durante lo svolgimento dell\u2019itinerario, le numerose \u201cspiegazioni\u201d geologiche fornite a tutti &#8211; in modo semplice e accessibile &#8211;\u00a0 dal Prof. Vittorio Fenti, gradito ospite del nostro gruppo.<br \/>\nLa Cima \u00e8 stata\u00a0 raggiunta con largo anticipo sulle previsioni e la successiva discesa &#8211; passando per il Rifugio Firenze &#8211; non ha creato difficolt\u00e0 alcuna. C\u2019\u00e8 stato anche tutto il tempo per il\u00a0 consueto spuntino pomeridiano a base di dolci e qualche bicchier di vino, prima che la pioggia prevista &#8211; gia da met\u00e0 giornata &#8211; facesse la sua comparsa.<br \/>\nLa Sezione Agordina del C.A.I. unitamente ai propri accompagnatori, coglie l\u2019occasione per ringraziare quanti hanno condiviso con noi le escursioni della stagione e ricorda l\u2019ultimo appuntamento riservato ai ragazzi dell\u2019Alpinismo Giovanile, in programma domenica 27 settembre a Forca Rossa nei pressi del Passo S. Pellegrino, del quale parleremo pi\u00f9 approfonditamente nella prossima e-mail.<br \/>\n<strong>IN ARRIVO A OTTOBRE LE\u2026 SERE D\u2019AUTUNNO 2009 <\/strong><br \/>\nSolo un anticipo\u2026ne parleremo infatti pi\u00f9 diffusamente nel corso delle prossime comunicazioni.<br \/>\nRitorna, per il terzo anno consecutivo, il ciclo di serate, incontri, dibattiti, immagini, filmati e multivisioni organizzato dalla nostra Sezione\u2026in una parola: SERE D\u2019AUTUNNO 2009 !<br \/>\nUn palinsesto di programmazione vario ed interessante, in grado di abbracciare temi, aspetti, luoghi\u2026sempre diversi tra loro.<br \/>\nMontagna e ghiaccio, scalate e spedizioni, deserti e acqua, Africa e Alaska e, passando per le nostre amate montagne di casa, anche un tuffo nell\u2019ormai lontano passato.<br \/>\nSERE D\u2019AUTUNNO 2009 \u2013 TUTTI I VENERDI DI OTTOBRE ALLE ORE 20.40 \u2013 SALA CONVEGNI \u201cDON F.TAMIS\u201d AGORDO (BL)<br \/>\nIl depliant ufficiale della manifestazione \u00e8 in distribuzione e lo potrete gi\u00e0 visionare sul nostro sito www.caiagordo.it<\/p>","protected":false},"excerpt":{"rendered":"<p>Si \u00e8 completato &#8211; con l\u2019uscita di domenica 13 settembre al Col dla Pieres &#8211; il nostro programma escursionistico estivo riservato agli adulti. La nutrita partecipazione che ha caratterizzato le varie uscite \u2013 sull\u2019intero arco dolomitico &#8211; ci\u00a0 convince\u00a0 che, anche quest\u2019anno, siamo riusciti a proporre un calendario interessante, vario e soprattutto adatto alle possibilit\u00e0 [&hellip;]<\/p>\n","protected":false},"author":2,"featured_media":0,"comment_status":"closed","ping_status":"open","sticky":false,"template":"","format":"standard","meta":{"footnotes":""},"categories":[38,25],"tags":[139,63],"class_list":["post-8242","post","type-post","status-publish","format-standard","category-natura-ambiente","category-pausa-caffe","tag-belluno","tag-dolomiti"],"yoast_head":"<!-- This site is optimized with the Yoast SEO plugin v28.4 - https:\/\/yoast.com\/product\/yoast-seo-wordpress\/ -->\n<title>CaiInform agordino: concluso il programma delle escursioni con la gita allo Stelvio - Bellunopress - Dolomiti<\/title>\n<meta name=\"robots\" content=\"index, follow, max-snippet:-1, max-image-preview:large, max-video-preview:-1\" \/>\n<link rel=\"canonical\" href=\"https:\/\/www.bellunopress.it\/fr\/2009\/09\/19\/caiinform-agordino-concluso-il-programma-delle-escursioni-con-la-gita-allo-stelvio\/\" \/>\n<meta property=\"og:locale\" content=\"fr_FR\" \/>\n<meta property=\"og:type\" content=\"article\" \/>\n<meta property=\"og:title\" content=\"CaiInform agordino: concluso il programma delle escursioni con la gita allo Stelvio - Bellunopress - Dolomiti\" \/>\n<meta property=\"og:description\" content=\"Si \u00e8 completato &#8211; con l\u2019uscita di domenica 13 settembre al Col dla Pieres &#8211; il nostro programma escursionistico estivo riservato agli adulti. La nutrita partecipazione che ha caratterizzato le varie uscite \u2013 sull\u2019intero arco dolomitico &#8211; ci\u00a0 convince\u00a0 che, anche quest\u2019anno, siamo riusciti a proporre un calendario interessante, vario e soprattutto adatto alle possibilit\u00e0 [&hellip;]\" \/>\n<meta property=\"og:url\" content=\"https:\/\/www.bellunopress.it\/fr\/2009\/09\/19\/caiinform-agordino-concluso-il-programma-delle-escursioni-con-la-gita-allo-stelvio\/\" \/>\n<meta property=\"og:site_name\" content=\"Bellunopress - Dolomiti\" \/>\n<meta property=\"article:publisher\" content=\"https:\/\/www.facebook.com\/profile.php?id=100008943462799\" \/>\n<meta property=\"article:published_time\" content=\"2009-09-19T15:43:52+00:00\" \/>\n<meta property=\"og:image\" content=\"http:\/\/www.bellunopress.it\/wp-content\/uploads\/2009\/09\/stevia-3-gruppo-cima-leggera.jpg\" \/>\n<meta name=\"author\" content=\"redazione\" \/>\n<meta name=\"twitter:card\" content=\"summary_large_image\" \/>\n<meta name=\"twitter:creator\" content=\"@bellunopress\" \/>\n<meta name=\"twitter:site\" content=\"@bellunopress\" \/>\n<meta name=\"twitter:label1\" content=\"\u00c9crit par\" \/>\n\t<meta name=\"twitter:data1\" content=\"redazione\" \/>\n\t<meta name=\"twitter:label2\" content=\"Dur\u00e9e de lecture estim\u00e9e\" \/>\n\t<meta name=\"twitter:data2\" content=\"2 minutes\" \/>\n<script type=\"application\/ld+json\" class=\"yoast-schema-graph\">{\"@context\":\"https:\\\/\\\/schema.org\",\"@graph\":[{\"@type\":\"Article\",\"@id\":\"https:\\\/\\\/www.bellunopress.it\\\/2009\\\/09\\\/19\\\/caiinform-agordino-concluso-il-programma-delle-escursioni-con-la-gita-allo-stelvio\\\/#article\",\"isPartOf\":{\"@id\":\"https:\\\/\\\/www.bellunopress.it\\\/2009\\\/09\\\/19\\\/caiinform-agordino-concluso-il-programma-delle-escursioni-con-la-gita-allo-stelvio\\\/\"},\"author\":{\"name\":\"redazione\",\"@id\":\"https:\\\/\\\/www.bellunopress.it\\\/#\\\/schema\\\/person\\\/79bb06722b37ece1c03d3e94beb30d73\"},\"headline\":\"CaiInform agordino: concluso il programma delle escursioni con la gita allo Stelvio\",\"datePublished\":\"2009-09-19T15:43:52+00:00\",\"mainEntityOfPage\":{\"@id\":\"https:\\\/\\\/www.bellunopress.it\\\/2009\\\/09\\\/19\\\/caiinform-agordino-concluso-il-programma-delle-escursioni-con-la-gita-allo-stelvio\\\/\"},\"wordCount\":398,\"publisher\":{\"@id\":\"https:\\\/\\\/www.bellunopress.it\\\/#organization\"},\"image\":{\"@id\":\"https:\\\/\\\/www.bellunopress.it\\\/2009\\\/09\\\/19\\\/caiinform-agordino-concluso-il-programma-delle-escursioni-con-la-gita-allo-stelvio\\\/#primaryimage\"},\"thumbnailUrl\":\"http:\\\/\\\/www.bellunopress.it\\\/wp-content\\\/uploads\\\/2009\\\/09\\\/stevia-3-gruppo-cima-leggera.jpg\",\"keywords\":[\"Belluno\",\"Dolomiti\"],\"articleSection\":[\"Meteo, natura, ambiente, animali\",\"Pausa Caff\u00e8\"],\"inLanguage\":\"fr-FR\"},{\"@type\":\"WebPage\",\"@id\":\"https:\\\/\\\/www.bellunopress.it\\\/2009\\\/09\\\/19\\\/caiinform-agordino-concluso-il-programma-delle-escursioni-con-la-gita-allo-stelvio\\\/\",\"url\":\"https:\\\/\\\/www.bellunopress.it\\\/2009\\\/09\\\/19\\\/caiinform-agordino-concluso-il-programma-delle-escursioni-con-la-gita-allo-stelvio\\\/\",\"name\":\"CaiInform agordino: concluso il programma delle escursioni con la gita allo Stelvio - Bellunopress - Dolomiti\",\"isPartOf\":{\"@id\":\"https:\\\/\\\/www.bellunopress.it\\\/#website\"},\"primaryImageOfPage\":{\"@id\":\"https:\\\/\\\/www.bellunopress.it\\\/2009\\\/09\\\/19\\\/caiinform-agordino-concluso-il-programma-delle-escursioni-con-la-gita-allo-stelvio\\\/#primaryimage\"},\"image\":{\"@id\":\"https:\\\/\\\/www.bellunopress.it\\\/2009\\\/09\\\/19\\\/caiinform-agordino-concluso-il-programma-delle-escursioni-con-la-gita-allo-stelvio\\\/#primaryimage\"},\"thumbnailUrl\":\"http:\\\/\\\/www.bellunopress.it\\\/wp-content\\\/uploads\\\/2009\\\/09\\\/stevia-3-gruppo-cima-leggera.jpg\",\"datePublished\":\"2009-09-19T15:43:52+00:00\",\"breadcrumb\":{\"@id\":\"https:\\\/\\\/www.bellunopress.it\\\/2009\\\/09\\\/19\\\/caiinform-agordino-concluso-il-programma-delle-escursioni-con-la-gita-allo-stelvio\\\/#breadcrumb\"},\"inLanguage\":\"fr-FR\",\"potentialAction\":[{\"@type\":\"ReadAction\",\"target\":[\"https:\\\/\\\/www.bellunopress.it\\\/2009\\\/09\\\/19\\\/caiinform-agordino-concluso-il-programma-delle-escursioni-con-la-gita-allo-stelvio\\\/\"]}]},{\"@type\":\"ImageObject\",\"inLanguage\":\"fr-FR\",\"@id\":\"https:\\\/\\\/www.bellunopress.it\\\/2009\\\/09\\\/19\\\/caiinform-agordino-concluso-il-programma-delle-escursioni-con-la-gita-allo-stelvio\\\/#primaryimage\",\"url\":\"http:\\\/\\\/www.bellunopress.it\\\/wp-content\\\/uploads\\\/2009\\\/09\\\/stevia-3-gruppo-cima-leggera.jpg\",\"contentUrl\":\"http:\\\/\\\/www.bellunopress.it\\\/wp-content\\\/uploads\\\/2009\\\/09\\\/stevia-3-gruppo-cima-leggera.jpg\"},{\"@type\":\"BreadcrumbList\",\"@id\":\"https:\\\/\\\/www.bellunopress.it\\\/2009\\\/09\\\/19\\\/caiinform-agordino-concluso-il-programma-delle-escursioni-con-la-gita-allo-stelvio\\\/#breadcrumb\",\"itemListElement\":[{\"@type\":\"ListItem\",\"position\":1,\"name\":\"Home\",\"item\":\"https:\\\/\\\/www.bellunopress.it\\\/\"},{\"@type\":\"ListItem\",\"position\":2,\"name\":\"CaiInform agordino: concluso il programma delle escursioni con la gita allo Stelvio\"}]},{\"@type\":\"WebSite\",\"@id\":\"https:\\\/\\\/www.bellunopress.it\\\/#website\",\"url\":\"https:\\\/\\\/www.bellunopress.it\\\/\",\"name\":\"Bellunopress - Dolomiti\",\"description\":\"e-mail: redazione@bellunopress.it\",\"publisher\":{\"@id\":\"https:\\\/\\\/www.bellunopress.it\\\/#organization\"},\"potentialAction\":[{\"@type\":\"SearchAction\",\"target\":{\"@type\":\"EntryPoint\",\"urlTemplate\":\"https:\\\/\\\/www.bellunopress.it\\\/?s={search_term_string}\"},\"query-input\":{\"@type\":\"PropertyValueSpecification\",\"valueRequired\":true,\"valueName\":\"search_term_string\"}}],\"inLanguage\":\"fr-FR\"},{\"@type\":\"Organization\",\"@id\":\"https:\\\/\\\/www.bellunopress.it\\\/#organization\",\"name\":\"Bellunopress\",\"url\":\"https:\\\/\\\/www.bellunopress.it\\\/\",\"logo\":{\"@type\":\"ImageObject\",\"inLanguage\":\"fr-FR\",\"@id\":\"https:\\\/\\\/www.bellunopress.it\\\/#\\\/schema\\\/logo\\\/image\\\/\",\"url\":\"https:\\\/\\\/www.bellunopress.it\\\/wp-content\\\/uploads\\\/2011\\\/05\\\/cropped-logo-bellunopress-.jpg\",\"contentUrl\":\"https:\\\/\\\/www.bellunopress.it\\\/wp-content\\\/uploads\\\/2011\\\/05\\\/cropped-logo-bellunopress-.jpg\",\"width\":512,\"height\":512,\"caption\":\"Bellunopress\"},\"image\":{\"@id\":\"https:\\\/\\\/www.bellunopress.it\\\/#\\\/schema\\\/logo\\\/image\\\/\"},\"sameAs\":[\"https:\\\/\\\/www.facebook.com\\\/profile.php?id=100008943462799\",\"https:\\\/\\\/x.com\\\/bellunopress\",\"https:\\\/\\\/www.linkedin.com\\\/hp\\\/?dnr=JBzUWaJfMUw8vbXJJ2tVW5-I3jZKvC4wsoxE&amp;amp;amp;amp;amp;amp;trk=nav_responsive_tab_home\",\"https:\\\/\\\/www.youtube.com\\\/channel\\\/UCxL0wu1uN0_3_7hGG0306cw\"]},{\"@type\":\"Person\",\"@id\":\"https:\\\/\\\/www.bellunopress.it\\\/#\\\/schema\\\/person\\\/79bb06722b37ece1c03d3e94beb30d73\",\"name\":\"redazione\",\"image\":{\"@type\":\"ImageObject\",\"inLanguage\":\"fr-FR\",\"@id\":\"https:\\\/\\\/secure.gravatar.com\\\/avatar\\\/37d968a2e67a6fd04c169c4bdef102d0bc5d31b2546345219e348575eb80e9a0?s=96&d=mm&r=g\",\"url\":\"https:\\\/\\\/secure.gravatar.com\\\/avatar\\\/37d968a2e67a6fd04c169c4bdef102d0bc5d31b2546345219e348575eb80e9a0?s=96&d=mm&r=g\",\"contentUrl\":\"https:\\\/\\\/secure.gravatar.com\\\/avatar\\\/37d968a2e67a6fd04c169c4bdef102d0bc5d31b2546345219e348575eb80e9a0?s=96&d=mm&r=g\",\"caption\":\"redazione\"},\"sameAs\":[\"http:\\\/\\\/www.bellunopress.it\",\"https:\\\/\\\/x.com\\\/bellunopress\"],\"url\":\"https:\\\/\\\/www.bellunopress.it\\\/fr\\\/author\\\/redazione\\\/\"}]}<\/script>\n<!-- \/ Yoast SEO plugin. -->","yoast_head_json":{"title":"CaiInform agordino: concluso il programma delle escursioni con la gita allo Stelvio - Bellunopress - Dolomiti","robots":{"index":"index","follow":"follow","max-snippet":"max-snippet:-1","max-image-preview":"max-image-preview:large","max-video-preview":"max-video-preview:-1"},"canonical":"https:\/\/www.bellunopress.it\/fr\/2009\/09\/19\/caiinform-agordino-concluso-il-programma-delle-escursioni-con-la-gita-allo-stelvio\/","og_locale":"fr_FR","og_type":"article","og_title":"CaiInform agordino: concluso il programma delle escursioni con la gita allo Stelvio - Bellunopress - Dolomiti","og_description":"Si \u00e8 completato &#8211; con l\u2019uscita di domenica 13 settembre al Col dla Pieres &#8211; il nostro programma escursionistico estivo riservato agli adulti. La nutrita partecipazione che ha caratterizzato le varie uscite \u2013 sull\u2019intero arco dolomitico &#8211; ci\u00a0 convince\u00a0 che, anche quest\u2019anno, siamo riusciti a proporre un calendario interessante, vario e soprattutto adatto alle possibilit\u00e0 [&hellip;]","og_url":"https:\/\/www.bellunopress.it\/fr\/2009\/09\/19\/caiinform-agordino-concluso-il-programma-delle-escursioni-con-la-gita-allo-stelvio\/","og_site_name":"Bellunopress - Dolomiti","article_publisher":"https:\/\/www.facebook.com\/profile.php?id=100008943462799","article_published_time":"2009-09-19T15:43:52+00:00","og_image":[{"url":"http:\/\/www.bellunopress.it\/wp-content\/uploads\/2009\/09\/stevia-3-gruppo-cima-leggera.jpg","type":"","width":"","height":""}],"author":"redazione","twitter_card":"summary_large_image","twitter_creator":"@bellunopress","twitter_site":"@bellunopress","twitter_misc":{"\u00c9crit par":"redazione","Dur\u00e9e de lecture estim\u00e9e":"2 minutes"},"schema":{"@context":"https:\/\/schema.org","@graph":[{"@type":"Article","@id":"https:\/\/www.bellunopress.it\/2009\/09\/19\/caiinform-agordino-concluso-il-programma-delle-escursioni-con-la-gita-allo-stelvio\/#article","isPartOf":{"@id":"https:\/\/www.bellunopress.it\/2009\/09\/19\/caiinform-agordino-concluso-il-programma-delle-escursioni-con-la-gita-allo-stelvio\/"},"author":{"name":"redazione","@id":"https:\/\/www.bellunopress.it\/#\/schema\/person\/79bb06722b37ece1c03d3e94beb30d73"},"headline":"CaiInform agordino: concluso il programma delle escursioni con la gita allo Stelvio","datePublished":"2009-09-19T15:43:52+00:00","mainEntityOfPage":{"@id":"https:\/\/www.bellunopress.it\/2009\/09\/19\/caiinform-agordino-concluso-il-programma-delle-escursioni-con-la-gita-allo-stelvio\/"},"wordCount":398,"publisher":{"@id":"https:\/\/www.bellunopress.it\/#organization"},"image":{"@id":"https:\/\/www.bellunopress.it\/2009\/09\/19\/caiinform-agordino-concluso-il-programma-delle-escursioni-con-la-gita-allo-stelvio\/#primaryimage"},"thumbnailUrl":"http:\/\/www.bellunopress.it\/wp-content\/uploads\/2009\/09\/stevia-3-gruppo-cima-leggera.jpg","keywords":["Belluno","Dolomiti"],"articleSection":["Meteo, natura, ambiente, animali","Pausa Caff\u00e8"],"inLanguage":"fr-FR"},{"@type":"WebPage","@id":"https:\/\/www.bellunopress.it\/2009\/09\/19\/caiinform-agordino-concluso-il-programma-delle-escursioni-con-la-gita-allo-stelvio\/","url":"https:\/\/www.bellunopress.it\/2009\/09\/19\/caiinform-agordino-concluso-il-programma-delle-escursioni-con-la-gita-allo-stelvio\/","name":"CaiInform agordino: concluso il programma delle escursioni con la gita allo Stelvio - Bellunopress - Dolomiti","isPartOf":{"@id":"https:\/\/www.bellunopress.it\/#website"},"primaryImageOfPage":{"@id":"https:\/\/www.bellunopress.it\/2009\/09\/19\/caiinform-agordino-concluso-il-programma-delle-escursioni-con-la-gita-allo-stelvio\/#primaryimage"},"image":{"@id":"https:\/\/www.bellunopress.it\/2009\/09\/19\/caiinform-agordino-concluso-il-programma-delle-escursioni-con-la-gita-allo-stelvio\/#primaryimage"},"thumbnailUrl":"http:\/\/www.bellunopress.it\/wp-content\/uploads\/2009\/09\/stevia-3-gruppo-cima-leggera.jpg","datePublished":"2009-09-19T15:43:52+00:00","breadcrumb":{"@id":"https:\/\/www.bellunopress.it\/2009\/09\/19\/caiinform-agordino-concluso-il-programma-delle-escursioni-con-la-gita-allo-stelvio\/#breadcrumb"},"inLanguage":"fr-FR","potentialAction":[{"@type":"ReadAction","target":["https:\/\/www.bellunopress.it\/2009\/09\/19\/caiinform-agordino-concluso-il-programma-delle-escursioni-con-la-gita-allo-stelvio\/"]}]},{"@type":"ImageObject","inLanguage":"fr-FR","@id":"https:\/\/www.bellunopress.it\/2009\/09\/19\/caiinform-agordino-concluso-il-programma-delle-escursioni-con-la-gita-allo-stelvio\/#primaryimage","url":"http:\/\/www.bellunopress.it\/wp-content\/uploads\/2009\/09\/stevia-3-gruppo-cima-leggera.jpg","contentUrl":"http:\/\/www.bellunopress.it\/wp-content\/uploads\/2009\/09\/stevia-3-gruppo-cima-leggera.jpg"},{"@type":"BreadcrumbList","@id":"https:\/\/www.bellunopress.it\/2009\/09\/19\/caiinform-agordino-concluso-il-programma-delle-escursioni-con-la-gita-allo-stelvio\/#breadcrumb","itemListElement":[{"@type":"ListItem","position":1,"name":"Home","item":"https:\/\/www.bellunopress.it\/"},{"@type":"ListItem","position":2,"name":"CaiInform agordino: concluso il programma delle escursioni con la gita allo Stelvio"}]},{"@type":"WebSite","@id":"https:\/\/www.bellunopress.it\/#website","url":"https:\/\/www.bellunopress.it\/","name":"Bellunopress - Dolomiti","description":"e-mail: redazione@bellunopress.it","publisher":{"@id":"https:\/\/www.bellunopress.it\/#organization"},"potentialAction":[{"@type":"SearchAction","target":{"@type":"EntryPoint","urlTemplate":"https:\/\/www.bellunopress.it\/?s={search_term_string}"},"query-input":{"@type":"PropertyValueSpecification","valueRequired":true,"valueName":"search_term_string"}}],"inLanguage":"fr-FR"},{"@type":"Organization","@id":"https:\/\/www.bellunopress.it\/#organization","name":"Bellunopress","url":"https:\/\/www.bellunopress.it\/","logo":{"@type":"ImageObject","inLanguage":"fr-FR","@id":"https:\/\/www.bellunopress.it\/#\/schema\/logo\/image\/","url":"https:\/\/www.bellunopress.it\/wp-content\/uploads\/2011\/05\/cropped-logo-bellunopress-.jpg","contentUrl":"https:\/\/www.bellunopress.it\/wp-content\/uploads\/2011\/05\/cropped-logo-bellunopress-.jpg","width":512,"height":512,"caption":"Bellunopress"},"image":{"@id":"https:\/\/www.bellunopress.it\/#\/schema\/logo\/image\/"},"sameAs":["https:\/\/www.facebook.com\/profile.php?id=100008943462799","https:\/\/x.com\/bellunopress","https:\/\/www.linkedin.com\/hp\/?dnr=JBzUWaJfMUw8vbXJJ2tVW5-I3jZKvC4wsoxE&amp;amp;amp;amp;amp;amp;trk=nav_responsive_tab_home","https:\/\/www.youtube.com\/channel\/UCxL0wu1uN0_3_7hGG0306cw"]},{"@type":"Person","@id":"https:\/\/www.bellunopress.it\/#\/schema\/person\/79bb06722b37ece1c03d3e94beb30d73","name":"r\u00e9daction","image":{"@type":"ImageObject","inLanguage":"fr-FR","@id":"https:\/\/secure.gravatar.com\/avatar\/37d968a2e67a6fd04c169c4bdef102d0bc5d31b2546345219e348575eb80e9a0?s=96&d=mm&r=g","url":"https:\/\/secure.gravatar.com\/avatar\/37d968a2e67a6fd04c169c4bdef102d0bc5d31b2546345219e348575eb80e9a0?s=96&d=mm&r=g","contentUrl":"https:\/\/secure.gravatar.com\/avatar\/37d968a2e67a6fd04c169c4bdef102d0bc5d31b2546345219e348575eb80e9a0?s=96&d=mm&r=g","caption":"redazione"},"sameAs":["http:\/\/www.bellunopress.it","https:\/\/x.com\/bellunopress"],"url":"https:\/\/www.bellunopress.it\/fr\/author\/redazione\/"}]}},"_links":{"self":[{"href":"https:\/\/www.bellunopress.it\/fr\/wp-json\/wp\/v2\/posts\/8242","targetHints":{"allow":["GET"]}}],"collection":[{"href":"https:\/\/www.bellunopress.it\/fr\/wp-json\/wp\/v2\/posts"}],"about":[{"href":"https:\/\/www.bellunopress.it\/fr\/wp-json\/wp\/v2\/types\/post"}],"author":[{"embeddable":true,"href":"https:\/\/www.bellunopress.it\/fr\/wp-json\/wp\/v2\/users\/2"}],"replies":[{"embeddable":true,"href":"https:\/\/www.bellunopress.it\/fr\/wp-json\/wp\/v2\/comments?post=8242"}],"version-history":[{"count":1,"href":"https:\/\/www.bellunopress.it\/fr\/wp-json\/wp\/v2\/posts\/8242\/revisions"}],"predecessor-version":[{"id":8245,"href":"https:\/\/www.bellunopress.it\/fr\/wp-json\/wp\/v2\/posts\/8242\/revisions\/8245"}],"wp:attachment":[{"href":"https:\/\/www.bellunopress.it\/fr\/wp-json\/wp\/v2\/media?parent=8242"}],"wp:term":[{"taxonomy":"category","embeddable":true,"href":"https:\/\/www.bellunopress.it\/fr\/wp-json\/wp\/v2\/categories?post=8242"},{"taxonomy":"post_tag","embeddable":true,"href":"https:\/\/www.bellunopress.it\/fr\/wp-json\/wp\/v2\/tags?post=8242"}],"curies":[{"name":"wp","href":"https:\/\/api.w.org\/{rel}","templated":true}]}}