{"id":8239,"date":"2009-09-19T14:07:18","date_gmt":"2009-09-19T13:07:18","guid":{"rendered":"http:\/\/www.bellunopress.it\/?p=8239"},"modified":"2009-09-19T14:08:14","modified_gmt":"2009-09-19T13:08:14","slug":"volley-alle-ore-20-al-palasport-dal-mas-alpifind-pallavolo-belluno-contro-piave-volley","status":"publish","type":"post","link":"https:\/\/www.bellunopress.it\/fr\/2009\/09\/19\/volley-alle-ore-20-al-palasport-dal-mas-alpifind-pallavolo-belluno-contro-piave-volley\/","title":{"rendered":"Volley: alle ore 20 al Palasport Dal Mas Alpifind Pallavolo Belluno contro Piave Volley"},"content":{"rendered":"<p>Questa sera (sabato 19) al De Mas ore 20.00 esordio casalingo in Coppa Veneto della Alpifind Pallavolo Belluno, opposta a La Piave Volley. Sulla carta l&#8217;incontro non dovrebbe impensierire il sestetto di De Salvador cos\u00ec come accaduto contro la compagine del Vittorio Veneto la settimana scorsa. Intanto in casa gialloblu fervono i preparativi per la sfida Trento &#8211; Treviso di martedi 22, amichevole di lusso. E di amichevole l&#8217;incontro avr\u00e0 solamente la mancanza della posta in palio. Infatti si preannunciano formazioni al completo e le societ\u00e0 fanno sapere, a pochi giorni dall&#8217;inizio del campionato, di prendere decisamente sul serio la competizione. Per gli appassionati un evento da non mancare. Ancora attive le prevendite e la speranza della Societ\u00e0 bellunese \u00e8 che si possa vedere il pubblico delle grandi occasioni con una massiccia presenza della fascia pi\u00f9 giovane che ha sicuramente meno possibilit\u00e0 di godere di uno spettacolo di cos\u00ec alto livello.<\/p>","protected":false},"excerpt":{"rendered":"<p>Questa sera (sabato 19) al De Mas ore 20.00 esordio casalingo in Coppa Veneto della Alpifind Pallavolo Belluno, opposta a La Piave Volley. Sulla carta l&#8217;incontro non dovrebbe impensierire il sestetto di De Salvador cos\u00ec come accaduto contro la compagine del Vittorio Veneto la settimana scorsa. Intanto in casa gialloblu fervono i preparativi per la [&hellip;]<\/p>\n","protected":false},"author":2,"featured_media":0,"comment_status":"closed","ping_status":"open","sticky":false,"template":"","format":"standard","meta":{"footnotes":""},"categories":[25,4],"tags":[139],"class_list":["post-8239","post","type-post","status-publish","format-standard","category-pausa-caffe","category-sport","tag-belluno"],"yoast_head":"<!-- This site is optimized with the Yoast SEO plugin v28.4 - https:\/\/yoast.com\/product\/yoast-seo-wordpress\/ -->\n<title>Volley: alle ore 20 al Palasport Dal Mas Alpifind Pallavolo Belluno contro Piave Volley  - Bellunopress - Dolomiti<\/title>\n<meta name=\"robots\" content=\"index, follow, max-snippet:-1, max-image-preview:large, max-video-preview:-1\" \/>\n<link rel=\"canonical\" href=\"https:\/\/www.bellunopress.it\/fr\/2009\/09\/19\/volley-alle-ore-20-al-palasport-dal-mas-alpifind-pallavolo-belluno-contro-piave-volley\/\" \/>\n<meta property=\"og:locale\" content=\"fr_FR\" \/>\n<meta property=\"og:type\" content=\"article\" \/>\n<meta property=\"og:title\" content=\"Volley: alle ore 20 al Palasport Dal Mas Alpifind Pallavolo Belluno contro Piave Volley  - Bellunopress - Dolomiti\" \/>\n<meta property=\"og:description\" content=\"Questa sera (sabato 19) al De Mas ore 20.00 esordio casalingo in Coppa Veneto della Alpifind Pallavolo Belluno, opposta a La Piave Volley. Sulla carta l&#8217;incontro non dovrebbe impensierire il sestetto di De Salvador cos\u00ec come accaduto contro la compagine del Vittorio Veneto la settimana scorsa. Intanto in casa gialloblu fervono i preparativi per la [&hellip;]\" \/>\n<meta property=\"og:url\" content=\"https:\/\/www.bellunopress.it\/fr\/2009\/09\/19\/volley-alle-ore-20-al-palasport-dal-mas-alpifind-pallavolo-belluno-contro-piave-volley\/\" \/>\n<meta property=\"og:site_name\" content=\"Bellunopress - Dolomiti\" \/>\n<meta property=\"article:publisher\" content=\"https:\/\/www.facebook.com\/profile.php?id=100008943462799\" \/>\n<meta property=\"article:published_time\" content=\"2009-09-19T13:07:18+00:00\" \/>\n<meta property=\"article:modified_time\" content=\"2009-09-19T13:08:14+00:00\" \/>\n<meta property=\"og:image\" content=\"http:\/\/www.bellunopress.it\/wp-content\/uploads\/2012\/07\/logo-bellunopress-250x250-2012.jpg\" \/>\n<meta name=\"author\" content=\"redazione\" \/>\n<meta name=\"twitter:card\" content=\"summary_large_image\" \/>\n<meta name=\"twitter:creator\" content=\"@bellunopress\" \/>\n<meta name=\"twitter:site\" content=\"@bellunopress\" \/>\n<meta name=\"twitter:label1\" content=\"\u00c9crit par\" \/>\n\t<meta name=\"twitter:data1\" content=\"redazione\" \/>\n\t<meta name=\"twitter:label2\" content=\"Dur\u00e9e de lecture estim\u00e9e\" \/>\n\t<meta name=\"twitter:data2\" content=\"1 minute\" \/>\n<script type=\"application\/ld+json\" class=\"yoast-schema-graph\">{\"@context\":\"https:\\\/\\\/schema.org\",\"@graph\":[{\"@type\":\"Article\",\"@id\":\"https:\\\/\\\/www.bellunopress.it\\\/2009\\\/09\\\/19\\\/volley-alle-ore-20-al-palasport-dal-mas-alpifind-pallavolo-belluno-contro-piave-volley\\\/#article\",\"isPartOf\":{\"@id\":\"https:\\\/\\\/www.bellunopress.it\\\/2009\\\/09\\\/19\\\/volley-alle-ore-20-al-palasport-dal-mas-alpifind-pallavolo-belluno-contro-piave-volley\\\/\"},\"author\":{\"name\":\"redazione\",\"@id\":\"https:\\\/\\\/www.bellunopress.it\\\/#\\\/schema\\\/person\\\/79bb06722b37ece1c03d3e94beb30d73\"},\"headline\":\"Volley: alle ore 20 al Palasport Dal Mas Alpifind Pallavolo Belluno contro Piave Volley\",\"datePublished\":\"2009-09-19T13:07:18+00:00\",\"dateModified\":\"2009-09-19T13:08:14+00:00\",\"mainEntityOfPage\":{\"@id\":\"https:\\\/\\\/www.bellunopress.it\\\/2009\\\/09\\\/19\\\/volley-alle-ore-20-al-palasport-dal-mas-alpifind-pallavolo-belluno-contro-piave-volley\\\/\"},\"wordCount\":163,\"publisher\":{\"@id\":\"https:\\\/\\\/www.bellunopress.it\\\/#organization\"},\"keywords\":[\"Belluno\"],\"articleSection\":[\"Pausa Caff\u00e8\",\"Sport, tempo libero\"],\"inLanguage\":\"fr-FR\"},{\"@type\":\"WebPage\",\"@id\":\"https:\\\/\\\/www.bellunopress.it\\\/2009\\\/09\\\/19\\\/volley-alle-ore-20-al-palasport-dal-mas-alpifind-pallavolo-belluno-contro-piave-volley\\\/\",\"url\":\"https:\\\/\\\/www.bellunopress.it\\\/2009\\\/09\\\/19\\\/volley-alle-ore-20-al-palasport-dal-mas-alpifind-pallavolo-belluno-contro-piave-volley\\\/\",\"name\":\"Volley: alle ore 20 al Palasport Dal Mas Alpifind Pallavolo Belluno contro Piave Volley - Bellunopress - Dolomiti\",\"isPartOf\":{\"@id\":\"https:\\\/\\\/www.bellunopress.it\\\/#website\"},\"datePublished\":\"2009-09-19T13:07:18+00:00\",\"dateModified\":\"2009-09-19T13:08:14+00:00\",\"breadcrumb\":{\"@id\":\"https:\\\/\\\/www.bellunopress.it\\\/2009\\\/09\\\/19\\\/volley-alle-ore-20-al-palasport-dal-mas-alpifind-pallavolo-belluno-contro-piave-volley\\\/#breadcrumb\"},\"inLanguage\":\"fr-FR\",\"potentialAction\":[{\"@type\":\"ReadAction\",\"target\":[\"https:\\\/\\\/www.bellunopress.it\\\/2009\\\/09\\\/19\\\/volley-alle-ore-20-al-palasport-dal-mas-alpifind-pallavolo-belluno-contro-piave-volley\\\/\"]}]},{\"@type\":\"BreadcrumbList\",\"@id\":\"https:\\\/\\\/www.bellunopress.it\\\/2009\\\/09\\\/19\\\/volley-alle-ore-20-al-palasport-dal-mas-alpifind-pallavolo-belluno-contro-piave-volley\\\/#breadcrumb\",\"itemListElement\":[{\"@type\":\"ListItem\",\"position\":1,\"name\":\"Home\",\"item\":\"https:\\\/\\\/www.bellunopress.it\\\/\"},{\"@type\":\"ListItem\",\"position\":2,\"name\":\"Volley: alle ore 20 al Palasport Dal Mas Alpifind Pallavolo Belluno contro Piave Volley\"}]},{\"@type\":\"WebSite\",\"@id\":\"https:\\\/\\\/www.bellunopress.it\\\/#website\",\"url\":\"https:\\\/\\\/www.bellunopress.it\\\/\",\"name\":\"Bellunopress - Dolomiti\",\"description\":\"e-mail: redazione@bellunopress.it\",\"publisher\":{\"@id\":\"https:\\\/\\\/www.bellunopress.it\\\/#organization\"},\"potentialAction\":[{\"@type\":\"SearchAction\",\"target\":{\"@type\":\"EntryPoint\",\"urlTemplate\":\"https:\\\/\\\/www.bellunopress.it\\\/?s={search_term_string}\"},\"query-input\":{\"@type\":\"PropertyValueSpecification\",\"valueRequired\":true,\"valueName\":\"search_term_string\"}}],\"inLanguage\":\"fr-FR\"},{\"@type\":\"Organization\",\"@id\":\"https:\\\/\\\/www.bellunopress.it\\\/#organization\",\"name\":\"Bellunopress\",\"url\":\"https:\\\/\\\/www.bellunopress.it\\\/\",\"logo\":{\"@type\":\"ImageObject\",\"inLanguage\":\"fr-FR\",\"@id\":\"https:\\\/\\\/www.bellunopress.it\\\/#\\\/schema\\\/logo\\\/image\\\/\",\"url\":\"https:\\\/\\\/www.bellunopress.it\\\/wp-content\\\/uploads\\\/2011\\\/05\\\/cropped-logo-bellunopress-.jpg\",\"contentUrl\":\"https:\\\/\\\/www.bellunopress.it\\\/wp-content\\\/uploads\\\/2011\\\/05\\\/cropped-logo-bellunopress-.jpg\",\"width\":512,\"height\":512,\"caption\":\"Bellunopress\"},\"image\":{\"@id\":\"https:\\\/\\\/www.bellunopress.it\\\/#\\\/schema\\\/logo\\\/image\\\/\"},\"sameAs\":[\"https:\\\/\\\/www.facebook.com\\\/profile.php?id=100008943462799\",\"https:\\\/\\\/x.com\\\/bellunopress\",\"https:\\\/\\\/www.linkedin.com\\\/hp\\\/?dnr=JBzUWaJfMUw8vbXJJ2tVW5-I3jZKvC4wsoxE&amp;amp;amp;amp;amp;amp;trk=nav_responsive_tab_home\",\"https:\\\/\\\/www.youtube.com\\\/channel\\\/UCxL0wu1uN0_3_7hGG0306cw\"]},{\"@type\":\"Person\",\"@id\":\"https:\\\/\\\/www.bellunopress.it\\\/#\\\/schema\\\/person\\\/79bb06722b37ece1c03d3e94beb30d73\",\"name\":\"redazione\",\"image\":{\"@type\":\"ImageObject\",\"inLanguage\":\"fr-FR\",\"@id\":\"https:\\\/\\\/secure.gravatar.com\\\/avatar\\\/37d968a2e67a6fd04c169c4bdef102d0bc5d31b2546345219e348575eb80e9a0?s=96&d=mm&r=g\",\"url\":\"https:\\\/\\\/secure.gravatar.com\\\/avatar\\\/37d968a2e67a6fd04c169c4bdef102d0bc5d31b2546345219e348575eb80e9a0?s=96&d=mm&r=g\",\"contentUrl\":\"https:\\\/\\\/secure.gravatar.com\\\/avatar\\\/37d968a2e67a6fd04c169c4bdef102d0bc5d31b2546345219e348575eb80e9a0?s=96&d=mm&r=g\",\"caption\":\"redazione\"},\"sameAs\":[\"http:\\\/\\\/www.bellunopress.it\",\"https:\\\/\\\/x.com\\\/bellunopress\"],\"url\":\"https:\\\/\\\/www.bellunopress.it\\\/fr\\\/author\\\/redazione\\\/\"}]}<\/script>\n<!-- \/ Yoast SEO plugin. -->","yoast_head_json":{"title":"Volley: alle ore 20 al Palasport Dal Mas Alpifind Pallavolo Belluno contro Piave Volley  - Bellunopress - Dolomiti","robots":{"index":"index","follow":"follow","max-snippet":"max-snippet:-1","max-image-preview":"max-image-preview:large","max-video-preview":"max-video-preview:-1"},"canonical":"https:\/\/www.bellunopress.it\/fr\/2009\/09\/19\/volley-alle-ore-20-al-palasport-dal-mas-alpifind-pallavolo-belluno-contro-piave-volley\/","og_locale":"fr_FR","og_type":"article","og_title":"Volley: alle ore 20 al Palasport Dal Mas Alpifind Pallavolo Belluno contro Piave Volley  - Bellunopress - Dolomiti","og_description":"Questa sera (sabato 19) al De Mas ore 20.00 esordio casalingo in Coppa Veneto della Alpifind Pallavolo Belluno, opposta a La Piave Volley. Sulla carta l&#8217;incontro non dovrebbe impensierire il sestetto di De Salvador cos\u00ec come accaduto contro la compagine del Vittorio Veneto la settimana scorsa. Intanto in casa gialloblu fervono i preparativi per la [&hellip;]","og_url":"https:\/\/www.bellunopress.it\/fr\/2009\/09\/19\/volley-alle-ore-20-al-palasport-dal-mas-alpifind-pallavolo-belluno-contro-piave-volley\/","og_site_name":"Bellunopress - Dolomiti","article_publisher":"https:\/\/www.facebook.com\/profile.php?id=100008943462799","article_published_time":"2009-09-19T13:07:18+00:00","article_modified_time":"2009-09-19T13:08:14+00:00","og_image":[{"url":"http:\/\/www.bellunopress.it\/wp-content\/uploads\/2012\/07\/logo-bellunopress-250x250-2012.jpg","type":"","width":"","height":""}],"author":"redazione","twitter_card":"summary_large_image","twitter_creator":"@bellunopress","twitter_site":"@bellunopress","twitter_misc":{"\u00c9crit par":"redazione","Dur\u00e9e de lecture estim\u00e9e":"1 minute"},"schema":{"@context":"https:\/\/schema.org","@graph":[{"@type":"Article","@id":"https:\/\/www.bellunopress.it\/2009\/09\/19\/volley-alle-ore-20-al-palasport-dal-mas-alpifind-pallavolo-belluno-contro-piave-volley\/#article","isPartOf":{"@id":"https:\/\/www.bellunopress.it\/2009\/09\/19\/volley-alle-ore-20-al-palasport-dal-mas-alpifind-pallavolo-belluno-contro-piave-volley\/"},"author":{"name":"redazione","@id":"https:\/\/www.bellunopress.it\/#\/schema\/person\/79bb06722b37ece1c03d3e94beb30d73"},"headline":"Volley: alle ore 20 al Palasport Dal Mas Alpifind Pallavolo Belluno contro Piave Volley","datePublished":"2009-09-19T13:07:18+00:00","dateModified":"2009-09-19T13:08:14+00:00","mainEntityOfPage":{"@id":"https:\/\/www.bellunopress.it\/2009\/09\/19\/volley-alle-ore-20-al-palasport-dal-mas-alpifind-pallavolo-belluno-contro-piave-volley\/"},"wordCount":163,"publisher":{"@id":"https:\/\/www.bellunopress.it\/#organization"},"keywords":["Belluno"],"articleSection":["Pausa Caff\u00e8","Sport, tempo libero"],"inLanguage":"fr-FR"},{"@type":"WebPage","@id":"https:\/\/www.bellunopress.it\/2009\/09\/19\/volley-alle-ore-20-al-palasport-dal-mas-alpifind-pallavolo-belluno-contro-piave-volley\/","url":"https:\/\/www.bellunopress.it\/2009\/09\/19\/volley-alle-ore-20-al-palasport-dal-mas-alpifind-pallavolo-belluno-contro-piave-volley\/","name":"Volley: alle ore 20 al Palasport Dal Mas Alpifind Pallavolo Belluno contro Piave Volley - Bellunopress - Dolomiti","isPartOf":{"@id":"https:\/\/www.bellunopress.it\/#website"},"datePublished":"2009-09-19T13:07:18+00:00","dateModified":"2009-09-19T13:08:14+00:00","breadcrumb":{"@id":"https:\/\/www.bellunopress.it\/2009\/09\/19\/volley-alle-ore-20-al-palasport-dal-mas-alpifind-pallavolo-belluno-contro-piave-volley\/#breadcrumb"},"inLanguage":"fr-FR","potentialAction":[{"@type":"ReadAction","target":["https:\/\/www.bellunopress.it\/2009\/09\/19\/volley-alle-ore-20-al-palasport-dal-mas-alpifind-pallavolo-belluno-contro-piave-volley\/"]}]},{"@type":"BreadcrumbList","@id":"https:\/\/www.bellunopress.it\/2009\/09\/19\/volley-alle-ore-20-al-palasport-dal-mas-alpifind-pallavolo-belluno-contro-piave-volley\/#breadcrumb","itemListElement":[{"@type":"ListItem","position":1,"name":"Home","item":"https:\/\/www.bellunopress.it\/"},{"@type":"ListItem","position":2,"name":"Volley: alle ore 20 al Palasport Dal Mas Alpifind Pallavolo Belluno contro Piave Volley"}]},{"@type":"WebSite","@id":"https:\/\/www.bellunopress.it\/#website","url":"https:\/\/www.bellunopress.it\/","name":"Bellunopress - Dolomiti","description":"e-mail: redazione@bellunopress.it","publisher":{"@id":"https:\/\/www.bellunopress.it\/#organization"},"potentialAction":[{"@type":"SearchAction","target":{"@type":"EntryPoint","urlTemplate":"https:\/\/www.bellunopress.it\/?s={search_term_string}"},"query-input":{"@type":"PropertyValueSpecification","valueRequired":true,"valueName":"search_term_string"}}],"inLanguage":"fr-FR"},{"@type":"Organization","@id":"https:\/\/www.bellunopress.it\/#organization","name":"Bellunopress","url":"https:\/\/www.bellunopress.it\/","logo":{"@type":"ImageObject","inLanguage":"fr-FR","@id":"https:\/\/www.bellunopress.it\/#\/schema\/logo\/image\/","url":"https:\/\/www.bellunopress.it\/wp-content\/uploads\/2011\/05\/cropped-logo-bellunopress-.jpg","contentUrl":"https:\/\/www.bellunopress.it\/wp-content\/uploads\/2011\/05\/cropped-logo-bellunopress-.jpg","width":512,"height":512,"caption":"Bellunopress"},"image":{"@id":"https:\/\/www.bellunopress.it\/#\/schema\/logo\/image\/"},"sameAs":["https:\/\/www.facebook.com\/profile.php?id=100008943462799","https:\/\/x.com\/bellunopress","https:\/\/www.linkedin.com\/hp\/?dnr=JBzUWaJfMUw8vbXJJ2tVW5-I3jZKvC4wsoxE&amp;amp;amp;amp;amp;amp;trk=nav_responsive_tab_home","https:\/\/www.youtube.com\/channel\/UCxL0wu1uN0_3_7hGG0306cw"]},{"@type":"Person","@id":"https:\/\/www.bellunopress.it\/#\/schema\/person\/79bb06722b37ece1c03d3e94beb30d73","name":"r\u00e9daction","image":{"@type":"ImageObject","inLanguage":"fr-FR","@id":"https:\/\/secure.gravatar.com\/avatar\/37d968a2e67a6fd04c169c4bdef102d0bc5d31b2546345219e348575eb80e9a0?s=96&d=mm&r=g","url":"https:\/\/secure.gravatar.com\/avatar\/37d968a2e67a6fd04c169c4bdef102d0bc5d31b2546345219e348575eb80e9a0?s=96&d=mm&r=g","contentUrl":"https:\/\/secure.gravatar.com\/avatar\/37d968a2e67a6fd04c169c4bdef102d0bc5d31b2546345219e348575eb80e9a0?s=96&d=mm&r=g","caption":"redazione"},"sameAs":["http:\/\/www.bellunopress.it","https:\/\/x.com\/bellunopress"],"url":"https:\/\/www.bellunopress.it\/fr\/author\/redazione\/"}]}},"_links":{"self":[{"href":"https:\/\/www.bellunopress.it\/fr\/wp-json\/wp\/v2\/posts\/8239","targetHints":{"allow":["GET"]}}],"collection":[{"href":"https:\/\/www.bellunopress.it\/fr\/wp-json\/wp\/v2\/posts"}],"about":[{"href":"https:\/\/www.bellunopress.it\/fr\/wp-json\/wp\/v2\/types\/post"}],"author":[{"embeddable":true,"href":"https:\/\/www.bellunopress.it\/fr\/wp-json\/wp\/v2\/users\/2"}],"replies":[{"embeddable":true,"href":"https:\/\/www.bellunopress.it\/fr\/wp-json\/wp\/v2\/comments?post=8239"}],"version-history":[{"count":2,"href":"https:\/\/www.bellunopress.it\/fr\/wp-json\/wp\/v2\/posts\/8239\/revisions"}],"predecessor-version":[{"id":8241,"href":"https:\/\/www.bellunopress.it\/fr\/wp-json\/wp\/v2\/posts\/8239\/revisions\/8241"}],"wp:attachment":[{"href":"https:\/\/www.bellunopress.it\/fr\/wp-json\/wp\/v2\/media?parent=8239"}],"wp:term":[{"taxonomy":"category","embeddable":true,"href":"https:\/\/www.bellunopress.it\/fr\/wp-json\/wp\/v2\/categories?post=8239"},{"taxonomy":"post_tag","embeddable":true,"href":"https:\/\/www.bellunopress.it\/fr\/wp-json\/wp\/v2\/tags?post=8239"}],"curies":[{"name":"wp","href":"https:\/\/api.w.org\/{rel}","templated":true}]}}