{"id":8227,"date":"2009-09-19T21:54:56","date_gmt":"2009-09-19T20:54:56","guid":{"rendered":"http:\/\/www.bellunopress.it\/?p=8227"},"modified":"2009-09-21T11:03:46","modified_gmt":"2009-09-21T10:03:46","slug":"feltrino-e-primiero-insieme-sul-passo-finestra-2%c2%b0-incontro-sull%e2%80%99antico-valico-tra-il-tirolo-e-la-repubblica-di-venezia","status":"publish","type":"post","link":"https:\/\/www.bellunopress.it\/fr\/2009\/09\/19\/feltrino-e-primiero-insieme-sul-passo-finestra-2%c2%b0-incontro-sull%e2%80%99antico-valico-tra-il-tirolo-e-la-repubblica-di-venezia\/","title":{"rendered":"Feltrino e Primiero insieme sul passo Finestra. 2\u00b0 incontro sull\u2019antico valico tra il Tirolo e la Repubblica di Venezia"},"content":{"rendered":"<p><a href=\"http:\/\/www.bellunopress.it\/wp-content\/uploads\/2009\/09\/passo-finestra_1-leggera.jpg\"><img loading=\"lazy\" decoding=\"async\" class=\"alignleft size-medium wp-image-8228\" title=\"passo-finestra_1-leggera\" src=\"http:\/\/www.bellunopress.it\/wp-content\/uploads\/2009\/09\/passo-finestra_1-leggera.jpg\" alt=\"\" width=\"270\" height=\"203\" \/><\/a>Domenica 27 settembre 2009 avr\u00e0 luogo sul passo Finestra il secondo incontro fra gli abitanti del Feltrino (in provincia di Belluno) e di Primiero (in provincia di Trento). Il valico, posto a 1766 metri di quota, si trova sullo spartiacque che divide la val Canzoi dalla val Noana, sull\u2019antico confine fra la Repubblica di Venezia e il Tirolo. Attraverso di esso per diversi secoli sono transitati pastori, viandanti, boscaioli e contrabbandieri. Oggi \u00e8 per lo pi\u00f9 un punto di passaggio di escursionisti. Nel passato il transito, da un versante all\u2019altro delle rispettive vallate, avveniva attraverso due strette pareti di roccia, simili a una finestra. Nei documenti della Serenissima il luogo veniva definito luoco stretto e angusto e dai malgari di val Canzoi Bus de Finestra. Era un punto di incontro di cittadini e montanari, separati da un confine geopolitico ma uniti da comuni interessi. Da queste ragioni storiche nasce l\u2019iniziativa del CAI di Feltre e di Primiero di riunire simbolicamente sul passo Finestra le rispettive popolazioni e i loro rappresentanti istituzionali. L\u2019obiettivo comune \u00e8 riannodare i fili di un lontano passato e cercare nuove forme di collaborazione, di dialogo o semplicemente di amicizia. Il primo incontro si \u00e8 svolto nel 2007. Allora gli abitanti del Feltrino e di Primiero giunsero sul Passo dalle rispettive vallate. Quest\u2019anno invece l\u2019appuntamento \u00e8 per tutti dal Primiero. Il programma prevede alle 7.30 il ritrovo in val Noana al parcheggio di \u201cel B\u00e8lo\u201d (1180 m), poco oltre il rifugio F\u00f2nteghi, dove inizia la rotabile per il rifugio Bruno Boz. Qui i partecipanti accompagnati da Teddy Soppelsa, Luca Brunet e da alcune guardie forestali di Primiero, percorreranno l\u2019antico sentiero sul versante settentrionale del Sasso Scarnia e del monte Zoccar\u00e8 Alto. L\u2019arrivo sul passo Finestra \u00e8 previsto per le 10.00 dove ci sar\u00e0 lo scambio di saluti tra i rappresentanti dei due Comuni confinanti, Cesiomaggiore (BL) e Mezzano (TN) e delle autorit\u00e0 presenti. Successivamente il gruppo raggiunger\u00e0 il rifugio Bruno Boz dove, alle 11.00, avverr\u00e0 la presentazione dei lavori eseguiti dal CAI di Feltre nello stallone della ex malga Nevetta per l\u2019ampliamento recettivo del rifugio. Dopo il pranzo conviviale, alle 15.00, il ritorno a valle lungo la rotabile di accesso al rifugio Bruno Boz (segnavia 727). L\u2019iniziativa gode del patrocinio della Comunit\u00e0 Montana Feltrina, del Comprensorio di Primiero, dei comuni di Cesiomaggiore e Mezzano e del Parco Nazionale Dolomiti Bellunesi. Informazioni sono disponibili dal CAI di Feltre (tel. 0439.81140), oppure dal CAI SAT Primiero (tel. segreteria Laura De Don\u00e0 347 2373457).<\/p>","protected":false},"excerpt":{"rendered":"<p>Domenica 27 settembre 2009 avr\u00e0 luogo sul passo Finestra il secondo incontro fra gli abitanti del Feltrino (in provincia di Belluno) e di Primiero (in provincia di Trento). Il valico, posto a 1766 metri di quota, si trova sullo spartiacque che divide la val Canzoi dalla val Noana, sull\u2019antico confine fra la Repubblica di Venezia [&hellip;]<\/p>\n","protected":false},"author":2,"featured_media":0,"comment_status":"closed","ping_status":"open","sticky":false,"template":"","format":"standard","meta":{"footnotes":""},"categories":[3,38,26],"tags":[139,63,302,2261],"class_list":["post-8227","post","type-post","status-publish","format-standard","category-arte-cultura-spettacoli-scienza-archivi","category-natura-ambiente","category-prima-pagina","tag-belluno","tag-dolomiti","tag-feltre","tag-feltrino"],"yoast_head":"<!-- This site is optimized with the Yoast SEO plugin v28.4 - https:\/\/yoast.com\/product\/yoast-seo-wordpress\/ -->\n<title>Feltrino e Primiero insieme sul passo Finestra. 2\u00b0 incontro sull\u2019antico valico tra il Tirolo e la Repubblica di Venezia - Bellunopress - Dolomiti<\/title>\n<meta name=\"robots\" content=\"index, follow, max-snippet:-1, max-image-preview:large, max-video-preview:-1\" \/>\n<link rel=\"canonical\" href=\"https:\/\/www.bellunopress.it\/fr\/2009\/09\/19\/feltrino-e-primiero-insieme-sul-passo-finestra-2\u00b0-incontro-sull\u2019antico-valico-tra-il-tirolo-e-la-repubblica-di-venezia\/\" \/>\n<meta property=\"og:locale\" content=\"fr_FR\" \/>\n<meta property=\"og:type\" content=\"article\" \/>\n<meta property=\"og:title\" content=\"Feltrino e Primiero insieme sul passo Finestra. 2\u00b0 incontro sull\u2019antico valico tra il Tirolo e la Repubblica di Venezia - Bellunopress - Dolomiti\" \/>\n<meta property=\"og:description\" content=\"Domenica 27 settembre 2009 avr\u00e0 luogo sul passo Finestra il secondo incontro fra gli abitanti del Feltrino (in provincia di Belluno) e di Primiero (in provincia di Trento). Il valico, posto a 1766 metri di quota, si trova sullo spartiacque che divide la val Canzoi dalla val Noana, sull\u2019antico confine fra la Repubblica di Venezia [&hellip;]\" \/>\n<meta property=\"og:url\" content=\"https:\/\/www.bellunopress.it\/fr\/2009\/09\/19\/feltrino-e-primiero-insieme-sul-passo-finestra-2\u00b0-incontro-sull\u2019antico-valico-tra-il-tirolo-e-la-repubblica-di-venezia\/\" \/>\n<meta property=\"og:site_name\" content=\"Bellunopress - Dolomiti\" \/>\n<meta property=\"article:publisher\" content=\"https:\/\/www.facebook.com\/profile.php?id=100008943462799\" \/>\n<meta property=\"article:published_time\" content=\"2009-09-19T20:54:56+00:00\" \/>\n<meta property=\"article:modified_time\" content=\"2009-09-21T10:03:46+00:00\" \/>\n<meta property=\"og:image\" content=\"http:\/\/www.bellunopress.it\/wp-content\/uploads\/2009\/09\/passo-finestra_1-leggera.jpg\" \/>\n<meta name=\"author\" content=\"redazione\" \/>\n<meta name=\"twitter:card\" content=\"summary_large_image\" \/>\n<meta name=\"twitter:creator\" content=\"@bellunopress\" \/>\n<meta name=\"twitter:site\" content=\"@bellunopress\" \/>\n<meta name=\"twitter:label1\" content=\"\u00c9crit par\" \/>\n\t<meta name=\"twitter:data1\" content=\"redazione\" \/>\n\t<meta name=\"twitter:label2\" content=\"Dur\u00e9e de lecture estim\u00e9e\" \/>\n\t<meta name=\"twitter:data2\" content=\"2 minutes\" \/>\n<script type=\"application\/ld+json\" class=\"yoast-schema-graph\">{\"@context\":\"https:\\\/\\\/schema.org\",\"@graph\":[{\"@type\":\"Article\",\"@id\":\"https:\\\/\\\/www.bellunopress.it\\\/2009\\\/09\\\/19\\\/feltrino-e-primiero-insieme-sul-passo-finestra-2%c2%b0-incontro-sull%e2%80%99antico-valico-tra-il-tirolo-e-la-repubblica-di-venezia\\\/#article\",\"isPartOf\":{\"@id\":\"https:\\\/\\\/www.bellunopress.it\\\/2009\\\/09\\\/19\\\/feltrino-e-primiero-insieme-sul-passo-finestra-2%c2%b0-incontro-sull%e2%80%99antico-valico-tra-il-tirolo-e-la-repubblica-di-venezia\\\/\"},\"author\":{\"name\":\"redazione\",\"@id\":\"https:\\\/\\\/www.bellunopress.it\\\/#\\\/schema\\\/person\\\/79bb06722b37ece1c03d3e94beb30d73\"},\"headline\":\"Feltrino e Primiero insieme sul passo Finestra. 2\u00b0 incontro sull\u2019antico valico tra il Tirolo e la Repubblica di Venezia\",\"datePublished\":\"2009-09-19T20:54:56+00:00\",\"dateModified\":\"2009-09-21T10:03:46+00:00\",\"mainEntityOfPage\":{\"@id\":\"https:\\\/\\\/www.bellunopress.it\\\/2009\\\/09\\\/19\\\/feltrino-e-primiero-insieme-sul-passo-finestra-2%c2%b0-incontro-sull%e2%80%99antico-valico-tra-il-tirolo-e-la-repubblica-di-venezia\\\/\"},\"wordCount\":427,\"publisher\":{\"@id\":\"https:\\\/\\\/www.bellunopress.it\\\/#organization\"},\"image\":{\"@id\":\"https:\\\/\\\/www.bellunopress.it\\\/2009\\\/09\\\/19\\\/feltrino-e-primiero-insieme-sul-passo-finestra-2%c2%b0-incontro-sull%e2%80%99antico-valico-tra-il-tirolo-e-la-repubblica-di-venezia\\\/#primaryimage\"},\"thumbnailUrl\":\"http:\\\/\\\/www.bellunopress.it\\\/wp-content\\\/uploads\\\/2009\\\/09\\\/passo-finestra_1-leggera.jpg\",\"keywords\":[\"Belluno\",\"Dolomiti\",\"Feltre\",\"feltrino\"],\"articleSection\":[\"Arte, Cultura, Spettacoli, Scienza\",\"Meteo, natura, ambiente, animali\",\"Prima Pagina\"],\"inLanguage\":\"fr-FR\"},{\"@type\":\"WebPage\",\"@id\":\"https:\\\/\\\/www.bellunopress.it\\\/2009\\\/09\\\/19\\\/feltrino-e-primiero-insieme-sul-passo-finestra-2%c2%b0-incontro-sull%e2%80%99antico-valico-tra-il-tirolo-e-la-repubblica-di-venezia\\\/\",\"url\":\"https:\\\/\\\/www.bellunopress.it\\\/2009\\\/09\\\/19\\\/feltrino-e-primiero-insieme-sul-passo-finestra-2%c2%b0-incontro-sull%e2%80%99antico-valico-tra-il-tirolo-e-la-repubblica-di-venezia\\\/\",\"name\":\"Feltrino e Primiero insieme sul passo Finestra. 2\u00b0 incontro sull\u2019antico valico tra il Tirolo e la Repubblica di Venezia - Bellunopress - Dolomiti\",\"isPartOf\":{\"@id\":\"https:\\\/\\\/www.bellunopress.it\\\/#website\"},\"primaryImageOfPage\":{\"@id\":\"https:\\\/\\\/www.bellunopress.it\\\/2009\\\/09\\\/19\\\/feltrino-e-primiero-insieme-sul-passo-finestra-2%c2%b0-incontro-sull%e2%80%99antico-valico-tra-il-tirolo-e-la-repubblica-di-venezia\\\/#primaryimage\"},\"image\":{\"@id\":\"https:\\\/\\\/www.bellunopress.it\\\/2009\\\/09\\\/19\\\/feltrino-e-primiero-insieme-sul-passo-finestra-2%c2%b0-incontro-sull%e2%80%99antico-valico-tra-il-tirolo-e-la-repubblica-di-venezia\\\/#primaryimage\"},\"thumbnailUrl\":\"http:\\\/\\\/www.bellunopress.it\\\/wp-content\\\/uploads\\\/2009\\\/09\\\/passo-finestra_1-leggera.jpg\",\"datePublished\":\"2009-09-19T20:54:56+00:00\",\"dateModified\":\"2009-09-21T10:03:46+00:00\",\"breadcrumb\":{\"@id\":\"https:\\\/\\\/www.bellunopress.it\\\/2009\\\/09\\\/19\\\/feltrino-e-primiero-insieme-sul-passo-finestra-2%c2%b0-incontro-sull%e2%80%99antico-valico-tra-il-tirolo-e-la-repubblica-di-venezia\\\/#breadcrumb\"},\"inLanguage\":\"fr-FR\",\"potentialAction\":[{\"@type\":\"ReadAction\",\"target\":[\"https:\\\/\\\/www.bellunopress.it\\\/2009\\\/09\\\/19\\\/feltrino-e-primiero-insieme-sul-passo-finestra-2%c2%b0-incontro-sull%e2%80%99antico-valico-tra-il-tirolo-e-la-repubblica-di-venezia\\\/\"]}]},{\"@type\":\"ImageObject\",\"inLanguage\":\"fr-FR\",\"@id\":\"https:\\\/\\\/www.bellunopress.it\\\/2009\\\/09\\\/19\\\/feltrino-e-primiero-insieme-sul-passo-finestra-2%c2%b0-incontro-sull%e2%80%99antico-valico-tra-il-tirolo-e-la-repubblica-di-venezia\\\/#primaryimage\",\"url\":\"http:\\\/\\\/www.bellunopress.it\\\/wp-content\\\/uploads\\\/2009\\\/09\\\/passo-finestra_1-leggera.jpg\",\"contentUrl\":\"http:\\\/\\\/www.bellunopress.it\\\/wp-content\\\/uploads\\\/2009\\\/09\\\/passo-finestra_1-leggera.jpg\"},{\"@type\":\"BreadcrumbList\",\"@id\":\"https:\\\/\\\/www.bellunopress.it\\\/2009\\\/09\\\/19\\\/feltrino-e-primiero-insieme-sul-passo-finestra-2%c2%b0-incontro-sull%e2%80%99antico-valico-tra-il-tirolo-e-la-repubblica-di-venezia\\\/#breadcrumb\",\"itemListElement\":[{\"@type\":\"ListItem\",\"position\":1,\"name\":\"Home\",\"item\":\"https:\\\/\\\/www.bellunopress.it\\\/\"},{\"@type\":\"ListItem\",\"position\":2,\"name\":\"Feltrino e Primiero insieme sul passo Finestra. 2\u00b0 incontro sull\u2019antico valico tra il Tirolo e la Repubblica di Venezia\"}]},{\"@type\":\"WebSite\",\"@id\":\"https:\\\/\\\/www.bellunopress.it\\\/#website\",\"url\":\"https:\\\/\\\/www.bellunopress.it\\\/\",\"name\":\"Bellunopress - Dolomiti\",\"description\":\"e-mail: redazione@bellunopress.it\",\"publisher\":{\"@id\":\"https:\\\/\\\/www.bellunopress.it\\\/#organization\"},\"potentialAction\":[{\"@type\":\"SearchAction\",\"target\":{\"@type\":\"EntryPoint\",\"urlTemplate\":\"https:\\\/\\\/www.bellunopress.it\\\/?s={search_term_string}\"},\"query-input\":{\"@type\":\"PropertyValueSpecification\",\"valueRequired\":true,\"valueName\":\"search_term_string\"}}],\"inLanguage\":\"fr-FR\"},{\"@type\":\"Organization\",\"@id\":\"https:\\\/\\\/www.bellunopress.it\\\/#organization\",\"name\":\"Bellunopress\",\"url\":\"https:\\\/\\\/www.bellunopress.it\\\/\",\"logo\":{\"@type\":\"ImageObject\",\"inLanguage\":\"fr-FR\",\"@id\":\"https:\\\/\\\/www.bellunopress.it\\\/#\\\/schema\\\/logo\\\/image\\\/\",\"url\":\"https:\\\/\\\/www.bellunopress.it\\\/wp-content\\\/uploads\\\/2011\\\/05\\\/cropped-logo-bellunopress-.jpg\",\"contentUrl\":\"https:\\\/\\\/www.bellunopress.it\\\/wp-content\\\/uploads\\\/2011\\\/05\\\/cropped-logo-bellunopress-.jpg\",\"width\":512,\"height\":512,\"caption\":\"Bellunopress\"},\"image\":{\"@id\":\"https:\\\/\\\/www.bellunopress.it\\\/#\\\/schema\\\/logo\\\/image\\\/\"},\"sameAs\":[\"https:\\\/\\\/www.facebook.com\\\/profile.php?id=100008943462799\",\"https:\\\/\\\/x.com\\\/bellunopress\",\"https:\\\/\\\/www.linkedin.com\\\/hp\\\/?dnr=JBzUWaJfMUw8vbXJJ2tVW5-I3jZKvC4wsoxE&amp;amp;amp;amp;amp;amp;trk=nav_responsive_tab_home\",\"https:\\\/\\\/www.youtube.com\\\/channel\\\/UCxL0wu1uN0_3_7hGG0306cw\"]},{\"@type\":\"Person\",\"@id\":\"https:\\\/\\\/www.bellunopress.it\\\/#\\\/schema\\\/person\\\/79bb06722b37ece1c03d3e94beb30d73\",\"name\":\"redazione\",\"image\":{\"@type\":\"ImageObject\",\"inLanguage\":\"fr-FR\",\"@id\":\"https:\\\/\\\/secure.gravatar.com\\\/avatar\\\/37d968a2e67a6fd04c169c4bdef102d0bc5d31b2546345219e348575eb80e9a0?s=96&d=mm&r=g\",\"url\":\"https:\\\/\\\/secure.gravatar.com\\\/avatar\\\/37d968a2e67a6fd04c169c4bdef102d0bc5d31b2546345219e348575eb80e9a0?s=96&d=mm&r=g\",\"contentUrl\":\"https:\\\/\\\/secure.gravatar.com\\\/avatar\\\/37d968a2e67a6fd04c169c4bdef102d0bc5d31b2546345219e348575eb80e9a0?s=96&d=mm&r=g\",\"caption\":\"redazione\"},\"sameAs\":[\"http:\\\/\\\/www.bellunopress.it\",\"https:\\\/\\\/x.com\\\/bellunopress\"],\"url\":\"https:\\\/\\\/www.bellunopress.it\\\/fr\\\/author\\\/redazione\\\/\"}]}<\/script>\n<!-- \/ Yoast SEO plugin. -->","yoast_head_json":{"title":"Feltrino e Primiero insieme sul passo Finestra. 2\u00b0 incontro sull\u2019antico valico tra il Tirolo e la Repubblica di Venezia - Bellunopress - Dolomiti","robots":{"index":"index","follow":"follow","max-snippet":"max-snippet:-1","max-image-preview":"max-image-preview:large","max-video-preview":"max-video-preview:-1"},"canonical":"https:\/\/www.bellunopress.it\/fr\/2009\/09\/19\/feltrino-e-primiero-insieme-sul-passo-finestra-2\u00b0-incontro-sull\u2019antico-valico-tra-il-tirolo-e-la-repubblica-di-venezia\/","og_locale":"fr_FR","og_type":"article","og_title":"Feltrino e Primiero insieme sul passo Finestra. 2\u00b0 incontro sull\u2019antico valico tra il Tirolo e la Repubblica di Venezia - Bellunopress - Dolomiti","og_description":"Domenica 27 settembre 2009 avr\u00e0 luogo sul passo Finestra il secondo incontro fra gli abitanti del Feltrino (in provincia di Belluno) e di Primiero (in provincia di Trento). Il valico, posto a 1766 metri di quota, si trova sullo spartiacque che divide la val Canzoi dalla val Noana, sull\u2019antico confine fra la Repubblica di Venezia [&hellip;]","og_url":"https:\/\/www.bellunopress.it\/fr\/2009\/09\/19\/feltrino-e-primiero-insieme-sul-passo-finestra-2\u00b0-incontro-sull\u2019antico-valico-tra-il-tirolo-e-la-repubblica-di-venezia\/","og_site_name":"Bellunopress - Dolomiti","article_publisher":"https:\/\/www.facebook.com\/profile.php?id=100008943462799","article_published_time":"2009-09-19T20:54:56+00:00","article_modified_time":"2009-09-21T10:03:46+00:00","og_image":[{"url":"http:\/\/www.bellunopress.it\/wp-content\/uploads\/2009\/09\/passo-finestra_1-leggera.jpg","type":"","width":"","height":""}],"author":"redazione","twitter_card":"summary_large_image","twitter_creator":"@bellunopress","twitter_site":"@bellunopress","twitter_misc":{"\u00c9crit par":"redazione","Dur\u00e9e de lecture estim\u00e9e":"2 minutes"},"schema":{"@context":"https:\/\/schema.org","@graph":[{"@type":"Article","@id":"https:\/\/www.bellunopress.it\/2009\/09\/19\/feltrino-e-primiero-insieme-sul-passo-finestra-2%c2%b0-incontro-sull%e2%80%99antico-valico-tra-il-tirolo-e-la-repubblica-di-venezia\/#article","isPartOf":{"@id":"https:\/\/www.bellunopress.it\/2009\/09\/19\/feltrino-e-primiero-insieme-sul-passo-finestra-2%c2%b0-incontro-sull%e2%80%99antico-valico-tra-il-tirolo-e-la-repubblica-di-venezia\/"},"author":{"name":"redazione","@id":"https:\/\/www.bellunopress.it\/#\/schema\/person\/79bb06722b37ece1c03d3e94beb30d73"},"headline":"Feltrino e Primiero insieme sul passo Finestra. 2\u00b0 incontro sull\u2019antico valico tra il Tirolo e la Repubblica di Venezia","datePublished":"2009-09-19T20:54:56+00:00","dateModified":"2009-09-21T10:03:46+00:00","mainEntityOfPage":{"@id":"https:\/\/www.bellunopress.it\/2009\/09\/19\/feltrino-e-primiero-insieme-sul-passo-finestra-2%c2%b0-incontro-sull%e2%80%99antico-valico-tra-il-tirolo-e-la-repubblica-di-venezia\/"},"wordCount":427,"publisher":{"@id":"https:\/\/www.bellunopress.it\/#organization"},"image":{"@id":"https:\/\/www.bellunopress.it\/2009\/09\/19\/feltrino-e-primiero-insieme-sul-passo-finestra-2%c2%b0-incontro-sull%e2%80%99antico-valico-tra-il-tirolo-e-la-repubblica-di-venezia\/#primaryimage"},"thumbnailUrl":"http:\/\/www.bellunopress.it\/wp-content\/uploads\/2009\/09\/passo-finestra_1-leggera.jpg","keywords":["Belluno","Dolomiti","Feltre","feltrino"],"articleSection":["Arte, Cultura, Spettacoli, Scienza","Meteo, natura, ambiente, animali","Prima Pagina"],"inLanguage":"fr-FR"},{"@type":"WebPage","@id":"https:\/\/www.bellunopress.it\/2009\/09\/19\/feltrino-e-primiero-insieme-sul-passo-finestra-2%c2%b0-incontro-sull%e2%80%99antico-valico-tra-il-tirolo-e-la-repubblica-di-venezia\/","url":"https:\/\/www.bellunopress.it\/2009\/09\/19\/feltrino-e-primiero-insieme-sul-passo-finestra-2%c2%b0-incontro-sull%e2%80%99antico-valico-tra-il-tirolo-e-la-repubblica-di-venezia\/","name":"Feltrino e Primiero insieme sul passo Finestra. 2\u00b0 incontro sull\u2019antico valico tra il Tirolo e la Repubblica di Venezia - Bellunopress - Dolomiti","isPartOf":{"@id":"https:\/\/www.bellunopress.it\/#website"},"primaryImageOfPage":{"@id":"https:\/\/www.bellunopress.it\/2009\/09\/19\/feltrino-e-primiero-insieme-sul-passo-finestra-2%c2%b0-incontro-sull%e2%80%99antico-valico-tra-il-tirolo-e-la-repubblica-di-venezia\/#primaryimage"},"image":{"@id":"https:\/\/www.bellunopress.it\/2009\/09\/19\/feltrino-e-primiero-insieme-sul-passo-finestra-2%c2%b0-incontro-sull%e2%80%99antico-valico-tra-il-tirolo-e-la-repubblica-di-venezia\/#primaryimage"},"thumbnailUrl":"http:\/\/www.bellunopress.it\/wp-content\/uploads\/2009\/09\/passo-finestra_1-leggera.jpg","datePublished":"2009-09-19T20:54:56+00:00","dateModified":"2009-09-21T10:03:46+00:00","breadcrumb":{"@id":"https:\/\/www.bellunopress.it\/2009\/09\/19\/feltrino-e-primiero-insieme-sul-passo-finestra-2%c2%b0-incontro-sull%e2%80%99antico-valico-tra-il-tirolo-e-la-repubblica-di-venezia\/#breadcrumb"},"inLanguage":"fr-FR","potentialAction":[{"@type":"ReadAction","target":["https:\/\/www.bellunopress.it\/2009\/09\/19\/feltrino-e-primiero-insieme-sul-passo-finestra-2%c2%b0-incontro-sull%e2%80%99antico-valico-tra-il-tirolo-e-la-repubblica-di-venezia\/"]}]},{"@type":"ImageObject","inLanguage":"fr-FR","@id":"https:\/\/www.bellunopress.it\/2009\/09\/19\/feltrino-e-primiero-insieme-sul-passo-finestra-2%c2%b0-incontro-sull%e2%80%99antico-valico-tra-il-tirolo-e-la-repubblica-di-venezia\/#primaryimage","url":"http:\/\/www.bellunopress.it\/wp-content\/uploads\/2009\/09\/passo-finestra_1-leggera.jpg","contentUrl":"http:\/\/www.bellunopress.it\/wp-content\/uploads\/2009\/09\/passo-finestra_1-leggera.jpg"},{"@type":"BreadcrumbList","@id":"https:\/\/www.bellunopress.it\/2009\/09\/19\/feltrino-e-primiero-insieme-sul-passo-finestra-2%c2%b0-incontro-sull%e2%80%99antico-valico-tra-il-tirolo-e-la-repubblica-di-venezia\/#breadcrumb","itemListElement":[{"@type":"ListItem","position":1,"name":"Home","item":"https:\/\/www.bellunopress.it\/"},{"@type":"ListItem","position":2,"name":"Feltrino e Primiero insieme sul passo Finestra. 2\u00b0 incontro sull\u2019antico valico tra il Tirolo e la Repubblica di Venezia"}]},{"@type":"WebSite","@id":"https:\/\/www.bellunopress.it\/#website","url":"https:\/\/www.bellunopress.it\/","name":"Bellunopress - Dolomiti","description":"e-mail: redazione@bellunopress.it","publisher":{"@id":"https:\/\/www.bellunopress.it\/#organization"},"potentialAction":[{"@type":"SearchAction","target":{"@type":"EntryPoint","urlTemplate":"https:\/\/www.bellunopress.it\/?s={search_term_string}"},"query-input":{"@type":"PropertyValueSpecification","valueRequired":true,"valueName":"search_term_string"}}],"inLanguage":"fr-FR"},{"@type":"Organization","@id":"https:\/\/www.bellunopress.it\/#organization","name":"Bellunopress","url":"https:\/\/www.bellunopress.it\/","logo":{"@type":"ImageObject","inLanguage":"fr-FR","@id":"https:\/\/www.bellunopress.it\/#\/schema\/logo\/image\/","url":"https:\/\/www.bellunopress.it\/wp-content\/uploads\/2011\/05\/cropped-logo-bellunopress-.jpg","contentUrl":"https:\/\/www.bellunopress.it\/wp-content\/uploads\/2011\/05\/cropped-logo-bellunopress-.jpg","width":512,"height":512,"caption":"Bellunopress"},"image":{"@id":"https:\/\/www.bellunopress.it\/#\/schema\/logo\/image\/"},"sameAs":["https:\/\/www.facebook.com\/profile.php?id=100008943462799","https:\/\/x.com\/bellunopress","https:\/\/www.linkedin.com\/hp\/?dnr=JBzUWaJfMUw8vbXJJ2tVW5-I3jZKvC4wsoxE&amp;amp;amp;amp;amp;amp;trk=nav_responsive_tab_home","https:\/\/www.youtube.com\/channel\/UCxL0wu1uN0_3_7hGG0306cw"]},{"@type":"Person","@id":"https:\/\/www.bellunopress.it\/#\/schema\/person\/79bb06722b37ece1c03d3e94beb30d73","name":"r\u00e9daction","image":{"@type":"ImageObject","inLanguage":"fr-FR","@id":"https:\/\/secure.gravatar.com\/avatar\/37d968a2e67a6fd04c169c4bdef102d0bc5d31b2546345219e348575eb80e9a0?s=96&d=mm&r=g","url":"https:\/\/secure.gravatar.com\/avatar\/37d968a2e67a6fd04c169c4bdef102d0bc5d31b2546345219e348575eb80e9a0?s=96&d=mm&r=g","contentUrl":"https:\/\/secure.gravatar.com\/avatar\/37d968a2e67a6fd04c169c4bdef102d0bc5d31b2546345219e348575eb80e9a0?s=96&d=mm&r=g","caption":"redazione"},"sameAs":["http:\/\/www.bellunopress.it","https:\/\/x.com\/bellunopress"],"url":"https:\/\/www.bellunopress.it\/fr\/author\/redazione\/"}]}},"_links":{"self":[{"href":"https:\/\/www.bellunopress.it\/fr\/wp-json\/wp\/v2\/posts\/8227","targetHints":{"allow":["GET"]}}],"collection":[{"href":"https:\/\/www.bellunopress.it\/fr\/wp-json\/wp\/v2\/posts"}],"about":[{"href":"https:\/\/www.bellunopress.it\/fr\/wp-json\/wp\/v2\/types\/post"}],"author":[{"embeddable":true,"href":"https:\/\/www.bellunopress.it\/fr\/wp-json\/wp\/v2\/users\/2"}],"replies":[{"embeddable":true,"href":"https:\/\/www.bellunopress.it\/fr\/wp-json\/wp\/v2\/comments?post=8227"}],"version-history":[{"count":4,"href":"https:\/\/www.bellunopress.it\/fr\/wp-json\/wp\/v2\/posts\/8227\/revisions"}],"predecessor-version":[{"id":8262,"href":"https:\/\/www.bellunopress.it\/fr\/wp-json\/wp\/v2\/posts\/8227\/revisions\/8262"}],"wp:attachment":[{"href":"https:\/\/www.bellunopress.it\/fr\/wp-json\/wp\/v2\/media?parent=8227"}],"wp:term":[{"taxonomy":"category","embeddable":true,"href":"https:\/\/www.bellunopress.it\/fr\/wp-json\/wp\/v2\/categories?post=8227"},{"taxonomy":"post_tag","embeddable":true,"href":"https:\/\/www.bellunopress.it\/fr\/wp-json\/wp\/v2\/tags?post=8227"}],"curies":[{"name":"wp","href":"https:\/\/api.w.org\/{rel}","templated":true}]}}