{"id":8225,"date":"2009-09-18T17:50:45","date_gmt":"2009-09-18T16:50:45","guid":{"rendered":"http:\/\/www.bellunopress.it\/?p=8225"},"modified":"2009-09-18T17:50:45","modified_gmt":"2009-09-18T16:50:45","slug":"via-alla-b2-a-belluno-arriva-cormons-gigi-lucchetta-siamo-al-50","status":"publish","type":"post","link":"https:\/\/www.bellunopress.it\/fr\/2009\/09\/18\/via-alla-b2-a-belluno-arriva-cormons-gigi-lucchetta-siamo-al-50\/","title":{"rendered":"Via alla B2, a Belluno arriva Cormons, &#8220;Gigi&#8221; Lucchetta: &#8220;Siamo al 50%&#8221;"},"content":{"rendered":"<p>Inizia la lunga stagione della B2 femminile e il Top Team Belluno debutta in casa. Domani, sabato 19 settembre, alle 18.00 alla Spes Arena arrivano le neopromosse goriziane del Wolf House Cormons. Si tratta del primo incontro tra queste due squadre. Sapore di derby per la bellunese delle ospiti, Gloria De Kunovich. Il coach delle gialloblu Pierluigi Lucchetta deve affrontare le prime difficolt\u00e0 in posto 2, con Bardini ancora ferma per un problema alla schiena, e il &#8220;prestito&#8221; della Spes Conegliano, Nielsen, passata al Voghiera. Il tecnico affider\u00e0 il ruolo a Sara Falliero. In panchina entrano due giovanissime, Giulia Lucchetta e Giulia De Nardi, entrambe del 1994. La squadra \u00e8 stata provata mercoled\u00ec in amichevole con il Codogn\u00e8, avversario che confermato un gioco brillante vincendo 4 sui 5 set giocati. &#8220;Siamo al 50% della condizione &#8211; rileva Lucchetta &#8211; soprattutto a causa del carico del lavoro che abbiamo sostenuto finora in preparazione. Il campionato \u00e8 molto difficile e lungo, vogliamo gestirlo bene e per questo preferisco non avere una squadra in forma da subito&#8221;.<\/p>\n<p>Questa la rosa a disposizione di Lucchetta in questa stagione:<\/p>\n<p>1\u00a0\u00a0\u00a0 VISENTIN MARTA\u00a0\u00a0\u00a0 1992\u00a0\u00a0\u00a0 centrale<br \/>\n2\u00a0\u00a0\u00a0 LUCCHETTA GIULIA\u00a0\u00a0\u00a0 1994\u00a0\u00a0\u00a0 schiacciatrice<br \/>\n3\u00a0\u00a0\u00a0 ROBAZZA ELENA\u00a0\u00a0\u00a0 1990\u00a0\u00a0\u00a0 schiacciatrice<br \/>\n5\u00a0\u00a0\u00a0 ZANCO MIRA\u00a0\u00a0\u00a0 1992\u00a0\u00a0\u00a0 palleggiatrice<br \/>\n6\u00a0\u00a0\u00a0 BERNARDI MONICA\u00a0\u00a0\u00a0 1989\u00a0\u00a0\u00a0 universale<br \/>\n7\u00a0\u00a0\u00a0 VIDAL HELENA\u00a0\u00a0\u00a0 1989\u00a0\u00a0\u00a0 palleggiatrice<br \/>\n8\u00a0\u00a0\u00a0 FALLIERO SARA\u00a0\u00a0\u00a0 1992\u00a0\u00a0\u00a0 schiacciatrice<br \/>\n9\u00a0\u00a0\u00a0 FAVARO CHIARA\u00a0\u00a0\u00a0 1987\u00a0\u00a0\u00a0 schiacciatrice<br \/>\n10\u00a0\u00a0\u00a0 MARTINUZZO LINDA\u00a0\u00a0\u00a0 1992\u00a0\u00a0\u00a0 centrale<br \/>\n11\u00a0\u00a0\u00a0 ZANATTA ANTONELLO VANIA\u00a0\u00a0\u00a0 1988\u00a0\u00a0\u00a0 libero<br \/>\n12\u00a0\u00a0\u00a0 BARDINI ALESSANDRA\u00a0\u00a0\u00a0 1992\u00a0\u00a0\u00a0 opposto<br \/>\n16\u00a0\u00a0\u00a0 DE NARDI GIULIA\u00a0\u00a0\u00a0 1994\u00a0\u00a0\u00a0 schiacciatrice<br \/>\n18\u00a0\u00a0\u00a0 BENAZZI GIADA\u00a0\u00a0\u00a0 1992\u00a0\u00a0\u00a0 schiacciatrice<\/p>","protected":false},"excerpt":{"rendered":"<p>Inizia la lunga stagione della B2 femminile e il Top Team Belluno debutta in casa. Domani, sabato 19 settembre, alle 18.00 alla Spes Arena arrivano le neopromosse goriziane del Wolf House Cormons. Si tratta del primo incontro tra queste due squadre. Sapore di derby per la bellunese delle ospiti, Gloria De Kunovich. Il coach delle [&hellip;]<\/p>\n","protected":false},"author":2,"featured_media":0,"comment_status":"closed","ping_status":"open","sticky":false,"template":"","format":"standard","meta":{"footnotes":""},"categories":[4],"tags":[139],"class_list":["post-8225","post","type-post","status-publish","format-standard","category-sport","tag-belluno"],"yoast_head":"<!-- This site is optimized with the Yoast SEO plugin v28.4 - https:\/\/yoast.com\/product\/yoast-seo-wordpress\/ -->\n<title>Via alla B2, a Belluno arriva Cormons, &quot;Gigi&quot; Lucchetta: &quot;Siamo al 50%&quot; - Bellunopress - Dolomiti<\/title>\n<meta name=\"robots\" content=\"index, follow, max-snippet:-1, max-image-preview:large, max-video-preview:-1\" \/>\n<link rel=\"canonical\" href=\"https:\/\/www.bellunopress.it\/fr\/2009\/09\/18\/via-alla-b2-a-belluno-arriva-cormons-gigi-lucchetta-siamo-al-50\/\" \/>\n<meta property=\"og:locale\" content=\"fr_FR\" \/>\n<meta property=\"og:type\" content=\"article\" \/>\n<meta property=\"og:title\" content=\"Via alla B2, a Belluno arriva Cormons, &quot;Gigi&quot; Lucchetta: &quot;Siamo al 50%&quot; - Bellunopress - Dolomiti\" \/>\n<meta property=\"og:description\" content=\"Inizia la lunga stagione della B2 femminile e il Top Team Belluno debutta in casa. Domani, sabato 19 settembre, alle 18.00 alla Spes Arena arrivano le neopromosse goriziane del Wolf House Cormons. Si tratta del primo incontro tra queste due squadre. Sapore di derby per la bellunese delle ospiti, Gloria De Kunovich. Il coach delle [&hellip;]\" \/>\n<meta property=\"og:url\" content=\"https:\/\/www.bellunopress.it\/fr\/2009\/09\/18\/via-alla-b2-a-belluno-arriva-cormons-gigi-lucchetta-siamo-al-50\/\" \/>\n<meta property=\"og:site_name\" content=\"Bellunopress - Dolomiti\" \/>\n<meta property=\"article:publisher\" content=\"https:\/\/www.facebook.com\/profile.php?id=100008943462799\" \/>\n<meta property=\"article:published_time\" content=\"2009-09-18T16:50:45+00:00\" \/>\n<meta property=\"og:image\" content=\"http:\/\/www.bellunopress.it\/wp-content\/uploads\/2012\/07\/logo-bellunopress-250x250-2012.jpg\" \/>\n<meta name=\"author\" content=\"redazione\" \/>\n<meta name=\"twitter:card\" content=\"summary_large_image\" \/>\n<meta name=\"twitter:creator\" content=\"@bellunopress\" \/>\n<meta name=\"twitter:site\" content=\"@bellunopress\" \/>\n<meta name=\"twitter:label1\" content=\"\u00c9crit par\" \/>\n\t<meta name=\"twitter:data1\" content=\"redazione\" \/>\n\t<meta name=\"twitter:label2\" content=\"Dur\u00e9e de lecture estim\u00e9e\" \/>\n\t<meta name=\"twitter:data2\" content=\"1 minute\" \/>\n<script type=\"application\/ld+json\" class=\"yoast-schema-graph\">{\"@context\":\"https:\\\/\\\/schema.org\",\"@graph\":[{\"@type\":\"Article\",\"@id\":\"https:\\\/\\\/www.bellunopress.it\\\/2009\\\/09\\\/18\\\/via-alla-b2-a-belluno-arriva-cormons-gigi-lucchetta-siamo-al-50\\\/#article\",\"isPartOf\":{\"@id\":\"https:\\\/\\\/www.bellunopress.it\\\/2009\\\/09\\\/18\\\/via-alla-b2-a-belluno-arriva-cormons-gigi-lucchetta-siamo-al-50\\\/\"},\"author\":{\"name\":\"redazione\",\"@id\":\"https:\\\/\\\/www.bellunopress.it\\\/#\\\/schema\\\/person\\\/79bb06722b37ece1c03d3e94beb30d73\"},\"headline\":\"Via alla B2, a Belluno arriva Cormons, &#8220;Gigi&#8221; Lucchetta: &#8220;Siamo al 50%&#8221;\",\"datePublished\":\"2009-09-18T16:50:45+00:00\",\"mainEntityOfPage\":{\"@id\":\"https:\\\/\\\/www.bellunopress.it\\\/2009\\\/09\\\/18\\\/via-alla-b2-a-belluno-arriva-cormons-gigi-lucchetta-siamo-al-50\\\/\"},\"wordCount\":227,\"publisher\":{\"@id\":\"https:\\\/\\\/www.bellunopress.it\\\/#organization\"},\"keywords\":[\"Belluno\"],\"articleSection\":[\"Sport, tempo libero\"],\"inLanguage\":\"fr-FR\"},{\"@type\":\"WebPage\",\"@id\":\"https:\\\/\\\/www.bellunopress.it\\\/2009\\\/09\\\/18\\\/via-alla-b2-a-belluno-arriva-cormons-gigi-lucchetta-siamo-al-50\\\/\",\"url\":\"https:\\\/\\\/www.bellunopress.it\\\/2009\\\/09\\\/18\\\/via-alla-b2-a-belluno-arriva-cormons-gigi-lucchetta-siamo-al-50\\\/\",\"name\":\"Via alla B2, a Belluno arriva Cormons, \\\"Gigi\\\" Lucchetta: \\\"Siamo al 50%\\\" - Bellunopress - Dolomiti\",\"isPartOf\":{\"@id\":\"https:\\\/\\\/www.bellunopress.it\\\/#website\"},\"datePublished\":\"2009-09-18T16:50:45+00:00\",\"breadcrumb\":{\"@id\":\"https:\\\/\\\/www.bellunopress.it\\\/2009\\\/09\\\/18\\\/via-alla-b2-a-belluno-arriva-cormons-gigi-lucchetta-siamo-al-50\\\/#breadcrumb\"},\"inLanguage\":\"fr-FR\",\"potentialAction\":[{\"@type\":\"ReadAction\",\"target\":[\"https:\\\/\\\/www.bellunopress.it\\\/2009\\\/09\\\/18\\\/via-alla-b2-a-belluno-arriva-cormons-gigi-lucchetta-siamo-al-50\\\/\"]}]},{\"@type\":\"BreadcrumbList\",\"@id\":\"https:\\\/\\\/www.bellunopress.it\\\/2009\\\/09\\\/18\\\/via-alla-b2-a-belluno-arriva-cormons-gigi-lucchetta-siamo-al-50\\\/#breadcrumb\",\"itemListElement\":[{\"@type\":\"ListItem\",\"position\":1,\"name\":\"Home\",\"item\":\"https:\\\/\\\/www.bellunopress.it\\\/\"},{\"@type\":\"ListItem\",\"position\":2,\"name\":\"Via alla B2, a Belluno arriva Cormons, &#8220;Gigi&#8221; Lucchetta: &#8220;Siamo al 50%&#8221;\"}]},{\"@type\":\"WebSite\",\"@id\":\"https:\\\/\\\/www.bellunopress.it\\\/#website\",\"url\":\"https:\\\/\\\/www.bellunopress.it\\\/\",\"name\":\"Bellunopress - Dolomiti\",\"description\":\"e-mail: redazione@bellunopress.it\",\"publisher\":{\"@id\":\"https:\\\/\\\/www.bellunopress.it\\\/#organization\"},\"potentialAction\":[{\"@type\":\"SearchAction\",\"target\":{\"@type\":\"EntryPoint\",\"urlTemplate\":\"https:\\\/\\\/www.bellunopress.it\\\/?s={search_term_string}\"},\"query-input\":{\"@type\":\"PropertyValueSpecification\",\"valueRequired\":true,\"valueName\":\"search_term_string\"}}],\"inLanguage\":\"fr-FR\"},{\"@type\":\"Organization\",\"@id\":\"https:\\\/\\\/www.bellunopress.it\\\/#organization\",\"name\":\"Bellunopress\",\"url\":\"https:\\\/\\\/www.bellunopress.it\\\/\",\"logo\":{\"@type\":\"ImageObject\",\"inLanguage\":\"fr-FR\",\"@id\":\"https:\\\/\\\/www.bellunopress.it\\\/#\\\/schema\\\/logo\\\/image\\\/\",\"url\":\"https:\\\/\\\/www.bellunopress.it\\\/wp-content\\\/uploads\\\/2011\\\/05\\\/cropped-logo-bellunopress-.jpg\",\"contentUrl\":\"https:\\\/\\\/www.bellunopress.it\\\/wp-content\\\/uploads\\\/2011\\\/05\\\/cropped-logo-bellunopress-.jpg\",\"width\":512,\"height\":512,\"caption\":\"Bellunopress\"},\"image\":{\"@id\":\"https:\\\/\\\/www.bellunopress.it\\\/#\\\/schema\\\/logo\\\/image\\\/\"},\"sameAs\":[\"https:\\\/\\\/www.facebook.com\\\/profile.php?id=100008943462799\",\"https:\\\/\\\/x.com\\\/bellunopress\",\"https:\\\/\\\/www.linkedin.com\\\/hp\\\/?dnr=JBzUWaJfMUw8vbXJJ2tVW5-I3jZKvC4wsoxE&amp;amp;amp;amp;amp;amp;trk=nav_responsive_tab_home\",\"https:\\\/\\\/www.youtube.com\\\/channel\\\/UCxL0wu1uN0_3_7hGG0306cw\"]},{\"@type\":\"Person\",\"@id\":\"https:\\\/\\\/www.bellunopress.it\\\/#\\\/schema\\\/person\\\/79bb06722b37ece1c03d3e94beb30d73\",\"name\":\"redazione\",\"image\":{\"@type\":\"ImageObject\",\"inLanguage\":\"fr-FR\",\"@id\":\"https:\\\/\\\/secure.gravatar.com\\\/avatar\\\/37d968a2e67a6fd04c169c4bdef102d0bc5d31b2546345219e348575eb80e9a0?s=96&d=mm&r=g\",\"url\":\"https:\\\/\\\/secure.gravatar.com\\\/avatar\\\/37d968a2e67a6fd04c169c4bdef102d0bc5d31b2546345219e348575eb80e9a0?s=96&d=mm&r=g\",\"contentUrl\":\"https:\\\/\\\/secure.gravatar.com\\\/avatar\\\/37d968a2e67a6fd04c169c4bdef102d0bc5d31b2546345219e348575eb80e9a0?s=96&d=mm&r=g\",\"caption\":\"redazione\"},\"sameAs\":[\"http:\\\/\\\/www.bellunopress.it\",\"https:\\\/\\\/x.com\\\/bellunopress\"],\"url\":\"https:\\\/\\\/www.bellunopress.it\\\/fr\\\/author\\\/redazione\\\/\"}]}<\/script>\n<!-- \/ Yoast SEO plugin. -->","yoast_head_json":{"title":"Via alla B2, a Belluno arriva Cormons, \"Gigi\" Lucchetta: \"Siamo al 50%\" - Bellunopress - Dolomiti","robots":{"index":"index","follow":"follow","max-snippet":"max-snippet:-1","max-image-preview":"max-image-preview:large","max-video-preview":"max-video-preview:-1"},"canonical":"https:\/\/www.bellunopress.it\/fr\/2009\/09\/18\/via-alla-b2-a-belluno-arriva-cormons-gigi-lucchetta-siamo-al-50\/","og_locale":"fr_FR","og_type":"article","og_title":"Via alla B2, a Belluno arriva Cormons, \"Gigi\" Lucchetta: \"Siamo al 50%\" - Bellunopress - Dolomiti","og_description":"Inizia la lunga stagione della B2 femminile e il Top Team Belluno debutta in casa. Domani, sabato 19 settembre, alle 18.00 alla Spes Arena arrivano le neopromosse goriziane del Wolf House Cormons. Si tratta del primo incontro tra queste due squadre. Sapore di derby per la bellunese delle ospiti, Gloria De Kunovich. Il coach delle [&hellip;]","og_url":"https:\/\/www.bellunopress.it\/fr\/2009\/09\/18\/via-alla-b2-a-belluno-arriva-cormons-gigi-lucchetta-siamo-al-50\/","og_site_name":"Bellunopress - Dolomiti","article_publisher":"https:\/\/www.facebook.com\/profile.php?id=100008943462799","article_published_time":"2009-09-18T16:50:45+00:00","og_image":[{"url":"http:\/\/www.bellunopress.it\/wp-content\/uploads\/2012\/07\/logo-bellunopress-250x250-2012.jpg","type":"","width":"","height":""}],"author":"redazione","twitter_card":"summary_large_image","twitter_creator":"@bellunopress","twitter_site":"@bellunopress","twitter_misc":{"\u00c9crit par":"redazione","Dur\u00e9e de lecture estim\u00e9e":"1 minute"},"schema":{"@context":"https:\/\/schema.org","@graph":[{"@type":"Article","@id":"https:\/\/www.bellunopress.it\/2009\/09\/18\/via-alla-b2-a-belluno-arriva-cormons-gigi-lucchetta-siamo-al-50\/#article","isPartOf":{"@id":"https:\/\/www.bellunopress.it\/2009\/09\/18\/via-alla-b2-a-belluno-arriva-cormons-gigi-lucchetta-siamo-al-50\/"},"author":{"name":"redazione","@id":"https:\/\/www.bellunopress.it\/#\/schema\/person\/79bb06722b37ece1c03d3e94beb30d73"},"headline":"Via alla B2, a Belluno arriva Cormons, &#8220;Gigi&#8221; Lucchetta: &#8220;Siamo al 50%&#8221;","datePublished":"2009-09-18T16:50:45+00:00","mainEntityOfPage":{"@id":"https:\/\/www.bellunopress.it\/2009\/09\/18\/via-alla-b2-a-belluno-arriva-cormons-gigi-lucchetta-siamo-al-50\/"},"wordCount":227,"publisher":{"@id":"https:\/\/www.bellunopress.it\/#organization"},"keywords":["Belluno"],"articleSection":["Sport, tempo libero"],"inLanguage":"fr-FR"},{"@type":"WebPage","@id":"https:\/\/www.bellunopress.it\/2009\/09\/18\/via-alla-b2-a-belluno-arriva-cormons-gigi-lucchetta-siamo-al-50\/","url":"https:\/\/www.bellunopress.it\/2009\/09\/18\/via-alla-b2-a-belluno-arriva-cormons-gigi-lucchetta-siamo-al-50\/","name":"Via alla B2, a Belluno arriva Cormons, \"Gigi\" Lucchetta: \"Siamo al 50%\" - Bellunopress - Dolomiti","isPartOf":{"@id":"https:\/\/www.bellunopress.it\/#website"},"datePublished":"2009-09-18T16:50:45+00:00","breadcrumb":{"@id":"https:\/\/www.bellunopress.it\/2009\/09\/18\/via-alla-b2-a-belluno-arriva-cormons-gigi-lucchetta-siamo-al-50\/#breadcrumb"},"inLanguage":"fr-FR","potentialAction":[{"@type":"ReadAction","target":["https:\/\/www.bellunopress.it\/2009\/09\/18\/via-alla-b2-a-belluno-arriva-cormons-gigi-lucchetta-siamo-al-50\/"]}]},{"@type":"BreadcrumbList","@id":"https:\/\/www.bellunopress.it\/2009\/09\/18\/via-alla-b2-a-belluno-arriva-cormons-gigi-lucchetta-siamo-al-50\/#breadcrumb","itemListElement":[{"@type":"ListItem","position":1,"name":"Home","item":"https:\/\/www.bellunopress.it\/"},{"@type":"ListItem","position":2,"name":"Via alla B2, a Belluno arriva Cormons, &#8220;Gigi&#8221; Lucchetta: &#8220;Siamo al 50%&#8221;"}]},{"@type":"WebSite","@id":"https:\/\/www.bellunopress.it\/#website","url":"https:\/\/www.bellunopress.it\/","name":"Bellunopress - Dolomiti","description":"e-mail: redazione@bellunopress.it","publisher":{"@id":"https:\/\/www.bellunopress.it\/#organization"},"potentialAction":[{"@type":"SearchAction","target":{"@type":"EntryPoint","urlTemplate":"https:\/\/www.bellunopress.it\/?s={search_term_string}"},"query-input":{"@type":"PropertyValueSpecification","valueRequired":true,"valueName":"search_term_string"}}],"inLanguage":"fr-FR"},{"@type":"Organization","@id":"https:\/\/www.bellunopress.it\/#organization","name":"Bellunopress","url":"https:\/\/www.bellunopress.it\/","logo":{"@type":"ImageObject","inLanguage":"fr-FR","@id":"https:\/\/www.bellunopress.it\/#\/schema\/logo\/image\/","url":"https:\/\/www.bellunopress.it\/wp-content\/uploads\/2011\/05\/cropped-logo-bellunopress-.jpg","contentUrl":"https:\/\/www.bellunopress.it\/wp-content\/uploads\/2011\/05\/cropped-logo-bellunopress-.jpg","width":512,"height":512,"caption":"Bellunopress"},"image":{"@id":"https:\/\/www.bellunopress.it\/#\/schema\/logo\/image\/"},"sameAs":["https:\/\/www.facebook.com\/profile.php?id=100008943462799","https:\/\/x.com\/bellunopress","https:\/\/www.linkedin.com\/hp\/?dnr=JBzUWaJfMUw8vbXJJ2tVW5-I3jZKvC4wsoxE&amp;amp;amp;amp;amp;amp;trk=nav_responsive_tab_home","https:\/\/www.youtube.com\/channel\/UCxL0wu1uN0_3_7hGG0306cw"]},{"@type":"Person","@id":"https:\/\/www.bellunopress.it\/#\/schema\/person\/79bb06722b37ece1c03d3e94beb30d73","name":"r\u00e9daction","image":{"@type":"ImageObject","inLanguage":"fr-FR","@id":"https:\/\/secure.gravatar.com\/avatar\/37d968a2e67a6fd04c169c4bdef102d0bc5d31b2546345219e348575eb80e9a0?s=96&d=mm&r=g","url":"https:\/\/secure.gravatar.com\/avatar\/37d968a2e67a6fd04c169c4bdef102d0bc5d31b2546345219e348575eb80e9a0?s=96&d=mm&r=g","contentUrl":"https:\/\/secure.gravatar.com\/avatar\/37d968a2e67a6fd04c169c4bdef102d0bc5d31b2546345219e348575eb80e9a0?s=96&d=mm&r=g","caption":"redazione"},"sameAs":["http:\/\/www.bellunopress.it","https:\/\/x.com\/bellunopress"],"url":"https:\/\/www.bellunopress.it\/fr\/author\/redazione\/"}]}},"_links":{"self":[{"href":"https:\/\/www.bellunopress.it\/fr\/wp-json\/wp\/v2\/posts\/8225","targetHints":{"allow":["GET"]}}],"collection":[{"href":"https:\/\/www.bellunopress.it\/fr\/wp-json\/wp\/v2\/posts"}],"about":[{"href":"https:\/\/www.bellunopress.it\/fr\/wp-json\/wp\/v2\/types\/post"}],"author":[{"embeddable":true,"href":"https:\/\/www.bellunopress.it\/fr\/wp-json\/wp\/v2\/users\/2"}],"replies":[{"embeddable":true,"href":"https:\/\/www.bellunopress.it\/fr\/wp-json\/wp\/v2\/comments?post=8225"}],"version-history":[{"count":1,"href":"https:\/\/www.bellunopress.it\/fr\/wp-json\/wp\/v2\/posts\/8225\/revisions"}],"predecessor-version":[{"id":8226,"href":"https:\/\/www.bellunopress.it\/fr\/wp-json\/wp\/v2\/posts\/8225\/revisions\/8226"}],"wp:attachment":[{"href":"https:\/\/www.bellunopress.it\/fr\/wp-json\/wp\/v2\/media?parent=8225"}],"wp:term":[{"taxonomy":"category","embeddable":true,"href":"https:\/\/www.bellunopress.it\/fr\/wp-json\/wp\/v2\/categories?post=8225"},{"taxonomy":"post_tag","embeddable":true,"href":"https:\/\/www.bellunopress.it\/fr\/wp-json\/wp\/v2\/tags?post=8225"}],"curies":[{"name":"wp","href":"https:\/\/api.w.org\/{rel}","templated":true}]}}