{"id":8223,"date":"2009-09-18T17:48:37","date_gmt":"2009-09-18T16:48:37","guid":{"rendered":"http:\/\/www.bellunopress.it\/?p=8223"},"modified":"2009-09-18T17:48:37","modified_gmt":"2009-09-18T16:48:37","slug":"frw-allexpo-bici-festeggia-con-la-bella-e-il-campione","status":"publish","type":"post","link":"https:\/\/www.bellunopress.it\/fr\/2009\/09\/18\/frw-allexpo-bici-festeggia-con-la-bella-e-il-campione\/","title":{"rendered":"Frw all&#8217;Expo Bici festeggia con la bella e il campione"},"content":{"rendered":"<p>Sabato 19 settembre alle 15 e 30 e domenica 20 alle ore 16 all\u2019Expo Bici di Padova, l\u2019azienda di biciclette di Ravenna Freewheeling presenter\u00e0 al pubblico due modelli speciali della collezione 2010: la bicicletta Brigitta e la mountain bike Lancer. Due prodotti con una storia da raccontare, che il presidente di FRW Claudio Brusi reputa molto importanti per il suo business.<br \/>\nBrigitta \u00e8 un modello completamente nuovo nella gamma FRW 2010, che risponde a una precisa volont\u00e0 dell\u2019azienda di\u00a0 proporre anno per anno nuovi modelli destinati specificamente alla donna, visto l\u2019aumentare dell\u2019interesse femminile verso la bicicletta.<br \/>\nL\u2019anno scorso era nata \u201cCharlotte\u201d, bicicletta per cicliste esperte con telaio in carbonio ma mancava nella collezione un modello \u201centry level\u201d per un pubblico alle prime armi. Ecco dunque la bella proposta FRW: Brigitta ha un telaio in alluminio a doppio spessore (molto leggero) con tubo orizzontale molto basso(caratteristico del telaio donna) e con geometrie espressamente calcolate per il gentil sesso (dalla taglia XS alla L) colorazioni necessariamente lady: bianco\/rosa e bianco\/azzurro (in \u201cpartner look\u201d con il modello Pacific Heights da uomo). Per continuare con la descrizione della bicicletta completano il suo assemblaggio una forcella anteriore in carbonio, il nuovo gruppo Shimano 2300 8V posteriore abbinato ad una guarnitura tripla per avere dei rapporti agili e, nota importante, pedali a mezzo sgancio rapido per chi vuole usare scarpette da ciclista e l\u2019altra met\u00e0 normali per l\u2019utilizzo con scarpe da tutti i giorni. Ma il vero successo di questa bicicletta non sta tanto nella \u201csostanza\u201d (la componentistica \u00e8 di assoluta qualit\u00e0 come tutti i prodotti FRW) ma nell\u2019\u201dapparenza\u201d, ovvero nella bella\u00a0 testimonial da cui deriva il suo nome. Brigitta Bulgari, la modella ungherese che \u00e8 stata scelta per la comunicazione FRW e che ha presentato, in occasione della Nove Colli di Cesenatico, alcune biciclette dell\u2019azienda di Ravenna, visto l\u2019enorme successo riportato, ha infatti dato il suo nome a questa bicicletta e sar\u00e0 presente durante la presentazione all\u2019Expo Bici. Sexy diva, attrice, soubrette televisiva amata dalle teen-ager per quel suo caschetto biondo, dal pubblico maschile per la sua disarmante avvenenza, non si esibir\u00e0 pi\u00f9 in un lavaggio sexy di biciclette come a Cesenatico ma non mancher\u00e0 di stupire con la sua capacit\u00e0 di tenere la scena.<br \/>\nIl giorno dopo un nuovo show capitanato da patron Brusi sul palco dell\u2019Expo Bici: Gerald Kerschbaumer, campione del mondo di mountain bike juniores ai recenti campionati che si sono svolti in Australia, presenter\u00e0 la bicicletta che lo ha portato al successo: la Lancer di FRW. Telaio in alluminio Hydroformato Scandium (una delle ultime novit\u00e0 in fatto di lavorazione dell\u2019alluminio) adatto agli agonisti per la sua leggerezza e rigidit\u00e0, disponibile in tutte le taglie. La Lancer \u00e8 proposta in due modelli: con il gruppo completo Xt e nella versione XTR per chi vuole il massimo della performance; entrambe le versioni sono assemblate con attacco e piega Ritchey Wcs, ruote Mavic CrossMax Slr (Il top della gamma Mavic da mtb) con gomme Geax Tubeless ready e sella Selle Italia Slr\u00a0 Flow. Inoltre \u00e8 possibile personalizzare le due versioni (XT e XTR) con due differenti forcelle ammortizzate: con la nuova Manitou R Seven Mrd con sistema Milo oppure con il modello Sid Team della RockShox.<br \/>\nGerald Kerschbaumer affasciner\u00e0 il pubblico non tanto per la descrizione tecnica del mezzo ma per la sua storia d\u2019altri tempi, di ragazzo cresciuto sulle malghe di montagna dove la mountain bike era l\u2019unico modo per passare il tempo fin dalla pi\u00f9 tenera et\u00e0.<br \/>\nIl campione\u00a0 e la modella, due modi diversi di presentare, due prodotti interessanti da scoprire, tutti facenti parte dello straordinario e dinamico mondo Freewheeling.<\/p>","protected":false},"excerpt":{"rendered":"<p>Sabato 19 settembre alle 15 e 30 e domenica 20 alle ore 16 all\u2019Expo Bici di Padova, l\u2019azienda di biciclette di Ravenna Freewheeling presenter\u00e0 al pubblico due modelli speciali della collezione 2010: la bicicletta Brigitta e la mountain bike Lancer. Due prodotti con una storia da raccontare, che il presidente di FRW Claudio Brusi reputa [&hellip;]<\/p>\n","protected":false},"author":2,"featured_media":0,"comment_status":"closed","ping_status":"open","sticky":false,"template":"","format":"standard","meta":{"footnotes":""},"categories":[27,4],"tags":[],"class_list":["post-8223","post","type-post","status-publish","format-standard","category-appuntamenti","category-sport"],"yoast_head":"<!-- This site is optimized with the Yoast SEO plugin v28.4 - https:\/\/yoast.com\/product\/yoast-seo-wordpress\/ -->\n<title>Frw all&#039;Expo Bici festeggia con la bella e il campione - Bellunopress - Dolomiti<\/title>\n<meta name=\"robots\" content=\"index, follow, max-snippet:-1, max-image-preview:large, max-video-preview:-1\" \/>\n<link rel=\"canonical\" href=\"https:\/\/www.bellunopress.it\/fr\/2009\/09\/18\/frw-allexpo-bici-festeggia-con-la-bella-e-il-campione\/\" \/>\n<meta property=\"og:locale\" content=\"fr_FR\" \/>\n<meta property=\"og:type\" content=\"article\" \/>\n<meta property=\"og:title\" content=\"Frw all&#039;Expo Bici festeggia con la bella e il campione - Bellunopress - Dolomiti\" \/>\n<meta property=\"og:description\" content=\"Sabato 19 settembre alle 15 e 30 e domenica 20 alle ore 16 all\u2019Expo Bici di Padova, l\u2019azienda di biciclette di Ravenna Freewheeling presenter\u00e0 al pubblico due modelli speciali della collezione 2010: la bicicletta Brigitta e la mountain bike Lancer. Due prodotti con una storia da raccontare, che il presidente di FRW Claudio Brusi reputa [&hellip;]\" \/>\n<meta property=\"og:url\" content=\"https:\/\/www.bellunopress.it\/fr\/2009\/09\/18\/frw-allexpo-bici-festeggia-con-la-bella-e-il-campione\/\" \/>\n<meta property=\"og:site_name\" content=\"Bellunopress - Dolomiti\" \/>\n<meta property=\"article:publisher\" content=\"https:\/\/www.facebook.com\/profile.php?id=100008943462799\" \/>\n<meta property=\"article:published_time\" content=\"2009-09-18T16:48:37+00:00\" \/>\n<meta property=\"og:image\" content=\"http:\/\/www.bellunopress.it\/wp-content\/uploads\/2012\/07\/logo-bellunopress-250x250-2012.jpg\" \/>\n<meta name=\"author\" content=\"redazione\" \/>\n<meta name=\"twitter:card\" content=\"summary_large_image\" \/>\n<meta name=\"twitter:creator\" content=\"@bellunopress\" \/>\n<meta name=\"twitter:site\" content=\"@bellunopress\" \/>\n<meta name=\"twitter:label1\" content=\"\u00c9crit par\" \/>\n\t<meta name=\"twitter:data1\" content=\"redazione\" \/>\n\t<meta name=\"twitter:label2\" content=\"Dur\u00e9e de lecture estim\u00e9e\" \/>\n\t<meta name=\"twitter:data2\" content=\"3 minutes\" \/>\n<script type=\"application\/ld+json\" class=\"yoast-schema-graph\">{\"@context\":\"https:\\\/\\\/schema.org\",\"@graph\":[{\"@type\":\"Article\",\"@id\":\"https:\\\/\\\/www.bellunopress.it\\\/2009\\\/09\\\/18\\\/frw-allexpo-bici-festeggia-con-la-bella-e-il-campione\\\/#article\",\"isPartOf\":{\"@id\":\"https:\\\/\\\/www.bellunopress.it\\\/2009\\\/09\\\/18\\\/frw-allexpo-bici-festeggia-con-la-bella-e-il-campione\\\/\"},\"author\":{\"name\":\"redazione\",\"@id\":\"https:\\\/\\\/www.bellunopress.it\\\/#\\\/schema\\\/person\\\/79bb06722b37ece1c03d3e94beb30d73\"},\"headline\":\"Frw all&#8217;Expo Bici festeggia con la bella e il campione\",\"datePublished\":\"2009-09-18T16:48:37+00:00\",\"mainEntityOfPage\":{\"@id\":\"https:\\\/\\\/www.bellunopress.it\\\/2009\\\/09\\\/18\\\/frw-allexpo-bici-festeggia-con-la-bella-e-il-campione\\\/\"},\"wordCount\":616,\"publisher\":{\"@id\":\"https:\\\/\\\/www.bellunopress.it\\\/#organization\"},\"articleSection\":[\"Appuntamenti, Eventi\",\"Sport, tempo libero\"],\"inLanguage\":\"fr-FR\"},{\"@type\":\"WebPage\",\"@id\":\"https:\\\/\\\/www.bellunopress.it\\\/2009\\\/09\\\/18\\\/frw-allexpo-bici-festeggia-con-la-bella-e-il-campione\\\/\",\"url\":\"https:\\\/\\\/www.bellunopress.it\\\/2009\\\/09\\\/18\\\/frw-allexpo-bici-festeggia-con-la-bella-e-il-campione\\\/\",\"name\":\"Frw all'Expo Bici festeggia con la bella e il campione - Bellunopress - Dolomiti\",\"isPartOf\":{\"@id\":\"https:\\\/\\\/www.bellunopress.it\\\/#website\"},\"datePublished\":\"2009-09-18T16:48:37+00:00\",\"breadcrumb\":{\"@id\":\"https:\\\/\\\/www.bellunopress.it\\\/2009\\\/09\\\/18\\\/frw-allexpo-bici-festeggia-con-la-bella-e-il-campione\\\/#breadcrumb\"},\"inLanguage\":\"fr-FR\",\"potentialAction\":[{\"@type\":\"ReadAction\",\"target\":[\"https:\\\/\\\/www.bellunopress.it\\\/2009\\\/09\\\/18\\\/frw-allexpo-bici-festeggia-con-la-bella-e-il-campione\\\/\"]}]},{\"@type\":\"BreadcrumbList\",\"@id\":\"https:\\\/\\\/www.bellunopress.it\\\/2009\\\/09\\\/18\\\/frw-allexpo-bici-festeggia-con-la-bella-e-il-campione\\\/#breadcrumb\",\"itemListElement\":[{\"@type\":\"ListItem\",\"position\":1,\"name\":\"Home\",\"item\":\"https:\\\/\\\/www.bellunopress.it\\\/\"},{\"@type\":\"ListItem\",\"position\":2,\"name\":\"Frw all&#8217;Expo Bici festeggia con la bella e il campione\"}]},{\"@type\":\"WebSite\",\"@id\":\"https:\\\/\\\/www.bellunopress.it\\\/#website\",\"url\":\"https:\\\/\\\/www.bellunopress.it\\\/\",\"name\":\"Bellunopress - Dolomiti\",\"description\":\"e-mail: redazione@bellunopress.it\",\"publisher\":{\"@id\":\"https:\\\/\\\/www.bellunopress.it\\\/#organization\"},\"potentialAction\":[{\"@type\":\"SearchAction\",\"target\":{\"@type\":\"EntryPoint\",\"urlTemplate\":\"https:\\\/\\\/www.bellunopress.it\\\/?s={search_term_string}\"},\"query-input\":{\"@type\":\"PropertyValueSpecification\",\"valueRequired\":true,\"valueName\":\"search_term_string\"}}],\"inLanguage\":\"fr-FR\"},{\"@type\":\"Organization\",\"@id\":\"https:\\\/\\\/www.bellunopress.it\\\/#organization\",\"name\":\"Bellunopress\",\"url\":\"https:\\\/\\\/www.bellunopress.it\\\/\",\"logo\":{\"@type\":\"ImageObject\",\"inLanguage\":\"fr-FR\",\"@id\":\"https:\\\/\\\/www.bellunopress.it\\\/#\\\/schema\\\/logo\\\/image\\\/\",\"url\":\"https:\\\/\\\/www.bellunopress.it\\\/wp-content\\\/uploads\\\/2011\\\/05\\\/cropped-logo-bellunopress-.jpg\",\"contentUrl\":\"https:\\\/\\\/www.bellunopress.it\\\/wp-content\\\/uploads\\\/2011\\\/05\\\/cropped-logo-bellunopress-.jpg\",\"width\":512,\"height\":512,\"caption\":\"Bellunopress\"},\"image\":{\"@id\":\"https:\\\/\\\/www.bellunopress.it\\\/#\\\/schema\\\/logo\\\/image\\\/\"},\"sameAs\":[\"https:\\\/\\\/www.facebook.com\\\/profile.php?id=100008943462799\",\"https:\\\/\\\/x.com\\\/bellunopress\",\"https:\\\/\\\/www.linkedin.com\\\/hp\\\/?dnr=JBzUWaJfMUw8vbXJJ2tVW5-I3jZKvC4wsoxE&amp;amp;amp;amp;amp;amp;trk=nav_responsive_tab_home\",\"https:\\\/\\\/www.youtube.com\\\/channel\\\/UCxL0wu1uN0_3_7hGG0306cw\"]},{\"@type\":\"Person\",\"@id\":\"https:\\\/\\\/www.bellunopress.it\\\/#\\\/schema\\\/person\\\/79bb06722b37ece1c03d3e94beb30d73\",\"name\":\"redazione\",\"image\":{\"@type\":\"ImageObject\",\"inLanguage\":\"fr-FR\",\"@id\":\"https:\\\/\\\/secure.gravatar.com\\\/avatar\\\/37d968a2e67a6fd04c169c4bdef102d0bc5d31b2546345219e348575eb80e9a0?s=96&d=mm&r=g\",\"url\":\"https:\\\/\\\/secure.gravatar.com\\\/avatar\\\/37d968a2e67a6fd04c169c4bdef102d0bc5d31b2546345219e348575eb80e9a0?s=96&d=mm&r=g\",\"contentUrl\":\"https:\\\/\\\/secure.gravatar.com\\\/avatar\\\/37d968a2e67a6fd04c169c4bdef102d0bc5d31b2546345219e348575eb80e9a0?s=96&d=mm&r=g\",\"caption\":\"redazione\"},\"sameAs\":[\"http:\\\/\\\/www.bellunopress.it\",\"https:\\\/\\\/x.com\\\/bellunopress\"],\"url\":\"https:\\\/\\\/www.bellunopress.it\\\/fr\\\/author\\\/redazione\\\/\"}]}<\/script>\n<!-- \/ Yoast SEO plugin. -->","yoast_head_json":{"title":"Frw all'Expo Bici festeggia con la bella e il campione - Bellunopress - Dolomiti","robots":{"index":"index","follow":"follow","max-snippet":"max-snippet:-1","max-image-preview":"max-image-preview:large","max-video-preview":"max-video-preview:-1"},"canonical":"https:\/\/www.bellunopress.it\/fr\/2009\/09\/18\/frw-allexpo-bici-festeggia-con-la-bella-e-il-campione\/","og_locale":"fr_FR","og_type":"article","og_title":"Frw all'Expo Bici festeggia con la bella e il campione - Bellunopress - Dolomiti","og_description":"Sabato 19 settembre alle 15 e 30 e domenica 20 alle ore 16 all\u2019Expo Bici di Padova, l\u2019azienda di biciclette di Ravenna Freewheeling presenter\u00e0 al pubblico due modelli speciali della collezione 2010: la bicicletta Brigitta e la mountain bike Lancer. Due prodotti con una storia da raccontare, che il presidente di FRW Claudio Brusi reputa [&hellip;]","og_url":"https:\/\/www.bellunopress.it\/fr\/2009\/09\/18\/frw-allexpo-bici-festeggia-con-la-bella-e-il-campione\/","og_site_name":"Bellunopress - Dolomiti","article_publisher":"https:\/\/www.facebook.com\/profile.php?id=100008943462799","article_published_time":"2009-09-18T16:48:37+00:00","og_image":[{"url":"http:\/\/www.bellunopress.it\/wp-content\/uploads\/2012\/07\/logo-bellunopress-250x250-2012.jpg","type":"","width":"","height":""}],"author":"redazione","twitter_card":"summary_large_image","twitter_creator":"@bellunopress","twitter_site":"@bellunopress","twitter_misc":{"\u00c9crit par":"redazione","Dur\u00e9e de lecture estim\u00e9e":"3 minutes"},"schema":{"@context":"https:\/\/schema.org","@graph":[{"@type":"Article","@id":"https:\/\/www.bellunopress.it\/2009\/09\/18\/frw-allexpo-bici-festeggia-con-la-bella-e-il-campione\/#article","isPartOf":{"@id":"https:\/\/www.bellunopress.it\/2009\/09\/18\/frw-allexpo-bici-festeggia-con-la-bella-e-il-campione\/"},"author":{"name":"redazione","@id":"https:\/\/www.bellunopress.it\/#\/schema\/person\/79bb06722b37ece1c03d3e94beb30d73"},"headline":"Frw all&#8217;Expo Bici festeggia con la bella e il campione","datePublished":"2009-09-18T16:48:37+00:00","mainEntityOfPage":{"@id":"https:\/\/www.bellunopress.it\/2009\/09\/18\/frw-allexpo-bici-festeggia-con-la-bella-e-il-campione\/"},"wordCount":616,"publisher":{"@id":"https:\/\/www.bellunopress.it\/#organization"},"articleSection":["Appuntamenti, Eventi","Sport, tempo libero"],"inLanguage":"fr-FR"},{"@type":"WebPage","@id":"https:\/\/www.bellunopress.it\/2009\/09\/18\/frw-allexpo-bici-festeggia-con-la-bella-e-il-campione\/","url":"https:\/\/www.bellunopress.it\/2009\/09\/18\/frw-allexpo-bici-festeggia-con-la-bella-e-il-campione\/","name":"Frw all'Expo Bici festeggia con la bella e il campione - Bellunopress - Dolomiti","isPartOf":{"@id":"https:\/\/www.bellunopress.it\/#website"},"datePublished":"2009-09-18T16:48:37+00:00","breadcrumb":{"@id":"https:\/\/www.bellunopress.it\/2009\/09\/18\/frw-allexpo-bici-festeggia-con-la-bella-e-il-campione\/#breadcrumb"},"inLanguage":"fr-FR","potentialAction":[{"@type":"ReadAction","target":["https:\/\/www.bellunopress.it\/2009\/09\/18\/frw-allexpo-bici-festeggia-con-la-bella-e-il-campione\/"]}]},{"@type":"BreadcrumbList","@id":"https:\/\/www.bellunopress.it\/2009\/09\/18\/frw-allexpo-bici-festeggia-con-la-bella-e-il-campione\/#breadcrumb","itemListElement":[{"@type":"ListItem","position":1,"name":"Home","item":"https:\/\/www.bellunopress.it\/"},{"@type":"ListItem","position":2,"name":"Frw all&#8217;Expo Bici festeggia con la bella e il campione"}]},{"@type":"WebSite","@id":"https:\/\/www.bellunopress.it\/#website","url":"https:\/\/www.bellunopress.it\/","name":"Bellunopress - Dolomiti","description":"e-mail: redazione@bellunopress.it","publisher":{"@id":"https:\/\/www.bellunopress.it\/#organization"},"potentialAction":[{"@type":"SearchAction","target":{"@type":"EntryPoint","urlTemplate":"https:\/\/www.bellunopress.it\/?s={search_term_string}"},"query-input":{"@type":"PropertyValueSpecification","valueRequired":true,"valueName":"search_term_string"}}],"inLanguage":"fr-FR"},{"@type":"Organization","@id":"https:\/\/www.bellunopress.it\/#organization","name":"Bellunopress","url":"https:\/\/www.bellunopress.it\/","logo":{"@type":"ImageObject","inLanguage":"fr-FR","@id":"https:\/\/www.bellunopress.it\/#\/schema\/logo\/image\/","url":"https:\/\/www.bellunopress.it\/wp-content\/uploads\/2011\/05\/cropped-logo-bellunopress-.jpg","contentUrl":"https:\/\/www.bellunopress.it\/wp-content\/uploads\/2011\/05\/cropped-logo-bellunopress-.jpg","width":512,"height":512,"caption":"Bellunopress"},"image":{"@id":"https:\/\/www.bellunopress.it\/#\/schema\/logo\/image\/"},"sameAs":["https:\/\/www.facebook.com\/profile.php?id=100008943462799","https:\/\/x.com\/bellunopress","https:\/\/www.linkedin.com\/hp\/?dnr=JBzUWaJfMUw8vbXJJ2tVW5-I3jZKvC4wsoxE&amp;amp;amp;amp;amp;amp;trk=nav_responsive_tab_home","https:\/\/www.youtube.com\/channel\/UCxL0wu1uN0_3_7hGG0306cw"]},{"@type":"Person","@id":"https:\/\/www.bellunopress.it\/#\/schema\/person\/79bb06722b37ece1c03d3e94beb30d73","name":"r\u00e9daction","image":{"@type":"ImageObject","inLanguage":"fr-FR","@id":"https:\/\/secure.gravatar.com\/avatar\/37d968a2e67a6fd04c169c4bdef102d0bc5d31b2546345219e348575eb80e9a0?s=96&d=mm&r=g","url":"https:\/\/secure.gravatar.com\/avatar\/37d968a2e67a6fd04c169c4bdef102d0bc5d31b2546345219e348575eb80e9a0?s=96&d=mm&r=g","contentUrl":"https:\/\/secure.gravatar.com\/avatar\/37d968a2e67a6fd04c169c4bdef102d0bc5d31b2546345219e348575eb80e9a0?s=96&d=mm&r=g","caption":"redazione"},"sameAs":["http:\/\/www.bellunopress.it","https:\/\/x.com\/bellunopress"],"url":"https:\/\/www.bellunopress.it\/fr\/author\/redazione\/"}]}},"_links":{"self":[{"href":"https:\/\/www.bellunopress.it\/fr\/wp-json\/wp\/v2\/posts\/8223","targetHints":{"allow":["GET"]}}],"collection":[{"href":"https:\/\/www.bellunopress.it\/fr\/wp-json\/wp\/v2\/posts"}],"about":[{"href":"https:\/\/www.bellunopress.it\/fr\/wp-json\/wp\/v2\/types\/post"}],"author":[{"embeddable":true,"href":"https:\/\/www.bellunopress.it\/fr\/wp-json\/wp\/v2\/users\/2"}],"replies":[{"embeddable":true,"href":"https:\/\/www.bellunopress.it\/fr\/wp-json\/wp\/v2\/comments?post=8223"}],"version-history":[{"count":1,"href":"https:\/\/www.bellunopress.it\/fr\/wp-json\/wp\/v2\/posts\/8223\/revisions"}],"predecessor-version":[{"id":8224,"href":"https:\/\/www.bellunopress.it\/fr\/wp-json\/wp\/v2\/posts\/8223\/revisions\/8224"}],"wp:attachment":[{"href":"https:\/\/www.bellunopress.it\/fr\/wp-json\/wp\/v2\/media?parent=8223"}],"wp:term":[{"taxonomy":"category","embeddable":true,"href":"https:\/\/www.bellunopress.it\/fr\/wp-json\/wp\/v2\/categories?post=8223"},{"taxonomy":"post_tag","embeddable":true,"href":"https:\/\/www.bellunopress.it\/fr\/wp-json\/wp\/v2\/tags?post=8223"}],"curies":[{"name":"wp","href":"https:\/\/api.w.org\/{rel}","templated":true}]}}