{"id":8221,"date":"2009-09-18T17:46:09","date_gmt":"2009-09-18T16:46:09","guid":{"rendered":"http:\/\/www.bellunopress.it\/?p=8221"},"modified":"2009-09-18T17:46:09","modified_gmt":"2009-09-18T16:46:09","slug":"riapre-la-stagione-teatrale-al-comunale-di-belluno","status":"publish","type":"post","link":"https:\/\/www.bellunopress.it\/fr\/2009\/09\/18\/riapre-la-stagione-teatrale-al-comunale-di-belluno\/","title":{"rendered":"Riapre la stagione teatrale al Comunale di Belluno"},"content":{"rendered":"<p>Sabato 19 settembre apertura della biglietteria del Teatro Comunale di Belluno per la Stagione Teatrale 2009\/2010. Tempo per i vecchi abbonati di Prosa, infatti, di ritirare la propria tessera esercitando il rinnovo con diritto di prelazione. La biglietteria sar\u00e0 aperta fino a sabato 26 settembre, dalle 11 alle 13 e dalle 17 alle 20 (dal luned\u00ec al sabato, domenica chiuso \u2013 INFO 0437-940349). I nuovi abbonamenti potranno invece essere ritirati da sabato 3 a sabato 10 ottobre.<br \/>\nLa Stagione Teatrale del Comunale di Belluno propone quest\u2019anno un variegato ventaglio di spettacoli che oltre alla grande prosa, alterna lirica e danza. Un cartellone unico, all\u2019insegna della qualit\u00e0 degli interpreti e delle messinscena che, anche in considerazione di una sempre pi\u00f9 ampia fruizione da parte di tutti gli spettatori dei differenti generi e delle differenti forme di spettacolo dal vivo, ospiter\u00e0 a Belluno alcune tra le migliori produzioni nazionali e internazionali di musica, teatro e danza.<br \/>\nMa torniamo alla Stagione di Prosa che si aprir\u00e0 in novembre con uno spettacolo di grande intensit\u00e0 scenica, Il Vangelo secondo Pilato (sabato 14 e domenica 15 novembre) che affida ad uno straordinario Glauco Mauri la struggente testimonianza delle ultime ore di vita di Ges\u00f9.<br \/>\nAlla commedia antica si rif\u00e0, sul versante del teatro leggero, lo spettacolo di Gianrico Tedeschi, Metti in salvo il tesoretto (sabato 28 e domenica 29 novembre), che rielabora Aulularia di Plauto, la gustosa commedia della pentola d\u2019oro, che un vecchio taccagno custodisce ad ogni costo. Ad accompagnare la festosa messinscena le musiche del CircoBanda in una affascinante baraonda, occasione antica e contemporanea per divertire, divertendosi.<br \/>\nAmore, quale incip, prima parola che genera racconto, in quel singolare glossario costituito dai Sillabari (sabato 12 e domenica 13 dicembre) di Goffredo Parise da cui trae ispirazione lo spumeggiante spettacolo di Paolo Poli, da tempo assente dalla ribalta bellunese.<br \/>\nAlla grande tradizione teatrale ritorneremo con Sei personaggi in cerca d\u2019autore (sabato 9 e domenica 10 gennaio) per la regia di Giulio Bosetti.<br \/>\nAlla riscoperta del repertorio teatrale veneto dei primi novecento, si \u00e8 inteso rivolgere un pensiero attraverso l\u2019opera di un autore dello spessore di Renato Simoni, che in Tramonto (sabato 23 e domenica 24 gennaio), cesella con assoluta maestria la figura di un uomo ormai in et\u00e0, destinato, per la prima volta, a fare i conti con se stesso.<br \/>\nA seguire Il Gabbiano (sabato 13 e domenica 14 febbraio) di Anton Cechov, nell\u2019intenso allestimento di Marco Bernardi. Nel celebre testo russo di fine ottocento, c\u2019\u00e8 l\u2019eco di una societ\u00e0 in mutamento, un movimento le cui inquietudini si riflettono anche nella tenuta di campagna in cui \u00e8 ambientata l\u2019azione e dalla quale si sognano possibili vie di fuga, si prefigurano destini, alla quale si torna per poi partire di nuovo, di nuovo in cerca del proprio ruolo nella societ\u00e0.<br \/>\nIl grande tema dell\u2019amore, declinato attraverso la tragedia di Romeo e Giulietta (sabato 20 e domenica 21 febbraio) di William Shakespeare, ritorna nell\u2019avvincente messinscena di Ferdinando Bruni. Qui \u00e8 la forza assoluta della passione amorosa dei due giovani a infrangersi contro la rivalit\u00e0 assoluta delle loro famiglie. Solo la morte permetter\u00e0 al loro grido d\u2019amore di far tacere l\u2019odio, consegnandoli per sempre all\u2019eternit\u00e0.<br \/>\nSignora della scena \u00e8 la bravissima Giuliana Loiodice, che ne Le conversazioni di Anna K. (sabato 13 e domenica 14 marzo) di Ugo Chiti, tratto da Le metamorfosi di Franz Kafka, sapr\u00e0 profondere umanit\u00e0 nei confronti del giovane che ha subito una infelice trasformazione, stabilendo con lui, al di l\u00e0 del suo aspetto, al di l\u00e0 della sua diversit\u00e0, un rapporto tenero e profondo all\u2019insegna del rispetto.<br \/>\nInfine un classico quale La Locandiera (sabato 27 e domenica 28 marzo) di Carlo Goldoni che rivive nei panni di Elena Bucci, che ne firma anche la regia, e torna a confrontarsi con l\u2019universo goldoniano dopo Le Smanie per la Villeggiatura che le \u00e8 valso il premio quale Migliore Spettacolo agli Olimpici del Teatro.<br \/>\nMa quest\u2019anno gli abbonati della Fondazione avranno anche l\u2019occasione di seguire tre serate di lirica, due presso il Teatro Comunale di Belluno e una a Treviso. E sar\u00e0 proprio la lirica ad inaugurare la Stagione Teatrale del Comunale di Belluno con Rigoletto in forma di concerto (sabato 24 ottobre), nella magistrale esecuzione dell\u2019Orchestra Filarmonia Veneta, una delle formazioni di maggior rilievo della nostra Regione. L\u2019opera, considerata, insieme a Traviata e Il trovatore, tra i primi capolavori della maturit\u00e0 verdiana racchiude in s\u00e9 tutti i temi cari al compositore: potere, destino, e amore cui si aggiunge quello della deformit\u00e0 fisica e morale dell\u2019uomo. E poi, poco prima di Natale (sabato 19 dicembre), il prestigioso concerto lirico Da Rossini ai telefoni bianchi, della vincitrice del Concorso Internazionale ToTi Dal Monte, Caterina Di Tonno che, accompagnata dal noto pianista londinese Richard Barker, interpreter\u00e0 alcune celebri arie del repertorio lirico di tutti i tempi. Inoltre, come si diceva, presso il Teatro Comunale di Treviso, gli spettatori bellunesi potranno assistere all\u2019opera La vera costanza di Franz Josef Haydn (domenica 22 novembre h 16:00 \u2013 spettacolo fuori abbonamento), per la regia del ben noto regista teatrale Elio de Capitani e l\u2019esecuzione dell\u2019Orquesta Escuela de la Sinfonica de Madrid, frutto di un grande progetto europeo collegato al bicentenario haydniano. Per questo spettacolo la Fondazione Teatri delle Dolomiti metter\u00e0 a disposizione una corriera per il trasporto gratuito degli spettatori a Treviso.<br \/>\nSul fronte della danza altri tre appuntamenti in abbonamento, a dicembre, gennaio e febbraio con tre proposte molto diverse fra loro. Alla fragile esistenza umana si ispira il primo spettacolo Senza Memoria (sabato 5 dicembre) della coreografa veronese Sisina Augusta, che affida al gesto e all\u2019eloquente sinfonia del silenzio, il deserto della mente legato alla perdita del s\u00e9, che solo l\u2019amore sa lenire. Passione e sensualit\u00e0 in Divino Tango (sabato 30 gennaio) di Adrian Aragon ed Erika Boaglio, in una messinscena struggente in cui ballerini, musicisti e cantanti concorrono ad uno spettacolo di grande impatto emotivo, sulle note pi\u00f9 celebri del tango da Gardel a Piazzolla. Ed infine l\u2019emblema della seduzione amorosa, Giacomo Casanova (domenica 28 febbraio), evocato attraverso episodi della sua vita, accompagnati da musiche del settecento, nell\u2019omonimo spettacolo di danza contemporanea, proposto da Ater Balletto, in cui il mito del virtuosismo erotico, viene reinterpretato dal coreografo Eugenio Scigliano quale simbolo di una vita al limite, destinata a incontrare un ineluttabile destino di solitudine.<br \/>\nRimangono invariati i costi degli abbonamenti della Stagione di Prosa: euro 153,00 in platea e prima galleria centrale; euro 117,00 in galleria laterale; euro 81,00 in loggione. Ad essi gli abbonati potranno aggiungere gli appuntamenti di lirica per un costo complessivo (Prosa+Lirica) di euro 193,00 in platea e prima galleria centrale; euro 150,00 in galleria laterale; euro 100,00 in loggione. Ed infine gli spettacoli di danza con una tessera (valida per tre spettacoli) del costo ridotto (in quanto abbonati della Fondazione) di euro 40,00.<br \/>\nContinua anche per la Stagione Teatrale 2009\/2010 la promozione dedicata ai giovani fino ai 24 anni che al costo di euro 81,00 potranno assistere a tutti gli spettacoli della Stagione di Prosa e con euro 100,00 potranno avere la tessera Prosa+Lirica. Info 0437-943303.<\/p>","protected":false},"excerpt":{"rendered":"<p>Sabato 19 settembre apertura della biglietteria del Teatro Comunale di Belluno per la Stagione Teatrale 2009\/2010. Tempo per i vecchi abbonati di Prosa, infatti, di ritirare la propria tessera esercitando il rinnovo con diritto di prelazione. La biglietteria sar\u00e0 aperta fino a sabato 26 settembre, dalle 11 alle 13 e dalle 17 alle 20 (dal [&hellip;]<\/p>\n","protected":false},"author":2,"featured_media":0,"comment_status":"closed","ping_status":"open","sticky":false,"template":"","format":"standard","meta":{"footnotes":""},"categories":[3,25],"tags":[139,63],"class_list":["post-8221","post","type-post","status-publish","format-standard","category-arte-cultura-spettacoli-scienza-archivi","category-pausa-caffe","tag-belluno","tag-dolomiti"],"yoast_head":"<!-- This site is optimized with the Yoast SEO plugin v28.4 - https:\/\/yoast.com\/product\/yoast-seo-wordpress\/ -->\n<title>Riapre la stagione teatrale al Comunale di Belluno - Bellunopress - Dolomiti<\/title>\n<meta name=\"robots\" content=\"index, follow, max-snippet:-1, max-image-preview:large, max-video-preview:-1\" \/>\n<link rel=\"canonical\" href=\"https:\/\/www.bellunopress.it\/fr\/2009\/09\/18\/riapre-la-stagione-teatrale-al-comunale-di-belluno\/\" \/>\n<meta property=\"og:locale\" content=\"fr_FR\" \/>\n<meta property=\"og:type\" content=\"article\" \/>\n<meta property=\"og:title\" content=\"Riapre la stagione teatrale al Comunale di Belluno - Bellunopress - Dolomiti\" \/>\n<meta property=\"og:description\" content=\"Sabato 19 settembre apertura della biglietteria del Teatro Comunale di Belluno per la Stagione Teatrale 2009\/2010. Tempo per i vecchi abbonati di Prosa, infatti, di ritirare la propria tessera esercitando il rinnovo con diritto di prelazione. La biglietteria sar\u00e0 aperta fino a sabato 26 settembre, dalle 11 alle 13 e dalle 17 alle 20 (dal [&hellip;]\" \/>\n<meta property=\"og:url\" content=\"https:\/\/www.bellunopress.it\/fr\/2009\/09\/18\/riapre-la-stagione-teatrale-al-comunale-di-belluno\/\" \/>\n<meta property=\"og:site_name\" content=\"Bellunopress - Dolomiti\" \/>\n<meta property=\"article:publisher\" content=\"https:\/\/www.facebook.com\/profile.php?id=100008943462799\" \/>\n<meta property=\"article:published_time\" content=\"2009-09-18T16:46:09+00:00\" \/>\n<meta property=\"og:image\" content=\"http:\/\/www.bellunopress.it\/wp-content\/uploads\/2012\/07\/logo-bellunopress-250x250-2012.jpg\" \/>\n<meta name=\"author\" content=\"redazione\" \/>\n<meta name=\"twitter:card\" content=\"summary_large_image\" \/>\n<meta name=\"twitter:creator\" content=\"@bellunopress\" \/>\n<meta name=\"twitter:site\" content=\"@bellunopress\" \/>\n<meta name=\"twitter:label1\" content=\"\u00c9crit par\" \/>\n\t<meta name=\"twitter:data1\" content=\"redazione\" \/>\n\t<meta name=\"twitter:label2\" content=\"Dur\u00e9e de lecture estim\u00e9e\" \/>\n\t<meta name=\"twitter:data2\" content=\"6 minutes\" \/>\n<script type=\"application\/ld+json\" class=\"yoast-schema-graph\">{\"@context\":\"https:\\\/\\\/schema.org\",\"@graph\":[{\"@type\":\"Article\",\"@id\":\"https:\\\/\\\/www.bellunopress.it\\\/2009\\\/09\\\/18\\\/riapre-la-stagione-teatrale-al-comunale-di-belluno\\\/#article\",\"isPartOf\":{\"@id\":\"https:\\\/\\\/www.bellunopress.it\\\/2009\\\/09\\\/18\\\/riapre-la-stagione-teatrale-al-comunale-di-belluno\\\/\"},\"author\":{\"name\":\"redazione\",\"@id\":\"https:\\\/\\\/www.bellunopress.it\\\/#\\\/schema\\\/person\\\/79bb06722b37ece1c03d3e94beb30d73\"},\"headline\":\"Riapre la stagione teatrale al Comunale di Belluno\",\"datePublished\":\"2009-09-18T16:46:09+00:00\",\"mainEntityOfPage\":{\"@id\":\"https:\\\/\\\/www.bellunopress.it\\\/2009\\\/09\\\/18\\\/riapre-la-stagione-teatrale-al-comunale-di-belluno\\\/\"},\"wordCount\":1158,\"publisher\":{\"@id\":\"https:\\\/\\\/www.bellunopress.it\\\/#organization\"},\"keywords\":[\"Belluno\",\"Dolomiti\"],\"articleSection\":[\"Arte, Cultura, Spettacoli, Scienza\",\"Pausa Caff\u00e8\"],\"inLanguage\":\"fr-FR\"},{\"@type\":\"WebPage\",\"@id\":\"https:\\\/\\\/www.bellunopress.it\\\/2009\\\/09\\\/18\\\/riapre-la-stagione-teatrale-al-comunale-di-belluno\\\/\",\"url\":\"https:\\\/\\\/www.bellunopress.it\\\/2009\\\/09\\\/18\\\/riapre-la-stagione-teatrale-al-comunale-di-belluno\\\/\",\"name\":\"Riapre la stagione teatrale al Comunale di Belluno - Bellunopress - Dolomiti\",\"isPartOf\":{\"@id\":\"https:\\\/\\\/www.bellunopress.it\\\/#website\"},\"datePublished\":\"2009-09-18T16:46:09+00:00\",\"breadcrumb\":{\"@id\":\"https:\\\/\\\/www.bellunopress.it\\\/2009\\\/09\\\/18\\\/riapre-la-stagione-teatrale-al-comunale-di-belluno\\\/#breadcrumb\"},\"inLanguage\":\"fr-FR\",\"potentialAction\":[{\"@type\":\"ReadAction\",\"target\":[\"https:\\\/\\\/www.bellunopress.it\\\/2009\\\/09\\\/18\\\/riapre-la-stagione-teatrale-al-comunale-di-belluno\\\/\"]}]},{\"@type\":\"BreadcrumbList\",\"@id\":\"https:\\\/\\\/www.bellunopress.it\\\/2009\\\/09\\\/18\\\/riapre-la-stagione-teatrale-al-comunale-di-belluno\\\/#breadcrumb\",\"itemListElement\":[{\"@type\":\"ListItem\",\"position\":1,\"name\":\"Home\",\"item\":\"https:\\\/\\\/www.bellunopress.it\\\/\"},{\"@type\":\"ListItem\",\"position\":2,\"name\":\"Riapre la stagione teatrale al Comunale di Belluno\"}]},{\"@type\":\"WebSite\",\"@id\":\"https:\\\/\\\/www.bellunopress.it\\\/#website\",\"url\":\"https:\\\/\\\/www.bellunopress.it\\\/\",\"name\":\"Bellunopress - Dolomiti\",\"description\":\"e-mail: redazione@bellunopress.it\",\"publisher\":{\"@id\":\"https:\\\/\\\/www.bellunopress.it\\\/#organization\"},\"potentialAction\":[{\"@type\":\"SearchAction\",\"target\":{\"@type\":\"EntryPoint\",\"urlTemplate\":\"https:\\\/\\\/www.bellunopress.it\\\/?s={search_term_string}\"},\"query-input\":{\"@type\":\"PropertyValueSpecification\",\"valueRequired\":true,\"valueName\":\"search_term_string\"}}],\"inLanguage\":\"fr-FR\"},{\"@type\":\"Organization\",\"@id\":\"https:\\\/\\\/www.bellunopress.it\\\/#organization\",\"name\":\"Bellunopress\",\"url\":\"https:\\\/\\\/www.bellunopress.it\\\/\",\"logo\":{\"@type\":\"ImageObject\",\"inLanguage\":\"fr-FR\",\"@id\":\"https:\\\/\\\/www.bellunopress.it\\\/#\\\/schema\\\/logo\\\/image\\\/\",\"url\":\"https:\\\/\\\/www.bellunopress.it\\\/wp-content\\\/uploads\\\/2011\\\/05\\\/cropped-logo-bellunopress-.jpg\",\"contentUrl\":\"https:\\\/\\\/www.bellunopress.it\\\/wp-content\\\/uploads\\\/2011\\\/05\\\/cropped-logo-bellunopress-.jpg\",\"width\":512,\"height\":512,\"caption\":\"Bellunopress\"},\"image\":{\"@id\":\"https:\\\/\\\/www.bellunopress.it\\\/#\\\/schema\\\/logo\\\/image\\\/\"},\"sameAs\":[\"https:\\\/\\\/www.facebook.com\\\/profile.php?id=100008943462799\",\"https:\\\/\\\/x.com\\\/bellunopress\",\"https:\\\/\\\/www.linkedin.com\\\/hp\\\/?dnr=JBzUWaJfMUw8vbXJJ2tVW5-I3jZKvC4wsoxE&amp;amp;amp;amp;amp;amp;trk=nav_responsive_tab_home\",\"https:\\\/\\\/www.youtube.com\\\/channel\\\/UCxL0wu1uN0_3_7hGG0306cw\"]},{\"@type\":\"Person\",\"@id\":\"https:\\\/\\\/www.bellunopress.it\\\/#\\\/schema\\\/person\\\/79bb06722b37ece1c03d3e94beb30d73\",\"name\":\"redazione\",\"image\":{\"@type\":\"ImageObject\",\"inLanguage\":\"fr-FR\",\"@id\":\"https:\\\/\\\/secure.gravatar.com\\\/avatar\\\/37d968a2e67a6fd04c169c4bdef102d0bc5d31b2546345219e348575eb80e9a0?s=96&d=mm&r=g\",\"url\":\"https:\\\/\\\/secure.gravatar.com\\\/avatar\\\/37d968a2e67a6fd04c169c4bdef102d0bc5d31b2546345219e348575eb80e9a0?s=96&d=mm&r=g\",\"contentUrl\":\"https:\\\/\\\/secure.gravatar.com\\\/avatar\\\/37d968a2e67a6fd04c169c4bdef102d0bc5d31b2546345219e348575eb80e9a0?s=96&d=mm&r=g\",\"caption\":\"redazione\"},\"sameAs\":[\"http:\\\/\\\/www.bellunopress.it\",\"https:\\\/\\\/x.com\\\/bellunopress\"],\"url\":\"https:\\\/\\\/www.bellunopress.it\\\/fr\\\/author\\\/redazione\\\/\"}]}<\/script>\n<!-- \/ Yoast SEO plugin. -->","yoast_head_json":{"title":"Riapre la stagione teatrale al Comunale di Belluno - Bellunopress - Dolomiti","robots":{"index":"index","follow":"follow","max-snippet":"max-snippet:-1","max-image-preview":"max-image-preview:large","max-video-preview":"max-video-preview:-1"},"canonical":"https:\/\/www.bellunopress.it\/fr\/2009\/09\/18\/riapre-la-stagione-teatrale-al-comunale-di-belluno\/","og_locale":"fr_FR","og_type":"article","og_title":"Riapre la stagione teatrale al Comunale di Belluno - Bellunopress - Dolomiti","og_description":"Sabato 19 settembre apertura della biglietteria del Teatro Comunale di Belluno per la Stagione Teatrale 2009\/2010. Tempo per i vecchi abbonati di Prosa, infatti, di ritirare la propria tessera esercitando il rinnovo con diritto di prelazione. La biglietteria sar\u00e0 aperta fino a sabato 26 settembre, dalle 11 alle 13 e dalle 17 alle 20 (dal [&hellip;]","og_url":"https:\/\/www.bellunopress.it\/fr\/2009\/09\/18\/riapre-la-stagione-teatrale-al-comunale-di-belluno\/","og_site_name":"Bellunopress - Dolomiti","article_publisher":"https:\/\/www.facebook.com\/profile.php?id=100008943462799","article_published_time":"2009-09-18T16:46:09+00:00","og_image":[{"url":"http:\/\/www.bellunopress.it\/wp-content\/uploads\/2012\/07\/logo-bellunopress-250x250-2012.jpg","type":"","width":"","height":""}],"author":"redazione","twitter_card":"summary_large_image","twitter_creator":"@bellunopress","twitter_site":"@bellunopress","twitter_misc":{"\u00c9crit par":"redazione","Dur\u00e9e de lecture estim\u00e9e":"6 minutes"},"schema":{"@context":"https:\/\/schema.org","@graph":[{"@type":"Article","@id":"https:\/\/www.bellunopress.it\/2009\/09\/18\/riapre-la-stagione-teatrale-al-comunale-di-belluno\/#article","isPartOf":{"@id":"https:\/\/www.bellunopress.it\/2009\/09\/18\/riapre-la-stagione-teatrale-al-comunale-di-belluno\/"},"author":{"name":"redazione","@id":"https:\/\/www.bellunopress.it\/#\/schema\/person\/79bb06722b37ece1c03d3e94beb30d73"},"headline":"Riapre la stagione teatrale al Comunale di Belluno","datePublished":"2009-09-18T16:46:09+00:00","mainEntityOfPage":{"@id":"https:\/\/www.bellunopress.it\/2009\/09\/18\/riapre-la-stagione-teatrale-al-comunale-di-belluno\/"},"wordCount":1158,"publisher":{"@id":"https:\/\/www.bellunopress.it\/#organization"},"keywords":["Belluno","Dolomiti"],"articleSection":["Arte, Cultura, Spettacoli, Scienza","Pausa Caff\u00e8"],"inLanguage":"fr-FR"},{"@type":"WebPage","@id":"https:\/\/www.bellunopress.it\/2009\/09\/18\/riapre-la-stagione-teatrale-al-comunale-di-belluno\/","url":"https:\/\/www.bellunopress.it\/2009\/09\/18\/riapre-la-stagione-teatrale-al-comunale-di-belluno\/","name":"Riapre la stagione teatrale al Comunale di Belluno - Bellunopress - Dolomiti","isPartOf":{"@id":"https:\/\/www.bellunopress.it\/#website"},"datePublished":"2009-09-18T16:46:09+00:00","breadcrumb":{"@id":"https:\/\/www.bellunopress.it\/2009\/09\/18\/riapre-la-stagione-teatrale-al-comunale-di-belluno\/#breadcrumb"},"inLanguage":"fr-FR","potentialAction":[{"@type":"ReadAction","target":["https:\/\/www.bellunopress.it\/2009\/09\/18\/riapre-la-stagione-teatrale-al-comunale-di-belluno\/"]}]},{"@type":"BreadcrumbList","@id":"https:\/\/www.bellunopress.it\/2009\/09\/18\/riapre-la-stagione-teatrale-al-comunale-di-belluno\/#breadcrumb","itemListElement":[{"@type":"ListItem","position":1,"name":"Home","item":"https:\/\/www.bellunopress.it\/"},{"@type":"ListItem","position":2,"name":"Riapre la stagione teatrale al Comunale di Belluno"}]},{"@type":"WebSite","@id":"https:\/\/www.bellunopress.it\/#website","url":"https:\/\/www.bellunopress.it\/","name":"Bellunopress - Dolomiti","description":"e-mail: redazione@bellunopress.it","publisher":{"@id":"https:\/\/www.bellunopress.it\/#organization"},"potentialAction":[{"@type":"SearchAction","target":{"@type":"EntryPoint","urlTemplate":"https:\/\/www.bellunopress.it\/?s={search_term_string}"},"query-input":{"@type":"PropertyValueSpecification","valueRequired":true,"valueName":"search_term_string"}}],"inLanguage":"fr-FR"},{"@type":"Organization","@id":"https:\/\/www.bellunopress.it\/#organization","name":"Bellunopress","url":"https:\/\/www.bellunopress.it\/","logo":{"@type":"ImageObject","inLanguage":"fr-FR","@id":"https:\/\/www.bellunopress.it\/#\/schema\/logo\/image\/","url":"https:\/\/www.bellunopress.it\/wp-content\/uploads\/2011\/05\/cropped-logo-bellunopress-.jpg","contentUrl":"https:\/\/www.bellunopress.it\/wp-content\/uploads\/2011\/05\/cropped-logo-bellunopress-.jpg","width":512,"height":512,"caption":"Bellunopress"},"image":{"@id":"https:\/\/www.bellunopress.it\/#\/schema\/logo\/image\/"},"sameAs":["https:\/\/www.facebook.com\/profile.php?id=100008943462799","https:\/\/x.com\/bellunopress","https:\/\/www.linkedin.com\/hp\/?dnr=JBzUWaJfMUw8vbXJJ2tVW5-I3jZKvC4wsoxE&amp;amp;amp;amp;amp;amp;trk=nav_responsive_tab_home","https:\/\/www.youtube.com\/channel\/UCxL0wu1uN0_3_7hGG0306cw"]},{"@type":"Person","@id":"https:\/\/www.bellunopress.it\/#\/schema\/person\/79bb06722b37ece1c03d3e94beb30d73","name":"r\u00e9daction","image":{"@type":"ImageObject","inLanguage":"fr-FR","@id":"https:\/\/secure.gravatar.com\/avatar\/37d968a2e67a6fd04c169c4bdef102d0bc5d31b2546345219e348575eb80e9a0?s=96&d=mm&r=g","url":"https:\/\/secure.gravatar.com\/avatar\/37d968a2e67a6fd04c169c4bdef102d0bc5d31b2546345219e348575eb80e9a0?s=96&d=mm&r=g","contentUrl":"https:\/\/secure.gravatar.com\/avatar\/37d968a2e67a6fd04c169c4bdef102d0bc5d31b2546345219e348575eb80e9a0?s=96&d=mm&r=g","caption":"redazione"},"sameAs":["http:\/\/www.bellunopress.it","https:\/\/x.com\/bellunopress"],"url":"https:\/\/www.bellunopress.it\/fr\/author\/redazione\/"}]}},"_links":{"self":[{"href":"https:\/\/www.bellunopress.it\/fr\/wp-json\/wp\/v2\/posts\/8221","targetHints":{"allow":["GET"]}}],"collection":[{"href":"https:\/\/www.bellunopress.it\/fr\/wp-json\/wp\/v2\/posts"}],"about":[{"href":"https:\/\/www.bellunopress.it\/fr\/wp-json\/wp\/v2\/types\/post"}],"author":[{"embeddable":true,"href":"https:\/\/www.bellunopress.it\/fr\/wp-json\/wp\/v2\/users\/2"}],"replies":[{"embeddable":true,"href":"https:\/\/www.bellunopress.it\/fr\/wp-json\/wp\/v2\/comments?post=8221"}],"version-history":[{"count":1,"href":"https:\/\/www.bellunopress.it\/fr\/wp-json\/wp\/v2\/posts\/8221\/revisions"}],"predecessor-version":[{"id":8222,"href":"https:\/\/www.bellunopress.it\/fr\/wp-json\/wp\/v2\/posts\/8221\/revisions\/8222"}],"wp:attachment":[{"href":"https:\/\/www.bellunopress.it\/fr\/wp-json\/wp\/v2\/media?parent=8221"}],"wp:term":[{"taxonomy":"category","embeddable":true,"href":"https:\/\/www.bellunopress.it\/fr\/wp-json\/wp\/v2\/categories?post=8221"},{"taxonomy":"post_tag","embeddable":true,"href":"https:\/\/www.bellunopress.it\/fr\/wp-json\/wp\/v2\/tags?post=8221"}],"curies":[{"name":"wp","href":"https:\/\/api.w.org\/{rel}","templated":true}]}}