{"id":8210,"date":"2009-09-18T15:15:22","date_gmt":"2009-09-18T14:15:22","guid":{"rendered":"http:\/\/www.bellunopress.it\/?p=8210"},"modified":"2009-09-18T15:15:22","modified_gmt":"2009-09-18T14:15:22","slug":"oscar-de-bona-e-il-caso-soprintendenza-%e2%80%9cnon-mi-sono-contraddetto-va-soppressa%e2%80%9d","status":"publish","type":"post","link":"https:\/\/www.bellunopress.it\/fr\/2009\/09\/18\/oscar-de-bona-e-il-caso-soprintendenza-%e2%80%9cnon-mi-sono-contraddetto-va-soppressa%e2%80%9d\/","title":{"rendered":"Oscar De Bona e il caso Soprintendenza: \u201cnon mi sono contraddetto, va soppressa!\u201d"},"content":{"rendered":"<p>Oscar De Bona raccoglie la provocazione e ringrazia. L\u2019assessore regionale \u00e8 grato al gruppo consiliare del Pd in Provincia che gli permette di tornare sull\u2019argomento relativo alla variante di Piz-Gron e quindi sulla Soprintendenza.\u00a0 \u00abMi preme\u00a0 innanzi tutto sottolineare \u2013 precisa De Bona \u2013 che non ho mai detto, in riferimento all\u2019amministrazione Reolon, che vi siano stati dei demeriti. Parlando della variante Piz-Gron e dei lunghi tempi d\u2019attesa per il nuovo progetto, non volevo sminuire chi \u00e8 venuto dopo di me a Palazzo Piloni, ma semplicemente porre l\u2019accento sul \u201ccaso Soprintendenza\u201d . Un fatto per\u00f2 fa specie: che si dica che mi sono contraddetto riferendomi alla Soprintendenza che, ribadisco, ha potere assoluto di interdizione in tutti gli ambiti della vita sociale ed economica delle nostre comunit\u00e0. Sono convinto della necessit\u00e0 di sopprimere quell\u2019istituto censore e che la strada maestra sia quella di far assorbire all\u2019amministrazione provinciale le competenze che attualmente appartengono alla Soprintendenza, cos\u00ec come avviene nelle Province a statuto speciale\u00bb. \u00abTornando alla variante in oggetto \u2013 conclude Oscar De Bona\u00a0 &#8211; chiedo al Pd di Palazzo Piloni, che sostiene che bisogna trovare consenso e mediare, se ritenga giustificabile che siano trascorsi 5 anni di consultazioni di Reolon e che alla fine la realizzazione dell\u2019opera sia in mano a Bottacin. E\u2019 giusto tutto questo lungo iter? Ecco perch\u00e9 accetto anche il vostro giudizio di essere bellicoso e\u00a0 con la Soprintendenza\u00bb.<\/p>","protected":false},"excerpt":{"rendered":"<p>Oscar De Bona raccoglie la provocazione e ringrazia. L\u2019assessore regionale \u00e8 grato al gruppo consiliare del Pd in Provincia che gli permette di tornare sull\u2019argomento relativo alla variante di Piz-Gron e quindi sulla Soprintendenza.\u00a0 \u00abMi preme\u00a0 innanzi tutto sottolineare \u2013 precisa De Bona \u2013 che non ho mai detto, in riferimento all\u2019amministrazione Reolon, che vi [&hellip;]<\/p>\n","protected":false},"author":2,"featured_media":0,"comment_status":"closed","ping_status":"open","sticky":false,"template":"","format":"standard","meta":{"footnotes":""},"categories":[5,26],"tags":[],"class_list":["post-8210","post","type-post","status-publish","format-standard","category-cronaca","category-prima-pagina"],"yoast_head":"<!-- This site is optimized with the Yoast SEO plugin v28.4 - https:\/\/yoast.com\/product\/yoast-seo-wordpress\/ -->\n<title>Oscar De Bona e il caso Soprintendenza: \u201cnon mi sono contraddetto, va soppressa!\u201d - Bellunopress - Dolomiti<\/title>\n<meta name=\"robots\" content=\"index, follow, max-snippet:-1, max-image-preview:large, max-video-preview:-1\" \/>\n<link rel=\"canonical\" href=\"https:\/\/www.bellunopress.it\/fr\/2009\/09\/18\/oscar-de-bona-e-il-caso-soprintendenza-\u201cnon-mi-sono-contraddetto-va-soppressa\u201d\/\" \/>\n<meta property=\"og:locale\" content=\"fr_FR\" \/>\n<meta property=\"og:type\" content=\"article\" \/>\n<meta property=\"og:title\" content=\"Oscar De Bona e il caso Soprintendenza: \u201cnon mi sono contraddetto, va soppressa!\u201d - Bellunopress - Dolomiti\" \/>\n<meta property=\"og:description\" content=\"Oscar De Bona raccoglie la provocazione e ringrazia. L\u2019assessore regionale \u00e8 grato al gruppo consiliare del Pd in Provincia che gli permette di tornare sull\u2019argomento relativo alla variante di Piz-Gron e quindi sulla Soprintendenza.\u00a0 \u00abMi preme\u00a0 innanzi tutto sottolineare \u2013 precisa De Bona \u2013 che non ho mai detto, in riferimento all\u2019amministrazione Reolon, che vi [&hellip;]\" \/>\n<meta property=\"og:url\" content=\"https:\/\/www.bellunopress.it\/fr\/2009\/09\/18\/oscar-de-bona-e-il-caso-soprintendenza-\u201cnon-mi-sono-contraddetto-va-soppressa\u201d\/\" \/>\n<meta property=\"og:site_name\" content=\"Bellunopress - Dolomiti\" \/>\n<meta property=\"article:publisher\" content=\"https:\/\/www.facebook.com\/profile.php?id=100008943462799\" \/>\n<meta property=\"article:published_time\" content=\"2009-09-18T14:15:22+00:00\" \/>\n<meta property=\"og:image\" content=\"http:\/\/www.bellunopress.it\/wp-content\/uploads\/2012\/07\/logo-bellunopress-250x250-2012.jpg\" \/>\n<meta name=\"author\" content=\"redazione\" \/>\n<meta name=\"twitter:card\" content=\"summary_large_image\" \/>\n<meta name=\"twitter:creator\" content=\"@bellunopress\" \/>\n<meta name=\"twitter:site\" content=\"@bellunopress\" \/>\n<meta name=\"twitter:label1\" content=\"\u00c9crit par\" \/>\n\t<meta name=\"twitter:data1\" content=\"redazione\" \/>\n\t<meta name=\"twitter:label2\" content=\"Dur\u00e9e de lecture estim\u00e9e\" \/>\n\t<meta name=\"twitter:data2\" content=\"1 minute\" \/>\n<script type=\"application\/ld+json\" class=\"yoast-schema-graph\">{\"@context\":\"https:\\\/\\\/schema.org\",\"@graph\":[{\"@type\":\"Article\",\"@id\":\"https:\\\/\\\/www.bellunopress.it\\\/2009\\\/09\\\/18\\\/oscar-de-bona-e-il-caso-soprintendenza-%e2%80%9cnon-mi-sono-contraddetto-va-soppressa%e2%80%9d\\\/#article\",\"isPartOf\":{\"@id\":\"https:\\\/\\\/www.bellunopress.it\\\/2009\\\/09\\\/18\\\/oscar-de-bona-e-il-caso-soprintendenza-%e2%80%9cnon-mi-sono-contraddetto-va-soppressa%e2%80%9d\\\/\"},\"author\":{\"name\":\"redazione\",\"@id\":\"https:\\\/\\\/www.bellunopress.it\\\/#\\\/schema\\\/person\\\/79bb06722b37ece1c03d3e94beb30d73\"},\"headline\":\"Oscar De Bona e il caso Soprintendenza: \u201cnon mi sono contraddetto, va soppressa!\u201d\",\"datePublished\":\"2009-09-18T14:15:22+00:00\",\"mainEntityOfPage\":{\"@id\":\"https:\\\/\\\/www.bellunopress.it\\\/2009\\\/09\\\/18\\\/oscar-de-bona-e-il-caso-soprintendenza-%e2%80%9cnon-mi-sono-contraddetto-va-soppressa%e2%80%9d\\\/\"},\"wordCount\":244,\"publisher\":{\"@id\":\"https:\\\/\\\/www.bellunopress.it\\\/#organization\"},\"articleSection\":[\"Cronaca\\\/Politica\",\"Prima Pagina\"],\"inLanguage\":\"fr-FR\"},{\"@type\":\"WebPage\",\"@id\":\"https:\\\/\\\/www.bellunopress.it\\\/2009\\\/09\\\/18\\\/oscar-de-bona-e-il-caso-soprintendenza-%e2%80%9cnon-mi-sono-contraddetto-va-soppressa%e2%80%9d\\\/\",\"url\":\"https:\\\/\\\/www.bellunopress.it\\\/2009\\\/09\\\/18\\\/oscar-de-bona-e-il-caso-soprintendenza-%e2%80%9cnon-mi-sono-contraddetto-va-soppressa%e2%80%9d\\\/\",\"name\":\"Oscar De Bona e il caso Soprintendenza: \u201cnon mi sono contraddetto, va soppressa!\u201d - Bellunopress - Dolomiti\",\"isPartOf\":{\"@id\":\"https:\\\/\\\/www.bellunopress.it\\\/#website\"},\"datePublished\":\"2009-09-18T14:15:22+00:00\",\"breadcrumb\":{\"@id\":\"https:\\\/\\\/www.bellunopress.it\\\/2009\\\/09\\\/18\\\/oscar-de-bona-e-il-caso-soprintendenza-%e2%80%9cnon-mi-sono-contraddetto-va-soppressa%e2%80%9d\\\/#breadcrumb\"},\"inLanguage\":\"fr-FR\",\"potentialAction\":[{\"@type\":\"ReadAction\",\"target\":[\"https:\\\/\\\/www.bellunopress.it\\\/2009\\\/09\\\/18\\\/oscar-de-bona-e-il-caso-soprintendenza-%e2%80%9cnon-mi-sono-contraddetto-va-soppressa%e2%80%9d\\\/\"]}]},{\"@type\":\"BreadcrumbList\",\"@id\":\"https:\\\/\\\/www.bellunopress.it\\\/2009\\\/09\\\/18\\\/oscar-de-bona-e-il-caso-soprintendenza-%e2%80%9cnon-mi-sono-contraddetto-va-soppressa%e2%80%9d\\\/#breadcrumb\",\"itemListElement\":[{\"@type\":\"ListItem\",\"position\":1,\"name\":\"Home\",\"item\":\"https:\\\/\\\/www.bellunopress.it\\\/\"},{\"@type\":\"ListItem\",\"position\":2,\"name\":\"Oscar De Bona e il caso Soprintendenza: \u201cnon mi sono contraddetto, va soppressa!\u201d\"}]},{\"@type\":\"WebSite\",\"@id\":\"https:\\\/\\\/www.bellunopress.it\\\/#website\",\"url\":\"https:\\\/\\\/www.bellunopress.it\\\/\",\"name\":\"Bellunopress - Dolomiti\",\"description\":\"e-mail: redazione@bellunopress.it\",\"publisher\":{\"@id\":\"https:\\\/\\\/www.bellunopress.it\\\/#organization\"},\"potentialAction\":[{\"@type\":\"SearchAction\",\"target\":{\"@type\":\"EntryPoint\",\"urlTemplate\":\"https:\\\/\\\/www.bellunopress.it\\\/?s={search_term_string}\"},\"query-input\":{\"@type\":\"PropertyValueSpecification\",\"valueRequired\":true,\"valueName\":\"search_term_string\"}}],\"inLanguage\":\"fr-FR\"},{\"@type\":\"Organization\",\"@id\":\"https:\\\/\\\/www.bellunopress.it\\\/#organization\",\"name\":\"Bellunopress\",\"url\":\"https:\\\/\\\/www.bellunopress.it\\\/\",\"logo\":{\"@type\":\"ImageObject\",\"inLanguage\":\"fr-FR\",\"@id\":\"https:\\\/\\\/www.bellunopress.it\\\/#\\\/schema\\\/logo\\\/image\\\/\",\"url\":\"https:\\\/\\\/www.bellunopress.it\\\/wp-content\\\/uploads\\\/2011\\\/05\\\/cropped-logo-bellunopress-.jpg\",\"contentUrl\":\"https:\\\/\\\/www.bellunopress.it\\\/wp-content\\\/uploads\\\/2011\\\/05\\\/cropped-logo-bellunopress-.jpg\",\"width\":512,\"height\":512,\"caption\":\"Bellunopress\"},\"image\":{\"@id\":\"https:\\\/\\\/www.bellunopress.it\\\/#\\\/schema\\\/logo\\\/image\\\/\"},\"sameAs\":[\"https:\\\/\\\/www.facebook.com\\\/profile.php?id=100008943462799\",\"https:\\\/\\\/x.com\\\/bellunopress\",\"https:\\\/\\\/www.linkedin.com\\\/hp\\\/?dnr=JBzUWaJfMUw8vbXJJ2tVW5-I3jZKvC4wsoxE&amp;amp;amp;amp;amp;amp;trk=nav_responsive_tab_home\",\"https:\\\/\\\/www.youtube.com\\\/channel\\\/UCxL0wu1uN0_3_7hGG0306cw\"]},{\"@type\":\"Person\",\"@id\":\"https:\\\/\\\/www.bellunopress.it\\\/#\\\/schema\\\/person\\\/79bb06722b37ece1c03d3e94beb30d73\",\"name\":\"redazione\",\"image\":{\"@type\":\"ImageObject\",\"inLanguage\":\"fr-FR\",\"@id\":\"https:\\\/\\\/secure.gravatar.com\\\/avatar\\\/37d968a2e67a6fd04c169c4bdef102d0bc5d31b2546345219e348575eb80e9a0?s=96&d=mm&r=g\",\"url\":\"https:\\\/\\\/secure.gravatar.com\\\/avatar\\\/37d968a2e67a6fd04c169c4bdef102d0bc5d31b2546345219e348575eb80e9a0?s=96&d=mm&r=g\",\"contentUrl\":\"https:\\\/\\\/secure.gravatar.com\\\/avatar\\\/37d968a2e67a6fd04c169c4bdef102d0bc5d31b2546345219e348575eb80e9a0?s=96&d=mm&r=g\",\"caption\":\"redazione\"},\"sameAs\":[\"http:\\\/\\\/www.bellunopress.it\",\"https:\\\/\\\/x.com\\\/bellunopress\"],\"url\":\"https:\\\/\\\/www.bellunopress.it\\\/fr\\\/author\\\/redazione\\\/\"}]}<\/script>\n<!-- \/ Yoast SEO plugin. -->","yoast_head_json":{"title":"Oscar De Bona e il caso Soprintendenza: \u201cnon mi sono contraddetto, va soppressa!\u201d - Bellunopress - Dolomiti","robots":{"index":"index","follow":"follow","max-snippet":"max-snippet:-1","max-image-preview":"max-image-preview:large","max-video-preview":"max-video-preview:-1"},"canonical":"https:\/\/www.bellunopress.it\/fr\/2009\/09\/18\/oscar-de-bona-e-il-caso-soprintendenza-\u201cnon-mi-sono-contraddetto-va-soppressa\u201d\/","og_locale":"fr_FR","og_type":"article","og_title":"Oscar De Bona e il caso Soprintendenza: \u201cnon mi sono contraddetto, va soppressa!\u201d - Bellunopress - Dolomiti","og_description":"Oscar De Bona raccoglie la provocazione e ringrazia. L\u2019assessore regionale \u00e8 grato al gruppo consiliare del Pd in Provincia che gli permette di tornare sull\u2019argomento relativo alla variante di Piz-Gron e quindi sulla Soprintendenza.\u00a0 \u00abMi preme\u00a0 innanzi tutto sottolineare \u2013 precisa De Bona \u2013 che non ho mai detto, in riferimento all\u2019amministrazione Reolon, che vi [&hellip;]","og_url":"https:\/\/www.bellunopress.it\/fr\/2009\/09\/18\/oscar-de-bona-e-il-caso-soprintendenza-\u201cnon-mi-sono-contraddetto-va-soppressa\u201d\/","og_site_name":"Bellunopress - Dolomiti","article_publisher":"https:\/\/www.facebook.com\/profile.php?id=100008943462799","article_published_time":"2009-09-18T14:15:22+00:00","og_image":[{"url":"http:\/\/www.bellunopress.it\/wp-content\/uploads\/2012\/07\/logo-bellunopress-250x250-2012.jpg","type":"","width":"","height":""}],"author":"redazione","twitter_card":"summary_large_image","twitter_creator":"@bellunopress","twitter_site":"@bellunopress","twitter_misc":{"\u00c9crit par":"redazione","Dur\u00e9e de lecture estim\u00e9e":"1 minute"},"schema":{"@context":"https:\/\/schema.org","@graph":[{"@type":"Article","@id":"https:\/\/www.bellunopress.it\/2009\/09\/18\/oscar-de-bona-e-il-caso-soprintendenza-%e2%80%9cnon-mi-sono-contraddetto-va-soppressa%e2%80%9d\/#article","isPartOf":{"@id":"https:\/\/www.bellunopress.it\/2009\/09\/18\/oscar-de-bona-e-il-caso-soprintendenza-%e2%80%9cnon-mi-sono-contraddetto-va-soppressa%e2%80%9d\/"},"author":{"name":"redazione","@id":"https:\/\/www.bellunopress.it\/#\/schema\/person\/79bb06722b37ece1c03d3e94beb30d73"},"headline":"Oscar De Bona e il caso Soprintendenza: \u201cnon mi sono contraddetto, va soppressa!\u201d","datePublished":"2009-09-18T14:15:22+00:00","mainEntityOfPage":{"@id":"https:\/\/www.bellunopress.it\/2009\/09\/18\/oscar-de-bona-e-il-caso-soprintendenza-%e2%80%9cnon-mi-sono-contraddetto-va-soppressa%e2%80%9d\/"},"wordCount":244,"publisher":{"@id":"https:\/\/www.bellunopress.it\/#organization"},"articleSection":["Cronaca\/Politica","Prima Pagina"],"inLanguage":"fr-FR"},{"@type":"WebPage","@id":"https:\/\/www.bellunopress.it\/2009\/09\/18\/oscar-de-bona-e-il-caso-soprintendenza-%e2%80%9cnon-mi-sono-contraddetto-va-soppressa%e2%80%9d\/","url":"https:\/\/www.bellunopress.it\/2009\/09\/18\/oscar-de-bona-e-il-caso-soprintendenza-%e2%80%9cnon-mi-sono-contraddetto-va-soppressa%e2%80%9d\/","name":"Oscar De Bona e il caso Soprintendenza: \u201cnon mi sono contraddetto, va soppressa!\u201d - Bellunopress - Dolomiti","isPartOf":{"@id":"https:\/\/www.bellunopress.it\/#website"},"datePublished":"2009-09-18T14:15:22+00:00","breadcrumb":{"@id":"https:\/\/www.bellunopress.it\/2009\/09\/18\/oscar-de-bona-e-il-caso-soprintendenza-%e2%80%9cnon-mi-sono-contraddetto-va-soppressa%e2%80%9d\/#breadcrumb"},"inLanguage":"fr-FR","potentialAction":[{"@type":"ReadAction","target":["https:\/\/www.bellunopress.it\/2009\/09\/18\/oscar-de-bona-e-il-caso-soprintendenza-%e2%80%9cnon-mi-sono-contraddetto-va-soppressa%e2%80%9d\/"]}]},{"@type":"BreadcrumbList","@id":"https:\/\/www.bellunopress.it\/2009\/09\/18\/oscar-de-bona-e-il-caso-soprintendenza-%e2%80%9cnon-mi-sono-contraddetto-va-soppressa%e2%80%9d\/#breadcrumb","itemListElement":[{"@type":"ListItem","position":1,"name":"Home","item":"https:\/\/www.bellunopress.it\/"},{"@type":"ListItem","position":2,"name":"Oscar De Bona e il caso Soprintendenza: \u201cnon mi sono contraddetto, va soppressa!\u201d"}]},{"@type":"WebSite","@id":"https:\/\/www.bellunopress.it\/#website","url":"https:\/\/www.bellunopress.it\/","name":"Bellunopress - Dolomiti","description":"e-mail: redazione@bellunopress.it","publisher":{"@id":"https:\/\/www.bellunopress.it\/#organization"},"potentialAction":[{"@type":"SearchAction","target":{"@type":"EntryPoint","urlTemplate":"https:\/\/www.bellunopress.it\/?s={search_term_string}"},"query-input":{"@type":"PropertyValueSpecification","valueRequired":true,"valueName":"search_term_string"}}],"inLanguage":"fr-FR"},{"@type":"Organization","@id":"https:\/\/www.bellunopress.it\/#organization","name":"Bellunopress","url":"https:\/\/www.bellunopress.it\/","logo":{"@type":"ImageObject","inLanguage":"fr-FR","@id":"https:\/\/www.bellunopress.it\/#\/schema\/logo\/image\/","url":"https:\/\/www.bellunopress.it\/wp-content\/uploads\/2011\/05\/cropped-logo-bellunopress-.jpg","contentUrl":"https:\/\/www.bellunopress.it\/wp-content\/uploads\/2011\/05\/cropped-logo-bellunopress-.jpg","width":512,"height":512,"caption":"Bellunopress"},"image":{"@id":"https:\/\/www.bellunopress.it\/#\/schema\/logo\/image\/"},"sameAs":["https:\/\/www.facebook.com\/profile.php?id=100008943462799","https:\/\/x.com\/bellunopress","https:\/\/www.linkedin.com\/hp\/?dnr=JBzUWaJfMUw8vbXJJ2tVW5-I3jZKvC4wsoxE&amp;amp;amp;amp;amp;amp;trk=nav_responsive_tab_home","https:\/\/www.youtube.com\/channel\/UCxL0wu1uN0_3_7hGG0306cw"]},{"@type":"Person","@id":"https:\/\/www.bellunopress.it\/#\/schema\/person\/79bb06722b37ece1c03d3e94beb30d73","name":"r\u00e9daction","image":{"@type":"ImageObject","inLanguage":"fr-FR","@id":"https:\/\/secure.gravatar.com\/avatar\/37d968a2e67a6fd04c169c4bdef102d0bc5d31b2546345219e348575eb80e9a0?s=96&d=mm&r=g","url":"https:\/\/secure.gravatar.com\/avatar\/37d968a2e67a6fd04c169c4bdef102d0bc5d31b2546345219e348575eb80e9a0?s=96&d=mm&r=g","contentUrl":"https:\/\/secure.gravatar.com\/avatar\/37d968a2e67a6fd04c169c4bdef102d0bc5d31b2546345219e348575eb80e9a0?s=96&d=mm&r=g","caption":"redazione"},"sameAs":["http:\/\/www.bellunopress.it","https:\/\/x.com\/bellunopress"],"url":"https:\/\/www.bellunopress.it\/fr\/author\/redazione\/"}]}},"_links":{"self":[{"href":"https:\/\/www.bellunopress.it\/fr\/wp-json\/wp\/v2\/posts\/8210","targetHints":{"allow":["GET"]}}],"collection":[{"href":"https:\/\/www.bellunopress.it\/fr\/wp-json\/wp\/v2\/posts"}],"about":[{"href":"https:\/\/www.bellunopress.it\/fr\/wp-json\/wp\/v2\/types\/post"}],"author":[{"embeddable":true,"href":"https:\/\/www.bellunopress.it\/fr\/wp-json\/wp\/v2\/users\/2"}],"replies":[{"embeddable":true,"href":"https:\/\/www.bellunopress.it\/fr\/wp-json\/wp\/v2\/comments?post=8210"}],"version-history":[{"count":1,"href":"https:\/\/www.bellunopress.it\/fr\/wp-json\/wp\/v2\/posts\/8210\/revisions"}],"predecessor-version":[{"id":8211,"href":"https:\/\/www.bellunopress.it\/fr\/wp-json\/wp\/v2\/posts\/8210\/revisions\/8211"}],"wp:attachment":[{"href":"https:\/\/www.bellunopress.it\/fr\/wp-json\/wp\/v2\/media?parent=8210"}],"wp:term":[{"taxonomy":"category","embeddable":true,"href":"https:\/\/www.bellunopress.it\/fr\/wp-json\/wp\/v2\/categories?post=8210"},{"taxonomy":"post_tag","embeddable":true,"href":"https:\/\/www.bellunopress.it\/fr\/wp-json\/wp\/v2\/tags?post=8210"}],"curies":[{"name":"wp","href":"https:\/\/api.w.org\/{rel}","templated":true}]}}