{"id":8206,"date":"2009-09-18T15:04:45","date_gmt":"2009-09-18T14:04:45","guid":{"rendered":"http:\/\/www.bellunopress.it\/?p=8206"},"modified":"2009-09-18T15:04:45","modified_gmt":"2009-09-18T14:04:45","slug":"creazione-elenco-aperto-per-partecipazione-all%e2%80%99affidamento-del-servizio-di-ritiro-con-cessione-di-rottami-ferrosi-le-adesioni-entro-il-10-ottobre","status":"publish","type":"post","link":"https:\/\/www.bellunopress.it\/fr\/2009\/09\/18\/creazione-elenco-aperto-per-partecipazione-all%e2%80%99affidamento-del-servizio-di-ritiro-con-cessione-di-rottami-ferrosi-le-adesioni-entro-il-10-ottobre\/","title":{"rendered":"Creazione elenco aperto per partecipazione all\u2019affidamento del servizio di ritiro con cessione di rottami ferrosi. Le adesioni entro il 10 ottobre"},"content":{"rendered":"<p>La societ\u00e0 Bellunum Srl avvisa della formazione dell\u2019elenco degli operatori economici per la partecipazione all\u2019affidamento del servizio di ritiro con cessione di rottami ferrosi. Il servizio verr\u00e0 svolto mediante il prelievo del materiale presso l\u2019ecocentro comunale e il trasporto a destinazione presso la piattaforma di stoccaggio e di lavorazione\/valorizzazione con le modalit\u00e0 che saranno previste nel Capitolato Speciale di Appalto. Il contratto durer\u00e0 3 anni: dal 01.01.2010 al 31.12.2012. Le domande dovranno pervenire presso la sede di Bellunum Srl in via Marisiga, 111 \u2013 32100 Belluno.<br \/>\nE\u2019 possibile inoltrare la domanda di partecipazione anche a mezzo fax al numero 0437 958854 o via e-mail all\u2019indirizzo: <a href=\"mailto:info@bellunum.com\">info@bellunum.com<\/a>. Il bando completo \u00e8 disponibile sul sito <a href=\"http:\/\/www.bellunum.com\">www.bellunum.com<\/a><\/p>","protected":false},"excerpt":{"rendered":"<p>La societ\u00e0 Bellunum Srl avvisa della formazione dell\u2019elenco degli operatori economici per la partecipazione all\u2019affidamento del servizio di ritiro con cessione di rottami ferrosi. Il servizio verr\u00e0 svolto mediante il prelievo del materiale presso l\u2019ecocentro comunale e il trasporto a destinazione presso la piattaforma di stoccaggio e di lavorazione\/valorizzazione con le modalit\u00e0 che saranno previste [&hellip;]<\/p>\n","protected":false},"author":2,"featured_media":0,"comment_status":"closed","ping_status":"open","sticky":false,"template":"","format":"standard","meta":{"footnotes":""},"categories":[5,36,26],"tags":[139],"class_list":["post-8206","post","type-post","status-publish","format-standard","category-cronaca","category-lavoro-economia","category-prima-pagina","tag-belluno"],"yoast_head":"<!-- This site is optimized with the Yoast SEO plugin v28.4 - https:\/\/yoast.com\/product\/yoast-seo-wordpress\/ -->\n<title>Creazione elenco aperto per partecipazione all\u2019affidamento del servizio di ritiro con cessione di rottami ferrosi. Le adesioni entro il 10 ottobre - Bellunopress - Dolomiti<\/title>\n<meta name=\"robots\" content=\"index, follow, max-snippet:-1, max-image-preview:large, max-video-preview:-1\" \/>\n<link rel=\"canonical\" href=\"https:\/\/www.bellunopress.it\/fr\/2009\/09\/18\/creazione-elenco-aperto-per-partecipazione-all\u2019affidamento-del-servizio-di-ritiro-con-cessione-di-rottami-ferrosi-le-adesioni-entro-il-10-ottobre\/\" \/>\n<meta property=\"og:locale\" content=\"fr_FR\" \/>\n<meta property=\"og:type\" content=\"article\" \/>\n<meta property=\"og:title\" content=\"Creazione elenco aperto per partecipazione all\u2019affidamento del servizio di ritiro con cessione di rottami ferrosi. Le adesioni entro il 10 ottobre - Bellunopress - Dolomiti\" \/>\n<meta property=\"og:description\" content=\"La societ\u00e0 Bellunum Srl avvisa della formazione dell\u2019elenco degli operatori economici per la partecipazione all\u2019affidamento del servizio di ritiro con cessione di rottami ferrosi. Il servizio verr\u00e0 svolto mediante il prelievo del materiale presso l\u2019ecocentro comunale e il trasporto a destinazione presso la piattaforma di stoccaggio e di lavorazione\/valorizzazione con le modalit\u00e0 che saranno previste [&hellip;]\" \/>\n<meta property=\"og:url\" content=\"https:\/\/www.bellunopress.it\/fr\/2009\/09\/18\/creazione-elenco-aperto-per-partecipazione-all\u2019affidamento-del-servizio-di-ritiro-con-cessione-di-rottami-ferrosi-le-adesioni-entro-il-10-ottobre\/\" \/>\n<meta property=\"og:site_name\" content=\"Bellunopress - Dolomiti\" \/>\n<meta property=\"article:publisher\" content=\"https:\/\/www.facebook.com\/profile.php?id=100008943462799\" \/>\n<meta property=\"article:published_time\" content=\"2009-09-18T14:04:45+00:00\" \/>\n<meta property=\"og:image\" content=\"http:\/\/www.bellunopress.it\/wp-content\/uploads\/2012\/07\/logo-bellunopress-250x250-2012.jpg\" \/>\n<meta name=\"author\" content=\"redazione\" \/>\n<meta name=\"twitter:card\" content=\"summary_large_image\" \/>\n<meta name=\"twitter:creator\" content=\"@bellunopress\" \/>\n<meta name=\"twitter:site\" content=\"@bellunopress\" \/>\n<meta name=\"twitter:label1\" content=\"\u00c9crit par\" \/>\n\t<meta name=\"twitter:data1\" content=\"redazione\" \/>\n\t<meta name=\"twitter:label2\" content=\"Dur\u00e9e de lecture estim\u00e9e\" \/>\n\t<meta name=\"twitter:data2\" content=\"1 minute\" \/>\n<script type=\"application\/ld+json\" class=\"yoast-schema-graph\">{\"@context\":\"https:\\\/\\\/schema.org\",\"@graph\":[{\"@type\":\"Article\",\"@id\":\"https:\\\/\\\/www.bellunopress.it\\\/2009\\\/09\\\/18\\\/creazione-elenco-aperto-per-partecipazione-all%e2%80%99affidamento-del-servizio-di-ritiro-con-cessione-di-rottami-ferrosi-le-adesioni-entro-il-10-ottobre\\\/#article\",\"isPartOf\":{\"@id\":\"https:\\\/\\\/www.bellunopress.it\\\/2009\\\/09\\\/18\\\/creazione-elenco-aperto-per-partecipazione-all%e2%80%99affidamento-del-servizio-di-ritiro-con-cessione-di-rottami-ferrosi-le-adesioni-entro-il-10-ottobre\\\/\"},\"author\":{\"name\":\"redazione\",\"@id\":\"https:\\\/\\\/www.bellunopress.it\\\/#\\\/schema\\\/person\\\/79bb06722b37ece1c03d3e94beb30d73\"},\"headline\":\"Creazione elenco aperto per partecipazione all\u2019affidamento del servizio di ritiro con cessione di rottami ferrosi. Le adesioni entro il 10 ottobre\",\"datePublished\":\"2009-09-18T14:04:45+00:00\",\"mainEntityOfPage\":{\"@id\":\"https:\\\/\\\/www.bellunopress.it\\\/2009\\\/09\\\/18\\\/creazione-elenco-aperto-per-partecipazione-all%e2%80%99affidamento-del-servizio-di-ritiro-con-cessione-di-rottami-ferrosi-le-adesioni-entro-il-10-ottobre\\\/\"},\"wordCount\":135,\"publisher\":{\"@id\":\"https:\\\/\\\/www.bellunopress.it\\\/#organization\"},\"keywords\":[\"Belluno\"],\"articleSection\":[\"Cronaca\\\/Politica\",\"Lavoro, Economia, Turismo\",\"Prima Pagina\"],\"inLanguage\":\"fr-FR\"},{\"@type\":\"WebPage\",\"@id\":\"https:\\\/\\\/www.bellunopress.it\\\/2009\\\/09\\\/18\\\/creazione-elenco-aperto-per-partecipazione-all%e2%80%99affidamento-del-servizio-di-ritiro-con-cessione-di-rottami-ferrosi-le-adesioni-entro-il-10-ottobre\\\/\",\"url\":\"https:\\\/\\\/www.bellunopress.it\\\/2009\\\/09\\\/18\\\/creazione-elenco-aperto-per-partecipazione-all%e2%80%99affidamento-del-servizio-di-ritiro-con-cessione-di-rottami-ferrosi-le-adesioni-entro-il-10-ottobre\\\/\",\"name\":\"Creazione elenco aperto per partecipazione all\u2019affidamento del servizio di ritiro con cessione di rottami ferrosi. Le adesioni entro il 10 ottobre - Bellunopress - Dolomiti\",\"isPartOf\":{\"@id\":\"https:\\\/\\\/www.bellunopress.it\\\/#website\"},\"datePublished\":\"2009-09-18T14:04:45+00:00\",\"breadcrumb\":{\"@id\":\"https:\\\/\\\/www.bellunopress.it\\\/2009\\\/09\\\/18\\\/creazione-elenco-aperto-per-partecipazione-all%e2%80%99affidamento-del-servizio-di-ritiro-con-cessione-di-rottami-ferrosi-le-adesioni-entro-il-10-ottobre\\\/#breadcrumb\"},\"inLanguage\":\"fr-FR\",\"potentialAction\":[{\"@type\":\"ReadAction\",\"target\":[\"https:\\\/\\\/www.bellunopress.it\\\/2009\\\/09\\\/18\\\/creazione-elenco-aperto-per-partecipazione-all%e2%80%99affidamento-del-servizio-di-ritiro-con-cessione-di-rottami-ferrosi-le-adesioni-entro-il-10-ottobre\\\/\"]}]},{\"@type\":\"BreadcrumbList\",\"@id\":\"https:\\\/\\\/www.bellunopress.it\\\/2009\\\/09\\\/18\\\/creazione-elenco-aperto-per-partecipazione-all%e2%80%99affidamento-del-servizio-di-ritiro-con-cessione-di-rottami-ferrosi-le-adesioni-entro-il-10-ottobre\\\/#breadcrumb\",\"itemListElement\":[{\"@type\":\"ListItem\",\"position\":1,\"name\":\"Home\",\"item\":\"https:\\\/\\\/www.bellunopress.it\\\/\"},{\"@type\":\"ListItem\",\"position\":2,\"name\":\"Creazione elenco aperto per partecipazione all\u2019affidamento del servizio di ritiro con cessione di rottami ferrosi. Le adesioni entro il 10 ottobre\"}]},{\"@type\":\"WebSite\",\"@id\":\"https:\\\/\\\/www.bellunopress.it\\\/#website\",\"url\":\"https:\\\/\\\/www.bellunopress.it\\\/\",\"name\":\"Bellunopress - Dolomiti\",\"description\":\"e-mail: redazione@bellunopress.it\",\"publisher\":{\"@id\":\"https:\\\/\\\/www.bellunopress.it\\\/#organization\"},\"potentialAction\":[{\"@type\":\"SearchAction\",\"target\":{\"@type\":\"EntryPoint\",\"urlTemplate\":\"https:\\\/\\\/www.bellunopress.it\\\/?s={search_term_string}\"},\"query-input\":{\"@type\":\"PropertyValueSpecification\",\"valueRequired\":true,\"valueName\":\"search_term_string\"}}],\"inLanguage\":\"fr-FR\"},{\"@type\":\"Organization\",\"@id\":\"https:\\\/\\\/www.bellunopress.it\\\/#organization\",\"name\":\"Bellunopress\",\"url\":\"https:\\\/\\\/www.bellunopress.it\\\/\",\"logo\":{\"@type\":\"ImageObject\",\"inLanguage\":\"fr-FR\",\"@id\":\"https:\\\/\\\/www.bellunopress.it\\\/#\\\/schema\\\/logo\\\/image\\\/\",\"url\":\"https:\\\/\\\/www.bellunopress.it\\\/wp-content\\\/uploads\\\/2011\\\/05\\\/cropped-logo-bellunopress-.jpg\",\"contentUrl\":\"https:\\\/\\\/www.bellunopress.it\\\/wp-content\\\/uploads\\\/2011\\\/05\\\/cropped-logo-bellunopress-.jpg\",\"width\":512,\"height\":512,\"caption\":\"Bellunopress\"},\"image\":{\"@id\":\"https:\\\/\\\/www.bellunopress.it\\\/#\\\/schema\\\/logo\\\/image\\\/\"},\"sameAs\":[\"https:\\\/\\\/www.facebook.com\\\/profile.php?id=100008943462799\",\"https:\\\/\\\/x.com\\\/bellunopress\",\"https:\\\/\\\/www.linkedin.com\\\/hp\\\/?dnr=JBzUWaJfMUw8vbXJJ2tVW5-I3jZKvC4wsoxE&amp;amp;amp;amp;amp;amp;trk=nav_responsive_tab_home\",\"https:\\\/\\\/www.youtube.com\\\/channel\\\/UCxL0wu1uN0_3_7hGG0306cw\"]},{\"@type\":\"Person\",\"@id\":\"https:\\\/\\\/www.bellunopress.it\\\/#\\\/schema\\\/person\\\/79bb06722b37ece1c03d3e94beb30d73\",\"name\":\"redazione\",\"image\":{\"@type\":\"ImageObject\",\"inLanguage\":\"fr-FR\",\"@id\":\"https:\\\/\\\/secure.gravatar.com\\\/avatar\\\/37d968a2e67a6fd04c169c4bdef102d0bc5d31b2546345219e348575eb80e9a0?s=96&d=mm&r=g\",\"url\":\"https:\\\/\\\/secure.gravatar.com\\\/avatar\\\/37d968a2e67a6fd04c169c4bdef102d0bc5d31b2546345219e348575eb80e9a0?s=96&d=mm&r=g\",\"contentUrl\":\"https:\\\/\\\/secure.gravatar.com\\\/avatar\\\/37d968a2e67a6fd04c169c4bdef102d0bc5d31b2546345219e348575eb80e9a0?s=96&d=mm&r=g\",\"caption\":\"redazione\"},\"sameAs\":[\"http:\\\/\\\/www.bellunopress.it\",\"https:\\\/\\\/x.com\\\/bellunopress\"],\"url\":\"https:\\\/\\\/www.bellunopress.it\\\/fr\\\/author\\\/redazione\\\/\"}]}<\/script>\n<!-- \/ Yoast SEO plugin. -->","yoast_head_json":{"title":"Creazione elenco aperto per partecipazione all\u2019affidamento del servizio di ritiro con cessione di rottami ferrosi. Le adesioni entro il 10 ottobre - Bellunopress - Dolomiti","robots":{"index":"index","follow":"follow","max-snippet":"max-snippet:-1","max-image-preview":"max-image-preview:large","max-video-preview":"max-video-preview:-1"},"canonical":"https:\/\/www.bellunopress.it\/fr\/2009\/09\/18\/creazione-elenco-aperto-per-partecipazione-all\u2019affidamento-del-servizio-di-ritiro-con-cessione-di-rottami-ferrosi-le-adesioni-entro-il-10-ottobre\/","og_locale":"fr_FR","og_type":"article","og_title":"Creazione elenco aperto per partecipazione all\u2019affidamento del servizio di ritiro con cessione di rottami ferrosi. Le adesioni entro il 10 ottobre - Bellunopress - Dolomiti","og_description":"La societ\u00e0 Bellunum Srl avvisa della formazione dell\u2019elenco degli operatori economici per la partecipazione all\u2019affidamento del servizio di ritiro con cessione di rottami ferrosi. Il servizio verr\u00e0 svolto mediante il prelievo del materiale presso l\u2019ecocentro comunale e il trasporto a destinazione presso la piattaforma di stoccaggio e di lavorazione\/valorizzazione con le modalit\u00e0 che saranno previste [&hellip;]","og_url":"https:\/\/www.bellunopress.it\/fr\/2009\/09\/18\/creazione-elenco-aperto-per-partecipazione-all\u2019affidamento-del-servizio-di-ritiro-con-cessione-di-rottami-ferrosi-le-adesioni-entro-il-10-ottobre\/","og_site_name":"Bellunopress - Dolomiti","article_publisher":"https:\/\/www.facebook.com\/profile.php?id=100008943462799","article_published_time":"2009-09-18T14:04:45+00:00","og_image":[{"url":"http:\/\/www.bellunopress.it\/wp-content\/uploads\/2012\/07\/logo-bellunopress-250x250-2012.jpg","type":"","width":"","height":""}],"author":"redazione","twitter_card":"summary_large_image","twitter_creator":"@bellunopress","twitter_site":"@bellunopress","twitter_misc":{"\u00c9crit par":"redazione","Dur\u00e9e de lecture estim\u00e9e":"1 minute"},"schema":{"@context":"https:\/\/schema.org","@graph":[{"@type":"Article","@id":"https:\/\/www.bellunopress.it\/2009\/09\/18\/creazione-elenco-aperto-per-partecipazione-all%e2%80%99affidamento-del-servizio-di-ritiro-con-cessione-di-rottami-ferrosi-le-adesioni-entro-il-10-ottobre\/#article","isPartOf":{"@id":"https:\/\/www.bellunopress.it\/2009\/09\/18\/creazione-elenco-aperto-per-partecipazione-all%e2%80%99affidamento-del-servizio-di-ritiro-con-cessione-di-rottami-ferrosi-le-adesioni-entro-il-10-ottobre\/"},"author":{"name":"redazione","@id":"https:\/\/www.bellunopress.it\/#\/schema\/person\/79bb06722b37ece1c03d3e94beb30d73"},"headline":"Creazione elenco aperto per partecipazione all\u2019affidamento del servizio di ritiro con cessione di rottami ferrosi. Le adesioni entro il 10 ottobre","datePublished":"2009-09-18T14:04:45+00:00","mainEntityOfPage":{"@id":"https:\/\/www.bellunopress.it\/2009\/09\/18\/creazione-elenco-aperto-per-partecipazione-all%e2%80%99affidamento-del-servizio-di-ritiro-con-cessione-di-rottami-ferrosi-le-adesioni-entro-il-10-ottobre\/"},"wordCount":135,"publisher":{"@id":"https:\/\/www.bellunopress.it\/#organization"},"keywords":["Belluno"],"articleSection":["Cronaca\/Politica","Lavoro, Economia, Turismo","Prima Pagina"],"inLanguage":"fr-FR"},{"@type":"WebPage","@id":"https:\/\/www.bellunopress.it\/2009\/09\/18\/creazione-elenco-aperto-per-partecipazione-all%e2%80%99affidamento-del-servizio-di-ritiro-con-cessione-di-rottami-ferrosi-le-adesioni-entro-il-10-ottobre\/","url":"https:\/\/www.bellunopress.it\/2009\/09\/18\/creazione-elenco-aperto-per-partecipazione-all%e2%80%99affidamento-del-servizio-di-ritiro-con-cessione-di-rottami-ferrosi-le-adesioni-entro-il-10-ottobre\/","name":"Creazione elenco aperto per partecipazione all\u2019affidamento del servizio di ritiro con cessione di rottami ferrosi. Le adesioni entro il 10 ottobre - Bellunopress - Dolomiti","isPartOf":{"@id":"https:\/\/www.bellunopress.it\/#website"},"datePublished":"2009-09-18T14:04:45+00:00","breadcrumb":{"@id":"https:\/\/www.bellunopress.it\/2009\/09\/18\/creazione-elenco-aperto-per-partecipazione-all%e2%80%99affidamento-del-servizio-di-ritiro-con-cessione-di-rottami-ferrosi-le-adesioni-entro-il-10-ottobre\/#breadcrumb"},"inLanguage":"fr-FR","potentialAction":[{"@type":"ReadAction","target":["https:\/\/www.bellunopress.it\/2009\/09\/18\/creazione-elenco-aperto-per-partecipazione-all%e2%80%99affidamento-del-servizio-di-ritiro-con-cessione-di-rottami-ferrosi-le-adesioni-entro-il-10-ottobre\/"]}]},{"@type":"BreadcrumbList","@id":"https:\/\/www.bellunopress.it\/2009\/09\/18\/creazione-elenco-aperto-per-partecipazione-all%e2%80%99affidamento-del-servizio-di-ritiro-con-cessione-di-rottami-ferrosi-le-adesioni-entro-il-10-ottobre\/#breadcrumb","itemListElement":[{"@type":"ListItem","position":1,"name":"Home","item":"https:\/\/www.bellunopress.it\/"},{"@type":"ListItem","position":2,"name":"Creazione elenco aperto per partecipazione all\u2019affidamento del servizio di ritiro con cessione di rottami ferrosi. Le adesioni entro il 10 ottobre"}]},{"@type":"WebSite","@id":"https:\/\/www.bellunopress.it\/#website","url":"https:\/\/www.bellunopress.it\/","name":"Bellunopress - Dolomiti","description":"e-mail: redazione@bellunopress.it","publisher":{"@id":"https:\/\/www.bellunopress.it\/#organization"},"potentialAction":[{"@type":"SearchAction","target":{"@type":"EntryPoint","urlTemplate":"https:\/\/www.bellunopress.it\/?s={search_term_string}"},"query-input":{"@type":"PropertyValueSpecification","valueRequired":true,"valueName":"search_term_string"}}],"inLanguage":"fr-FR"},{"@type":"Organization","@id":"https:\/\/www.bellunopress.it\/#organization","name":"Bellunopress","url":"https:\/\/www.bellunopress.it\/","logo":{"@type":"ImageObject","inLanguage":"fr-FR","@id":"https:\/\/www.bellunopress.it\/#\/schema\/logo\/image\/","url":"https:\/\/www.bellunopress.it\/wp-content\/uploads\/2011\/05\/cropped-logo-bellunopress-.jpg","contentUrl":"https:\/\/www.bellunopress.it\/wp-content\/uploads\/2011\/05\/cropped-logo-bellunopress-.jpg","width":512,"height":512,"caption":"Bellunopress"},"image":{"@id":"https:\/\/www.bellunopress.it\/#\/schema\/logo\/image\/"},"sameAs":["https:\/\/www.facebook.com\/profile.php?id=100008943462799","https:\/\/x.com\/bellunopress","https:\/\/www.linkedin.com\/hp\/?dnr=JBzUWaJfMUw8vbXJJ2tVW5-I3jZKvC4wsoxE&amp;amp;amp;amp;amp;amp;trk=nav_responsive_tab_home","https:\/\/www.youtube.com\/channel\/UCxL0wu1uN0_3_7hGG0306cw"]},{"@type":"Person","@id":"https:\/\/www.bellunopress.it\/#\/schema\/person\/79bb06722b37ece1c03d3e94beb30d73","name":"r\u00e9daction","image":{"@type":"ImageObject","inLanguage":"fr-FR","@id":"https:\/\/secure.gravatar.com\/avatar\/37d968a2e67a6fd04c169c4bdef102d0bc5d31b2546345219e348575eb80e9a0?s=96&d=mm&r=g","url":"https:\/\/secure.gravatar.com\/avatar\/37d968a2e67a6fd04c169c4bdef102d0bc5d31b2546345219e348575eb80e9a0?s=96&d=mm&r=g","contentUrl":"https:\/\/secure.gravatar.com\/avatar\/37d968a2e67a6fd04c169c4bdef102d0bc5d31b2546345219e348575eb80e9a0?s=96&d=mm&r=g","caption":"redazione"},"sameAs":["http:\/\/www.bellunopress.it","https:\/\/x.com\/bellunopress"],"url":"https:\/\/www.bellunopress.it\/fr\/author\/redazione\/"}]}},"_links":{"self":[{"href":"https:\/\/www.bellunopress.it\/fr\/wp-json\/wp\/v2\/posts\/8206","targetHints":{"allow":["GET"]}}],"collection":[{"href":"https:\/\/www.bellunopress.it\/fr\/wp-json\/wp\/v2\/posts"}],"about":[{"href":"https:\/\/www.bellunopress.it\/fr\/wp-json\/wp\/v2\/types\/post"}],"author":[{"embeddable":true,"href":"https:\/\/www.bellunopress.it\/fr\/wp-json\/wp\/v2\/users\/2"}],"replies":[{"embeddable":true,"href":"https:\/\/www.bellunopress.it\/fr\/wp-json\/wp\/v2\/comments?post=8206"}],"version-history":[{"count":1,"href":"https:\/\/www.bellunopress.it\/fr\/wp-json\/wp\/v2\/posts\/8206\/revisions"}],"predecessor-version":[{"id":8207,"href":"https:\/\/www.bellunopress.it\/fr\/wp-json\/wp\/v2\/posts\/8206\/revisions\/8207"}],"wp:attachment":[{"href":"https:\/\/www.bellunopress.it\/fr\/wp-json\/wp\/v2\/media?parent=8206"}],"wp:term":[{"taxonomy":"category","embeddable":true,"href":"https:\/\/www.bellunopress.it\/fr\/wp-json\/wp\/v2\/categories?post=8206"},{"taxonomy":"post_tag","embeddable":true,"href":"https:\/\/www.bellunopress.it\/fr\/wp-json\/wp\/v2\/tags?post=8206"}],"curies":[{"name":"wp","href":"https:\/\/api.w.org\/{rel}","templated":true}]}}