{"id":8184,"date":"2009-09-17T21:56:17","date_gmt":"2009-09-17T20:56:17","guid":{"rendered":"http:\/\/www.bellunopress.it\/?p=8184"},"modified":"2009-09-17T21:56:17","modified_gmt":"2009-09-17T20:56:17","slug":"festa-del-cansiglio-19-20-settembre-2009","status":"publish","type":"post","link":"https:\/\/www.bellunopress.it\/fr\/2009\/09\/17\/festa-del-cansiglio-19-20-settembre-2009\/","title":{"rendered":"Festa del Cansiglio 19-20 Settembre 2009"},"content":{"rendered":"<p>Dopo la positiva esperienza delle estati 2007 e 2008, in cui la fattiva collaborazione tra alcuni operatori del Cansiglio\u00a0 ha dato vita alla Festa del Cansiglio, per il 2009 \u00e8 sorta la volont\u00e0 di organizzare, per il week end del 19-20 settembre, un grande appuntamento pubblico di festa e promozione del territorio, delle sue peculiarit\u00e0 e dei suoi prodotti tipici. A tale scopo, sulla scorta delle esperienze degli ultimi anni, alcuni operatori del Cansiglio hanno deciso\u00a0 di costituire una Associazione di Promozione Sociale denominata \u201cCansei\u201d che si propone di divenire una realt\u00e0 importante e presente sul territorio per tutte le iniziative future che avranno come finalit\u00e0 la tutela e la valorizzazione dell\u2019Altopiano e delle sue adiacenze territoriali. La Festa del Cansiglio si articoler\u00e0 in due sezioni differenti, la prima legata alle attivit\u00e0 artigianali del Cansiglio sar\u00e0 pi\u00f9 strettamente legata alla valorizzazione di un patrimonio storico-culturale che tende ad essere sempre meno visibile e fruibile dalle nuove generazioni; la seconda diventer\u00e0 invece uno spazio espositivo per i produttori di prodotti tipici locali in cui gli stessi potranno autogestire attivit\u00e0 di vendita e degustazione. Nella sezione dedicata alla valorizzazione del patrimonio culturale del territorio, secondo il seguente programma, saranno proposte al pubblico le seguenti attivit\u00e0 in vari e ripetuti appuntamenti durante l\u2019intero fine settimana:<br \/>\nesposizione dei migliori capi di bovino delle aziende del Cansiglio,<br \/>\nrassegna delle pecore di razza alpagota<br \/>\ntosatura capi ovini e concia artigianale pelli<br \/>\nrealizzazione ferri in loco da cavallo e conseguente ferratura cavalli<br \/>\ncaseificazione dimostrativa a scopo divulgativo effettuata in loco con tecniche e materiali della tradizione locale.<br \/>\ncompetizione di tiro tronchi con cavalli (shire e norici)<br \/>\napicoltura tradizionale<br \/>\nesposizione mezzi agricoli d\u2019epoca<br \/>\nPer la serata di sabato 19 sar\u00e0 possibile partecipare ad una degustazione di prodotti tipici: formaggi, vini (a cura della scuola enologica di Conegliano \u201cIst. Cerletti\u201d\u00a0 e miele presso i locali del Rifugio S.Osvaldo a cui a cui seguiranno letture animate di poesie in dialetto a cura del prof Pierfranco Uliana e a seguire musica.<br \/>\nTutte le manifestazioni avranno sede in Pian Cansiglio e saranno coordinate e garantite nella loro organizzazione e corenza con i principi della promozione e valorizzazione del territorio e dei suoi prodotti tipici da Cansei A.P.S.<br \/>\nLe manifestazioni avranno il seguente orario:<br \/>\nsabato 19 dalle 10.00 alle 23.00<br \/>\ndomenica 20 dalle 10.00 alle 17.00<br \/>\nIn caso di pioggia o forte maltempo la manifestazione verr\u00e0 annullata (salvo gli appuntamenti serali che si svolgono al coperto e quindi saranno comunque garantiti)<\/p>","protected":false},"excerpt":{"rendered":"<p>Dopo la positiva esperienza delle estati 2007 e 2008, in cui la fattiva collaborazione tra alcuni operatori del Cansiglio\u00a0 ha dato vita alla Festa del Cansiglio, per il 2009 \u00e8 sorta la volont\u00e0 di organizzare, per il week end del 19-20 settembre, un grande appuntamento pubblico di festa e promozione del territorio, delle sue peculiarit\u00e0 [&hellip;]<\/p>\n","protected":false},"author":2,"featured_media":0,"comment_status":"closed","ping_status":"open","sticky":false,"template":"","format":"standard","meta":{"footnotes":""},"categories":[27,25],"tags":[],"class_list":["post-8184","post","type-post","status-publish","format-standard","category-appuntamenti","category-pausa-caffe"],"yoast_head":"<!-- This site is optimized with the Yoast SEO plugin v28.4 - https:\/\/yoast.com\/product\/yoast-seo-wordpress\/ -->\n<title>Festa del Cansiglio 19-20 Settembre 2009 - Bellunopress - Dolomiti<\/title>\n<meta name=\"robots\" content=\"index, follow, max-snippet:-1, max-image-preview:large, max-video-preview:-1\" \/>\n<link rel=\"canonical\" href=\"https:\/\/www.bellunopress.it\/fr\/2009\/09\/17\/festa-del-cansiglio-19-20-settembre-2009\/\" \/>\n<meta property=\"og:locale\" content=\"fr_FR\" \/>\n<meta property=\"og:type\" content=\"article\" \/>\n<meta property=\"og:title\" content=\"Festa del Cansiglio 19-20 Settembre 2009 - Bellunopress - Dolomiti\" \/>\n<meta property=\"og:description\" content=\"Dopo la positiva esperienza delle estati 2007 e 2008, in cui la fattiva collaborazione tra alcuni operatori del Cansiglio\u00a0 ha dato vita alla Festa del Cansiglio, per il 2009 \u00e8 sorta la volont\u00e0 di organizzare, per il week end del 19-20 settembre, un grande appuntamento pubblico di festa e promozione del territorio, delle sue peculiarit\u00e0 [&hellip;]\" \/>\n<meta property=\"og:url\" content=\"https:\/\/www.bellunopress.it\/fr\/2009\/09\/17\/festa-del-cansiglio-19-20-settembre-2009\/\" \/>\n<meta property=\"og:site_name\" content=\"Bellunopress - Dolomiti\" \/>\n<meta property=\"article:publisher\" content=\"https:\/\/www.facebook.com\/profile.php?id=100008943462799\" \/>\n<meta property=\"article:published_time\" content=\"2009-09-17T20:56:17+00:00\" \/>\n<meta property=\"og:image\" content=\"http:\/\/www.bellunopress.it\/wp-content\/uploads\/2012\/07\/logo-bellunopress-250x250-2012.jpg\" \/>\n<meta name=\"author\" content=\"redazione\" \/>\n<meta name=\"twitter:card\" content=\"summary_large_image\" \/>\n<meta name=\"twitter:creator\" content=\"@bellunopress\" \/>\n<meta name=\"twitter:site\" content=\"@bellunopress\" \/>\n<meta name=\"twitter:label1\" content=\"\u00c9crit par\" \/>\n\t<meta name=\"twitter:data1\" content=\"redazione\" \/>\n\t<meta name=\"twitter:label2\" content=\"Dur\u00e9e de lecture estim\u00e9e\" \/>\n\t<meta name=\"twitter:data2\" content=\"2 minutes\" \/>\n<script type=\"application\/ld+json\" class=\"yoast-schema-graph\">{\"@context\":\"https:\\\/\\\/schema.org\",\"@graph\":[{\"@type\":\"Article\",\"@id\":\"https:\\\/\\\/www.bellunopress.it\\\/2009\\\/09\\\/17\\\/festa-del-cansiglio-19-20-settembre-2009\\\/#article\",\"isPartOf\":{\"@id\":\"https:\\\/\\\/www.bellunopress.it\\\/2009\\\/09\\\/17\\\/festa-del-cansiglio-19-20-settembre-2009\\\/\"},\"author\":{\"name\":\"redazione\",\"@id\":\"https:\\\/\\\/www.bellunopress.it\\\/#\\\/schema\\\/person\\\/79bb06722b37ece1c03d3e94beb30d73\"},\"headline\":\"Festa del Cansiglio 19-20 Settembre 2009\",\"datePublished\":\"2009-09-17T20:56:17+00:00\",\"mainEntityOfPage\":{\"@id\":\"https:\\\/\\\/www.bellunopress.it\\\/2009\\\/09\\\/17\\\/festa-del-cansiglio-19-20-settembre-2009\\\/\"},\"wordCount\":408,\"publisher\":{\"@id\":\"https:\\\/\\\/www.bellunopress.it\\\/#organization\"},\"articleSection\":[\"Appuntamenti, Eventi\",\"Pausa Caff\u00e8\"],\"inLanguage\":\"fr-FR\"},{\"@type\":\"WebPage\",\"@id\":\"https:\\\/\\\/www.bellunopress.it\\\/2009\\\/09\\\/17\\\/festa-del-cansiglio-19-20-settembre-2009\\\/\",\"url\":\"https:\\\/\\\/www.bellunopress.it\\\/2009\\\/09\\\/17\\\/festa-del-cansiglio-19-20-settembre-2009\\\/\",\"name\":\"Festa del Cansiglio 19-20 Settembre 2009 - Bellunopress - Dolomiti\",\"isPartOf\":{\"@id\":\"https:\\\/\\\/www.bellunopress.it\\\/#website\"},\"datePublished\":\"2009-09-17T20:56:17+00:00\",\"breadcrumb\":{\"@id\":\"https:\\\/\\\/www.bellunopress.it\\\/2009\\\/09\\\/17\\\/festa-del-cansiglio-19-20-settembre-2009\\\/#breadcrumb\"},\"inLanguage\":\"fr-FR\",\"potentialAction\":[{\"@type\":\"ReadAction\",\"target\":[\"https:\\\/\\\/www.bellunopress.it\\\/2009\\\/09\\\/17\\\/festa-del-cansiglio-19-20-settembre-2009\\\/\"]}]},{\"@type\":\"BreadcrumbList\",\"@id\":\"https:\\\/\\\/www.bellunopress.it\\\/2009\\\/09\\\/17\\\/festa-del-cansiglio-19-20-settembre-2009\\\/#breadcrumb\",\"itemListElement\":[{\"@type\":\"ListItem\",\"position\":1,\"name\":\"Home\",\"item\":\"https:\\\/\\\/www.bellunopress.it\\\/\"},{\"@type\":\"ListItem\",\"position\":2,\"name\":\"Festa del Cansiglio 19-20 Settembre 2009\"}]},{\"@type\":\"WebSite\",\"@id\":\"https:\\\/\\\/www.bellunopress.it\\\/#website\",\"url\":\"https:\\\/\\\/www.bellunopress.it\\\/\",\"name\":\"Bellunopress - Dolomiti\",\"description\":\"e-mail: redazione@bellunopress.it\",\"publisher\":{\"@id\":\"https:\\\/\\\/www.bellunopress.it\\\/#organization\"},\"potentialAction\":[{\"@type\":\"SearchAction\",\"target\":{\"@type\":\"EntryPoint\",\"urlTemplate\":\"https:\\\/\\\/www.bellunopress.it\\\/?s={search_term_string}\"},\"query-input\":{\"@type\":\"PropertyValueSpecification\",\"valueRequired\":true,\"valueName\":\"search_term_string\"}}],\"inLanguage\":\"fr-FR\"},{\"@type\":\"Organization\",\"@id\":\"https:\\\/\\\/www.bellunopress.it\\\/#organization\",\"name\":\"Bellunopress\",\"url\":\"https:\\\/\\\/www.bellunopress.it\\\/\",\"logo\":{\"@type\":\"ImageObject\",\"inLanguage\":\"fr-FR\",\"@id\":\"https:\\\/\\\/www.bellunopress.it\\\/#\\\/schema\\\/logo\\\/image\\\/\",\"url\":\"https:\\\/\\\/www.bellunopress.it\\\/wp-content\\\/uploads\\\/2011\\\/05\\\/cropped-logo-bellunopress-.jpg\",\"contentUrl\":\"https:\\\/\\\/www.bellunopress.it\\\/wp-content\\\/uploads\\\/2011\\\/05\\\/cropped-logo-bellunopress-.jpg\",\"width\":512,\"height\":512,\"caption\":\"Bellunopress\"},\"image\":{\"@id\":\"https:\\\/\\\/www.bellunopress.it\\\/#\\\/schema\\\/logo\\\/image\\\/\"},\"sameAs\":[\"https:\\\/\\\/www.facebook.com\\\/profile.php?id=100008943462799\",\"https:\\\/\\\/x.com\\\/bellunopress\",\"https:\\\/\\\/www.linkedin.com\\\/hp\\\/?dnr=JBzUWaJfMUw8vbXJJ2tVW5-I3jZKvC4wsoxE&amp;amp;amp;amp;amp;amp;trk=nav_responsive_tab_home\",\"https:\\\/\\\/www.youtube.com\\\/channel\\\/UCxL0wu1uN0_3_7hGG0306cw\"]},{\"@type\":\"Person\",\"@id\":\"https:\\\/\\\/www.bellunopress.it\\\/#\\\/schema\\\/person\\\/79bb06722b37ece1c03d3e94beb30d73\",\"name\":\"redazione\",\"image\":{\"@type\":\"ImageObject\",\"inLanguage\":\"fr-FR\",\"@id\":\"https:\\\/\\\/secure.gravatar.com\\\/avatar\\\/37d968a2e67a6fd04c169c4bdef102d0bc5d31b2546345219e348575eb80e9a0?s=96&d=mm&r=g\",\"url\":\"https:\\\/\\\/secure.gravatar.com\\\/avatar\\\/37d968a2e67a6fd04c169c4bdef102d0bc5d31b2546345219e348575eb80e9a0?s=96&d=mm&r=g\",\"contentUrl\":\"https:\\\/\\\/secure.gravatar.com\\\/avatar\\\/37d968a2e67a6fd04c169c4bdef102d0bc5d31b2546345219e348575eb80e9a0?s=96&d=mm&r=g\",\"caption\":\"redazione\"},\"sameAs\":[\"http:\\\/\\\/www.bellunopress.it\",\"https:\\\/\\\/x.com\\\/bellunopress\"],\"url\":\"https:\\\/\\\/www.bellunopress.it\\\/fr\\\/author\\\/redazione\\\/\"}]}<\/script>\n<!-- \/ Yoast SEO plugin. -->","yoast_head_json":{"title":"Festa del Cansiglio 19-20 Settembre 2009 - Bellunopress - Dolomiti","robots":{"index":"index","follow":"follow","max-snippet":"max-snippet:-1","max-image-preview":"max-image-preview:large","max-video-preview":"max-video-preview:-1"},"canonical":"https:\/\/www.bellunopress.it\/fr\/2009\/09\/17\/festa-del-cansiglio-19-20-settembre-2009\/","og_locale":"fr_FR","og_type":"article","og_title":"Festa del Cansiglio 19-20 Settembre 2009 - Bellunopress - Dolomiti","og_description":"Dopo la positiva esperienza delle estati 2007 e 2008, in cui la fattiva collaborazione tra alcuni operatori del Cansiglio\u00a0 ha dato vita alla Festa del Cansiglio, per il 2009 \u00e8 sorta la volont\u00e0 di organizzare, per il week end del 19-20 settembre, un grande appuntamento pubblico di festa e promozione del territorio, delle sue peculiarit\u00e0 [&hellip;]","og_url":"https:\/\/www.bellunopress.it\/fr\/2009\/09\/17\/festa-del-cansiglio-19-20-settembre-2009\/","og_site_name":"Bellunopress - Dolomiti","article_publisher":"https:\/\/www.facebook.com\/profile.php?id=100008943462799","article_published_time":"2009-09-17T20:56:17+00:00","og_image":[{"url":"http:\/\/www.bellunopress.it\/wp-content\/uploads\/2012\/07\/logo-bellunopress-250x250-2012.jpg","type":"","width":"","height":""}],"author":"redazione","twitter_card":"summary_large_image","twitter_creator":"@bellunopress","twitter_site":"@bellunopress","twitter_misc":{"\u00c9crit par":"redazione","Dur\u00e9e de lecture estim\u00e9e":"2 minutes"},"schema":{"@context":"https:\/\/schema.org","@graph":[{"@type":"Article","@id":"https:\/\/www.bellunopress.it\/2009\/09\/17\/festa-del-cansiglio-19-20-settembre-2009\/#article","isPartOf":{"@id":"https:\/\/www.bellunopress.it\/2009\/09\/17\/festa-del-cansiglio-19-20-settembre-2009\/"},"author":{"name":"redazione","@id":"https:\/\/www.bellunopress.it\/#\/schema\/person\/79bb06722b37ece1c03d3e94beb30d73"},"headline":"Festa del Cansiglio 19-20 Settembre 2009","datePublished":"2009-09-17T20:56:17+00:00","mainEntityOfPage":{"@id":"https:\/\/www.bellunopress.it\/2009\/09\/17\/festa-del-cansiglio-19-20-settembre-2009\/"},"wordCount":408,"publisher":{"@id":"https:\/\/www.bellunopress.it\/#organization"},"articleSection":["Appuntamenti, Eventi","Pausa Caff\u00e8"],"inLanguage":"fr-FR"},{"@type":"WebPage","@id":"https:\/\/www.bellunopress.it\/2009\/09\/17\/festa-del-cansiglio-19-20-settembre-2009\/","url":"https:\/\/www.bellunopress.it\/2009\/09\/17\/festa-del-cansiglio-19-20-settembre-2009\/","name":"Festa del Cansiglio 19-20 Settembre 2009 - Bellunopress - Dolomiti","isPartOf":{"@id":"https:\/\/www.bellunopress.it\/#website"},"datePublished":"2009-09-17T20:56:17+00:00","breadcrumb":{"@id":"https:\/\/www.bellunopress.it\/2009\/09\/17\/festa-del-cansiglio-19-20-settembre-2009\/#breadcrumb"},"inLanguage":"fr-FR","potentialAction":[{"@type":"ReadAction","target":["https:\/\/www.bellunopress.it\/2009\/09\/17\/festa-del-cansiglio-19-20-settembre-2009\/"]}]},{"@type":"BreadcrumbList","@id":"https:\/\/www.bellunopress.it\/2009\/09\/17\/festa-del-cansiglio-19-20-settembre-2009\/#breadcrumb","itemListElement":[{"@type":"ListItem","position":1,"name":"Home","item":"https:\/\/www.bellunopress.it\/"},{"@type":"ListItem","position":2,"name":"Festa del Cansiglio 19-20 Settembre 2009"}]},{"@type":"WebSite","@id":"https:\/\/www.bellunopress.it\/#website","url":"https:\/\/www.bellunopress.it\/","name":"Bellunopress - Dolomiti","description":"e-mail: redazione@bellunopress.it","publisher":{"@id":"https:\/\/www.bellunopress.it\/#organization"},"potentialAction":[{"@type":"SearchAction","target":{"@type":"EntryPoint","urlTemplate":"https:\/\/www.bellunopress.it\/?s={search_term_string}"},"query-input":{"@type":"PropertyValueSpecification","valueRequired":true,"valueName":"search_term_string"}}],"inLanguage":"fr-FR"},{"@type":"Organization","@id":"https:\/\/www.bellunopress.it\/#organization","name":"Bellunopress","url":"https:\/\/www.bellunopress.it\/","logo":{"@type":"ImageObject","inLanguage":"fr-FR","@id":"https:\/\/www.bellunopress.it\/#\/schema\/logo\/image\/","url":"https:\/\/www.bellunopress.it\/wp-content\/uploads\/2011\/05\/cropped-logo-bellunopress-.jpg","contentUrl":"https:\/\/www.bellunopress.it\/wp-content\/uploads\/2011\/05\/cropped-logo-bellunopress-.jpg","width":512,"height":512,"caption":"Bellunopress"},"image":{"@id":"https:\/\/www.bellunopress.it\/#\/schema\/logo\/image\/"},"sameAs":["https:\/\/www.facebook.com\/profile.php?id=100008943462799","https:\/\/x.com\/bellunopress","https:\/\/www.linkedin.com\/hp\/?dnr=JBzUWaJfMUw8vbXJJ2tVW5-I3jZKvC4wsoxE&amp;amp;amp;amp;amp;amp;trk=nav_responsive_tab_home","https:\/\/www.youtube.com\/channel\/UCxL0wu1uN0_3_7hGG0306cw"]},{"@type":"Person","@id":"https:\/\/www.bellunopress.it\/#\/schema\/person\/79bb06722b37ece1c03d3e94beb30d73","name":"r\u00e9daction","image":{"@type":"ImageObject","inLanguage":"fr-FR","@id":"https:\/\/secure.gravatar.com\/avatar\/37d968a2e67a6fd04c169c4bdef102d0bc5d31b2546345219e348575eb80e9a0?s=96&d=mm&r=g","url":"https:\/\/secure.gravatar.com\/avatar\/37d968a2e67a6fd04c169c4bdef102d0bc5d31b2546345219e348575eb80e9a0?s=96&d=mm&r=g","contentUrl":"https:\/\/secure.gravatar.com\/avatar\/37d968a2e67a6fd04c169c4bdef102d0bc5d31b2546345219e348575eb80e9a0?s=96&d=mm&r=g","caption":"redazione"},"sameAs":["http:\/\/www.bellunopress.it","https:\/\/x.com\/bellunopress"],"url":"https:\/\/www.bellunopress.it\/fr\/author\/redazione\/"}]}},"_links":{"self":[{"href":"https:\/\/www.bellunopress.it\/fr\/wp-json\/wp\/v2\/posts\/8184","targetHints":{"allow":["GET"]}}],"collection":[{"href":"https:\/\/www.bellunopress.it\/fr\/wp-json\/wp\/v2\/posts"}],"about":[{"href":"https:\/\/www.bellunopress.it\/fr\/wp-json\/wp\/v2\/types\/post"}],"author":[{"embeddable":true,"href":"https:\/\/www.bellunopress.it\/fr\/wp-json\/wp\/v2\/users\/2"}],"replies":[{"embeddable":true,"href":"https:\/\/www.bellunopress.it\/fr\/wp-json\/wp\/v2\/comments?post=8184"}],"version-history":[{"count":1,"href":"https:\/\/www.bellunopress.it\/fr\/wp-json\/wp\/v2\/posts\/8184\/revisions"}],"predecessor-version":[{"id":8185,"href":"https:\/\/www.bellunopress.it\/fr\/wp-json\/wp\/v2\/posts\/8184\/revisions\/8185"}],"wp:attachment":[{"href":"https:\/\/www.bellunopress.it\/fr\/wp-json\/wp\/v2\/media?parent=8184"}],"wp:term":[{"taxonomy":"category","embeddable":true,"href":"https:\/\/www.bellunopress.it\/fr\/wp-json\/wp\/v2\/categories?post=8184"},{"taxonomy":"post_tag","embeddable":true,"href":"https:\/\/www.bellunopress.it\/fr\/wp-json\/wp\/v2\/tags?post=8184"}],"curies":[{"name":"wp","href":"https:\/\/api.w.org\/{rel}","templated":true}]}}