{"id":8157,"date":"2009-09-16T20:20:30","date_gmt":"2009-09-16T19:20:30","guid":{"rendered":"http:\/\/www.bellunopress.it\/?p=8157"},"modified":"2009-09-16T20:23:36","modified_gmt":"2009-09-16T19:23:36","slug":"cervi-nel-cansiglio-agricoltori-sul-piede-di-guerra-e-un-contributo-alla-discussione","status":"publish","type":"post","link":"https:\/\/www.bellunopress.it\/fr\/2009\/09\/16\/cervi-nel-cansiglio-agricoltori-sul-piede-di-guerra-e-un-contributo-alla-discussione\/","title":{"rendered":"Cervi nel Cansiglio, agricoltori sul piede di guerra e un contributo alla discussione"},"content":{"rendered":"<p><a href=\"http:\/\/www.bellunopress.it\/wp-content\/uploads\/2009\/06\/ministro-luca-zaia-e-paolo-doglioni1.jpg\"><img loading=\"lazy\" decoding=\"async\" class=\"alignleft size-medium wp-image-4912\" title=\"ministro-luca-zaia-e-paolo-doglioni1\" src=\"http:\/\/www.bellunopress.it\/wp-content\/uploads\/2009\/06\/ministro-luca-zaia-e-paolo-doglioni1.jpg\" alt=\"\" width=\"270\" height=\"203\" \/><\/a>La presentazione sabato scorso sull\u2019altopiano del progetto \u201cAssi del Cansiglio\u201d \u00e8 stata l\u2019occasione per riportare alla ribalta il problema dell\u2019aumento del numero dei cervi in foresta, con gli allevatori sul piede di guerra e pronti con le botti di liquame per una azione forte, protesta poi rientrata. Gli allevatori, che ancora sperano nel dialogo, lamentano danni notevoli e giustamente chiedono che\u00a0 si faccia qualcosa e, visto che il Cansiglio \u00e8 di propriet\u00e0 regionale, chiedono che la regione, rappresentata in Cansiglio da Veneto Agricoltura, faccia qualcosa ed anche in tempi rapidi, dopo anni di non intervento.<br \/>\nEra presente anche il ministro Zaia a cui gli agricoltori hanno chiesto aiuto e il loro appello \u00e8 stato accolto dal ministro che ne ha parlato durante il suo intervento, affermando che a quelle richieste va dato ascolto. Ma il ministro ha anche detto, cos\u00ec come poi riportato dalla stampa, che \u00e8 ancora possibile l\u2019ipotesi della cattura e dello spostamento, cos\u00ec come da anni gli ambientalisti vanno chiedendo. Sarebbe da sciocchi non riconoscere che il problema esiste ma gli ambientalisti ricordano che si sono fin qui opposti agli abbattimenti in quanto non si \u00e8 mai voluta prendere in considerazione una soluzione diversa dagli abbattimenti e tutti gli studi fatti fino ad un anno fa sono stati dei semplici conteggi, il famoso \u201ccensimento al bramito\u201d per valutare il numero dei cervi presenti, tra l\u2019altro fatto proprio nel periodo degli amori, cio\u00e8 di maggior concentrazione in foresta e sui pascoli della piana.<br \/>\nDa poco si \u00e8 cominciato a valutare i \u201cdanni\u201d da pascolo, cio\u00e8 l\u2019erba non pi\u00f9 disponibile per le mucche, ma non esiste nessun dato certo per i danni da brucatura agli alberi\u00a0 in foresta, quindi al di l\u00e0 del danno per gli agricoltori ancora poco si sa sul numero di animali che la foresta potrebbe sostenere. Nell\u2019ottocento il cervo era sicuramente presente in Cansiglio, ma proprio la\u00a0 caccia, o meglio il bracconaggio, lo hanno fatto sparire e solo da pochi anni sta ricolonizzando le nostre aree alpine. Ora \u00e8 diventata una presenza importante e molti vengono a visitare il Cansiglio proprio per vedere i cervi. Ma qualche amministratore, nel recente passato, ha pensato di trasformare la presenza del cervo nell\u2019occasione per farsi votare dai cacciatori, promettendo la caccia, sotto forma di selezione, dentro in foresta, censurando di fatto qualsiasi altra azione di contenimento che non fosse quella dello sparare. Ma il Cansiglio non \u00e8 una riserva di caccia, bens\u00ec un\u2019area demaniale tutelata dalle normative europee quale SIC e ZPS, non si pu\u00f2 intervenire sparando se non in caso di grave necessit\u00e0 e dopo aver tentato i metodi cosiddetti \u201cecologici\u201d come la\u00a0 cattura. Il precedente presidente della provincia di Belluno si \u00e8 sempre opposto alle catture e agli spostamenti ed ora anche gli allevatori pagano sulla propria pelle il braccio di ferro tra chi voleva sparare subito e gli ambientalisti che chiedevano e ancora chiedono un percorso pi\u00f9 complicato, ma meno violento e pi\u00f9 rispettoso del Cansiglio.<br \/>\nGli ambientalisti chiedono che la regione non si pieghi alla prepotenza di chi vuole sparare ma per\u00a0 prima cosa aiuti gli agricoltori in difficolt\u00e0 con un opportuno contributo: la politica deve fare la sua parte, le zone alpine delle provincie autonome (Trento e Bolzano) o delle regioni come Friuli e Valle d\u2019Aosta godono di molti contributi, perch\u00e8 la montagna veneta, tra l\u2019altro dove ricade la maggior parte dell\u2019area tutelata dall\u2019Unesco ( Dolomiti Monumento del Mondo), non pu\u00f2 godere degli stessi aiuti? Basta con i privilegi, le risorse vanno divise e condivise.<br \/>\nGli allevatori sono da aiutare subito ma la foresta del Cansiglio, una delle pi\u00f9 belle in Italia e carica di significati storici come poche altre, visto che era la Foresta da remi tutelata dal Doge il persona, non pu\u00f2 diventare un mattatoio per accaparrarsi i voti dei cacciatori. Il Cansiglio \u00e8 uno dei luoghi storici dell\u2019identit\u00e0 veneta, collegato a Venezia e come tale va trattato, considerando tutte le sue valenze, da quelle storiche a quelle naturalistiche e se la risorsa turismo \u00e8 fondamentale per la nostra regione, il Cansiglio \u00e8 uno dei centri importanti per il turismo naturalistico e didattico.<br \/>\nSiamo ancora in tempo per intervenire con catture e spostamenti e con la revisione del numero degli abbattimenti nelle aree esterne al Cansiglio, ma non bisogna far passare altro tempo. Aspettare ancora serve solo ad esasperare gli animi, sia degli allevatori che di chi vede sempre pi\u00f9 vicina la soluzione degli abbattimenti\u00a0 e a dare ragione a chi vuole risolvere il problema solo a fucilate.<br \/>\n<strong>La mancanza di gestione del Cervo, nell\u2019ambito della Foresta del Cansiglio, <\/strong>\u00e8 responsabile dello scontro in atto tra l\u2019esigenza di tutela di una specie sterminata alla fine dell\u2019 800 che solo ora sta rioccupando i suoi territori e attivit\u00e0 economiche tradizionali quali l\u2019allevamento del bestiame e le produzioni lattiero casearie. Per alcuni soggetti istituzionali l\u2019unica soluzione proposta in modo monotono ed ossessivo \u00e8 sempre e comunque quello di sparare all\u2019interno dell\u2019area protetta ricordiamo che il Cervo \u00e8 una specie regolarmente cacciabile ai confini della Foresta Demaniale del Cansiglio nelle province di Treviso, Belluno e Pordenone.<\/p>\n<p>La Foresta Cansiglio \u00e8, di fatto, un\u2019area protetta in quanto ex Azienda di Stato per le Foreste Demaniali ceduta dallo Stato alla Regione Veneto e Sito di Importanza Comunitaria (SIC) e Zona di Protezione Speciale (ZPS) visitata settimanalmente da migliaia di escursionisti.<br \/>\nLa presenza di una importante popolazione di cervo pu\u00f2 rappresentare una \u201crisorsa oppure un problema\u201d e ci\u00f2 dipende esclusivamente dalle misure che verranno messe in atto dagli enti responsabili per il controllo e la riduzione del danno denunciato sui pascoli. E\u2019 il caso di sottolineare che si tratta di un problema relativamente frequente per la gestione della fauna tanto nelle aree protette quanto fuori e gi\u00e0 affrontato tecnicamente in varie altre parti d\u2019Italia e risolto mediante soluzioni valide ed accettabili da tutte le parti coinvolte.<br \/>\nEsempi di questo genere possono essere, per quanto riguarda i daini, le Tenute Presidenziali di San Rossore (PI) o Castelporziano (ROMA), per i cervi il Bosco della Mesola (FE) o il Parco Regionale della Mandria (TO) e il Gran Bosco di Salbertrand (TO) ma anche il Parco Nazionale dello Stelvio (TN) e il Parco Nazionale dei Monti Sibillini (MC). La continuit\u00e0 con aree interessate all\u2019esercizio venatorio e la presenza all\u2019interno di aree destinate a pascolo per allevamento bovino determina le condizioni per un presenza di forti concentrazioni di Cervo in Cansiglio e di altrettanto consistenti danni alle attivit\u00e0 economiche legate allevamento.<br \/>\nL\u2019impossibilit\u00e0 di mantenere o ricondurre grandi aree a condizioni di elevata naturalit\u00e0 e totalmente prive da interferenze antropiche deve indurci a promuovere in maniera attiva la conservazione dell\u2019ambiente mediante azioni concrete come peraltro avviene giornalmente in aree protette di ben altre dimensioni come i parchi nord americani e africani. Quindi in considerazione dei danni, ormai pi\u00f9 che documentati, diventa necessario procedere quanto prima alla cattura e rimozione della fauna in eccesso. Questo \u00e9 il metodo naturalisticamente pi\u00f9 appropriato in un&#8217;area protetta\/foresta demaniale\/aree Sic\/Zps qual \u00e8 il Cansiglio.<br \/>\nDal punto di vista giuridico tale tipo di attivit\u00e0 viene disciplinata dal articolo n\u00b0 19 della L.N 157\/92 sul controllo della fauna selvatica. Il comma 2 prevede che \u201cle regioni per la migliore gestione del patrimonio zootecnico, per la tutela del suolo, per motivi sanitari, per la selezione biologica, per la tutela delle produzioni zoo-agro-forestali ed ittiche, provvedono al controllo delle specie di fauna selvatica anche nelle zone vietate alla caccia. Tale controllo, viene praticato di norma mediante l\u2019utilizzo di metodi ecologici.<br \/>\nCon il termine \u201cmetodi ecologici\u201dsi intende che debbono essere privilegiate le catture agli abbattimento. La legge infatti ritiene prioritario privilegiare le catture sugli abbattimenti: tramite personale specializzato in grado di catturare specie animali di grandi o medie dimensioni;<\/p>","protected":false},"excerpt":{"rendered":"<p>La presentazione sabato scorso sull\u2019altopiano del progetto \u201cAssi del Cansiglio\u201d \u00e8 stata l\u2019occasione per riportare alla ribalta il problema dell\u2019aumento del numero dei cervi in foresta, con gli allevatori sul piede di guerra e pronti con le botti di liquame per una azione forte, protesta poi rientrata. Gli allevatori, che ancora sperano nel dialogo, lamentano [&hellip;]<\/p>\n","protected":false},"author":2,"featured_media":0,"comment_status":"closed","ping_status":"open","sticky":false,"template":"","format":"standard","meta":{"footnotes":""},"categories":[5,38,26],"tags":[139,63],"class_list":["post-8157","post","type-post","status-publish","format-standard","category-cronaca","category-natura-ambiente","category-prima-pagina","tag-belluno","tag-dolomiti"],"yoast_head":"<!-- This site is optimized with the Yoast SEO plugin v28.4 - https:\/\/yoast.com\/product\/yoast-seo-wordpress\/ -->\n<title>Cervi nel Cansiglio, agricoltori sul piede di guerra e un contributo alla discussione - Bellunopress - Dolomiti<\/title>\n<meta name=\"robots\" content=\"index, follow, max-snippet:-1, max-image-preview:large, max-video-preview:-1\" \/>\n<link rel=\"canonical\" href=\"https:\/\/www.bellunopress.it\/fr\/2009\/09\/16\/cervi-nel-cansiglio-agricoltori-sul-piede-di-guerra-e-un-contributo-alla-discussione\/\" \/>\n<meta property=\"og:locale\" content=\"fr_FR\" \/>\n<meta property=\"og:type\" content=\"article\" \/>\n<meta property=\"og:title\" content=\"Cervi nel Cansiglio, agricoltori sul piede di guerra e un contributo alla discussione - Bellunopress - Dolomiti\" \/>\n<meta property=\"og:description\" content=\"La presentazione sabato scorso sull\u2019altopiano del progetto \u201cAssi del Cansiglio\u201d \u00e8 stata l\u2019occasione per riportare alla ribalta il problema dell\u2019aumento del numero dei cervi in foresta, con gli allevatori sul piede di guerra e pronti con le botti di liquame per una azione forte, protesta poi rientrata. Gli allevatori, che ancora sperano nel dialogo, lamentano [&hellip;]\" \/>\n<meta property=\"og:url\" content=\"https:\/\/www.bellunopress.it\/fr\/2009\/09\/16\/cervi-nel-cansiglio-agricoltori-sul-piede-di-guerra-e-un-contributo-alla-discussione\/\" \/>\n<meta property=\"og:site_name\" content=\"Bellunopress - Dolomiti\" \/>\n<meta property=\"article:publisher\" content=\"https:\/\/www.facebook.com\/profile.php?id=100008943462799\" \/>\n<meta property=\"article:published_time\" content=\"2009-09-16T19:20:30+00:00\" \/>\n<meta property=\"article:modified_time\" content=\"2009-09-16T19:23:36+00:00\" \/>\n<meta property=\"og:image\" content=\"http:\/\/www.bellunopress.it\/wp-content\/uploads\/2009\/06\/ministro-luca-zaia-e-paolo-doglioni1.jpg\" \/>\n<meta name=\"author\" content=\"redazione\" \/>\n<meta name=\"twitter:card\" content=\"summary_large_image\" \/>\n<meta name=\"twitter:creator\" content=\"@bellunopress\" \/>\n<meta name=\"twitter:site\" content=\"@bellunopress\" \/>\n<meta name=\"twitter:label1\" content=\"\u00c9crit par\" \/>\n\t<meta name=\"twitter:data1\" content=\"redazione\" \/>\n\t<meta name=\"twitter:label2\" content=\"Dur\u00e9e de lecture estim\u00e9e\" \/>\n\t<meta name=\"twitter:data2\" content=\"6 minutes\" \/>\n<script type=\"application\/ld+json\" class=\"yoast-schema-graph\">{\"@context\":\"https:\\\/\\\/schema.org\",\"@graph\":[{\"@type\":\"Article\",\"@id\":\"https:\\\/\\\/www.bellunopress.it\\\/2009\\\/09\\\/16\\\/cervi-nel-cansiglio-agricoltori-sul-piede-di-guerra-e-un-contributo-alla-discussione\\\/#article\",\"isPartOf\":{\"@id\":\"https:\\\/\\\/www.bellunopress.it\\\/2009\\\/09\\\/16\\\/cervi-nel-cansiglio-agricoltori-sul-piede-di-guerra-e-un-contributo-alla-discussione\\\/\"},\"author\":{\"name\":\"redazione\",\"@id\":\"https:\\\/\\\/www.bellunopress.it\\\/#\\\/schema\\\/person\\\/79bb06722b37ece1c03d3e94beb30d73\"},\"headline\":\"Cervi nel Cansiglio, agricoltori sul piede di guerra e un contributo alla discussione\",\"datePublished\":\"2009-09-16T19:20:30+00:00\",\"dateModified\":\"2009-09-16T19:23:36+00:00\",\"mainEntityOfPage\":{\"@id\":\"https:\\\/\\\/www.bellunopress.it\\\/2009\\\/09\\\/16\\\/cervi-nel-cansiglio-agricoltori-sul-piede-di-guerra-e-un-contributo-alla-discussione\\\/\"},\"wordCount\":1300,\"publisher\":{\"@id\":\"https:\\\/\\\/www.bellunopress.it\\\/#organization\"},\"image\":{\"@id\":\"https:\\\/\\\/www.bellunopress.it\\\/2009\\\/09\\\/16\\\/cervi-nel-cansiglio-agricoltori-sul-piede-di-guerra-e-un-contributo-alla-discussione\\\/#primaryimage\"},\"thumbnailUrl\":\"http:\\\/\\\/www.bellunopress.it\\\/wp-content\\\/uploads\\\/2009\\\/06\\\/ministro-luca-zaia-e-paolo-doglioni1.jpg\",\"keywords\":[\"Belluno\",\"Dolomiti\"],\"articleSection\":[\"Cronaca\\\/Politica\",\"Meteo, natura, ambiente, animali\",\"Prima Pagina\"],\"inLanguage\":\"fr-FR\"},{\"@type\":\"WebPage\",\"@id\":\"https:\\\/\\\/www.bellunopress.it\\\/2009\\\/09\\\/16\\\/cervi-nel-cansiglio-agricoltori-sul-piede-di-guerra-e-un-contributo-alla-discussione\\\/\",\"url\":\"https:\\\/\\\/www.bellunopress.it\\\/2009\\\/09\\\/16\\\/cervi-nel-cansiglio-agricoltori-sul-piede-di-guerra-e-un-contributo-alla-discussione\\\/\",\"name\":\"Cervi nel Cansiglio, agricoltori sul piede di guerra e un contributo alla discussione - Bellunopress - Dolomiti\",\"isPartOf\":{\"@id\":\"https:\\\/\\\/www.bellunopress.it\\\/#website\"},\"primaryImageOfPage\":{\"@id\":\"https:\\\/\\\/www.bellunopress.it\\\/2009\\\/09\\\/16\\\/cervi-nel-cansiglio-agricoltori-sul-piede-di-guerra-e-un-contributo-alla-discussione\\\/#primaryimage\"},\"image\":{\"@id\":\"https:\\\/\\\/www.bellunopress.it\\\/2009\\\/09\\\/16\\\/cervi-nel-cansiglio-agricoltori-sul-piede-di-guerra-e-un-contributo-alla-discussione\\\/#primaryimage\"},\"thumbnailUrl\":\"http:\\\/\\\/www.bellunopress.it\\\/wp-content\\\/uploads\\\/2009\\\/06\\\/ministro-luca-zaia-e-paolo-doglioni1.jpg\",\"datePublished\":\"2009-09-16T19:20:30+00:00\",\"dateModified\":\"2009-09-16T19:23:36+00:00\",\"breadcrumb\":{\"@id\":\"https:\\\/\\\/www.bellunopress.it\\\/2009\\\/09\\\/16\\\/cervi-nel-cansiglio-agricoltori-sul-piede-di-guerra-e-un-contributo-alla-discussione\\\/#breadcrumb\"},\"inLanguage\":\"fr-FR\",\"potentialAction\":[{\"@type\":\"ReadAction\",\"target\":[\"https:\\\/\\\/www.bellunopress.it\\\/2009\\\/09\\\/16\\\/cervi-nel-cansiglio-agricoltori-sul-piede-di-guerra-e-un-contributo-alla-discussione\\\/\"]}]},{\"@type\":\"ImageObject\",\"inLanguage\":\"fr-FR\",\"@id\":\"https:\\\/\\\/www.bellunopress.it\\\/2009\\\/09\\\/16\\\/cervi-nel-cansiglio-agricoltori-sul-piede-di-guerra-e-un-contributo-alla-discussione\\\/#primaryimage\",\"url\":\"http:\\\/\\\/www.bellunopress.it\\\/wp-content\\\/uploads\\\/2009\\\/06\\\/ministro-luca-zaia-e-paolo-doglioni1.jpg\",\"contentUrl\":\"http:\\\/\\\/www.bellunopress.it\\\/wp-content\\\/uploads\\\/2009\\\/06\\\/ministro-luca-zaia-e-paolo-doglioni1.jpg\"},{\"@type\":\"BreadcrumbList\",\"@id\":\"https:\\\/\\\/www.bellunopress.it\\\/2009\\\/09\\\/16\\\/cervi-nel-cansiglio-agricoltori-sul-piede-di-guerra-e-un-contributo-alla-discussione\\\/#breadcrumb\",\"itemListElement\":[{\"@type\":\"ListItem\",\"position\":1,\"name\":\"Home\",\"item\":\"https:\\\/\\\/www.bellunopress.it\\\/\"},{\"@type\":\"ListItem\",\"position\":2,\"name\":\"Cervi nel Cansiglio, agricoltori sul piede di guerra e un contributo alla discussione\"}]},{\"@type\":\"WebSite\",\"@id\":\"https:\\\/\\\/www.bellunopress.it\\\/#website\",\"url\":\"https:\\\/\\\/www.bellunopress.it\\\/\",\"name\":\"Bellunopress - Dolomiti\",\"description\":\"e-mail: redazione@bellunopress.it\",\"publisher\":{\"@id\":\"https:\\\/\\\/www.bellunopress.it\\\/#organization\"},\"potentialAction\":[{\"@type\":\"SearchAction\",\"target\":{\"@type\":\"EntryPoint\",\"urlTemplate\":\"https:\\\/\\\/www.bellunopress.it\\\/?s={search_term_string}\"},\"query-input\":{\"@type\":\"PropertyValueSpecification\",\"valueRequired\":true,\"valueName\":\"search_term_string\"}}],\"inLanguage\":\"fr-FR\"},{\"@type\":\"Organization\",\"@id\":\"https:\\\/\\\/www.bellunopress.it\\\/#organization\",\"name\":\"Bellunopress\",\"url\":\"https:\\\/\\\/www.bellunopress.it\\\/\",\"logo\":{\"@type\":\"ImageObject\",\"inLanguage\":\"fr-FR\",\"@id\":\"https:\\\/\\\/www.bellunopress.it\\\/#\\\/schema\\\/logo\\\/image\\\/\",\"url\":\"https:\\\/\\\/www.bellunopress.it\\\/wp-content\\\/uploads\\\/2011\\\/05\\\/cropped-logo-bellunopress-.jpg\",\"contentUrl\":\"https:\\\/\\\/www.bellunopress.it\\\/wp-content\\\/uploads\\\/2011\\\/05\\\/cropped-logo-bellunopress-.jpg\",\"width\":512,\"height\":512,\"caption\":\"Bellunopress\"},\"image\":{\"@id\":\"https:\\\/\\\/www.bellunopress.it\\\/#\\\/schema\\\/logo\\\/image\\\/\"},\"sameAs\":[\"https:\\\/\\\/www.facebook.com\\\/profile.php?id=100008943462799\",\"https:\\\/\\\/x.com\\\/bellunopress\",\"https:\\\/\\\/www.linkedin.com\\\/hp\\\/?dnr=JBzUWaJfMUw8vbXJJ2tVW5-I3jZKvC4wsoxE&amp;amp;amp;amp;amp;amp;trk=nav_responsive_tab_home\",\"https:\\\/\\\/www.youtube.com\\\/channel\\\/UCxL0wu1uN0_3_7hGG0306cw\"]},{\"@type\":\"Person\",\"@id\":\"https:\\\/\\\/www.bellunopress.it\\\/#\\\/schema\\\/person\\\/79bb06722b37ece1c03d3e94beb30d73\",\"name\":\"redazione\",\"image\":{\"@type\":\"ImageObject\",\"inLanguage\":\"fr-FR\",\"@id\":\"https:\\\/\\\/secure.gravatar.com\\\/avatar\\\/37d968a2e67a6fd04c169c4bdef102d0bc5d31b2546345219e348575eb80e9a0?s=96&d=mm&r=g\",\"url\":\"https:\\\/\\\/secure.gravatar.com\\\/avatar\\\/37d968a2e67a6fd04c169c4bdef102d0bc5d31b2546345219e348575eb80e9a0?s=96&d=mm&r=g\",\"contentUrl\":\"https:\\\/\\\/secure.gravatar.com\\\/avatar\\\/37d968a2e67a6fd04c169c4bdef102d0bc5d31b2546345219e348575eb80e9a0?s=96&d=mm&r=g\",\"caption\":\"redazione\"},\"sameAs\":[\"http:\\\/\\\/www.bellunopress.it\",\"https:\\\/\\\/x.com\\\/bellunopress\"],\"url\":\"https:\\\/\\\/www.bellunopress.it\\\/fr\\\/author\\\/redazione\\\/\"}]}<\/script>\n<!-- \/ Yoast SEO plugin. -->","yoast_head_json":{"title":"Cervi nel Cansiglio, agricoltori sul piede di guerra e un contributo alla discussione - Bellunopress - Dolomiti","robots":{"index":"index","follow":"follow","max-snippet":"max-snippet:-1","max-image-preview":"max-image-preview:large","max-video-preview":"max-video-preview:-1"},"canonical":"https:\/\/www.bellunopress.it\/fr\/2009\/09\/16\/cervi-nel-cansiglio-agricoltori-sul-piede-di-guerra-e-un-contributo-alla-discussione\/","og_locale":"fr_FR","og_type":"article","og_title":"Cervi nel Cansiglio, agricoltori sul piede di guerra e un contributo alla discussione - Bellunopress - Dolomiti","og_description":"La presentazione sabato scorso sull\u2019altopiano del progetto \u201cAssi del Cansiglio\u201d \u00e8 stata l\u2019occasione per riportare alla ribalta il problema dell\u2019aumento del numero dei cervi in foresta, con gli allevatori sul piede di guerra e pronti con le botti di liquame per una azione forte, protesta poi rientrata. Gli allevatori, che ancora sperano nel dialogo, lamentano [&hellip;]","og_url":"https:\/\/www.bellunopress.it\/fr\/2009\/09\/16\/cervi-nel-cansiglio-agricoltori-sul-piede-di-guerra-e-un-contributo-alla-discussione\/","og_site_name":"Bellunopress - Dolomiti","article_publisher":"https:\/\/www.facebook.com\/profile.php?id=100008943462799","article_published_time":"2009-09-16T19:20:30+00:00","article_modified_time":"2009-09-16T19:23:36+00:00","og_image":[{"url":"http:\/\/www.bellunopress.it\/wp-content\/uploads\/2009\/06\/ministro-luca-zaia-e-paolo-doglioni1.jpg","type":"","width":"","height":""}],"author":"redazione","twitter_card":"summary_large_image","twitter_creator":"@bellunopress","twitter_site":"@bellunopress","twitter_misc":{"\u00c9crit par":"redazione","Dur\u00e9e de lecture estim\u00e9e":"6 minutes"},"schema":{"@context":"https:\/\/schema.org","@graph":[{"@type":"Article","@id":"https:\/\/www.bellunopress.it\/2009\/09\/16\/cervi-nel-cansiglio-agricoltori-sul-piede-di-guerra-e-un-contributo-alla-discussione\/#article","isPartOf":{"@id":"https:\/\/www.bellunopress.it\/2009\/09\/16\/cervi-nel-cansiglio-agricoltori-sul-piede-di-guerra-e-un-contributo-alla-discussione\/"},"author":{"name":"redazione","@id":"https:\/\/www.bellunopress.it\/#\/schema\/person\/79bb06722b37ece1c03d3e94beb30d73"},"headline":"Cervi nel Cansiglio, agricoltori sul piede di guerra e un contributo alla discussione","datePublished":"2009-09-16T19:20:30+00:00","dateModified":"2009-09-16T19:23:36+00:00","mainEntityOfPage":{"@id":"https:\/\/www.bellunopress.it\/2009\/09\/16\/cervi-nel-cansiglio-agricoltori-sul-piede-di-guerra-e-un-contributo-alla-discussione\/"},"wordCount":1300,"publisher":{"@id":"https:\/\/www.bellunopress.it\/#organization"},"image":{"@id":"https:\/\/www.bellunopress.it\/2009\/09\/16\/cervi-nel-cansiglio-agricoltori-sul-piede-di-guerra-e-un-contributo-alla-discussione\/#primaryimage"},"thumbnailUrl":"http:\/\/www.bellunopress.it\/wp-content\/uploads\/2009\/06\/ministro-luca-zaia-e-paolo-doglioni1.jpg","keywords":["Belluno","Dolomiti"],"articleSection":["Cronaca\/Politica","Meteo, natura, ambiente, animali","Prima Pagina"],"inLanguage":"fr-FR"},{"@type":"WebPage","@id":"https:\/\/www.bellunopress.it\/2009\/09\/16\/cervi-nel-cansiglio-agricoltori-sul-piede-di-guerra-e-un-contributo-alla-discussione\/","url":"https:\/\/www.bellunopress.it\/2009\/09\/16\/cervi-nel-cansiglio-agricoltori-sul-piede-di-guerra-e-un-contributo-alla-discussione\/","name":"Cervi nel Cansiglio, agricoltori sul piede di guerra e un contributo alla discussione - Bellunopress - Dolomiti","isPartOf":{"@id":"https:\/\/www.bellunopress.it\/#website"},"primaryImageOfPage":{"@id":"https:\/\/www.bellunopress.it\/2009\/09\/16\/cervi-nel-cansiglio-agricoltori-sul-piede-di-guerra-e-un-contributo-alla-discussione\/#primaryimage"},"image":{"@id":"https:\/\/www.bellunopress.it\/2009\/09\/16\/cervi-nel-cansiglio-agricoltori-sul-piede-di-guerra-e-un-contributo-alla-discussione\/#primaryimage"},"thumbnailUrl":"http:\/\/www.bellunopress.it\/wp-content\/uploads\/2009\/06\/ministro-luca-zaia-e-paolo-doglioni1.jpg","datePublished":"2009-09-16T19:20:30+00:00","dateModified":"2009-09-16T19:23:36+00:00","breadcrumb":{"@id":"https:\/\/www.bellunopress.it\/2009\/09\/16\/cervi-nel-cansiglio-agricoltori-sul-piede-di-guerra-e-un-contributo-alla-discussione\/#breadcrumb"},"inLanguage":"fr-FR","potentialAction":[{"@type":"ReadAction","target":["https:\/\/www.bellunopress.it\/2009\/09\/16\/cervi-nel-cansiglio-agricoltori-sul-piede-di-guerra-e-un-contributo-alla-discussione\/"]}]},{"@type":"ImageObject","inLanguage":"fr-FR","@id":"https:\/\/www.bellunopress.it\/2009\/09\/16\/cervi-nel-cansiglio-agricoltori-sul-piede-di-guerra-e-un-contributo-alla-discussione\/#primaryimage","url":"http:\/\/www.bellunopress.it\/wp-content\/uploads\/2009\/06\/ministro-luca-zaia-e-paolo-doglioni1.jpg","contentUrl":"http:\/\/www.bellunopress.it\/wp-content\/uploads\/2009\/06\/ministro-luca-zaia-e-paolo-doglioni1.jpg"},{"@type":"BreadcrumbList","@id":"https:\/\/www.bellunopress.it\/2009\/09\/16\/cervi-nel-cansiglio-agricoltori-sul-piede-di-guerra-e-un-contributo-alla-discussione\/#breadcrumb","itemListElement":[{"@type":"ListItem","position":1,"name":"Home","item":"https:\/\/www.bellunopress.it\/"},{"@type":"ListItem","position":2,"name":"Cervi nel Cansiglio, agricoltori sul piede di guerra e un contributo alla discussione"}]},{"@type":"WebSite","@id":"https:\/\/www.bellunopress.it\/#website","url":"https:\/\/www.bellunopress.it\/","name":"Bellunopress - Dolomiti","description":"e-mail: redazione@bellunopress.it","publisher":{"@id":"https:\/\/www.bellunopress.it\/#organization"},"potentialAction":[{"@type":"SearchAction","target":{"@type":"EntryPoint","urlTemplate":"https:\/\/www.bellunopress.it\/?s={search_term_string}"},"query-input":{"@type":"PropertyValueSpecification","valueRequired":true,"valueName":"search_term_string"}}],"inLanguage":"fr-FR"},{"@type":"Organization","@id":"https:\/\/www.bellunopress.it\/#organization","name":"Bellunopress","url":"https:\/\/www.bellunopress.it\/","logo":{"@type":"ImageObject","inLanguage":"fr-FR","@id":"https:\/\/www.bellunopress.it\/#\/schema\/logo\/image\/","url":"https:\/\/www.bellunopress.it\/wp-content\/uploads\/2011\/05\/cropped-logo-bellunopress-.jpg","contentUrl":"https:\/\/www.bellunopress.it\/wp-content\/uploads\/2011\/05\/cropped-logo-bellunopress-.jpg","width":512,"height":512,"caption":"Bellunopress"},"image":{"@id":"https:\/\/www.bellunopress.it\/#\/schema\/logo\/image\/"},"sameAs":["https:\/\/www.facebook.com\/profile.php?id=100008943462799","https:\/\/x.com\/bellunopress","https:\/\/www.linkedin.com\/hp\/?dnr=JBzUWaJfMUw8vbXJJ2tVW5-I3jZKvC4wsoxE&amp;amp;amp;amp;amp;amp;trk=nav_responsive_tab_home","https:\/\/www.youtube.com\/channel\/UCxL0wu1uN0_3_7hGG0306cw"]},{"@type":"Person","@id":"https:\/\/www.bellunopress.it\/#\/schema\/person\/79bb06722b37ece1c03d3e94beb30d73","name":"r\u00e9daction","image":{"@type":"ImageObject","inLanguage":"fr-FR","@id":"https:\/\/secure.gravatar.com\/avatar\/37d968a2e67a6fd04c169c4bdef102d0bc5d31b2546345219e348575eb80e9a0?s=96&d=mm&r=g","url":"https:\/\/secure.gravatar.com\/avatar\/37d968a2e67a6fd04c169c4bdef102d0bc5d31b2546345219e348575eb80e9a0?s=96&d=mm&r=g","contentUrl":"https:\/\/secure.gravatar.com\/avatar\/37d968a2e67a6fd04c169c4bdef102d0bc5d31b2546345219e348575eb80e9a0?s=96&d=mm&r=g","caption":"redazione"},"sameAs":["http:\/\/www.bellunopress.it","https:\/\/x.com\/bellunopress"],"url":"https:\/\/www.bellunopress.it\/fr\/author\/redazione\/"}]}},"_links":{"self":[{"href":"https:\/\/www.bellunopress.it\/fr\/wp-json\/wp\/v2\/posts\/8157","targetHints":{"allow":["GET"]}}],"collection":[{"href":"https:\/\/www.bellunopress.it\/fr\/wp-json\/wp\/v2\/posts"}],"about":[{"href":"https:\/\/www.bellunopress.it\/fr\/wp-json\/wp\/v2\/types\/post"}],"author":[{"embeddable":true,"href":"https:\/\/www.bellunopress.it\/fr\/wp-json\/wp\/v2\/users\/2"}],"replies":[{"embeddable":true,"href":"https:\/\/www.bellunopress.it\/fr\/wp-json\/wp\/v2\/comments?post=8157"}],"version-history":[{"count":3,"href":"https:\/\/www.bellunopress.it\/fr\/wp-json\/wp\/v2\/posts\/8157\/revisions"}],"predecessor-version":[{"id":8163,"href":"https:\/\/www.bellunopress.it\/fr\/wp-json\/wp\/v2\/posts\/8157\/revisions\/8163"}],"wp:attachment":[{"href":"https:\/\/www.bellunopress.it\/fr\/wp-json\/wp\/v2\/media?parent=8157"}],"wp:term":[{"taxonomy":"category","embeddable":true,"href":"https:\/\/www.bellunopress.it\/fr\/wp-json\/wp\/v2\/categories?post=8157"},{"taxonomy":"post_tag","embeddable":true,"href":"https:\/\/www.bellunopress.it\/fr\/wp-json\/wp\/v2\/tags?post=8157"}],"curies":[{"name":"wp","href":"https:\/\/api.w.org\/{rel}","templated":true}]}}