{"id":8138,"date":"2009-09-16T16:34:58","date_gmt":"2009-09-16T15:34:58","guid":{"rendered":"http:\/\/www.bellunopress.it\/?p=8138"},"modified":"2009-09-16T16:34:58","modified_gmt":"2009-09-16T15:34:58","slug":"edilizia-rischio-blocco-secondo-il-presidente-dellappia-lentrata-in-vigore-di-una-normativa-piu-rigorosa-potrebbe-frenare-il-rilancio-del-settore","status":"publish","type":"post","link":"https:\/\/www.bellunopress.it\/fr\/2009\/09\/16\/edilizia-rischio-blocco-secondo-il-presidente-dellappia-lentrata-in-vigore-di-una-normativa-piu-rigorosa-potrebbe-frenare-il-rilancio-del-settore\/","title":{"rendered":"Edilizia: rischio blocco. Secondo il presidente dell&#8217;Appia l&#8217;entrata in vigore di una normativa pi\u00f9 rigorosa, potrebbe frenare il rilancio del settore"},"content":{"rendered":"<figure id=\"attachment_5513\" aria-describedby=\"caption-attachment-5513\" style=\"width: 195px\" class=\"wp-caption alignleft\"><a href=\"http:\/\/www.bellunopress.it\/wp-content\/uploads\/2009\/06\/moreno-de-col-presidente-appia.jpg\"><img loading=\"lazy\" decoding=\"async\" class=\"size-medium wp-image-5513\" title=\"moreno-de-col-presidente-appia\" src=\"http:\/\/www.bellunopress.it\/wp-content\/uploads\/2009\/06\/moreno-de-col-presidente-appia.jpg\" alt=\"Moreno De Col presidente Appia\" width=\"195\" height=\"236\" \/><\/a><figcaption id=\"caption-attachment-5513\" class=\"wp-caption-text\">Moreno De Col presidente Appia<\/figcaption><\/figure>\n<p>In edilizia, considerata da tutti come una componente che potrebbe dare un impulso decisivo al rilancio dell\u2019economia, le buone notizie sono spesso accompagnate da altre di segno opposto. \u201c Si tratta \u201c fa notare il presidente dell\u2019APPIA Moreno De Col \u201c di segnali contraddittori che non fanno bene al mercato. Abbiamo appena accolto con soddisfazione la delibera della Giunta Regionale che ha fissato i criteri di efficienza energetica, con i quali graduare gli aumenti di volume consentiti dal Piano Casa\u00a0 in caso di demolizione e ricostruzione con edilizia sostenibile, che gi\u00e0 dobbiamo confrontarci con una circolare del Ministero delle Infrastrutture e dei Trasporti del 5 agosto che di fatto crea grossi problemi all\u2019avvio di nuovi lavori. \u201c<br \/>\nVa ricordato che con l\u2019approvazione della legge 77\/2009 (conversione del decreto relativo al terremoto in Abruzzo) \u00e9 stato disposto che le nuove norme tecniche per le costruzioni, contenute nel D.M. 14.01.2008, entrino in vigore il 1 luglio 2009 anzich\u00e9 il 1 luglio 2010. Il decreto \u00e9 una raccolta, in forma unitaria, delle norme che disciplinano la progettazione, l\u2019esecuzione e il collaudo delle costruzioni al fine di garantire, per stabiliti livelli di sicurezza, la pubblica incolumit\u00e0. Si tratta della pi\u00f9 avanzata espressione normativa a tutela della pubblica incolumit\u00e0 nel settore delle costruzioni la cui introduzione ha avuto una naturale anticipazione dettata dal terremoto che ha colpito la provincia dell\u2019Aquila. La circolare ministeriale di agosto, nel tentativo di rispondere alle molte richieste di chiarimenti in ordine al regime intertemporale degli interventi, precisa \u2013con effetto retroattivo generando ulteriori problemi &#8211; che per le costruzioni e le opere infrastrutturali iniziate prima del 30 giugno continua ad applicarsi la normativa tecnica utilizzata per la redazione dei progetti fino all\u2019ultimazione dei lavori mentre, alle costruzioni iniziate dopo il 30 giugno, va applicata obbligatoriamente la nuova normativa tecnica\u00a0 anche se i progetti sono gi\u00e0 stati autorizzati, con le vecchie norme, dal Genio Civile. \u201c Si tratta di una forzatura evidente, continua De Col, che sta determinando grossi problemi alle imprese e ai committenti. Se non verr\u00e0 previsto un arco temporale entro cui con i vecchi progetti approvati si possa iniziare i lavori anche dopo il 1 luglio 2009, ci troveremo nella necessit\u00e0 di rivedere le progettazioni con conseguenti lievitazioni dei costi e ritardi nell\u2019avvio dei lavori che si riverseranno inevitabilmente sulla committenza. D\u2019altra parte va anche detto, per tranquillizzare la clientela, che le vecchie norme tecniche sono perfettamente efficaci in chiave antisismica; il problema non sono le norme ma il loro rispetto, i controlli in fase di realizzazione. La presenza nelle zone colpite dal terremoto di cemento depotenziato\u00a0 testimonia un comportamento delittuoso che nulla ha a che vedere con il rispetto della normativa.\u201d<\/p>","protected":false},"excerpt":{"rendered":"<p>In edilizia, considerata da tutti come una componente che potrebbe dare un impulso decisivo al rilancio dell\u2019economia, le buone notizie sono spesso accompagnate da altre di segno opposto. \u201c Si tratta \u201c fa notare il presidente dell\u2019APPIA Moreno De Col \u201c di segnali contraddittori che non fanno bene al mercato. Abbiamo appena accolto con soddisfazione [&hellip;]<\/p>\n","protected":false},"author":2,"featured_media":0,"comment_status":"closed","ping_status":"open","sticky":false,"template":"","format":"standard","meta":{"footnotes":""},"categories":[36],"tags":[139],"class_list":["post-8138","post","type-post","status-publish","format-standard","category-lavoro-economia","tag-belluno"],"yoast_head":"<!-- This site is optimized with the Yoast SEO plugin v28.4 - https:\/\/yoast.com\/product\/yoast-seo-wordpress\/ -->\n<title>Edilizia: rischio blocco. Secondo il presidente dell&#039;Appia l&#039;entrata in vigore di una normativa pi\u00f9 rigorosa, potrebbe frenare il rilancio del settore - Bellunopress - Dolomiti<\/title>\n<meta name=\"robots\" content=\"index, follow, max-snippet:-1, max-image-preview:large, max-video-preview:-1\" \/>\n<link rel=\"canonical\" href=\"https:\/\/www.bellunopress.it\/fr\/2009\/09\/16\/edilizia-rischio-blocco-secondo-il-presidente-dellappia-lentrata-in-vigore-di-una-normativa-piu-rigorosa-potrebbe-frenare-il-rilancio-del-settore\/\" \/>\n<meta property=\"og:locale\" content=\"fr_FR\" \/>\n<meta property=\"og:type\" content=\"article\" \/>\n<meta property=\"og:title\" content=\"Edilizia: rischio blocco. Secondo il presidente dell&#039;Appia l&#039;entrata in vigore di una normativa pi\u00f9 rigorosa, potrebbe frenare il rilancio del settore - Bellunopress - Dolomiti\" \/>\n<meta property=\"og:description\" content=\"In edilizia, considerata da tutti come una componente che potrebbe dare un impulso decisivo al rilancio dell\u2019economia, le buone notizie sono spesso accompagnate da altre di segno opposto. \u201c Si tratta \u201c fa notare il presidente dell\u2019APPIA Moreno De Col \u201c di segnali contraddittori che non fanno bene al mercato. Abbiamo appena accolto con soddisfazione [&hellip;]\" \/>\n<meta property=\"og:url\" content=\"https:\/\/www.bellunopress.it\/fr\/2009\/09\/16\/edilizia-rischio-blocco-secondo-il-presidente-dellappia-lentrata-in-vigore-di-una-normativa-piu-rigorosa-potrebbe-frenare-il-rilancio-del-settore\/\" \/>\n<meta property=\"og:site_name\" content=\"Bellunopress - Dolomiti\" \/>\n<meta property=\"article:publisher\" content=\"https:\/\/www.facebook.com\/profile.php?id=100008943462799\" \/>\n<meta property=\"article:published_time\" content=\"2009-09-16T15:34:58+00:00\" \/>\n<meta property=\"og:image\" content=\"http:\/\/www.bellunopress.it\/wp-content\/uploads\/2009\/06\/moreno-de-col-presidente-appia.jpg\" \/>\n<meta name=\"author\" content=\"redazione\" \/>\n<meta name=\"twitter:card\" content=\"summary_large_image\" \/>\n<meta name=\"twitter:creator\" content=\"@bellunopress\" \/>\n<meta name=\"twitter:site\" content=\"@bellunopress\" \/>\n<meta name=\"twitter:label1\" content=\"\u00c9crit par\" \/>\n\t<meta name=\"twitter:data1\" content=\"redazione\" \/>\n\t<meta name=\"twitter:label2\" content=\"Dur\u00e9e de lecture estim\u00e9e\" \/>\n\t<meta name=\"twitter:data2\" content=\"2 minutes\" \/>\n<script type=\"application\/ld+json\" class=\"yoast-schema-graph\">{\"@context\":\"https:\\\/\\\/schema.org\",\"@graph\":[{\"@type\":\"Article\",\"@id\":\"https:\\\/\\\/www.bellunopress.it\\\/2009\\\/09\\\/16\\\/edilizia-rischio-blocco-secondo-il-presidente-dellappia-lentrata-in-vigore-di-una-normativa-piu-rigorosa-potrebbe-frenare-il-rilancio-del-settore\\\/#article\",\"isPartOf\":{\"@id\":\"https:\\\/\\\/www.bellunopress.it\\\/2009\\\/09\\\/16\\\/edilizia-rischio-blocco-secondo-il-presidente-dellappia-lentrata-in-vigore-di-una-normativa-piu-rigorosa-potrebbe-frenare-il-rilancio-del-settore\\\/\"},\"author\":{\"name\":\"redazione\",\"@id\":\"https:\\\/\\\/www.bellunopress.it\\\/#\\\/schema\\\/person\\\/79bb06722b37ece1c03d3e94beb30d73\"},\"headline\":\"Edilizia: rischio blocco. Secondo il presidente dell&#8217;Appia l&#8217;entrata in vigore di una normativa pi\u00f9 rigorosa, potrebbe frenare il rilancio del settore\",\"datePublished\":\"2009-09-16T15:34:58+00:00\",\"mainEntityOfPage\":{\"@id\":\"https:\\\/\\\/www.bellunopress.it\\\/2009\\\/09\\\/16\\\/edilizia-rischio-blocco-secondo-il-presidente-dellappia-lentrata-in-vigore-di-una-normativa-piu-rigorosa-potrebbe-frenare-il-rilancio-del-settore\\\/\"},\"wordCount\":471,\"publisher\":{\"@id\":\"https:\\\/\\\/www.bellunopress.it\\\/#organization\"},\"image\":{\"@id\":\"https:\\\/\\\/www.bellunopress.it\\\/2009\\\/09\\\/16\\\/edilizia-rischio-blocco-secondo-il-presidente-dellappia-lentrata-in-vigore-di-una-normativa-piu-rigorosa-potrebbe-frenare-il-rilancio-del-settore\\\/#primaryimage\"},\"thumbnailUrl\":\"http:\\\/\\\/www.bellunopress.it\\\/wp-content\\\/uploads\\\/2009\\\/06\\\/moreno-de-col-presidente-appia.jpg\",\"keywords\":[\"Belluno\"],\"articleSection\":[\"Lavoro, Economia, Turismo\"],\"inLanguage\":\"fr-FR\"},{\"@type\":\"WebPage\",\"@id\":\"https:\\\/\\\/www.bellunopress.it\\\/2009\\\/09\\\/16\\\/edilizia-rischio-blocco-secondo-il-presidente-dellappia-lentrata-in-vigore-di-una-normativa-piu-rigorosa-potrebbe-frenare-il-rilancio-del-settore\\\/\",\"url\":\"https:\\\/\\\/www.bellunopress.it\\\/2009\\\/09\\\/16\\\/edilizia-rischio-blocco-secondo-il-presidente-dellappia-lentrata-in-vigore-di-una-normativa-piu-rigorosa-potrebbe-frenare-il-rilancio-del-settore\\\/\",\"name\":\"Edilizia: rischio blocco. Secondo il presidente dell'Appia l'entrata in vigore di una normativa pi\u00f9 rigorosa, potrebbe frenare il rilancio del settore - Bellunopress - Dolomiti\",\"isPartOf\":{\"@id\":\"https:\\\/\\\/www.bellunopress.it\\\/#website\"},\"primaryImageOfPage\":{\"@id\":\"https:\\\/\\\/www.bellunopress.it\\\/2009\\\/09\\\/16\\\/edilizia-rischio-blocco-secondo-il-presidente-dellappia-lentrata-in-vigore-di-una-normativa-piu-rigorosa-potrebbe-frenare-il-rilancio-del-settore\\\/#primaryimage\"},\"image\":{\"@id\":\"https:\\\/\\\/www.bellunopress.it\\\/2009\\\/09\\\/16\\\/edilizia-rischio-blocco-secondo-il-presidente-dellappia-lentrata-in-vigore-di-una-normativa-piu-rigorosa-potrebbe-frenare-il-rilancio-del-settore\\\/#primaryimage\"},\"thumbnailUrl\":\"http:\\\/\\\/www.bellunopress.it\\\/wp-content\\\/uploads\\\/2009\\\/06\\\/moreno-de-col-presidente-appia.jpg\",\"datePublished\":\"2009-09-16T15:34:58+00:00\",\"breadcrumb\":{\"@id\":\"https:\\\/\\\/www.bellunopress.it\\\/2009\\\/09\\\/16\\\/edilizia-rischio-blocco-secondo-il-presidente-dellappia-lentrata-in-vigore-di-una-normativa-piu-rigorosa-potrebbe-frenare-il-rilancio-del-settore\\\/#breadcrumb\"},\"inLanguage\":\"fr-FR\",\"potentialAction\":[{\"@type\":\"ReadAction\",\"target\":[\"https:\\\/\\\/www.bellunopress.it\\\/2009\\\/09\\\/16\\\/edilizia-rischio-blocco-secondo-il-presidente-dellappia-lentrata-in-vigore-di-una-normativa-piu-rigorosa-potrebbe-frenare-il-rilancio-del-settore\\\/\"]}]},{\"@type\":\"ImageObject\",\"inLanguage\":\"fr-FR\",\"@id\":\"https:\\\/\\\/www.bellunopress.it\\\/2009\\\/09\\\/16\\\/edilizia-rischio-blocco-secondo-il-presidente-dellappia-lentrata-in-vigore-di-una-normativa-piu-rigorosa-potrebbe-frenare-il-rilancio-del-settore\\\/#primaryimage\",\"url\":\"http:\\\/\\\/www.bellunopress.it\\\/wp-content\\\/uploads\\\/2009\\\/06\\\/moreno-de-col-presidente-appia.jpg\",\"contentUrl\":\"http:\\\/\\\/www.bellunopress.it\\\/wp-content\\\/uploads\\\/2009\\\/06\\\/moreno-de-col-presidente-appia.jpg\"},{\"@type\":\"BreadcrumbList\",\"@id\":\"https:\\\/\\\/www.bellunopress.it\\\/2009\\\/09\\\/16\\\/edilizia-rischio-blocco-secondo-il-presidente-dellappia-lentrata-in-vigore-di-una-normativa-piu-rigorosa-potrebbe-frenare-il-rilancio-del-settore\\\/#breadcrumb\",\"itemListElement\":[{\"@type\":\"ListItem\",\"position\":1,\"name\":\"Home\",\"item\":\"https:\\\/\\\/www.bellunopress.it\\\/\"},{\"@type\":\"ListItem\",\"position\":2,\"name\":\"Edilizia: rischio blocco. Secondo il presidente dell&#8217;Appia l&#8217;entrata in vigore di una normativa pi\u00f9 rigorosa, potrebbe frenare il rilancio del settore\"}]},{\"@type\":\"WebSite\",\"@id\":\"https:\\\/\\\/www.bellunopress.it\\\/#website\",\"url\":\"https:\\\/\\\/www.bellunopress.it\\\/\",\"name\":\"Bellunopress - Dolomiti\",\"description\":\"e-mail: redazione@bellunopress.it\",\"publisher\":{\"@id\":\"https:\\\/\\\/www.bellunopress.it\\\/#organization\"},\"potentialAction\":[{\"@type\":\"SearchAction\",\"target\":{\"@type\":\"EntryPoint\",\"urlTemplate\":\"https:\\\/\\\/www.bellunopress.it\\\/?s={search_term_string}\"},\"query-input\":{\"@type\":\"PropertyValueSpecification\",\"valueRequired\":true,\"valueName\":\"search_term_string\"}}],\"inLanguage\":\"fr-FR\"},{\"@type\":\"Organization\",\"@id\":\"https:\\\/\\\/www.bellunopress.it\\\/#organization\",\"name\":\"Bellunopress\",\"url\":\"https:\\\/\\\/www.bellunopress.it\\\/\",\"logo\":{\"@type\":\"ImageObject\",\"inLanguage\":\"fr-FR\",\"@id\":\"https:\\\/\\\/www.bellunopress.it\\\/#\\\/schema\\\/logo\\\/image\\\/\",\"url\":\"https:\\\/\\\/www.bellunopress.it\\\/wp-content\\\/uploads\\\/2011\\\/05\\\/cropped-logo-bellunopress-.jpg\",\"contentUrl\":\"https:\\\/\\\/www.bellunopress.it\\\/wp-content\\\/uploads\\\/2011\\\/05\\\/cropped-logo-bellunopress-.jpg\",\"width\":512,\"height\":512,\"caption\":\"Bellunopress\"},\"image\":{\"@id\":\"https:\\\/\\\/www.bellunopress.it\\\/#\\\/schema\\\/logo\\\/image\\\/\"},\"sameAs\":[\"https:\\\/\\\/www.facebook.com\\\/profile.php?id=100008943462799\",\"https:\\\/\\\/x.com\\\/bellunopress\",\"https:\\\/\\\/www.linkedin.com\\\/hp\\\/?dnr=JBzUWaJfMUw8vbXJJ2tVW5-I3jZKvC4wsoxE&amp;amp;amp;amp;amp;amp;trk=nav_responsive_tab_home\",\"https:\\\/\\\/www.youtube.com\\\/channel\\\/UCxL0wu1uN0_3_7hGG0306cw\"]},{\"@type\":\"Person\",\"@id\":\"https:\\\/\\\/www.bellunopress.it\\\/#\\\/schema\\\/person\\\/79bb06722b37ece1c03d3e94beb30d73\",\"name\":\"redazione\",\"image\":{\"@type\":\"ImageObject\",\"inLanguage\":\"fr-FR\",\"@id\":\"https:\\\/\\\/secure.gravatar.com\\\/avatar\\\/37d968a2e67a6fd04c169c4bdef102d0bc5d31b2546345219e348575eb80e9a0?s=96&d=mm&r=g\",\"url\":\"https:\\\/\\\/secure.gravatar.com\\\/avatar\\\/37d968a2e67a6fd04c169c4bdef102d0bc5d31b2546345219e348575eb80e9a0?s=96&d=mm&r=g\",\"contentUrl\":\"https:\\\/\\\/secure.gravatar.com\\\/avatar\\\/37d968a2e67a6fd04c169c4bdef102d0bc5d31b2546345219e348575eb80e9a0?s=96&d=mm&r=g\",\"caption\":\"redazione\"},\"sameAs\":[\"http:\\\/\\\/www.bellunopress.it\",\"https:\\\/\\\/x.com\\\/bellunopress\"],\"url\":\"https:\\\/\\\/www.bellunopress.it\\\/fr\\\/author\\\/redazione\\\/\"}]}<\/script>\n<!-- \/ Yoast SEO plugin. -->","yoast_head_json":{"title":"Edilizia: rischio blocco. Secondo il presidente dell'Appia l'entrata in vigore di una normativa pi\u00f9 rigorosa, potrebbe frenare il rilancio del settore - Bellunopress - Dolomiti","robots":{"index":"index","follow":"follow","max-snippet":"max-snippet:-1","max-image-preview":"max-image-preview:large","max-video-preview":"max-video-preview:-1"},"canonical":"https:\/\/www.bellunopress.it\/fr\/2009\/09\/16\/edilizia-rischio-blocco-secondo-il-presidente-dellappia-lentrata-in-vigore-di-una-normativa-piu-rigorosa-potrebbe-frenare-il-rilancio-del-settore\/","og_locale":"fr_FR","og_type":"article","og_title":"Edilizia: rischio blocco. Secondo il presidente dell'Appia l'entrata in vigore di una normativa pi\u00f9 rigorosa, potrebbe frenare il rilancio del settore - Bellunopress - Dolomiti","og_description":"In edilizia, considerata da tutti come una componente che potrebbe dare un impulso decisivo al rilancio dell\u2019economia, le buone notizie sono spesso accompagnate da altre di segno opposto. \u201c Si tratta \u201c fa notare il presidente dell\u2019APPIA Moreno De Col \u201c di segnali contraddittori che non fanno bene al mercato. Abbiamo appena accolto con soddisfazione [&hellip;]","og_url":"https:\/\/www.bellunopress.it\/fr\/2009\/09\/16\/edilizia-rischio-blocco-secondo-il-presidente-dellappia-lentrata-in-vigore-di-una-normativa-piu-rigorosa-potrebbe-frenare-il-rilancio-del-settore\/","og_site_name":"Bellunopress - Dolomiti","article_publisher":"https:\/\/www.facebook.com\/profile.php?id=100008943462799","article_published_time":"2009-09-16T15:34:58+00:00","og_image":[{"url":"http:\/\/www.bellunopress.it\/wp-content\/uploads\/2009\/06\/moreno-de-col-presidente-appia.jpg","type":"","width":"","height":""}],"author":"redazione","twitter_card":"summary_large_image","twitter_creator":"@bellunopress","twitter_site":"@bellunopress","twitter_misc":{"\u00c9crit par":"redazione","Dur\u00e9e de lecture estim\u00e9e":"2 minutes"},"schema":{"@context":"https:\/\/schema.org","@graph":[{"@type":"Article","@id":"https:\/\/www.bellunopress.it\/2009\/09\/16\/edilizia-rischio-blocco-secondo-il-presidente-dellappia-lentrata-in-vigore-di-una-normativa-piu-rigorosa-potrebbe-frenare-il-rilancio-del-settore\/#article","isPartOf":{"@id":"https:\/\/www.bellunopress.it\/2009\/09\/16\/edilizia-rischio-blocco-secondo-il-presidente-dellappia-lentrata-in-vigore-di-una-normativa-piu-rigorosa-potrebbe-frenare-il-rilancio-del-settore\/"},"author":{"name":"redazione","@id":"https:\/\/www.bellunopress.it\/#\/schema\/person\/79bb06722b37ece1c03d3e94beb30d73"},"headline":"Edilizia: rischio blocco. Secondo il presidente dell&#8217;Appia l&#8217;entrata in vigore di una normativa pi\u00f9 rigorosa, potrebbe frenare il rilancio del settore","datePublished":"2009-09-16T15:34:58+00:00","mainEntityOfPage":{"@id":"https:\/\/www.bellunopress.it\/2009\/09\/16\/edilizia-rischio-blocco-secondo-il-presidente-dellappia-lentrata-in-vigore-di-una-normativa-piu-rigorosa-potrebbe-frenare-il-rilancio-del-settore\/"},"wordCount":471,"publisher":{"@id":"https:\/\/www.bellunopress.it\/#organization"},"image":{"@id":"https:\/\/www.bellunopress.it\/2009\/09\/16\/edilizia-rischio-blocco-secondo-il-presidente-dellappia-lentrata-in-vigore-di-una-normativa-piu-rigorosa-potrebbe-frenare-il-rilancio-del-settore\/#primaryimage"},"thumbnailUrl":"http:\/\/www.bellunopress.it\/wp-content\/uploads\/2009\/06\/moreno-de-col-presidente-appia.jpg","keywords":["Belluno"],"articleSection":["Lavoro, Economia, Turismo"],"inLanguage":"fr-FR"},{"@type":"WebPage","@id":"https:\/\/www.bellunopress.it\/2009\/09\/16\/edilizia-rischio-blocco-secondo-il-presidente-dellappia-lentrata-in-vigore-di-una-normativa-piu-rigorosa-potrebbe-frenare-il-rilancio-del-settore\/","url":"https:\/\/www.bellunopress.it\/2009\/09\/16\/edilizia-rischio-blocco-secondo-il-presidente-dellappia-lentrata-in-vigore-di-una-normativa-piu-rigorosa-potrebbe-frenare-il-rilancio-del-settore\/","name":"Edilizia: rischio blocco. Secondo il presidente dell'Appia l'entrata in vigore di una normativa pi\u00f9 rigorosa, potrebbe frenare il rilancio del settore - Bellunopress - Dolomiti","isPartOf":{"@id":"https:\/\/www.bellunopress.it\/#website"},"primaryImageOfPage":{"@id":"https:\/\/www.bellunopress.it\/2009\/09\/16\/edilizia-rischio-blocco-secondo-il-presidente-dellappia-lentrata-in-vigore-di-una-normativa-piu-rigorosa-potrebbe-frenare-il-rilancio-del-settore\/#primaryimage"},"image":{"@id":"https:\/\/www.bellunopress.it\/2009\/09\/16\/edilizia-rischio-blocco-secondo-il-presidente-dellappia-lentrata-in-vigore-di-una-normativa-piu-rigorosa-potrebbe-frenare-il-rilancio-del-settore\/#primaryimage"},"thumbnailUrl":"http:\/\/www.bellunopress.it\/wp-content\/uploads\/2009\/06\/moreno-de-col-presidente-appia.jpg","datePublished":"2009-09-16T15:34:58+00:00","breadcrumb":{"@id":"https:\/\/www.bellunopress.it\/2009\/09\/16\/edilizia-rischio-blocco-secondo-il-presidente-dellappia-lentrata-in-vigore-di-una-normativa-piu-rigorosa-potrebbe-frenare-il-rilancio-del-settore\/#breadcrumb"},"inLanguage":"fr-FR","potentialAction":[{"@type":"ReadAction","target":["https:\/\/www.bellunopress.it\/2009\/09\/16\/edilizia-rischio-blocco-secondo-il-presidente-dellappia-lentrata-in-vigore-di-una-normativa-piu-rigorosa-potrebbe-frenare-il-rilancio-del-settore\/"]}]},{"@type":"ImageObject","inLanguage":"fr-FR","@id":"https:\/\/www.bellunopress.it\/2009\/09\/16\/edilizia-rischio-blocco-secondo-il-presidente-dellappia-lentrata-in-vigore-di-una-normativa-piu-rigorosa-potrebbe-frenare-il-rilancio-del-settore\/#primaryimage","url":"http:\/\/www.bellunopress.it\/wp-content\/uploads\/2009\/06\/moreno-de-col-presidente-appia.jpg","contentUrl":"http:\/\/www.bellunopress.it\/wp-content\/uploads\/2009\/06\/moreno-de-col-presidente-appia.jpg"},{"@type":"BreadcrumbList","@id":"https:\/\/www.bellunopress.it\/2009\/09\/16\/edilizia-rischio-blocco-secondo-il-presidente-dellappia-lentrata-in-vigore-di-una-normativa-piu-rigorosa-potrebbe-frenare-il-rilancio-del-settore\/#breadcrumb","itemListElement":[{"@type":"ListItem","position":1,"name":"Home","item":"https:\/\/www.bellunopress.it\/"},{"@type":"ListItem","position":2,"name":"Edilizia: rischio blocco. Secondo il presidente dell&#8217;Appia l&#8217;entrata in vigore di una normativa pi\u00f9 rigorosa, potrebbe frenare il rilancio del settore"}]},{"@type":"WebSite","@id":"https:\/\/www.bellunopress.it\/#website","url":"https:\/\/www.bellunopress.it\/","name":"Bellunopress - Dolomiti","description":"e-mail: redazione@bellunopress.it","publisher":{"@id":"https:\/\/www.bellunopress.it\/#organization"},"potentialAction":[{"@type":"SearchAction","target":{"@type":"EntryPoint","urlTemplate":"https:\/\/www.bellunopress.it\/?s={search_term_string}"},"query-input":{"@type":"PropertyValueSpecification","valueRequired":true,"valueName":"search_term_string"}}],"inLanguage":"fr-FR"},{"@type":"Organization","@id":"https:\/\/www.bellunopress.it\/#organization","name":"Bellunopress","url":"https:\/\/www.bellunopress.it\/","logo":{"@type":"ImageObject","inLanguage":"fr-FR","@id":"https:\/\/www.bellunopress.it\/#\/schema\/logo\/image\/","url":"https:\/\/www.bellunopress.it\/wp-content\/uploads\/2011\/05\/cropped-logo-bellunopress-.jpg","contentUrl":"https:\/\/www.bellunopress.it\/wp-content\/uploads\/2011\/05\/cropped-logo-bellunopress-.jpg","width":512,"height":512,"caption":"Bellunopress"},"image":{"@id":"https:\/\/www.bellunopress.it\/#\/schema\/logo\/image\/"},"sameAs":["https:\/\/www.facebook.com\/profile.php?id=100008943462799","https:\/\/x.com\/bellunopress","https:\/\/www.linkedin.com\/hp\/?dnr=JBzUWaJfMUw8vbXJJ2tVW5-I3jZKvC4wsoxE&amp;amp;amp;amp;amp;amp;trk=nav_responsive_tab_home","https:\/\/www.youtube.com\/channel\/UCxL0wu1uN0_3_7hGG0306cw"]},{"@type":"Person","@id":"https:\/\/www.bellunopress.it\/#\/schema\/person\/79bb06722b37ece1c03d3e94beb30d73","name":"r\u00e9daction","image":{"@type":"ImageObject","inLanguage":"fr-FR","@id":"https:\/\/secure.gravatar.com\/avatar\/37d968a2e67a6fd04c169c4bdef102d0bc5d31b2546345219e348575eb80e9a0?s=96&d=mm&r=g","url":"https:\/\/secure.gravatar.com\/avatar\/37d968a2e67a6fd04c169c4bdef102d0bc5d31b2546345219e348575eb80e9a0?s=96&d=mm&r=g","contentUrl":"https:\/\/secure.gravatar.com\/avatar\/37d968a2e67a6fd04c169c4bdef102d0bc5d31b2546345219e348575eb80e9a0?s=96&d=mm&r=g","caption":"redazione"},"sameAs":["http:\/\/www.bellunopress.it","https:\/\/x.com\/bellunopress"],"url":"https:\/\/www.bellunopress.it\/fr\/author\/redazione\/"}]}},"_links":{"self":[{"href":"https:\/\/www.bellunopress.it\/fr\/wp-json\/wp\/v2\/posts\/8138","targetHints":{"allow":["GET"]}}],"collection":[{"href":"https:\/\/www.bellunopress.it\/fr\/wp-json\/wp\/v2\/posts"}],"about":[{"href":"https:\/\/www.bellunopress.it\/fr\/wp-json\/wp\/v2\/types\/post"}],"author":[{"embeddable":true,"href":"https:\/\/www.bellunopress.it\/fr\/wp-json\/wp\/v2\/users\/2"}],"replies":[{"embeddable":true,"href":"https:\/\/www.bellunopress.it\/fr\/wp-json\/wp\/v2\/comments?post=8138"}],"version-history":[{"count":1,"href":"https:\/\/www.bellunopress.it\/fr\/wp-json\/wp\/v2\/posts\/8138\/revisions"}],"predecessor-version":[{"id":8139,"href":"https:\/\/www.bellunopress.it\/fr\/wp-json\/wp\/v2\/posts\/8138\/revisions\/8139"}],"wp:attachment":[{"href":"https:\/\/www.bellunopress.it\/fr\/wp-json\/wp\/v2\/media?parent=8138"}],"wp:term":[{"taxonomy":"category","embeddable":true,"href":"https:\/\/www.bellunopress.it\/fr\/wp-json\/wp\/v2\/categories?post=8138"},{"taxonomy":"post_tag","embeddable":true,"href":"https:\/\/www.bellunopress.it\/fr\/wp-json\/wp\/v2\/tags?post=8138"}],"curies":[{"name":"wp","href":"https:\/\/api.w.org\/{rel}","templated":true}]}}