{"id":8133,"date":"2009-09-16T16:16:04","date_gmt":"2009-09-16T15:16:04","guid":{"rendered":"http:\/\/www.bellunopress.it\/?p=8133"},"modified":"2009-09-16T20:39:55","modified_gmt":"2009-09-16T19:39:55","slug":"continua-il-successo-del-progetto-%e2%80%9ctotem-innovazione-e-tradizione%e2%80%9d-venerdi-telebelluno-dedica-una-trasmissione-dedicata-all%e2%80%99evento","status":"publish","type":"post","link":"https:\/\/www.bellunopress.it\/fr\/2009\/09\/16\/continua-il-successo-del-progetto-%e2%80%9ctotem-innovazione-e-tradizione%e2%80%9d-venerdi-telebelluno-dedica-una-trasmissione-dedicata-all%e2%80%99evento\/","title":{"rendered":"Continua il successo del progetto \u201cTotem. Innovazione e  tradizione\u201d venerd\u00ec Telebelluno dedica una trasmissione all\u2019evento"},"content":{"rendered":"<p><a href=\"http:\/\/www.bellunopress.it\/wp-content\/uploads\/2009\/09\/totem-cortina.jpg\"><img loading=\"lazy\" decoding=\"async\" class=\"alignleft size-medium wp-image-8134\" title=\"totem-cortina\" src=\"http:\/\/www.bellunopress.it\/wp-content\/uploads\/2009\/09\/totem-cortina.jpg\" alt=\"\" width=\"270\" height=\"202\" \/><\/a>Continua a il successo del\u00a0 progetto \u201cTotem. Innovazione e tradizione\u201d, che si \u00e8 tenuto a Cortina d\u2019Ampezzo nel mese di agosto e che \u00e8 nato da un\u2019idea degli architetti Ambra Piccin \u2013 Interior Designer delle case vip di Cortina \u2013 e Luca Menardi, fondatori di APE (l\u2019Associazione Professionisti Edili). A distanza di oltre un mese, Telebelluno celebra nuovamente la rassegna di idee dedicate alla regina delle Dolomiti nel programma \u201cBenvenuti a Cortina\u201d, venerd\u00ec 18 settembre alle ore 18.55. La replica della puntata andr\u00e0 in onda alle ore 22.00 dello stesso giorno e sabato 19 settembre alle ore 13.30. Un\u2019occasione unica per conoscere le abilit\u00e0 progettuali e le maestrie artigianali del nostro territorio.<br \/>\nIl \u201cProgetto Totem\u201d, voluto dagli architetti Piccin e Menardi in sinergia con Renzo Siorpaes Zino e Loris Zanol (Associazione Artigiani di Cortina d\u2019Ampezzo), \u00e8 teso a promuovere e sostenere un percorso per la creazione di un marchio territoriale di qualit\u00e0, riconosciuto a livello europeo. Nato come un concorso di idee, ha dato vita a vere e proprie opere architettoniche, realizzate dalle mani esperte degli artigiani cortinesi e da studenti dell\u2019Istituto Statale d\u2019Arte di Cortina. In agosto i 12 espositori, progettati dai professionisti e realizzati dagli artigiani cortinesi con i pi\u00f9 svariati materiali, hanno trovato spazio lungo Corso Italia, in uno scenografico percorso di immagini che racconta l\u2019arte delle lavorazioni artigianali. Ogni opera \u00e8 stata accompagnata da una foto di Stefano Zardini rappresentativa della storia della lavorazione artigianale, per svelare il volto dei veri protagonisti, solitamente nascosti dagli arredi, dall\u2019 architettura e dai prodotti stessi. L\u2019opera vincitrice di questa edizione \u00e8 stata \u201cL\u2019Arfa come totem\u201d, progettata dall\u2019Arch. Matteo Apollonio e realizzata dalla Falegnameria Idea Legno di Costantini Andrea e i Fabbri Zardini snc: l\u2019arfa, antico l\u2019essicatoio per la fava, un tempo era collocata sul punto pi\u00f9 ventoso di tutte le case cortinesi ed caratterizzava il paesaggio agricolo della valle ampezzana. L\u2019appuntamento televisivo con le riprese di TBD, effettuate con una Cortina affollata di turisti curiosi e interessati, conferma le parole di Ambra Piccin \u201cLa conca ampezzana \u00e8 un prezioso scrigno di talenti e ispirazioni, una fucina di sinergie che trovano in questo territorio terreno fertile per trasformarsi in autentiche opere d\u2019arte\u201d.<\/p>","protected":false},"excerpt":{"rendered":"<p>Continua a il successo del\u00a0 progetto \u201cTotem. Innovazione e tradizione\u201d, che si \u00e8 tenuto a Cortina d\u2019Ampezzo nel mese di agosto e che \u00e8 nato da un\u2019idea degli architetti Ambra Piccin \u2013 Interior Designer delle case vip di Cortina \u2013 e Luca Menardi, fondatori di APE (l\u2019Associazione Professionisti Edili). A distanza di oltre un mese, [&hellip;]<\/p>\n","protected":false},"author":2,"featured_media":0,"comment_status":"closed","ping_status":"open","sticky":false,"template":"","format":"standard","meta":{"footnotes":""},"categories":[3,25],"tags":[139,63],"class_list":["post-8133","post","type-post","status-publish","format-standard","category-arte-cultura-spettacoli-scienza-archivi","category-pausa-caffe","tag-belluno","tag-dolomiti"],"yoast_head":"<!-- This site is optimized with the Yoast SEO plugin v28.4 - https:\/\/yoast.com\/product\/yoast-seo-wordpress\/ -->\n<title>Continua il successo del progetto \u201cTotem. Innovazione e tradizione\u201d venerd\u00ec Telebelluno dedica una trasmissione all\u2019evento - Bellunopress - Dolomiti<\/title>\n<meta name=\"robots\" content=\"index, follow, max-snippet:-1, max-image-preview:large, max-video-preview:-1\" \/>\n<link rel=\"canonical\" href=\"https:\/\/www.bellunopress.it\/fr\/2009\/09\/16\/continua-il-successo-del-progetto-\u201ctotem-innovazione-e-tradizione\u201d-venerdi-telebelluno-dedica-una-trasmissione-dedicata-all\u2019evento\/\" \/>\n<meta property=\"og:locale\" content=\"fr_FR\" \/>\n<meta property=\"og:type\" content=\"article\" \/>\n<meta property=\"og:title\" content=\"Continua il successo del progetto \u201cTotem. Innovazione e tradizione\u201d venerd\u00ec Telebelluno dedica una trasmissione all\u2019evento - Bellunopress - Dolomiti\" \/>\n<meta property=\"og:description\" content=\"Continua a il successo del\u00a0 progetto \u201cTotem. Innovazione e tradizione\u201d, che si \u00e8 tenuto a Cortina d\u2019Ampezzo nel mese di agosto e che \u00e8 nato da un\u2019idea degli architetti Ambra Piccin \u2013 Interior Designer delle case vip di Cortina \u2013 e Luca Menardi, fondatori di APE (l\u2019Associazione Professionisti Edili). A distanza di oltre un mese, [&hellip;]\" \/>\n<meta property=\"og:url\" content=\"https:\/\/www.bellunopress.it\/fr\/2009\/09\/16\/continua-il-successo-del-progetto-\u201ctotem-innovazione-e-tradizione\u201d-venerdi-telebelluno-dedica-una-trasmissione-dedicata-all\u2019evento\/\" \/>\n<meta property=\"og:site_name\" content=\"Bellunopress - Dolomiti\" \/>\n<meta property=\"article:publisher\" content=\"https:\/\/www.facebook.com\/profile.php?id=100008943462799\" \/>\n<meta property=\"article:published_time\" content=\"2009-09-16T15:16:04+00:00\" \/>\n<meta property=\"article:modified_time\" content=\"2009-09-16T19:39:55+00:00\" \/>\n<meta property=\"og:image\" content=\"http:\/\/www.bellunopress.it\/wp-content\/uploads\/2009\/09\/totem-cortina.jpg\" \/>\n<meta name=\"author\" content=\"redazione\" \/>\n<meta name=\"twitter:card\" content=\"summary_large_image\" \/>\n<meta name=\"twitter:creator\" content=\"@bellunopress\" \/>\n<meta name=\"twitter:site\" content=\"@bellunopress\" \/>\n<meta name=\"twitter:label1\" content=\"\u00c9crit par\" \/>\n\t<meta name=\"twitter:data1\" content=\"redazione\" \/>\n\t<meta name=\"twitter:label2\" content=\"Dur\u00e9e de lecture estim\u00e9e\" \/>\n\t<meta name=\"twitter:data2\" content=\"2 minutes\" \/>\n<script type=\"application\/ld+json\" class=\"yoast-schema-graph\">{\"@context\":\"https:\\\/\\\/schema.org\",\"@graph\":[{\"@type\":\"Article\",\"@id\":\"https:\\\/\\\/www.bellunopress.it\\\/2009\\\/09\\\/16\\\/continua-il-successo-del-progetto-%e2%80%9ctotem-innovazione-e-tradizione%e2%80%9d-venerdi-telebelluno-dedica-una-trasmissione-dedicata-all%e2%80%99evento\\\/#article\",\"isPartOf\":{\"@id\":\"https:\\\/\\\/www.bellunopress.it\\\/2009\\\/09\\\/16\\\/continua-il-successo-del-progetto-%e2%80%9ctotem-innovazione-e-tradizione%e2%80%9d-venerdi-telebelluno-dedica-una-trasmissione-dedicata-all%e2%80%99evento\\\/\"},\"author\":{\"name\":\"redazione\",\"@id\":\"https:\\\/\\\/www.bellunopress.it\\\/#\\\/schema\\\/person\\\/79bb06722b37ece1c03d3e94beb30d73\"},\"headline\":\"Continua il successo del progetto \u201cTotem. Innovazione e tradizione\u201d venerd\u00ec Telebelluno dedica una trasmissione all\u2019evento\",\"datePublished\":\"2009-09-16T15:16:04+00:00\",\"dateModified\":\"2009-09-16T19:39:55+00:00\",\"mainEntityOfPage\":{\"@id\":\"https:\\\/\\\/www.bellunopress.it\\\/2009\\\/09\\\/16\\\/continua-il-successo-del-progetto-%e2%80%9ctotem-innovazione-e-tradizione%e2%80%9d-venerdi-telebelluno-dedica-una-trasmissione-dedicata-all%e2%80%99evento\\\/\"},\"wordCount\":379,\"publisher\":{\"@id\":\"https:\\\/\\\/www.bellunopress.it\\\/#organization\"},\"image\":{\"@id\":\"https:\\\/\\\/www.bellunopress.it\\\/2009\\\/09\\\/16\\\/continua-il-successo-del-progetto-%e2%80%9ctotem-innovazione-e-tradizione%e2%80%9d-venerdi-telebelluno-dedica-una-trasmissione-dedicata-all%e2%80%99evento\\\/#primaryimage\"},\"thumbnailUrl\":\"http:\\\/\\\/www.bellunopress.it\\\/wp-content\\\/uploads\\\/2009\\\/09\\\/totem-cortina.jpg\",\"keywords\":[\"Belluno\",\"Dolomiti\"],\"articleSection\":[\"Arte, Cultura, Spettacoli, Scienza\",\"Pausa Caff\u00e8\"],\"inLanguage\":\"fr-FR\"},{\"@type\":\"WebPage\",\"@id\":\"https:\\\/\\\/www.bellunopress.it\\\/2009\\\/09\\\/16\\\/continua-il-successo-del-progetto-%e2%80%9ctotem-innovazione-e-tradizione%e2%80%9d-venerdi-telebelluno-dedica-una-trasmissione-dedicata-all%e2%80%99evento\\\/\",\"url\":\"https:\\\/\\\/www.bellunopress.it\\\/2009\\\/09\\\/16\\\/continua-il-successo-del-progetto-%e2%80%9ctotem-innovazione-e-tradizione%e2%80%9d-venerdi-telebelluno-dedica-una-trasmissione-dedicata-all%e2%80%99evento\\\/\",\"name\":\"Continua il successo del progetto \u201cTotem. Innovazione e tradizione\u201d venerd\u00ec Telebelluno dedica una trasmissione all\u2019evento - Bellunopress - Dolomiti\",\"isPartOf\":{\"@id\":\"https:\\\/\\\/www.bellunopress.it\\\/#website\"},\"primaryImageOfPage\":{\"@id\":\"https:\\\/\\\/www.bellunopress.it\\\/2009\\\/09\\\/16\\\/continua-il-successo-del-progetto-%e2%80%9ctotem-innovazione-e-tradizione%e2%80%9d-venerdi-telebelluno-dedica-una-trasmissione-dedicata-all%e2%80%99evento\\\/#primaryimage\"},\"image\":{\"@id\":\"https:\\\/\\\/www.bellunopress.it\\\/2009\\\/09\\\/16\\\/continua-il-successo-del-progetto-%e2%80%9ctotem-innovazione-e-tradizione%e2%80%9d-venerdi-telebelluno-dedica-una-trasmissione-dedicata-all%e2%80%99evento\\\/#primaryimage\"},\"thumbnailUrl\":\"http:\\\/\\\/www.bellunopress.it\\\/wp-content\\\/uploads\\\/2009\\\/09\\\/totem-cortina.jpg\",\"datePublished\":\"2009-09-16T15:16:04+00:00\",\"dateModified\":\"2009-09-16T19:39:55+00:00\",\"breadcrumb\":{\"@id\":\"https:\\\/\\\/www.bellunopress.it\\\/2009\\\/09\\\/16\\\/continua-il-successo-del-progetto-%e2%80%9ctotem-innovazione-e-tradizione%e2%80%9d-venerdi-telebelluno-dedica-una-trasmissione-dedicata-all%e2%80%99evento\\\/#breadcrumb\"},\"inLanguage\":\"fr-FR\",\"potentialAction\":[{\"@type\":\"ReadAction\",\"target\":[\"https:\\\/\\\/www.bellunopress.it\\\/2009\\\/09\\\/16\\\/continua-il-successo-del-progetto-%e2%80%9ctotem-innovazione-e-tradizione%e2%80%9d-venerdi-telebelluno-dedica-una-trasmissione-dedicata-all%e2%80%99evento\\\/\"]}]},{\"@type\":\"ImageObject\",\"inLanguage\":\"fr-FR\",\"@id\":\"https:\\\/\\\/www.bellunopress.it\\\/2009\\\/09\\\/16\\\/continua-il-successo-del-progetto-%e2%80%9ctotem-innovazione-e-tradizione%e2%80%9d-venerdi-telebelluno-dedica-una-trasmissione-dedicata-all%e2%80%99evento\\\/#primaryimage\",\"url\":\"http:\\\/\\\/www.bellunopress.it\\\/wp-content\\\/uploads\\\/2009\\\/09\\\/totem-cortina.jpg\",\"contentUrl\":\"http:\\\/\\\/www.bellunopress.it\\\/wp-content\\\/uploads\\\/2009\\\/09\\\/totem-cortina.jpg\"},{\"@type\":\"BreadcrumbList\",\"@id\":\"https:\\\/\\\/www.bellunopress.it\\\/2009\\\/09\\\/16\\\/continua-il-successo-del-progetto-%e2%80%9ctotem-innovazione-e-tradizione%e2%80%9d-venerdi-telebelluno-dedica-una-trasmissione-dedicata-all%e2%80%99evento\\\/#breadcrumb\",\"itemListElement\":[{\"@type\":\"ListItem\",\"position\":1,\"name\":\"Home\",\"item\":\"https:\\\/\\\/www.bellunopress.it\\\/\"},{\"@type\":\"ListItem\",\"position\":2,\"name\":\"Continua il successo del progetto \u201cTotem. Innovazione e tradizione\u201d venerd\u00ec Telebelluno dedica una trasmissione all\u2019evento\"}]},{\"@type\":\"WebSite\",\"@id\":\"https:\\\/\\\/www.bellunopress.it\\\/#website\",\"url\":\"https:\\\/\\\/www.bellunopress.it\\\/\",\"name\":\"Bellunopress - Dolomiti\",\"description\":\"e-mail: redazione@bellunopress.it\",\"publisher\":{\"@id\":\"https:\\\/\\\/www.bellunopress.it\\\/#organization\"},\"potentialAction\":[{\"@type\":\"SearchAction\",\"target\":{\"@type\":\"EntryPoint\",\"urlTemplate\":\"https:\\\/\\\/www.bellunopress.it\\\/?s={search_term_string}\"},\"query-input\":{\"@type\":\"PropertyValueSpecification\",\"valueRequired\":true,\"valueName\":\"search_term_string\"}}],\"inLanguage\":\"fr-FR\"},{\"@type\":\"Organization\",\"@id\":\"https:\\\/\\\/www.bellunopress.it\\\/#organization\",\"name\":\"Bellunopress\",\"url\":\"https:\\\/\\\/www.bellunopress.it\\\/\",\"logo\":{\"@type\":\"ImageObject\",\"inLanguage\":\"fr-FR\",\"@id\":\"https:\\\/\\\/www.bellunopress.it\\\/#\\\/schema\\\/logo\\\/image\\\/\",\"url\":\"https:\\\/\\\/www.bellunopress.it\\\/wp-content\\\/uploads\\\/2011\\\/05\\\/cropped-logo-bellunopress-.jpg\",\"contentUrl\":\"https:\\\/\\\/www.bellunopress.it\\\/wp-content\\\/uploads\\\/2011\\\/05\\\/cropped-logo-bellunopress-.jpg\",\"width\":512,\"height\":512,\"caption\":\"Bellunopress\"},\"image\":{\"@id\":\"https:\\\/\\\/www.bellunopress.it\\\/#\\\/schema\\\/logo\\\/image\\\/\"},\"sameAs\":[\"https:\\\/\\\/www.facebook.com\\\/profile.php?id=100008943462799\",\"https:\\\/\\\/x.com\\\/bellunopress\",\"https:\\\/\\\/www.linkedin.com\\\/hp\\\/?dnr=JBzUWaJfMUw8vbXJJ2tVW5-I3jZKvC4wsoxE&amp;amp;amp;amp;amp;amp;trk=nav_responsive_tab_home\",\"https:\\\/\\\/www.youtube.com\\\/channel\\\/UCxL0wu1uN0_3_7hGG0306cw\"]},{\"@type\":\"Person\",\"@id\":\"https:\\\/\\\/www.bellunopress.it\\\/#\\\/schema\\\/person\\\/79bb06722b37ece1c03d3e94beb30d73\",\"name\":\"redazione\",\"image\":{\"@type\":\"ImageObject\",\"inLanguage\":\"fr-FR\",\"@id\":\"https:\\\/\\\/secure.gravatar.com\\\/avatar\\\/37d968a2e67a6fd04c169c4bdef102d0bc5d31b2546345219e348575eb80e9a0?s=96&d=mm&r=g\",\"url\":\"https:\\\/\\\/secure.gravatar.com\\\/avatar\\\/37d968a2e67a6fd04c169c4bdef102d0bc5d31b2546345219e348575eb80e9a0?s=96&d=mm&r=g\",\"contentUrl\":\"https:\\\/\\\/secure.gravatar.com\\\/avatar\\\/37d968a2e67a6fd04c169c4bdef102d0bc5d31b2546345219e348575eb80e9a0?s=96&d=mm&r=g\",\"caption\":\"redazione\"},\"sameAs\":[\"http:\\\/\\\/www.bellunopress.it\",\"https:\\\/\\\/x.com\\\/bellunopress\"],\"url\":\"https:\\\/\\\/www.bellunopress.it\\\/fr\\\/author\\\/redazione\\\/\"}]}<\/script>\n<!-- \/ Yoast SEO plugin. -->","yoast_head_json":{"title":"Continua il successo del progetto \u201cTotem. Innovazione e tradizione\u201d venerd\u00ec Telebelluno dedica una trasmissione all\u2019evento - Bellunopress - Dolomiti","robots":{"index":"index","follow":"follow","max-snippet":"max-snippet:-1","max-image-preview":"max-image-preview:large","max-video-preview":"max-video-preview:-1"},"canonical":"https:\/\/www.bellunopress.it\/fr\/2009\/09\/16\/continua-il-successo-del-progetto-\u201ctotem-innovazione-e-tradizione\u201d-venerdi-telebelluno-dedica-una-trasmissione-dedicata-all\u2019evento\/","og_locale":"fr_FR","og_type":"article","og_title":"Continua il successo del progetto \u201cTotem. Innovazione e tradizione\u201d venerd\u00ec Telebelluno dedica una trasmissione all\u2019evento - Bellunopress - Dolomiti","og_description":"Continua a il successo del\u00a0 progetto \u201cTotem. Innovazione e tradizione\u201d, che si \u00e8 tenuto a Cortina d\u2019Ampezzo nel mese di agosto e che \u00e8 nato da un\u2019idea degli architetti Ambra Piccin \u2013 Interior Designer delle case vip di Cortina \u2013 e Luca Menardi, fondatori di APE (l\u2019Associazione Professionisti Edili). A distanza di oltre un mese, [&hellip;]","og_url":"https:\/\/www.bellunopress.it\/fr\/2009\/09\/16\/continua-il-successo-del-progetto-\u201ctotem-innovazione-e-tradizione\u201d-venerdi-telebelluno-dedica-una-trasmissione-dedicata-all\u2019evento\/","og_site_name":"Bellunopress - Dolomiti","article_publisher":"https:\/\/www.facebook.com\/profile.php?id=100008943462799","article_published_time":"2009-09-16T15:16:04+00:00","article_modified_time":"2009-09-16T19:39:55+00:00","og_image":[{"url":"http:\/\/www.bellunopress.it\/wp-content\/uploads\/2009\/09\/totem-cortina.jpg","type":"","width":"","height":""}],"author":"redazione","twitter_card":"summary_large_image","twitter_creator":"@bellunopress","twitter_site":"@bellunopress","twitter_misc":{"\u00c9crit par":"redazione","Dur\u00e9e de lecture estim\u00e9e":"2 minutes"},"schema":{"@context":"https:\/\/schema.org","@graph":[{"@type":"Article","@id":"https:\/\/www.bellunopress.it\/2009\/09\/16\/continua-il-successo-del-progetto-%e2%80%9ctotem-innovazione-e-tradizione%e2%80%9d-venerdi-telebelluno-dedica-una-trasmissione-dedicata-all%e2%80%99evento\/#article","isPartOf":{"@id":"https:\/\/www.bellunopress.it\/2009\/09\/16\/continua-il-successo-del-progetto-%e2%80%9ctotem-innovazione-e-tradizione%e2%80%9d-venerdi-telebelluno-dedica-una-trasmissione-dedicata-all%e2%80%99evento\/"},"author":{"name":"redazione","@id":"https:\/\/www.bellunopress.it\/#\/schema\/person\/79bb06722b37ece1c03d3e94beb30d73"},"headline":"Continua il successo del progetto \u201cTotem. Innovazione e tradizione\u201d venerd\u00ec Telebelluno dedica una trasmissione all\u2019evento","datePublished":"2009-09-16T15:16:04+00:00","dateModified":"2009-09-16T19:39:55+00:00","mainEntityOfPage":{"@id":"https:\/\/www.bellunopress.it\/2009\/09\/16\/continua-il-successo-del-progetto-%e2%80%9ctotem-innovazione-e-tradizione%e2%80%9d-venerdi-telebelluno-dedica-una-trasmissione-dedicata-all%e2%80%99evento\/"},"wordCount":379,"publisher":{"@id":"https:\/\/www.bellunopress.it\/#organization"},"image":{"@id":"https:\/\/www.bellunopress.it\/2009\/09\/16\/continua-il-successo-del-progetto-%e2%80%9ctotem-innovazione-e-tradizione%e2%80%9d-venerdi-telebelluno-dedica-una-trasmissione-dedicata-all%e2%80%99evento\/#primaryimage"},"thumbnailUrl":"http:\/\/www.bellunopress.it\/wp-content\/uploads\/2009\/09\/totem-cortina.jpg","keywords":["Belluno","Dolomiti"],"articleSection":["Arte, Cultura, Spettacoli, Scienza","Pausa Caff\u00e8"],"inLanguage":"fr-FR"},{"@type":"WebPage","@id":"https:\/\/www.bellunopress.it\/2009\/09\/16\/continua-il-successo-del-progetto-%e2%80%9ctotem-innovazione-e-tradizione%e2%80%9d-venerdi-telebelluno-dedica-una-trasmissione-dedicata-all%e2%80%99evento\/","url":"https:\/\/www.bellunopress.it\/2009\/09\/16\/continua-il-successo-del-progetto-%e2%80%9ctotem-innovazione-e-tradizione%e2%80%9d-venerdi-telebelluno-dedica-una-trasmissione-dedicata-all%e2%80%99evento\/","name":"Continua il successo del progetto \u201cTotem. Innovazione e tradizione\u201d venerd\u00ec Telebelluno dedica una trasmissione all\u2019evento - Bellunopress - Dolomiti","isPartOf":{"@id":"https:\/\/www.bellunopress.it\/#website"},"primaryImageOfPage":{"@id":"https:\/\/www.bellunopress.it\/2009\/09\/16\/continua-il-successo-del-progetto-%e2%80%9ctotem-innovazione-e-tradizione%e2%80%9d-venerdi-telebelluno-dedica-una-trasmissione-dedicata-all%e2%80%99evento\/#primaryimage"},"image":{"@id":"https:\/\/www.bellunopress.it\/2009\/09\/16\/continua-il-successo-del-progetto-%e2%80%9ctotem-innovazione-e-tradizione%e2%80%9d-venerdi-telebelluno-dedica-una-trasmissione-dedicata-all%e2%80%99evento\/#primaryimage"},"thumbnailUrl":"http:\/\/www.bellunopress.it\/wp-content\/uploads\/2009\/09\/totem-cortina.jpg","datePublished":"2009-09-16T15:16:04+00:00","dateModified":"2009-09-16T19:39:55+00:00","breadcrumb":{"@id":"https:\/\/www.bellunopress.it\/2009\/09\/16\/continua-il-successo-del-progetto-%e2%80%9ctotem-innovazione-e-tradizione%e2%80%9d-venerdi-telebelluno-dedica-una-trasmissione-dedicata-all%e2%80%99evento\/#breadcrumb"},"inLanguage":"fr-FR","potentialAction":[{"@type":"ReadAction","target":["https:\/\/www.bellunopress.it\/2009\/09\/16\/continua-il-successo-del-progetto-%e2%80%9ctotem-innovazione-e-tradizione%e2%80%9d-venerdi-telebelluno-dedica-una-trasmissione-dedicata-all%e2%80%99evento\/"]}]},{"@type":"ImageObject","inLanguage":"fr-FR","@id":"https:\/\/www.bellunopress.it\/2009\/09\/16\/continua-il-successo-del-progetto-%e2%80%9ctotem-innovazione-e-tradizione%e2%80%9d-venerdi-telebelluno-dedica-una-trasmissione-dedicata-all%e2%80%99evento\/#primaryimage","url":"http:\/\/www.bellunopress.it\/wp-content\/uploads\/2009\/09\/totem-cortina.jpg","contentUrl":"http:\/\/www.bellunopress.it\/wp-content\/uploads\/2009\/09\/totem-cortina.jpg"},{"@type":"BreadcrumbList","@id":"https:\/\/www.bellunopress.it\/2009\/09\/16\/continua-il-successo-del-progetto-%e2%80%9ctotem-innovazione-e-tradizione%e2%80%9d-venerdi-telebelluno-dedica-una-trasmissione-dedicata-all%e2%80%99evento\/#breadcrumb","itemListElement":[{"@type":"ListItem","position":1,"name":"Home","item":"https:\/\/www.bellunopress.it\/"},{"@type":"ListItem","position":2,"name":"Continua il successo del progetto \u201cTotem. Innovazione e tradizione\u201d venerd\u00ec Telebelluno dedica una trasmissione all\u2019evento"}]},{"@type":"WebSite","@id":"https:\/\/www.bellunopress.it\/#website","url":"https:\/\/www.bellunopress.it\/","name":"Bellunopress - Dolomiti","description":"e-mail: redazione@bellunopress.it","publisher":{"@id":"https:\/\/www.bellunopress.it\/#organization"},"potentialAction":[{"@type":"SearchAction","target":{"@type":"EntryPoint","urlTemplate":"https:\/\/www.bellunopress.it\/?s={search_term_string}"},"query-input":{"@type":"PropertyValueSpecification","valueRequired":true,"valueName":"search_term_string"}}],"inLanguage":"fr-FR"},{"@type":"Organization","@id":"https:\/\/www.bellunopress.it\/#organization","name":"Bellunopress","url":"https:\/\/www.bellunopress.it\/","logo":{"@type":"ImageObject","inLanguage":"fr-FR","@id":"https:\/\/www.bellunopress.it\/#\/schema\/logo\/image\/","url":"https:\/\/www.bellunopress.it\/wp-content\/uploads\/2011\/05\/cropped-logo-bellunopress-.jpg","contentUrl":"https:\/\/www.bellunopress.it\/wp-content\/uploads\/2011\/05\/cropped-logo-bellunopress-.jpg","width":512,"height":512,"caption":"Bellunopress"},"image":{"@id":"https:\/\/www.bellunopress.it\/#\/schema\/logo\/image\/"},"sameAs":["https:\/\/www.facebook.com\/profile.php?id=100008943462799","https:\/\/x.com\/bellunopress","https:\/\/www.linkedin.com\/hp\/?dnr=JBzUWaJfMUw8vbXJJ2tVW5-I3jZKvC4wsoxE&amp;amp;amp;amp;amp;amp;trk=nav_responsive_tab_home","https:\/\/www.youtube.com\/channel\/UCxL0wu1uN0_3_7hGG0306cw"]},{"@type":"Person","@id":"https:\/\/www.bellunopress.it\/#\/schema\/person\/79bb06722b37ece1c03d3e94beb30d73","name":"r\u00e9daction","image":{"@type":"ImageObject","inLanguage":"fr-FR","@id":"https:\/\/secure.gravatar.com\/avatar\/37d968a2e67a6fd04c169c4bdef102d0bc5d31b2546345219e348575eb80e9a0?s=96&d=mm&r=g","url":"https:\/\/secure.gravatar.com\/avatar\/37d968a2e67a6fd04c169c4bdef102d0bc5d31b2546345219e348575eb80e9a0?s=96&d=mm&r=g","contentUrl":"https:\/\/secure.gravatar.com\/avatar\/37d968a2e67a6fd04c169c4bdef102d0bc5d31b2546345219e348575eb80e9a0?s=96&d=mm&r=g","caption":"redazione"},"sameAs":["http:\/\/www.bellunopress.it","https:\/\/x.com\/bellunopress"],"url":"https:\/\/www.bellunopress.it\/fr\/author\/redazione\/"}]}},"_links":{"self":[{"href":"https:\/\/www.bellunopress.it\/fr\/wp-json\/wp\/v2\/posts\/8133","targetHints":{"allow":["GET"]}}],"collection":[{"href":"https:\/\/www.bellunopress.it\/fr\/wp-json\/wp\/v2\/posts"}],"about":[{"href":"https:\/\/www.bellunopress.it\/fr\/wp-json\/wp\/v2\/types\/post"}],"author":[{"embeddable":true,"href":"https:\/\/www.bellunopress.it\/fr\/wp-json\/wp\/v2\/users\/2"}],"replies":[{"embeddable":true,"href":"https:\/\/www.bellunopress.it\/fr\/wp-json\/wp\/v2\/comments?post=8133"}],"version-history":[{"count":3,"href":"https:\/\/www.bellunopress.it\/fr\/wp-json\/wp\/v2\/posts\/8133\/revisions"}],"predecessor-version":[{"id":8171,"href":"https:\/\/www.bellunopress.it\/fr\/wp-json\/wp\/v2\/posts\/8133\/revisions\/8171"}],"wp:attachment":[{"href":"https:\/\/www.bellunopress.it\/fr\/wp-json\/wp\/v2\/media?parent=8133"}],"wp:term":[{"taxonomy":"category","embeddable":true,"href":"https:\/\/www.bellunopress.it\/fr\/wp-json\/wp\/v2\/categories?post=8133"},{"taxonomy":"post_tag","embeddable":true,"href":"https:\/\/www.bellunopress.it\/fr\/wp-json\/wp\/v2\/tags?post=8133"}],"curies":[{"name":"wp","href":"https:\/\/api.w.org\/{rel}","templated":true}]}}