{"id":8128,"date":"2009-09-16T16:08:56","date_gmt":"2009-09-16T15:08:56","guid":{"rendered":"http:\/\/www.bellunopress.it\/?p=8128"},"modified":"2009-09-16T18:24:30","modified_gmt":"2009-09-16T17:24:30","slug":"carraro-nuovo-rettore-di-ca-foscari-visita-il-campus-e-promette-a-feltre-il-cuore-della-formazione-permanente-di-tutto-il-veneto%c2%94","status":"publish","type":"post","link":"https:\/\/www.bellunopress.it\/fr\/2009\/09\/16\/carraro-nuovo-rettore-di-ca-foscari-visita-il-campus-e-promette-a-feltre-il-cuore-della-formazione-permanente-di-tutto-il-veneto%c2%94\/","title":{"rendered":"Carraro, nuovo rettore di Ca&#8217; Foscari visita il Campus e promette: a Feltre il cuore della formazione permanente di tutto il Veneto\u0094"},"content":{"rendered":"<p><a href=\"http:\/\/www.bellunopress.it\/wp-content\/uploads\/2009\/09\/villano-carraro-rasi-caldogno.jpg\"><img loading=\"lazy\" decoding=\"async\" class=\"alignleft size-medium wp-image-8129\" title=\"villano-carraro-rasi-caldogno\" src=\"http:\/\/www.bellunopress.it\/wp-content\/uploads\/2009\/09\/villano-carraro-rasi-caldogno.jpg\" alt=\"\" width=\"246\" height=\"184\" \/><\/a>Fare di Feltre un polo di riferimento per l&#8217;alta formazione anche degli studenti stranieri in Italia. E&#8217; questo\u00a0 l&#8217;obiettivo delineato dal nuovo rettore dell&#8217;Universit\u00e0 Ca&#8217; Foscari di Venezia Carlo Carraro, che sabato scorso a sorpresa \u00e8 stato ospite di un incontro a porte chiuse con i vertici della Fondazione per l&#8217;Universit\u00e0 e l&#8217;Alta Cultura in provincia di Belluno. Erano presenti il presidente Adriano Rasi Caldogno (nonch\u00e9 segretario generale delle Regione Veneto) ed il direttore Giovanni Villano, che dopo una prima sosta presso la sede dell&#8217;ente in via Luzzo hanno accompagnato Carraro a visitare gli spazi universitari di Borgo Ruga. &#8220;Un cuore operativo e logistico quanto mai adatto ad accogliere master e corsi di specializzazione&#8221; \u00a0ha dichiarato il rettore, che ha confermato a Rasi Caldogno quanto gi\u00e0 espresso dal suo predecessore Pier Francesco Ghetti: &#8220;Vogliamo fare di Feltre il luogo in cui gli studenti delle universit\u00e0 venete possano coronare e completare i propri percorsi di studio. Un incubatore di eccellenze in cui i nostri ragazzi possano integrare e completare i percorsi formativi avviati negli atenei di provenienza, aprendosi al contatto e al confronto con le migliori offerte culturali di tutta la Regione. Feltre dunque come primo ed unico luogo su territorio regionale in cui far confluire opportunit\u00e0 e proposte di specializzazione di tutte le universit\u00e0 venete: un punto di incontro a lungo auspicato dagli atenei veneti e che potrebbe finalmente realizzarsi nella citt\u00e0 del Vittorino&#8221;. Il progetto \u00e8 ambizioso ma raccoglie sull&#8217;accordo di tutti i rettori, che gi\u00e0 avevano espresso parere favorevole in tal senso nel corso del loro ultimo incontro a Feltre. Logistica, struttura territoriale, caratteristiche della struttura del nuovo Campus: i presupposti ci sono tutti\u00a0 avevano dichiarato i vertici universitari regionali gi\u00e0 al tempo. A riaffermarlo ora Carlo Carraro, che ha dichiarato Feltre con il territorio provinciale offrono vantaggi interessanti per le universit\u00e0 e per i loro studenti. Eil luogo ideale dunque in cui far dialogare e crescere le proposte di formazione permanente dellintero territorio veneto. In questo senso stiamo gi\u00e0 lavorando alla definizione dei contenuti delle proposte per l&#8217;anno accademico 2010 2011: e l&#8217;obiettivo sar\u00e0 quello di portare qui anche i migliori studenti delle facolt\u00e0 internazionali. \u00a0(nella foto: il direttore della Fondazione Universit\u00e0 Giovanni Villano, il rettore di Ca&#8217; Foscari Carlo Carraro ed il presidente della Fondazione Universit\u00e0 Adriano Rasi Caldogno all&#8217;ingresso del nuovo Campus durante la visita di sabato scorso).<\/p>","protected":false},"excerpt":{"rendered":"<p>Fare di Feltre un polo di riferimento per l&#8217;alta formazione anche degli studenti stranieri in Italia. E&#8217; questo\u00a0 l&#8217;obiettivo delineato dal nuovo rettore dell&#8217;Universit\u00e0 Ca&#8217; Foscari di Venezia Carlo Carraro, che sabato scorso a sorpresa \u00e8 stato ospite di un incontro a porte chiuse con i vertici della Fondazione per l&#8217;Universit\u00e0 e l&#8217;Alta Cultura in [&hellip;]<\/p>\n","protected":false},"author":2,"featured_media":0,"comment_status":"closed","ping_status":"open","sticky":false,"template":"","format":"standard","meta":{"footnotes":""},"categories":[26,15],"tags":[139,302],"class_list":["post-8128","post","type-post","status-publish","format-standard","category-prima-pagina","category-scuola","tag-belluno","tag-feltre"],"yoast_head":"<!-- This site is optimized with the Yoast SEO plugin v28.4 - https:\/\/yoast.com\/product\/yoast-seo-wordpress\/ -->\n<title>Carraro, nuovo rettore di Ca&#039; Foscari visita il Campus e promette: a Feltre il cuore della formazione permanente di tutto il Veneto\u0094 - Bellunopress - Dolomiti<\/title>\n<meta name=\"robots\" content=\"index, follow, max-snippet:-1, max-image-preview:large, max-video-preview:-1\" \/>\n<link rel=\"canonical\" href=\"https:\/\/www.bellunopress.it\/fr\/2009\/09\/16\/carraro-nuovo-rettore-di-ca-foscari-visita-il-campus-e-promette-a-feltre-il-cuore-della-formazione-permanente-di-tutto-il-veneto\u0094\/\" \/>\n<meta property=\"og:locale\" content=\"fr_FR\" \/>\n<meta property=\"og:type\" content=\"article\" \/>\n<meta property=\"og:title\" content=\"Carraro, nuovo rettore di Ca&#039; Foscari visita il Campus e promette: a Feltre il cuore della formazione permanente di tutto il Veneto\u0094 - Bellunopress - Dolomiti\" \/>\n<meta property=\"og:description\" content=\"Fare di Feltre un polo di riferimento per l&#8217;alta formazione anche degli studenti stranieri in Italia. E&#8217; questo\u00a0 l&#8217;obiettivo delineato dal nuovo rettore dell&#8217;Universit\u00e0 Ca&#8217; Foscari di Venezia Carlo Carraro, che sabato scorso a sorpresa \u00e8 stato ospite di un incontro a porte chiuse con i vertici della Fondazione per l&#8217;Universit\u00e0 e l&#8217;Alta Cultura in [&hellip;]\" \/>\n<meta property=\"og:url\" content=\"https:\/\/www.bellunopress.it\/fr\/2009\/09\/16\/carraro-nuovo-rettore-di-ca-foscari-visita-il-campus-e-promette-a-feltre-il-cuore-della-formazione-permanente-di-tutto-il-veneto\u0094\/\" \/>\n<meta property=\"og:site_name\" content=\"Bellunopress - Dolomiti\" \/>\n<meta property=\"article:publisher\" content=\"https:\/\/www.facebook.com\/profile.php?id=100008943462799\" \/>\n<meta property=\"article:published_time\" content=\"2009-09-16T15:08:56+00:00\" \/>\n<meta property=\"article:modified_time\" content=\"2009-09-16T17:24:30+00:00\" \/>\n<meta property=\"og:image\" content=\"http:\/\/www.bellunopress.it\/wp-content\/uploads\/2009\/09\/villano-carraro-rasi-caldogno.jpg\" \/>\n<meta name=\"author\" content=\"redazione\" \/>\n<meta name=\"twitter:card\" content=\"summary_large_image\" \/>\n<meta name=\"twitter:creator\" content=\"@bellunopress\" \/>\n<meta name=\"twitter:site\" content=\"@bellunopress\" \/>\n<meta name=\"twitter:label1\" content=\"\u00c9crit par\" \/>\n\t<meta name=\"twitter:data1\" content=\"redazione\" \/>\n\t<meta name=\"twitter:label2\" content=\"Dur\u00e9e de lecture estim\u00e9e\" \/>\n\t<meta name=\"twitter:data2\" content=\"2 minutes\" \/>\n<script type=\"application\/ld+json\" class=\"yoast-schema-graph\">{\"@context\":\"https:\\\/\\\/schema.org\",\"@graph\":[{\"@type\":\"Article\",\"@id\":\"https:\\\/\\\/www.bellunopress.it\\\/2009\\\/09\\\/16\\\/carraro-nuovo-rettore-di-ca-foscari-visita-il-campus-e-promette-a-feltre-il-cuore-della-formazione-permanente-di-tutto-il-veneto%c2%94\\\/#article\",\"isPartOf\":{\"@id\":\"https:\\\/\\\/www.bellunopress.it\\\/2009\\\/09\\\/16\\\/carraro-nuovo-rettore-di-ca-foscari-visita-il-campus-e-promette-a-feltre-il-cuore-della-formazione-permanente-di-tutto-il-veneto%c2%94\\\/\"},\"author\":{\"name\":\"redazione\",\"@id\":\"https:\\\/\\\/www.bellunopress.it\\\/#\\\/schema\\\/person\\\/79bb06722b37ece1c03d3e94beb30d73\"},\"headline\":\"Carraro, nuovo rettore di Ca&#8217; Foscari visita il Campus e promette: a Feltre il cuore della formazione permanente di tutto il Veneto\u0094\",\"datePublished\":\"2009-09-16T15:08:56+00:00\",\"dateModified\":\"2009-09-16T17:24:30+00:00\",\"mainEntityOfPage\":{\"@id\":\"https:\\\/\\\/www.bellunopress.it\\\/2009\\\/09\\\/16\\\/carraro-nuovo-rettore-di-ca-foscari-visita-il-campus-e-promette-a-feltre-il-cuore-della-formazione-permanente-di-tutto-il-veneto%c2%94\\\/\"},\"wordCount\":421,\"publisher\":{\"@id\":\"https:\\\/\\\/www.bellunopress.it\\\/#organization\"},\"image\":{\"@id\":\"https:\\\/\\\/www.bellunopress.it\\\/2009\\\/09\\\/16\\\/carraro-nuovo-rettore-di-ca-foscari-visita-il-campus-e-promette-a-feltre-il-cuore-della-formazione-permanente-di-tutto-il-veneto%c2%94\\\/#primaryimage\"},\"thumbnailUrl\":\"http:\\\/\\\/www.bellunopress.it\\\/wp-content\\\/uploads\\\/2009\\\/09\\\/villano-carraro-rasi-caldogno.jpg\",\"keywords\":[\"Belluno\",\"Feltre\"],\"articleSection\":[\"Prima Pagina\",\"Scuola\"],\"inLanguage\":\"fr-FR\"},{\"@type\":\"WebPage\",\"@id\":\"https:\\\/\\\/www.bellunopress.it\\\/2009\\\/09\\\/16\\\/carraro-nuovo-rettore-di-ca-foscari-visita-il-campus-e-promette-a-feltre-il-cuore-della-formazione-permanente-di-tutto-il-veneto%c2%94\\\/\",\"url\":\"https:\\\/\\\/www.bellunopress.it\\\/2009\\\/09\\\/16\\\/carraro-nuovo-rettore-di-ca-foscari-visita-il-campus-e-promette-a-feltre-il-cuore-della-formazione-permanente-di-tutto-il-veneto%c2%94\\\/\",\"name\":\"Carraro, nuovo rettore di Ca' Foscari visita il Campus e promette: a Feltre il cuore della formazione permanente di tutto il Veneto\u0094 - Bellunopress - Dolomiti\",\"isPartOf\":{\"@id\":\"https:\\\/\\\/www.bellunopress.it\\\/#website\"},\"primaryImageOfPage\":{\"@id\":\"https:\\\/\\\/www.bellunopress.it\\\/2009\\\/09\\\/16\\\/carraro-nuovo-rettore-di-ca-foscari-visita-il-campus-e-promette-a-feltre-il-cuore-della-formazione-permanente-di-tutto-il-veneto%c2%94\\\/#primaryimage\"},\"image\":{\"@id\":\"https:\\\/\\\/www.bellunopress.it\\\/2009\\\/09\\\/16\\\/carraro-nuovo-rettore-di-ca-foscari-visita-il-campus-e-promette-a-feltre-il-cuore-della-formazione-permanente-di-tutto-il-veneto%c2%94\\\/#primaryimage\"},\"thumbnailUrl\":\"http:\\\/\\\/www.bellunopress.it\\\/wp-content\\\/uploads\\\/2009\\\/09\\\/villano-carraro-rasi-caldogno.jpg\",\"datePublished\":\"2009-09-16T15:08:56+00:00\",\"dateModified\":\"2009-09-16T17:24:30+00:00\",\"breadcrumb\":{\"@id\":\"https:\\\/\\\/www.bellunopress.it\\\/2009\\\/09\\\/16\\\/carraro-nuovo-rettore-di-ca-foscari-visita-il-campus-e-promette-a-feltre-il-cuore-della-formazione-permanente-di-tutto-il-veneto%c2%94\\\/#breadcrumb\"},\"inLanguage\":\"fr-FR\",\"potentialAction\":[{\"@type\":\"ReadAction\",\"target\":[\"https:\\\/\\\/www.bellunopress.it\\\/2009\\\/09\\\/16\\\/carraro-nuovo-rettore-di-ca-foscari-visita-il-campus-e-promette-a-feltre-il-cuore-della-formazione-permanente-di-tutto-il-veneto%c2%94\\\/\"]}]},{\"@type\":\"ImageObject\",\"inLanguage\":\"fr-FR\",\"@id\":\"https:\\\/\\\/www.bellunopress.it\\\/2009\\\/09\\\/16\\\/carraro-nuovo-rettore-di-ca-foscari-visita-il-campus-e-promette-a-feltre-il-cuore-della-formazione-permanente-di-tutto-il-veneto%c2%94\\\/#primaryimage\",\"url\":\"http:\\\/\\\/www.bellunopress.it\\\/wp-content\\\/uploads\\\/2009\\\/09\\\/villano-carraro-rasi-caldogno.jpg\",\"contentUrl\":\"http:\\\/\\\/www.bellunopress.it\\\/wp-content\\\/uploads\\\/2009\\\/09\\\/villano-carraro-rasi-caldogno.jpg\"},{\"@type\":\"BreadcrumbList\",\"@id\":\"https:\\\/\\\/www.bellunopress.it\\\/2009\\\/09\\\/16\\\/carraro-nuovo-rettore-di-ca-foscari-visita-il-campus-e-promette-a-feltre-il-cuore-della-formazione-permanente-di-tutto-il-veneto%c2%94\\\/#breadcrumb\",\"itemListElement\":[{\"@type\":\"ListItem\",\"position\":1,\"name\":\"Home\",\"item\":\"https:\\\/\\\/www.bellunopress.it\\\/\"},{\"@type\":\"ListItem\",\"position\":2,\"name\":\"Carraro, nuovo rettore di Ca&#8217; Foscari visita il Campus e promette: a Feltre il cuore della formazione permanente di tutto il Veneto\u0094\"}]},{\"@type\":\"WebSite\",\"@id\":\"https:\\\/\\\/www.bellunopress.it\\\/#website\",\"url\":\"https:\\\/\\\/www.bellunopress.it\\\/\",\"name\":\"Bellunopress - Dolomiti\",\"description\":\"e-mail: redazione@bellunopress.it\",\"publisher\":{\"@id\":\"https:\\\/\\\/www.bellunopress.it\\\/#organization\"},\"potentialAction\":[{\"@type\":\"SearchAction\",\"target\":{\"@type\":\"EntryPoint\",\"urlTemplate\":\"https:\\\/\\\/www.bellunopress.it\\\/?s={search_term_string}\"},\"query-input\":{\"@type\":\"PropertyValueSpecification\",\"valueRequired\":true,\"valueName\":\"search_term_string\"}}],\"inLanguage\":\"fr-FR\"},{\"@type\":\"Organization\",\"@id\":\"https:\\\/\\\/www.bellunopress.it\\\/#organization\",\"name\":\"Bellunopress\",\"url\":\"https:\\\/\\\/www.bellunopress.it\\\/\",\"logo\":{\"@type\":\"ImageObject\",\"inLanguage\":\"fr-FR\",\"@id\":\"https:\\\/\\\/www.bellunopress.it\\\/#\\\/schema\\\/logo\\\/image\\\/\",\"url\":\"https:\\\/\\\/www.bellunopress.it\\\/wp-content\\\/uploads\\\/2011\\\/05\\\/cropped-logo-bellunopress-.jpg\",\"contentUrl\":\"https:\\\/\\\/www.bellunopress.it\\\/wp-content\\\/uploads\\\/2011\\\/05\\\/cropped-logo-bellunopress-.jpg\",\"width\":512,\"height\":512,\"caption\":\"Bellunopress\"},\"image\":{\"@id\":\"https:\\\/\\\/www.bellunopress.it\\\/#\\\/schema\\\/logo\\\/image\\\/\"},\"sameAs\":[\"https:\\\/\\\/www.facebook.com\\\/profile.php?id=100008943462799\",\"https:\\\/\\\/x.com\\\/bellunopress\",\"https:\\\/\\\/www.linkedin.com\\\/hp\\\/?dnr=JBzUWaJfMUw8vbXJJ2tVW5-I3jZKvC4wsoxE&amp;amp;amp;amp;amp;amp;trk=nav_responsive_tab_home\",\"https:\\\/\\\/www.youtube.com\\\/channel\\\/UCxL0wu1uN0_3_7hGG0306cw\"]},{\"@type\":\"Person\",\"@id\":\"https:\\\/\\\/www.bellunopress.it\\\/#\\\/schema\\\/person\\\/79bb06722b37ece1c03d3e94beb30d73\",\"name\":\"redazione\",\"image\":{\"@type\":\"ImageObject\",\"inLanguage\":\"fr-FR\",\"@id\":\"https:\\\/\\\/secure.gravatar.com\\\/avatar\\\/37d968a2e67a6fd04c169c4bdef102d0bc5d31b2546345219e348575eb80e9a0?s=96&d=mm&r=g\",\"url\":\"https:\\\/\\\/secure.gravatar.com\\\/avatar\\\/37d968a2e67a6fd04c169c4bdef102d0bc5d31b2546345219e348575eb80e9a0?s=96&d=mm&r=g\",\"contentUrl\":\"https:\\\/\\\/secure.gravatar.com\\\/avatar\\\/37d968a2e67a6fd04c169c4bdef102d0bc5d31b2546345219e348575eb80e9a0?s=96&d=mm&r=g\",\"caption\":\"redazione\"},\"sameAs\":[\"http:\\\/\\\/www.bellunopress.it\",\"https:\\\/\\\/x.com\\\/bellunopress\"],\"url\":\"https:\\\/\\\/www.bellunopress.it\\\/fr\\\/author\\\/redazione\\\/\"}]}<\/script>\n<!-- \/ Yoast SEO plugin. -->","yoast_head_json":{"title":"Carraro, nuovo rettore di Ca' Foscari visita il Campus e promette: a Feltre il cuore della formazione permanente di tutto il Veneto\u0094 - Bellunopress - Dolomiti","robots":{"index":"index","follow":"follow","max-snippet":"max-snippet:-1","max-image-preview":"max-image-preview:large","max-video-preview":"max-video-preview:-1"},"canonical":"https:\/\/www.bellunopress.it\/fr\/2009\/09\/16\/carraro-nuovo-rettore-di-ca-foscari-visita-il-campus-e-promette-a-feltre-il-cuore-della-formazione-permanente-di-tutto-il-veneto\u0094\/","og_locale":"fr_FR","og_type":"article","og_title":"Carraro, nuovo rettore di Ca' Foscari visita il Campus e promette: a Feltre il cuore della formazione permanente di tutto il Veneto\u0094 - Bellunopress - Dolomiti","og_description":"Fare di Feltre un polo di riferimento per l&#8217;alta formazione anche degli studenti stranieri in Italia. E&#8217; questo\u00a0 l&#8217;obiettivo delineato dal nuovo rettore dell&#8217;Universit\u00e0 Ca&#8217; Foscari di Venezia Carlo Carraro, che sabato scorso a sorpresa \u00e8 stato ospite di un incontro a porte chiuse con i vertici della Fondazione per l&#8217;Universit\u00e0 e l&#8217;Alta Cultura in [&hellip;]","og_url":"https:\/\/www.bellunopress.it\/fr\/2009\/09\/16\/carraro-nuovo-rettore-di-ca-foscari-visita-il-campus-e-promette-a-feltre-il-cuore-della-formazione-permanente-di-tutto-il-veneto\u0094\/","og_site_name":"Bellunopress - Dolomiti","article_publisher":"https:\/\/www.facebook.com\/profile.php?id=100008943462799","article_published_time":"2009-09-16T15:08:56+00:00","article_modified_time":"2009-09-16T17:24:30+00:00","og_image":[{"url":"http:\/\/www.bellunopress.it\/wp-content\/uploads\/2009\/09\/villano-carraro-rasi-caldogno.jpg","type":"","width":"","height":""}],"author":"redazione","twitter_card":"summary_large_image","twitter_creator":"@bellunopress","twitter_site":"@bellunopress","twitter_misc":{"\u00c9crit par":"redazione","Dur\u00e9e de lecture estim\u00e9e":"2 minutes"},"schema":{"@context":"https:\/\/schema.org","@graph":[{"@type":"Article","@id":"https:\/\/www.bellunopress.it\/2009\/09\/16\/carraro-nuovo-rettore-di-ca-foscari-visita-il-campus-e-promette-a-feltre-il-cuore-della-formazione-permanente-di-tutto-il-veneto%c2%94\/#article","isPartOf":{"@id":"https:\/\/www.bellunopress.it\/2009\/09\/16\/carraro-nuovo-rettore-di-ca-foscari-visita-il-campus-e-promette-a-feltre-il-cuore-della-formazione-permanente-di-tutto-il-veneto%c2%94\/"},"author":{"name":"redazione","@id":"https:\/\/www.bellunopress.it\/#\/schema\/person\/79bb06722b37ece1c03d3e94beb30d73"},"headline":"Carraro, nuovo rettore di Ca&#8217; Foscari visita il Campus e promette: a Feltre il cuore della formazione permanente di tutto il Veneto\u0094","datePublished":"2009-09-16T15:08:56+00:00","dateModified":"2009-09-16T17:24:30+00:00","mainEntityOfPage":{"@id":"https:\/\/www.bellunopress.it\/2009\/09\/16\/carraro-nuovo-rettore-di-ca-foscari-visita-il-campus-e-promette-a-feltre-il-cuore-della-formazione-permanente-di-tutto-il-veneto%c2%94\/"},"wordCount":421,"publisher":{"@id":"https:\/\/www.bellunopress.it\/#organization"},"image":{"@id":"https:\/\/www.bellunopress.it\/2009\/09\/16\/carraro-nuovo-rettore-di-ca-foscari-visita-il-campus-e-promette-a-feltre-il-cuore-della-formazione-permanente-di-tutto-il-veneto%c2%94\/#primaryimage"},"thumbnailUrl":"http:\/\/www.bellunopress.it\/wp-content\/uploads\/2009\/09\/villano-carraro-rasi-caldogno.jpg","keywords":["Belluno","Feltre"],"articleSection":["Prima Pagina","Scuola"],"inLanguage":"fr-FR"},{"@type":"WebPage","@id":"https:\/\/www.bellunopress.it\/2009\/09\/16\/carraro-nuovo-rettore-di-ca-foscari-visita-il-campus-e-promette-a-feltre-il-cuore-della-formazione-permanente-di-tutto-il-veneto%c2%94\/","url":"https:\/\/www.bellunopress.it\/2009\/09\/16\/carraro-nuovo-rettore-di-ca-foscari-visita-il-campus-e-promette-a-feltre-il-cuore-della-formazione-permanente-di-tutto-il-veneto%c2%94\/","name":"Carraro, nuovo rettore di Ca' Foscari visita il Campus e promette: a Feltre il cuore della formazione permanente di tutto il Veneto\u0094 - Bellunopress - Dolomiti","isPartOf":{"@id":"https:\/\/www.bellunopress.it\/#website"},"primaryImageOfPage":{"@id":"https:\/\/www.bellunopress.it\/2009\/09\/16\/carraro-nuovo-rettore-di-ca-foscari-visita-il-campus-e-promette-a-feltre-il-cuore-della-formazione-permanente-di-tutto-il-veneto%c2%94\/#primaryimage"},"image":{"@id":"https:\/\/www.bellunopress.it\/2009\/09\/16\/carraro-nuovo-rettore-di-ca-foscari-visita-il-campus-e-promette-a-feltre-il-cuore-della-formazione-permanente-di-tutto-il-veneto%c2%94\/#primaryimage"},"thumbnailUrl":"http:\/\/www.bellunopress.it\/wp-content\/uploads\/2009\/09\/villano-carraro-rasi-caldogno.jpg","datePublished":"2009-09-16T15:08:56+00:00","dateModified":"2009-09-16T17:24:30+00:00","breadcrumb":{"@id":"https:\/\/www.bellunopress.it\/2009\/09\/16\/carraro-nuovo-rettore-di-ca-foscari-visita-il-campus-e-promette-a-feltre-il-cuore-della-formazione-permanente-di-tutto-il-veneto%c2%94\/#breadcrumb"},"inLanguage":"fr-FR","potentialAction":[{"@type":"ReadAction","target":["https:\/\/www.bellunopress.it\/2009\/09\/16\/carraro-nuovo-rettore-di-ca-foscari-visita-il-campus-e-promette-a-feltre-il-cuore-della-formazione-permanente-di-tutto-il-veneto%c2%94\/"]}]},{"@type":"ImageObject","inLanguage":"fr-FR","@id":"https:\/\/www.bellunopress.it\/2009\/09\/16\/carraro-nuovo-rettore-di-ca-foscari-visita-il-campus-e-promette-a-feltre-il-cuore-della-formazione-permanente-di-tutto-il-veneto%c2%94\/#primaryimage","url":"http:\/\/www.bellunopress.it\/wp-content\/uploads\/2009\/09\/villano-carraro-rasi-caldogno.jpg","contentUrl":"http:\/\/www.bellunopress.it\/wp-content\/uploads\/2009\/09\/villano-carraro-rasi-caldogno.jpg"},{"@type":"BreadcrumbList","@id":"https:\/\/www.bellunopress.it\/2009\/09\/16\/carraro-nuovo-rettore-di-ca-foscari-visita-il-campus-e-promette-a-feltre-il-cuore-della-formazione-permanente-di-tutto-il-veneto%c2%94\/#breadcrumb","itemListElement":[{"@type":"ListItem","position":1,"name":"Home","item":"https:\/\/www.bellunopress.it\/"},{"@type":"ListItem","position":2,"name":"Carraro, nuovo rettore di Ca&#8217; Foscari visita il Campus e promette: a Feltre il cuore della formazione permanente di tutto il Veneto\u0094"}]},{"@type":"WebSite","@id":"https:\/\/www.bellunopress.it\/#website","url":"https:\/\/www.bellunopress.it\/","name":"Bellunopress - Dolomiti","description":"e-mail: redazione@bellunopress.it","publisher":{"@id":"https:\/\/www.bellunopress.it\/#organization"},"potentialAction":[{"@type":"SearchAction","target":{"@type":"EntryPoint","urlTemplate":"https:\/\/www.bellunopress.it\/?s={search_term_string}"},"query-input":{"@type":"PropertyValueSpecification","valueRequired":true,"valueName":"search_term_string"}}],"inLanguage":"fr-FR"},{"@type":"Organization","@id":"https:\/\/www.bellunopress.it\/#organization","name":"Bellunopress","url":"https:\/\/www.bellunopress.it\/","logo":{"@type":"ImageObject","inLanguage":"fr-FR","@id":"https:\/\/www.bellunopress.it\/#\/schema\/logo\/image\/","url":"https:\/\/www.bellunopress.it\/wp-content\/uploads\/2011\/05\/cropped-logo-bellunopress-.jpg","contentUrl":"https:\/\/www.bellunopress.it\/wp-content\/uploads\/2011\/05\/cropped-logo-bellunopress-.jpg","width":512,"height":512,"caption":"Bellunopress"},"image":{"@id":"https:\/\/www.bellunopress.it\/#\/schema\/logo\/image\/"},"sameAs":["https:\/\/www.facebook.com\/profile.php?id=100008943462799","https:\/\/x.com\/bellunopress","https:\/\/www.linkedin.com\/hp\/?dnr=JBzUWaJfMUw8vbXJJ2tVW5-I3jZKvC4wsoxE&amp;amp;amp;amp;amp;amp;trk=nav_responsive_tab_home","https:\/\/www.youtube.com\/channel\/UCxL0wu1uN0_3_7hGG0306cw"]},{"@type":"Person","@id":"https:\/\/www.bellunopress.it\/#\/schema\/person\/79bb06722b37ece1c03d3e94beb30d73","name":"r\u00e9daction","image":{"@type":"ImageObject","inLanguage":"fr-FR","@id":"https:\/\/secure.gravatar.com\/avatar\/37d968a2e67a6fd04c169c4bdef102d0bc5d31b2546345219e348575eb80e9a0?s=96&d=mm&r=g","url":"https:\/\/secure.gravatar.com\/avatar\/37d968a2e67a6fd04c169c4bdef102d0bc5d31b2546345219e348575eb80e9a0?s=96&d=mm&r=g","contentUrl":"https:\/\/secure.gravatar.com\/avatar\/37d968a2e67a6fd04c169c4bdef102d0bc5d31b2546345219e348575eb80e9a0?s=96&d=mm&r=g","caption":"redazione"},"sameAs":["http:\/\/www.bellunopress.it","https:\/\/x.com\/bellunopress"],"url":"https:\/\/www.bellunopress.it\/fr\/author\/redazione\/"}]}},"_links":{"self":[{"href":"https:\/\/www.bellunopress.it\/fr\/wp-json\/wp\/v2\/posts\/8128","targetHints":{"allow":["GET"]}}],"collection":[{"href":"https:\/\/www.bellunopress.it\/fr\/wp-json\/wp\/v2\/posts"}],"about":[{"href":"https:\/\/www.bellunopress.it\/fr\/wp-json\/wp\/v2\/types\/post"}],"author":[{"embeddable":true,"href":"https:\/\/www.bellunopress.it\/fr\/wp-json\/wp\/v2\/users\/2"}],"replies":[{"embeddable":true,"href":"https:\/\/www.bellunopress.it\/fr\/wp-json\/wp\/v2\/comments?post=8128"}],"version-history":[{"count":3,"href":"https:\/\/www.bellunopress.it\/fr\/wp-json\/wp\/v2\/posts\/8128\/revisions"}],"predecessor-version":[{"id":8132,"href":"https:\/\/www.bellunopress.it\/fr\/wp-json\/wp\/v2\/posts\/8128\/revisions\/8132"}],"wp:attachment":[{"href":"https:\/\/www.bellunopress.it\/fr\/wp-json\/wp\/v2\/media?parent=8128"}],"wp:term":[{"taxonomy":"category","embeddable":true,"href":"https:\/\/www.bellunopress.it\/fr\/wp-json\/wp\/v2\/categories?post=8128"},{"taxonomy":"post_tag","embeddable":true,"href":"https:\/\/www.bellunopress.it\/fr\/wp-json\/wp\/v2\/tags?post=8128"}],"curies":[{"name":"wp","href":"https:\/\/api.w.org\/{rel}","templated":true}]}}