{"id":8123,"date":"2009-09-16T12:51:44","date_gmt":"2009-09-16T11:51:44","guid":{"rendered":"http:\/\/www.bellunopress.it\/?p=8123"},"modified":"2009-09-16T12:51:44","modified_gmt":"2009-09-16T11:51:44","slug":"immigrazione-corsi-per-la-diffusione-della-lingua-italiana","status":"publish","type":"post","link":"https:\/\/www.bellunopress.it\/fr\/2009\/09\/16\/immigrazione-corsi-per-la-diffusione-della-lingua-italiana\/","title":{"rendered":"Immigrazione: corsi per la diffusione della lingua italiana"},"content":{"rendered":"<figure id=\"attachment_6966\" aria-describedby=\"caption-attachment-6966\" style=\"width: 123px\" class=\"wp-caption alignleft\"><a href=\"http:\/\/www.bellunopress.it\/wp-content\/uploads\/2009\/08\/palazzo-ferro-fini-giunta-regionale.jpg\"><img loading=\"lazy\" decoding=\"async\" class=\"size-medium wp-image-6966\" title=\"palazzo-ferro-fini-giunta-regionale\" src=\"http:\/\/www.bellunopress.it\/wp-content\/uploads\/2009\/08\/palazzo-ferro-fini-giunta-regionale.jpg\" alt=\"Palazzo Ferro Fini sede del Consiglio Regionale del Veneto\" width=\"123\" height=\"92\" \/><\/a><figcaption id=\"caption-attachment-6966\" class=\"wp-caption-text\">Palazzo Ferro Fini sede del Consiglio Regionale del Veneto<\/figcaption><\/figure>\n<p>Anche per quest\u2019anno la Regione su proposta dell\u2019assessore ai flussi migratori Oscar De Bona ha disposto di affidare, tramite convenzione, all\u2019Ufficio Scolastico Regionale del Ministero dell\u2019Istruzione l\u2019attuazione di interventi destinati alla diffusione della conoscenza della lingua italiana tra gli stranieri extracomunitari regolarmente presenti nel Veneto. \u201cLa formazione di base \u2013 sottolinea l\u2019assessore De Bona \u2013 \u00e8 nella programmazione regionale un ambito prioritario degli interventi di integrazione. La conoscenza della lingua italiana costituisce un passaggio essenziale dei percorsi di integrazione, agevola l\u2019inserimento lavorativo e favorisce la partecipazione alla vita sociale, prevenendo possibili situazioni di disagio sia per l\u2019immigrato sia per la comunit\u00e0 di accoglienza. In definitiva, conoscere regole, usi e lingua della terra che li accoglie significa promuovere una migliore qualit\u00e0 della vita per gli immigrati e le loro famiglie\u201d. Per questo motivo, la convenzione approvata dalla giunta veneta prevede l\u2019attivazione di corsi che riguarderanno non solo l\u2019apprendimento della lingua, ma anche elementi di educazione civica e di cultura italiana. Le attivit\u00e0 formative saranno realizzate in maniera coordinata in raccordo con gli istituti scolastici di istruzione secondaria di primo e secondo grado del Veneto e in particolare con i Centri territoriali permanenti, attivi in tutto il territorio regionale con un\u2019articolata offerta rivolta all\u2019istruzione degli adulti. La Regione sosterr\u00e0 il programma con un finanziamento di 250 mila euro, di cui 150 mila assegnati al Veneto con il Fondo nazionale per le politiche migratorie dal Ministero del lavoro e delle politiche sociali.<\/p>","protected":false},"excerpt":{"rendered":"<p>Anche per quest\u2019anno la Regione su proposta dell\u2019assessore ai flussi migratori Oscar De Bona ha disposto di affidare, tramite convenzione, all\u2019Ufficio Scolastico Regionale del Ministero dell\u2019Istruzione l\u2019attuazione di interventi destinati alla diffusione della conoscenza della lingua italiana tra gli stranieri extracomunitari regolarmente presenti nel Veneto. \u201cLa formazione di base \u2013 sottolinea l\u2019assessore De Bona \u2013 [&hellip;]<\/p>\n","protected":false},"author":2,"featured_media":0,"comment_status":"closed","ping_status":"open","sticky":false,"template":"","format":"standard","meta":{"footnotes":""},"categories":[5,26],"tags":[139],"class_list":["post-8123","post","type-post","status-publish","format-standard","category-cronaca","category-prima-pagina","tag-belluno"],"yoast_head":"<!-- This site is optimized with the Yoast SEO plugin v28.4 - https:\/\/yoast.com\/product\/yoast-seo-wordpress\/ -->\n<title>Immigrazione: corsi per la diffusione della lingua italiana - Bellunopress - Dolomiti<\/title>\n<meta name=\"robots\" content=\"index, follow, max-snippet:-1, max-image-preview:large, max-video-preview:-1\" \/>\n<link rel=\"canonical\" href=\"https:\/\/www.bellunopress.it\/fr\/2009\/09\/16\/immigrazione-corsi-per-la-diffusione-della-lingua-italiana\/\" \/>\n<meta property=\"og:locale\" content=\"fr_FR\" \/>\n<meta property=\"og:type\" content=\"article\" \/>\n<meta property=\"og:title\" content=\"Immigrazione: corsi per la diffusione della lingua italiana - Bellunopress - Dolomiti\" \/>\n<meta property=\"og:description\" content=\"Anche per quest\u2019anno la Regione su proposta dell\u2019assessore ai flussi migratori Oscar De Bona ha disposto di affidare, tramite convenzione, all\u2019Ufficio Scolastico Regionale del Ministero dell\u2019Istruzione l\u2019attuazione di interventi destinati alla diffusione della conoscenza della lingua italiana tra gli stranieri extracomunitari regolarmente presenti nel Veneto. \u201cLa formazione di base \u2013 sottolinea l\u2019assessore De Bona \u2013 [&hellip;]\" \/>\n<meta property=\"og:url\" content=\"https:\/\/www.bellunopress.it\/fr\/2009\/09\/16\/immigrazione-corsi-per-la-diffusione-della-lingua-italiana\/\" \/>\n<meta property=\"og:site_name\" content=\"Bellunopress - Dolomiti\" \/>\n<meta property=\"article:publisher\" content=\"https:\/\/www.facebook.com\/profile.php?id=100008943462799\" \/>\n<meta property=\"article:published_time\" content=\"2009-09-16T11:51:44+00:00\" \/>\n<meta property=\"og:image\" content=\"http:\/\/www.bellunopress.it\/wp-content\/uploads\/2009\/08\/palazzo-ferro-fini-giunta-regionale.jpg\" \/>\n<meta name=\"author\" content=\"redazione\" \/>\n<meta name=\"twitter:card\" content=\"summary_large_image\" \/>\n<meta name=\"twitter:creator\" content=\"@bellunopress\" \/>\n<meta name=\"twitter:site\" content=\"@bellunopress\" \/>\n<meta name=\"twitter:label1\" content=\"\u00c9crit par\" \/>\n\t<meta name=\"twitter:data1\" content=\"redazione\" \/>\n\t<meta name=\"twitter:label2\" content=\"Dur\u00e9e de lecture estim\u00e9e\" \/>\n\t<meta name=\"twitter:data2\" content=\"1 minute\" \/>\n<script type=\"application\/ld+json\" class=\"yoast-schema-graph\">{\"@context\":\"https:\\\/\\\/schema.org\",\"@graph\":[{\"@type\":\"Article\",\"@id\":\"https:\\\/\\\/www.bellunopress.it\\\/2009\\\/09\\\/16\\\/immigrazione-corsi-per-la-diffusione-della-lingua-italiana\\\/#article\",\"isPartOf\":{\"@id\":\"https:\\\/\\\/www.bellunopress.it\\\/2009\\\/09\\\/16\\\/immigrazione-corsi-per-la-diffusione-della-lingua-italiana\\\/\"},\"author\":{\"name\":\"redazione\",\"@id\":\"https:\\\/\\\/www.bellunopress.it\\\/#\\\/schema\\\/person\\\/79bb06722b37ece1c03d3e94beb30d73\"},\"headline\":\"Immigrazione: corsi per la diffusione della lingua italiana\",\"datePublished\":\"2009-09-16T11:51:44+00:00\",\"mainEntityOfPage\":{\"@id\":\"https:\\\/\\\/www.bellunopress.it\\\/2009\\\/09\\\/16\\\/immigrazione-corsi-per-la-diffusione-della-lingua-italiana\\\/\"},\"wordCount\":271,\"publisher\":{\"@id\":\"https:\\\/\\\/www.bellunopress.it\\\/#organization\"},\"image\":{\"@id\":\"https:\\\/\\\/www.bellunopress.it\\\/2009\\\/09\\\/16\\\/immigrazione-corsi-per-la-diffusione-della-lingua-italiana\\\/#primaryimage\"},\"thumbnailUrl\":\"http:\\\/\\\/www.bellunopress.it\\\/wp-content\\\/uploads\\\/2009\\\/08\\\/palazzo-ferro-fini-giunta-regionale.jpg\",\"keywords\":[\"Belluno\"],\"articleSection\":[\"Cronaca\\\/Politica\",\"Prima Pagina\"],\"inLanguage\":\"fr-FR\"},{\"@type\":\"WebPage\",\"@id\":\"https:\\\/\\\/www.bellunopress.it\\\/2009\\\/09\\\/16\\\/immigrazione-corsi-per-la-diffusione-della-lingua-italiana\\\/\",\"url\":\"https:\\\/\\\/www.bellunopress.it\\\/2009\\\/09\\\/16\\\/immigrazione-corsi-per-la-diffusione-della-lingua-italiana\\\/\",\"name\":\"Immigrazione: corsi per la diffusione della lingua italiana - Bellunopress - Dolomiti\",\"isPartOf\":{\"@id\":\"https:\\\/\\\/www.bellunopress.it\\\/#website\"},\"primaryImageOfPage\":{\"@id\":\"https:\\\/\\\/www.bellunopress.it\\\/2009\\\/09\\\/16\\\/immigrazione-corsi-per-la-diffusione-della-lingua-italiana\\\/#primaryimage\"},\"image\":{\"@id\":\"https:\\\/\\\/www.bellunopress.it\\\/2009\\\/09\\\/16\\\/immigrazione-corsi-per-la-diffusione-della-lingua-italiana\\\/#primaryimage\"},\"thumbnailUrl\":\"http:\\\/\\\/www.bellunopress.it\\\/wp-content\\\/uploads\\\/2009\\\/08\\\/palazzo-ferro-fini-giunta-regionale.jpg\",\"datePublished\":\"2009-09-16T11:51:44+00:00\",\"breadcrumb\":{\"@id\":\"https:\\\/\\\/www.bellunopress.it\\\/2009\\\/09\\\/16\\\/immigrazione-corsi-per-la-diffusione-della-lingua-italiana\\\/#breadcrumb\"},\"inLanguage\":\"fr-FR\",\"potentialAction\":[{\"@type\":\"ReadAction\",\"target\":[\"https:\\\/\\\/www.bellunopress.it\\\/2009\\\/09\\\/16\\\/immigrazione-corsi-per-la-diffusione-della-lingua-italiana\\\/\"]}]},{\"@type\":\"ImageObject\",\"inLanguage\":\"fr-FR\",\"@id\":\"https:\\\/\\\/www.bellunopress.it\\\/2009\\\/09\\\/16\\\/immigrazione-corsi-per-la-diffusione-della-lingua-italiana\\\/#primaryimage\",\"url\":\"http:\\\/\\\/www.bellunopress.it\\\/wp-content\\\/uploads\\\/2009\\\/08\\\/palazzo-ferro-fini-giunta-regionale.jpg\",\"contentUrl\":\"http:\\\/\\\/www.bellunopress.it\\\/wp-content\\\/uploads\\\/2009\\\/08\\\/palazzo-ferro-fini-giunta-regionale.jpg\"},{\"@type\":\"BreadcrumbList\",\"@id\":\"https:\\\/\\\/www.bellunopress.it\\\/2009\\\/09\\\/16\\\/immigrazione-corsi-per-la-diffusione-della-lingua-italiana\\\/#breadcrumb\",\"itemListElement\":[{\"@type\":\"ListItem\",\"position\":1,\"name\":\"Home\",\"item\":\"https:\\\/\\\/www.bellunopress.it\\\/\"},{\"@type\":\"ListItem\",\"position\":2,\"name\":\"Immigrazione: corsi per la diffusione della lingua italiana\"}]},{\"@type\":\"WebSite\",\"@id\":\"https:\\\/\\\/www.bellunopress.it\\\/#website\",\"url\":\"https:\\\/\\\/www.bellunopress.it\\\/\",\"name\":\"Bellunopress - Dolomiti\",\"description\":\"e-mail: redazione@bellunopress.it\",\"publisher\":{\"@id\":\"https:\\\/\\\/www.bellunopress.it\\\/#organization\"},\"potentialAction\":[{\"@type\":\"SearchAction\",\"target\":{\"@type\":\"EntryPoint\",\"urlTemplate\":\"https:\\\/\\\/www.bellunopress.it\\\/?s={search_term_string}\"},\"query-input\":{\"@type\":\"PropertyValueSpecification\",\"valueRequired\":true,\"valueName\":\"search_term_string\"}}],\"inLanguage\":\"fr-FR\"},{\"@type\":\"Organization\",\"@id\":\"https:\\\/\\\/www.bellunopress.it\\\/#organization\",\"name\":\"Bellunopress\",\"url\":\"https:\\\/\\\/www.bellunopress.it\\\/\",\"logo\":{\"@type\":\"ImageObject\",\"inLanguage\":\"fr-FR\",\"@id\":\"https:\\\/\\\/www.bellunopress.it\\\/#\\\/schema\\\/logo\\\/image\\\/\",\"url\":\"https:\\\/\\\/www.bellunopress.it\\\/wp-content\\\/uploads\\\/2011\\\/05\\\/cropped-logo-bellunopress-.jpg\",\"contentUrl\":\"https:\\\/\\\/www.bellunopress.it\\\/wp-content\\\/uploads\\\/2011\\\/05\\\/cropped-logo-bellunopress-.jpg\",\"width\":512,\"height\":512,\"caption\":\"Bellunopress\"},\"image\":{\"@id\":\"https:\\\/\\\/www.bellunopress.it\\\/#\\\/schema\\\/logo\\\/image\\\/\"},\"sameAs\":[\"https:\\\/\\\/www.facebook.com\\\/profile.php?id=100008943462799\",\"https:\\\/\\\/x.com\\\/bellunopress\",\"https:\\\/\\\/www.linkedin.com\\\/hp\\\/?dnr=JBzUWaJfMUw8vbXJJ2tVW5-I3jZKvC4wsoxE&amp;amp;amp;amp;amp;amp;trk=nav_responsive_tab_home\",\"https:\\\/\\\/www.youtube.com\\\/channel\\\/UCxL0wu1uN0_3_7hGG0306cw\"]},{\"@type\":\"Person\",\"@id\":\"https:\\\/\\\/www.bellunopress.it\\\/#\\\/schema\\\/person\\\/79bb06722b37ece1c03d3e94beb30d73\",\"name\":\"redazione\",\"image\":{\"@type\":\"ImageObject\",\"inLanguage\":\"fr-FR\",\"@id\":\"https:\\\/\\\/secure.gravatar.com\\\/avatar\\\/37d968a2e67a6fd04c169c4bdef102d0bc5d31b2546345219e348575eb80e9a0?s=96&d=mm&r=g\",\"url\":\"https:\\\/\\\/secure.gravatar.com\\\/avatar\\\/37d968a2e67a6fd04c169c4bdef102d0bc5d31b2546345219e348575eb80e9a0?s=96&d=mm&r=g\",\"contentUrl\":\"https:\\\/\\\/secure.gravatar.com\\\/avatar\\\/37d968a2e67a6fd04c169c4bdef102d0bc5d31b2546345219e348575eb80e9a0?s=96&d=mm&r=g\",\"caption\":\"redazione\"},\"sameAs\":[\"http:\\\/\\\/www.bellunopress.it\",\"https:\\\/\\\/x.com\\\/bellunopress\"],\"url\":\"https:\\\/\\\/www.bellunopress.it\\\/fr\\\/author\\\/redazione\\\/\"}]}<\/script>\n<!-- \/ Yoast SEO plugin. -->","yoast_head_json":{"title":"Immigrazione: corsi per la diffusione della lingua italiana - Bellunopress - Dolomiti","robots":{"index":"index","follow":"follow","max-snippet":"max-snippet:-1","max-image-preview":"max-image-preview:large","max-video-preview":"max-video-preview:-1"},"canonical":"https:\/\/www.bellunopress.it\/fr\/2009\/09\/16\/immigrazione-corsi-per-la-diffusione-della-lingua-italiana\/","og_locale":"fr_FR","og_type":"article","og_title":"Immigrazione: corsi per la diffusione della lingua italiana - Bellunopress - Dolomiti","og_description":"Anche per quest\u2019anno la Regione su proposta dell\u2019assessore ai flussi migratori Oscar De Bona ha disposto di affidare, tramite convenzione, all\u2019Ufficio Scolastico Regionale del Ministero dell\u2019Istruzione l\u2019attuazione di interventi destinati alla diffusione della conoscenza della lingua italiana tra gli stranieri extracomunitari regolarmente presenti nel Veneto. \u201cLa formazione di base \u2013 sottolinea l\u2019assessore De Bona \u2013 [&hellip;]","og_url":"https:\/\/www.bellunopress.it\/fr\/2009\/09\/16\/immigrazione-corsi-per-la-diffusione-della-lingua-italiana\/","og_site_name":"Bellunopress - Dolomiti","article_publisher":"https:\/\/www.facebook.com\/profile.php?id=100008943462799","article_published_time":"2009-09-16T11:51:44+00:00","og_image":[{"url":"http:\/\/www.bellunopress.it\/wp-content\/uploads\/2009\/08\/palazzo-ferro-fini-giunta-regionale.jpg","type":"","width":"","height":""}],"author":"redazione","twitter_card":"summary_large_image","twitter_creator":"@bellunopress","twitter_site":"@bellunopress","twitter_misc":{"\u00c9crit par":"redazione","Dur\u00e9e de lecture estim\u00e9e":"1 minute"},"schema":{"@context":"https:\/\/schema.org","@graph":[{"@type":"Article","@id":"https:\/\/www.bellunopress.it\/2009\/09\/16\/immigrazione-corsi-per-la-diffusione-della-lingua-italiana\/#article","isPartOf":{"@id":"https:\/\/www.bellunopress.it\/2009\/09\/16\/immigrazione-corsi-per-la-diffusione-della-lingua-italiana\/"},"author":{"name":"redazione","@id":"https:\/\/www.bellunopress.it\/#\/schema\/person\/79bb06722b37ece1c03d3e94beb30d73"},"headline":"Immigrazione: corsi per la diffusione della lingua italiana","datePublished":"2009-09-16T11:51:44+00:00","mainEntityOfPage":{"@id":"https:\/\/www.bellunopress.it\/2009\/09\/16\/immigrazione-corsi-per-la-diffusione-della-lingua-italiana\/"},"wordCount":271,"publisher":{"@id":"https:\/\/www.bellunopress.it\/#organization"},"image":{"@id":"https:\/\/www.bellunopress.it\/2009\/09\/16\/immigrazione-corsi-per-la-diffusione-della-lingua-italiana\/#primaryimage"},"thumbnailUrl":"http:\/\/www.bellunopress.it\/wp-content\/uploads\/2009\/08\/palazzo-ferro-fini-giunta-regionale.jpg","keywords":["Belluno"],"articleSection":["Cronaca\/Politica","Prima Pagina"],"inLanguage":"fr-FR"},{"@type":"WebPage","@id":"https:\/\/www.bellunopress.it\/2009\/09\/16\/immigrazione-corsi-per-la-diffusione-della-lingua-italiana\/","url":"https:\/\/www.bellunopress.it\/2009\/09\/16\/immigrazione-corsi-per-la-diffusione-della-lingua-italiana\/","name":"Immigrazione: corsi per la diffusione della lingua italiana - Bellunopress - Dolomiti","isPartOf":{"@id":"https:\/\/www.bellunopress.it\/#website"},"primaryImageOfPage":{"@id":"https:\/\/www.bellunopress.it\/2009\/09\/16\/immigrazione-corsi-per-la-diffusione-della-lingua-italiana\/#primaryimage"},"image":{"@id":"https:\/\/www.bellunopress.it\/2009\/09\/16\/immigrazione-corsi-per-la-diffusione-della-lingua-italiana\/#primaryimage"},"thumbnailUrl":"http:\/\/www.bellunopress.it\/wp-content\/uploads\/2009\/08\/palazzo-ferro-fini-giunta-regionale.jpg","datePublished":"2009-09-16T11:51:44+00:00","breadcrumb":{"@id":"https:\/\/www.bellunopress.it\/2009\/09\/16\/immigrazione-corsi-per-la-diffusione-della-lingua-italiana\/#breadcrumb"},"inLanguage":"fr-FR","potentialAction":[{"@type":"ReadAction","target":["https:\/\/www.bellunopress.it\/2009\/09\/16\/immigrazione-corsi-per-la-diffusione-della-lingua-italiana\/"]}]},{"@type":"ImageObject","inLanguage":"fr-FR","@id":"https:\/\/www.bellunopress.it\/2009\/09\/16\/immigrazione-corsi-per-la-diffusione-della-lingua-italiana\/#primaryimage","url":"http:\/\/www.bellunopress.it\/wp-content\/uploads\/2009\/08\/palazzo-ferro-fini-giunta-regionale.jpg","contentUrl":"http:\/\/www.bellunopress.it\/wp-content\/uploads\/2009\/08\/palazzo-ferro-fini-giunta-regionale.jpg"},{"@type":"BreadcrumbList","@id":"https:\/\/www.bellunopress.it\/2009\/09\/16\/immigrazione-corsi-per-la-diffusione-della-lingua-italiana\/#breadcrumb","itemListElement":[{"@type":"ListItem","position":1,"name":"Home","item":"https:\/\/www.bellunopress.it\/"},{"@type":"ListItem","position":2,"name":"Immigrazione: corsi per la diffusione della lingua italiana"}]},{"@type":"WebSite","@id":"https:\/\/www.bellunopress.it\/#website","url":"https:\/\/www.bellunopress.it\/","name":"Bellunopress - Dolomiti","description":"e-mail: redazione@bellunopress.it","publisher":{"@id":"https:\/\/www.bellunopress.it\/#organization"},"potentialAction":[{"@type":"SearchAction","target":{"@type":"EntryPoint","urlTemplate":"https:\/\/www.bellunopress.it\/?s={search_term_string}"},"query-input":{"@type":"PropertyValueSpecification","valueRequired":true,"valueName":"search_term_string"}}],"inLanguage":"fr-FR"},{"@type":"Organization","@id":"https:\/\/www.bellunopress.it\/#organization","name":"Bellunopress","url":"https:\/\/www.bellunopress.it\/","logo":{"@type":"ImageObject","inLanguage":"fr-FR","@id":"https:\/\/www.bellunopress.it\/#\/schema\/logo\/image\/","url":"https:\/\/www.bellunopress.it\/wp-content\/uploads\/2011\/05\/cropped-logo-bellunopress-.jpg","contentUrl":"https:\/\/www.bellunopress.it\/wp-content\/uploads\/2011\/05\/cropped-logo-bellunopress-.jpg","width":512,"height":512,"caption":"Bellunopress"},"image":{"@id":"https:\/\/www.bellunopress.it\/#\/schema\/logo\/image\/"},"sameAs":["https:\/\/www.facebook.com\/profile.php?id=100008943462799","https:\/\/x.com\/bellunopress","https:\/\/www.linkedin.com\/hp\/?dnr=JBzUWaJfMUw8vbXJJ2tVW5-I3jZKvC4wsoxE&amp;amp;amp;amp;amp;amp;trk=nav_responsive_tab_home","https:\/\/www.youtube.com\/channel\/UCxL0wu1uN0_3_7hGG0306cw"]},{"@type":"Person","@id":"https:\/\/www.bellunopress.it\/#\/schema\/person\/79bb06722b37ece1c03d3e94beb30d73","name":"r\u00e9daction","image":{"@type":"ImageObject","inLanguage":"fr-FR","@id":"https:\/\/secure.gravatar.com\/avatar\/37d968a2e67a6fd04c169c4bdef102d0bc5d31b2546345219e348575eb80e9a0?s=96&d=mm&r=g","url":"https:\/\/secure.gravatar.com\/avatar\/37d968a2e67a6fd04c169c4bdef102d0bc5d31b2546345219e348575eb80e9a0?s=96&d=mm&r=g","contentUrl":"https:\/\/secure.gravatar.com\/avatar\/37d968a2e67a6fd04c169c4bdef102d0bc5d31b2546345219e348575eb80e9a0?s=96&d=mm&r=g","caption":"redazione"},"sameAs":["http:\/\/www.bellunopress.it","https:\/\/x.com\/bellunopress"],"url":"https:\/\/www.bellunopress.it\/fr\/author\/redazione\/"}]}},"_links":{"self":[{"href":"https:\/\/www.bellunopress.it\/fr\/wp-json\/wp\/v2\/posts\/8123","targetHints":{"allow":["GET"]}}],"collection":[{"href":"https:\/\/www.bellunopress.it\/fr\/wp-json\/wp\/v2\/posts"}],"about":[{"href":"https:\/\/www.bellunopress.it\/fr\/wp-json\/wp\/v2\/types\/post"}],"author":[{"embeddable":true,"href":"https:\/\/www.bellunopress.it\/fr\/wp-json\/wp\/v2\/users\/2"}],"replies":[{"embeddable":true,"href":"https:\/\/www.bellunopress.it\/fr\/wp-json\/wp\/v2\/comments?post=8123"}],"version-history":[{"count":1,"href":"https:\/\/www.bellunopress.it\/fr\/wp-json\/wp\/v2\/posts\/8123\/revisions"}],"predecessor-version":[{"id":8124,"href":"https:\/\/www.bellunopress.it\/fr\/wp-json\/wp\/v2\/posts\/8123\/revisions\/8124"}],"wp:attachment":[{"href":"https:\/\/www.bellunopress.it\/fr\/wp-json\/wp\/v2\/media?parent=8123"}],"wp:term":[{"taxonomy":"category","embeddable":true,"href":"https:\/\/www.bellunopress.it\/fr\/wp-json\/wp\/v2\/categories?post=8123"},{"taxonomy":"post_tag","embeddable":true,"href":"https:\/\/www.bellunopress.it\/fr\/wp-json\/wp\/v2\/tags?post=8123"}],"curies":[{"name":"wp","href":"https:\/\/api.w.org\/{rel}","templated":true}]}}