{"id":8121,"date":"2009-09-16T09:03:22","date_gmt":"2009-09-16T08:03:22","guid":{"rendered":"http:\/\/www.bellunopress.it\/?p=8121"},"modified":"2009-09-16T09:03:22","modified_gmt":"2009-09-16T08:03:22","slug":"informagiovani-i-concorsi-pubblici-e-mobilita-nella-pubblica-amministrazione","status":"publish","type":"post","link":"https:\/\/www.bellunopress.it\/fr\/2009\/09\/16\/informagiovani-i-concorsi-pubblici-e-mobilita-nella-pubblica-amministrazione\/","title":{"rendered":"Informagiovani: i concorsi pubblici e mobilit\u00e0 nella pubblica amministrazione"},"content":{"rendered":"<p>In collaborazione con Informagiovani del Comune di Belluno (Tel. +39 0437913255 &#8211; Fax. +39 0437913284), pubblichiamo le varie opportunit\u00e0 di lavoro a tempo determinato e indeterminato di questa settimana in provincia. Si segnala, in particolare, l&#8217;area sanitaria, la mobilit\u00e0 tra enti pubblici e la proroga al 28.09.2009 del bando di concorso nazionale all&#8217;Enac che avevano scadenza il 10 settembre. La Ulss di Feltre ha emesso un avviso pubblico per l&#8217;assegnazione di una borsa di studio a favore di un laureato per lo svolgimento di compiti inerenti l&#8217;attuazione del progetto &#8220;Politiche giovanili in territori montani&#8221;.<br \/>\nI requisiti per accedere a questo bando sono:<br \/>\n&#8211; et\u00e0 non superiore ad anni 40;<br \/>\n&#8211; possesso di almeno uno dei seguenti titoli di studio:<br \/>\nlaurea di 1\u00b0 livello (laurea triennale) in relazioni pubbliche e pubblicit\u00e0 appartenente alla classe L20 \u201clauree in scienze della comunicazione\u201d (classe 14 EX DM509\/1999);<br \/>\nlaurea di 1\u00b0 livello (laurea triennale) in economia aziendale indirizzo aziende no profit appartenente alla classe L18 \u201clauree in scienze dell\u2019economia e della gestione aziendale\u201d;<br \/>\nlaurea specialistica in scienze sociali applicate appartenente alla classe 89\/S \u201claurea in sociologia\u201d.<br \/>\n&#8211; documentata esperienza operativa maturata in ambito oggetto del bando.<\/p>\n<p>^^^^^^^^^^^^^^^^^^^^^^^^^^^^^<\/p>\n<p>CONCORSI IN PROVINCIA DI BELLUNO<\/p>\n<p>COMUNE DI ARSIE&#8217;<br \/>\nAvviso di selezione pubblica per incarico di Istruttore direttivo tecnico \u2013 cat. D1 \u2013 area tecnica &#8211; ai sensi dell\u2019art.110, comma i, del decreto legislativo 18 agosto 2000, n.267 e s.m.i., mediante la costituzione di un rapporto di lavoro di diritto pubblico a tempo determinato.<br \/>\nRequisiti specifici:<br \/>\nLaurea specialistica nelle classi di seguito riportate o corrispondente Diploma di laurea rilasciato in base al precedente ordinamento didattico:<br \/>\na) Laurea specialistica nelle classi di seguito riportate o corrispondente Diploma di laurea rilasciato in base al precedente ordinamento didattico:<br \/>\n&#8211; 4\/S Classe delle Lauree specialistiche in Architettura ed ingegneria edile;<br \/>\n&#8211; 28\/S Classe delle Lauree specialistiche in Ingegneria civile;<br \/>\n&#8211; 54\/S Classe delle Lauree specialistiche in Pianificazione territoriale urbanistica e ambientale;<br \/>\noppure:<br \/>\nb) Laurea (Laurea triennale) nelle classi di seguito riportate.<br \/>\n&#8211; 4 Classe delle Lauree in Scienze dell&#8217;architettura e dell&#8217;ingegneria edile;<br \/>\n&#8211; 7 Classe delle Lauree in Urbanistica e Scienze della pianificazione territoriale e ambientale;<br \/>\n&#8211; 8 Classe delle Lauree in Ingegneria Civile ed Ambientale;<br \/>\nScadenza: entro il 19 settembre 2009.<br \/>\nCOMUNE DI CORTINA<br \/>\nAvviso di selezione pubblica per esami per la formazione di una graduatoria per assunzione a tempo indeterminato o determinato e a orario pieno e\/o part time di \u201cCollaboratore professionale\u201d \u2013 Cat. B3 \u2013 posizione economica B3. Area tecnica.<br \/>\nRequisiti specifici:<br \/>\nLicenza scuola dell\u2019obbligo,<br \/>\npatente di guida di categoria C;<br \/>\nScadenza: entro il 30 settembre 2009<\/p>\n<p>COMUNE DI FONZASO<br \/>\nAvviso per il conferimento di un posto a tempo determinato di istruttore direttivo tecnico cat. d1 \u2013 area tecnica mediante la costituzione di un rapporto di lavoro a tempo pieno (36 ore settimanali) e determinato fino al 31.12.2011, con periodo di prova di mesi sei.<br \/>\nRequisiti specifici:<br \/>\nil possesso del diploma di laurea in ingegneria civile, in ingegneria edile, in architettura, in pianificazione del territorio (laurea specialistica prevista dal nuovo ordinamento o laurea prevista dal vecchio ordinamento equiparabile alla classe 28\/S &#8211; 4\/S \u2013 54\/S &#8211; non sono ammessi titoli equipollenti &#8211; ed il possesso di una esperienza di servizio di almeno due anni nella Pubblica Amministrazione, Enti di diritto Pubblico, Aziende pubbliche e private, in posizione di lavoro corrispondente, per contenuto, alle funzioni della qualifica funzionale del posto da ricoprire;<br \/>\nil curriculum professionale dal quale si evinca di aver acquisito una elevata esperienza nel settore tecnico comunale<br \/>\nScadenza: entro il 19 settembre 2009<\/p>\n<p>CENTRO REGIONALE DI STUDIO E FORMAZIONE PER LA PREVISIONE E LA PREVENZIONE IN MATERIA DI PROTEZIONE CIVILE &#8211; LONGARONE &#8211;<br \/>\nAvviso di ricerca di personale presso la sede di lavoro operativa del centro attualmente in Mestre (VE) e\/o nel comune di Mogliano Veneto (TV), a tempo pieno, le seguenti funzioni:<br \/>\n&#8211; operatore informatico per la gestione del CED e dei terminali operativi;<br \/>\n&#8211; monitoraggio e supervisione informatica ai progetti realizzati dal Centro.<br \/>\nRequisiti:<br \/>\nDiploma laurea tecnica con specializzazione informatica.<br \/>\nEsperienza professionale di almeno 10 mesi nella gestione di attivit\u00e0 di tipologia analoga a quelle che costituiscono l\u2019oggetto della prestazione.<br \/>\nConoscenza dei sistemi operativi Microsoft e Linux; database open source.<br \/>\nRequisiti ai fini della valutazione:<br \/>\nConoscenze ed esperienza professionale nelle seguenti attivit\u00e0:<br \/>\nEsperienza di programmazione sistemi operativi Microsoft e Linux; database open source;<br \/>\nEsperienza nella gestione delle reti e nella manutenzione\/gestione dell\u2019hardware di rete;<br \/>\nPossesso della patente Europea ECDL<br \/>\nScadenza: entro e non oltre il 15 settembre 2009.<br \/>\nAREA SANITARIA<\/p>\n<p>ULSS N. 1 &#8211;\u00a0 BELLUNO<br \/>\nConcorso pubblico, per titoli ed esami, per la copertura di n. 1 posto di collaboratore professionale sanitario (fisioterapista)<br \/>\nRequisiti specifici:<br \/>\nlaurea in fisioterapia (classe SNT\/2 \u2013 Classe delle lauree in professioni sanitarie della riabilitazione) o diploma universitario di fisioterapista ovvero titoli equipollenti ai sensi del D.M. 27 luglio 2000.<br \/>\nScadenza: entro le ore 12.00 del 28 settembre 2009.<\/p>\n<p>ULSS N. 1 &#8211;\u00a0 BELLUNO<br \/>\nAvviso pubblico, per titoli e prova teorico\/pratica, per l\u2019assunzione a tempo determinato di:<br \/>\n\u00a0n. 2 operatori tecnici specializzati autisti di ambulanza e\/o altri automezzi\u00a0\u00a0\u00a0\u00a0\u00a0\u00a0\u00a0\u00a0\u00a0\u00a0\u00a0\u00a0\u00a0\u00a0\u00a0\u00a0\u00a0\u00a0\u00a0\u00a0\u00a0\u00a0\u00a0\u00a0\u00a0\u00a0\u00a0\u00a0\u00a0\u00a0\u00a0\u00a0\u00a0\u00a0\u00a0\u00a0\u00a0 (Categoria B \u2013 Livello super)<br \/>\nRequisiti specifici:<br \/>\na) Assolvimento dell\u2019obbligo scolastico o diploma di istruzione secondaria di 1\u00b0 grado;<br \/>\nb) patente di guida tipo \u201cD\u201d;<br \/>\nc) cinque anni di esperienza professionale con mansioni esclusive di autista \u2013 addetto alla guida di<br \/>\n\u00a0automezzi, maturata presso pubbliche amministrazioni o imprese private.<br \/>\nScadenza: entro le ore 12 del 26 settembre 2009<br \/>\nULSS N. 1 &#8211;\u00a0 BELLUNO<br \/>\nAvviso pubblico per titoli e prova teorico-pratica, per l&#8217;assunzione, a tempo determinato, di:<br \/>\n\u00a0operatori socio-sanitari per le strutture socio-sanitarie site nell\u2019agordino<br \/>\nRequisiti specifici:<br \/>\na) assolvimento dell\u2019obbligo scolastico o diploma di istruzione secondaria di 1\u00b0 grado;<br \/>\nb) possesso dell\u2019attestato di qualifica di operatore socio-sanitario di cui all\u2019accordo Conferenza Stato-<br \/>\n\u00a0Regioni del 22.2.2001, recepito dalla Regione Veneto con L.R. n. 20\/2001, o di titolo equipollente.<br \/>\nScadenza:\u00a0 entro le ore 12 del 1^ ottobre 2009<br \/>\nPROCEDURA DI MOBILITA&#8217; NELLE PUBBLICHE AMMINISTRAZIONI<\/p>\n<p>COMUNE DI PEDAVENA<br \/>\nAvviso di mobilit\u00e0 esterna per la copertura di n. 1 posto, cat. C, da assegnare nell&#8217;area tecnica con decorrenza dal 01\/01\/2010:<br \/>\nRequisiti:<br \/>\ndipendenti a tempo pieno ed indeterminato presso le Amministrazioni Pubbliche con inquadramento nella categoria o profilo professionale pari o corrispondenti (o equivalenti) a quello del posto da ricoprire.<br \/>\ndiploma di geometra o perito edile<br \/>\nScadenza: 30 settembre 2009<br \/>\nCOMUNE DI CORTINA D&#8217;AMPEZZO<br \/>\nAvviso di mobilita\u2019 esterna per la copertura di un posto di 1 Collaboratore professionale \u2013 Cat. B3 a tempo pieno e indeterminato.<br \/>\nRequisiti specifici:<br \/>\nInquadramento, alla data di scadenza del presente avviso, nel medesimo profilo professionale del posto da ricoprire;<br \/>\nPossesso patente di guida cat. C;<br \/>\nEsperienza specifica quale conduttore di macchine operatrici complesse o mansioni simili;<br \/>\nAssenza di sanzioni disciplinari nei tre anni precedenti la scadenza del presente avviso e di procedimenti disciplinari in corso;<br \/>\nAssenso al trasferimento da parte dell\u2019Amministrazione di appartenenza.<br \/>\nScadenza: 26 settembre 2009<\/p>\n<p>\u00a0<\/p>\n<p>\u00a0<\/p>\n<p>CONCORSI NAZIONALI<\/p>\n<p>ENAC \u2013 ENTE NAZIONALE PER L&#8217;AVIAZIONE CIVILE<br \/>\nConcorso pubblico, per esami, a n. 8 posti di collaboratore amministrativo \u2013categoria B, posizione economica B1\u2013 da assumere con contratto di lavoro a tempo indeterminato presso l\u2019Ente Nazionale per l\u2019Aviazione Civile.<br \/>\nRequisiti specifici:<br \/>\ndiploma di istruzione secondaria di secondo grado conseguito al termine di un corso di studi di durata quinquennale, successivo alla scuola dell&#8217;obbligo, con punteggio finale non inferiore a 50\/60 &#8211; 83\/100 o equivalente.<br \/>\nScadenza. Prorogata al 28 settembre 2009<br \/>\nENAC \u2013 ENTE NAZIONALE PER L&#8217;AVIAZIONE CIVILE<br \/>\nConcorso pubblico, per esami, per il reclutamento di un contingente di personale a tempo indeterminato con laurea in economia, fissato nel numero di 8 unit\u00e0, da inquadrare, in prova, nel profilo professionale di funzionario amministrativo &#8211; categoria C -posizione economica C1\u2013 del CCNL del personale non dirigente dell\u2019Ente Nazionale per l&#8217;Aviazione Civile.<br \/>\nRequisiti specifici:<br \/>\ndiploma di laurea quadriennale in economia e commercio (v.o.) o diploma di laurea equipollente (v.o.), o laurea specialistica (LS) appartenente alle classi delle lauree specialistiche in finanza (19\/S), in scienze dell\u2019economia (64\/S) o in scienze economico-aziendali (84\/S) di cui al sistema di classificazione del DM 28 novembre 2000.<br \/>\nScadenza: prorogato al 28 settembre 2009<\/p>","protected":false},"excerpt":{"rendered":"<p>In collaborazione con Informagiovani del Comune di Belluno (Tel. +39 0437913255 &#8211; Fax. +39 0437913284), pubblichiamo le varie opportunit\u00e0 di lavoro a tempo determinato e indeterminato di questa settimana in provincia. Si segnala, in particolare, l&#8217;area sanitaria, la mobilit\u00e0 tra enti pubblici e la proroga al 28.09.2009 del bando di concorso nazionale all&#8217;Enac che avevano [&hellip;]<\/p>\n","protected":false},"author":2,"featured_media":0,"comment_status":"closed","ping_status":"open","sticky":false,"template":"","format":"standard","meta":{"footnotes":""},"categories":[36,26],"tags":[139,302],"class_list":["post-8121","post","type-post","status-publish","format-standard","category-lavoro-economia","category-prima-pagina","tag-belluno","tag-feltre"],"yoast_head":"<!-- This site is optimized with the Yoast SEO plugin v28.4 - https:\/\/yoast.com\/product\/yoast-seo-wordpress\/ -->\n<title>Informagiovani: i concorsi pubblici e mobilit\u00e0 nella pubblica amministrazione  - Bellunopress - Dolomiti<\/title>\n<meta name=\"robots\" content=\"index, follow, max-snippet:-1, max-image-preview:large, max-video-preview:-1\" \/>\n<link rel=\"canonical\" href=\"https:\/\/www.bellunopress.it\/fr\/2009\/09\/16\/informagiovani-i-concorsi-pubblici-e-mobilita-nella-pubblica-amministrazione\/\" \/>\n<meta property=\"og:locale\" content=\"fr_FR\" \/>\n<meta property=\"og:type\" content=\"article\" \/>\n<meta property=\"og:title\" content=\"Informagiovani: i concorsi pubblici e mobilit\u00e0 nella pubblica amministrazione  - Bellunopress - Dolomiti\" \/>\n<meta property=\"og:description\" content=\"In collaborazione con Informagiovani del Comune di Belluno (Tel. +39 0437913255 &#8211; Fax. +39 0437913284), pubblichiamo le varie opportunit\u00e0 di lavoro a tempo determinato e indeterminato di questa settimana in provincia. Si segnala, in particolare, l&#8217;area sanitaria, la mobilit\u00e0 tra enti pubblici e la proroga al 28.09.2009 del bando di concorso nazionale all&#8217;Enac che avevano [&hellip;]\" \/>\n<meta property=\"og:url\" content=\"https:\/\/www.bellunopress.it\/fr\/2009\/09\/16\/informagiovani-i-concorsi-pubblici-e-mobilita-nella-pubblica-amministrazione\/\" \/>\n<meta property=\"og:site_name\" content=\"Bellunopress - Dolomiti\" \/>\n<meta property=\"article:publisher\" content=\"https:\/\/www.facebook.com\/profile.php?id=100008943462799\" \/>\n<meta property=\"article:published_time\" content=\"2009-09-16T08:03:22+00:00\" \/>\n<meta property=\"og:image\" content=\"http:\/\/www.bellunopress.it\/wp-content\/uploads\/2012\/07\/logo-bellunopress-250x250-2012.jpg\" \/>\n<meta name=\"author\" content=\"redazione\" \/>\n<meta name=\"twitter:card\" content=\"summary_large_image\" \/>\n<meta name=\"twitter:creator\" content=\"@bellunopress\" \/>\n<meta name=\"twitter:site\" content=\"@bellunopress\" \/>\n<meta name=\"twitter:label1\" content=\"\u00c9crit par\" \/>\n\t<meta name=\"twitter:data1\" content=\"redazione\" \/>\n\t<meta name=\"twitter:label2\" content=\"Dur\u00e9e de lecture estim\u00e9e\" \/>\n\t<meta name=\"twitter:data2\" content=\"6 minutes\" \/>\n<script type=\"application\/ld+json\" class=\"yoast-schema-graph\">{\"@context\":\"https:\\\/\\\/schema.org\",\"@graph\":[{\"@type\":\"Article\",\"@id\":\"https:\\\/\\\/www.bellunopress.it\\\/2009\\\/09\\\/16\\\/informagiovani-i-concorsi-pubblici-e-mobilita-nella-pubblica-amministrazione\\\/#article\",\"isPartOf\":{\"@id\":\"https:\\\/\\\/www.bellunopress.it\\\/2009\\\/09\\\/16\\\/informagiovani-i-concorsi-pubblici-e-mobilita-nella-pubblica-amministrazione\\\/\"},\"author\":{\"name\":\"redazione\",\"@id\":\"https:\\\/\\\/www.bellunopress.it\\\/#\\\/schema\\\/person\\\/79bb06722b37ece1c03d3e94beb30d73\"},\"headline\":\"Informagiovani: i concorsi pubblici e mobilit\u00e0 nella pubblica amministrazione\",\"datePublished\":\"2009-09-16T08:03:22+00:00\",\"mainEntityOfPage\":{\"@id\":\"https:\\\/\\\/www.bellunopress.it\\\/2009\\\/09\\\/16\\\/informagiovani-i-concorsi-pubblici-e-mobilita-nella-pubblica-amministrazione\\\/\"},\"wordCount\":1300,\"publisher\":{\"@id\":\"https:\\\/\\\/www.bellunopress.it\\\/#organization\"},\"keywords\":[\"Belluno\",\"Feltre\"],\"articleSection\":[\"Lavoro, Economia, Turismo\",\"Prima Pagina\"],\"inLanguage\":\"fr-FR\"},{\"@type\":\"WebPage\",\"@id\":\"https:\\\/\\\/www.bellunopress.it\\\/2009\\\/09\\\/16\\\/informagiovani-i-concorsi-pubblici-e-mobilita-nella-pubblica-amministrazione\\\/\",\"url\":\"https:\\\/\\\/www.bellunopress.it\\\/2009\\\/09\\\/16\\\/informagiovani-i-concorsi-pubblici-e-mobilita-nella-pubblica-amministrazione\\\/\",\"name\":\"Informagiovani: i concorsi pubblici e mobilit\u00e0 nella pubblica amministrazione - Bellunopress - Dolomiti\",\"isPartOf\":{\"@id\":\"https:\\\/\\\/www.bellunopress.it\\\/#website\"},\"datePublished\":\"2009-09-16T08:03:22+00:00\",\"breadcrumb\":{\"@id\":\"https:\\\/\\\/www.bellunopress.it\\\/2009\\\/09\\\/16\\\/informagiovani-i-concorsi-pubblici-e-mobilita-nella-pubblica-amministrazione\\\/#breadcrumb\"},\"inLanguage\":\"fr-FR\",\"potentialAction\":[{\"@type\":\"ReadAction\",\"target\":[\"https:\\\/\\\/www.bellunopress.it\\\/2009\\\/09\\\/16\\\/informagiovani-i-concorsi-pubblici-e-mobilita-nella-pubblica-amministrazione\\\/\"]}]},{\"@type\":\"BreadcrumbList\",\"@id\":\"https:\\\/\\\/www.bellunopress.it\\\/2009\\\/09\\\/16\\\/informagiovani-i-concorsi-pubblici-e-mobilita-nella-pubblica-amministrazione\\\/#breadcrumb\",\"itemListElement\":[{\"@type\":\"ListItem\",\"position\":1,\"name\":\"Home\",\"item\":\"https:\\\/\\\/www.bellunopress.it\\\/\"},{\"@type\":\"ListItem\",\"position\":2,\"name\":\"Informagiovani: i concorsi pubblici e mobilit\u00e0 nella pubblica amministrazione\"}]},{\"@type\":\"WebSite\",\"@id\":\"https:\\\/\\\/www.bellunopress.it\\\/#website\",\"url\":\"https:\\\/\\\/www.bellunopress.it\\\/\",\"name\":\"Bellunopress - Dolomiti\",\"description\":\"e-mail: redazione@bellunopress.it\",\"publisher\":{\"@id\":\"https:\\\/\\\/www.bellunopress.it\\\/#organization\"},\"potentialAction\":[{\"@type\":\"SearchAction\",\"target\":{\"@type\":\"EntryPoint\",\"urlTemplate\":\"https:\\\/\\\/www.bellunopress.it\\\/?s={search_term_string}\"},\"query-input\":{\"@type\":\"PropertyValueSpecification\",\"valueRequired\":true,\"valueName\":\"search_term_string\"}}],\"inLanguage\":\"fr-FR\"},{\"@type\":\"Organization\",\"@id\":\"https:\\\/\\\/www.bellunopress.it\\\/#organization\",\"name\":\"Bellunopress\",\"url\":\"https:\\\/\\\/www.bellunopress.it\\\/\",\"logo\":{\"@type\":\"ImageObject\",\"inLanguage\":\"fr-FR\",\"@id\":\"https:\\\/\\\/www.bellunopress.it\\\/#\\\/schema\\\/logo\\\/image\\\/\",\"url\":\"https:\\\/\\\/www.bellunopress.it\\\/wp-content\\\/uploads\\\/2011\\\/05\\\/cropped-logo-bellunopress-.jpg\",\"contentUrl\":\"https:\\\/\\\/www.bellunopress.it\\\/wp-content\\\/uploads\\\/2011\\\/05\\\/cropped-logo-bellunopress-.jpg\",\"width\":512,\"height\":512,\"caption\":\"Bellunopress\"},\"image\":{\"@id\":\"https:\\\/\\\/www.bellunopress.it\\\/#\\\/schema\\\/logo\\\/image\\\/\"},\"sameAs\":[\"https:\\\/\\\/www.facebook.com\\\/profile.php?id=100008943462799\",\"https:\\\/\\\/x.com\\\/bellunopress\",\"https:\\\/\\\/www.linkedin.com\\\/hp\\\/?dnr=JBzUWaJfMUw8vbXJJ2tVW5-I3jZKvC4wsoxE&amp;amp;amp;amp;amp;amp;trk=nav_responsive_tab_home\",\"https:\\\/\\\/www.youtube.com\\\/channel\\\/UCxL0wu1uN0_3_7hGG0306cw\"]},{\"@type\":\"Person\",\"@id\":\"https:\\\/\\\/www.bellunopress.it\\\/#\\\/schema\\\/person\\\/79bb06722b37ece1c03d3e94beb30d73\",\"name\":\"redazione\",\"image\":{\"@type\":\"ImageObject\",\"inLanguage\":\"fr-FR\",\"@id\":\"https:\\\/\\\/secure.gravatar.com\\\/avatar\\\/37d968a2e67a6fd04c169c4bdef102d0bc5d31b2546345219e348575eb80e9a0?s=96&d=mm&r=g\",\"url\":\"https:\\\/\\\/secure.gravatar.com\\\/avatar\\\/37d968a2e67a6fd04c169c4bdef102d0bc5d31b2546345219e348575eb80e9a0?s=96&d=mm&r=g\",\"contentUrl\":\"https:\\\/\\\/secure.gravatar.com\\\/avatar\\\/37d968a2e67a6fd04c169c4bdef102d0bc5d31b2546345219e348575eb80e9a0?s=96&d=mm&r=g\",\"caption\":\"redazione\"},\"sameAs\":[\"http:\\\/\\\/www.bellunopress.it\",\"https:\\\/\\\/x.com\\\/bellunopress\"],\"url\":\"https:\\\/\\\/www.bellunopress.it\\\/fr\\\/author\\\/redazione\\\/\"}]}<\/script>\n<!-- \/ Yoast SEO plugin. -->","yoast_head_json":{"title":"Informagiovani: i concorsi pubblici e mobilit\u00e0 nella pubblica amministrazione  - Bellunopress - Dolomiti","robots":{"index":"index","follow":"follow","max-snippet":"max-snippet:-1","max-image-preview":"max-image-preview:large","max-video-preview":"max-video-preview:-1"},"canonical":"https:\/\/www.bellunopress.it\/fr\/2009\/09\/16\/informagiovani-i-concorsi-pubblici-e-mobilita-nella-pubblica-amministrazione\/","og_locale":"fr_FR","og_type":"article","og_title":"Informagiovani: i concorsi pubblici e mobilit\u00e0 nella pubblica amministrazione  - Bellunopress - Dolomiti","og_description":"In collaborazione con Informagiovani del Comune di Belluno (Tel. +39 0437913255 &#8211; Fax. +39 0437913284), pubblichiamo le varie opportunit\u00e0 di lavoro a tempo determinato e indeterminato di questa settimana in provincia. Si segnala, in particolare, l&#8217;area sanitaria, la mobilit\u00e0 tra enti pubblici e la proroga al 28.09.2009 del bando di concorso nazionale all&#8217;Enac che avevano [&hellip;]","og_url":"https:\/\/www.bellunopress.it\/fr\/2009\/09\/16\/informagiovani-i-concorsi-pubblici-e-mobilita-nella-pubblica-amministrazione\/","og_site_name":"Bellunopress - Dolomiti","article_publisher":"https:\/\/www.facebook.com\/profile.php?id=100008943462799","article_published_time":"2009-09-16T08:03:22+00:00","og_image":[{"url":"http:\/\/www.bellunopress.it\/wp-content\/uploads\/2012\/07\/logo-bellunopress-250x250-2012.jpg","type":"","width":"","height":""}],"author":"redazione","twitter_card":"summary_large_image","twitter_creator":"@bellunopress","twitter_site":"@bellunopress","twitter_misc":{"\u00c9crit par":"redazione","Dur\u00e9e de lecture estim\u00e9e":"6 minutes"},"schema":{"@context":"https:\/\/schema.org","@graph":[{"@type":"Article","@id":"https:\/\/www.bellunopress.it\/2009\/09\/16\/informagiovani-i-concorsi-pubblici-e-mobilita-nella-pubblica-amministrazione\/#article","isPartOf":{"@id":"https:\/\/www.bellunopress.it\/2009\/09\/16\/informagiovani-i-concorsi-pubblici-e-mobilita-nella-pubblica-amministrazione\/"},"author":{"name":"redazione","@id":"https:\/\/www.bellunopress.it\/#\/schema\/person\/79bb06722b37ece1c03d3e94beb30d73"},"headline":"Informagiovani: i concorsi pubblici e mobilit\u00e0 nella pubblica amministrazione","datePublished":"2009-09-16T08:03:22+00:00","mainEntityOfPage":{"@id":"https:\/\/www.bellunopress.it\/2009\/09\/16\/informagiovani-i-concorsi-pubblici-e-mobilita-nella-pubblica-amministrazione\/"},"wordCount":1300,"publisher":{"@id":"https:\/\/www.bellunopress.it\/#organization"},"keywords":["Belluno","Feltre"],"articleSection":["Lavoro, Economia, Turismo","Prima Pagina"],"inLanguage":"fr-FR"},{"@type":"WebPage","@id":"https:\/\/www.bellunopress.it\/2009\/09\/16\/informagiovani-i-concorsi-pubblici-e-mobilita-nella-pubblica-amministrazione\/","url":"https:\/\/www.bellunopress.it\/2009\/09\/16\/informagiovani-i-concorsi-pubblici-e-mobilita-nella-pubblica-amministrazione\/","name":"Informagiovani: i concorsi pubblici e mobilit\u00e0 nella pubblica amministrazione - Bellunopress - Dolomiti","isPartOf":{"@id":"https:\/\/www.bellunopress.it\/#website"},"datePublished":"2009-09-16T08:03:22+00:00","breadcrumb":{"@id":"https:\/\/www.bellunopress.it\/2009\/09\/16\/informagiovani-i-concorsi-pubblici-e-mobilita-nella-pubblica-amministrazione\/#breadcrumb"},"inLanguage":"fr-FR","potentialAction":[{"@type":"ReadAction","target":["https:\/\/www.bellunopress.it\/2009\/09\/16\/informagiovani-i-concorsi-pubblici-e-mobilita-nella-pubblica-amministrazione\/"]}]},{"@type":"BreadcrumbList","@id":"https:\/\/www.bellunopress.it\/2009\/09\/16\/informagiovani-i-concorsi-pubblici-e-mobilita-nella-pubblica-amministrazione\/#breadcrumb","itemListElement":[{"@type":"ListItem","position":1,"name":"Home","item":"https:\/\/www.bellunopress.it\/"},{"@type":"ListItem","position":2,"name":"Informagiovani: i concorsi pubblici e mobilit\u00e0 nella pubblica amministrazione"}]},{"@type":"WebSite","@id":"https:\/\/www.bellunopress.it\/#website","url":"https:\/\/www.bellunopress.it\/","name":"Bellunopress - Dolomiti","description":"e-mail: redazione@bellunopress.it","publisher":{"@id":"https:\/\/www.bellunopress.it\/#organization"},"potentialAction":[{"@type":"SearchAction","target":{"@type":"EntryPoint","urlTemplate":"https:\/\/www.bellunopress.it\/?s={search_term_string}"},"query-input":{"@type":"PropertyValueSpecification","valueRequired":true,"valueName":"search_term_string"}}],"inLanguage":"fr-FR"},{"@type":"Organization","@id":"https:\/\/www.bellunopress.it\/#organization","name":"Bellunopress","url":"https:\/\/www.bellunopress.it\/","logo":{"@type":"ImageObject","inLanguage":"fr-FR","@id":"https:\/\/www.bellunopress.it\/#\/schema\/logo\/image\/","url":"https:\/\/www.bellunopress.it\/wp-content\/uploads\/2011\/05\/cropped-logo-bellunopress-.jpg","contentUrl":"https:\/\/www.bellunopress.it\/wp-content\/uploads\/2011\/05\/cropped-logo-bellunopress-.jpg","width":512,"height":512,"caption":"Bellunopress"},"image":{"@id":"https:\/\/www.bellunopress.it\/#\/schema\/logo\/image\/"},"sameAs":["https:\/\/www.facebook.com\/profile.php?id=100008943462799","https:\/\/x.com\/bellunopress","https:\/\/www.linkedin.com\/hp\/?dnr=JBzUWaJfMUw8vbXJJ2tVW5-I3jZKvC4wsoxE&amp;amp;amp;amp;amp;amp;trk=nav_responsive_tab_home","https:\/\/www.youtube.com\/channel\/UCxL0wu1uN0_3_7hGG0306cw"]},{"@type":"Person","@id":"https:\/\/www.bellunopress.it\/#\/schema\/person\/79bb06722b37ece1c03d3e94beb30d73","name":"r\u00e9daction","image":{"@type":"ImageObject","inLanguage":"fr-FR","@id":"https:\/\/secure.gravatar.com\/avatar\/37d968a2e67a6fd04c169c4bdef102d0bc5d31b2546345219e348575eb80e9a0?s=96&d=mm&r=g","url":"https:\/\/secure.gravatar.com\/avatar\/37d968a2e67a6fd04c169c4bdef102d0bc5d31b2546345219e348575eb80e9a0?s=96&d=mm&r=g","contentUrl":"https:\/\/secure.gravatar.com\/avatar\/37d968a2e67a6fd04c169c4bdef102d0bc5d31b2546345219e348575eb80e9a0?s=96&d=mm&r=g","caption":"redazione"},"sameAs":["http:\/\/www.bellunopress.it","https:\/\/x.com\/bellunopress"],"url":"https:\/\/www.bellunopress.it\/fr\/author\/redazione\/"}]}},"_links":{"self":[{"href":"https:\/\/www.bellunopress.it\/fr\/wp-json\/wp\/v2\/posts\/8121","targetHints":{"allow":["GET"]}}],"collection":[{"href":"https:\/\/www.bellunopress.it\/fr\/wp-json\/wp\/v2\/posts"}],"about":[{"href":"https:\/\/www.bellunopress.it\/fr\/wp-json\/wp\/v2\/types\/post"}],"author":[{"embeddable":true,"href":"https:\/\/www.bellunopress.it\/fr\/wp-json\/wp\/v2\/users\/2"}],"replies":[{"embeddable":true,"href":"https:\/\/www.bellunopress.it\/fr\/wp-json\/wp\/v2\/comments?post=8121"}],"version-history":[{"count":1,"href":"https:\/\/www.bellunopress.it\/fr\/wp-json\/wp\/v2\/posts\/8121\/revisions"}],"predecessor-version":[{"id":8122,"href":"https:\/\/www.bellunopress.it\/fr\/wp-json\/wp\/v2\/posts\/8121\/revisions\/8122"}],"wp:attachment":[{"href":"https:\/\/www.bellunopress.it\/fr\/wp-json\/wp\/v2\/media?parent=8121"}],"wp:term":[{"taxonomy":"category","embeddable":true,"href":"https:\/\/www.bellunopress.it\/fr\/wp-json\/wp\/v2\/categories?post=8121"},{"taxonomy":"post_tag","embeddable":true,"href":"https:\/\/www.bellunopress.it\/fr\/wp-json\/wp\/v2\/tags?post=8121"}],"curies":[{"name":"wp","href":"https:\/\/api.w.org\/{rel}","templated":true}]}}