{"id":8112,"date":"2009-09-15T20:32:13","date_gmt":"2009-09-15T19:32:13","guid":{"rendered":"http:\/\/www.bellunopress.it\/?p=8112"},"modified":"2010-02-22T10:50:05","modified_gmt":"2010-02-22T09:50:05","slug":"per-gli-speciali-di-bellunopress-pubblichiamo-un-primo-servizio-dal-kosovo","status":"publish","type":"post","link":"https:\/\/www.bellunopress.it\/fr\/2009\/09\/15\/per-gli-speciali-di-bellunopress-pubblichiamo-un-primo-servizio-dal-kosovo\/","title":{"rendered":"Per gli Speciali di Bellunopress, pubblichiamo un primo servizio dal Kosovo"},"content":{"rendered":"<p>L&#8217;articolo \u00e8 di Federica Fant, che nel maggio scorso ha trascorso un periodo al seguito del contingente italiano inserito Multinational task force West (Mntf-W), Brigata multinazionale organicamente inserita nella Kosovo Force (Kfor), la forza armata multinazionale in Kosovo.\u00a0<\/p>\n<p><strong>Quattro ragazzi e una radio multietnica <\/strong><\/p>\n<p><a href=\"http:\/\/www.bellunopress.it\/wp-content\/uploads\/2009\/09\/caritas-veneziana-2.jpg\"><img loading=\"lazy\" decoding=\"async\" class=\"alignleft size-medium wp-image-8114\" title=\"caritas-veneziana-2\" src=\"http:\/\/www.bellunopress.it\/wp-content\/uploads\/2009\/09\/caritas-veneziana-2.jpg\" alt=\"\" width=\"270\" height=\"203\" \/><\/a>Una radio multietnica in Kosovo pensata, gestita e realizzata dalla Caritas veneziana. Un\u2019idea che coincide con il decennale di Radio West, la prima radio del Kosovo gestita dal contingente italiano (pensata per infondere la cultura dell\u2019amicizia tra le due etnie \u201cnemiche\u201d) a poche settimane dalla fine del conflitto del 1999. Sulla scia di Radio West quattro ragazzi della Caritas veneziana, che hanno svolto il servizio civile nel quartiere del \u00ab7 settembre\u00bb a Peja, hanno incontrato, marted\u00ec 26 maggio scorso, il maggiore Angelo Vesto, in veste di addetto stampa del contingente italiano in Kosovo, e il direttore dell\u2019emittente, il maresciallo Antonio D\u2019Ambra per parlare della loro proposta. Irene Scinto, Giulia Re, Luca Bonilauri e Alessandro Cadorin hanno lauree che in Kosovo possono usare per risollevare le sorti di molti giovani. Psicologia sociale e cooperazione dello sviluppo, infatti, li hanno stimolati gi\u00e0 per un progetto che hanno attuato dal 5 novembre 2008, data del loro arrivo a Peja. \u00abSiamo arrivati qui \u2013 spiega Alessandro Cadorin di Vittorio Veneto \u2013 per contribuire a sviluppare un progetto che favoriva il rientro per le famiglie serbe a Peja, poi ci siamo per\u00f2 dedicati a diffondere il sentimento della tutela ambientale promuovendolo nelle scuole elementari che superiori, e nelle istituzioni incontrando i capovillaggio\u00bb, cio\u00e8 i sindaci delle municipalit\u00e0 locali. La Caritas ha dedicato 5000 euro per il progetto. Ma la Caritas veneziana ha istituito, sempre in Kosovo, anche un Centro giovanile che, tra bambini e ragazzi, soddisfa le esigenze di un migliaio di ragazzi kosovari. Dopo la guerra, infatti, la \u201cterra dei corvi\u201d,com\u2019\u00e8 chiamato quel fazzoletto di terra tra il Montenegro, Serbia, Macedonia e Albania, ha il 47% della popolazione che \u00e8 al di sotto dei 30 anni. \u00c9 la nazione pi\u00f9 giovane d\u2019Europa. \u00abDopo aver conosciuto la storia di Radio West ed essere andati a visitare le altre radio del posto \u2013 racconta Alessandro Cadorin \u2013 abbiamo pensato che sarebbe stato bello lasciare una emittente che potesse essere lasciata da gestire ai giovani che abbiamo incontrato qui. Una radio che sia in grado di mandare messaggi di pace ai rom e agli egiziani, ai serbi e agli albanesi, indistintamente. Questo quartiere dove abitiamo a Peja\/Pec, che si chiama \u00ab7 settembre\u00bb in ricordo di un giorno particolarmente importante per la guerra del 1999, \u00e8 abbastanza degradato e ha bisogno di una bella lucidata\u00bb. Alcune apparecchiature le hanno gi\u00e0, ma vecchie. L\u2019appello alle radio venete e italiane \u00e8 quello di contattare i ragazzi all\u2019e-mail <a href=\"mailto:pejoti.caritasve@gmail.com\">pejoti.caritasve@gmail.com<\/a> se per caso qualche radio avesse apparecchi dimessi in Italia, ma che andrebbero magari bene in Kosovo. L\u2019incontro con l\u2019esercito nelle persone soprattutto del maggiore Angelo Vesto e del maresciallo Antonio D\u2019Ambra ha dato i suoi frutti. Il direttore di Radio West, infatti, ha dato la sua disponibilit\u00e0 nell\u2019accompagnare i ragazzi nel processo di avvio dell\u2019emittente, invitandoli alla base di Villaggio Italia di Belo Polje a Peja\/Pec. Il maggiore Vesto ha assicurato l\u2019impegno di Radio West nel fare un corso di qualche giorno per dare un\u2019infarinatura generale pratica ai ragazzi della Caritas.<br \/>\nFederica Fant<\/p>\n<p>\u00a0<strong>Scheda delle attivit\u00e0 della Caritas Veneziana in Kosovo<\/strong><\/p>\n<p><a href=\"http:\/\/www.bellunopress.it\/wp-content\/uploads\/2009\/09\/caritas-veneziana.jpg\"><img loading=\"lazy\" decoding=\"async\" class=\"alignleft size-medium wp-image-8113\" title=\"caritas-veneziana\" src=\"http:\/\/www.bellunopress.it\/wp-content\/uploads\/2009\/09\/caritas-veneziana.jpg\" alt=\"\" width=\"270\" height=\"270\" \/><\/a>Nel 2001, a due anni dalla fine della guerra, sempre la Caritas veneziana eresse un asilo multietnico, tuttora funzionante, e nel 2003 una palestra per i ragazzi. Ogni anno \u00abl\u2019impegno economico per il Kosovo \u2013 racconta il responsabile, il kosovaro Engelbert Zefaj &#8211; consiste in 20 mila euro per il centro giovanile, (per coprire le spese logistiche), 25-30 mila euro per le strutture fisse e ulteriori 10 mila per l\u2019asilo comunale, che \u00e8 gestito dalle suore di San Vincenzo e dalle sorelle di madre Teresa di Calcutta\u00bb. L\u2019impegno della Caritas si avvale di oltre un\u2019ottantina di ragazzi volontari di et\u00e0 compresa tra i 14 e i 24 anni, che, con i quattro ragazzi del servizio civile riescono a far passare per il Centro giovanile oltre un migliaio di ragazzi kosovari delle pi\u00f9 disparate etnie. I \u00abciao\u00bb e i \u00abbuongiorno italiani\u00bb non sono destinati solo alle forze di KFOR (Kosovo Force), ma anche a tutte quelle associazioni che sono impegnate da quasi dieci anni in una terra che sta cercando di costruirsi un futuro e di dimenticare gli odi dei 77 giorni di guerra. Nel 2006 anche il patriarca Angelo Scola and\u00f2 in visita in Kosovo, lasciando un ottimo ricordo. \u00abRicordo che mi chiese della storia del Patriarcato di Pec \u2013 racconta Madame Dubrilla, la Cicerone del patriarcato, in un ottimo italiano &#8211; . Era curioso e voleva sapere tutto. Fu interessante dialogare con il patriarca Scola\u00bb. L\u2019impegno continua con la speranza rilasciare un Paese che sia in grado di farcela da solo il prima possibile. (Fe. Fa.)<\/p>","protected":false},"excerpt":{"rendered":"<p>L&#8217;articolo \u00e8 di Federica Fant, che nel maggio scorso ha trascorso un periodo al seguito del contingente italiano inserito Multinational task force West (Mntf-W), Brigata multinazionale organicamente inserita nella Kosovo Force (Kfor), la forza armata multinazionale in Kosovo.\u00a0 Quattro ragazzi e una radio multietnica Una radio multietnica in Kosovo pensata, gestita e realizzata dalla Caritas [&hellip;]<\/p>\n","protected":false},"author":2,"featured_media":0,"comment_status":"closed","ping_status":"open","sticky":false,"template":"","format":"standard","meta":{"footnotes":""},"categories":[49,26],"tags":[293,294],"class_list":["post-8112","post","type-post","status-publish","format-standard","category-speciali","category-prima-pagina","tag-caritas","tag-kosovo"],"yoast_head":"<!-- This site is optimized with the Yoast SEO plugin v28.4 - https:\/\/yoast.com\/product\/yoast-seo-wordpress\/ -->\n<title>Per gli Speciali di Bellunopress, pubblichiamo un primo servizio dal Kosovo  - Bellunopress - Dolomiti<\/title>\n<meta name=\"robots\" content=\"index, follow, max-snippet:-1, max-image-preview:large, max-video-preview:-1\" \/>\n<link rel=\"canonical\" href=\"https:\/\/www.bellunopress.it\/fr\/2009\/09\/15\/per-gli-speciali-di-bellunopress-pubblichiamo-un-primo-servizio-dal-kosovo\/\" \/>\n<meta property=\"og:locale\" content=\"fr_FR\" \/>\n<meta property=\"og:type\" content=\"article\" \/>\n<meta property=\"og:title\" content=\"Per gli Speciali di Bellunopress, pubblichiamo un primo servizio dal Kosovo  - Bellunopress - Dolomiti\" \/>\n<meta property=\"og:description\" content=\"L&#8217;articolo \u00e8 di Federica Fant, che nel maggio scorso ha trascorso un periodo al seguito del contingente italiano inserito Multinational task force West (Mntf-W), Brigata multinazionale organicamente inserita nella Kosovo Force (Kfor), la forza armata multinazionale in Kosovo.\u00a0 Quattro ragazzi e una radio multietnica Una radio multietnica in Kosovo pensata, gestita e realizzata dalla Caritas [&hellip;]\" \/>\n<meta property=\"og:url\" content=\"https:\/\/www.bellunopress.it\/fr\/2009\/09\/15\/per-gli-speciali-di-bellunopress-pubblichiamo-un-primo-servizio-dal-kosovo\/\" \/>\n<meta property=\"og:site_name\" content=\"Bellunopress - Dolomiti\" \/>\n<meta property=\"article:publisher\" content=\"https:\/\/www.facebook.com\/profile.php?id=100008943462799\" \/>\n<meta property=\"article:published_time\" content=\"2009-09-15T19:32:13+00:00\" \/>\n<meta property=\"article:modified_time\" content=\"2010-02-22T09:50:05+00:00\" \/>\n<meta property=\"og:image\" content=\"http:\/\/www.bellunopress.it\/wp-content\/uploads\/2009\/09\/caritas-veneziana-2.jpg\" \/>\n<meta name=\"author\" content=\"redazione\" \/>\n<meta name=\"twitter:card\" content=\"summary_large_image\" \/>\n<meta name=\"twitter:creator\" content=\"@bellunopress\" \/>\n<meta name=\"twitter:site\" content=\"@bellunopress\" \/>\n<meta name=\"twitter:label1\" content=\"\u00c9crit par\" \/>\n\t<meta name=\"twitter:data1\" content=\"redazione\" \/>\n\t<meta name=\"twitter:label2\" content=\"Dur\u00e9e de lecture estim\u00e9e\" \/>\n\t<meta name=\"twitter:data2\" content=\"4 minutes\" \/>\n<script type=\"application\/ld+json\" class=\"yoast-schema-graph\">{\"@context\":\"https:\\\/\\\/schema.org\",\"@graph\":[{\"@type\":\"Article\",\"@id\":\"https:\\\/\\\/www.bellunopress.it\\\/2009\\\/09\\\/15\\\/per-gli-speciali-di-bellunopress-pubblichiamo-un-primo-servizio-dal-kosovo\\\/#article\",\"isPartOf\":{\"@id\":\"https:\\\/\\\/www.bellunopress.it\\\/2009\\\/09\\\/15\\\/per-gli-speciali-di-bellunopress-pubblichiamo-un-primo-servizio-dal-kosovo\\\/\"},\"author\":{\"name\":\"redazione\",\"@id\":\"https:\\\/\\\/www.bellunopress.it\\\/#\\\/schema\\\/person\\\/79bb06722b37ece1c03d3e94beb30d73\"},\"headline\":\"Per gli Speciali di Bellunopress, pubblichiamo un primo servizio dal Kosovo\",\"datePublished\":\"2009-09-15T19:32:13+00:00\",\"dateModified\":\"2010-02-22T09:50:05+00:00\",\"mainEntityOfPage\":{\"@id\":\"https:\\\/\\\/www.bellunopress.it\\\/2009\\\/09\\\/15\\\/per-gli-speciali-di-bellunopress-pubblichiamo-un-primo-servizio-dal-kosovo\\\/\"},\"wordCount\":817,\"publisher\":{\"@id\":\"https:\\\/\\\/www.bellunopress.it\\\/#organization\"},\"image\":{\"@id\":\"https:\\\/\\\/www.bellunopress.it\\\/2009\\\/09\\\/15\\\/per-gli-speciali-di-bellunopress-pubblichiamo-un-primo-servizio-dal-kosovo\\\/#primaryimage\"},\"thumbnailUrl\":\"http:\\\/\\\/www.bellunopress.it\\\/wp-content\\\/uploads\\\/2009\\\/09\\\/caritas-veneziana-2.jpg\",\"keywords\":[\"Caritas\",\"Kosovo\"],\"articleSection\":[\"Gli speciali di Bellunopress\",\"Prima Pagina\"],\"inLanguage\":\"fr-FR\"},{\"@type\":\"WebPage\",\"@id\":\"https:\\\/\\\/www.bellunopress.it\\\/2009\\\/09\\\/15\\\/per-gli-speciali-di-bellunopress-pubblichiamo-un-primo-servizio-dal-kosovo\\\/\",\"url\":\"https:\\\/\\\/www.bellunopress.it\\\/2009\\\/09\\\/15\\\/per-gli-speciali-di-bellunopress-pubblichiamo-un-primo-servizio-dal-kosovo\\\/\",\"name\":\"Per gli Speciali di Bellunopress, pubblichiamo un primo servizio dal Kosovo - Bellunopress - Dolomiti\",\"isPartOf\":{\"@id\":\"https:\\\/\\\/www.bellunopress.it\\\/#website\"},\"primaryImageOfPage\":{\"@id\":\"https:\\\/\\\/www.bellunopress.it\\\/2009\\\/09\\\/15\\\/per-gli-speciali-di-bellunopress-pubblichiamo-un-primo-servizio-dal-kosovo\\\/#primaryimage\"},\"image\":{\"@id\":\"https:\\\/\\\/www.bellunopress.it\\\/2009\\\/09\\\/15\\\/per-gli-speciali-di-bellunopress-pubblichiamo-un-primo-servizio-dal-kosovo\\\/#primaryimage\"},\"thumbnailUrl\":\"http:\\\/\\\/www.bellunopress.it\\\/wp-content\\\/uploads\\\/2009\\\/09\\\/caritas-veneziana-2.jpg\",\"datePublished\":\"2009-09-15T19:32:13+00:00\",\"dateModified\":\"2010-02-22T09:50:05+00:00\",\"breadcrumb\":{\"@id\":\"https:\\\/\\\/www.bellunopress.it\\\/2009\\\/09\\\/15\\\/per-gli-speciali-di-bellunopress-pubblichiamo-un-primo-servizio-dal-kosovo\\\/#breadcrumb\"},\"inLanguage\":\"fr-FR\",\"potentialAction\":[{\"@type\":\"ReadAction\",\"target\":[\"https:\\\/\\\/www.bellunopress.it\\\/2009\\\/09\\\/15\\\/per-gli-speciali-di-bellunopress-pubblichiamo-un-primo-servizio-dal-kosovo\\\/\"]}]},{\"@type\":\"ImageObject\",\"inLanguage\":\"fr-FR\",\"@id\":\"https:\\\/\\\/www.bellunopress.it\\\/2009\\\/09\\\/15\\\/per-gli-speciali-di-bellunopress-pubblichiamo-un-primo-servizio-dal-kosovo\\\/#primaryimage\",\"url\":\"http:\\\/\\\/www.bellunopress.it\\\/wp-content\\\/uploads\\\/2009\\\/09\\\/caritas-veneziana-2.jpg\",\"contentUrl\":\"http:\\\/\\\/www.bellunopress.it\\\/wp-content\\\/uploads\\\/2009\\\/09\\\/caritas-veneziana-2.jpg\"},{\"@type\":\"BreadcrumbList\",\"@id\":\"https:\\\/\\\/www.bellunopress.it\\\/2009\\\/09\\\/15\\\/per-gli-speciali-di-bellunopress-pubblichiamo-un-primo-servizio-dal-kosovo\\\/#breadcrumb\",\"itemListElement\":[{\"@type\":\"ListItem\",\"position\":1,\"name\":\"Home\",\"item\":\"https:\\\/\\\/www.bellunopress.it\\\/\"},{\"@type\":\"ListItem\",\"position\":2,\"name\":\"Per gli Speciali di Bellunopress, pubblichiamo un primo servizio dal Kosovo\"}]},{\"@type\":\"WebSite\",\"@id\":\"https:\\\/\\\/www.bellunopress.it\\\/#website\",\"url\":\"https:\\\/\\\/www.bellunopress.it\\\/\",\"name\":\"Bellunopress - Dolomiti\",\"description\":\"e-mail: redazione@bellunopress.it\",\"publisher\":{\"@id\":\"https:\\\/\\\/www.bellunopress.it\\\/#organization\"},\"potentialAction\":[{\"@type\":\"SearchAction\",\"target\":{\"@type\":\"EntryPoint\",\"urlTemplate\":\"https:\\\/\\\/www.bellunopress.it\\\/?s={search_term_string}\"},\"query-input\":{\"@type\":\"PropertyValueSpecification\",\"valueRequired\":true,\"valueName\":\"search_term_string\"}}],\"inLanguage\":\"fr-FR\"},{\"@type\":\"Organization\",\"@id\":\"https:\\\/\\\/www.bellunopress.it\\\/#organization\",\"name\":\"Bellunopress\",\"url\":\"https:\\\/\\\/www.bellunopress.it\\\/\",\"logo\":{\"@type\":\"ImageObject\",\"inLanguage\":\"fr-FR\",\"@id\":\"https:\\\/\\\/www.bellunopress.it\\\/#\\\/schema\\\/logo\\\/image\\\/\",\"url\":\"https:\\\/\\\/www.bellunopress.it\\\/wp-content\\\/uploads\\\/2011\\\/05\\\/cropped-logo-bellunopress-.jpg\",\"contentUrl\":\"https:\\\/\\\/www.bellunopress.it\\\/wp-content\\\/uploads\\\/2011\\\/05\\\/cropped-logo-bellunopress-.jpg\",\"width\":512,\"height\":512,\"caption\":\"Bellunopress\"},\"image\":{\"@id\":\"https:\\\/\\\/www.bellunopress.it\\\/#\\\/schema\\\/logo\\\/image\\\/\"},\"sameAs\":[\"https:\\\/\\\/www.facebook.com\\\/profile.php?id=100008943462799\",\"https:\\\/\\\/x.com\\\/bellunopress\",\"https:\\\/\\\/www.linkedin.com\\\/hp\\\/?dnr=JBzUWaJfMUw8vbXJJ2tVW5-I3jZKvC4wsoxE&amp;amp;amp;amp;amp;amp;trk=nav_responsive_tab_home\",\"https:\\\/\\\/www.youtube.com\\\/channel\\\/UCxL0wu1uN0_3_7hGG0306cw\"]},{\"@type\":\"Person\",\"@id\":\"https:\\\/\\\/www.bellunopress.it\\\/#\\\/schema\\\/person\\\/79bb06722b37ece1c03d3e94beb30d73\",\"name\":\"redazione\",\"image\":{\"@type\":\"ImageObject\",\"inLanguage\":\"fr-FR\",\"@id\":\"https:\\\/\\\/secure.gravatar.com\\\/avatar\\\/37d968a2e67a6fd04c169c4bdef102d0bc5d31b2546345219e348575eb80e9a0?s=96&d=mm&r=g\",\"url\":\"https:\\\/\\\/secure.gravatar.com\\\/avatar\\\/37d968a2e67a6fd04c169c4bdef102d0bc5d31b2546345219e348575eb80e9a0?s=96&d=mm&r=g\",\"contentUrl\":\"https:\\\/\\\/secure.gravatar.com\\\/avatar\\\/37d968a2e67a6fd04c169c4bdef102d0bc5d31b2546345219e348575eb80e9a0?s=96&d=mm&r=g\",\"caption\":\"redazione\"},\"sameAs\":[\"http:\\\/\\\/www.bellunopress.it\",\"https:\\\/\\\/x.com\\\/bellunopress\"],\"url\":\"https:\\\/\\\/www.bellunopress.it\\\/fr\\\/author\\\/redazione\\\/\"}]}<\/script>\n<!-- \/ Yoast SEO plugin. -->","yoast_head_json":{"title":"Per gli Speciali di Bellunopress, pubblichiamo un primo servizio dal Kosovo  - Bellunopress - Dolomiti","robots":{"index":"index","follow":"follow","max-snippet":"max-snippet:-1","max-image-preview":"max-image-preview:large","max-video-preview":"max-video-preview:-1"},"canonical":"https:\/\/www.bellunopress.it\/fr\/2009\/09\/15\/per-gli-speciali-di-bellunopress-pubblichiamo-un-primo-servizio-dal-kosovo\/","og_locale":"fr_FR","og_type":"article","og_title":"Per gli Speciali di Bellunopress, pubblichiamo un primo servizio dal Kosovo  - Bellunopress - Dolomiti","og_description":"L&#8217;articolo \u00e8 di Federica Fant, che nel maggio scorso ha trascorso un periodo al seguito del contingente italiano inserito Multinational task force West (Mntf-W), Brigata multinazionale organicamente inserita nella Kosovo Force (Kfor), la forza armata multinazionale in Kosovo.\u00a0 Quattro ragazzi e una radio multietnica Una radio multietnica in Kosovo pensata, gestita e realizzata dalla Caritas [&hellip;]","og_url":"https:\/\/www.bellunopress.it\/fr\/2009\/09\/15\/per-gli-speciali-di-bellunopress-pubblichiamo-un-primo-servizio-dal-kosovo\/","og_site_name":"Bellunopress - Dolomiti","article_publisher":"https:\/\/www.facebook.com\/profile.php?id=100008943462799","article_published_time":"2009-09-15T19:32:13+00:00","article_modified_time":"2010-02-22T09:50:05+00:00","og_image":[{"url":"http:\/\/www.bellunopress.it\/wp-content\/uploads\/2009\/09\/caritas-veneziana-2.jpg","type":"","width":"","height":""}],"author":"redazione","twitter_card":"summary_large_image","twitter_creator":"@bellunopress","twitter_site":"@bellunopress","twitter_misc":{"\u00c9crit par":"redazione","Dur\u00e9e de lecture estim\u00e9e":"4 minutes"},"schema":{"@context":"https:\/\/schema.org","@graph":[{"@type":"Article","@id":"https:\/\/www.bellunopress.it\/2009\/09\/15\/per-gli-speciali-di-bellunopress-pubblichiamo-un-primo-servizio-dal-kosovo\/#article","isPartOf":{"@id":"https:\/\/www.bellunopress.it\/2009\/09\/15\/per-gli-speciali-di-bellunopress-pubblichiamo-un-primo-servizio-dal-kosovo\/"},"author":{"name":"redazione","@id":"https:\/\/www.bellunopress.it\/#\/schema\/person\/79bb06722b37ece1c03d3e94beb30d73"},"headline":"Per gli Speciali di Bellunopress, pubblichiamo un primo servizio dal Kosovo","datePublished":"2009-09-15T19:32:13+00:00","dateModified":"2010-02-22T09:50:05+00:00","mainEntityOfPage":{"@id":"https:\/\/www.bellunopress.it\/2009\/09\/15\/per-gli-speciali-di-bellunopress-pubblichiamo-un-primo-servizio-dal-kosovo\/"},"wordCount":817,"publisher":{"@id":"https:\/\/www.bellunopress.it\/#organization"},"image":{"@id":"https:\/\/www.bellunopress.it\/2009\/09\/15\/per-gli-speciali-di-bellunopress-pubblichiamo-un-primo-servizio-dal-kosovo\/#primaryimage"},"thumbnailUrl":"http:\/\/www.bellunopress.it\/wp-content\/uploads\/2009\/09\/caritas-veneziana-2.jpg","keywords":["Caritas","Kosovo"],"articleSection":["Gli speciali di Bellunopress","Prima Pagina"],"inLanguage":"fr-FR"},{"@type":"WebPage","@id":"https:\/\/www.bellunopress.it\/2009\/09\/15\/per-gli-speciali-di-bellunopress-pubblichiamo-un-primo-servizio-dal-kosovo\/","url":"https:\/\/www.bellunopress.it\/2009\/09\/15\/per-gli-speciali-di-bellunopress-pubblichiamo-un-primo-servizio-dal-kosovo\/","name":"Per gli Speciali di Bellunopress, pubblichiamo un primo servizio dal Kosovo - Bellunopress - Dolomiti","isPartOf":{"@id":"https:\/\/www.bellunopress.it\/#website"},"primaryImageOfPage":{"@id":"https:\/\/www.bellunopress.it\/2009\/09\/15\/per-gli-speciali-di-bellunopress-pubblichiamo-un-primo-servizio-dal-kosovo\/#primaryimage"},"image":{"@id":"https:\/\/www.bellunopress.it\/2009\/09\/15\/per-gli-speciali-di-bellunopress-pubblichiamo-un-primo-servizio-dal-kosovo\/#primaryimage"},"thumbnailUrl":"http:\/\/www.bellunopress.it\/wp-content\/uploads\/2009\/09\/caritas-veneziana-2.jpg","datePublished":"2009-09-15T19:32:13+00:00","dateModified":"2010-02-22T09:50:05+00:00","breadcrumb":{"@id":"https:\/\/www.bellunopress.it\/2009\/09\/15\/per-gli-speciali-di-bellunopress-pubblichiamo-un-primo-servizio-dal-kosovo\/#breadcrumb"},"inLanguage":"fr-FR","potentialAction":[{"@type":"ReadAction","target":["https:\/\/www.bellunopress.it\/2009\/09\/15\/per-gli-speciali-di-bellunopress-pubblichiamo-un-primo-servizio-dal-kosovo\/"]}]},{"@type":"ImageObject","inLanguage":"fr-FR","@id":"https:\/\/www.bellunopress.it\/2009\/09\/15\/per-gli-speciali-di-bellunopress-pubblichiamo-un-primo-servizio-dal-kosovo\/#primaryimage","url":"http:\/\/www.bellunopress.it\/wp-content\/uploads\/2009\/09\/caritas-veneziana-2.jpg","contentUrl":"http:\/\/www.bellunopress.it\/wp-content\/uploads\/2009\/09\/caritas-veneziana-2.jpg"},{"@type":"BreadcrumbList","@id":"https:\/\/www.bellunopress.it\/2009\/09\/15\/per-gli-speciali-di-bellunopress-pubblichiamo-un-primo-servizio-dal-kosovo\/#breadcrumb","itemListElement":[{"@type":"ListItem","position":1,"name":"Home","item":"https:\/\/www.bellunopress.it\/"},{"@type":"ListItem","position":2,"name":"Per gli Speciali di Bellunopress, pubblichiamo un primo servizio dal Kosovo"}]},{"@type":"WebSite","@id":"https:\/\/www.bellunopress.it\/#website","url":"https:\/\/www.bellunopress.it\/","name":"Bellunopress - Dolomiti","description":"e-mail: redazione@bellunopress.it","publisher":{"@id":"https:\/\/www.bellunopress.it\/#organization"},"potentialAction":[{"@type":"SearchAction","target":{"@type":"EntryPoint","urlTemplate":"https:\/\/www.bellunopress.it\/?s={search_term_string}"},"query-input":{"@type":"PropertyValueSpecification","valueRequired":true,"valueName":"search_term_string"}}],"inLanguage":"fr-FR"},{"@type":"Organization","@id":"https:\/\/www.bellunopress.it\/#organization","name":"Bellunopress","url":"https:\/\/www.bellunopress.it\/","logo":{"@type":"ImageObject","inLanguage":"fr-FR","@id":"https:\/\/www.bellunopress.it\/#\/schema\/logo\/image\/","url":"https:\/\/www.bellunopress.it\/wp-content\/uploads\/2011\/05\/cropped-logo-bellunopress-.jpg","contentUrl":"https:\/\/www.bellunopress.it\/wp-content\/uploads\/2011\/05\/cropped-logo-bellunopress-.jpg","width":512,"height":512,"caption":"Bellunopress"},"image":{"@id":"https:\/\/www.bellunopress.it\/#\/schema\/logo\/image\/"},"sameAs":["https:\/\/www.facebook.com\/profile.php?id=100008943462799","https:\/\/x.com\/bellunopress","https:\/\/www.linkedin.com\/hp\/?dnr=JBzUWaJfMUw8vbXJJ2tVW5-I3jZKvC4wsoxE&amp;amp;amp;amp;amp;amp;trk=nav_responsive_tab_home","https:\/\/www.youtube.com\/channel\/UCxL0wu1uN0_3_7hGG0306cw"]},{"@type":"Person","@id":"https:\/\/www.bellunopress.it\/#\/schema\/person\/79bb06722b37ece1c03d3e94beb30d73","name":"r\u00e9daction","image":{"@type":"ImageObject","inLanguage":"fr-FR","@id":"https:\/\/secure.gravatar.com\/avatar\/37d968a2e67a6fd04c169c4bdef102d0bc5d31b2546345219e348575eb80e9a0?s=96&d=mm&r=g","url":"https:\/\/secure.gravatar.com\/avatar\/37d968a2e67a6fd04c169c4bdef102d0bc5d31b2546345219e348575eb80e9a0?s=96&d=mm&r=g","contentUrl":"https:\/\/secure.gravatar.com\/avatar\/37d968a2e67a6fd04c169c4bdef102d0bc5d31b2546345219e348575eb80e9a0?s=96&d=mm&r=g","caption":"redazione"},"sameAs":["http:\/\/www.bellunopress.it","https:\/\/x.com\/bellunopress"],"url":"https:\/\/www.bellunopress.it\/fr\/author\/redazione\/"}]}},"_links":{"self":[{"href":"https:\/\/www.bellunopress.it\/fr\/wp-json\/wp\/v2\/posts\/8112","targetHints":{"allow":["GET"]}}],"collection":[{"href":"https:\/\/www.bellunopress.it\/fr\/wp-json\/wp\/v2\/posts"}],"about":[{"href":"https:\/\/www.bellunopress.it\/fr\/wp-json\/wp\/v2\/types\/post"}],"author":[{"embeddable":true,"href":"https:\/\/www.bellunopress.it\/fr\/wp-json\/wp\/v2\/users\/2"}],"replies":[{"embeddable":true,"href":"https:\/\/www.bellunopress.it\/fr\/wp-json\/wp\/v2\/comments?post=8112"}],"version-history":[{"count":2,"href":"https:\/\/www.bellunopress.it\/fr\/wp-json\/wp\/v2\/posts\/8112\/revisions"}],"predecessor-version":[{"id":12812,"href":"https:\/\/www.bellunopress.it\/fr\/wp-json\/wp\/v2\/posts\/8112\/revisions\/12812"}],"wp:attachment":[{"href":"https:\/\/www.bellunopress.it\/fr\/wp-json\/wp\/v2\/media?parent=8112"}],"wp:term":[{"taxonomy":"category","embeddable":true,"href":"https:\/\/www.bellunopress.it\/fr\/wp-json\/wp\/v2\/categories?post=8112"},{"taxonomy":"post_tag","embeddable":true,"href":"https:\/\/www.bellunopress.it\/fr\/wp-json\/wp\/v2\/tags?post=8112"}],"curies":[{"name":"wp","href":"https:\/\/api.w.org\/{rel}","templated":true}]}}