{"id":8104,"date":"2009-09-15T16:50:22","date_gmt":"2009-09-15T15:50:22","guid":{"rendered":"http:\/\/www.bellunopress.it\/?p=8104"},"modified":"2009-09-15T16:50:22","modified_gmt":"2009-09-15T15:50:22","slug":"la-marcia-della-pace-a-cortina","status":"publish","type":"post","link":"https:\/\/www.bellunopress.it\/fr\/2009\/09\/15\/la-marcia-della-pace-a-cortina\/","title":{"rendered":"La marcia della pace a Cortina"},"content":{"rendered":"<p>In programma per sabato 26 settembre un evento simbolico in cui i diversi gruppi etnici che da sempre popolano le Dolomiti metteranno da parte le difficolt\u00e0 di una convivenza ravvicinata per raggiungere un obiettivo comune. L\u2019anfiteatro naturale nei pressi del rifugio Lagazuoi ospiter\u00e0 infatti\u00a0 una messa d\u2019alta quota e in quattro lingue. Momento finale di un percorso che vedr\u00e0 arrivare tutti i partecipanti con mezzi differenti e per itinerari diversi. Cortina d\u2019Ampezzo, 15 settembre 2009_ Italiani, ladini e tirolesi da secoli popolano l\u2019affascinante paesaggio delle Dolomiti: una convivenza non sempre facile, capace per\u00f2 di conservare la ricchezza culturale che nasce dalla variet\u00e0 e dalle diversit\u00e0 che caratterizzano ogni popolazione. Da questa considerazione nasce l\u2019idea di organizzare sabato 26 settembre tra il Passo Falzarego e il Piccolo Lagazuoi una \u201cMarcia della Pace\u201d. Teatro della manifestazione sar\u00e0 l\u2019anfiteatro naturale che si apre di fronte al magnifico scenario delle Dolomiti d\u2019Ampezzo, di recente entrate a far parte del Patrimonio Naturale dell\u2019Umanit\u00e0 UNESCO, e creato dalla moderata pendenza che divide la funivia dal rifugio Lagazuoi.Diversi i percorsi che si possono effettuare per raggiungere la destinazione: partendo dal parcheggio del passo Falzarego, con la funivia, attraverso un sentiero o un\u2019arrampicata oppure attraverso i camminamenti e le gallerie della Grande Guerra. Sabato 26 Settembre i membri dei diversi gruppi etnici raggiungeranno cos\u00ec, in modi diversi, il comune traguardo: una dimostrazione fisica di come il singolo riesca ad assumersi la responsabilit\u00e0 per l&#8217;Uno mediante la cooperazione tra i popoli. A coronamento dell\u2019evento, alle ore 12.00, sar\u00e0 celebrata la Messa per la Pace in alta quota e in quattro lingue (tedesco, italiano, ladino e la lingua dei segni per non udenti). La funzione verr\u00e0 ufficiata dal vicario del vescovo, Luigi Del Favero e don Toni Fiung, responsabile\u00a0della pastorale della famiglia della diocesi di Bolzano-Bressanone e assistente spirituale dell&#8217;associazione &#8220;Katholische M\u00e4nnerbewegung&#8221; (Uomini cattolici).<\/p>\n<p>Promotore dell\u2019evento Anton Walcher, insegnante di religione e volontario impegnato nel Forum maschile della Diocesi di Innsbruck, gruppo le cui attivit\u00e0 spaziano da serate a tema con contenuto spirituale ad escursioni con racchette da neve, fino alle attivit\u00e0 intese a sviluppare il rapporto fra padri e figli e ampliare la libert\u00e0 delle donne.<br \/>\nPrendendo spunto dall\u2019idea di un amico di organizzare una messa inter-confessionale, Anton Walcher ha aggiunto al progetto iniziale i concetti di interculturalit\u00e0 e di \u2018percorso comune per la pace\u2019. Non \u00e8 poi stato difficile individuare un luogo simbolico che ospitasse e valorizzasse l\u2019evento: il passo Falzarego e il Piccolo Lagazuoi, dove sono ben visibili i resti di una guerra assurda.<br \/>\nPartner: Diocesi di Innsbruck, di Bolzano &#8211; Bressanone, di Belluno &#8211; Feltre, Consorzio Turistico di Cortina, Consorzio Lagazuoi 5 Torri, i vari club alpini (OeAV Landesverband Tirolo, AV S\u00fcdtirol, CAI Alto Adige), ANA \u2013 sezione di Cortina.<br \/>\nPatrocinio: Diocesi di Innsbruck, di Bolzano &#8211; Bressanone, di Belluno \u2013 Feltre.<\/p>\n<p>Sabato 26 settembre, ore 12.00<br \/>\nnei pressi del rifugio Lagazuoi<br \/>\nInfo: 0436 2863 &#8211; 333 3737175<\/p>","protected":false},"excerpt":{"rendered":"<p>In programma per sabato 26 settembre un evento simbolico in cui i diversi gruppi etnici che da sempre popolano le Dolomiti metteranno da parte le difficolt\u00e0 di una convivenza ravvicinata per raggiungere un obiettivo comune. L\u2019anfiteatro naturale nei pressi del rifugio Lagazuoi ospiter\u00e0 infatti\u00a0 una messa d\u2019alta quota e in quattro lingue. Momento finale di [&hellip;]<\/p>\n","protected":false},"author":2,"featured_media":0,"comment_status":"closed","ping_status":"open","sticky":false,"template":"","format":"standard","meta":{"footnotes":""},"categories":[27,25],"tags":[139,63,302],"class_list":["post-8104","post","type-post","status-publish","format-standard","category-appuntamenti","category-pausa-caffe","tag-belluno","tag-dolomiti","tag-feltre"],"yoast_head":"<!-- This site is optimized with the Yoast SEO plugin v28.4 - https:\/\/yoast.com\/product\/yoast-seo-wordpress\/ -->\n<title>La marcia della pace a Cortina  - Bellunopress - Dolomiti<\/title>\n<meta name=\"robots\" content=\"index, follow, max-snippet:-1, max-image-preview:large, max-video-preview:-1\" \/>\n<link rel=\"canonical\" href=\"https:\/\/www.bellunopress.it\/fr\/2009\/09\/15\/la-marcia-della-pace-a-cortina\/\" \/>\n<meta property=\"og:locale\" content=\"fr_FR\" \/>\n<meta property=\"og:type\" content=\"article\" \/>\n<meta property=\"og:title\" content=\"La marcia della pace a Cortina  - Bellunopress - Dolomiti\" \/>\n<meta property=\"og:description\" content=\"In programma per sabato 26 settembre un evento simbolico in cui i diversi gruppi etnici che da sempre popolano le Dolomiti metteranno da parte le difficolt\u00e0 di una convivenza ravvicinata per raggiungere un obiettivo comune. L\u2019anfiteatro naturale nei pressi del rifugio Lagazuoi ospiter\u00e0 infatti\u00a0 una messa d\u2019alta quota e in quattro lingue. Momento finale di [&hellip;]\" \/>\n<meta property=\"og:url\" content=\"https:\/\/www.bellunopress.it\/fr\/2009\/09\/15\/la-marcia-della-pace-a-cortina\/\" \/>\n<meta property=\"og:site_name\" content=\"Bellunopress - Dolomiti\" \/>\n<meta property=\"article:publisher\" content=\"https:\/\/www.facebook.com\/profile.php?id=100008943462799\" \/>\n<meta property=\"article:published_time\" content=\"2009-09-15T15:50:22+00:00\" \/>\n<meta property=\"og:image\" content=\"http:\/\/www.bellunopress.it\/wp-content\/uploads\/2012\/07\/logo-bellunopress-250x250-2012.jpg\" \/>\n<meta name=\"author\" content=\"redazione\" \/>\n<meta name=\"twitter:card\" content=\"summary_large_image\" \/>\n<meta name=\"twitter:creator\" content=\"@bellunopress\" \/>\n<meta name=\"twitter:site\" content=\"@bellunopress\" \/>\n<meta name=\"twitter:label1\" content=\"\u00c9crit par\" \/>\n\t<meta name=\"twitter:data1\" content=\"redazione\" \/>\n\t<meta name=\"twitter:label2\" content=\"Dur\u00e9e de lecture estim\u00e9e\" \/>\n\t<meta name=\"twitter:data2\" content=\"2 minutes\" \/>\n<script type=\"application\/ld+json\" class=\"yoast-schema-graph\">{\"@context\":\"https:\\\/\\\/schema.org\",\"@graph\":[{\"@type\":\"Article\",\"@id\":\"https:\\\/\\\/www.bellunopress.it\\\/2009\\\/09\\\/15\\\/la-marcia-della-pace-a-cortina\\\/#article\",\"isPartOf\":{\"@id\":\"https:\\\/\\\/www.bellunopress.it\\\/2009\\\/09\\\/15\\\/la-marcia-della-pace-a-cortina\\\/\"},\"author\":{\"name\":\"redazione\",\"@id\":\"https:\\\/\\\/www.bellunopress.it\\\/#\\\/schema\\\/person\\\/79bb06722b37ece1c03d3e94beb30d73\"},\"headline\":\"La marcia della pace a Cortina\",\"datePublished\":\"2009-09-15T15:50:22+00:00\",\"mainEntityOfPage\":{\"@id\":\"https:\\\/\\\/www.bellunopress.it\\\/2009\\\/09\\\/15\\\/la-marcia-della-pace-a-cortina\\\/\"},\"wordCount\":491,\"publisher\":{\"@id\":\"https:\\\/\\\/www.bellunopress.it\\\/#organization\"},\"keywords\":[\"Belluno\",\"Dolomiti\",\"Feltre\"],\"articleSection\":[\"Appuntamenti, Eventi\",\"Pausa Caff\u00e8\"],\"inLanguage\":\"fr-FR\"},{\"@type\":\"WebPage\",\"@id\":\"https:\\\/\\\/www.bellunopress.it\\\/2009\\\/09\\\/15\\\/la-marcia-della-pace-a-cortina\\\/\",\"url\":\"https:\\\/\\\/www.bellunopress.it\\\/2009\\\/09\\\/15\\\/la-marcia-della-pace-a-cortina\\\/\",\"name\":\"La marcia della pace a Cortina - Bellunopress - Dolomiti\",\"isPartOf\":{\"@id\":\"https:\\\/\\\/www.bellunopress.it\\\/#website\"},\"datePublished\":\"2009-09-15T15:50:22+00:00\",\"breadcrumb\":{\"@id\":\"https:\\\/\\\/www.bellunopress.it\\\/2009\\\/09\\\/15\\\/la-marcia-della-pace-a-cortina\\\/#breadcrumb\"},\"inLanguage\":\"fr-FR\",\"potentialAction\":[{\"@type\":\"ReadAction\",\"target\":[\"https:\\\/\\\/www.bellunopress.it\\\/2009\\\/09\\\/15\\\/la-marcia-della-pace-a-cortina\\\/\"]}]},{\"@type\":\"BreadcrumbList\",\"@id\":\"https:\\\/\\\/www.bellunopress.it\\\/2009\\\/09\\\/15\\\/la-marcia-della-pace-a-cortina\\\/#breadcrumb\",\"itemListElement\":[{\"@type\":\"ListItem\",\"position\":1,\"name\":\"Home\",\"item\":\"https:\\\/\\\/www.bellunopress.it\\\/\"},{\"@type\":\"ListItem\",\"position\":2,\"name\":\"La marcia della pace a Cortina\"}]},{\"@type\":\"WebSite\",\"@id\":\"https:\\\/\\\/www.bellunopress.it\\\/#website\",\"url\":\"https:\\\/\\\/www.bellunopress.it\\\/\",\"name\":\"Bellunopress - Dolomiti\",\"description\":\"e-mail: redazione@bellunopress.it\",\"publisher\":{\"@id\":\"https:\\\/\\\/www.bellunopress.it\\\/#organization\"},\"potentialAction\":[{\"@type\":\"SearchAction\",\"target\":{\"@type\":\"EntryPoint\",\"urlTemplate\":\"https:\\\/\\\/www.bellunopress.it\\\/?s={search_term_string}\"},\"query-input\":{\"@type\":\"PropertyValueSpecification\",\"valueRequired\":true,\"valueName\":\"search_term_string\"}}],\"inLanguage\":\"fr-FR\"},{\"@type\":\"Organization\",\"@id\":\"https:\\\/\\\/www.bellunopress.it\\\/#organization\",\"name\":\"Bellunopress\",\"url\":\"https:\\\/\\\/www.bellunopress.it\\\/\",\"logo\":{\"@type\":\"ImageObject\",\"inLanguage\":\"fr-FR\",\"@id\":\"https:\\\/\\\/www.bellunopress.it\\\/#\\\/schema\\\/logo\\\/image\\\/\",\"url\":\"https:\\\/\\\/www.bellunopress.it\\\/wp-content\\\/uploads\\\/2011\\\/05\\\/cropped-logo-bellunopress-.jpg\",\"contentUrl\":\"https:\\\/\\\/www.bellunopress.it\\\/wp-content\\\/uploads\\\/2011\\\/05\\\/cropped-logo-bellunopress-.jpg\",\"width\":512,\"height\":512,\"caption\":\"Bellunopress\"},\"image\":{\"@id\":\"https:\\\/\\\/www.bellunopress.it\\\/#\\\/schema\\\/logo\\\/image\\\/\"},\"sameAs\":[\"https:\\\/\\\/www.facebook.com\\\/profile.php?id=100008943462799\",\"https:\\\/\\\/x.com\\\/bellunopress\",\"https:\\\/\\\/www.linkedin.com\\\/hp\\\/?dnr=JBzUWaJfMUw8vbXJJ2tVW5-I3jZKvC4wsoxE&amp;amp;amp;amp;amp;amp;trk=nav_responsive_tab_home\",\"https:\\\/\\\/www.youtube.com\\\/channel\\\/UCxL0wu1uN0_3_7hGG0306cw\"]},{\"@type\":\"Person\",\"@id\":\"https:\\\/\\\/www.bellunopress.it\\\/#\\\/schema\\\/person\\\/79bb06722b37ece1c03d3e94beb30d73\",\"name\":\"redazione\",\"image\":{\"@type\":\"ImageObject\",\"inLanguage\":\"fr-FR\",\"@id\":\"https:\\\/\\\/secure.gravatar.com\\\/avatar\\\/37d968a2e67a6fd04c169c4bdef102d0bc5d31b2546345219e348575eb80e9a0?s=96&d=mm&r=g\",\"url\":\"https:\\\/\\\/secure.gravatar.com\\\/avatar\\\/37d968a2e67a6fd04c169c4bdef102d0bc5d31b2546345219e348575eb80e9a0?s=96&d=mm&r=g\",\"contentUrl\":\"https:\\\/\\\/secure.gravatar.com\\\/avatar\\\/37d968a2e67a6fd04c169c4bdef102d0bc5d31b2546345219e348575eb80e9a0?s=96&d=mm&r=g\",\"caption\":\"redazione\"},\"sameAs\":[\"http:\\\/\\\/www.bellunopress.it\",\"https:\\\/\\\/x.com\\\/bellunopress\"],\"url\":\"https:\\\/\\\/www.bellunopress.it\\\/fr\\\/author\\\/redazione\\\/\"}]}<\/script>\n<!-- \/ Yoast SEO plugin. -->","yoast_head_json":{"title":"La marcia della pace a Cortina  - Bellunopress - Dolomiti","robots":{"index":"index","follow":"follow","max-snippet":"max-snippet:-1","max-image-preview":"max-image-preview:large","max-video-preview":"max-video-preview:-1"},"canonical":"https:\/\/www.bellunopress.it\/fr\/2009\/09\/15\/la-marcia-della-pace-a-cortina\/","og_locale":"fr_FR","og_type":"article","og_title":"La marcia della pace a Cortina  - Bellunopress - Dolomiti","og_description":"In programma per sabato 26 settembre un evento simbolico in cui i diversi gruppi etnici che da sempre popolano le Dolomiti metteranno da parte le difficolt\u00e0 di una convivenza ravvicinata per raggiungere un obiettivo comune. L\u2019anfiteatro naturale nei pressi del rifugio Lagazuoi ospiter\u00e0 infatti\u00a0 una messa d\u2019alta quota e in quattro lingue. Momento finale di [&hellip;]","og_url":"https:\/\/www.bellunopress.it\/fr\/2009\/09\/15\/la-marcia-della-pace-a-cortina\/","og_site_name":"Bellunopress - Dolomiti","article_publisher":"https:\/\/www.facebook.com\/profile.php?id=100008943462799","article_published_time":"2009-09-15T15:50:22+00:00","og_image":[{"url":"http:\/\/www.bellunopress.it\/wp-content\/uploads\/2012\/07\/logo-bellunopress-250x250-2012.jpg","type":"","width":"","height":""}],"author":"redazione","twitter_card":"summary_large_image","twitter_creator":"@bellunopress","twitter_site":"@bellunopress","twitter_misc":{"\u00c9crit par":"redazione","Dur\u00e9e de lecture estim\u00e9e":"2 minutes"},"schema":{"@context":"https:\/\/schema.org","@graph":[{"@type":"Article","@id":"https:\/\/www.bellunopress.it\/2009\/09\/15\/la-marcia-della-pace-a-cortina\/#article","isPartOf":{"@id":"https:\/\/www.bellunopress.it\/2009\/09\/15\/la-marcia-della-pace-a-cortina\/"},"author":{"name":"redazione","@id":"https:\/\/www.bellunopress.it\/#\/schema\/person\/79bb06722b37ece1c03d3e94beb30d73"},"headline":"La marcia della pace a Cortina","datePublished":"2009-09-15T15:50:22+00:00","mainEntityOfPage":{"@id":"https:\/\/www.bellunopress.it\/2009\/09\/15\/la-marcia-della-pace-a-cortina\/"},"wordCount":491,"publisher":{"@id":"https:\/\/www.bellunopress.it\/#organization"},"keywords":["Belluno","Dolomiti","Feltre"],"articleSection":["Appuntamenti, Eventi","Pausa Caff\u00e8"],"inLanguage":"fr-FR"},{"@type":"WebPage","@id":"https:\/\/www.bellunopress.it\/2009\/09\/15\/la-marcia-della-pace-a-cortina\/","url":"https:\/\/www.bellunopress.it\/2009\/09\/15\/la-marcia-della-pace-a-cortina\/","name":"La marcia della pace a Cortina - Bellunopress - Dolomiti","isPartOf":{"@id":"https:\/\/www.bellunopress.it\/#website"},"datePublished":"2009-09-15T15:50:22+00:00","breadcrumb":{"@id":"https:\/\/www.bellunopress.it\/2009\/09\/15\/la-marcia-della-pace-a-cortina\/#breadcrumb"},"inLanguage":"fr-FR","potentialAction":[{"@type":"ReadAction","target":["https:\/\/www.bellunopress.it\/2009\/09\/15\/la-marcia-della-pace-a-cortina\/"]}]},{"@type":"BreadcrumbList","@id":"https:\/\/www.bellunopress.it\/2009\/09\/15\/la-marcia-della-pace-a-cortina\/#breadcrumb","itemListElement":[{"@type":"ListItem","position":1,"name":"Home","item":"https:\/\/www.bellunopress.it\/"},{"@type":"ListItem","position":2,"name":"La marcia della pace a Cortina"}]},{"@type":"WebSite","@id":"https:\/\/www.bellunopress.it\/#website","url":"https:\/\/www.bellunopress.it\/","name":"Bellunopress - Dolomiti","description":"e-mail: redazione@bellunopress.it","publisher":{"@id":"https:\/\/www.bellunopress.it\/#organization"},"potentialAction":[{"@type":"SearchAction","target":{"@type":"EntryPoint","urlTemplate":"https:\/\/www.bellunopress.it\/?s={search_term_string}"},"query-input":{"@type":"PropertyValueSpecification","valueRequired":true,"valueName":"search_term_string"}}],"inLanguage":"fr-FR"},{"@type":"Organization","@id":"https:\/\/www.bellunopress.it\/#organization","name":"Bellunopress","url":"https:\/\/www.bellunopress.it\/","logo":{"@type":"ImageObject","inLanguage":"fr-FR","@id":"https:\/\/www.bellunopress.it\/#\/schema\/logo\/image\/","url":"https:\/\/www.bellunopress.it\/wp-content\/uploads\/2011\/05\/cropped-logo-bellunopress-.jpg","contentUrl":"https:\/\/www.bellunopress.it\/wp-content\/uploads\/2011\/05\/cropped-logo-bellunopress-.jpg","width":512,"height":512,"caption":"Bellunopress"},"image":{"@id":"https:\/\/www.bellunopress.it\/#\/schema\/logo\/image\/"},"sameAs":["https:\/\/www.facebook.com\/profile.php?id=100008943462799","https:\/\/x.com\/bellunopress","https:\/\/www.linkedin.com\/hp\/?dnr=JBzUWaJfMUw8vbXJJ2tVW5-I3jZKvC4wsoxE&amp;amp;amp;amp;amp;amp;trk=nav_responsive_tab_home","https:\/\/www.youtube.com\/channel\/UCxL0wu1uN0_3_7hGG0306cw"]},{"@type":"Person","@id":"https:\/\/www.bellunopress.it\/#\/schema\/person\/79bb06722b37ece1c03d3e94beb30d73","name":"r\u00e9daction","image":{"@type":"ImageObject","inLanguage":"fr-FR","@id":"https:\/\/secure.gravatar.com\/avatar\/37d968a2e67a6fd04c169c4bdef102d0bc5d31b2546345219e348575eb80e9a0?s=96&d=mm&r=g","url":"https:\/\/secure.gravatar.com\/avatar\/37d968a2e67a6fd04c169c4bdef102d0bc5d31b2546345219e348575eb80e9a0?s=96&d=mm&r=g","contentUrl":"https:\/\/secure.gravatar.com\/avatar\/37d968a2e67a6fd04c169c4bdef102d0bc5d31b2546345219e348575eb80e9a0?s=96&d=mm&r=g","caption":"redazione"},"sameAs":["http:\/\/www.bellunopress.it","https:\/\/x.com\/bellunopress"],"url":"https:\/\/www.bellunopress.it\/fr\/author\/redazione\/"}]}},"_links":{"self":[{"href":"https:\/\/www.bellunopress.it\/fr\/wp-json\/wp\/v2\/posts\/8104","targetHints":{"allow":["GET"]}}],"collection":[{"href":"https:\/\/www.bellunopress.it\/fr\/wp-json\/wp\/v2\/posts"}],"about":[{"href":"https:\/\/www.bellunopress.it\/fr\/wp-json\/wp\/v2\/types\/post"}],"author":[{"embeddable":true,"href":"https:\/\/www.bellunopress.it\/fr\/wp-json\/wp\/v2\/users\/2"}],"replies":[{"embeddable":true,"href":"https:\/\/www.bellunopress.it\/fr\/wp-json\/wp\/v2\/comments?post=8104"}],"version-history":[{"count":1,"href":"https:\/\/www.bellunopress.it\/fr\/wp-json\/wp\/v2\/posts\/8104\/revisions"}],"predecessor-version":[{"id":8105,"href":"https:\/\/www.bellunopress.it\/fr\/wp-json\/wp\/v2\/posts\/8104\/revisions\/8105"}],"wp:attachment":[{"href":"https:\/\/www.bellunopress.it\/fr\/wp-json\/wp\/v2\/media?parent=8104"}],"wp:term":[{"taxonomy":"category","embeddable":true,"href":"https:\/\/www.bellunopress.it\/fr\/wp-json\/wp\/v2\/categories?post=8104"},{"taxonomy":"post_tag","embeddable":true,"href":"https:\/\/www.bellunopress.it\/fr\/wp-json\/wp\/v2\/tags?post=8104"}],"curies":[{"name":"wp","href":"https:\/\/api.w.org\/{rel}","templated":true}]}}