{"id":8102,"date":"2009-09-15T16:45:30","date_gmt":"2009-09-15T15:45:30","guid":{"rendered":"http:\/\/www.bellunopress.it\/?p=8102"},"modified":"2009-09-15T16:45:30","modified_gmt":"2009-09-15T15:45:30","slug":"feltre-tinnifoli-2009-la-rassegna-curata-dalle-bretelle-lasche-teatro-danza-cabaret-poesia-musica","status":"publish","type":"post","link":"https:\/\/www.bellunopress.it\/fr\/2009\/09\/15\/feltre-tinnifoli-2009-la-rassegna-curata-dalle-bretelle-lasche-teatro-danza-cabaret-poesia-musica\/","title":{"rendered":"Feltre: Tinnifoli 2009, la rassegna curata dalle Bretelle lasche, teatro, danza, cabaret, poesia, musica"},"content":{"rendered":"<p>L\u2019associazione culturale Bretelle Lasche presenta la terza rassegna \u201cTINNIFOLI\u201d organizzata nella citt\u00e0 di Feltre e che si articoler\u00e0 in 4 spettacoli tra il 10 Ottobre 2009 e il 9 Gennaio 2010, presso l\u2019auditorium dell\u2019Istituto Canossiano di Feltre, alle ore 20.45. In questa edizione si \u00e8 scelto di puntare esclusivamente su spettacoli teatrali, allestendo un programma orientato alla soddisfazione di gusti diversi, ma nel rispetto della qualit\u00e0 assoluta che il teatro amatoriale fatto con sensibilit\u00e0 e dedizione \u00e8 in grado di garantire. \u2026ricordo Paolo Dego, a cui tutto questo \u00e8 dedicato, che vive in noi attraverso le infinite tracce che ha lasciato, e che noi proviamo a seguire\u2026<br \/>\nPer informazioni e biglietti tel. 329.367 6945\u00a0 Interi 10.00 euro, ridotti 8.00 euro\u00a0\u00a0\u00a0 <a href=\"mailto:info@bretellelasche.it\">info@bretellelasche.it<\/a>\u00a0\u00a0\u00a0 <a href=\"http:\/\/tinnifoli.bretellelasche.it\">http:\/\/tinnifoli.bretellelasche.it<\/a>\u00a0 Abbonamenti 32.00 euro (posti riservati) La campagna abbonamenti \u00e8 stata aperta da ieri, 14 settembre.<\/p>\n<p>\u00a0<\/p>\n<p>VECI SE NASSE&#8230; NO SE DEVENTA di Giovanni Giusto<br \/>\nCOMMEDIA DELL\u2019ARTE MODERNA<br \/>\nSpettacolo improntato sullo stile di una Commedia dell\u2019Arte Moderna con l\u2019uso delle maschere attualizzato da cui deriva una strepitosa comicit\u00e0. La storia si svolge all\u2019interno dell\u2019umile dimora di Memo e Gina. La quotidianit\u00e0 dei 2 anziani \u00e8 un continuo sopportarsi che sfocia in comici siparietti ogni volta che il limite viene passato dall\u2019uno o dall\u2019altra. Parlano male dei vicini, dei parenti, degli amici, dei figli e si incolpano a vicenda dell\u2019isolamento che si sono creati e di cui ambedue soffrono anche se per orgoglio non lo ammettono. Spettatrice d\u2019eccezione, la cagnolina Bice, ospite indesiderata che sembra invece trovarsi a proprio agio nella casa dei protagonisti. Questa quotidianit\u00e0 viene spezzata dall\u2019entrata in scena di Peppe che invece \u201cvecchio non \u00e8 nato\u201d e nonostante l\u2019et\u00e0 porta con s\u00e9 buonumore e vitalit\u00e0. Rende poi il tutto piccante l\u2019equivocata gentilezza di Peppe verso Gina che Memo interpreta come avances alla propria moglie. Memo allora trova il motivo per allontanare Peppe dalla propria abitazione ma alla sua partenza la vecchia coppia sente la mancanza del vento di giovent\u00f9\u2026Inevitabile lieto fine per uno spettacolo che dietro ogni risata nasconde un pensiero profondo sulla condizione degli anziani, sul tempo passato ricordato con le espressioni colorite di un dialetto andato, sulla vecchiaia che ci aspetta senza perdere la giovinezza.<br \/>\n10 ottobre 2009\/ore 20.45<br \/>\nauditorium istituto canossiano di Feltre<br \/>\nALCUNI PREMI DELLO SPETTACOLO<br \/>\nPrimo premio Teatro Veneto di Padova<br \/>\nPrimo premio Teatrissimo di Bassano del Grappa<br \/>\nPrimo premio sipario d&#8217;argento di Cassola<br \/>\nPrimo premio Grappolo d\u2019oro di Barbarano Vicentino<br \/>\nPrimo premio Vasca d\u2019argento di Montecchio Maggiore<br \/>\nPremio miglior attrice rassegna Teatro19 del Lido di Venezia<br \/>\nPremio speciale Osso d\u2019Oro 2008 per la cagnolina BICE &#8211; Spinea (VE).<br \/>\nPremio miglior attrice protagonista al 7\u00b0 festival del teatro comico d\u2019autore di Spinea (VE)<br \/>\n<a href=\"http:\/\/www.teatro\">www.teatro<\/a> dei pazzi.com<\/p>\n<p>IL DIAVOLO CON LE ZINNE di Dario F\u00f2<br \/>\nCOMMEDIA<br \/>\nSpettacolo brillante, colorato, coinvolgente, un Dario F\u00f2 diverso da quello che siete abituati a vedere, per nulla politico\u2026vi far\u00e0 divertire, con qualche riflessione\u2026 La lotta utopica e romantica del giudice Tristano contro le ingiustizie e le corruzioni \u00e8 come l\u2019estremo e caparbio tentativo di un uomo coraggioso di non soccombere, di non dover subire passivamente l\u2019abitudine al malaffare e all\u2019inciucio. I burattini sulla scena ed i fantocci in platea sono un simbolo, una metafora della nostra condizione di pupazzi, di automi condizionati e manovrati da altri, condannati ad una vita di passivit\u00e0 e immobilit\u00e0. Sballottati tra un \u201cpotere\u201d e l\u2019altro siamo incapaci di agire e di reagire. Le scene, i costumi, le maschere: tutto contribuisce a rappresentare il caos vorticoso e la routine deformata in cui siamo costretti a vivere. Il confondersi ed il sovrapporsi dei dialetti, insieme alla musica popolare di varie regioni, crea una babilonia di sonorit\u00e0 che avvolge tutto lo spettacolo. Questo caos infernale, che \u00e8 il nostro vivere quotidiano, consente una sola via d\u2019uscita e insieme di riscatto: l\u2019amore. \u00c8 l\u2019amore che alla fine salver\u00e0 il giudice e la sua serva. Condannati e respinti dalla societ\u00e0, essi saranno tuttavia liberi di amarsi. Esclusi da tutto, condannati da tutti, ma liberi, finalmente liberi.<br \/>\n07 novembre 2009\/ore 20.45<br \/>\nauditorium istituto canossiano di Feltre<br \/>\nALCUNI PREMI DELLO SPETTACOLO<br \/>\nPremio giuria e gradimento del pubblico, premio miglior regia e migliore attrice Al 61\u00b0 Festival Nazionale di Pesaro<br \/>\nPrimo premio gradimento del pubblico, premi miglior regia, migliore attrice, migliore allestimento, migliore attore non protagonista (con la media pi\u00f9 alta delle 18 edizioni), al 18\u00b0 Festival Nazionale di Gorizia<br \/>\nPrimo premio rassegna teatrale di Bassano del Grappa<br \/>\nPrimo premio 6\u00b0 Festival Dialettale &#8220;Citt\u00e0 di Lanciano&#8221;<br \/>\n<a href=\"http:\/\/www.ilteatrodeipicari.it\">www.ilteatrodeipicari.it<\/a><\/p>\n<p>L\u2019OPERA DA TRE SOLDI di Bertold Brecht<br \/>\nTEATRO con musiche e canti dal vivo<br \/>\nIl capolavoro teatrale di Brecht, animato da un\u2019ironia di fondo che lo accompagna dall&#8217;inizio alla fine e con le straordinarie musiche di K.Weill, qui suonate e cantate dal vivo, che lo rendono sempre gradevole, agile e suggestivo. L&#8217;opera \u00e8 un caustico atto d&#8217;accusa contro il capitalismo e fu talmente apprezzata da risultare il pi\u00f9 grande successo teatrale degli anni venti. Fra poliziotti e gangster, prostitute e mendicanti si dipana il dramma buffo di un mondo votato alla perdizione e in cui non ha pi\u00f9 senso distinguere tra bene e male, poich\u00e9 i metodi della malavita e quelli dei gentiluomini si equivalgono, un mondo in cui sparisce la differenza tra ente rispettabile e banditi perch\u00e8 i soldi rendono tutti uguali. Dalle note di regia \u201c\u2026ho puntato molto sull\u2019ironia (ma direi anche comicit\u00e0), forse contrariamente a quanto avrebbe voluto Brecht, ma non credo di averne tradito lo spirito; si sa che Brecht soffriva, cos\u00ec diceva lui, vedendo che gli spettatori ridevano o piangevano ai suoi spettacoli, che avevano insomma una partecipazione pi\u00f9 emotiva che intellettuale. Io invece mi auguro che i nostri spettatori si divertano e che, attraverso il sorriso, riflettano sull&#8217;uomo e le sue debolezze, sulla societ\u00e0 in cui viviamo\u2026\u201d<br \/>\n12 dicembre 2009\/ore 20.45<br \/>\nauditorium istituto canossiano di feltre<\/p>\n<p>ALCUNI PREMI DELLO SPETTACOLO<br \/>\nPremio per la migliore regia,il miglior allestimento,la migllior attrice non protagonista, Rassegna Naz.le &#8220;Sipario d&#8217;oro&#8221; di Rovereto<br \/>\nPremio per la migliore compagnia, il migliore allestimento, la migliore regia, il migliore attore giovane Festival Naz.le &#8220;Maschera d&#8217;Oro&#8221; Vicenza premio speciale della Giuria &#8211; Festival Naz.le &#8220;Castello di Gorizia&#8221; &#8211; Gorizia<br \/>\nPremio per il migliore spettacolo &#8211; Festival Naz.le di Teatro Spontaneo &#8211; Arezzo<br \/>\nPremio Stella d&#8217;Oro per la migliore opera in concorso &#8211; Rassegna &#8220;Premio Stella D&#8217;Oro&#8221; &#8211; Allerona (Tn)<br \/>\nPremio miglior regia alla III Rassegna teatrale \u201cAnchise Marcellidi Roma<br \/>\nPremio per il migliore attore protagonista Rassegna Naz.le &#8220;Angelo Perugini&#8221;<br \/>\n<a href=\"http:\/\/www.gadpistoia.it\">www.gadpistoia.it<\/a><br \/>\nLE TESTIMONI dal testo teatrale di Euripide<br \/>\nTRAGEDIA GRECA<br \/>\nUno spettacolo evocativo, intenso, con un\u2019atmosfera magica\u2026<br \/>\n7 Donne, 7 Regine,7 Un numero Magico. Le Regine Troiane prigioniere,degli Achei,vincitori. Assistiamo ad un ratto, scatenato pare da una donna. La guerra di Troia passa nella nostra memoria, con il rapimento di Elena condotta a Troia da Paride figlio di Ecuba. Le dinamiche sono uguali come oggi, guerre di religione, guerre fratricide, guerre per il potere,guerre di soprafazione guerre sotterranee che a volte minano la cultura e il pensiero evolutivo dell\u2019uomo. Insomma quasi un bisogno di guerra, in tutto questo universo la donna la regina \u00e8 posseduta dalla perdita del maschile, il dolore,la rinuncia la mancanza il bisogno,la portano ad un pensiero universale,sono uguali le donne nel dolore sia che siano amiche o nemiche,questo il nostro pretesto per l\u2019incontro di Clitennestra con le urlanti Troiane. Questo incontro come un riconoscersi, un subire sempre un destino comune fino ad oggi con la volgare mercificazione del corpo della donna svuotato della sua forza primordiale ma&#8230;c\u2019\u00e8 sempre la speranza,il laico pensiero dell\u2019utopia del teatro e della cultura dove il confronto crea pensiero ,gioco creativo, questo in sintesi il lavoro fatto fino ad oggi.<br \/>\n09 gennaio 2010\/ore 20.45<br \/>\nauditorium istituto canossiano di feltre<br \/>\nULTIMO LAVORO DELLA COMPAGNIA<br \/>\n<a href=\"http:\/\/www.bretellelasche.it\">www.bretellelasche.it<\/a><\/p>","protected":false},"excerpt":{"rendered":"<p>L\u2019associazione culturale Bretelle Lasche presenta la terza rassegna \u201cTINNIFOLI\u201d organizzata nella citt\u00e0 di Feltre e che si articoler\u00e0 in 4 spettacoli tra il 10 Ottobre 2009 e il 9 Gennaio 2010, presso l\u2019auditorium dell\u2019Istituto Canossiano di Feltre, alle ore 20.45. In questa edizione si \u00e8 scelto di puntare esclusivamente su spettacoli teatrali, allestendo un programma [&hellip;]<\/p>\n","protected":false},"author":2,"featured_media":0,"comment_status":"closed","ping_status":"open","sticky":false,"template":"","format":"standard","meta":{"footnotes":""},"categories":[3,25],"tags":[302],"class_list":["post-8102","post","type-post","status-publish","format-standard","category-arte-cultura-spettacoli-scienza-archivi","category-pausa-caffe","tag-feltre"],"yoast_head":"<!-- This site is optimized with the Yoast SEO plugin v28.4 - https:\/\/yoast.com\/product\/yoast-seo-wordpress\/ -->\n<title>Feltre: Tinnifoli 2009, la rassegna curata dalle Bretelle lasche, teatro, danza, cabaret, poesia, musica - Bellunopress - Dolomiti<\/title>\n<meta name=\"robots\" content=\"index, follow, max-snippet:-1, max-image-preview:large, max-video-preview:-1\" \/>\n<link rel=\"canonical\" href=\"https:\/\/www.bellunopress.it\/fr\/2009\/09\/15\/feltre-tinnifoli-2009-la-rassegna-curata-dalle-bretelle-lasche-teatro-danza-cabaret-poesia-musica\/\" \/>\n<meta property=\"og:locale\" content=\"fr_FR\" \/>\n<meta property=\"og:type\" content=\"article\" \/>\n<meta property=\"og:title\" content=\"Feltre: Tinnifoli 2009, la rassegna curata dalle Bretelle lasche, teatro, danza, cabaret, poesia, musica - Bellunopress - Dolomiti\" \/>\n<meta property=\"og:description\" content=\"L\u2019associazione culturale Bretelle Lasche presenta la terza rassegna \u201cTINNIFOLI\u201d organizzata nella citt\u00e0 di Feltre e che si articoler\u00e0 in 4 spettacoli tra il 10 Ottobre 2009 e il 9 Gennaio 2010, presso l\u2019auditorium dell\u2019Istituto Canossiano di Feltre, alle ore 20.45. In questa edizione si \u00e8 scelto di puntare esclusivamente su spettacoli teatrali, allestendo un programma [&hellip;]\" \/>\n<meta property=\"og:url\" content=\"https:\/\/www.bellunopress.it\/fr\/2009\/09\/15\/feltre-tinnifoli-2009-la-rassegna-curata-dalle-bretelle-lasche-teatro-danza-cabaret-poesia-musica\/\" \/>\n<meta property=\"og:site_name\" content=\"Bellunopress - Dolomiti\" \/>\n<meta property=\"article:publisher\" content=\"https:\/\/www.facebook.com\/profile.php?id=100008943462799\" \/>\n<meta property=\"article:published_time\" content=\"2009-09-15T15:45:30+00:00\" \/>\n<meta property=\"og:image\" content=\"http:\/\/www.bellunopress.it\/wp-content\/uploads\/2012\/07\/logo-bellunopress-250x250-2012.jpg\" \/>\n<meta name=\"author\" content=\"redazione\" \/>\n<meta name=\"twitter:card\" content=\"summary_large_image\" \/>\n<meta name=\"twitter:creator\" content=\"@bellunopress\" \/>\n<meta name=\"twitter:site\" content=\"@bellunopress\" \/>\n<meta name=\"twitter:label1\" content=\"\u00c9crit par\" \/>\n\t<meta name=\"twitter:data1\" content=\"redazione\" \/>\n\t<meta name=\"twitter:label2\" content=\"Dur\u00e9e de lecture estim\u00e9e\" \/>\n\t<meta name=\"twitter:data2\" content=\"6 minutes\" \/>\n<script type=\"application\/ld+json\" class=\"yoast-schema-graph\">{\"@context\":\"https:\\\/\\\/schema.org\",\"@graph\":[{\"@type\":\"Article\",\"@id\":\"https:\\\/\\\/www.bellunopress.it\\\/2009\\\/09\\\/15\\\/feltre-tinnifoli-2009-la-rassegna-curata-dalle-bretelle-lasche-teatro-danza-cabaret-poesia-musica\\\/#article\",\"isPartOf\":{\"@id\":\"https:\\\/\\\/www.bellunopress.it\\\/2009\\\/09\\\/15\\\/feltre-tinnifoli-2009-la-rassegna-curata-dalle-bretelle-lasche-teatro-danza-cabaret-poesia-musica\\\/\"},\"author\":{\"name\":\"redazione\",\"@id\":\"https:\\\/\\\/www.bellunopress.it\\\/#\\\/schema\\\/person\\\/79bb06722b37ece1c03d3e94beb30d73\"},\"headline\":\"Feltre: Tinnifoli 2009, la rassegna curata dalle Bretelle lasche, teatro, danza, cabaret, poesia, musica\",\"datePublished\":\"2009-09-15T15:45:30+00:00\",\"mainEntityOfPage\":{\"@id\":\"https:\\\/\\\/www.bellunopress.it\\\/2009\\\/09\\\/15\\\/feltre-tinnifoli-2009-la-rassegna-curata-dalle-bretelle-lasche-teatro-danza-cabaret-poesia-musica\\\/\"},\"wordCount\":1321,\"publisher\":{\"@id\":\"https:\\\/\\\/www.bellunopress.it\\\/#organization\"},\"keywords\":[\"Feltre\"],\"articleSection\":[\"Arte, Cultura, Spettacoli, Scienza\",\"Pausa Caff\u00e8\"],\"inLanguage\":\"fr-FR\"},{\"@type\":\"WebPage\",\"@id\":\"https:\\\/\\\/www.bellunopress.it\\\/2009\\\/09\\\/15\\\/feltre-tinnifoli-2009-la-rassegna-curata-dalle-bretelle-lasche-teatro-danza-cabaret-poesia-musica\\\/\",\"url\":\"https:\\\/\\\/www.bellunopress.it\\\/2009\\\/09\\\/15\\\/feltre-tinnifoli-2009-la-rassegna-curata-dalle-bretelle-lasche-teatro-danza-cabaret-poesia-musica\\\/\",\"name\":\"Feltre: Tinnifoli 2009, la rassegna curata dalle Bretelle lasche, teatro, danza, cabaret, poesia, musica - Bellunopress - Dolomiti\",\"isPartOf\":{\"@id\":\"https:\\\/\\\/www.bellunopress.it\\\/#website\"},\"datePublished\":\"2009-09-15T15:45:30+00:00\",\"breadcrumb\":{\"@id\":\"https:\\\/\\\/www.bellunopress.it\\\/2009\\\/09\\\/15\\\/feltre-tinnifoli-2009-la-rassegna-curata-dalle-bretelle-lasche-teatro-danza-cabaret-poesia-musica\\\/#breadcrumb\"},\"inLanguage\":\"fr-FR\",\"potentialAction\":[{\"@type\":\"ReadAction\",\"target\":[\"https:\\\/\\\/www.bellunopress.it\\\/2009\\\/09\\\/15\\\/feltre-tinnifoli-2009-la-rassegna-curata-dalle-bretelle-lasche-teatro-danza-cabaret-poesia-musica\\\/\"]}]},{\"@type\":\"BreadcrumbList\",\"@id\":\"https:\\\/\\\/www.bellunopress.it\\\/2009\\\/09\\\/15\\\/feltre-tinnifoli-2009-la-rassegna-curata-dalle-bretelle-lasche-teatro-danza-cabaret-poesia-musica\\\/#breadcrumb\",\"itemListElement\":[{\"@type\":\"ListItem\",\"position\":1,\"name\":\"Home\",\"item\":\"https:\\\/\\\/www.bellunopress.it\\\/\"},{\"@type\":\"ListItem\",\"position\":2,\"name\":\"Feltre: Tinnifoli 2009, la rassegna curata dalle Bretelle lasche, teatro, danza, cabaret, poesia, musica\"}]},{\"@type\":\"WebSite\",\"@id\":\"https:\\\/\\\/www.bellunopress.it\\\/#website\",\"url\":\"https:\\\/\\\/www.bellunopress.it\\\/\",\"name\":\"Bellunopress - Dolomiti\",\"description\":\"e-mail: redazione@bellunopress.it\",\"publisher\":{\"@id\":\"https:\\\/\\\/www.bellunopress.it\\\/#organization\"},\"potentialAction\":[{\"@type\":\"SearchAction\",\"target\":{\"@type\":\"EntryPoint\",\"urlTemplate\":\"https:\\\/\\\/www.bellunopress.it\\\/?s={search_term_string}\"},\"query-input\":{\"@type\":\"PropertyValueSpecification\",\"valueRequired\":true,\"valueName\":\"search_term_string\"}}],\"inLanguage\":\"fr-FR\"},{\"@type\":\"Organization\",\"@id\":\"https:\\\/\\\/www.bellunopress.it\\\/#organization\",\"name\":\"Bellunopress\",\"url\":\"https:\\\/\\\/www.bellunopress.it\\\/\",\"logo\":{\"@type\":\"ImageObject\",\"inLanguage\":\"fr-FR\",\"@id\":\"https:\\\/\\\/www.bellunopress.it\\\/#\\\/schema\\\/logo\\\/image\\\/\",\"url\":\"https:\\\/\\\/www.bellunopress.it\\\/wp-content\\\/uploads\\\/2011\\\/05\\\/cropped-logo-bellunopress-.jpg\",\"contentUrl\":\"https:\\\/\\\/www.bellunopress.it\\\/wp-content\\\/uploads\\\/2011\\\/05\\\/cropped-logo-bellunopress-.jpg\",\"width\":512,\"height\":512,\"caption\":\"Bellunopress\"},\"image\":{\"@id\":\"https:\\\/\\\/www.bellunopress.it\\\/#\\\/schema\\\/logo\\\/image\\\/\"},\"sameAs\":[\"https:\\\/\\\/www.facebook.com\\\/profile.php?id=100008943462799\",\"https:\\\/\\\/x.com\\\/bellunopress\",\"https:\\\/\\\/www.linkedin.com\\\/hp\\\/?dnr=JBzUWaJfMUw8vbXJJ2tVW5-I3jZKvC4wsoxE&amp;amp;amp;amp;amp;amp;trk=nav_responsive_tab_home\",\"https:\\\/\\\/www.youtube.com\\\/channel\\\/UCxL0wu1uN0_3_7hGG0306cw\"]},{\"@type\":\"Person\",\"@id\":\"https:\\\/\\\/www.bellunopress.it\\\/#\\\/schema\\\/person\\\/79bb06722b37ece1c03d3e94beb30d73\",\"name\":\"redazione\",\"image\":{\"@type\":\"ImageObject\",\"inLanguage\":\"fr-FR\",\"@id\":\"https:\\\/\\\/secure.gravatar.com\\\/avatar\\\/37d968a2e67a6fd04c169c4bdef102d0bc5d31b2546345219e348575eb80e9a0?s=96&d=mm&r=g\",\"url\":\"https:\\\/\\\/secure.gravatar.com\\\/avatar\\\/37d968a2e67a6fd04c169c4bdef102d0bc5d31b2546345219e348575eb80e9a0?s=96&d=mm&r=g\",\"contentUrl\":\"https:\\\/\\\/secure.gravatar.com\\\/avatar\\\/37d968a2e67a6fd04c169c4bdef102d0bc5d31b2546345219e348575eb80e9a0?s=96&d=mm&r=g\",\"caption\":\"redazione\"},\"sameAs\":[\"http:\\\/\\\/www.bellunopress.it\",\"https:\\\/\\\/x.com\\\/bellunopress\"],\"url\":\"https:\\\/\\\/www.bellunopress.it\\\/fr\\\/author\\\/redazione\\\/\"}]}<\/script>\n<!-- \/ Yoast SEO plugin. -->","yoast_head_json":{"title":"Feltre: Tinnifoli 2009, la rassegna curata dalle Bretelle lasche, teatro, danza, cabaret, poesia, musica - Bellunopress - Dolomiti","robots":{"index":"index","follow":"follow","max-snippet":"max-snippet:-1","max-image-preview":"max-image-preview:large","max-video-preview":"max-video-preview:-1"},"canonical":"https:\/\/www.bellunopress.it\/fr\/2009\/09\/15\/feltre-tinnifoli-2009-la-rassegna-curata-dalle-bretelle-lasche-teatro-danza-cabaret-poesia-musica\/","og_locale":"fr_FR","og_type":"article","og_title":"Feltre: Tinnifoli 2009, la rassegna curata dalle Bretelle lasche, teatro, danza, cabaret, poesia, musica - Bellunopress - Dolomiti","og_description":"L\u2019associazione culturale Bretelle Lasche presenta la terza rassegna \u201cTINNIFOLI\u201d organizzata nella citt\u00e0 di Feltre e che si articoler\u00e0 in 4 spettacoli tra il 10 Ottobre 2009 e il 9 Gennaio 2010, presso l\u2019auditorium dell\u2019Istituto Canossiano di Feltre, alle ore 20.45. In questa edizione si \u00e8 scelto di puntare esclusivamente su spettacoli teatrali, allestendo un programma [&hellip;]","og_url":"https:\/\/www.bellunopress.it\/fr\/2009\/09\/15\/feltre-tinnifoli-2009-la-rassegna-curata-dalle-bretelle-lasche-teatro-danza-cabaret-poesia-musica\/","og_site_name":"Bellunopress - Dolomiti","article_publisher":"https:\/\/www.facebook.com\/profile.php?id=100008943462799","article_published_time":"2009-09-15T15:45:30+00:00","og_image":[{"url":"http:\/\/www.bellunopress.it\/wp-content\/uploads\/2012\/07\/logo-bellunopress-250x250-2012.jpg","type":"","width":"","height":""}],"author":"redazione","twitter_card":"summary_large_image","twitter_creator":"@bellunopress","twitter_site":"@bellunopress","twitter_misc":{"\u00c9crit par":"redazione","Dur\u00e9e de lecture estim\u00e9e":"6 minutes"},"schema":{"@context":"https:\/\/schema.org","@graph":[{"@type":"Article","@id":"https:\/\/www.bellunopress.it\/2009\/09\/15\/feltre-tinnifoli-2009-la-rassegna-curata-dalle-bretelle-lasche-teatro-danza-cabaret-poesia-musica\/#article","isPartOf":{"@id":"https:\/\/www.bellunopress.it\/2009\/09\/15\/feltre-tinnifoli-2009-la-rassegna-curata-dalle-bretelle-lasche-teatro-danza-cabaret-poesia-musica\/"},"author":{"name":"redazione","@id":"https:\/\/www.bellunopress.it\/#\/schema\/person\/79bb06722b37ece1c03d3e94beb30d73"},"headline":"Feltre: Tinnifoli 2009, la rassegna curata dalle Bretelle lasche, teatro, danza, cabaret, poesia, musica","datePublished":"2009-09-15T15:45:30+00:00","mainEntityOfPage":{"@id":"https:\/\/www.bellunopress.it\/2009\/09\/15\/feltre-tinnifoli-2009-la-rassegna-curata-dalle-bretelle-lasche-teatro-danza-cabaret-poesia-musica\/"},"wordCount":1321,"publisher":{"@id":"https:\/\/www.bellunopress.it\/#organization"},"keywords":["Feltre"],"articleSection":["Arte, Cultura, Spettacoli, Scienza","Pausa Caff\u00e8"],"inLanguage":"fr-FR"},{"@type":"WebPage","@id":"https:\/\/www.bellunopress.it\/2009\/09\/15\/feltre-tinnifoli-2009-la-rassegna-curata-dalle-bretelle-lasche-teatro-danza-cabaret-poesia-musica\/","url":"https:\/\/www.bellunopress.it\/2009\/09\/15\/feltre-tinnifoli-2009-la-rassegna-curata-dalle-bretelle-lasche-teatro-danza-cabaret-poesia-musica\/","name":"Feltre: Tinnifoli 2009, la rassegna curata dalle Bretelle lasche, teatro, danza, cabaret, poesia, musica - Bellunopress - Dolomiti","isPartOf":{"@id":"https:\/\/www.bellunopress.it\/#website"},"datePublished":"2009-09-15T15:45:30+00:00","breadcrumb":{"@id":"https:\/\/www.bellunopress.it\/2009\/09\/15\/feltre-tinnifoli-2009-la-rassegna-curata-dalle-bretelle-lasche-teatro-danza-cabaret-poesia-musica\/#breadcrumb"},"inLanguage":"fr-FR","potentialAction":[{"@type":"ReadAction","target":["https:\/\/www.bellunopress.it\/2009\/09\/15\/feltre-tinnifoli-2009-la-rassegna-curata-dalle-bretelle-lasche-teatro-danza-cabaret-poesia-musica\/"]}]},{"@type":"BreadcrumbList","@id":"https:\/\/www.bellunopress.it\/2009\/09\/15\/feltre-tinnifoli-2009-la-rassegna-curata-dalle-bretelle-lasche-teatro-danza-cabaret-poesia-musica\/#breadcrumb","itemListElement":[{"@type":"ListItem","position":1,"name":"Home","item":"https:\/\/www.bellunopress.it\/"},{"@type":"ListItem","position":2,"name":"Feltre: Tinnifoli 2009, la rassegna curata dalle Bretelle lasche, teatro, danza, cabaret, poesia, musica"}]},{"@type":"WebSite","@id":"https:\/\/www.bellunopress.it\/#website","url":"https:\/\/www.bellunopress.it\/","name":"Bellunopress - Dolomiti","description":"e-mail: redazione@bellunopress.it","publisher":{"@id":"https:\/\/www.bellunopress.it\/#organization"},"potentialAction":[{"@type":"SearchAction","target":{"@type":"EntryPoint","urlTemplate":"https:\/\/www.bellunopress.it\/?s={search_term_string}"},"query-input":{"@type":"PropertyValueSpecification","valueRequired":true,"valueName":"search_term_string"}}],"inLanguage":"fr-FR"},{"@type":"Organization","@id":"https:\/\/www.bellunopress.it\/#organization","name":"Bellunopress","url":"https:\/\/www.bellunopress.it\/","logo":{"@type":"ImageObject","inLanguage":"fr-FR","@id":"https:\/\/www.bellunopress.it\/#\/schema\/logo\/image\/","url":"https:\/\/www.bellunopress.it\/wp-content\/uploads\/2011\/05\/cropped-logo-bellunopress-.jpg","contentUrl":"https:\/\/www.bellunopress.it\/wp-content\/uploads\/2011\/05\/cropped-logo-bellunopress-.jpg","width":512,"height":512,"caption":"Bellunopress"},"image":{"@id":"https:\/\/www.bellunopress.it\/#\/schema\/logo\/image\/"},"sameAs":["https:\/\/www.facebook.com\/profile.php?id=100008943462799","https:\/\/x.com\/bellunopress","https:\/\/www.linkedin.com\/hp\/?dnr=JBzUWaJfMUw8vbXJJ2tVW5-I3jZKvC4wsoxE&amp;amp;amp;amp;amp;amp;trk=nav_responsive_tab_home","https:\/\/www.youtube.com\/channel\/UCxL0wu1uN0_3_7hGG0306cw"]},{"@type":"Person","@id":"https:\/\/www.bellunopress.it\/#\/schema\/person\/79bb06722b37ece1c03d3e94beb30d73","name":"r\u00e9daction","image":{"@type":"ImageObject","inLanguage":"fr-FR","@id":"https:\/\/secure.gravatar.com\/avatar\/37d968a2e67a6fd04c169c4bdef102d0bc5d31b2546345219e348575eb80e9a0?s=96&d=mm&r=g","url":"https:\/\/secure.gravatar.com\/avatar\/37d968a2e67a6fd04c169c4bdef102d0bc5d31b2546345219e348575eb80e9a0?s=96&d=mm&r=g","contentUrl":"https:\/\/secure.gravatar.com\/avatar\/37d968a2e67a6fd04c169c4bdef102d0bc5d31b2546345219e348575eb80e9a0?s=96&d=mm&r=g","caption":"redazione"},"sameAs":["http:\/\/www.bellunopress.it","https:\/\/x.com\/bellunopress"],"url":"https:\/\/www.bellunopress.it\/fr\/author\/redazione\/"}]}},"_links":{"self":[{"href":"https:\/\/www.bellunopress.it\/fr\/wp-json\/wp\/v2\/posts\/8102","targetHints":{"allow":["GET"]}}],"collection":[{"href":"https:\/\/www.bellunopress.it\/fr\/wp-json\/wp\/v2\/posts"}],"about":[{"href":"https:\/\/www.bellunopress.it\/fr\/wp-json\/wp\/v2\/types\/post"}],"author":[{"embeddable":true,"href":"https:\/\/www.bellunopress.it\/fr\/wp-json\/wp\/v2\/users\/2"}],"replies":[{"embeddable":true,"href":"https:\/\/www.bellunopress.it\/fr\/wp-json\/wp\/v2\/comments?post=8102"}],"version-history":[{"count":1,"href":"https:\/\/www.bellunopress.it\/fr\/wp-json\/wp\/v2\/posts\/8102\/revisions"}],"predecessor-version":[{"id":8103,"href":"https:\/\/www.bellunopress.it\/fr\/wp-json\/wp\/v2\/posts\/8102\/revisions\/8103"}],"wp:attachment":[{"href":"https:\/\/www.bellunopress.it\/fr\/wp-json\/wp\/v2\/media?parent=8102"}],"wp:term":[{"taxonomy":"category","embeddable":true,"href":"https:\/\/www.bellunopress.it\/fr\/wp-json\/wp\/v2\/categories?post=8102"},{"taxonomy":"post_tag","embeddable":true,"href":"https:\/\/www.bellunopress.it\/fr\/wp-json\/wp\/v2\/tags?post=8102"}],"curies":[{"name":"wp","href":"https:\/\/api.w.org\/{rel}","templated":true}]}}