{"id":8100,"date":"2009-09-15T16:34:19","date_gmt":"2009-09-15T15:34:19","guid":{"rendered":"http:\/\/www.bellunopress.it\/?p=8100"},"modified":"2009-09-15T16:34:19","modified_gmt":"2009-09-15T15:34:19","slug":"miss-italia-manzato%e2%80%9cveneto-terra-di-bellezza-pronti-ad-ospitare-il-concorso-nel-2010%e2%80%9d","status":"publish","type":"post","link":"https:\/\/www.bellunopress.it\/fr\/2009\/09\/15\/miss-italia-manzato%e2%80%9cveneto-terra-di-bellezza-pronti-ad-ospitare-il-concorso-nel-2010%e2%80%9d\/","title":{"rendered":"Miss Italia, Manzato:\u201cVeneto terra di bellezza. Pronti ad ospitare il concorso nel 2010\u201d"},"content":{"rendered":"<p>&#8220;Faccio i miei personali complimenti alle miss venete, in primis alla bellunese Letizia Bacchiet che ha dato lustro alla nostra regione, confermandola ancora una volta terra di belle donne\u201d. Il vicegovernatore Manzato esprime cos\u00ec il suo \u201cgrazie\u201d anche Alla trevigiana Valentina Peccolo, e alle veneziane Valentina Agnoletto e Valentina Rosani: \u201cHanno tenuto alto il nome del Veneto. Non tutte, come Letizia, hanno potuto dare prova della loro bellezza e del loro carattere fino all\u2019ultima puntata, ma sono giovanissime e sono certo che la strada verso il successo \u00e8 pi\u00f9 che aperta\u201d. Al termine della 70esima edizione di Miss Italia, resta aperta la \u201ccorsa\u201d per ospitare la rassegna nel 2010, dato che il contratto con Salsomaggiore \u00e8 scaduto: \u201cDa anni il Veneto ha dichiarato che sarebbe un privilegio ospitare Miss Italia nelle sue strutture, moderne ed adattissime allo svolgimento del concorso. Lanciamo la proposta oggi, di nuovo\u2026 Sarebbe un\u2019opportunit\u00e0 per il nostro turismo ma anche per il Concorso: la perfetta organizzazione logistica di Jesolo, ad esempio, l\u2019ha gi\u00e0 dimostrato a luglio ospitando Miss Italia nel Mondo\u201d.<\/p>","protected":false},"excerpt":{"rendered":"<p>&#8220;Faccio i miei personali complimenti alle miss venete, in primis alla bellunese Letizia Bacchiet che ha dato lustro alla nostra regione, confermandola ancora una volta terra di belle donne\u201d. Il vicegovernatore Manzato esprime cos\u00ec il suo \u201cgrazie\u201d anche Alla trevigiana Valentina Peccolo, e alle veneziane Valentina Agnoletto e Valentina Rosani: \u201cHanno tenuto alto il nome [&hellip;]<\/p>\n","protected":false},"author":2,"featured_media":0,"comment_status":"closed","ping_status":"open","sticky":false,"template":"","format":"standard","meta":{"footnotes":""},"categories":[3,26],"tags":[],"class_list":["post-8100","post","type-post","status-publish","format-standard","category-arte-cultura-spettacoli-scienza-archivi","category-prima-pagina"],"yoast_head":"<!-- This site is optimized with the Yoast SEO plugin v28.4 - https:\/\/yoast.com\/product\/yoast-seo-wordpress\/ -->\n<title>Miss Italia, Manzato:\u201cVeneto terra di bellezza. Pronti ad ospitare il concorso nel 2010\u201d - Bellunopress - Dolomiti<\/title>\n<meta name=\"robots\" content=\"index, follow, max-snippet:-1, max-image-preview:large, max-video-preview:-1\" \/>\n<link rel=\"canonical\" href=\"https:\/\/www.bellunopress.it\/fr\/2009\/09\/15\/miss-italia-manzato\u201cveneto-terra-di-bellezza-pronti-ad-ospitare-il-concorso-nel-2010\u201d\/\" \/>\n<meta property=\"og:locale\" content=\"fr_FR\" \/>\n<meta property=\"og:type\" content=\"article\" \/>\n<meta property=\"og:title\" content=\"Miss Italia, Manzato:\u201cVeneto terra di bellezza. Pronti ad ospitare il concorso nel 2010\u201d - Bellunopress - Dolomiti\" \/>\n<meta property=\"og:description\" content=\"&#8220;Faccio i miei personali complimenti alle miss venete, in primis alla bellunese Letizia Bacchiet che ha dato lustro alla nostra regione, confermandola ancora una volta terra di belle donne\u201d. Il vicegovernatore Manzato esprime cos\u00ec il suo \u201cgrazie\u201d anche Alla trevigiana Valentina Peccolo, e alle veneziane Valentina Agnoletto e Valentina Rosani: \u201cHanno tenuto alto il nome [&hellip;]\" \/>\n<meta property=\"og:url\" content=\"https:\/\/www.bellunopress.it\/fr\/2009\/09\/15\/miss-italia-manzato\u201cveneto-terra-di-bellezza-pronti-ad-ospitare-il-concorso-nel-2010\u201d\/\" \/>\n<meta property=\"og:site_name\" content=\"Bellunopress - Dolomiti\" \/>\n<meta property=\"article:publisher\" content=\"https:\/\/www.facebook.com\/profile.php?id=100008943462799\" \/>\n<meta property=\"article:published_time\" content=\"2009-09-15T15:34:19+00:00\" \/>\n<meta property=\"og:image\" content=\"http:\/\/www.bellunopress.it\/wp-content\/uploads\/2012\/07\/logo-bellunopress-250x250-2012.jpg\" \/>\n<meta name=\"author\" content=\"redazione\" \/>\n<meta name=\"twitter:card\" content=\"summary_large_image\" \/>\n<meta name=\"twitter:creator\" content=\"@bellunopress\" \/>\n<meta name=\"twitter:site\" content=\"@bellunopress\" \/>\n<meta name=\"twitter:label1\" content=\"\u00c9crit par\" \/>\n\t<meta name=\"twitter:data1\" content=\"redazione\" \/>\n\t<meta name=\"twitter:label2\" content=\"Dur\u00e9e de lecture estim\u00e9e\" \/>\n\t<meta name=\"twitter:data2\" content=\"1 minute\" \/>\n<script type=\"application\/ld+json\" class=\"yoast-schema-graph\">{\"@context\":\"https:\\\/\\\/schema.org\",\"@graph\":[{\"@type\":\"Article\",\"@id\":\"https:\\\/\\\/www.bellunopress.it\\\/2009\\\/09\\\/15\\\/miss-italia-manzato%e2%80%9cveneto-terra-di-bellezza-pronti-ad-ospitare-il-concorso-nel-2010%e2%80%9d\\\/#article\",\"isPartOf\":{\"@id\":\"https:\\\/\\\/www.bellunopress.it\\\/2009\\\/09\\\/15\\\/miss-italia-manzato%e2%80%9cveneto-terra-di-bellezza-pronti-ad-ospitare-il-concorso-nel-2010%e2%80%9d\\\/\"},\"author\":{\"name\":\"redazione\",\"@id\":\"https:\\\/\\\/www.bellunopress.it\\\/#\\\/schema\\\/person\\\/79bb06722b37ece1c03d3e94beb30d73\"},\"headline\":\"Miss Italia, Manzato:\u201cVeneto terra di bellezza. Pronti ad ospitare il concorso nel 2010\u201d\",\"datePublished\":\"2009-09-15T15:34:19+00:00\",\"mainEntityOfPage\":{\"@id\":\"https:\\\/\\\/www.bellunopress.it\\\/2009\\\/09\\\/15\\\/miss-italia-manzato%e2%80%9cveneto-terra-di-bellezza-pronti-ad-ospitare-il-concorso-nel-2010%e2%80%9d\\\/\"},\"wordCount\":188,\"publisher\":{\"@id\":\"https:\\\/\\\/www.bellunopress.it\\\/#organization\"},\"articleSection\":[\"Arte, Cultura, Spettacoli, Scienza\",\"Prima Pagina\"],\"inLanguage\":\"fr-FR\"},{\"@type\":\"WebPage\",\"@id\":\"https:\\\/\\\/www.bellunopress.it\\\/2009\\\/09\\\/15\\\/miss-italia-manzato%e2%80%9cveneto-terra-di-bellezza-pronti-ad-ospitare-il-concorso-nel-2010%e2%80%9d\\\/\",\"url\":\"https:\\\/\\\/www.bellunopress.it\\\/2009\\\/09\\\/15\\\/miss-italia-manzato%e2%80%9cveneto-terra-di-bellezza-pronti-ad-ospitare-il-concorso-nel-2010%e2%80%9d\\\/\",\"name\":\"Miss Italia, Manzato:\u201cVeneto terra di bellezza. Pronti ad ospitare il concorso nel 2010\u201d - Bellunopress - Dolomiti\",\"isPartOf\":{\"@id\":\"https:\\\/\\\/www.bellunopress.it\\\/#website\"},\"datePublished\":\"2009-09-15T15:34:19+00:00\",\"breadcrumb\":{\"@id\":\"https:\\\/\\\/www.bellunopress.it\\\/2009\\\/09\\\/15\\\/miss-italia-manzato%e2%80%9cveneto-terra-di-bellezza-pronti-ad-ospitare-il-concorso-nel-2010%e2%80%9d\\\/#breadcrumb\"},\"inLanguage\":\"fr-FR\",\"potentialAction\":[{\"@type\":\"ReadAction\",\"target\":[\"https:\\\/\\\/www.bellunopress.it\\\/2009\\\/09\\\/15\\\/miss-italia-manzato%e2%80%9cveneto-terra-di-bellezza-pronti-ad-ospitare-il-concorso-nel-2010%e2%80%9d\\\/\"]}]},{\"@type\":\"BreadcrumbList\",\"@id\":\"https:\\\/\\\/www.bellunopress.it\\\/2009\\\/09\\\/15\\\/miss-italia-manzato%e2%80%9cveneto-terra-di-bellezza-pronti-ad-ospitare-il-concorso-nel-2010%e2%80%9d\\\/#breadcrumb\",\"itemListElement\":[{\"@type\":\"ListItem\",\"position\":1,\"name\":\"Home\",\"item\":\"https:\\\/\\\/www.bellunopress.it\\\/\"},{\"@type\":\"ListItem\",\"position\":2,\"name\":\"Miss Italia, Manzato:\u201cVeneto terra di bellezza. Pronti ad ospitare il concorso nel 2010\u201d\"}]},{\"@type\":\"WebSite\",\"@id\":\"https:\\\/\\\/www.bellunopress.it\\\/#website\",\"url\":\"https:\\\/\\\/www.bellunopress.it\\\/\",\"name\":\"Bellunopress - Dolomiti\",\"description\":\"e-mail: redazione@bellunopress.it\",\"publisher\":{\"@id\":\"https:\\\/\\\/www.bellunopress.it\\\/#organization\"},\"potentialAction\":[{\"@type\":\"SearchAction\",\"target\":{\"@type\":\"EntryPoint\",\"urlTemplate\":\"https:\\\/\\\/www.bellunopress.it\\\/?s={search_term_string}\"},\"query-input\":{\"@type\":\"PropertyValueSpecification\",\"valueRequired\":true,\"valueName\":\"search_term_string\"}}],\"inLanguage\":\"fr-FR\"},{\"@type\":\"Organization\",\"@id\":\"https:\\\/\\\/www.bellunopress.it\\\/#organization\",\"name\":\"Bellunopress\",\"url\":\"https:\\\/\\\/www.bellunopress.it\\\/\",\"logo\":{\"@type\":\"ImageObject\",\"inLanguage\":\"fr-FR\",\"@id\":\"https:\\\/\\\/www.bellunopress.it\\\/#\\\/schema\\\/logo\\\/image\\\/\",\"url\":\"https:\\\/\\\/www.bellunopress.it\\\/wp-content\\\/uploads\\\/2011\\\/05\\\/cropped-logo-bellunopress-.jpg\",\"contentUrl\":\"https:\\\/\\\/www.bellunopress.it\\\/wp-content\\\/uploads\\\/2011\\\/05\\\/cropped-logo-bellunopress-.jpg\",\"width\":512,\"height\":512,\"caption\":\"Bellunopress\"},\"image\":{\"@id\":\"https:\\\/\\\/www.bellunopress.it\\\/#\\\/schema\\\/logo\\\/image\\\/\"},\"sameAs\":[\"https:\\\/\\\/www.facebook.com\\\/profile.php?id=100008943462799\",\"https:\\\/\\\/x.com\\\/bellunopress\",\"https:\\\/\\\/www.linkedin.com\\\/hp\\\/?dnr=JBzUWaJfMUw8vbXJJ2tVW5-I3jZKvC4wsoxE&amp;amp;amp;amp;amp;amp;trk=nav_responsive_tab_home\",\"https:\\\/\\\/www.youtube.com\\\/channel\\\/UCxL0wu1uN0_3_7hGG0306cw\"]},{\"@type\":\"Person\",\"@id\":\"https:\\\/\\\/www.bellunopress.it\\\/#\\\/schema\\\/person\\\/79bb06722b37ece1c03d3e94beb30d73\",\"name\":\"redazione\",\"image\":{\"@type\":\"ImageObject\",\"inLanguage\":\"fr-FR\",\"@id\":\"https:\\\/\\\/secure.gravatar.com\\\/avatar\\\/37d968a2e67a6fd04c169c4bdef102d0bc5d31b2546345219e348575eb80e9a0?s=96&d=mm&r=g\",\"url\":\"https:\\\/\\\/secure.gravatar.com\\\/avatar\\\/37d968a2e67a6fd04c169c4bdef102d0bc5d31b2546345219e348575eb80e9a0?s=96&d=mm&r=g\",\"contentUrl\":\"https:\\\/\\\/secure.gravatar.com\\\/avatar\\\/37d968a2e67a6fd04c169c4bdef102d0bc5d31b2546345219e348575eb80e9a0?s=96&d=mm&r=g\",\"caption\":\"redazione\"},\"sameAs\":[\"http:\\\/\\\/www.bellunopress.it\",\"https:\\\/\\\/x.com\\\/bellunopress\"],\"url\":\"https:\\\/\\\/www.bellunopress.it\\\/fr\\\/author\\\/redazione\\\/\"}]}<\/script>\n<!-- \/ Yoast SEO plugin. -->","yoast_head_json":{"title":"Miss Italia, Manzato:\u201cVeneto terra di bellezza. Pronti ad ospitare il concorso nel 2010\u201d - Bellunopress - Dolomiti","robots":{"index":"index","follow":"follow","max-snippet":"max-snippet:-1","max-image-preview":"max-image-preview:large","max-video-preview":"max-video-preview:-1"},"canonical":"https:\/\/www.bellunopress.it\/fr\/2009\/09\/15\/miss-italia-manzato\u201cveneto-terra-di-bellezza-pronti-ad-ospitare-il-concorso-nel-2010\u201d\/","og_locale":"fr_FR","og_type":"article","og_title":"Miss Italia, Manzato:\u201cVeneto terra di bellezza. Pronti ad ospitare il concorso nel 2010\u201d - Bellunopress - Dolomiti","og_description":"&#8220;Faccio i miei personali complimenti alle miss venete, in primis alla bellunese Letizia Bacchiet che ha dato lustro alla nostra regione, confermandola ancora una volta terra di belle donne\u201d. Il vicegovernatore Manzato esprime cos\u00ec il suo \u201cgrazie\u201d anche Alla trevigiana Valentina Peccolo, e alle veneziane Valentina Agnoletto e Valentina Rosani: \u201cHanno tenuto alto il nome [&hellip;]","og_url":"https:\/\/www.bellunopress.it\/fr\/2009\/09\/15\/miss-italia-manzato\u201cveneto-terra-di-bellezza-pronti-ad-ospitare-il-concorso-nel-2010\u201d\/","og_site_name":"Bellunopress - Dolomiti","article_publisher":"https:\/\/www.facebook.com\/profile.php?id=100008943462799","article_published_time":"2009-09-15T15:34:19+00:00","og_image":[{"url":"http:\/\/www.bellunopress.it\/wp-content\/uploads\/2012\/07\/logo-bellunopress-250x250-2012.jpg","type":"","width":"","height":""}],"author":"redazione","twitter_card":"summary_large_image","twitter_creator":"@bellunopress","twitter_site":"@bellunopress","twitter_misc":{"\u00c9crit par":"redazione","Dur\u00e9e de lecture estim\u00e9e":"1 minute"},"schema":{"@context":"https:\/\/schema.org","@graph":[{"@type":"Article","@id":"https:\/\/www.bellunopress.it\/2009\/09\/15\/miss-italia-manzato%e2%80%9cveneto-terra-di-bellezza-pronti-ad-ospitare-il-concorso-nel-2010%e2%80%9d\/#article","isPartOf":{"@id":"https:\/\/www.bellunopress.it\/2009\/09\/15\/miss-italia-manzato%e2%80%9cveneto-terra-di-bellezza-pronti-ad-ospitare-il-concorso-nel-2010%e2%80%9d\/"},"author":{"name":"redazione","@id":"https:\/\/www.bellunopress.it\/#\/schema\/person\/79bb06722b37ece1c03d3e94beb30d73"},"headline":"Miss Italia, Manzato:\u201cVeneto terra di bellezza. Pronti ad ospitare il concorso nel 2010\u201d","datePublished":"2009-09-15T15:34:19+00:00","mainEntityOfPage":{"@id":"https:\/\/www.bellunopress.it\/2009\/09\/15\/miss-italia-manzato%e2%80%9cveneto-terra-di-bellezza-pronti-ad-ospitare-il-concorso-nel-2010%e2%80%9d\/"},"wordCount":188,"publisher":{"@id":"https:\/\/www.bellunopress.it\/#organization"},"articleSection":["Arte, Cultura, Spettacoli, Scienza","Prima Pagina"],"inLanguage":"fr-FR"},{"@type":"WebPage","@id":"https:\/\/www.bellunopress.it\/2009\/09\/15\/miss-italia-manzato%e2%80%9cveneto-terra-di-bellezza-pronti-ad-ospitare-il-concorso-nel-2010%e2%80%9d\/","url":"https:\/\/www.bellunopress.it\/2009\/09\/15\/miss-italia-manzato%e2%80%9cveneto-terra-di-bellezza-pronti-ad-ospitare-il-concorso-nel-2010%e2%80%9d\/","name":"Miss Italia, Manzato:\u201cVeneto terra di bellezza. Pronti ad ospitare il concorso nel 2010\u201d - Bellunopress - Dolomiti","isPartOf":{"@id":"https:\/\/www.bellunopress.it\/#website"},"datePublished":"2009-09-15T15:34:19+00:00","breadcrumb":{"@id":"https:\/\/www.bellunopress.it\/2009\/09\/15\/miss-italia-manzato%e2%80%9cveneto-terra-di-bellezza-pronti-ad-ospitare-il-concorso-nel-2010%e2%80%9d\/#breadcrumb"},"inLanguage":"fr-FR","potentialAction":[{"@type":"ReadAction","target":["https:\/\/www.bellunopress.it\/2009\/09\/15\/miss-italia-manzato%e2%80%9cveneto-terra-di-bellezza-pronti-ad-ospitare-il-concorso-nel-2010%e2%80%9d\/"]}]},{"@type":"BreadcrumbList","@id":"https:\/\/www.bellunopress.it\/2009\/09\/15\/miss-italia-manzato%e2%80%9cveneto-terra-di-bellezza-pronti-ad-ospitare-il-concorso-nel-2010%e2%80%9d\/#breadcrumb","itemListElement":[{"@type":"ListItem","position":1,"name":"Home","item":"https:\/\/www.bellunopress.it\/"},{"@type":"ListItem","position":2,"name":"Miss Italia, Manzato:\u201cVeneto terra di bellezza. Pronti ad ospitare il concorso nel 2010\u201d"}]},{"@type":"WebSite","@id":"https:\/\/www.bellunopress.it\/#website","url":"https:\/\/www.bellunopress.it\/","name":"Bellunopress - Dolomiti","description":"e-mail: redazione@bellunopress.it","publisher":{"@id":"https:\/\/www.bellunopress.it\/#organization"},"potentialAction":[{"@type":"SearchAction","target":{"@type":"EntryPoint","urlTemplate":"https:\/\/www.bellunopress.it\/?s={search_term_string}"},"query-input":{"@type":"PropertyValueSpecification","valueRequired":true,"valueName":"search_term_string"}}],"inLanguage":"fr-FR"},{"@type":"Organization","@id":"https:\/\/www.bellunopress.it\/#organization","name":"Bellunopress","url":"https:\/\/www.bellunopress.it\/","logo":{"@type":"ImageObject","inLanguage":"fr-FR","@id":"https:\/\/www.bellunopress.it\/#\/schema\/logo\/image\/","url":"https:\/\/www.bellunopress.it\/wp-content\/uploads\/2011\/05\/cropped-logo-bellunopress-.jpg","contentUrl":"https:\/\/www.bellunopress.it\/wp-content\/uploads\/2011\/05\/cropped-logo-bellunopress-.jpg","width":512,"height":512,"caption":"Bellunopress"},"image":{"@id":"https:\/\/www.bellunopress.it\/#\/schema\/logo\/image\/"},"sameAs":["https:\/\/www.facebook.com\/profile.php?id=100008943462799","https:\/\/x.com\/bellunopress","https:\/\/www.linkedin.com\/hp\/?dnr=JBzUWaJfMUw8vbXJJ2tVW5-I3jZKvC4wsoxE&amp;amp;amp;amp;amp;amp;trk=nav_responsive_tab_home","https:\/\/www.youtube.com\/channel\/UCxL0wu1uN0_3_7hGG0306cw"]},{"@type":"Person","@id":"https:\/\/www.bellunopress.it\/#\/schema\/person\/79bb06722b37ece1c03d3e94beb30d73","name":"r\u00e9daction","image":{"@type":"ImageObject","inLanguage":"fr-FR","@id":"https:\/\/secure.gravatar.com\/avatar\/37d968a2e67a6fd04c169c4bdef102d0bc5d31b2546345219e348575eb80e9a0?s=96&d=mm&r=g","url":"https:\/\/secure.gravatar.com\/avatar\/37d968a2e67a6fd04c169c4bdef102d0bc5d31b2546345219e348575eb80e9a0?s=96&d=mm&r=g","contentUrl":"https:\/\/secure.gravatar.com\/avatar\/37d968a2e67a6fd04c169c4bdef102d0bc5d31b2546345219e348575eb80e9a0?s=96&d=mm&r=g","caption":"redazione"},"sameAs":["http:\/\/www.bellunopress.it","https:\/\/x.com\/bellunopress"],"url":"https:\/\/www.bellunopress.it\/fr\/author\/redazione\/"}]}},"_links":{"self":[{"href":"https:\/\/www.bellunopress.it\/fr\/wp-json\/wp\/v2\/posts\/8100","targetHints":{"allow":["GET"]}}],"collection":[{"href":"https:\/\/www.bellunopress.it\/fr\/wp-json\/wp\/v2\/posts"}],"about":[{"href":"https:\/\/www.bellunopress.it\/fr\/wp-json\/wp\/v2\/types\/post"}],"author":[{"embeddable":true,"href":"https:\/\/www.bellunopress.it\/fr\/wp-json\/wp\/v2\/users\/2"}],"replies":[{"embeddable":true,"href":"https:\/\/www.bellunopress.it\/fr\/wp-json\/wp\/v2\/comments?post=8100"}],"version-history":[{"count":1,"href":"https:\/\/www.bellunopress.it\/fr\/wp-json\/wp\/v2\/posts\/8100\/revisions"}],"predecessor-version":[{"id":8101,"href":"https:\/\/www.bellunopress.it\/fr\/wp-json\/wp\/v2\/posts\/8100\/revisions\/8101"}],"wp:attachment":[{"href":"https:\/\/www.bellunopress.it\/fr\/wp-json\/wp\/v2\/media?parent=8100"}],"wp:term":[{"taxonomy":"category","embeddable":true,"href":"https:\/\/www.bellunopress.it\/fr\/wp-json\/wp\/v2\/categories?post=8100"},{"taxonomy":"post_tag","embeddable":true,"href":"https:\/\/www.bellunopress.it\/fr\/wp-json\/wp\/v2\/tags?post=8100"}],"curies":[{"name":"wp","href":"https:\/\/api.w.org\/{rel}","templated":true}]}}