{"id":80847,"date":"2016-09-21T09:11:26","date_gmt":"2016-09-21T07:11:26","guid":{"rendered":"http:\/\/www.bellunopress.it\/?p=80847"},"modified":"2016-09-21T09:11:26","modified_gmt":"2016-09-21T07:11:26","slug":"cerco-lavoro-283","status":"publish","type":"post","link":"https:\/\/www.bellunopress.it\/fr\/2016\/09\/21\/cerco-lavoro-283\/","title":{"rendered":"Cerco lavoro"},"content":{"rendered":"<div align=\"justify\"><a href=\"http:\/\/www.bellunopress.it\/wp-content\/uploads\/2016\/05\/informagiovani.jpg\"><img loading=\"lazy\" decoding=\"async\" class=\"alignleft size-full wp-image-77678\" src=\"http:\/\/www.bellunopress.it\/wp-content\/uploads\/2016\/05\/informagiovani.jpg\" alt=\"informagiovani\" width=\"300\" height=\"264\" \/><\/a>In collaborazione con l&#8217;ufficio Informagiovani, pubblichiamo le opportunit\u00e0 di lavoro per i giovani di questa settimana.<\/div>\n<div align=\"justify\">Ecco le segnalazioni in evidenza.<\/div>\n<div align=\"justify\">Il\u00a0Comune di Belluno cerca\u00a0un tirocinante da affiancare per 250\/400 ore all&#8217;unit\u00e0 organizzativa che si occuper\u00e0 del progetto (Servizio Personale &#8211; Ufficio Formazione).<br \/>\nIl profilo del\/la tirocinante, che dovr\u00e0 essere iscritto ad una tra le Universit\u00e0 convenzionate con il Comune di Belluno, frequentando il biennio magistrale di una facolt\u00e0 di Psicologia o Sociologia o Scienze della formazione, oppure essere laureato da meno di un anno, \u00e8 il seguente:\u00a0conoscenze in materia di formazione, gestione dei gruppi, gestione risorse umane; competenze relative ad indagini qualitative (focus group) e predisposizione di piani di formazione.\u00a0Costituiranno titoli di preferenza pregresse collaborazioni con uffici ed enti formazione. Per l&#8217;invio delle candidature o la richiesta di informazioni potete inviare una mail a: <a href=\"mailto:personale@comune.belluno.it\" target=\"_blank\">personale@comune.belluno.it<\/a> o contattare il responsabile \u2013 Dr. Mauro Martinelli a questo tel. 0437913270 durante le ore di ufficio.<\/div>\n<div align=\"justify\"><\/div>\n<div align=\"justify\">Sono ancora aperte le selezioni per Dolomiti.it, il gruppo, che \u00e8 attivo sui territori delle province di Belluno, Bolzano, Pordenone, Trento e Udine, ha aperto una nuova sede a Bolzano. Per reclutare il team da inserire nella stessa, ha aperto un recruiting per selezionare varie figure professionali. I candidati scelti lavoreranno per sviluppare ed implementare le pagine dei vari siti web del network.<\/div>\n<div align=\"justify\">Per partecipare alle selezioni per i posti di lavoro Dolomiti.it \u00e8 necessaria un\u2019ottima conoscenza della lingua tedesca. Le figure ricercate sono per: Segreteria Amministrativa, Redattore Web, Consulenti Commerciali, Content Manager Web Writer Web Developer.<\/div>\n<div align=\"justify\">Se siete interessati, andate a questo link: <a href=\"http:\/\/www.dolomiti.it\/it\/job\/\" target=\"_blank\">http:\/\/www.dolomiti.it\/it\/job\/<\/a> entro la met\u00e0 di ottobre e inviate la vostra candidatura.<\/div>\n<div align=\"justify\"><\/div>\n<div align=\"justify\">Anche Enel spa\u00a0\u00e8 alla ricerca di nuove figure professionali da distribuire nel territorio italiano (anche in Veneto) e all\u2019estero. Le opportunit\u00e0 di lavoro sono varie sia per tipologia di contratto che di posizione e le trovate qui: <a href=\"https:\/\/www.cvwebasp.com\/enel\/formweb\/\" target=\"_blank\">https:\/\/www.cvwebasp.com\/enel\/formweb\/<\/a><\/div>\n<div><\/div>\n<div>C&#8217;\u00e8 un nuovo bando di formazione per i\u00a0percorsi di reinserimento lavorativo per la provincia di Belluno che arriva da Effestudio:<\/div>\n<div>Addetto alla lavorazione nelle aree verdi.<\/div>\n<div>Il corso \u00e8 della durata di\u00a0120 ore e 28 ore ricerca attiva del lavoro\u00a0(E\u2019 prevista un indennit\u00e0 di frequenza pari a 3,00 \u20ac\/h o 6,00 \u20ac\/h se ISEE inferiore a 20.000,00 ).<\/div>\n<div>Se siete interessati: Effestudio &#8211; via Roma, 1 32035 Santa Giustina (BL)<\/div>\n<div>Tel. &amp; Fax. 0437-82385 &#8211; 3288052530<\/div>\n<div><a href=\"http:\/\/www.effestudio.org\/\" target=\"_blank\">www.effestudio.org<\/a><\/div>\n<div><a href=\"https:\/\/www.facebook.com\/effestudio.consulenzaeformazione\" target=\"_blank\">https:\/\/www.facebook.com\/effestudio.consulenzaeformazione<\/a><\/div>\n<div><\/div>\n<div align=\"justify\">Per tutti gli altri bandi di formazione, tenete sempre monitorati gli enti che gestiscono questo tipo di bandi, ovvero:<\/div>\n<ul>\n<li>\n<div align=\"justify\">CENTRO PER L&#8217;IMPIEGO \u2013 AMMINISTRAZIONE PROVINCIALE \u00a0Via Feltre 109 \u2013 Belluno &#8211; tel.<a>0437 943655<\/a> \u2013 <a href=\"http:\/\/www.provincia.belluno.it\/nqcontent.cfm?a_id=8645\" target=\"_blank\">http:\/\/www.provincia.belluno.it\/nqcontent.cfm?a_id=8645<\/a><\/div>\n<\/li>\n<li>\n<div align=\"justify\">CENTRO CONSORZI \u2013 Z.I. Gresal \u2013 Sedico Info: Centro Consorzi | tel 0437\/851311<a href=\"http:\/\/www.centroconsorzi.it\/servizi\/servizi-centro\/servizi-al-lavoro\/garanzia-giovani.html\" target=\"_blank\">http:\/\/www.centroconsorzi.it\/servizi\/servizi-centro\/servizi-al-lavoro\/garanzia-giovani.html<\/a><\/div>\n<\/li>\n<li>\n<div align=\"justify\">STUDI ASSOCIATI &#8211; Via Mezzaterra 71 \u2013 Belluno | tel. 0437\u00a0380239 | f<a href=\"mailto:arnetlab@virgilio.it\" target=\"_blank\">ormazione<\/a><a href=\"mailto:arnetlab@virgilio.it\" target=\"_blank\">@studi-associati.info<\/a>\u00a0 <a href=\"http:\/\/www.studi-associati.info\/formazione_homepage.htm\" target=\"_blank\">http:\/\/www.studi-associati.info\/formazione_homepage.htm<\/a><\/div>\n<\/li>\n<li>\n<div align=\"justify\">CIRCOLO CULTURA E STAMPA &#8211; \u00a0Piazza Mazzini, 18 &#8211; Belluno | tel. <a>0437 948911<\/a> Fax: 0437.290721 e-mail:\u00a0<a href=\"mailto:info@ccsb.it\" target=\"_blank\">info@ccsb.it<\/a><a href=\"http:\/\/www.circoloculturaestampabellunese.it\/?p=2285\" target=\"_blank\">http:\/\/www.circoloculturaestampabellunese.it\/?p=2285<\/a><\/div>\n<\/li>\n<li>\n<div align=\"justify\">REVIVISCAR &#8211; Via San Lucano, 15 &#8211; Belluno | tel. 0437.951111 \u2013 <a href=\"mailto:info@reviviscar.it\" target=\"_blank\">info@reviviscar.it<\/a>\u00a0<a href=\"http:\/\/www.reviviscar.it\/finanziati1.html\" target=\"_blank\">http:\/\/www.reviviscar.it\/finanziati1.html<\/a><\/div>\n<\/li>\n<li>\n<div align=\"justify\">EFFESTUDIO\u00a0&#8211; Via Cal de Messa, 5 \u2013 Sedico ! Tel. 043782385 | <a href=\"mailto:mara@effestudio.org\" target=\"_blank\">mara@effestudio.org<\/a> |<a href=\"http:\/\/www.effestudio.org\/Home\/progetti\" target=\"_blank\">http:\/\/www.effestudio.org\/Home\/progetti<\/a><\/div>\n<\/li>\n<li>\n<div align=\"justify\">APPIA &#8211; ECIPA &#8211; Via della Pila, 3 \u2013 Marghera | tel. <a>041 928638<\/a>Info:\u00a0<a href=\"http:\/\/www.ecipa.eu\/fondo-sociale\/garanzia-giovani.html\" target=\"_blank\">http:\/\/www.ecipa.eu\/fondo-sociale\/garanzia-giovani.html<\/a><\/div>\n<\/li>\n<li>\n<div align=\"justify\">EFFESTUDIO, SYNTHESIS c\/o Effestudio Via Roma, 1 -32035 Santa Giustina (BL). . Info: Effestudio Via Roma, 1 &#8211; 32035 Santa Giustina (BL) allo 0437-82385 o 328-8052530 oppure via e-mail a <a href=\"mailto:effestudio@effestudio.org\" target=\"_blank\">effestudio@effestudio.org<\/a>\u00a0o\u00a0<a href=\"mailto:sedico@synthesis-srl.com\" target=\"_blank\">sedico@synthesis-srl.com<\/a><\/div>\n<\/li>\n<li>\n<div align=\"justify\">CFPME DI SEDICO, Centro di Formazione Professionale Maestranze Edili\u00a0&#8211; via Stadio 11\/a &#8211; Sedico (BL) &#8211; tel 0437 753330 &#8211; fax 0437 543266 | <a href=\"http:\/\/www.scuolaedilebelluno.it\/main.php?c=002\" target=\"_blank\">http:\/\/www.scuolaedilebelluno.it\/main.php?c=002<\/a><\/div>\n<\/li>\n<li>\n<div align=\"justify\">CERTOTTICA DI LONGARONE CERTOTTICA S.C.R.L. Istituto Italiano per la certificazione dei prodotti ottici &#8211; Zona Industriale Villanova &#8211; 32013 LONGARONE (BL) \u2013 Italia &#8211; tel. +39 0437 573157<br \/>\nfax +39 0437 573131 \u2013 E-mail: <a href=\"mailto:formazione@certottica.it\" target=\"_blank\">formazione@certottica.it<\/a><a href=\"http:\/\/www.certottica.it\/formazione.htm\" target=\"_blank\">http:\/\/www.certottica.it\/formazione.htm<\/a><\/div>\n<\/li>\n<\/ul>\n<p>&nbsp;<\/p>\n<div align=\"justify\"><strong>REGIONE VENETO<\/strong><br \/>\nBandi di concorso per 10 profili da assumere a tempo indeterminato\u00a0nell\u2019ambito dei progetti finanziati dall\u2019UE o dallo Stato.<br \/>\nLe posizioni sono le seguenti:<br \/>\n\u2022 n. 2 posti di Assistente Economico, Cat. C;<br \/>\n\u2022 n. 2 posti di Specialista Direttivo Tecnico, ad indirizzo agro-forestale, Cat.<br \/>\nD;<br \/>\n\u2022 n. 2 posti di Specialista Economico \u2013 Cat. D;<br \/>\n\u2022 n. 2 posti di Specialista Amministrativo \u2013 Cat. D;<br \/>\n\u2022 n. 2 posti di Specialista Direttivo Tecnico \u2013 indirizzo ingegneristico \u2013 Cat. D.<br \/>\nRequisiti specifici, nel dettaglio nei bandi qui:<br \/>\nhttp:\/\/bandi.regione.veneto.it\/Public\/Elenco?Tipo=3<br \/>\nScadenza: entro il 2 ottobre 2016<\/div>\n<div align=\"justify\"><\/div>\n<div align=\"justify\">COMUNE DI CORTINA D\u2019AMPEZZO<br \/>\nAvviso per attivazione di un tirocinio con attribuzione di borsa lavoro per<br \/>\nl\u2019attivazione di un tirocinio formativo con attribuzione di borsa lavoro presso il<br \/>\nServizio di Conservazione Tavolare per la durata di 6 mesi.<br \/>\nRequisiti specifici: neodiplomati entro i 12 mesi.<br \/>\nScadenza: entro il 23 settembre 2016<br \/>\nInfo&amp;bando: http:\/\/tinyurl.com\/zx46nbd<\/div>\n<div align=\"justify\"><\/div>\n<div align=\"justify\">ULSS BELLUNO<br \/>\n1) Avviso pubblico per conferimento incarico di direttore della struttura<br \/>\ncomplessa U.O.C. di anestesia e rianimazione dell&#8217;Ospedale di Agordo<br \/>\n(Apicalit\u00e0 condivisa con l&#8217;Ospedale di Pieve di Cadore)<br \/>\n2) Concorso pubblico per assunzioni a tempo indeterminato di n. 4 dirigenti<br \/>\nmedici nella disciplina di pediatria<br \/>\n3) Concorso pubblico per assunzione a tempo indeterminato di n. 1 dirigente<br \/>\nmedico nella disciplina di medicina e chirurgia d&#8217;accettazione e\u00a0d&#8217;urgenza<br \/>\n4) Concorso pubblico per assunzioni a tempo indeterminato di n. 4 dirigenti<br \/>\nmedici nella disciplina di anestesia e rianimazione.<br \/>\nRequisiti specifici come da dettaglio bandi:<br \/>\nhttp:\/\/www.ulss.belluno.it\/tipo_concorso\/concorsi-e-avvisi-in-scadenza-2\/<br \/>\nScadenza: entro il 13 ottobre 2016<\/p>\n<p>CONCORSI NAZIONALI<br \/>\nAVVOCATURA GENERALE DELLO STATO<br \/>\nBando finalizzato all\u2019assunzione di 10 unit\u00e0 di personale, nel profilo<br \/>\nprofessionale di Procuratore dello Stato.<br \/>\nRequisiti specifici: laurea specialistica in giurisprudenza o laurea magistrale<br \/>\nin giurisprudenza oppure laurea in giurisprudenza conseguita, secondo il<br \/>\nprevigente ordinamento degli studi, a seguito di corso universitario di durata<br \/>\nlegale non inferiore a quattro anni; et\u00e0 non superiore ai 35 anni: non aver gi\u00e0<br \/>\nconseguito l\u2019inidoneit\u00e0 per due volte in precedenti esami di concorso a<br \/>\nProcuratore dello Stato.<br \/>\nScadenza: entro il 27 settembre 2016, attraverso l\u2019apposita procedura online<br \/>\nInfo&amp;Bandi: http:\/\/www.avvocaturastato.it\/node\/272<\/p><\/div>\n<div align=\"justify\"><\/div>\n<div align=\"justify\">CONCORSI IN DIVISA<br \/>\nhttp:\/\/www.difesa.it\/SGD-DNA\/Staff\/DG\/PERSOMIL\/Concosi\/ rPagine\/default.aspx<br \/>\nAvvisi di Mobilit\u00e0<\/div>\n<div align=\"justify\"><\/div>\n<div align=\"justify\">COMUNE DI GOSALDO (BL)<br \/>\nProcedura di mobilit\u00e0 volontaria, ai sensi dell\u2019art. 30, comma 1 e seguenti, del<br \/>\nD.Lgs. n. 165\/2001 e s.m.i., per la copertura di n. 1 posto, a tempo pieno ed<br \/>\nindeterminato, di Istruttore amministrativo-contabile cat. C.<br \/>\nRequisiti specifici: Il presente bando \u00e8 riservato unicamente a dipendenti<br \/>\ndelle Pubbliche Amministrazioni di cui all\u2019art. 1, comma 2, D.Lgs. 165\/2001, in<br \/>\nservizio a tempo pieno, con contratto a tempo indeterminato, inquadrati nella<br \/>\ncategoria C.<br \/>\nScadenza: entro e non oltre le ore 12 del giorno 10 ottobre 2016.<br \/>\nInfo&amp;Bando: https:\/\/webmail.comune.belluno.it\/service\/home\/~\/?<br \/>\nauth=co&amp;loc=it&amp;id=276962&amp;part=2<\/div>\n<div align=\"justify\"><\/div>\n<div align=\"justify\">COMUNE DI VIGO DI CADORE (BL)<br \/>\nBando di mobilit\u00e0 volontaria tramite passaggio diretto tra amministrazioni per<br \/>\nla copertura di un posto a tempo pieno e indeterminato di Istruttore<br \/>\nAmministrativo \u2013 cat. C \u2013 pos. ec. C1.<br \/>\nRequisiti specifici: da bando<br \/>\nScadenza: entro e non oltre il 17 ottobre 2016<br \/>\nInfo&amp;Bando: www.comune.vigodicadore.bl.it<\/p>\n<\/div>\n<div align=\"justify\"><\/div>","protected":false},"excerpt":{"rendered":"<p>In collaborazione con l&#8217;ufficio Informagiovani, pubblichiamo le opportunit\u00e0 di lavoro per i giovani di questa settimana. Ecco le segnalazioni in evidenza. Il\u00a0Comune di Belluno cerca\u00a0un tirocinante da affiancare per 250\/400 ore all&#8217;unit\u00e0 organizzativa che si occuper\u00e0 del progetto (Servizio Personale &#8211; Ufficio Formazione). Il profilo del\/la tirocinante, che dovr\u00e0 essere iscritto ad una tra le [&hellip;]<\/p>\n","protected":false},"author":2,"featured_media":0,"comment_status":"closed","ping_status":"open","sticky":false,"template":"","format":"standard","meta":{"footnotes":""},"categories":[36,26],"tags":[],"class_list":["post-80847","post","type-post","status-publish","format-standard","category-lavoro-economia","category-prima-pagina"],"yoast_head":"<!-- This site is optimized with the Yoast SEO plugin v28.4 - https:\/\/yoast.com\/product\/yoast-seo-wordpress\/ -->\n<title>Cerco lavoro - Bellunopress - Dolomiti<\/title>\n<meta name=\"robots\" content=\"index, follow, max-snippet:-1, max-image-preview:large, max-video-preview:-1\" \/>\n<link rel=\"canonical\" href=\"https:\/\/www.bellunopress.it\/fr\/2016\/09\/21\/cerco-lavoro-283\/\" \/>\n<meta property=\"og:locale\" content=\"fr_FR\" \/>\n<meta property=\"og:type\" content=\"article\" \/>\n<meta property=\"og:title\" content=\"Cerco lavoro - Bellunopress - Dolomiti\" \/>\n<meta property=\"og:description\" content=\"In collaborazione con l&#8217;ufficio Informagiovani, pubblichiamo le opportunit\u00e0 di lavoro per i giovani di questa settimana. Ecco le segnalazioni in evidenza. Il\u00a0Comune di Belluno cerca\u00a0un tirocinante da affiancare per 250\/400 ore all&#8217;unit\u00e0 organizzativa che si occuper\u00e0 del progetto (Servizio Personale &#8211; Ufficio Formazione). Il profilo del\/la tirocinante, che dovr\u00e0 essere iscritto ad una tra le [&hellip;]\" \/>\n<meta property=\"og:url\" content=\"https:\/\/www.bellunopress.it\/fr\/2016\/09\/21\/cerco-lavoro-283\/\" \/>\n<meta property=\"og:site_name\" content=\"Bellunopress - Dolomiti\" \/>\n<meta property=\"article:publisher\" content=\"https:\/\/www.facebook.com\/profile.php?id=100008943462799\" \/>\n<meta property=\"article:published_time\" content=\"2016-09-21T07:11:26+00:00\" \/>\n<meta property=\"og:image\" content=\"http:\/\/www.bellunopress.it\/wp-content\/uploads\/2016\/05\/informagiovani.jpg\" \/>\n<meta name=\"author\" content=\"redazione\" \/>\n<meta name=\"twitter:card\" content=\"summary_large_image\" \/>\n<meta name=\"twitter:creator\" content=\"@bellunopress\" \/>\n<meta name=\"twitter:site\" content=\"@bellunopress\" \/>\n<meta name=\"twitter:label1\" content=\"\u00c9crit par\" \/>\n\t<meta name=\"twitter:data1\" content=\"redazione\" \/>\n\t<meta name=\"twitter:label2\" content=\"Dur\u00e9e de lecture estim\u00e9e\" \/>\n\t<meta name=\"twitter:data2\" content=\"6 minutes\" \/>\n<script type=\"application\/ld+json\" class=\"yoast-schema-graph\">{\"@context\":\"https:\\\/\\\/schema.org\",\"@graph\":[{\"@type\":\"Article\",\"@id\":\"https:\\\/\\\/www.bellunopress.it\\\/2016\\\/09\\\/21\\\/cerco-lavoro-283\\\/#article\",\"isPartOf\":{\"@id\":\"https:\\\/\\\/www.bellunopress.it\\\/2016\\\/09\\\/21\\\/cerco-lavoro-283\\\/\"},\"author\":{\"name\":\"redazione\",\"@id\":\"https:\\\/\\\/www.bellunopress.it\\\/#\\\/schema\\\/person\\\/79bb06722b37ece1c03d3e94beb30d73\"},\"headline\":\"Cerco lavoro\",\"datePublished\":\"2016-09-21T07:11:26+00:00\",\"mainEntityOfPage\":{\"@id\":\"https:\\\/\\\/www.bellunopress.it\\\/2016\\\/09\\\/21\\\/cerco-lavoro-283\\\/\"},\"wordCount\":1167,\"publisher\":{\"@id\":\"https:\\\/\\\/www.bellunopress.it\\\/#organization\"},\"image\":{\"@id\":\"https:\\\/\\\/www.bellunopress.it\\\/2016\\\/09\\\/21\\\/cerco-lavoro-283\\\/#primaryimage\"},\"thumbnailUrl\":\"http:\\\/\\\/www.bellunopress.it\\\/wp-content\\\/uploads\\\/2016\\\/05\\\/informagiovani.jpg\",\"articleSection\":[\"Lavoro, Economia, Turismo\",\"Prima Pagina\"],\"inLanguage\":\"fr-FR\"},{\"@type\":\"WebPage\",\"@id\":\"https:\\\/\\\/www.bellunopress.it\\\/2016\\\/09\\\/21\\\/cerco-lavoro-283\\\/\",\"url\":\"https:\\\/\\\/www.bellunopress.it\\\/2016\\\/09\\\/21\\\/cerco-lavoro-283\\\/\",\"name\":\"Cerco lavoro - Bellunopress - Dolomiti\",\"isPartOf\":{\"@id\":\"https:\\\/\\\/www.bellunopress.it\\\/#website\"},\"primaryImageOfPage\":{\"@id\":\"https:\\\/\\\/www.bellunopress.it\\\/2016\\\/09\\\/21\\\/cerco-lavoro-283\\\/#primaryimage\"},\"image\":{\"@id\":\"https:\\\/\\\/www.bellunopress.it\\\/2016\\\/09\\\/21\\\/cerco-lavoro-283\\\/#primaryimage\"},\"thumbnailUrl\":\"http:\\\/\\\/www.bellunopress.it\\\/wp-content\\\/uploads\\\/2016\\\/05\\\/informagiovani.jpg\",\"datePublished\":\"2016-09-21T07:11:26+00:00\",\"breadcrumb\":{\"@id\":\"https:\\\/\\\/www.bellunopress.it\\\/2016\\\/09\\\/21\\\/cerco-lavoro-283\\\/#breadcrumb\"},\"inLanguage\":\"fr-FR\",\"potentialAction\":[{\"@type\":\"ReadAction\",\"target\":[\"https:\\\/\\\/www.bellunopress.it\\\/2016\\\/09\\\/21\\\/cerco-lavoro-283\\\/\"]}]},{\"@type\":\"ImageObject\",\"inLanguage\":\"fr-FR\",\"@id\":\"https:\\\/\\\/www.bellunopress.it\\\/2016\\\/09\\\/21\\\/cerco-lavoro-283\\\/#primaryimage\",\"url\":\"http:\\\/\\\/www.bellunopress.it\\\/wp-content\\\/uploads\\\/2016\\\/05\\\/informagiovani.jpg\",\"contentUrl\":\"http:\\\/\\\/www.bellunopress.it\\\/wp-content\\\/uploads\\\/2016\\\/05\\\/informagiovani.jpg\"},{\"@type\":\"BreadcrumbList\",\"@id\":\"https:\\\/\\\/www.bellunopress.it\\\/2016\\\/09\\\/21\\\/cerco-lavoro-283\\\/#breadcrumb\",\"itemListElement\":[{\"@type\":\"ListItem\",\"position\":1,\"name\":\"Home\",\"item\":\"https:\\\/\\\/www.bellunopress.it\\\/\"},{\"@type\":\"ListItem\",\"position\":2,\"name\":\"Cerco lavoro\"}]},{\"@type\":\"WebSite\",\"@id\":\"https:\\\/\\\/www.bellunopress.it\\\/#website\",\"url\":\"https:\\\/\\\/www.bellunopress.it\\\/\",\"name\":\"Bellunopress - Dolomiti\",\"description\":\"e-mail: redazione@bellunopress.it\",\"publisher\":{\"@id\":\"https:\\\/\\\/www.bellunopress.it\\\/#organization\"},\"potentialAction\":[{\"@type\":\"SearchAction\",\"target\":{\"@type\":\"EntryPoint\",\"urlTemplate\":\"https:\\\/\\\/www.bellunopress.it\\\/?s={search_term_string}\"},\"query-input\":{\"@type\":\"PropertyValueSpecification\",\"valueRequired\":true,\"valueName\":\"search_term_string\"}}],\"inLanguage\":\"fr-FR\"},{\"@type\":\"Organization\",\"@id\":\"https:\\\/\\\/www.bellunopress.it\\\/#organization\",\"name\":\"Bellunopress\",\"url\":\"https:\\\/\\\/www.bellunopress.it\\\/\",\"logo\":{\"@type\":\"ImageObject\",\"inLanguage\":\"fr-FR\",\"@id\":\"https:\\\/\\\/www.bellunopress.it\\\/#\\\/schema\\\/logo\\\/image\\\/\",\"url\":\"https:\\\/\\\/www.bellunopress.it\\\/wp-content\\\/uploads\\\/2011\\\/05\\\/cropped-logo-bellunopress-.jpg\",\"contentUrl\":\"https:\\\/\\\/www.bellunopress.it\\\/wp-content\\\/uploads\\\/2011\\\/05\\\/cropped-logo-bellunopress-.jpg\",\"width\":512,\"height\":512,\"caption\":\"Bellunopress\"},\"image\":{\"@id\":\"https:\\\/\\\/www.bellunopress.it\\\/#\\\/schema\\\/logo\\\/image\\\/\"},\"sameAs\":[\"https:\\\/\\\/www.facebook.com\\\/profile.php?id=100008943462799\",\"https:\\\/\\\/x.com\\\/bellunopress\",\"https:\\\/\\\/www.linkedin.com\\\/hp\\\/?dnr=JBzUWaJfMUw8vbXJJ2tVW5-I3jZKvC4wsoxE&amp;amp;amp;amp;amp;amp;trk=nav_responsive_tab_home\",\"https:\\\/\\\/www.youtube.com\\\/channel\\\/UCxL0wu1uN0_3_7hGG0306cw\"]},{\"@type\":\"Person\",\"@id\":\"https:\\\/\\\/www.bellunopress.it\\\/#\\\/schema\\\/person\\\/79bb06722b37ece1c03d3e94beb30d73\",\"name\":\"redazione\",\"image\":{\"@type\":\"ImageObject\",\"inLanguage\":\"fr-FR\",\"@id\":\"https:\\\/\\\/secure.gravatar.com\\\/avatar\\\/37d968a2e67a6fd04c169c4bdef102d0bc5d31b2546345219e348575eb80e9a0?s=96&d=mm&r=g\",\"url\":\"https:\\\/\\\/secure.gravatar.com\\\/avatar\\\/37d968a2e67a6fd04c169c4bdef102d0bc5d31b2546345219e348575eb80e9a0?s=96&d=mm&r=g\",\"contentUrl\":\"https:\\\/\\\/secure.gravatar.com\\\/avatar\\\/37d968a2e67a6fd04c169c4bdef102d0bc5d31b2546345219e348575eb80e9a0?s=96&d=mm&r=g\",\"caption\":\"redazione\"},\"sameAs\":[\"http:\\\/\\\/www.bellunopress.it\",\"https:\\\/\\\/x.com\\\/bellunopress\"],\"url\":\"https:\\\/\\\/www.bellunopress.it\\\/fr\\\/author\\\/redazione\\\/\"}]}<\/script>\n<!-- \/ Yoast SEO plugin. -->","yoast_head_json":{"title":"Cerco lavoro - Bellunopress - Dolomiti","robots":{"index":"index","follow":"follow","max-snippet":"max-snippet:-1","max-image-preview":"max-image-preview:large","max-video-preview":"max-video-preview:-1"},"canonical":"https:\/\/www.bellunopress.it\/fr\/2016\/09\/21\/cerco-lavoro-283\/","og_locale":"fr_FR","og_type":"article","og_title":"Cerco lavoro - Bellunopress - Dolomiti","og_description":"In collaborazione con l&#8217;ufficio Informagiovani, pubblichiamo le opportunit\u00e0 di lavoro per i giovani di questa settimana. Ecco le segnalazioni in evidenza. Il\u00a0Comune di Belluno cerca\u00a0un tirocinante da affiancare per 250\/400 ore all&#8217;unit\u00e0 organizzativa che si occuper\u00e0 del progetto (Servizio Personale &#8211; Ufficio Formazione). Il profilo del\/la tirocinante, che dovr\u00e0 essere iscritto ad una tra le [&hellip;]","og_url":"https:\/\/www.bellunopress.it\/fr\/2016\/09\/21\/cerco-lavoro-283\/","og_site_name":"Bellunopress - Dolomiti","article_publisher":"https:\/\/www.facebook.com\/profile.php?id=100008943462799","article_published_time":"2016-09-21T07:11:26+00:00","og_image":[{"url":"http:\/\/www.bellunopress.it\/wp-content\/uploads\/2016\/05\/informagiovani.jpg","type":"","width":"","height":""}],"author":"redazione","twitter_card":"summary_large_image","twitter_creator":"@bellunopress","twitter_site":"@bellunopress","twitter_misc":{"\u00c9crit par":"redazione","Dur\u00e9e de lecture estim\u00e9e":"6 minutes"},"schema":{"@context":"https:\/\/schema.org","@graph":[{"@type":"Article","@id":"https:\/\/www.bellunopress.it\/2016\/09\/21\/cerco-lavoro-283\/#article","isPartOf":{"@id":"https:\/\/www.bellunopress.it\/2016\/09\/21\/cerco-lavoro-283\/"},"author":{"name":"redazione","@id":"https:\/\/www.bellunopress.it\/#\/schema\/person\/79bb06722b37ece1c03d3e94beb30d73"},"headline":"Cerco lavoro","datePublished":"2016-09-21T07:11:26+00:00","mainEntityOfPage":{"@id":"https:\/\/www.bellunopress.it\/2016\/09\/21\/cerco-lavoro-283\/"},"wordCount":1167,"publisher":{"@id":"https:\/\/www.bellunopress.it\/#organization"},"image":{"@id":"https:\/\/www.bellunopress.it\/2016\/09\/21\/cerco-lavoro-283\/#primaryimage"},"thumbnailUrl":"http:\/\/www.bellunopress.it\/wp-content\/uploads\/2016\/05\/informagiovani.jpg","articleSection":["Lavoro, Economia, Turismo","Prima Pagina"],"inLanguage":"fr-FR"},{"@type":"WebPage","@id":"https:\/\/www.bellunopress.it\/2016\/09\/21\/cerco-lavoro-283\/","url":"https:\/\/www.bellunopress.it\/2016\/09\/21\/cerco-lavoro-283\/","name":"Cerco lavoro - Bellunopress - Dolomiti","isPartOf":{"@id":"https:\/\/www.bellunopress.it\/#website"},"primaryImageOfPage":{"@id":"https:\/\/www.bellunopress.it\/2016\/09\/21\/cerco-lavoro-283\/#primaryimage"},"image":{"@id":"https:\/\/www.bellunopress.it\/2016\/09\/21\/cerco-lavoro-283\/#primaryimage"},"thumbnailUrl":"http:\/\/www.bellunopress.it\/wp-content\/uploads\/2016\/05\/informagiovani.jpg","datePublished":"2016-09-21T07:11:26+00:00","breadcrumb":{"@id":"https:\/\/www.bellunopress.it\/2016\/09\/21\/cerco-lavoro-283\/#breadcrumb"},"inLanguage":"fr-FR","potentialAction":[{"@type":"ReadAction","target":["https:\/\/www.bellunopress.it\/2016\/09\/21\/cerco-lavoro-283\/"]}]},{"@type":"ImageObject","inLanguage":"fr-FR","@id":"https:\/\/www.bellunopress.it\/2016\/09\/21\/cerco-lavoro-283\/#primaryimage","url":"http:\/\/www.bellunopress.it\/wp-content\/uploads\/2016\/05\/informagiovani.jpg","contentUrl":"http:\/\/www.bellunopress.it\/wp-content\/uploads\/2016\/05\/informagiovani.jpg"},{"@type":"BreadcrumbList","@id":"https:\/\/www.bellunopress.it\/2016\/09\/21\/cerco-lavoro-283\/#breadcrumb","itemListElement":[{"@type":"ListItem","position":1,"name":"Home","item":"https:\/\/www.bellunopress.it\/"},{"@type":"ListItem","position":2,"name":"Cerco lavoro"}]},{"@type":"WebSite","@id":"https:\/\/www.bellunopress.it\/#website","url":"https:\/\/www.bellunopress.it\/","name":"Bellunopress - Dolomiti","description":"e-mail: redazione@bellunopress.it","publisher":{"@id":"https:\/\/www.bellunopress.it\/#organization"},"potentialAction":[{"@type":"SearchAction","target":{"@type":"EntryPoint","urlTemplate":"https:\/\/www.bellunopress.it\/?s={search_term_string}"},"query-input":{"@type":"PropertyValueSpecification","valueRequired":true,"valueName":"search_term_string"}}],"inLanguage":"fr-FR"},{"@type":"Organization","@id":"https:\/\/www.bellunopress.it\/#organization","name":"Bellunopress","url":"https:\/\/www.bellunopress.it\/","logo":{"@type":"ImageObject","inLanguage":"fr-FR","@id":"https:\/\/www.bellunopress.it\/#\/schema\/logo\/image\/","url":"https:\/\/www.bellunopress.it\/wp-content\/uploads\/2011\/05\/cropped-logo-bellunopress-.jpg","contentUrl":"https:\/\/www.bellunopress.it\/wp-content\/uploads\/2011\/05\/cropped-logo-bellunopress-.jpg","width":512,"height":512,"caption":"Bellunopress"},"image":{"@id":"https:\/\/www.bellunopress.it\/#\/schema\/logo\/image\/"},"sameAs":["https:\/\/www.facebook.com\/profile.php?id=100008943462799","https:\/\/x.com\/bellunopress","https:\/\/www.linkedin.com\/hp\/?dnr=JBzUWaJfMUw8vbXJJ2tVW5-I3jZKvC4wsoxE&amp;amp;amp;amp;amp;amp;trk=nav_responsive_tab_home","https:\/\/www.youtube.com\/channel\/UCxL0wu1uN0_3_7hGG0306cw"]},{"@type":"Person","@id":"https:\/\/www.bellunopress.it\/#\/schema\/person\/79bb06722b37ece1c03d3e94beb30d73","name":"r\u00e9daction","image":{"@type":"ImageObject","inLanguage":"fr-FR","@id":"https:\/\/secure.gravatar.com\/avatar\/37d968a2e67a6fd04c169c4bdef102d0bc5d31b2546345219e348575eb80e9a0?s=96&d=mm&r=g","url":"https:\/\/secure.gravatar.com\/avatar\/37d968a2e67a6fd04c169c4bdef102d0bc5d31b2546345219e348575eb80e9a0?s=96&d=mm&r=g","contentUrl":"https:\/\/secure.gravatar.com\/avatar\/37d968a2e67a6fd04c169c4bdef102d0bc5d31b2546345219e348575eb80e9a0?s=96&d=mm&r=g","caption":"redazione"},"sameAs":["http:\/\/www.bellunopress.it","https:\/\/x.com\/bellunopress"],"url":"https:\/\/www.bellunopress.it\/fr\/author\/redazione\/"}]}},"_links":{"self":[{"href":"https:\/\/www.bellunopress.it\/fr\/wp-json\/wp\/v2\/posts\/80847","targetHints":{"allow":["GET"]}}],"collection":[{"href":"https:\/\/www.bellunopress.it\/fr\/wp-json\/wp\/v2\/posts"}],"about":[{"href":"https:\/\/www.bellunopress.it\/fr\/wp-json\/wp\/v2\/types\/post"}],"author":[{"embeddable":true,"href":"https:\/\/www.bellunopress.it\/fr\/wp-json\/wp\/v2\/users\/2"}],"replies":[{"embeddable":true,"href":"https:\/\/www.bellunopress.it\/fr\/wp-json\/wp\/v2\/comments?post=80847"}],"version-history":[{"count":1,"href":"https:\/\/www.bellunopress.it\/fr\/wp-json\/wp\/v2\/posts\/80847\/revisions"}],"predecessor-version":[{"id":80848,"href":"https:\/\/www.bellunopress.it\/fr\/wp-json\/wp\/v2\/posts\/80847\/revisions\/80848"}],"wp:attachment":[{"href":"https:\/\/www.bellunopress.it\/fr\/wp-json\/wp\/v2\/media?parent=80847"}],"wp:term":[{"taxonomy":"category","embeddable":true,"href":"https:\/\/www.bellunopress.it\/fr\/wp-json\/wp\/v2\/categories?post=80847"},{"taxonomy":"post_tag","embeddable":true,"href":"https:\/\/www.bellunopress.it\/fr\/wp-json\/wp\/v2\/tags?post=80847"}],"curies":[{"name":"wp","href":"https:\/\/api.w.org\/{rel}","templated":true}]}}