{"id":80844,"date":"2016-09-21T08:32:41","date_gmt":"2016-09-21T06:32:41","guid":{"rendered":"http:\/\/www.bellunopress.it\/?p=80844"},"modified":"2016-09-21T08:32:41","modified_gmt":"2016-09-21T06:32:41","slug":"delicious-trail-dolomiti-del-24-settembre-a-cortina-le-caratteristiche-dei-percorsi-di-35-km-e-19-km","status":"publish","type":"post","link":"https:\/\/www.bellunopress.it\/fr\/2016\/09\/21\/delicious-trail-dolomiti-del-24-settembre-a-cortina-le-caratteristiche-dei-percorsi-di-35-km-e-19-km\/","title":{"rendered":"Delicious Trail Dolomiti del 24 settembre a Cortina: le caratteristiche dei percorsi di 35 km e 19 km"},"content":{"rendered":"<p>Gallerie della Prima Guerra Mondiale, alti gradini, oscurit\u00e0, caschetto e luce frontale per gli atleti che affronteranno il trail lungo. Trincee e maggiore dolcezza per lo short. E due Gran Premi della Montagna: Lagazuoi e Nuvolau. \u00c8 Nicola Giovanelli, forte trail-runner, a spiegarci le peculiarit\u00e0 delle due gare.<\/p>\n<figure id=\"attachment_80845\" aria-describedby=\"caption-attachment-80845\" style=\"width: 300px\" class=\"wp-caption alignleft\"><a href=\"http:\/\/www.bellunopress.it\/wp-content\/uploads\/2016\/09\/Delicious-Trail-Dolomiti-Nicola-Giovanelli-PhBeniniCortina065.jpg\"><img loading=\"lazy\" decoding=\"async\" class=\"size-full wp-image-80845\" src=\"http:\/\/www.bellunopress.it\/wp-content\/uploads\/2016\/09\/Delicious-Trail-Dolomiti-Nicola-Giovanelli-PhBeniniCortina065.jpg\" alt=\"Nicola-Giovanelli-PhBenin\" width=\"300\" height=\"255\" \/><\/a><figcaption id=\"caption-attachment-80845\" class=\"wp-caption-text\">Nicola-Giovanelli-PhBenin<\/figcaption><\/figure>\n<p>Mancano pochi giorni al\u00a0Delicious Trail Dolomiti, la &#8220;corsa del gusto&#8221; di 35 km e 19 km, in programma il prossimo\u00a024 settembre\u00a0a\u00a0Pocol di Cortina.<\/p>\n<p>Quali caratteristiche presentano i due trail? Scopriamolo insieme a un esperto della montagna:\u00a0Nicola Giovanelli.<\/p>\n<p>\u00abSicuramente &#8211; spiega Giovanelli &#8211; la gara lunga \u00e8 per atleti con esperienza perch\u00e9, al di l\u00e0 della distanza, ha un bel dislivello di 2550 metri. Dal punto di vista tecnico invece non presenta grosse difficolt\u00e0; \u00e8 un trail abbastanza corribile con sentieri piuttosto veloci. Il tratto forse pi\u00f9 complicato \u00e8 quello che inizia dal 5 Torri e arriva al Lagazuoi (si raggiunge al 25\u00b0 km circa ), che comprende le gallerie che venivano utilizzate durante il Primo Conflitto Mondiale. Richieder\u00e0 un certo impegno fisico;\u00a0prima di entrare in galleria, infatti, al runner verr\u00e0 dato un caschetto con la luce frontale per affrontare i tratti pi\u00f9 bassi e bui. Ci saranno per\u00f2 dei punti in cui l&#8217;oscurit\u00e0 sar\u00e0 interrotta da &#8220;finestre&#8221; da cui si potr\u00e0 godere di un panorama incredibile. Questa parte di gara presenta seicento metri di dislivello per 1,6 km, quindi \u00e8 molto ripida ed \u00e8 composta da gradini irregolari, anche molto alti. I primi atleti dovrebbero terminare la prova attorno alle 3 ore e mezza, l&#8217;andatura che manterranno sar\u00e0 di 10 km all&#8217;ora; mentre il corridore &#8220;medio&#8221; ne impiegher\u00e0 almeno 6\u00bb.<\/p>\n<p>Per quanto concerne il percorso corto \u00e8 pi\u00f9 dolce e panoramico, non presenta particolari difficolt\u00e0 e toccher\u00e0, come il lungo, il Gruppo del Nuvolau.<\/p>\n<p>\u00abLa gara di 19 km &#8211; ha messo in luce Nicola &#8211; \u00e8 per chi ha gi\u00e0 un po&#8217; di dimestichezza con la corsa e magari ha gi\u00e0 preso parte a una mezza maratona. Si tratta di un circuito semplice composto da salita, discesa e in mezzo un po&#8217; di sali-scendi. Le gallerie non ci saranno, ma si percorreranno dei tratti di trincea. I primi atleti taglieranno il traguardo in due ore circa, gli altri attorno alle 4\u00bb.<\/p>\n<p>E poi ci saranno i\u00a0due Gran Premi della Montagna:\u00a0Lagazuoi, a quota 2572, e\u00a0Nuvolau, a 2575 metri.<\/p>\n<p>Ci saranno dei top atleti?\u00a0Eccome, ai nastri di partenza della gara lunga ci sar\u00e0 tutto il podio maschile del Campionato Italiano di Sky Running:\u00a0Nicol\u00f2 Francescatto,\u00a0Nicola Giovanelli\u00a0eTiziano Moia. E poi\u00a0Paolo Longo\u00a0che nel suo palmar\u00e8s conta una partecipazione ai Giochi Olimpici invernali del 2006 nella disciplina del biathlon.<\/p>\n<p>Tutte le informazioni:\u00a0<a href=\"http:\/\/www.cortinadolomiti.eu\/IT\/delicious-trail-dolomiti\/\" target=\"_blank\" rel=\"noreferrer\">Delicious Trail Dolomiti<\/a><\/p>","protected":false},"excerpt":{"rendered":"<p>Gallerie della Prima Guerra Mondiale, alti gradini, oscurit\u00e0, caschetto e luce frontale per gli atleti che affronteranno il trail lungo. Trincee e maggiore dolcezza per lo short. E due Gran Premi della Montagna: Lagazuoi e Nuvolau. \u00c8 Nicola Giovanelli, forte trail-runner, a spiegarci le peculiarit\u00e0 delle due gare. Mancano pochi giorni al\u00a0Delicious Trail Dolomiti, la [&hellip;]<\/p>\n","protected":false},"author":2,"featured_media":0,"comment_status":"closed","ping_status":"open","sticky":false,"template":"","format":"standard","meta":{"footnotes":""},"categories":[25,4],"tags":[],"class_list":["post-80844","post","type-post","status-publish","format-standard","category-pausa-caffe","category-sport"],"yoast_head":"<!-- This site is optimized with the Yoast SEO plugin v28.4 - https:\/\/yoast.com\/product\/yoast-seo-wordpress\/ -->\n<title>Delicious Trail Dolomiti del 24 settembre a Cortina: le caratteristiche dei percorsi di 35 km e 19 km - Bellunopress - Dolomiti<\/title>\n<meta name=\"robots\" content=\"index, follow, max-snippet:-1, max-image-preview:large, max-video-preview:-1\" \/>\n<link rel=\"canonical\" href=\"https:\/\/www.bellunopress.it\/fr\/2016\/09\/21\/delicious-trail-dolomiti-del-24-settembre-a-cortina-le-caratteristiche-dei-percorsi-di-35-km-e-19-km\/\" \/>\n<meta property=\"og:locale\" content=\"fr_FR\" \/>\n<meta property=\"og:type\" content=\"article\" \/>\n<meta property=\"og:title\" content=\"Delicious Trail Dolomiti del 24 settembre a Cortina: le caratteristiche dei percorsi di 35 km e 19 km - Bellunopress - Dolomiti\" \/>\n<meta property=\"og:description\" content=\"Gallerie della Prima Guerra Mondiale, alti gradini, oscurit\u00e0, caschetto e luce frontale per gli atleti che affronteranno il trail lungo. Trincee e maggiore dolcezza per lo short. E due Gran Premi della Montagna: Lagazuoi e Nuvolau. \u00c8 Nicola Giovanelli, forte trail-runner, a spiegarci le peculiarit\u00e0 delle due gare. Mancano pochi giorni al\u00a0Delicious Trail Dolomiti, la [&hellip;]\" \/>\n<meta property=\"og:url\" content=\"https:\/\/www.bellunopress.it\/fr\/2016\/09\/21\/delicious-trail-dolomiti-del-24-settembre-a-cortina-le-caratteristiche-dei-percorsi-di-35-km-e-19-km\/\" \/>\n<meta property=\"og:site_name\" content=\"Bellunopress - Dolomiti\" \/>\n<meta property=\"article:publisher\" content=\"https:\/\/www.facebook.com\/profile.php?id=100008943462799\" \/>\n<meta property=\"article:published_time\" content=\"2016-09-21T06:32:41+00:00\" \/>\n<meta property=\"og:image\" content=\"http:\/\/www.bellunopress.it\/wp-content\/uploads\/2016\/09\/Delicious-Trail-Dolomiti-Nicola-Giovanelli-PhBeniniCortina065.jpg\" \/>\n<meta name=\"author\" content=\"redazione\" \/>\n<meta name=\"twitter:card\" content=\"summary_large_image\" \/>\n<meta name=\"twitter:creator\" content=\"@bellunopress\" \/>\n<meta name=\"twitter:site\" content=\"@bellunopress\" \/>\n<meta name=\"twitter:label1\" content=\"\u00c9crit par\" \/>\n\t<meta name=\"twitter:data1\" content=\"redazione\" \/>\n\t<meta name=\"twitter:label2\" content=\"Dur\u00e9e de lecture estim\u00e9e\" \/>\n\t<meta name=\"twitter:data2\" content=\"2 minutes\" \/>\n<script type=\"application\/ld+json\" class=\"yoast-schema-graph\">{\"@context\":\"https:\\\/\\\/schema.org\",\"@graph\":[{\"@type\":\"Article\",\"@id\":\"https:\\\/\\\/www.bellunopress.it\\\/2016\\\/09\\\/21\\\/delicious-trail-dolomiti-del-24-settembre-a-cortina-le-caratteristiche-dei-percorsi-di-35-km-e-19-km\\\/#article\",\"isPartOf\":{\"@id\":\"https:\\\/\\\/www.bellunopress.it\\\/2016\\\/09\\\/21\\\/delicious-trail-dolomiti-del-24-settembre-a-cortina-le-caratteristiche-dei-percorsi-di-35-km-e-19-km\\\/\"},\"author\":{\"name\":\"redazione\",\"@id\":\"https:\\\/\\\/www.bellunopress.it\\\/#\\\/schema\\\/person\\\/79bb06722b37ece1c03d3e94beb30d73\"},\"headline\":\"Delicious Trail Dolomiti del 24 settembre a Cortina: le caratteristiche dei percorsi di 35 km e 19 km\",\"datePublished\":\"2016-09-21T06:32:41+00:00\",\"mainEntityOfPage\":{\"@id\":\"https:\\\/\\\/www.bellunopress.it\\\/2016\\\/09\\\/21\\\/delicious-trail-dolomiti-del-24-settembre-a-cortina-le-caratteristiche-dei-percorsi-di-35-km-e-19-km\\\/\"},\"wordCount\":456,\"publisher\":{\"@id\":\"https:\\\/\\\/www.bellunopress.it\\\/#organization\"},\"image\":{\"@id\":\"https:\\\/\\\/www.bellunopress.it\\\/2016\\\/09\\\/21\\\/delicious-trail-dolomiti-del-24-settembre-a-cortina-le-caratteristiche-dei-percorsi-di-35-km-e-19-km\\\/#primaryimage\"},\"thumbnailUrl\":\"http:\\\/\\\/www.bellunopress.it\\\/wp-content\\\/uploads\\\/2016\\\/09\\\/Delicious-Trail-Dolomiti-Nicola-Giovanelli-PhBeniniCortina065.jpg\",\"articleSection\":[\"Pausa Caff\u00e8\",\"Sport, tempo libero\"],\"inLanguage\":\"fr-FR\"},{\"@type\":\"WebPage\",\"@id\":\"https:\\\/\\\/www.bellunopress.it\\\/2016\\\/09\\\/21\\\/delicious-trail-dolomiti-del-24-settembre-a-cortina-le-caratteristiche-dei-percorsi-di-35-km-e-19-km\\\/\",\"url\":\"https:\\\/\\\/www.bellunopress.it\\\/2016\\\/09\\\/21\\\/delicious-trail-dolomiti-del-24-settembre-a-cortina-le-caratteristiche-dei-percorsi-di-35-km-e-19-km\\\/\",\"name\":\"Delicious Trail Dolomiti del 24 settembre a Cortina: le caratteristiche dei percorsi di 35 km e 19 km - Bellunopress - Dolomiti\",\"isPartOf\":{\"@id\":\"https:\\\/\\\/www.bellunopress.it\\\/#website\"},\"primaryImageOfPage\":{\"@id\":\"https:\\\/\\\/www.bellunopress.it\\\/2016\\\/09\\\/21\\\/delicious-trail-dolomiti-del-24-settembre-a-cortina-le-caratteristiche-dei-percorsi-di-35-km-e-19-km\\\/#primaryimage\"},\"image\":{\"@id\":\"https:\\\/\\\/www.bellunopress.it\\\/2016\\\/09\\\/21\\\/delicious-trail-dolomiti-del-24-settembre-a-cortina-le-caratteristiche-dei-percorsi-di-35-km-e-19-km\\\/#primaryimage\"},\"thumbnailUrl\":\"http:\\\/\\\/www.bellunopress.it\\\/wp-content\\\/uploads\\\/2016\\\/09\\\/Delicious-Trail-Dolomiti-Nicola-Giovanelli-PhBeniniCortina065.jpg\",\"datePublished\":\"2016-09-21T06:32:41+00:00\",\"breadcrumb\":{\"@id\":\"https:\\\/\\\/www.bellunopress.it\\\/2016\\\/09\\\/21\\\/delicious-trail-dolomiti-del-24-settembre-a-cortina-le-caratteristiche-dei-percorsi-di-35-km-e-19-km\\\/#breadcrumb\"},\"inLanguage\":\"fr-FR\",\"potentialAction\":[{\"@type\":\"ReadAction\",\"target\":[\"https:\\\/\\\/www.bellunopress.it\\\/2016\\\/09\\\/21\\\/delicious-trail-dolomiti-del-24-settembre-a-cortina-le-caratteristiche-dei-percorsi-di-35-km-e-19-km\\\/\"]}]},{\"@type\":\"ImageObject\",\"inLanguage\":\"fr-FR\",\"@id\":\"https:\\\/\\\/www.bellunopress.it\\\/2016\\\/09\\\/21\\\/delicious-trail-dolomiti-del-24-settembre-a-cortina-le-caratteristiche-dei-percorsi-di-35-km-e-19-km\\\/#primaryimage\",\"url\":\"http:\\\/\\\/www.bellunopress.it\\\/wp-content\\\/uploads\\\/2016\\\/09\\\/Delicious-Trail-Dolomiti-Nicola-Giovanelli-PhBeniniCortina065.jpg\",\"contentUrl\":\"http:\\\/\\\/www.bellunopress.it\\\/wp-content\\\/uploads\\\/2016\\\/09\\\/Delicious-Trail-Dolomiti-Nicola-Giovanelli-PhBeniniCortina065.jpg\"},{\"@type\":\"BreadcrumbList\",\"@id\":\"https:\\\/\\\/www.bellunopress.it\\\/2016\\\/09\\\/21\\\/delicious-trail-dolomiti-del-24-settembre-a-cortina-le-caratteristiche-dei-percorsi-di-35-km-e-19-km\\\/#breadcrumb\",\"itemListElement\":[{\"@type\":\"ListItem\",\"position\":1,\"name\":\"Home\",\"item\":\"https:\\\/\\\/www.bellunopress.it\\\/\"},{\"@type\":\"ListItem\",\"position\":2,\"name\":\"Delicious Trail Dolomiti del 24 settembre a Cortina: le caratteristiche dei percorsi di 35 km e 19 km\"}]},{\"@type\":\"WebSite\",\"@id\":\"https:\\\/\\\/www.bellunopress.it\\\/#website\",\"url\":\"https:\\\/\\\/www.bellunopress.it\\\/\",\"name\":\"Bellunopress - Dolomiti\",\"description\":\"e-mail: redazione@bellunopress.it\",\"publisher\":{\"@id\":\"https:\\\/\\\/www.bellunopress.it\\\/#organization\"},\"potentialAction\":[{\"@type\":\"SearchAction\",\"target\":{\"@type\":\"EntryPoint\",\"urlTemplate\":\"https:\\\/\\\/www.bellunopress.it\\\/?s={search_term_string}\"},\"query-input\":{\"@type\":\"PropertyValueSpecification\",\"valueRequired\":true,\"valueName\":\"search_term_string\"}}],\"inLanguage\":\"fr-FR\"},{\"@type\":\"Organization\",\"@id\":\"https:\\\/\\\/www.bellunopress.it\\\/#organization\",\"name\":\"Bellunopress\",\"url\":\"https:\\\/\\\/www.bellunopress.it\\\/\",\"logo\":{\"@type\":\"ImageObject\",\"inLanguage\":\"fr-FR\",\"@id\":\"https:\\\/\\\/www.bellunopress.it\\\/#\\\/schema\\\/logo\\\/image\\\/\",\"url\":\"https:\\\/\\\/www.bellunopress.it\\\/wp-content\\\/uploads\\\/2011\\\/05\\\/cropped-logo-bellunopress-.jpg\",\"contentUrl\":\"https:\\\/\\\/www.bellunopress.it\\\/wp-content\\\/uploads\\\/2011\\\/05\\\/cropped-logo-bellunopress-.jpg\",\"width\":512,\"height\":512,\"caption\":\"Bellunopress\"},\"image\":{\"@id\":\"https:\\\/\\\/www.bellunopress.it\\\/#\\\/schema\\\/logo\\\/image\\\/\"},\"sameAs\":[\"https:\\\/\\\/www.facebook.com\\\/profile.php?id=100008943462799\",\"https:\\\/\\\/x.com\\\/bellunopress\",\"https:\\\/\\\/www.linkedin.com\\\/hp\\\/?dnr=JBzUWaJfMUw8vbXJJ2tVW5-I3jZKvC4wsoxE&amp;amp;amp;amp;amp;amp;trk=nav_responsive_tab_home\",\"https:\\\/\\\/www.youtube.com\\\/channel\\\/UCxL0wu1uN0_3_7hGG0306cw\"]},{\"@type\":\"Person\",\"@id\":\"https:\\\/\\\/www.bellunopress.it\\\/#\\\/schema\\\/person\\\/79bb06722b37ece1c03d3e94beb30d73\",\"name\":\"redazione\",\"image\":{\"@type\":\"ImageObject\",\"inLanguage\":\"fr-FR\",\"@id\":\"https:\\\/\\\/secure.gravatar.com\\\/avatar\\\/37d968a2e67a6fd04c169c4bdef102d0bc5d31b2546345219e348575eb80e9a0?s=96&d=mm&r=g\",\"url\":\"https:\\\/\\\/secure.gravatar.com\\\/avatar\\\/37d968a2e67a6fd04c169c4bdef102d0bc5d31b2546345219e348575eb80e9a0?s=96&d=mm&r=g\",\"contentUrl\":\"https:\\\/\\\/secure.gravatar.com\\\/avatar\\\/37d968a2e67a6fd04c169c4bdef102d0bc5d31b2546345219e348575eb80e9a0?s=96&d=mm&r=g\",\"caption\":\"redazione\"},\"sameAs\":[\"http:\\\/\\\/www.bellunopress.it\",\"https:\\\/\\\/x.com\\\/bellunopress\"],\"url\":\"https:\\\/\\\/www.bellunopress.it\\\/fr\\\/author\\\/redazione\\\/\"}]}<\/script>\n<!-- \/ Yoast SEO plugin. -->","yoast_head_json":{"title":"Delicious Trail Dolomiti del 24 settembre a Cortina: le caratteristiche dei percorsi di 35 km e 19 km - Bellunopress - Dolomiti","robots":{"index":"index","follow":"follow","max-snippet":"max-snippet:-1","max-image-preview":"max-image-preview:large","max-video-preview":"max-video-preview:-1"},"canonical":"https:\/\/www.bellunopress.it\/fr\/2016\/09\/21\/delicious-trail-dolomiti-del-24-settembre-a-cortina-le-caratteristiche-dei-percorsi-di-35-km-e-19-km\/","og_locale":"fr_FR","og_type":"article","og_title":"Delicious Trail Dolomiti del 24 settembre a Cortina: le caratteristiche dei percorsi di 35 km e 19 km - Bellunopress - Dolomiti","og_description":"Gallerie della Prima Guerra Mondiale, alti gradini, oscurit\u00e0, caschetto e luce frontale per gli atleti che affronteranno il trail lungo. Trincee e maggiore dolcezza per lo short. E due Gran Premi della Montagna: Lagazuoi e Nuvolau. \u00c8 Nicola Giovanelli, forte trail-runner, a spiegarci le peculiarit\u00e0 delle due gare. Mancano pochi giorni al\u00a0Delicious Trail Dolomiti, la [&hellip;]","og_url":"https:\/\/www.bellunopress.it\/fr\/2016\/09\/21\/delicious-trail-dolomiti-del-24-settembre-a-cortina-le-caratteristiche-dei-percorsi-di-35-km-e-19-km\/","og_site_name":"Bellunopress - Dolomiti","article_publisher":"https:\/\/www.facebook.com\/profile.php?id=100008943462799","article_published_time":"2016-09-21T06:32:41+00:00","og_image":[{"url":"http:\/\/www.bellunopress.it\/wp-content\/uploads\/2016\/09\/Delicious-Trail-Dolomiti-Nicola-Giovanelli-PhBeniniCortina065.jpg","type":"","width":"","height":""}],"author":"redazione","twitter_card":"summary_large_image","twitter_creator":"@bellunopress","twitter_site":"@bellunopress","twitter_misc":{"\u00c9crit par":"redazione","Dur\u00e9e de lecture estim\u00e9e":"2 minutes"},"schema":{"@context":"https:\/\/schema.org","@graph":[{"@type":"Article","@id":"https:\/\/www.bellunopress.it\/2016\/09\/21\/delicious-trail-dolomiti-del-24-settembre-a-cortina-le-caratteristiche-dei-percorsi-di-35-km-e-19-km\/#article","isPartOf":{"@id":"https:\/\/www.bellunopress.it\/2016\/09\/21\/delicious-trail-dolomiti-del-24-settembre-a-cortina-le-caratteristiche-dei-percorsi-di-35-km-e-19-km\/"},"author":{"name":"redazione","@id":"https:\/\/www.bellunopress.it\/#\/schema\/person\/79bb06722b37ece1c03d3e94beb30d73"},"headline":"Delicious Trail Dolomiti del 24 settembre a Cortina: le caratteristiche dei percorsi di 35 km e 19 km","datePublished":"2016-09-21T06:32:41+00:00","mainEntityOfPage":{"@id":"https:\/\/www.bellunopress.it\/2016\/09\/21\/delicious-trail-dolomiti-del-24-settembre-a-cortina-le-caratteristiche-dei-percorsi-di-35-km-e-19-km\/"},"wordCount":456,"publisher":{"@id":"https:\/\/www.bellunopress.it\/#organization"},"image":{"@id":"https:\/\/www.bellunopress.it\/2016\/09\/21\/delicious-trail-dolomiti-del-24-settembre-a-cortina-le-caratteristiche-dei-percorsi-di-35-km-e-19-km\/#primaryimage"},"thumbnailUrl":"http:\/\/www.bellunopress.it\/wp-content\/uploads\/2016\/09\/Delicious-Trail-Dolomiti-Nicola-Giovanelli-PhBeniniCortina065.jpg","articleSection":["Pausa Caff\u00e8","Sport, tempo libero"],"inLanguage":"fr-FR"},{"@type":"WebPage","@id":"https:\/\/www.bellunopress.it\/2016\/09\/21\/delicious-trail-dolomiti-del-24-settembre-a-cortina-le-caratteristiche-dei-percorsi-di-35-km-e-19-km\/","url":"https:\/\/www.bellunopress.it\/2016\/09\/21\/delicious-trail-dolomiti-del-24-settembre-a-cortina-le-caratteristiche-dei-percorsi-di-35-km-e-19-km\/","name":"Delicious Trail Dolomiti del 24 settembre a Cortina: le caratteristiche dei percorsi di 35 km e 19 km - Bellunopress - Dolomiti","isPartOf":{"@id":"https:\/\/www.bellunopress.it\/#website"},"primaryImageOfPage":{"@id":"https:\/\/www.bellunopress.it\/2016\/09\/21\/delicious-trail-dolomiti-del-24-settembre-a-cortina-le-caratteristiche-dei-percorsi-di-35-km-e-19-km\/#primaryimage"},"image":{"@id":"https:\/\/www.bellunopress.it\/2016\/09\/21\/delicious-trail-dolomiti-del-24-settembre-a-cortina-le-caratteristiche-dei-percorsi-di-35-km-e-19-km\/#primaryimage"},"thumbnailUrl":"http:\/\/www.bellunopress.it\/wp-content\/uploads\/2016\/09\/Delicious-Trail-Dolomiti-Nicola-Giovanelli-PhBeniniCortina065.jpg","datePublished":"2016-09-21T06:32:41+00:00","breadcrumb":{"@id":"https:\/\/www.bellunopress.it\/2016\/09\/21\/delicious-trail-dolomiti-del-24-settembre-a-cortina-le-caratteristiche-dei-percorsi-di-35-km-e-19-km\/#breadcrumb"},"inLanguage":"fr-FR","potentialAction":[{"@type":"ReadAction","target":["https:\/\/www.bellunopress.it\/2016\/09\/21\/delicious-trail-dolomiti-del-24-settembre-a-cortina-le-caratteristiche-dei-percorsi-di-35-km-e-19-km\/"]}]},{"@type":"ImageObject","inLanguage":"fr-FR","@id":"https:\/\/www.bellunopress.it\/2016\/09\/21\/delicious-trail-dolomiti-del-24-settembre-a-cortina-le-caratteristiche-dei-percorsi-di-35-km-e-19-km\/#primaryimage","url":"http:\/\/www.bellunopress.it\/wp-content\/uploads\/2016\/09\/Delicious-Trail-Dolomiti-Nicola-Giovanelli-PhBeniniCortina065.jpg","contentUrl":"http:\/\/www.bellunopress.it\/wp-content\/uploads\/2016\/09\/Delicious-Trail-Dolomiti-Nicola-Giovanelli-PhBeniniCortina065.jpg"},{"@type":"BreadcrumbList","@id":"https:\/\/www.bellunopress.it\/2016\/09\/21\/delicious-trail-dolomiti-del-24-settembre-a-cortina-le-caratteristiche-dei-percorsi-di-35-km-e-19-km\/#breadcrumb","itemListElement":[{"@type":"ListItem","position":1,"name":"Home","item":"https:\/\/www.bellunopress.it\/"},{"@type":"ListItem","position":2,"name":"Delicious Trail Dolomiti del 24 settembre a Cortina: le caratteristiche dei percorsi di 35 km e 19 km"}]},{"@type":"WebSite","@id":"https:\/\/www.bellunopress.it\/#website","url":"https:\/\/www.bellunopress.it\/","name":"Bellunopress - Dolomiti","description":"e-mail: redazione@bellunopress.it","publisher":{"@id":"https:\/\/www.bellunopress.it\/#organization"},"potentialAction":[{"@type":"SearchAction","target":{"@type":"EntryPoint","urlTemplate":"https:\/\/www.bellunopress.it\/?s={search_term_string}"},"query-input":{"@type":"PropertyValueSpecification","valueRequired":true,"valueName":"search_term_string"}}],"inLanguage":"fr-FR"},{"@type":"Organization","@id":"https:\/\/www.bellunopress.it\/#organization","name":"Bellunopress","url":"https:\/\/www.bellunopress.it\/","logo":{"@type":"ImageObject","inLanguage":"fr-FR","@id":"https:\/\/www.bellunopress.it\/#\/schema\/logo\/image\/","url":"https:\/\/www.bellunopress.it\/wp-content\/uploads\/2011\/05\/cropped-logo-bellunopress-.jpg","contentUrl":"https:\/\/www.bellunopress.it\/wp-content\/uploads\/2011\/05\/cropped-logo-bellunopress-.jpg","width":512,"height":512,"caption":"Bellunopress"},"image":{"@id":"https:\/\/www.bellunopress.it\/#\/schema\/logo\/image\/"},"sameAs":["https:\/\/www.facebook.com\/profile.php?id=100008943462799","https:\/\/x.com\/bellunopress","https:\/\/www.linkedin.com\/hp\/?dnr=JBzUWaJfMUw8vbXJJ2tVW5-I3jZKvC4wsoxE&amp;amp;amp;amp;amp;amp;trk=nav_responsive_tab_home","https:\/\/www.youtube.com\/channel\/UCxL0wu1uN0_3_7hGG0306cw"]},{"@type":"Person","@id":"https:\/\/www.bellunopress.it\/#\/schema\/person\/79bb06722b37ece1c03d3e94beb30d73","name":"r\u00e9daction","image":{"@type":"ImageObject","inLanguage":"fr-FR","@id":"https:\/\/secure.gravatar.com\/avatar\/37d968a2e67a6fd04c169c4bdef102d0bc5d31b2546345219e348575eb80e9a0?s=96&d=mm&r=g","url":"https:\/\/secure.gravatar.com\/avatar\/37d968a2e67a6fd04c169c4bdef102d0bc5d31b2546345219e348575eb80e9a0?s=96&d=mm&r=g","contentUrl":"https:\/\/secure.gravatar.com\/avatar\/37d968a2e67a6fd04c169c4bdef102d0bc5d31b2546345219e348575eb80e9a0?s=96&d=mm&r=g","caption":"redazione"},"sameAs":["http:\/\/www.bellunopress.it","https:\/\/x.com\/bellunopress"],"url":"https:\/\/www.bellunopress.it\/fr\/author\/redazione\/"}]}},"_links":{"self":[{"href":"https:\/\/www.bellunopress.it\/fr\/wp-json\/wp\/v2\/posts\/80844","targetHints":{"allow":["GET"]}}],"collection":[{"href":"https:\/\/www.bellunopress.it\/fr\/wp-json\/wp\/v2\/posts"}],"about":[{"href":"https:\/\/www.bellunopress.it\/fr\/wp-json\/wp\/v2\/types\/post"}],"author":[{"embeddable":true,"href":"https:\/\/www.bellunopress.it\/fr\/wp-json\/wp\/v2\/users\/2"}],"replies":[{"embeddable":true,"href":"https:\/\/www.bellunopress.it\/fr\/wp-json\/wp\/v2\/comments?post=80844"}],"version-history":[{"count":1,"href":"https:\/\/www.bellunopress.it\/fr\/wp-json\/wp\/v2\/posts\/80844\/revisions"}],"predecessor-version":[{"id":80846,"href":"https:\/\/www.bellunopress.it\/fr\/wp-json\/wp\/v2\/posts\/80844\/revisions\/80846"}],"wp:attachment":[{"href":"https:\/\/www.bellunopress.it\/fr\/wp-json\/wp\/v2\/media?parent=80844"}],"wp:term":[{"taxonomy":"category","embeddable":true,"href":"https:\/\/www.bellunopress.it\/fr\/wp-json\/wp\/v2\/categories?post=80844"},{"taxonomy":"post_tag","embeddable":true,"href":"https:\/\/www.bellunopress.it\/fr\/wp-json\/wp\/v2\/tags?post=80844"}],"curies":[{"name":"wp","href":"https:\/\/api.w.org\/{rel}","templated":true}]}}