{"id":8045,"date":"2009-09-14T11:51:15","date_gmt":"2009-09-14T10:51:15","guid":{"rendered":"http:\/\/www.bellunopress.it\/?p=8045"},"modified":"2009-09-14T11:51:15","modified_gmt":"2009-09-14T10:51:15","slug":"primo-giorno-di-scuola-lassessore-in-visita-alle-elermentari-di-mussoi","status":"publish","type":"post","link":"https:\/\/www.bellunopress.it\/fr\/2009\/09\/14\/primo-giorno-di-scuola-lassessore-in-visita-alle-elermentari-di-mussoi\/","title":{"rendered":"Primo giorno di scuola: l&#8217;assessore in visita alle elermentari di Mussoi"},"content":{"rendered":"<p>Primo giorno di scuola,<\/p>\n<figure id=\"attachment_6936\" aria-describedby=\"caption-attachment-6936\" style=\"width: 181px\" class=\"wp-caption alignleft\"><a href=\"http:\/\/www.bellunopress.it\/wp-content\/uploads\/2009\/08\/maria-grazia-passuello.jpg\"><img loading=\"lazy\" decoding=\"async\" class=\"size-medium wp-image-6936\" title=\"maria-grazia-passuello\" src=\"http:\/\/www.bellunopress.it\/wp-content\/uploads\/2009\/08\/maria-grazia-passuello.jpg\" alt=\"Maria Grazia Passuello assessore alla Cultura\" width=\"181\" height=\"226\" \/><\/a><figcaption id=\"caption-attachment-6936\" class=\"wp-caption-text\">Maria Grazia Passuello assessore alla Cultura<\/figcaption><\/figure>\n<p>\u00a0con l&#8217;assicurazione del Comune di Belluno che i trasporti e il servizio mensa avranno inizio la settimana prossima. L&#8217;assessore alla Cultura, Maria Grazia Passuello, per segnare la sua vicinanza con il mondo della scuola in Citt\u00e0, si \u00e8 recata presso le scuole elementari di Mussoi dove ha salutato ragazzi, genitori e insegnanti. Erano presenti anche gli alpini del Gruppo ANA cittadino. \u201cPer le nostre scuole stiamo lavorando sodo &#8211; ha detto l&#8217;assessore Passuello &#8211; e sono molto soddisfatta che il primo giorno di scuola sia andato tutto bene. Durante l&#8217;estate abbiamo lavorato per un nuovo servizio mensa, molto curato, e\u00a0 sono certa che risulter\u00e0 molto gradito ai nostri alunni. I nostri giovani sono la ricchezza pi\u00f9 grande della nostra Citt\u00e0: verso di loro abbiamo grande attenzione e cura. Mi piace sottolineare la forte sinergia che abbiamo costruito con le Direzioni didattiche, con il personale docente ma anche con i genitori e le loro rappresentanze, con la stessa Uls\u00a0 E&#8217; il modo migliore non solo per far crescere la scuola ma anche per dimostrare agli stessi ragazzi che il lavoro di squadra \u00e8 importante, e mi pare che sia un messaggio che noi, mondo degli adulti, dobbiamo dare oggi ai ragazzi\u201d.<\/p>","protected":false},"excerpt":{"rendered":"<p>Primo giorno di scuola, \u00a0con l&#8217;assicurazione del Comune di Belluno che i trasporti e il servizio mensa avranno inizio la settimana prossima. L&#8217;assessore alla Cultura, Maria Grazia Passuello, per segnare la sua vicinanza con il mondo della scuola in Citt\u00e0, si \u00e8 recata presso le scuole elementari di Mussoi dove ha salutato ragazzi, genitori e [&hellip;]<\/p>\n","protected":false},"author":2,"featured_media":0,"comment_status":"closed","ping_status":"open","sticky":false,"template":"","format":"standard","meta":{"footnotes":""},"categories":[26,15],"tags":[139],"class_list":["post-8045","post","type-post","status-publish","format-standard","category-prima-pagina","category-scuola","tag-belluno"],"yoast_head":"<!-- This site is optimized with the Yoast SEO plugin v28.4 - https:\/\/yoast.com\/product\/yoast-seo-wordpress\/ -->\n<title>Primo giorno di scuola: l&#039;assessore in visita alle elermentari di Mussoi  - Bellunopress - Dolomiti<\/title>\n<meta name=\"robots\" content=\"index, follow, max-snippet:-1, max-image-preview:large, max-video-preview:-1\" \/>\n<link rel=\"canonical\" href=\"https:\/\/www.bellunopress.it\/fr\/2009\/09\/14\/primo-giorno-di-scuola-lassessore-in-visita-alle-elermentari-di-mussoi\/\" \/>\n<meta property=\"og:locale\" content=\"fr_FR\" \/>\n<meta property=\"og:type\" content=\"article\" \/>\n<meta property=\"og:title\" content=\"Primo giorno di scuola: l&#039;assessore in visita alle elermentari di Mussoi  - Bellunopress - Dolomiti\" \/>\n<meta property=\"og:description\" content=\"Primo giorno di scuola, \u00a0con l&#8217;assicurazione del Comune di Belluno che i trasporti e il servizio mensa avranno inizio la settimana prossima. L&#8217;assessore alla Cultura, Maria Grazia Passuello, per segnare la sua vicinanza con il mondo della scuola in Citt\u00e0, si \u00e8 recata presso le scuole elementari di Mussoi dove ha salutato ragazzi, genitori e [&hellip;]\" \/>\n<meta property=\"og:url\" content=\"https:\/\/www.bellunopress.it\/fr\/2009\/09\/14\/primo-giorno-di-scuola-lassessore-in-visita-alle-elermentari-di-mussoi\/\" \/>\n<meta property=\"og:site_name\" content=\"Bellunopress - Dolomiti\" \/>\n<meta property=\"article:publisher\" content=\"https:\/\/www.facebook.com\/profile.php?id=100008943462799\" \/>\n<meta property=\"article:published_time\" content=\"2009-09-14T10:51:15+00:00\" \/>\n<meta property=\"og:image\" content=\"http:\/\/www.bellunopress.it\/wp-content\/uploads\/2009\/08\/maria-grazia-passuello.jpg\" \/>\n<meta name=\"author\" content=\"redazione\" \/>\n<meta name=\"twitter:card\" content=\"summary_large_image\" \/>\n<meta name=\"twitter:creator\" content=\"@bellunopress\" \/>\n<meta name=\"twitter:site\" content=\"@bellunopress\" \/>\n<meta name=\"twitter:label1\" content=\"\u00c9crit par\" \/>\n\t<meta name=\"twitter:data1\" content=\"redazione\" \/>\n\t<meta name=\"twitter:label2\" content=\"Dur\u00e9e de lecture estim\u00e9e\" \/>\n\t<meta name=\"twitter:data2\" content=\"1 minute\" \/>\n<script type=\"application\/ld+json\" class=\"yoast-schema-graph\">{\"@context\":\"https:\\\/\\\/schema.org\",\"@graph\":[{\"@type\":\"Article\",\"@id\":\"https:\\\/\\\/www.bellunopress.it\\\/2009\\\/09\\\/14\\\/primo-giorno-di-scuola-lassessore-in-visita-alle-elermentari-di-mussoi\\\/#article\",\"isPartOf\":{\"@id\":\"https:\\\/\\\/www.bellunopress.it\\\/2009\\\/09\\\/14\\\/primo-giorno-di-scuola-lassessore-in-visita-alle-elermentari-di-mussoi\\\/\"},\"author\":{\"name\":\"redazione\",\"@id\":\"https:\\\/\\\/www.bellunopress.it\\\/#\\\/schema\\\/person\\\/79bb06722b37ece1c03d3e94beb30d73\"},\"headline\":\"Primo giorno di scuola: l&#8217;assessore in visita alle elermentari di Mussoi\",\"datePublished\":\"2009-09-14T10:51:15+00:00\",\"mainEntityOfPage\":{\"@id\":\"https:\\\/\\\/www.bellunopress.it\\\/2009\\\/09\\\/14\\\/primo-giorno-di-scuola-lassessore-in-visita-alle-elermentari-di-mussoi\\\/\"},\"wordCount\":232,\"publisher\":{\"@id\":\"https:\\\/\\\/www.bellunopress.it\\\/#organization\"},\"image\":{\"@id\":\"https:\\\/\\\/www.bellunopress.it\\\/2009\\\/09\\\/14\\\/primo-giorno-di-scuola-lassessore-in-visita-alle-elermentari-di-mussoi\\\/#primaryimage\"},\"thumbnailUrl\":\"http:\\\/\\\/www.bellunopress.it\\\/wp-content\\\/uploads\\\/2009\\\/08\\\/maria-grazia-passuello.jpg\",\"keywords\":[\"Belluno\"],\"articleSection\":[\"Prima Pagina\",\"Scuola\"],\"inLanguage\":\"fr-FR\"},{\"@type\":\"WebPage\",\"@id\":\"https:\\\/\\\/www.bellunopress.it\\\/2009\\\/09\\\/14\\\/primo-giorno-di-scuola-lassessore-in-visita-alle-elermentari-di-mussoi\\\/\",\"url\":\"https:\\\/\\\/www.bellunopress.it\\\/2009\\\/09\\\/14\\\/primo-giorno-di-scuola-lassessore-in-visita-alle-elermentari-di-mussoi\\\/\",\"name\":\"Primo giorno di scuola: l'assessore in visita alle elermentari di Mussoi - Bellunopress - Dolomiti\",\"isPartOf\":{\"@id\":\"https:\\\/\\\/www.bellunopress.it\\\/#website\"},\"primaryImageOfPage\":{\"@id\":\"https:\\\/\\\/www.bellunopress.it\\\/2009\\\/09\\\/14\\\/primo-giorno-di-scuola-lassessore-in-visita-alle-elermentari-di-mussoi\\\/#primaryimage\"},\"image\":{\"@id\":\"https:\\\/\\\/www.bellunopress.it\\\/2009\\\/09\\\/14\\\/primo-giorno-di-scuola-lassessore-in-visita-alle-elermentari-di-mussoi\\\/#primaryimage\"},\"thumbnailUrl\":\"http:\\\/\\\/www.bellunopress.it\\\/wp-content\\\/uploads\\\/2009\\\/08\\\/maria-grazia-passuello.jpg\",\"datePublished\":\"2009-09-14T10:51:15+00:00\",\"breadcrumb\":{\"@id\":\"https:\\\/\\\/www.bellunopress.it\\\/2009\\\/09\\\/14\\\/primo-giorno-di-scuola-lassessore-in-visita-alle-elermentari-di-mussoi\\\/#breadcrumb\"},\"inLanguage\":\"fr-FR\",\"potentialAction\":[{\"@type\":\"ReadAction\",\"target\":[\"https:\\\/\\\/www.bellunopress.it\\\/2009\\\/09\\\/14\\\/primo-giorno-di-scuola-lassessore-in-visita-alle-elermentari-di-mussoi\\\/\"]}]},{\"@type\":\"ImageObject\",\"inLanguage\":\"fr-FR\",\"@id\":\"https:\\\/\\\/www.bellunopress.it\\\/2009\\\/09\\\/14\\\/primo-giorno-di-scuola-lassessore-in-visita-alle-elermentari-di-mussoi\\\/#primaryimage\",\"url\":\"http:\\\/\\\/www.bellunopress.it\\\/wp-content\\\/uploads\\\/2009\\\/08\\\/maria-grazia-passuello.jpg\",\"contentUrl\":\"http:\\\/\\\/www.bellunopress.it\\\/wp-content\\\/uploads\\\/2009\\\/08\\\/maria-grazia-passuello.jpg\"},{\"@type\":\"BreadcrumbList\",\"@id\":\"https:\\\/\\\/www.bellunopress.it\\\/2009\\\/09\\\/14\\\/primo-giorno-di-scuola-lassessore-in-visita-alle-elermentari-di-mussoi\\\/#breadcrumb\",\"itemListElement\":[{\"@type\":\"ListItem\",\"position\":1,\"name\":\"Home\",\"item\":\"https:\\\/\\\/www.bellunopress.it\\\/\"},{\"@type\":\"ListItem\",\"position\":2,\"name\":\"Primo giorno di scuola: l&#8217;assessore in visita alle elermentari di Mussoi\"}]},{\"@type\":\"WebSite\",\"@id\":\"https:\\\/\\\/www.bellunopress.it\\\/#website\",\"url\":\"https:\\\/\\\/www.bellunopress.it\\\/\",\"name\":\"Bellunopress - Dolomiti\",\"description\":\"e-mail: redazione@bellunopress.it\",\"publisher\":{\"@id\":\"https:\\\/\\\/www.bellunopress.it\\\/#organization\"},\"potentialAction\":[{\"@type\":\"SearchAction\",\"target\":{\"@type\":\"EntryPoint\",\"urlTemplate\":\"https:\\\/\\\/www.bellunopress.it\\\/?s={search_term_string}\"},\"query-input\":{\"@type\":\"PropertyValueSpecification\",\"valueRequired\":true,\"valueName\":\"search_term_string\"}}],\"inLanguage\":\"fr-FR\"},{\"@type\":\"Organization\",\"@id\":\"https:\\\/\\\/www.bellunopress.it\\\/#organization\",\"name\":\"Bellunopress\",\"url\":\"https:\\\/\\\/www.bellunopress.it\\\/\",\"logo\":{\"@type\":\"ImageObject\",\"inLanguage\":\"fr-FR\",\"@id\":\"https:\\\/\\\/www.bellunopress.it\\\/#\\\/schema\\\/logo\\\/image\\\/\",\"url\":\"https:\\\/\\\/www.bellunopress.it\\\/wp-content\\\/uploads\\\/2011\\\/05\\\/cropped-logo-bellunopress-.jpg\",\"contentUrl\":\"https:\\\/\\\/www.bellunopress.it\\\/wp-content\\\/uploads\\\/2011\\\/05\\\/cropped-logo-bellunopress-.jpg\",\"width\":512,\"height\":512,\"caption\":\"Bellunopress\"},\"image\":{\"@id\":\"https:\\\/\\\/www.bellunopress.it\\\/#\\\/schema\\\/logo\\\/image\\\/\"},\"sameAs\":[\"https:\\\/\\\/www.facebook.com\\\/profile.php?id=100008943462799\",\"https:\\\/\\\/x.com\\\/bellunopress\",\"https:\\\/\\\/www.linkedin.com\\\/hp\\\/?dnr=JBzUWaJfMUw8vbXJJ2tVW5-I3jZKvC4wsoxE&amp;amp;amp;amp;amp;amp;trk=nav_responsive_tab_home\",\"https:\\\/\\\/www.youtube.com\\\/channel\\\/UCxL0wu1uN0_3_7hGG0306cw\"]},{\"@type\":\"Person\",\"@id\":\"https:\\\/\\\/www.bellunopress.it\\\/#\\\/schema\\\/person\\\/79bb06722b37ece1c03d3e94beb30d73\",\"name\":\"redazione\",\"image\":{\"@type\":\"ImageObject\",\"inLanguage\":\"fr-FR\",\"@id\":\"https:\\\/\\\/secure.gravatar.com\\\/avatar\\\/37d968a2e67a6fd04c169c4bdef102d0bc5d31b2546345219e348575eb80e9a0?s=96&d=mm&r=g\",\"url\":\"https:\\\/\\\/secure.gravatar.com\\\/avatar\\\/37d968a2e67a6fd04c169c4bdef102d0bc5d31b2546345219e348575eb80e9a0?s=96&d=mm&r=g\",\"contentUrl\":\"https:\\\/\\\/secure.gravatar.com\\\/avatar\\\/37d968a2e67a6fd04c169c4bdef102d0bc5d31b2546345219e348575eb80e9a0?s=96&d=mm&r=g\",\"caption\":\"redazione\"},\"sameAs\":[\"http:\\\/\\\/www.bellunopress.it\",\"https:\\\/\\\/x.com\\\/bellunopress\"],\"url\":\"https:\\\/\\\/www.bellunopress.it\\\/fr\\\/author\\\/redazione\\\/\"}]}<\/script>\n<!-- \/ Yoast SEO plugin. -->","yoast_head_json":{"title":"Primo giorno di scuola: l'assessore in visita alle elermentari di Mussoi  - Bellunopress - Dolomiti","robots":{"index":"index","follow":"follow","max-snippet":"max-snippet:-1","max-image-preview":"max-image-preview:large","max-video-preview":"max-video-preview:-1"},"canonical":"https:\/\/www.bellunopress.it\/fr\/2009\/09\/14\/primo-giorno-di-scuola-lassessore-in-visita-alle-elermentari-di-mussoi\/","og_locale":"fr_FR","og_type":"article","og_title":"Primo giorno di scuola: l'assessore in visita alle elermentari di Mussoi  - Bellunopress - Dolomiti","og_description":"Primo giorno di scuola, \u00a0con l&#8217;assicurazione del Comune di Belluno che i trasporti e il servizio mensa avranno inizio la settimana prossima. L&#8217;assessore alla Cultura, Maria Grazia Passuello, per segnare la sua vicinanza con il mondo della scuola in Citt\u00e0, si \u00e8 recata presso le scuole elementari di Mussoi dove ha salutato ragazzi, genitori e [&hellip;]","og_url":"https:\/\/www.bellunopress.it\/fr\/2009\/09\/14\/primo-giorno-di-scuola-lassessore-in-visita-alle-elermentari-di-mussoi\/","og_site_name":"Bellunopress - Dolomiti","article_publisher":"https:\/\/www.facebook.com\/profile.php?id=100008943462799","article_published_time":"2009-09-14T10:51:15+00:00","og_image":[{"url":"http:\/\/www.bellunopress.it\/wp-content\/uploads\/2009\/08\/maria-grazia-passuello.jpg","type":"","width":"","height":""}],"author":"redazione","twitter_card":"summary_large_image","twitter_creator":"@bellunopress","twitter_site":"@bellunopress","twitter_misc":{"\u00c9crit par":"redazione","Dur\u00e9e de lecture estim\u00e9e":"1 minute"},"schema":{"@context":"https:\/\/schema.org","@graph":[{"@type":"Article","@id":"https:\/\/www.bellunopress.it\/2009\/09\/14\/primo-giorno-di-scuola-lassessore-in-visita-alle-elermentari-di-mussoi\/#article","isPartOf":{"@id":"https:\/\/www.bellunopress.it\/2009\/09\/14\/primo-giorno-di-scuola-lassessore-in-visita-alle-elermentari-di-mussoi\/"},"author":{"name":"redazione","@id":"https:\/\/www.bellunopress.it\/#\/schema\/person\/79bb06722b37ece1c03d3e94beb30d73"},"headline":"Primo giorno di scuola: l&#8217;assessore in visita alle elermentari di Mussoi","datePublished":"2009-09-14T10:51:15+00:00","mainEntityOfPage":{"@id":"https:\/\/www.bellunopress.it\/2009\/09\/14\/primo-giorno-di-scuola-lassessore-in-visita-alle-elermentari-di-mussoi\/"},"wordCount":232,"publisher":{"@id":"https:\/\/www.bellunopress.it\/#organization"},"image":{"@id":"https:\/\/www.bellunopress.it\/2009\/09\/14\/primo-giorno-di-scuola-lassessore-in-visita-alle-elermentari-di-mussoi\/#primaryimage"},"thumbnailUrl":"http:\/\/www.bellunopress.it\/wp-content\/uploads\/2009\/08\/maria-grazia-passuello.jpg","keywords":["Belluno"],"articleSection":["Prima Pagina","Scuola"],"inLanguage":"fr-FR"},{"@type":"WebPage","@id":"https:\/\/www.bellunopress.it\/2009\/09\/14\/primo-giorno-di-scuola-lassessore-in-visita-alle-elermentari-di-mussoi\/","url":"https:\/\/www.bellunopress.it\/2009\/09\/14\/primo-giorno-di-scuola-lassessore-in-visita-alle-elermentari-di-mussoi\/","name":"Primo giorno di scuola: l'assessore in visita alle elermentari di Mussoi - Bellunopress - Dolomiti","isPartOf":{"@id":"https:\/\/www.bellunopress.it\/#website"},"primaryImageOfPage":{"@id":"https:\/\/www.bellunopress.it\/2009\/09\/14\/primo-giorno-di-scuola-lassessore-in-visita-alle-elermentari-di-mussoi\/#primaryimage"},"image":{"@id":"https:\/\/www.bellunopress.it\/2009\/09\/14\/primo-giorno-di-scuola-lassessore-in-visita-alle-elermentari-di-mussoi\/#primaryimage"},"thumbnailUrl":"http:\/\/www.bellunopress.it\/wp-content\/uploads\/2009\/08\/maria-grazia-passuello.jpg","datePublished":"2009-09-14T10:51:15+00:00","breadcrumb":{"@id":"https:\/\/www.bellunopress.it\/2009\/09\/14\/primo-giorno-di-scuola-lassessore-in-visita-alle-elermentari-di-mussoi\/#breadcrumb"},"inLanguage":"fr-FR","potentialAction":[{"@type":"ReadAction","target":["https:\/\/www.bellunopress.it\/2009\/09\/14\/primo-giorno-di-scuola-lassessore-in-visita-alle-elermentari-di-mussoi\/"]}]},{"@type":"ImageObject","inLanguage":"fr-FR","@id":"https:\/\/www.bellunopress.it\/2009\/09\/14\/primo-giorno-di-scuola-lassessore-in-visita-alle-elermentari-di-mussoi\/#primaryimage","url":"http:\/\/www.bellunopress.it\/wp-content\/uploads\/2009\/08\/maria-grazia-passuello.jpg","contentUrl":"http:\/\/www.bellunopress.it\/wp-content\/uploads\/2009\/08\/maria-grazia-passuello.jpg"},{"@type":"BreadcrumbList","@id":"https:\/\/www.bellunopress.it\/2009\/09\/14\/primo-giorno-di-scuola-lassessore-in-visita-alle-elermentari-di-mussoi\/#breadcrumb","itemListElement":[{"@type":"ListItem","position":1,"name":"Home","item":"https:\/\/www.bellunopress.it\/"},{"@type":"ListItem","position":2,"name":"Primo giorno di scuola: l&#8217;assessore in visita alle elermentari di Mussoi"}]},{"@type":"WebSite","@id":"https:\/\/www.bellunopress.it\/#website","url":"https:\/\/www.bellunopress.it\/","name":"Bellunopress - Dolomiti","description":"e-mail: redazione@bellunopress.it","publisher":{"@id":"https:\/\/www.bellunopress.it\/#organization"},"potentialAction":[{"@type":"SearchAction","target":{"@type":"EntryPoint","urlTemplate":"https:\/\/www.bellunopress.it\/?s={search_term_string}"},"query-input":{"@type":"PropertyValueSpecification","valueRequired":true,"valueName":"search_term_string"}}],"inLanguage":"fr-FR"},{"@type":"Organization","@id":"https:\/\/www.bellunopress.it\/#organization","name":"Bellunopress","url":"https:\/\/www.bellunopress.it\/","logo":{"@type":"ImageObject","inLanguage":"fr-FR","@id":"https:\/\/www.bellunopress.it\/#\/schema\/logo\/image\/","url":"https:\/\/www.bellunopress.it\/wp-content\/uploads\/2011\/05\/cropped-logo-bellunopress-.jpg","contentUrl":"https:\/\/www.bellunopress.it\/wp-content\/uploads\/2011\/05\/cropped-logo-bellunopress-.jpg","width":512,"height":512,"caption":"Bellunopress"},"image":{"@id":"https:\/\/www.bellunopress.it\/#\/schema\/logo\/image\/"},"sameAs":["https:\/\/www.facebook.com\/profile.php?id=100008943462799","https:\/\/x.com\/bellunopress","https:\/\/www.linkedin.com\/hp\/?dnr=JBzUWaJfMUw8vbXJJ2tVW5-I3jZKvC4wsoxE&amp;amp;amp;amp;amp;amp;trk=nav_responsive_tab_home","https:\/\/www.youtube.com\/channel\/UCxL0wu1uN0_3_7hGG0306cw"]},{"@type":"Person","@id":"https:\/\/www.bellunopress.it\/#\/schema\/person\/79bb06722b37ece1c03d3e94beb30d73","name":"r\u00e9daction","image":{"@type":"ImageObject","inLanguage":"fr-FR","@id":"https:\/\/secure.gravatar.com\/avatar\/37d968a2e67a6fd04c169c4bdef102d0bc5d31b2546345219e348575eb80e9a0?s=96&d=mm&r=g","url":"https:\/\/secure.gravatar.com\/avatar\/37d968a2e67a6fd04c169c4bdef102d0bc5d31b2546345219e348575eb80e9a0?s=96&d=mm&r=g","contentUrl":"https:\/\/secure.gravatar.com\/avatar\/37d968a2e67a6fd04c169c4bdef102d0bc5d31b2546345219e348575eb80e9a0?s=96&d=mm&r=g","caption":"redazione"},"sameAs":["http:\/\/www.bellunopress.it","https:\/\/x.com\/bellunopress"],"url":"https:\/\/www.bellunopress.it\/fr\/author\/redazione\/"}]}},"_links":{"self":[{"href":"https:\/\/www.bellunopress.it\/fr\/wp-json\/wp\/v2\/posts\/8045","targetHints":{"allow":["GET"]}}],"collection":[{"href":"https:\/\/www.bellunopress.it\/fr\/wp-json\/wp\/v2\/posts"}],"about":[{"href":"https:\/\/www.bellunopress.it\/fr\/wp-json\/wp\/v2\/types\/post"}],"author":[{"embeddable":true,"href":"https:\/\/www.bellunopress.it\/fr\/wp-json\/wp\/v2\/users\/2"}],"replies":[{"embeddable":true,"href":"https:\/\/www.bellunopress.it\/fr\/wp-json\/wp\/v2\/comments?post=8045"}],"version-history":[{"count":2,"href":"https:\/\/www.bellunopress.it\/fr\/wp-json\/wp\/v2\/posts\/8045\/revisions"}],"predecessor-version":[{"id":8047,"href":"https:\/\/www.bellunopress.it\/fr\/wp-json\/wp\/v2\/posts\/8045\/revisions\/8047"}],"wp:attachment":[{"href":"https:\/\/www.bellunopress.it\/fr\/wp-json\/wp\/v2\/media?parent=8045"}],"wp:term":[{"taxonomy":"category","embeddable":true,"href":"https:\/\/www.bellunopress.it\/fr\/wp-json\/wp\/v2\/categories?post=8045"},{"taxonomy":"post_tag","embeddable":true,"href":"https:\/\/www.bellunopress.it\/fr\/wp-json\/wp\/v2\/tags?post=8045"}],"curies":[{"name":"wp","href":"https:\/\/api.w.org\/{rel}","templated":true}]}}