{"id":8026,"date":"2009-09-13T06:44:17","date_gmt":"2009-09-13T05:44:17","guid":{"rendered":"http:\/\/www.bellunopress.it\/?p=8026"},"modified":"2009-09-13T12:32:46","modified_gmt":"2009-09-13T11:32:46","slug":"il-campione-del-mondo-di-mountain-bike-gerhard-kerschbaumer-e-la-gara-dei-bambini-hanno-aperto-il-grande-weekend-ad-arabba-della-gran-fondo-dolomitistars","status":"publish","type":"post","link":"https:\/\/www.bellunopress.it\/fr\/2009\/09\/13\/il-campione-del-mondo-di-mountain-bike-gerhard-kerschbaumer-e-la-gara-dei-bambini-hanno-aperto-il-grande-weekend-ad-arabba-della-gran-fondo-dolomitistars\/","title":{"rendered":"Il campione del mondo di mountain bike Gerhard Kerschbaumer e la gara dei bambini hanno aperto il grande weekend della Gran Fondo Dolomitistars"},"content":{"rendered":"<p><a href=\"http:\/\/www.bellunopress.it\/wp-content\/uploads\/2009\/09\/dolomitistars-gerhard.jpg\"><img loading=\"lazy\" decoding=\"async\" class=\"alignleft size-medium wp-image-8027\" title=\"dolomitistars-gerhard\" src=\"http:\/\/www.bellunopress.it\/wp-content\/uploads\/2009\/09\/dolomitistars-gerhard.jpg\" alt=\"\" width=\"270\" height=\"180\" \/><\/a>Tutto \u00e8 pronto ad Arabba per il grande appuntamento della Gran Fondo Dolomiti Stars-FRW-Weber. Numeri importanti quelli dell&#8217;edizione 2009, sono infatti oltre 1200 i concorrenti che scatteranno domani, domenica 13 settembre, alle ore 9.30 dal centro della Valle di Fodom.\u00a0 Sabato 12 settembre sono stati numerosi gli eventi che hanno fatto da aperitivo alla Gran Fondo. In mattinata l&#8217;apertura del grande e colorato villaggio commerciale animato dagli stand degli sponsor con a sorpresa l&#8217;arrivo del 18enne Gerhard Kerschbaumer, che ha recentemente conquistato la medaglia d&#8217;oro e la maglia di campione del mondo junior a Camberra in Australia, in visita ad Arabba per il meeting della stampa organizzato da FRW l&#8217;azienda di biciclette ravennate partner della gran fondo e fornitore tecnico del giovane campione altoatesino. &#8220;Sto vivendo un sogno&#8221;, spiega Kerschbaumer , &#8220;indossare questa maglia \u00e8 qualcosa di straordinario! Ho raccolto con molto piacere l&#8217;invito di Dolomiti Stars e FRW, \u00e8 bellissimo essere qui tra tutti questi appassionati delle due ruote e i giovani campioni di domani&#8221;. Per tutta la giornata grande spettacolo nel centro Fodomo con l&#8217;arrivo del corteo di auto storiche impegnato per l&#8217;anniversario dei 100 anni della strada delle Dolomiti che collega Bolzano con Cortina d&#8217;Ampezzo attraversando il territorio di Dolomiti Stars. Ad accogliere il corteo e tutti i ciclisti presenti anche il gruppo folk in costume e i vigili del fuoco in uniforme storica. Domani, domenica, la partenza della Gran Fondo sar\u00e0 anticipata dalla sfilata del corteo di auto d&#8217;epoca affiancato da un gruppo di ciclisti eroici con divise e biciclette storiche appartenenti al gruppo Eroica Strade bianche di Siena e appartenenti al Museo Storico della Bicicletta di Cesiomaggiore (BL).<\/p>\n<p>PROTAGONISTI I BAMBINI<br \/>\nAssieme al campione del mondo di mountain bike i veri protagonisti del sabato sono stati i bambini. I giovanissimi campioni hanno animato una simpaticissima prova di educazione stradale in bicicletta con tanto di gimkana e prova cronometrata. Al termine tanti regali per tutti e una gustosissima merenda a base di pane &amp; nutella. Oggi, domenica 13 tocca ai ciclisti veri. Per i pi\u00f9 coraggiosi i 135 km della Gran Fondo attraverso i passi Duran, Staulanza, Giau e Falzarego. Per la Medio Fondo saranno 80 i km con l&#8217;anello dei passi Giau e Falzarego. Al via ad accompagnare il gruppo di amatori e cicloturisti in questa grande giornata di sport numerosi campioni dello sport tra i quali il campione trevigiano del Team Lampre Marzio Bruseghin, terzo al Giro d&#8217;Italia 2008, e l&#8217;ex pro Andrea Peron. Lo spettacolo \u00e8 assicurato!<\/p>","protected":false},"excerpt":{"rendered":"<p>Tutto \u00e8 pronto ad Arabba per il grande appuntamento della Gran Fondo Dolomiti Stars-FRW-Weber. Numeri importanti quelli dell&#8217;edizione 2009, sono infatti oltre 1200 i concorrenti che scatteranno domani, domenica 13 settembre, alle ore 9.30 dal centro della Valle di Fodom.\u00a0 Sabato 12 settembre sono stati numerosi gli eventi che hanno fatto da aperitivo alla Gran [&hellip;]<\/p>\n","protected":false},"author":2,"featured_media":0,"comment_status":"closed","ping_status":"open","sticky":false,"template":"","format":"standard","meta":{"footnotes":""},"categories":[25,4],"tags":[139,63],"class_list":["post-8026","post","type-post","status-publish","format-standard","category-pausa-caffe","category-sport","tag-belluno","tag-dolomiti"],"yoast_head":"<!-- This site is optimized with the Yoast SEO plugin v28.4 - https:\/\/yoast.com\/product\/yoast-seo-wordpress\/ -->\n<title>Il campione del mondo di mountain bike Gerhard Kerschbaumer e la gara dei bambini hanno aperto il grande weekend della Gran Fondo Dolomitistars - Bellunopress - Dolomiti<\/title>\n<meta name=\"robots\" content=\"index, follow, max-snippet:-1, max-image-preview:large, max-video-preview:-1\" \/>\n<link rel=\"canonical\" href=\"https:\/\/www.bellunopress.it\/fr\/2009\/09\/13\/il-campione-del-mondo-di-mountain-bike-gerhard-kerschbaumer-e-la-gara-dei-bambini-hanno-aperto-il-grande-weekend-ad-arabba-della-gran-fondo-dolomitistars\/\" \/>\n<meta property=\"og:locale\" content=\"fr_FR\" \/>\n<meta property=\"og:type\" content=\"article\" \/>\n<meta property=\"og:title\" content=\"Il campione del mondo di mountain bike Gerhard Kerschbaumer e la gara dei bambini hanno aperto il grande weekend della Gran Fondo Dolomitistars - Bellunopress - Dolomiti\" \/>\n<meta property=\"og:description\" content=\"Tutto \u00e8 pronto ad Arabba per il grande appuntamento della Gran Fondo Dolomiti Stars-FRW-Weber. Numeri importanti quelli dell&#8217;edizione 2009, sono infatti oltre 1200 i concorrenti che scatteranno domani, domenica 13 settembre, alle ore 9.30 dal centro della Valle di Fodom.\u00a0 Sabato 12 settembre sono stati numerosi gli eventi che hanno fatto da aperitivo alla Gran [&hellip;]\" \/>\n<meta property=\"og:url\" content=\"https:\/\/www.bellunopress.it\/fr\/2009\/09\/13\/il-campione-del-mondo-di-mountain-bike-gerhard-kerschbaumer-e-la-gara-dei-bambini-hanno-aperto-il-grande-weekend-ad-arabba-della-gran-fondo-dolomitistars\/\" \/>\n<meta property=\"og:site_name\" content=\"Bellunopress - Dolomiti\" \/>\n<meta property=\"article:publisher\" content=\"https:\/\/www.facebook.com\/profile.php?id=100008943462799\" \/>\n<meta property=\"article:published_time\" content=\"2009-09-13T05:44:17+00:00\" \/>\n<meta property=\"article:modified_time\" content=\"2009-09-13T11:32:46+00:00\" \/>\n<meta property=\"og:image\" content=\"http:\/\/www.bellunopress.it\/wp-content\/uploads\/2009\/09\/dolomitistars-gerhard.jpg\" \/>\n<meta name=\"author\" content=\"redazione\" \/>\n<meta name=\"twitter:card\" content=\"summary_large_image\" \/>\n<meta name=\"twitter:creator\" content=\"@bellunopress\" \/>\n<meta name=\"twitter:site\" content=\"@bellunopress\" \/>\n<meta name=\"twitter:label1\" content=\"\u00c9crit par\" \/>\n\t<meta name=\"twitter:data1\" content=\"redazione\" \/>\n\t<meta name=\"twitter:label2\" content=\"Dur\u00e9e de lecture estim\u00e9e\" \/>\n\t<meta name=\"twitter:data2\" content=\"2 minutes\" \/>\n<script type=\"application\/ld+json\" class=\"yoast-schema-graph\">{\"@context\":\"https:\\\/\\\/schema.org\",\"@graph\":[{\"@type\":\"Article\",\"@id\":\"https:\\\/\\\/www.bellunopress.it\\\/2009\\\/09\\\/13\\\/il-campione-del-mondo-di-mountain-bike-gerhard-kerschbaumer-e-la-gara-dei-bambini-hanno-aperto-il-grande-weekend-ad-arabba-della-gran-fondo-dolomitistars\\\/#article\",\"isPartOf\":{\"@id\":\"https:\\\/\\\/www.bellunopress.it\\\/2009\\\/09\\\/13\\\/il-campione-del-mondo-di-mountain-bike-gerhard-kerschbaumer-e-la-gara-dei-bambini-hanno-aperto-il-grande-weekend-ad-arabba-della-gran-fondo-dolomitistars\\\/\"},\"author\":{\"name\":\"redazione\",\"@id\":\"https:\\\/\\\/www.bellunopress.it\\\/#\\\/schema\\\/person\\\/79bb06722b37ece1c03d3e94beb30d73\"},\"headline\":\"Il campione del mondo di mountain bike Gerhard Kerschbaumer e la gara dei bambini hanno aperto il grande weekend della Gran Fondo Dolomitistars\",\"datePublished\":\"2009-09-13T05:44:17+00:00\",\"dateModified\":\"2009-09-13T11:32:46+00:00\",\"mainEntityOfPage\":{\"@id\":\"https:\\\/\\\/www.bellunopress.it\\\/2009\\\/09\\\/13\\\/il-campione-del-mondo-di-mountain-bike-gerhard-kerschbaumer-e-la-gara-dei-bambini-hanno-aperto-il-grande-weekend-ad-arabba-della-gran-fondo-dolomitistars\\\/\"},\"wordCount\":435,\"publisher\":{\"@id\":\"https:\\\/\\\/www.bellunopress.it\\\/#organization\"},\"image\":{\"@id\":\"https:\\\/\\\/www.bellunopress.it\\\/2009\\\/09\\\/13\\\/il-campione-del-mondo-di-mountain-bike-gerhard-kerschbaumer-e-la-gara-dei-bambini-hanno-aperto-il-grande-weekend-ad-arabba-della-gran-fondo-dolomitistars\\\/#primaryimage\"},\"thumbnailUrl\":\"http:\\\/\\\/www.bellunopress.it\\\/wp-content\\\/uploads\\\/2009\\\/09\\\/dolomitistars-gerhard.jpg\",\"keywords\":[\"Belluno\",\"Dolomiti\"],\"articleSection\":[\"Pausa Caff\u00e8\",\"Sport, tempo libero\"],\"inLanguage\":\"fr-FR\"},{\"@type\":\"WebPage\",\"@id\":\"https:\\\/\\\/www.bellunopress.it\\\/2009\\\/09\\\/13\\\/il-campione-del-mondo-di-mountain-bike-gerhard-kerschbaumer-e-la-gara-dei-bambini-hanno-aperto-il-grande-weekend-ad-arabba-della-gran-fondo-dolomitistars\\\/\",\"url\":\"https:\\\/\\\/www.bellunopress.it\\\/2009\\\/09\\\/13\\\/il-campione-del-mondo-di-mountain-bike-gerhard-kerschbaumer-e-la-gara-dei-bambini-hanno-aperto-il-grande-weekend-ad-arabba-della-gran-fondo-dolomitistars\\\/\",\"name\":\"Il campione del mondo di mountain bike Gerhard Kerschbaumer e la gara dei bambini hanno aperto il grande weekend della Gran Fondo Dolomitistars - Bellunopress - Dolomiti\",\"isPartOf\":{\"@id\":\"https:\\\/\\\/www.bellunopress.it\\\/#website\"},\"primaryImageOfPage\":{\"@id\":\"https:\\\/\\\/www.bellunopress.it\\\/2009\\\/09\\\/13\\\/il-campione-del-mondo-di-mountain-bike-gerhard-kerschbaumer-e-la-gara-dei-bambini-hanno-aperto-il-grande-weekend-ad-arabba-della-gran-fondo-dolomitistars\\\/#primaryimage\"},\"image\":{\"@id\":\"https:\\\/\\\/www.bellunopress.it\\\/2009\\\/09\\\/13\\\/il-campione-del-mondo-di-mountain-bike-gerhard-kerschbaumer-e-la-gara-dei-bambini-hanno-aperto-il-grande-weekend-ad-arabba-della-gran-fondo-dolomitistars\\\/#primaryimage\"},\"thumbnailUrl\":\"http:\\\/\\\/www.bellunopress.it\\\/wp-content\\\/uploads\\\/2009\\\/09\\\/dolomitistars-gerhard.jpg\",\"datePublished\":\"2009-09-13T05:44:17+00:00\",\"dateModified\":\"2009-09-13T11:32:46+00:00\",\"breadcrumb\":{\"@id\":\"https:\\\/\\\/www.bellunopress.it\\\/2009\\\/09\\\/13\\\/il-campione-del-mondo-di-mountain-bike-gerhard-kerschbaumer-e-la-gara-dei-bambini-hanno-aperto-il-grande-weekend-ad-arabba-della-gran-fondo-dolomitistars\\\/#breadcrumb\"},\"inLanguage\":\"fr-FR\",\"potentialAction\":[{\"@type\":\"ReadAction\",\"target\":[\"https:\\\/\\\/www.bellunopress.it\\\/2009\\\/09\\\/13\\\/il-campione-del-mondo-di-mountain-bike-gerhard-kerschbaumer-e-la-gara-dei-bambini-hanno-aperto-il-grande-weekend-ad-arabba-della-gran-fondo-dolomitistars\\\/\"]}]},{\"@type\":\"ImageObject\",\"inLanguage\":\"fr-FR\",\"@id\":\"https:\\\/\\\/www.bellunopress.it\\\/2009\\\/09\\\/13\\\/il-campione-del-mondo-di-mountain-bike-gerhard-kerschbaumer-e-la-gara-dei-bambini-hanno-aperto-il-grande-weekend-ad-arabba-della-gran-fondo-dolomitistars\\\/#primaryimage\",\"url\":\"http:\\\/\\\/www.bellunopress.it\\\/wp-content\\\/uploads\\\/2009\\\/09\\\/dolomitistars-gerhard.jpg\",\"contentUrl\":\"http:\\\/\\\/www.bellunopress.it\\\/wp-content\\\/uploads\\\/2009\\\/09\\\/dolomitistars-gerhard.jpg\"},{\"@type\":\"BreadcrumbList\",\"@id\":\"https:\\\/\\\/www.bellunopress.it\\\/2009\\\/09\\\/13\\\/il-campione-del-mondo-di-mountain-bike-gerhard-kerschbaumer-e-la-gara-dei-bambini-hanno-aperto-il-grande-weekend-ad-arabba-della-gran-fondo-dolomitistars\\\/#breadcrumb\",\"itemListElement\":[{\"@type\":\"ListItem\",\"position\":1,\"name\":\"Home\",\"item\":\"https:\\\/\\\/www.bellunopress.it\\\/\"},{\"@type\":\"ListItem\",\"position\":2,\"name\":\"Il campione del mondo di mountain bike Gerhard Kerschbaumer e la gara dei bambini hanno aperto il grande weekend della Gran Fondo Dolomitistars\"}]},{\"@type\":\"WebSite\",\"@id\":\"https:\\\/\\\/www.bellunopress.it\\\/#website\",\"url\":\"https:\\\/\\\/www.bellunopress.it\\\/\",\"name\":\"Bellunopress - Dolomiti\",\"description\":\"e-mail: redazione@bellunopress.it\",\"publisher\":{\"@id\":\"https:\\\/\\\/www.bellunopress.it\\\/#organization\"},\"potentialAction\":[{\"@type\":\"SearchAction\",\"target\":{\"@type\":\"EntryPoint\",\"urlTemplate\":\"https:\\\/\\\/www.bellunopress.it\\\/?s={search_term_string}\"},\"query-input\":{\"@type\":\"PropertyValueSpecification\",\"valueRequired\":true,\"valueName\":\"search_term_string\"}}],\"inLanguage\":\"fr-FR\"},{\"@type\":\"Organization\",\"@id\":\"https:\\\/\\\/www.bellunopress.it\\\/#organization\",\"name\":\"Bellunopress\",\"url\":\"https:\\\/\\\/www.bellunopress.it\\\/\",\"logo\":{\"@type\":\"ImageObject\",\"inLanguage\":\"fr-FR\",\"@id\":\"https:\\\/\\\/www.bellunopress.it\\\/#\\\/schema\\\/logo\\\/image\\\/\",\"url\":\"https:\\\/\\\/www.bellunopress.it\\\/wp-content\\\/uploads\\\/2011\\\/05\\\/cropped-logo-bellunopress-.jpg\",\"contentUrl\":\"https:\\\/\\\/www.bellunopress.it\\\/wp-content\\\/uploads\\\/2011\\\/05\\\/cropped-logo-bellunopress-.jpg\",\"width\":512,\"height\":512,\"caption\":\"Bellunopress\"},\"image\":{\"@id\":\"https:\\\/\\\/www.bellunopress.it\\\/#\\\/schema\\\/logo\\\/image\\\/\"},\"sameAs\":[\"https:\\\/\\\/www.facebook.com\\\/profile.php?id=100008943462799\",\"https:\\\/\\\/x.com\\\/bellunopress\",\"https:\\\/\\\/www.linkedin.com\\\/hp\\\/?dnr=JBzUWaJfMUw8vbXJJ2tVW5-I3jZKvC4wsoxE&amp;amp;amp;amp;amp;amp;trk=nav_responsive_tab_home\",\"https:\\\/\\\/www.youtube.com\\\/channel\\\/UCxL0wu1uN0_3_7hGG0306cw\"]},{\"@type\":\"Person\",\"@id\":\"https:\\\/\\\/www.bellunopress.it\\\/#\\\/schema\\\/person\\\/79bb06722b37ece1c03d3e94beb30d73\",\"name\":\"redazione\",\"image\":{\"@type\":\"ImageObject\",\"inLanguage\":\"fr-FR\",\"@id\":\"https:\\\/\\\/secure.gravatar.com\\\/avatar\\\/37d968a2e67a6fd04c169c4bdef102d0bc5d31b2546345219e348575eb80e9a0?s=96&d=mm&r=g\",\"url\":\"https:\\\/\\\/secure.gravatar.com\\\/avatar\\\/37d968a2e67a6fd04c169c4bdef102d0bc5d31b2546345219e348575eb80e9a0?s=96&d=mm&r=g\",\"contentUrl\":\"https:\\\/\\\/secure.gravatar.com\\\/avatar\\\/37d968a2e67a6fd04c169c4bdef102d0bc5d31b2546345219e348575eb80e9a0?s=96&d=mm&r=g\",\"caption\":\"redazione\"},\"sameAs\":[\"http:\\\/\\\/www.bellunopress.it\",\"https:\\\/\\\/x.com\\\/bellunopress\"],\"url\":\"https:\\\/\\\/www.bellunopress.it\\\/fr\\\/author\\\/redazione\\\/\"}]}<\/script>\n<!-- \/ Yoast SEO plugin. -->","yoast_head_json":{"title":"Il campione del mondo di mountain bike Gerhard Kerschbaumer e la gara dei bambini hanno aperto il grande weekend della Gran Fondo Dolomitistars - Bellunopress - Dolomiti","robots":{"index":"index","follow":"follow","max-snippet":"max-snippet:-1","max-image-preview":"max-image-preview:large","max-video-preview":"max-video-preview:-1"},"canonical":"https:\/\/www.bellunopress.it\/fr\/2009\/09\/13\/il-campione-del-mondo-di-mountain-bike-gerhard-kerschbaumer-e-la-gara-dei-bambini-hanno-aperto-il-grande-weekend-ad-arabba-della-gran-fondo-dolomitistars\/","og_locale":"fr_FR","og_type":"article","og_title":"Il campione del mondo di mountain bike Gerhard Kerschbaumer e la gara dei bambini hanno aperto il grande weekend della Gran Fondo Dolomitistars - Bellunopress - Dolomiti","og_description":"Tutto \u00e8 pronto ad Arabba per il grande appuntamento della Gran Fondo Dolomiti Stars-FRW-Weber. Numeri importanti quelli dell&#8217;edizione 2009, sono infatti oltre 1200 i concorrenti che scatteranno domani, domenica 13 settembre, alle ore 9.30 dal centro della Valle di Fodom.\u00a0 Sabato 12 settembre sono stati numerosi gli eventi che hanno fatto da aperitivo alla Gran [&hellip;]","og_url":"https:\/\/www.bellunopress.it\/fr\/2009\/09\/13\/il-campione-del-mondo-di-mountain-bike-gerhard-kerschbaumer-e-la-gara-dei-bambini-hanno-aperto-il-grande-weekend-ad-arabba-della-gran-fondo-dolomitistars\/","og_site_name":"Bellunopress - Dolomiti","article_publisher":"https:\/\/www.facebook.com\/profile.php?id=100008943462799","article_published_time":"2009-09-13T05:44:17+00:00","article_modified_time":"2009-09-13T11:32:46+00:00","og_image":[{"url":"http:\/\/www.bellunopress.it\/wp-content\/uploads\/2009\/09\/dolomitistars-gerhard.jpg","type":"","width":"","height":""}],"author":"redazione","twitter_card":"summary_large_image","twitter_creator":"@bellunopress","twitter_site":"@bellunopress","twitter_misc":{"\u00c9crit par":"redazione","Dur\u00e9e de lecture estim\u00e9e":"2 minutes"},"schema":{"@context":"https:\/\/schema.org","@graph":[{"@type":"Article","@id":"https:\/\/www.bellunopress.it\/2009\/09\/13\/il-campione-del-mondo-di-mountain-bike-gerhard-kerschbaumer-e-la-gara-dei-bambini-hanno-aperto-il-grande-weekend-ad-arabba-della-gran-fondo-dolomitistars\/#article","isPartOf":{"@id":"https:\/\/www.bellunopress.it\/2009\/09\/13\/il-campione-del-mondo-di-mountain-bike-gerhard-kerschbaumer-e-la-gara-dei-bambini-hanno-aperto-il-grande-weekend-ad-arabba-della-gran-fondo-dolomitistars\/"},"author":{"name":"redazione","@id":"https:\/\/www.bellunopress.it\/#\/schema\/person\/79bb06722b37ece1c03d3e94beb30d73"},"headline":"Il campione del mondo di mountain bike Gerhard Kerschbaumer e la gara dei bambini hanno aperto il grande weekend della Gran Fondo Dolomitistars","datePublished":"2009-09-13T05:44:17+00:00","dateModified":"2009-09-13T11:32:46+00:00","mainEntityOfPage":{"@id":"https:\/\/www.bellunopress.it\/2009\/09\/13\/il-campione-del-mondo-di-mountain-bike-gerhard-kerschbaumer-e-la-gara-dei-bambini-hanno-aperto-il-grande-weekend-ad-arabba-della-gran-fondo-dolomitistars\/"},"wordCount":435,"publisher":{"@id":"https:\/\/www.bellunopress.it\/#organization"},"image":{"@id":"https:\/\/www.bellunopress.it\/2009\/09\/13\/il-campione-del-mondo-di-mountain-bike-gerhard-kerschbaumer-e-la-gara-dei-bambini-hanno-aperto-il-grande-weekend-ad-arabba-della-gran-fondo-dolomitistars\/#primaryimage"},"thumbnailUrl":"http:\/\/www.bellunopress.it\/wp-content\/uploads\/2009\/09\/dolomitistars-gerhard.jpg","keywords":["Belluno","Dolomiti"],"articleSection":["Pausa Caff\u00e8","Sport, tempo libero"],"inLanguage":"fr-FR"},{"@type":"WebPage","@id":"https:\/\/www.bellunopress.it\/2009\/09\/13\/il-campione-del-mondo-di-mountain-bike-gerhard-kerschbaumer-e-la-gara-dei-bambini-hanno-aperto-il-grande-weekend-ad-arabba-della-gran-fondo-dolomitistars\/","url":"https:\/\/www.bellunopress.it\/2009\/09\/13\/il-campione-del-mondo-di-mountain-bike-gerhard-kerschbaumer-e-la-gara-dei-bambini-hanno-aperto-il-grande-weekend-ad-arabba-della-gran-fondo-dolomitistars\/","name":"Il campione del mondo di mountain bike Gerhard Kerschbaumer e la gara dei bambini hanno aperto il grande weekend della Gran Fondo Dolomitistars - Bellunopress - Dolomiti","isPartOf":{"@id":"https:\/\/www.bellunopress.it\/#website"},"primaryImageOfPage":{"@id":"https:\/\/www.bellunopress.it\/2009\/09\/13\/il-campione-del-mondo-di-mountain-bike-gerhard-kerschbaumer-e-la-gara-dei-bambini-hanno-aperto-il-grande-weekend-ad-arabba-della-gran-fondo-dolomitistars\/#primaryimage"},"image":{"@id":"https:\/\/www.bellunopress.it\/2009\/09\/13\/il-campione-del-mondo-di-mountain-bike-gerhard-kerschbaumer-e-la-gara-dei-bambini-hanno-aperto-il-grande-weekend-ad-arabba-della-gran-fondo-dolomitistars\/#primaryimage"},"thumbnailUrl":"http:\/\/www.bellunopress.it\/wp-content\/uploads\/2009\/09\/dolomitistars-gerhard.jpg","datePublished":"2009-09-13T05:44:17+00:00","dateModified":"2009-09-13T11:32:46+00:00","breadcrumb":{"@id":"https:\/\/www.bellunopress.it\/2009\/09\/13\/il-campione-del-mondo-di-mountain-bike-gerhard-kerschbaumer-e-la-gara-dei-bambini-hanno-aperto-il-grande-weekend-ad-arabba-della-gran-fondo-dolomitistars\/#breadcrumb"},"inLanguage":"fr-FR","potentialAction":[{"@type":"ReadAction","target":["https:\/\/www.bellunopress.it\/2009\/09\/13\/il-campione-del-mondo-di-mountain-bike-gerhard-kerschbaumer-e-la-gara-dei-bambini-hanno-aperto-il-grande-weekend-ad-arabba-della-gran-fondo-dolomitistars\/"]}]},{"@type":"ImageObject","inLanguage":"fr-FR","@id":"https:\/\/www.bellunopress.it\/2009\/09\/13\/il-campione-del-mondo-di-mountain-bike-gerhard-kerschbaumer-e-la-gara-dei-bambini-hanno-aperto-il-grande-weekend-ad-arabba-della-gran-fondo-dolomitistars\/#primaryimage","url":"http:\/\/www.bellunopress.it\/wp-content\/uploads\/2009\/09\/dolomitistars-gerhard.jpg","contentUrl":"http:\/\/www.bellunopress.it\/wp-content\/uploads\/2009\/09\/dolomitistars-gerhard.jpg"},{"@type":"BreadcrumbList","@id":"https:\/\/www.bellunopress.it\/2009\/09\/13\/il-campione-del-mondo-di-mountain-bike-gerhard-kerschbaumer-e-la-gara-dei-bambini-hanno-aperto-il-grande-weekend-ad-arabba-della-gran-fondo-dolomitistars\/#breadcrumb","itemListElement":[{"@type":"ListItem","position":1,"name":"Home","item":"https:\/\/www.bellunopress.it\/"},{"@type":"ListItem","position":2,"name":"Il campione del mondo di mountain bike Gerhard Kerschbaumer e la gara dei bambini hanno aperto il grande weekend della Gran Fondo Dolomitistars"}]},{"@type":"WebSite","@id":"https:\/\/www.bellunopress.it\/#website","url":"https:\/\/www.bellunopress.it\/","name":"Bellunopress - Dolomiti","description":"e-mail: redazione@bellunopress.it","publisher":{"@id":"https:\/\/www.bellunopress.it\/#organization"},"potentialAction":[{"@type":"SearchAction","target":{"@type":"EntryPoint","urlTemplate":"https:\/\/www.bellunopress.it\/?s={search_term_string}"},"query-input":{"@type":"PropertyValueSpecification","valueRequired":true,"valueName":"search_term_string"}}],"inLanguage":"fr-FR"},{"@type":"Organization","@id":"https:\/\/www.bellunopress.it\/#organization","name":"Bellunopress","url":"https:\/\/www.bellunopress.it\/","logo":{"@type":"ImageObject","inLanguage":"fr-FR","@id":"https:\/\/www.bellunopress.it\/#\/schema\/logo\/image\/","url":"https:\/\/www.bellunopress.it\/wp-content\/uploads\/2011\/05\/cropped-logo-bellunopress-.jpg","contentUrl":"https:\/\/www.bellunopress.it\/wp-content\/uploads\/2011\/05\/cropped-logo-bellunopress-.jpg","width":512,"height":512,"caption":"Bellunopress"},"image":{"@id":"https:\/\/www.bellunopress.it\/#\/schema\/logo\/image\/"},"sameAs":["https:\/\/www.facebook.com\/profile.php?id=100008943462799","https:\/\/x.com\/bellunopress","https:\/\/www.linkedin.com\/hp\/?dnr=JBzUWaJfMUw8vbXJJ2tVW5-I3jZKvC4wsoxE&amp;amp;amp;amp;amp;amp;trk=nav_responsive_tab_home","https:\/\/www.youtube.com\/channel\/UCxL0wu1uN0_3_7hGG0306cw"]},{"@type":"Person","@id":"https:\/\/www.bellunopress.it\/#\/schema\/person\/79bb06722b37ece1c03d3e94beb30d73","name":"r\u00e9daction","image":{"@type":"ImageObject","inLanguage":"fr-FR","@id":"https:\/\/secure.gravatar.com\/avatar\/37d968a2e67a6fd04c169c4bdef102d0bc5d31b2546345219e348575eb80e9a0?s=96&d=mm&r=g","url":"https:\/\/secure.gravatar.com\/avatar\/37d968a2e67a6fd04c169c4bdef102d0bc5d31b2546345219e348575eb80e9a0?s=96&d=mm&r=g","contentUrl":"https:\/\/secure.gravatar.com\/avatar\/37d968a2e67a6fd04c169c4bdef102d0bc5d31b2546345219e348575eb80e9a0?s=96&d=mm&r=g","caption":"redazione"},"sameAs":["http:\/\/www.bellunopress.it","https:\/\/x.com\/bellunopress"],"url":"https:\/\/www.bellunopress.it\/fr\/author\/redazione\/"}]}},"_links":{"self":[{"href":"https:\/\/www.bellunopress.it\/fr\/wp-json\/wp\/v2\/posts\/8026","targetHints":{"allow":["GET"]}}],"collection":[{"href":"https:\/\/www.bellunopress.it\/fr\/wp-json\/wp\/v2\/posts"}],"about":[{"href":"https:\/\/www.bellunopress.it\/fr\/wp-json\/wp\/v2\/types\/post"}],"author":[{"embeddable":true,"href":"https:\/\/www.bellunopress.it\/fr\/wp-json\/wp\/v2\/users\/2"}],"replies":[{"embeddable":true,"href":"https:\/\/www.bellunopress.it\/fr\/wp-json\/wp\/v2\/comments?post=8026"}],"version-history":[{"count":4,"href":"https:\/\/www.bellunopress.it\/fr\/wp-json\/wp\/v2\/posts\/8026\/revisions"}],"predecessor-version":[{"id":8032,"href":"https:\/\/www.bellunopress.it\/fr\/wp-json\/wp\/v2\/posts\/8026\/revisions\/8032"}],"wp:attachment":[{"href":"https:\/\/www.bellunopress.it\/fr\/wp-json\/wp\/v2\/media?parent=8026"}],"wp:term":[{"taxonomy":"category","embeddable":true,"href":"https:\/\/www.bellunopress.it\/fr\/wp-json\/wp\/v2\/categories?post=8026"},{"taxonomy":"post_tag","embeddable":true,"href":"https:\/\/www.bellunopress.it\/fr\/wp-json\/wp\/v2\/tags?post=8026"}],"curies":[{"name":"wp","href":"https:\/\/api.w.org\/{rel}","templated":true}]}}