{"id":8010,"date":"2009-09-12T13:18:47","date_gmt":"2009-09-12T12:18:47","guid":{"rendered":"http:\/\/www.bellunopress.it\/?p=8010"},"modified":"2009-09-12T13:24:51","modified_gmt":"2009-09-12T12:24:51","slug":"la-morte-sospesa-mercoledi-sera-il-documentario-di-kevin-mc-donald-a-cirvoi","status":"publish","type":"post","link":"https:\/\/www.bellunopress.it\/fr\/2009\/09\/12\/la-morte-sospesa-mercoledi-sera-il-documentario-di-kevin-mc-donald-a-cirvoi\/","title":{"rendered":"&#8220;La morte sospesa&#8221;, mercoled\u00ec sera il documentario di Kevin Mc Donald a Cirvoi"},"content":{"rendered":"<p>Mercoled\u00ec alle 20.30 nella sala\u00a0 dell&#8217;associazione &#8220;Cortivi di Cirvoi&#8221; (bar Cooperativa): &#8220;La morte sospesa\u201d di Kevin Mac Donald..\u00a0 Due inglesi appassionati di alpinismo decidono di tentare un\u2019impresa mai riuscita prima: scalare la parete ovest della Suria Grande, sulle Ande peruviane. Con molte difficolt\u00e0 i due riescono ad arrivare in cima, ma la discesa si dimostra molto pi\u00f9 complicata del previsto\u2026<br \/>\nTratto dall\u2019omonimo libro di Joe Simpson, questa pellicola del bravo documentarista Kevin Mac Donald (Un giorno a Settembre) racconta con grande efficacia con la disavventura capitata a Simpson e al suo compagno di cordata Simon Yates nel 1985. Simpson e Yates si mettono in testa di diventare i primi a scalare il versante ovest della Siula Grande. Ma i due hanno fino a quel momento scalato solo le Alpi e non sono preparati allo scenario che si trovano davanti sulle Ande peruviane. Riescono comunque ad arrivare in cima, ma la discesa \u00e8 pi\u00f9 dura del previsto e Joe si rompe una gamba. Simon fa di tutto per riportarlo al campo base, ma quando il peso dell\u2019amico diventa un pericolo per la sua stessa vita decide di tagliare la corda che li lega\u2026<\/p>\n<p>La morte sospesa \u00e8 un documentario ben girato e chiaramente ben studiato. Alternando le interviste ai veri protagonisti con le scene ricostruite sulle Alpi (e qualche inquadratura aerea delle Ande), Macdonald riesce a dare un quadro estremamente chiaro degli eventi (a parte una piccola mancanza nel finale) e a creare alcuni momenti davvero di grande effetto, donando suspense ad ogni sequenza della pellicola. Certo \u00e8 difficile restare seri pensando ad un uomo che in punto di morte si trova a canticchiare una canzoncina dei Boney M, ma in una situazione disperata come quella in cui si trova Simpson tutto \u00e8 possibile e il film riesce a non perdere mai di interesse, risultando alla fine anche un ottimo veicolo per dare alla Montagna un\u2019immagine ancor pi\u00f9 imponente e spaventosa. Sconsigliato agli spettatori impressionabili, caldamente consigliato a tutti gli altri.<\/p>\n<p><strong>Venerd\u00ec 18 settembre<\/strong> l&#8217;associazione propone un incontro con Riccardo Selvatico intitolato &#8220;Racconti disordinati alla ricerca della neve&#8221; (Alpamayo-Per\u00f9, 2009).<\/p>\n<p><a href=\"http:\/\/www.bellunopress.it\/wp-content\/uploads\/2009\/09\/locandina_cirvoi-1-leggera.jpg\"><img loading=\"lazy\" decoding=\"async\" class=\"alignleft size-medium wp-image-8011\" title=\"locandina_cirvoi-1-leggera\" src=\"http:\/\/www.bellunopress.it\/wp-content\/uploads\/2009\/09\/locandina_cirvoi-1-leggera.jpg\" alt=\"\" width=\"200\" height=\"283\" \/><\/a><\/p>","protected":false},"excerpt":{"rendered":"<p>Mercoled\u00ec alle 20.30 nella sala\u00a0 dell&#8217;associazione &#8220;Cortivi di Cirvoi&#8221; (bar Cooperativa): &#8220;La morte sospesa\u201d di Kevin Mac Donald..\u00a0 Due inglesi appassionati di alpinismo decidono di tentare un\u2019impresa mai riuscita prima: scalare la parete ovest della Suria Grande, sulle Ande peruviane. Con molte difficolt\u00e0 i due riescono ad arrivare in cima, ma la discesa si dimostra [&hellip;]<\/p>\n","protected":false},"author":2,"featured_media":0,"comment_status":"closed","ping_status":"open","sticky":false,"template":"","format":"standard","meta":{"footnotes":""},"categories":[3,38,25],"tags":[139],"class_list":["post-8010","post","type-post","status-publish","format-standard","category-arte-cultura-spettacoli-scienza-archivi","category-natura-ambiente","category-pausa-caffe","tag-belluno"],"yoast_head":"<!-- This site is optimized with the Yoast SEO plugin v28.4 - https:\/\/yoast.com\/product\/yoast-seo-wordpress\/ -->\n<title>&quot;La morte sospesa&quot;, mercoled\u00ec sera il documentario di Kevin Mc Donald a Cirvoi - Bellunopress - Dolomiti<\/title>\n<meta name=\"robots\" content=\"index, follow, max-snippet:-1, max-image-preview:large, max-video-preview:-1\" \/>\n<link rel=\"canonical\" href=\"https:\/\/www.bellunopress.it\/fr\/2009\/09\/12\/la-morte-sospesa-mercoledi-sera-il-documentario-di-kevin-mc-donald-a-cirvoi\/\" \/>\n<meta property=\"og:locale\" content=\"fr_FR\" \/>\n<meta property=\"og:type\" content=\"article\" \/>\n<meta property=\"og:title\" content=\"&quot;La morte sospesa&quot;, mercoled\u00ec sera il documentario di Kevin Mc Donald a Cirvoi - Bellunopress - Dolomiti\" \/>\n<meta property=\"og:description\" content=\"Mercoled\u00ec alle 20.30 nella sala\u00a0 dell&#8217;associazione &#8220;Cortivi di Cirvoi&#8221; (bar Cooperativa): &#8220;La morte sospesa\u201d di Kevin Mac Donald..\u00a0 Due inglesi appassionati di alpinismo decidono di tentare un\u2019impresa mai riuscita prima: scalare la parete ovest della Suria Grande, sulle Ande peruviane. Con molte difficolt\u00e0 i due riescono ad arrivare in cima, ma la discesa si dimostra [&hellip;]\" \/>\n<meta property=\"og:url\" content=\"https:\/\/www.bellunopress.it\/fr\/2009\/09\/12\/la-morte-sospesa-mercoledi-sera-il-documentario-di-kevin-mc-donald-a-cirvoi\/\" \/>\n<meta property=\"og:site_name\" content=\"Bellunopress - Dolomiti\" \/>\n<meta property=\"article:publisher\" content=\"https:\/\/www.facebook.com\/profile.php?id=100008943462799\" \/>\n<meta property=\"article:published_time\" content=\"2009-09-12T12:18:47+00:00\" \/>\n<meta property=\"article:modified_time\" content=\"2009-09-12T12:24:51+00:00\" \/>\n<meta property=\"og:image\" content=\"http:\/\/www.bellunopress.it\/wp-content\/uploads\/2009\/09\/locandina_cirvoi-1-leggera.jpg\" \/>\n<meta name=\"author\" content=\"redazione\" \/>\n<meta name=\"twitter:card\" content=\"summary_large_image\" \/>\n<meta name=\"twitter:creator\" content=\"@bellunopress\" \/>\n<meta name=\"twitter:site\" content=\"@bellunopress\" \/>\n<meta name=\"twitter:label1\" content=\"\u00c9crit par\" \/>\n\t<meta name=\"twitter:data1\" content=\"redazione\" \/>\n\t<meta name=\"twitter:label2\" content=\"Dur\u00e9e de lecture estim\u00e9e\" \/>\n\t<meta name=\"twitter:data2\" content=\"2 minutes\" \/>\n<script type=\"application\/ld+json\" class=\"yoast-schema-graph\">{\"@context\":\"https:\\\/\\\/schema.org\",\"@graph\":[{\"@type\":\"Article\",\"@id\":\"https:\\\/\\\/www.bellunopress.it\\\/2009\\\/09\\\/12\\\/la-morte-sospesa-mercoledi-sera-il-documentario-di-kevin-mc-donald-a-cirvoi\\\/#article\",\"isPartOf\":{\"@id\":\"https:\\\/\\\/www.bellunopress.it\\\/2009\\\/09\\\/12\\\/la-morte-sospesa-mercoledi-sera-il-documentario-di-kevin-mc-donald-a-cirvoi\\\/\"},\"author\":{\"name\":\"redazione\",\"@id\":\"https:\\\/\\\/www.bellunopress.it\\\/#\\\/schema\\\/person\\\/79bb06722b37ece1c03d3e94beb30d73\"},\"headline\":\"&#8220;La morte sospesa&#8221;, mercoled\u00ec sera il documentario di Kevin Mc Donald a Cirvoi\",\"datePublished\":\"2009-09-12T12:18:47+00:00\",\"dateModified\":\"2009-09-12T12:24:51+00:00\",\"mainEntityOfPage\":{\"@id\":\"https:\\\/\\\/www.bellunopress.it\\\/2009\\\/09\\\/12\\\/la-morte-sospesa-mercoledi-sera-il-documentario-di-kevin-mc-donald-a-cirvoi\\\/\"},\"wordCount\":360,\"publisher\":{\"@id\":\"https:\\\/\\\/www.bellunopress.it\\\/#organization\"},\"image\":{\"@id\":\"https:\\\/\\\/www.bellunopress.it\\\/2009\\\/09\\\/12\\\/la-morte-sospesa-mercoledi-sera-il-documentario-di-kevin-mc-donald-a-cirvoi\\\/#primaryimage\"},\"thumbnailUrl\":\"http:\\\/\\\/www.bellunopress.it\\\/wp-content\\\/uploads\\\/2009\\\/09\\\/locandina_cirvoi-1-leggera.jpg\",\"keywords\":[\"Belluno\"],\"articleSection\":[\"Arte, Cultura, Spettacoli, Scienza\",\"Meteo, natura, ambiente, animali\",\"Pausa Caff\u00e8\"],\"inLanguage\":\"fr-FR\"},{\"@type\":\"WebPage\",\"@id\":\"https:\\\/\\\/www.bellunopress.it\\\/2009\\\/09\\\/12\\\/la-morte-sospesa-mercoledi-sera-il-documentario-di-kevin-mc-donald-a-cirvoi\\\/\",\"url\":\"https:\\\/\\\/www.bellunopress.it\\\/2009\\\/09\\\/12\\\/la-morte-sospesa-mercoledi-sera-il-documentario-di-kevin-mc-donald-a-cirvoi\\\/\",\"name\":\"\\\"La morte sospesa\\\", mercoled\u00ec sera il documentario di Kevin Mc Donald a Cirvoi - Bellunopress - Dolomiti\",\"isPartOf\":{\"@id\":\"https:\\\/\\\/www.bellunopress.it\\\/#website\"},\"primaryImageOfPage\":{\"@id\":\"https:\\\/\\\/www.bellunopress.it\\\/2009\\\/09\\\/12\\\/la-morte-sospesa-mercoledi-sera-il-documentario-di-kevin-mc-donald-a-cirvoi\\\/#primaryimage\"},\"image\":{\"@id\":\"https:\\\/\\\/www.bellunopress.it\\\/2009\\\/09\\\/12\\\/la-morte-sospesa-mercoledi-sera-il-documentario-di-kevin-mc-donald-a-cirvoi\\\/#primaryimage\"},\"thumbnailUrl\":\"http:\\\/\\\/www.bellunopress.it\\\/wp-content\\\/uploads\\\/2009\\\/09\\\/locandina_cirvoi-1-leggera.jpg\",\"datePublished\":\"2009-09-12T12:18:47+00:00\",\"dateModified\":\"2009-09-12T12:24:51+00:00\",\"breadcrumb\":{\"@id\":\"https:\\\/\\\/www.bellunopress.it\\\/2009\\\/09\\\/12\\\/la-morte-sospesa-mercoledi-sera-il-documentario-di-kevin-mc-donald-a-cirvoi\\\/#breadcrumb\"},\"inLanguage\":\"fr-FR\",\"potentialAction\":[{\"@type\":\"ReadAction\",\"target\":[\"https:\\\/\\\/www.bellunopress.it\\\/2009\\\/09\\\/12\\\/la-morte-sospesa-mercoledi-sera-il-documentario-di-kevin-mc-donald-a-cirvoi\\\/\"]}]},{\"@type\":\"ImageObject\",\"inLanguage\":\"fr-FR\",\"@id\":\"https:\\\/\\\/www.bellunopress.it\\\/2009\\\/09\\\/12\\\/la-morte-sospesa-mercoledi-sera-il-documentario-di-kevin-mc-donald-a-cirvoi\\\/#primaryimage\",\"url\":\"http:\\\/\\\/www.bellunopress.it\\\/wp-content\\\/uploads\\\/2009\\\/09\\\/locandina_cirvoi-1-leggera.jpg\",\"contentUrl\":\"http:\\\/\\\/www.bellunopress.it\\\/wp-content\\\/uploads\\\/2009\\\/09\\\/locandina_cirvoi-1-leggera.jpg\"},{\"@type\":\"BreadcrumbList\",\"@id\":\"https:\\\/\\\/www.bellunopress.it\\\/2009\\\/09\\\/12\\\/la-morte-sospesa-mercoledi-sera-il-documentario-di-kevin-mc-donald-a-cirvoi\\\/#breadcrumb\",\"itemListElement\":[{\"@type\":\"ListItem\",\"position\":1,\"name\":\"Home\",\"item\":\"https:\\\/\\\/www.bellunopress.it\\\/\"},{\"@type\":\"ListItem\",\"position\":2,\"name\":\"&#8220;La morte sospesa&#8221;, mercoled\u00ec sera il documentario di Kevin Mc Donald a Cirvoi\"}]},{\"@type\":\"WebSite\",\"@id\":\"https:\\\/\\\/www.bellunopress.it\\\/#website\",\"url\":\"https:\\\/\\\/www.bellunopress.it\\\/\",\"name\":\"Bellunopress - Dolomiti\",\"description\":\"e-mail: redazione@bellunopress.it\",\"publisher\":{\"@id\":\"https:\\\/\\\/www.bellunopress.it\\\/#organization\"},\"potentialAction\":[{\"@type\":\"SearchAction\",\"target\":{\"@type\":\"EntryPoint\",\"urlTemplate\":\"https:\\\/\\\/www.bellunopress.it\\\/?s={search_term_string}\"},\"query-input\":{\"@type\":\"PropertyValueSpecification\",\"valueRequired\":true,\"valueName\":\"search_term_string\"}}],\"inLanguage\":\"fr-FR\"},{\"@type\":\"Organization\",\"@id\":\"https:\\\/\\\/www.bellunopress.it\\\/#organization\",\"name\":\"Bellunopress\",\"url\":\"https:\\\/\\\/www.bellunopress.it\\\/\",\"logo\":{\"@type\":\"ImageObject\",\"inLanguage\":\"fr-FR\",\"@id\":\"https:\\\/\\\/www.bellunopress.it\\\/#\\\/schema\\\/logo\\\/image\\\/\",\"url\":\"https:\\\/\\\/www.bellunopress.it\\\/wp-content\\\/uploads\\\/2011\\\/05\\\/cropped-logo-bellunopress-.jpg\",\"contentUrl\":\"https:\\\/\\\/www.bellunopress.it\\\/wp-content\\\/uploads\\\/2011\\\/05\\\/cropped-logo-bellunopress-.jpg\",\"width\":512,\"height\":512,\"caption\":\"Bellunopress\"},\"image\":{\"@id\":\"https:\\\/\\\/www.bellunopress.it\\\/#\\\/schema\\\/logo\\\/image\\\/\"},\"sameAs\":[\"https:\\\/\\\/www.facebook.com\\\/profile.php?id=100008943462799\",\"https:\\\/\\\/x.com\\\/bellunopress\",\"https:\\\/\\\/www.linkedin.com\\\/hp\\\/?dnr=JBzUWaJfMUw8vbXJJ2tVW5-I3jZKvC4wsoxE&amp;amp;amp;amp;amp;amp;trk=nav_responsive_tab_home\",\"https:\\\/\\\/www.youtube.com\\\/channel\\\/UCxL0wu1uN0_3_7hGG0306cw\"]},{\"@type\":\"Person\",\"@id\":\"https:\\\/\\\/www.bellunopress.it\\\/#\\\/schema\\\/person\\\/79bb06722b37ece1c03d3e94beb30d73\",\"name\":\"redazione\",\"image\":{\"@type\":\"ImageObject\",\"inLanguage\":\"fr-FR\",\"@id\":\"https:\\\/\\\/secure.gravatar.com\\\/avatar\\\/37d968a2e67a6fd04c169c4bdef102d0bc5d31b2546345219e348575eb80e9a0?s=96&d=mm&r=g\",\"url\":\"https:\\\/\\\/secure.gravatar.com\\\/avatar\\\/37d968a2e67a6fd04c169c4bdef102d0bc5d31b2546345219e348575eb80e9a0?s=96&d=mm&r=g\",\"contentUrl\":\"https:\\\/\\\/secure.gravatar.com\\\/avatar\\\/37d968a2e67a6fd04c169c4bdef102d0bc5d31b2546345219e348575eb80e9a0?s=96&d=mm&r=g\",\"caption\":\"redazione\"},\"sameAs\":[\"http:\\\/\\\/www.bellunopress.it\",\"https:\\\/\\\/x.com\\\/bellunopress\"],\"url\":\"https:\\\/\\\/www.bellunopress.it\\\/fr\\\/author\\\/redazione\\\/\"}]}<\/script>\n<!-- \/ Yoast SEO plugin. -->","yoast_head_json":{"title":"\"La morte sospesa\", mercoled\u00ec sera il documentario di Kevin Mc Donald a Cirvoi - Bellunopress - Dolomiti","robots":{"index":"index","follow":"follow","max-snippet":"max-snippet:-1","max-image-preview":"max-image-preview:large","max-video-preview":"max-video-preview:-1"},"canonical":"https:\/\/www.bellunopress.it\/fr\/2009\/09\/12\/la-morte-sospesa-mercoledi-sera-il-documentario-di-kevin-mc-donald-a-cirvoi\/","og_locale":"fr_FR","og_type":"article","og_title":"\"La morte sospesa\", mercoled\u00ec sera il documentario di Kevin Mc Donald a Cirvoi - Bellunopress - Dolomiti","og_description":"Mercoled\u00ec alle 20.30 nella sala\u00a0 dell&#8217;associazione &#8220;Cortivi di Cirvoi&#8221; (bar Cooperativa): &#8220;La morte sospesa\u201d di Kevin Mac Donald..\u00a0 Due inglesi appassionati di alpinismo decidono di tentare un\u2019impresa mai riuscita prima: scalare la parete ovest della Suria Grande, sulle Ande peruviane. Con molte difficolt\u00e0 i due riescono ad arrivare in cima, ma la discesa si dimostra [&hellip;]","og_url":"https:\/\/www.bellunopress.it\/fr\/2009\/09\/12\/la-morte-sospesa-mercoledi-sera-il-documentario-di-kevin-mc-donald-a-cirvoi\/","og_site_name":"Bellunopress - Dolomiti","article_publisher":"https:\/\/www.facebook.com\/profile.php?id=100008943462799","article_published_time":"2009-09-12T12:18:47+00:00","article_modified_time":"2009-09-12T12:24:51+00:00","og_image":[{"url":"http:\/\/www.bellunopress.it\/wp-content\/uploads\/2009\/09\/locandina_cirvoi-1-leggera.jpg","type":"","width":"","height":""}],"author":"redazione","twitter_card":"summary_large_image","twitter_creator":"@bellunopress","twitter_site":"@bellunopress","twitter_misc":{"\u00c9crit par":"redazione","Dur\u00e9e de lecture estim\u00e9e":"2 minutes"},"schema":{"@context":"https:\/\/schema.org","@graph":[{"@type":"Article","@id":"https:\/\/www.bellunopress.it\/2009\/09\/12\/la-morte-sospesa-mercoledi-sera-il-documentario-di-kevin-mc-donald-a-cirvoi\/#article","isPartOf":{"@id":"https:\/\/www.bellunopress.it\/2009\/09\/12\/la-morte-sospesa-mercoledi-sera-il-documentario-di-kevin-mc-donald-a-cirvoi\/"},"author":{"name":"redazione","@id":"https:\/\/www.bellunopress.it\/#\/schema\/person\/79bb06722b37ece1c03d3e94beb30d73"},"headline":"&#8220;La morte sospesa&#8221;, mercoled\u00ec sera il documentario di Kevin Mc Donald a Cirvoi","datePublished":"2009-09-12T12:18:47+00:00","dateModified":"2009-09-12T12:24:51+00:00","mainEntityOfPage":{"@id":"https:\/\/www.bellunopress.it\/2009\/09\/12\/la-morte-sospesa-mercoledi-sera-il-documentario-di-kevin-mc-donald-a-cirvoi\/"},"wordCount":360,"publisher":{"@id":"https:\/\/www.bellunopress.it\/#organization"},"image":{"@id":"https:\/\/www.bellunopress.it\/2009\/09\/12\/la-morte-sospesa-mercoledi-sera-il-documentario-di-kevin-mc-donald-a-cirvoi\/#primaryimage"},"thumbnailUrl":"http:\/\/www.bellunopress.it\/wp-content\/uploads\/2009\/09\/locandina_cirvoi-1-leggera.jpg","keywords":["Belluno"],"articleSection":["Arte, Cultura, Spettacoli, Scienza","Meteo, natura, ambiente, animali","Pausa Caff\u00e8"],"inLanguage":"fr-FR"},{"@type":"WebPage","@id":"https:\/\/www.bellunopress.it\/2009\/09\/12\/la-morte-sospesa-mercoledi-sera-il-documentario-di-kevin-mc-donald-a-cirvoi\/","url":"https:\/\/www.bellunopress.it\/2009\/09\/12\/la-morte-sospesa-mercoledi-sera-il-documentario-di-kevin-mc-donald-a-cirvoi\/","name":"\"La morte sospesa\", mercoled\u00ec sera il documentario di Kevin Mc Donald a Cirvoi - Bellunopress - Dolomiti","isPartOf":{"@id":"https:\/\/www.bellunopress.it\/#website"},"primaryImageOfPage":{"@id":"https:\/\/www.bellunopress.it\/2009\/09\/12\/la-morte-sospesa-mercoledi-sera-il-documentario-di-kevin-mc-donald-a-cirvoi\/#primaryimage"},"image":{"@id":"https:\/\/www.bellunopress.it\/2009\/09\/12\/la-morte-sospesa-mercoledi-sera-il-documentario-di-kevin-mc-donald-a-cirvoi\/#primaryimage"},"thumbnailUrl":"http:\/\/www.bellunopress.it\/wp-content\/uploads\/2009\/09\/locandina_cirvoi-1-leggera.jpg","datePublished":"2009-09-12T12:18:47+00:00","dateModified":"2009-09-12T12:24:51+00:00","breadcrumb":{"@id":"https:\/\/www.bellunopress.it\/2009\/09\/12\/la-morte-sospesa-mercoledi-sera-il-documentario-di-kevin-mc-donald-a-cirvoi\/#breadcrumb"},"inLanguage":"fr-FR","potentialAction":[{"@type":"ReadAction","target":["https:\/\/www.bellunopress.it\/2009\/09\/12\/la-morte-sospesa-mercoledi-sera-il-documentario-di-kevin-mc-donald-a-cirvoi\/"]}]},{"@type":"ImageObject","inLanguage":"fr-FR","@id":"https:\/\/www.bellunopress.it\/2009\/09\/12\/la-morte-sospesa-mercoledi-sera-il-documentario-di-kevin-mc-donald-a-cirvoi\/#primaryimage","url":"http:\/\/www.bellunopress.it\/wp-content\/uploads\/2009\/09\/locandina_cirvoi-1-leggera.jpg","contentUrl":"http:\/\/www.bellunopress.it\/wp-content\/uploads\/2009\/09\/locandina_cirvoi-1-leggera.jpg"},{"@type":"BreadcrumbList","@id":"https:\/\/www.bellunopress.it\/2009\/09\/12\/la-morte-sospesa-mercoledi-sera-il-documentario-di-kevin-mc-donald-a-cirvoi\/#breadcrumb","itemListElement":[{"@type":"ListItem","position":1,"name":"Home","item":"https:\/\/www.bellunopress.it\/"},{"@type":"ListItem","position":2,"name":"&#8220;La morte sospesa&#8221;, mercoled\u00ec sera il documentario di Kevin Mc Donald a Cirvoi"}]},{"@type":"WebSite","@id":"https:\/\/www.bellunopress.it\/#website","url":"https:\/\/www.bellunopress.it\/","name":"Bellunopress - Dolomiti","description":"e-mail: redazione@bellunopress.it","publisher":{"@id":"https:\/\/www.bellunopress.it\/#organization"},"potentialAction":[{"@type":"SearchAction","target":{"@type":"EntryPoint","urlTemplate":"https:\/\/www.bellunopress.it\/?s={search_term_string}"},"query-input":{"@type":"PropertyValueSpecification","valueRequired":true,"valueName":"search_term_string"}}],"inLanguage":"fr-FR"},{"@type":"Organization","@id":"https:\/\/www.bellunopress.it\/#organization","name":"Bellunopress","url":"https:\/\/www.bellunopress.it\/","logo":{"@type":"ImageObject","inLanguage":"fr-FR","@id":"https:\/\/www.bellunopress.it\/#\/schema\/logo\/image\/","url":"https:\/\/www.bellunopress.it\/wp-content\/uploads\/2011\/05\/cropped-logo-bellunopress-.jpg","contentUrl":"https:\/\/www.bellunopress.it\/wp-content\/uploads\/2011\/05\/cropped-logo-bellunopress-.jpg","width":512,"height":512,"caption":"Bellunopress"},"image":{"@id":"https:\/\/www.bellunopress.it\/#\/schema\/logo\/image\/"},"sameAs":["https:\/\/www.facebook.com\/profile.php?id=100008943462799","https:\/\/x.com\/bellunopress","https:\/\/www.linkedin.com\/hp\/?dnr=JBzUWaJfMUw8vbXJJ2tVW5-I3jZKvC4wsoxE&amp;amp;amp;amp;amp;amp;trk=nav_responsive_tab_home","https:\/\/www.youtube.com\/channel\/UCxL0wu1uN0_3_7hGG0306cw"]},{"@type":"Person","@id":"https:\/\/www.bellunopress.it\/#\/schema\/person\/79bb06722b37ece1c03d3e94beb30d73","name":"r\u00e9daction","image":{"@type":"ImageObject","inLanguage":"fr-FR","@id":"https:\/\/secure.gravatar.com\/avatar\/37d968a2e67a6fd04c169c4bdef102d0bc5d31b2546345219e348575eb80e9a0?s=96&d=mm&r=g","url":"https:\/\/secure.gravatar.com\/avatar\/37d968a2e67a6fd04c169c4bdef102d0bc5d31b2546345219e348575eb80e9a0?s=96&d=mm&r=g","contentUrl":"https:\/\/secure.gravatar.com\/avatar\/37d968a2e67a6fd04c169c4bdef102d0bc5d31b2546345219e348575eb80e9a0?s=96&d=mm&r=g","caption":"redazione"},"sameAs":["http:\/\/www.bellunopress.it","https:\/\/x.com\/bellunopress"],"url":"https:\/\/www.bellunopress.it\/fr\/author\/redazione\/"}]}},"_links":{"self":[{"href":"https:\/\/www.bellunopress.it\/fr\/wp-json\/wp\/v2\/posts\/8010","targetHints":{"allow":["GET"]}}],"collection":[{"href":"https:\/\/www.bellunopress.it\/fr\/wp-json\/wp\/v2\/posts"}],"about":[{"href":"https:\/\/www.bellunopress.it\/fr\/wp-json\/wp\/v2\/types\/post"}],"author":[{"embeddable":true,"href":"https:\/\/www.bellunopress.it\/fr\/wp-json\/wp\/v2\/users\/2"}],"replies":[{"embeddable":true,"href":"https:\/\/www.bellunopress.it\/fr\/wp-json\/wp\/v2\/comments?post=8010"}],"version-history":[{"count":2,"href":"https:\/\/www.bellunopress.it\/fr\/wp-json\/wp\/v2\/posts\/8010\/revisions"}],"predecessor-version":[{"id":8016,"href":"https:\/\/www.bellunopress.it\/fr\/wp-json\/wp\/v2\/posts\/8010\/revisions\/8016"}],"wp:attachment":[{"href":"https:\/\/www.bellunopress.it\/fr\/wp-json\/wp\/v2\/media?parent=8010"}],"wp:term":[{"taxonomy":"category","embeddable":true,"href":"https:\/\/www.bellunopress.it\/fr\/wp-json\/wp\/v2\/categories?post=8010"},{"taxonomy":"post_tag","embeddable":true,"href":"https:\/\/www.bellunopress.it\/fr\/wp-json\/wp\/v2\/tags?post=8010"}],"curies":[{"name":"wp","href":"https:\/\/api.w.org\/{rel}","templated":true}]}}