{"id":8006,"date":"2009-09-12T07:19:38","date_gmt":"2009-09-12T06:19:38","guid":{"rendered":"http:\/\/www.bellunopress.it\/?p=8006"},"modified":"2010-02-19T15:43:45","modified_gmt":"2010-02-19T14:43:45","slug":"per-gli-speciali-di-bellunopress-pubblichiamo-lintervista-del-2007-a-giovanni-vigne-reduce-di-russia-morto-ieri-alleta-di-87-anni","status":"publish","type":"post","link":"https:\/\/www.bellunopress.it\/fr\/2009\/09\/12\/per-gli-speciali-di-bellunopress-pubblichiamo-lintervista-del-2007-a-giovanni-vigne-reduce-di-russia-morto-ieri-alleta-di-87-anni\/","title":{"rendered":"Speciali Bellunopress: ecco l&#8217;intervista del 2007 a Giovanni Vigne, reduce di Russia, morto ieri all&#8217;et\u00e0 di 87 anni."},"content":{"rendered":"<p><strong><\/strong><\/p>\n<figure id=\"attachment_8005\" aria-describedby=\"caption-attachment-8005\" style=\"width: 210px\" class=\"wp-caption alignleft\"><strong><a href=\"http:\/\/www.bellunopress.it\/wp-content\/uploads\/2009\/09\/giovanni-vigne.jpg\"><img loading=\"lazy\" decoding=\"async\" class=\"size-medium wp-image-8005\" title=\"giovanni-vigne\" src=\"http:\/\/www.bellunopress.it\/wp-content\/uploads\/2009\/09\/giovanni-vigne.jpg\" alt=\"Giovanni Vigne\" width=\"210\" height=\"280\" \/><\/a><\/strong><figcaption id=\"caption-attachment-8005\" class=\"wp-caption-text\">Giovanni Vigne<\/figcaption><\/figure>\n<p><strong>Addio a Giovanni Vigne reduce di Russia, alpino radiotelegrafista del Battaglione Valcismon.<\/strong> Giovanni Vigne, 87 anni, reduce di Russia \u00e8 \u201candato avanti\u201d come dicono gli alpini. Giovanni \u00e8 il nono di undici fratelli, figlio di Luigi che all&#8217;inizio degli anni &#8217;20 acquist\u00f2 la segheria Veneziana al Mas di Sedico. E&#8217; padre di Michele, presidente di Confedilizia veneto, e nonno di Gianluca, presidente dei giovani imprenditori del Veneto. Ha partecipato alla Campagna di Russia, rientrato dalla guerra avvia un&#8217;attivit\u00e0 di trasporti. Nel 1949 fonda la Sima insieme ai fratelli, che cessa l&#8217;attivit\u00e0 nel 1955. Emigrante in Svizzera lavora nella diga di Mauvoisin nel Vallese. E nel 1958 torna a Belluno. Nel novembre del 2007 Giovanni Vigne, nella sua casa al Mas di Sedico, ci raccont\u00f2 la sua vita militare e la sua grande passione, la lavorazione del legno in un&#8217;intervista che riproduciamo.<br \/>\n<strong><\/strong><\/p>\n<p><strong>Freddo, pidocchi e sangue<\/strong><\/p>\n<p>Il suo nome \u00e8 tra quelli citati nelle testimonianze dei reduci contenute in \u201cFronte russo: c&#8217;ero anch&#8217;io\u201d, il libro di Giulio Bedeschi. Giovanni Vigne di Mas di Sedico, classe 1922, alpino radiotelegrafista della Divisione Julia, Battaglione Val Cismon, aggregato al Nono alpini durante la Campagna di Russia. Il Val Cismon, tanto per capirci, \u00e8 il battaglione che ricever\u00e0 pi\u00f9 medaglie d&#8217;oro e decorazioni della Julia, ed era formato da oltre 1600 uomini di cui solo 115 riuscirono a salvarsi. Dieci giorni prima dello sfondamento delle linee russe a Nikolajewka, per il soldato Giovanni Vigne termina la II Guerra mondiale. Quando era partito pesava 87 chili, e quando fece ritorno scese a 57. Il 16 gennaio 1943, durante un assalto in prima linea, con due proiettili anticarro lo colpiscono alla schiena e al gomito sinistro. Disinfettato, fasciato e rivestito con gli stessi indumenti insanguinati e pieni di pidocchi, Vigne arriva all&#8217;ospedale di Podgornoje, dopo una notte di viaggio in ambulanza. \u00abLa maggior parte di noi aveva i piedi congelati \u2013 racconta Vigne \u2013 io quel problema non l&#8217;avevo perch\u00e9 la vigilia di Natale del 1942 ci diedero gli stivali di feltro dei russi, prima di mandarci all&#8217;assalto. E la prima linea di fuoco toccava sempre ai pi\u00f9 giovani, cio\u00e8 quelli come me nati nel 1922. Tra l&#8217;altro io ero radiotelegrafista e non avevo nemmeno il fucile in dotazione, ma solo una pistola semiautomatica Beretta calibro 9 e alcune bombe. All&#8217;alba del 19 gennaio 1943, Podgornoje era un paese completamente bruciato e deserto. Bench\u00e9 ferito e dolorante accettai di lasciare l&#8217;ospedale e m&#8217;incamminai sulla neve ghiacciata, convinto da un commilitone. Dopo 40 minuti trovammo un&#8217;isba; due donne ci fecero entrare, e ci portarono delle patate calde con della pasta. Nella stanza accanto c&#8217;erano dei partigiani russi che, avvisati dalle donne che eravamo disarmati, ci lasciarono andare. Camminammo per tutto il giorno in direzione Karkov, come ci avevano indicato. Ma la sera ci ritrovammo ancora nello stesso paese. Il caso volle che quella sera una colonna dei nostri alpini transitasse nelle colline vicine al paese. Ci aggregammo a loro. Ma dopo un&#8217;ora ci fu un improvviso attacco dei russi: vidi i corpi saltare in aria. Oramai attendevo un colpo mortale che mi avrebbe fatto cessare tutte le sofferenze. Mi salvai, e decisi di andare avanti con quel reparto. Il mio compagno, di cui ignoro il nome, prefer\u00ec ritornare indietro verso il paese. Fu l&#8217;ultima volta che lo vidi. All&#8217;alba del 20 gennaio ci fu un nuovo bombardamento che dur\u00f2 mezz&#8217;ora. Quando cess\u00f2 ero circondato da cadaveri. Proseguii il cammino raggiungendo la colonna di soldati. Quella notte mangiai patate crude dalla fame. Ero sempre pi\u00f9 stanco. Il giorno dopo incontrai il mio amico \u201cSecco\u201d (Secondo Vieceli, classe 1913). Devo a lui la mia salvezza, era un veterano della Guerra d&#8217;Africa e della Campagna di Grecia. Quando c&#8217;incontrammo, vedendomi ferito disse: \u201cO ce ne andiamo via tutti e due o nessuno\u201d! Il cielo era sereno e faceva sempre pi\u00f9 freddo. Trovai altri due amici di Sedico, Carlo Viezzer e Ruggero Cervo. Dormimmo in una piccola isba. Ma il mattino del 22 gennaio Secco ci svegli\u00f2 con un botto sfondando un vetro. C&#8217;erano i russi.\u00a0 Mi salvai anche questa volta salendo sulla slitta tirata dal mulo di Secco. Carlo e Ruggero vennero fatti prigionieri. Passammo su una scia di marchi, banconote fuoriuscite da una cassaforte militare tedesca, che nessuno si ferm\u00f2 a raccogliere, perch\u00e9 quando non c&#8217;\u00e8 la salute i soldi non valgono nulla! Eravamo denutriti e la ritirata era sempre pi\u00f9 dura. Marino Zanolla di Santa Giustina grid\u00f2 che c&#8217;era un carro armato russo nascosto in un covone di grano. Ma non era vero, aveva le allucinazioni provocate dalle sue condizioni precarie. Si andava avanti senza parlare con il freddo, la fame e il sonno. Le mie condizioni peggioravano, l&#8217;infezione della ferita avanzava ed ero tormentato dai pidocchi. La febbre saliva e oramai avevo perso la cognizione del tempo. Finch\u00e9 una sera arriv\u00f2 un camion con due militari che mi trasportarono insieme ad altri feriti e congelati in un ospedale. Due infermieri mi fecero sdraiare a pancia in gi\u00f9 su un tavolo e senza anestesia sentii una lama che prima mi tagli\u00f2 le bende che avevo addosso da una decina di giorni e poi penetr\u00f2 nella carne per asportare l&#8217;infezione. Mi fasciarono seduto sul tavolo, perch\u00e9 non mi reggevo in piedi. Provai a dormire, ma il dolore era troppo forte. Poi, verso le ore 22 inizi\u00f2 un bombardamento aereo. Qualcuno grid\u00f2 in dialetto bellunese: \u201dchi se la sente venga gi\u00f9\u201d. Pensavo di non farcela, e non so con quali forze scesi le scale e nel buio e in silenzio raggiungemmo una stazione ferroviaria. Anche questa volta fui uno dei fortunati che la mezzanotte del 5 febbraio del 1943 sal\u00ec su un treno che ci port\u00f2 a Gomel. All&#8217;ospedale incontrai Riccardo Raveane di San Gregorio nelle Alpi, che mi port\u00f2 dal medico Blandino di Santa Giustina per sostituire la medicazione. Passarono alcuni giorni a dieta di minestrine, in attesa della tradotta che ci avrebbe riportati a casa. Non sapevamo pi\u00f9 n\u00e9 pregare n\u00e9 pensare\u00a0 Dio o al nostro Ges\u00f9 Cristo. Ci chiedevamo se l&#8217;essere ancora vivi fosse solo un caso, la fortuna, un miracolo, o la presenza di uno spirito. Forse fu proprio quest&#8217;ultimo a darci la forza di superare tutto questo. In quei giorni o volevo solo ritornare a casa per riabbracciare i miei genitori e i miei 5 fratelli (tre di noi erano militari). Il 17 febbraio 1943 la tradotta ci port\u00f2 a Salsomaggiore. Scesi dal treno, ci fecero camminare in fila indiana attraverso un percorso dove nessun civile poteva avvicinarsi e parlarci. Penso che se allora ci avessero mostrati come eravamo conciati la guerra sarebbe finita subito e con meno morti! Dietro le porte di quell&#8217;ospedale fecero di tutto per farci riprendere vita. Camerette dove non mancava niente. Dottori, ufficiali, crocerossine, infermiere, suore, barbieri, cuochi ecc. Ci hanno lavati, puliti e accuditi. Lasciai l&#8217;ospedale l&#8217;8 aprile 1943.<br \/>\nRoberto De Nart\u00a0 (18.11.2007)<br \/>\n<strong><\/strong><\/p>\n<figure id=\"attachment_8008\" aria-describedby=\"caption-attachment-8008\" style=\"width: 241px\" class=\"wp-caption alignleft\"><a href=\"http:\/\/www.bellunopress.it\/wp-content\/uploads\/2009\/09\/giovanni-vigne-segheria-veneziana-009.jpg\"><img loading=\"lazy\" decoding=\"async\" class=\"size-medium wp-image-8008\" title=\"giovanni-vigne-segheria-veneziana-009\" src=\"http:\/\/www.bellunopress.it\/wp-content\/uploads\/2009\/09\/giovanni-vigne-segheria-veneziana-009.jpg\" alt=\"La segheria veneziana costruita da Vigne\" width=\"241\" height=\"181\" \/><\/a><figcaption id=\"caption-attachment-8008\" class=\"wp-caption-text\">La segheria veneziana costruita da Vigne<\/figcaption><\/figure>\n<p>L&#8217;arte di Giovanni Vigne<\/p>\n<p>Nell&#8217;immediato dopoguerra Giovanni Vigne lavora nella segheria di famiglia al Mas di Sedico, dove effettua trasporti con un autocarro. E&#8217; emigrante in Svizzera per un paio d&#8217;anni, poi rientra e riprende l&#8217;attivit\u00e0 di autotrasportatore. Lavora anche in altri settori. Ma in tutti questi anni non ha mai scordato la sua vera passione. Che \u00e8 la lavorazione del legno. Cos\u00ec, da pensionato, pu\u00f2 finalmente dedicarsi a tempo pieno a questo suo sogno. Acquista un tornio e l&#8217;attrezzatura necessaria ed inizia a produrre una lunga serie di oggetti in legno. Vasi, piatti di tutte le forme e dimensioni. Ma non \u00e8 ancora pienamente soddisfatto, perch\u00e9 nei suoi ricordi di giovent\u00f9, ce n&#8217;\u00e8 uno in particolare che gli frulla per la testa. E&#8217; la segheria veneziana, quella risalente al 13mo secolo i cui ultimi esemplari sono rimasti in funzione fino agli anni &#8217;80.\u00a0 Azionata dalla forza dell&#8217;acqua, \u00e8 costruita interamente in legno compresi gli ingranaggi, il cui movimento \u00e8 lubrificato dall&#8217;acqua. Vigne ricorda perfettamente la segheria veneziana dell&#8217;azienda di famiglia, dove aveva lavorato da giovane. E, ad 85 anni decide di riprodurla in miniatura, perfettamente funzionante, senza disporre di progetti, ma solo sulla base dei ricordi personali. Ce la fa. Funziona. Un gioiellino realizzato soprattutto per onorare la memoria del padre, il ricordo di quegli anni, della sua giovent\u00f9.<br \/>\nUn esemplare di segheria veneziana \u00e8 visibile al Museo degli zattieri a Codissago di Castellavazzo.<\/p>","protected":false},"excerpt":{"rendered":"<p>Addio a Giovanni Vigne reduce di Russia, alpino radiotelegrafista del Battaglione Valcismon. Giovanni Vigne, 87 anni, reduce di Russia \u00e8 \u201candato avanti\u201d come dicono gli alpini. Giovanni \u00e8 il nono di undici fratelli, figlio di Luigi che all&#8217;inizio degli anni &#8217;20 acquist\u00f2 la segheria Veneziana al Mas di Sedico. E&#8217; padre di Michele, presidente di [&hellip;]<\/p>\n","protected":false},"author":2,"featured_media":0,"comment_status":"closed","ping_status":"open","sticky":false,"template":"","format":"standard","meta":{"footnotes":""},"categories":[49,26],"tags":[193,192,191,190],"class_list":["post-8006","post","type-post","status-publish","format-standard","category-speciali","category-prima-pagina","tag-battaglione-valcismon","tag-freddo-pidocchi-e-sangue","tag-giovanni-vigne","tag-reduce-di-russia"],"yoast_head":"<!-- This site is optimized with the Yoast SEO plugin v28.4 - https:\/\/yoast.com\/product\/yoast-seo-wordpress\/ -->\n<title>Speciali Bellunopress: ecco l&#039;intervista del 2007 a Giovanni Vigne, reduce di Russia, morto ieri all&#039;et\u00e0 di 87 anni. - Bellunopress - Dolomiti<\/title>\n<meta name=\"robots\" content=\"index, follow, max-snippet:-1, max-image-preview:large, max-video-preview:-1\" \/>\n<link rel=\"canonical\" href=\"https:\/\/www.bellunopress.it\/fr\/2009\/09\/12\/per-gli-speciali-di-bellunopress-pubblichiamo-lintervista-del-2007-a-giovanni-vigne-reduce-di-russia-morto-ieri-alleta-di-87-anni\/\" \/>\n<meta property=\"og:locale\" content=\"fr_FR\" \/>\n<meta property=\"og:type\" content=\"article\" \/>\n<meta property=\"og:title\" content=\"Speciali Bellunopress: ecco l&#039;intervista del 2007 a Giovanni Vigne, reduce di Russia, morto ieri all&#039;et\u00e0 di 87 anni. - Bellunopress - Dolomiti\" \/>\n<meta property=\"og:description\" content=\"Addio a Giovanni Vigne reduce di Russia, alpino radiotelegrafista del Battaglione Valcismon. Giovanni Vigne, 87 anni, reduce di Russia \u00e8 \u201candato avanti\u201d come dicono gli alpini. Giovanni \u00e8 il nono di undici fratelli, figlio di Luigi che all&#8217;inizio degli anni &#8217;20 acquist\u00f2 la segheria Veneziana al Mas di Sedico. E&#8217; padre di Michele, presidente di [&hellip;]\" \/>\n<meta property=\"og:url\" content=\"https:\/\/www.bellunopress.it\/fr\/2009\/09\/12\/per-gli-speciali-di-bellunopress-pubblichiamo-lintervista-del-2007-a-giovanni-vigne-reduce-di-russia-morto-ieri-alleta-di-87-anni\/\" \/>\n<meta property=\"og:site_name\" content=\"Bellunopress - Dolomiti\" \/>\n<meta property=\"article:publisher\" content=\"https:\/\/www.facebook.com\/profile.php?id=100008943462799\" \/>\n<meta property=\"article:published_time\" content=\"2009-09-12T06:19:38+00:00\" \/>\n<meta property=\"article:modified_time\" content=\"2010-02-19T14:43:45+00:00\" \/>\n<meta property=\"og:image\" content=\"http:\/\/www.bellunopress.it\/wp-content\/uploads\/2009\/09\/giovanni-vigne.jpg\" \/>\n<meta name=\"author\" content=\"redazione\" \/>\n<meta name=\"twitter:card\" content=\"summary_large_image\" \/>\n<meta name=\"twitter:creator\" content=\"@bellunopress\" \/>\n<meta name=\"twitter:site\" content=\"@bellunopress\" \/>\n<meta name=\"twitter:label1\" content=\"Written by\" \/>\n\t<meta name=\"twitter:data1\" content=\"redazione\" \/>\n\t<meta name=\"twitter:label2\" content=\"Est. reading time\" \/>\n\t<meta name=\"twitter:data2\" content=\"7 minutes\" \/>\n<script type=\"application\/ld+json\" class=\"yoast-schema-graph\">{\"@context\":\"https:\\\/\\\/schema.org\",\"@graph\":[{\"@type\":\"Article\",\"@id\":\"https:\\\/\\\/www.bellunopress.it\\\/2009\\\/09\\\/12\\\/per-gli-speciali-di-bellunopress-pubblichiamo-lintervista-del-2007-a-giovanni-vigne-reduce-di-russia-morto-ieri-alleta-di-87-anni\\\/#article\",\"isPartOf\":{\"@id\":\"https:\\\/\\\/www.bellunopress.it\\\/2009\\\/09\\\/12\\\/per-gli-speciali-di-bellunopress-pubblichiamo-lintervista-del-2007-a-giovanni-vigne-reduce-di-russia-morto-ieri-alleta-di-87-anni\\\/\"},\"author\":{\"name\":\"redazione\",\"@id\":\"https:\\\/\\\/www.bellunopress.it\\\/#\\\/schema\\\/person\\\/79bb06722b37ece1c03d3e94beb30d73\"},\"headline\":\"Speciali Bellunopress: ecco l&#8217;intervista del 2007 a Giovanni Vigne, reduce di Russia, morto ieri all&#8217;et\u00e0 di 87 anni.\",\"datePublished\":\"2009-09-12T06:19:38+00:00\",\"dateModified\":\"2010-02-19T14:43:45+00:00\",\"mainEntityOfPage\":{\"@id\":\"https:\\\/\\\/www.bellunopress.it\\\/2009\\\/09\\\/12\\\/per-gli-speciali-di-bellunopress-pubblichiamo-lintervista-del-2007-a-giovanni-vigne-reduce-di-russia-morto-ieri-alleta-di-87-anni\\\/\"},\"wordCount\":1416,\"publisher\":{\"@id\":\"https:\\\/\\\/www.bellunopress.it\\\/#organization\"},\"image\":{\"@id\":\"https:\\\/\\\/www.bellunopress.it\\\/2009\\\/09\\\/12\\\/per-gli-speciali-di-bellunopress-pubblichiamo-lintervista-del-2007-a-giovanni-vigne-reduce-di-russia-morto-ieri-alleta-di-87-anni\\\/#primaryimage\"},\"thumbnailUrl\":\"http:\\\/\\\/www.bellunopress.it\\\/wp-content\\\/uploads\\\/2009\\\/09\\\/giovanni-vigne.jpg\",\"keywords\":[\"battaglione Valcismon\",\"freddo pidocchi e sangue\",\"Giovanni Vigne\",\"reduce di Russia\"],\"articleSection\":[\"Gli speciali di Bellunopress\",\"Prima Pagina\"],\"inLanguage\":\"fr-FR\"},{\"@type\":\"WebPage\",\"@id\":\"https:\\\/\\\/www.bellunopress.it\\\/2009\\\/09\\\/12\\\/per-gli-speciali-di-bellunopress-pubblichiamo-lintervista-del-2007-a-giovanni-vigne-reduce-di-russia-morto-ieri-alleta-di-87-anni\\\/\",\"url\":\"https:\\\/\\\/www.bellunopress.it\\\/2009\\\/09\\\/12\\\/per-gli-speciali-di-bellunopress-pubblichiamo-lintervista-del-2007-a-giovanni-vigne-reduce-di-russia-morto-ieri-alleta-di-87-anni\\\/\",\"name\":\"Speciali Bellunopress: ecco l'intervista del 2007 a Giovanni Vigne, reduce di Russia, morto ieri all'et\u00e0 di 87 anni. - Bellunopress - Dolomiti\",\"isPartOf\":{\"@id\":\"https:\\\/\\\/www.bellunopress.it\\\/#website\"},\"primaryImageOfPage\":{\"@id\":\"https:\\\/\\\/www.bellunopress.it\\\/2009\\\/09\\\/12\\\/per-gli-speciali-di-bellunopress-pubblichiamo-lintervista-del-2007-a-giovanni-vigne-reduce-di-russia-morto-ieri-alleta-di-87-anni\\\/#primaryimage\"},\"image\":{\"@id\":\"https:\\\/\\\/www.bellunopress.it\\\/2009\\\/09\\\/12\\\/per-gli-speciali-di-bellunopress-pubblichiamo-lintervista-del-2007-a-giovanni-vigne-reduce-di-russia-morto-ieri-alleta-di-87-anni\\\/#primaryimage\"},\"thumbnailUrl\":\"http:\\\/\\\/www.bellunopress.it\\\/wp-content\\\/uploads\\\/2009\\\/09\\\/giovanni-vigne.jpg\",\"datePublished\":\"2009-09-12T06:19:38+00:00\",\"dateModified\":\"2010-02-19T14:43:45+00:00\",\"breadcrumb\":{\"@id\":\"https:\\\/\\\/www.bellunopress.it\\\/2009\\\/09\\\/12\\\/per-gli-speciali-di-bellunopress-pubblichiamo-lintervista-del-2007-a-giovanni-vigne-reduce-di-russia-morto-ieri-alleta-di-87-anni\\\/#breadcrumb\"},\"inLanguage\":\"fr-FR\",\"potentialAction\":[{\"@type\":\"ReadAction\",\"target\":[\"https:\\\/\\\/www.bellunopress.it\\\/2009\\\/09\\\/12\\\/per-gli-speciali-di-bellunopress-pubblichiamo-lintervista-del-2007-a-giovanni-vigne-reduce-di-russia-morto-ieri-alleta-di-87-anni\\\/\"]}]},{\"@type\":\"ImageObject\",\"inLanguage\":\"fr-FR\",\"@id\":\"https:\\\/\\\/www.bellunopress.it\\\/2009\\\/09\\\/12\\\/per-gli-speciali-di-bellunopress-pubblichiamo-lintervista-del-2007-a-giovanni-vigne-reduce-di-russia-morto-ieri-alleta-di-87-anni\\\/#primaryimage\",\"url\":\"http:\\\/\\\/www.bellunopress.it\\\/wp-content\\\/uploads\\\/2009\\\/09\\\/giovanni-vigne.jpg\",\"contentUrl\":\"http:\\\/\\\/www.bellunopress.it\\\/wp-content\\\/uploads\\\/2009\\\/09\\\/giovanni-vigne.jpg\"},{\"@type\":\"BreadcrumbList\",\"@id\":\"https:\\\/\\\/www.bellunopress.it\\\/2009\\\/09\\\/12\\\/per-gli-speciali-di-bellunopress-pubblichiamo-lintervista-del-2007-a-giovanni-vigne-reduce-di-russia-morto-ieri-alleta-di-87-anni\\\/#breadcrumb\",\"itemListElement\":[{\"@type\":\"ListItem\",\"position\":1,\"name\":\"Home\",\"item\":\"https:\\\/\\\/www.bellunopress.it\\\/\"},{\"@type\":\"ListItem\",\"position\":2,\"name\":\"Speciali Bellunopress: ecco l&#8217;intervista del 2007 a Giovanni Vigne, reduce di Russia, morto ieri all&#8217;et\u00e0 di 87 anni.\"}]},{\"@type\":\"WebSite\",\"@id\":\"https:\\\/\\\/www.bellunopress.it\\\/#website\",\"url\":\"https:\\\/\\\/www.bellunopress.it\\\/\",\"name\":\"Bellunopress - Dolomiti\",\"description\":\"e-mail: redazione@bellunopress.it\",\"publisher\":{\"@id\":\"https:\\\/\\\/www.bellunopress.it\\\/#organization\"},\"potentialAction\":[{\"@type\":\"SearchAction\",\"target\":{\"@type\":\"EntryPoint\",\"urlTemplate\":\"https:\\\/\\\/www.bellunopress.it\\\/?s={search_term_string}\"},\"query-input\":{\"@type\":\"PropertyValueSpecification\",\"valueRequired\":true,\"valueName\":\"search_term_string\"}}],\"inLanguage\":\"fr-FR\"},{\"@type\":\"Organization\",\"@id\":\"https:\\\/\\\/www.bellunopress.it\\\/#organization\",\"name\":\"Bellunopress\",\"url\":\"https:\\\/\\\/www.bellunopress.it\\\/\",\"logo\":{\"@type\":\"ImageObject\",\"inLanguage\":\"fr-FR\",\"@id\":\"https:\\\/\\\/www.bellunopress.it\\\/#\\\/schema\\\/logo\\\/image\\\/\",\"url\":\"https:\\\/\\\/www.bellunopress.it\\\/wp-content\\\/uploads\\\/2011\\\/05\\\/cropped-logo-bellunopress-.jpg\",\"contentUrl\":\"https:\\\/\\\/www.bellunopress.it\\\/wp-content\\\/uploads\\\/2011\\\/05\\\/cropped-logo-bellunopress-.jpg\",\"width\":512,\"height\":512,\"caption\":\"Bellunopress\"},\"image\":{\"@id\":\"https:\\\/\\\/www.bellunopress.it\\\/#\\\/schema\\\/logo\\\/image\\\/\"},\"sameAs\":[\"https:\\\/\\\/www.facebook.com\\\/profile.php?id=100008943462799\",\"https:\\\/\\\/x.com\\\/bellunopress\",\"https:\\\/\\\/www.linkedin.com\\\/hp\\\/?dnr=JBzUWaJfMUw8vbXJJ2tVW5-I3jZKvC4wsoxE&amp;amp;amp;amp;amp;amp;trk=nav_responsive_tab_home\",\"https:\\\/\\\/www.youtube.com\\\/channel\\\/UCxL0wu1uN0_3_7hGG0306cw\"]},{\"@type\":\"Person\",\"@id\":\"https:\\\/\\\/www.bellunopress.it\\\/#\\\/schema\\\/person\\\/79bb06722b37ece1c03d3e94beb30d73\",\"name\":\"redazione\",\"image\":{\"@type\":\"ImageObject\",\"inLanguage\":\"fr-FR\",\"@id\":\"https:\\\/\\\/secure.gravatar.com\\\/avatar\\\/37d968a2e67a6fd04c169c4bdef102d0bc5d31b2546345219e348575eb80e9a0?s=96&d=mm&r=g\",\"url\":\"https:\\\/\\\/secure.gravatar.com\\\/avatar\\\/37d968a2e67a6fd04c169c4bdef102d0bc5d31b2546345219e348575eb80e9a0?s=96&d=mm&r=g\",\"contentUrl\":\"https:\\\/\\\/secure.gravatar.com\\\/avatar\\\/37d968a2e67a6fd04c169c4bdef102d0bc5d31b2546345219e348575eb80e9a0?s=96&d=mm&r=g\",\"caption\":\"redazione\"},\"sameAs\":[\"http:\\\/\\\/www.bellunopress.it\",\"https:\\\/\\\/x.com\\\/bellunopress\"],\"url\":\"https:\\\/\\\/www.bellunopress.it\\\/fr\\\/author\\\/redazione\\\/\"}]}<\/script>\n<!-- \/ Yoast SEO plugin. -->","yoast_head_json":{"title":"Speciali Bellunopress: ecco l'intervista del 2007 a Giovanni Vigne, reduce di Russia, morto ieri all'et\u00e0 di 87 anni. - Bellunopress - Dolomiti","robots":{"index":"index","follow":"follow","max-snippet":"max-snippet:-1","max-image-preview":"max-image-preview:large","max-video-preview":"max-video-preview:-1"},"canonical":"https:\/\/www.bellunopress.it\/fr\/2009\/09\/12\/per-gli-speciali-di-bellunopress-pubblichiamo-lintervista-del-2007-a-giovanni-vigne-reduce-di-russia-morto-ieri-alleta-di-87-anni\/","og_locale":"fr_FR","og_type":"article","og_title":"Speciali Bellunopress: ecco l'intervista del 2007 a Giovanni Vigne, reduce di Russia, morto ieri all'et\u00e0 di 87 anni. - Bellunopress - Dolomiti","og_description":"Addio a Giovanni Vigne reduce di Russia, alpino radiotelegrafista del Battaglione Valcismon. Giovanni Vigne, 87 anni, reduce di Russia \u00e8 \u201candato avanti\u201d come dicono gli alpini. Giovanni \u00e8 il nono di undici fratelli, figlio di Luigi che all&#8217;inizio degli anni &#8217;20 acquist\u00f2 la segheria Veneziana al Mas di Sedico. E&#8217; padre di Michele, presidente di [&hellip;]","og_url":"https:\/\/www.bellunopress.it\/fr\/2009\/09\/12\/per-gli-speciali-di-bellunopress-pubblichiamo-lintervista-del-2007-a-giovanni-vigne-reduce-di-russia-morto-ieri-alleta-di-87-anni\/","og_site_name":"Bellunopress - Dolomiti","article_publisher":"https:\/\/www.facebook.com\/profile.php?id=100008943462799","article_published_time":"2009-09-12T06:19:38+00:00","article_modified_time":"2010-02-19T14:43:45+00:00","og_image":[{"url":"http:\/\/www.bellunopress.it\/wp-content\/uploads\/2009\/09\/giovanni-vigne.jpg","type":"","width":"","height":""}],"author":"redazione","twitter_card":"summary_large_image","twitter_creator":"@bellunopress","twitter_site":"@bellunopress","twitter_misc":{"Written by":"redazione","Est. reading time":"7 minutes"},"schema":{"@context":"https:\/\/schema.org","@graph":[{"@type":"Article","@id":"https:\/\/www.bellunopress.it\/2009\/09\/12\/per-gli-speciali-di-bellunopress-pubblichiamo-lintervista-del-2007-a-giovanni-vigne-reduce-di-russia-morto-ieri-alleta-di-87-anni\/#article","isPartOf":{"@id":"https:\/\/www.bellunopress.it\/2009\/09\/12\/per-gli-speciali-di-bellunopress-pubblichiamo-lintervista-del-2007-a-giovanni-vigne-reduce-di-russia-morto-ieri-alleta-di-87-anni\/"},"author":{"name":"redazione","@id":"https:\/\/www.bellunopress.it\/#\/schema\/person\/79bb06722b37ece1c03d3e94beb30d73"},"headline":"Speciali Bellunopress: ecco l&#8217;intervista del 2007 a Giovanni Vigne, reduce di Russia, morto ieri all&#8217;et\u00e0 di 87 anni.","datePublished":"2009-09-12T06:19:38+00:00","dateModified":"2010-02-19T14:43:45+00:00","mainEntityOfPage":{"@id":"https:\/\/www.bellunopress.it\/2009\/09\/12\/per-gli-speciali-di-bellunopress-pubblichiamo-lintervista-del-2007-a-giovanni-vigne-reduce-di-russia-morto-ieri-alleta-di-87-anni\/"},"wordCount":1416,"publisher":{"@id":"https:\/\/www.bellunopress.it\/#organization"},"image":{"@id":"https:\/\/www.bellunopress.it\/2009\/09\/12\/per-gli-speciali-di-bellunopress-pubblichiamo-lintervista-del-2007-a-giovanni-vigne-reduce-di-russia-morto-ieri-alleta-di-87-anni\/#primaryimage"},"thumbnailUrl":"http:\/\/www.bellunopress.it\/wp-content\/uploads\/2009\/09\/giovanni-vigne.jpg","keywords":["battaglione Valcismon","freddo pidocchi e sangue","Giovanni Vigne","reduce di Russia"],"articleSection":["Gli speciali di Bellunopress","Prima Pagina"],"inLanguage":"fr-FR"},{"@type":"WebPage","@id":"https:\/\/www.bellunopress.it\/2009\/09\/12\/per-gli-speciali-di-bellunopress-pubblichiamo-lintervista-del-2007-a-giovanni-vigne-reduce-di-russia-morto-ieri-alleta-di-87-anni\/","url":"https:\/\/www.bellunopress.it\/2009\/09\/12\/per-gli-speciali-di-bellunopress-pubblichiamo-lintervista-del-2007-a-giovanni-vigne-reduce-di-russia-morto-ieri-alleta-di-87-anni\/","name":"Speciali Bellunopress: ecco l'intervista del 2007 a Giovanni Vigne, reduce di Russia, morto ieri all'et\u00e0 di 87 anni. - Bellunopress - Dolomiti","isPartOf":{"@id":"https:\/\/www.bellunopress.it\/#website"},"primaryImageOfPage":{"@id":"https:\/\/www.bellunopress.it\/2009\/09\/12\/per-gli-speciali-di-bellunopress-pubblichiamo-lintervista-del-2007-a-giovanni-vigne-reduce-di-russia-morto-ieri-alleta-di-87-anni\/#primaryimage"},"image":{"@id":"https:\/\/www.bellunopress.it\/2009\/09\/12\/per-gli-speciali-di-bellunopress-pubblichiamo-lintervista-del-2007-a-giovanni-vigne-reduce-di-russia-morto-ieri-alleta-di-87-anni\/#primaryimage"},"thumbnailUrl":"http:\/\/www.bellunopress.it\/wp-content\/uploads\/2009\/09\/giovanni-vigne.jpg","datePublished":"2009-09-12T06:19:38+00:00","dateModified":"2010-02-19T14:43:45+00:00","breadcrumb":{"@id":"https:\/\/www.bellunopress.it\/2009\/09\/12\/per-gli-speciali-di-bellunopress-pubblichiamo-lintervista-del-2007-a-giovanni-vigne-reduce-di-russia-morto-ieri-alleta-di-87-anni\/#breadcrumb"},"inLanguage":"fr-FR","potentialAction":[{"@type":"ReadAction","target":["https:\/\/www.bellunopress.it\/2009\/09\/12\/per-gli-speciali-di-bellunopress-pubblichiamo-lintervista-del-2007-a-giovanni-vigne-reduce-di-russia-morto-ieri-alleta-di-87-anni\/"]}]},{"@type":"ImageObject","inLanguage":"fr-FR","@id":"https:\/\/www.bellunopress.it\/2009\/09\/12\/per-gli-speciali-di-bellunopress-pubblichiamo-lintervista-del-2007-a-giovanni-vigne-reduce-di-russia-morto-ieri-alleta-di-87-anni\/#primaryimage","url":"http:\/\/www.bellunopress.it\/wp-content\/uploads\/2009\/09\/giovanni-vigne.jpg","contentUrl":"http:\/\/www.bellunopress.it\/wp-content\/uploads\/2009\/09\/giovanni-vigne.jpg"},{"@type":"BreadcrumbList","@id":"https:\/\/www.bellunopress.it\/2009\/09\/12\/per-gli-speciali-di-bellunopress-pubblichiamo-lintervista-del-2007-a-giovanni-vigne-reduce-di-russia-morto-ieri-alleta-di-87-anni\/#breadcrumb","itemListElement":[{"@type":"ListItem","position":1,"name":"Home","item":"https:\/\/www.bellunopress.it\/"},{"@type":"ListItem","position":2,"name":"Speciali Bellunopress: ecco l&#8217;intervista del 2007 a Giovanni Vigne, reduce di Russia, morto ieri all&#8217;et\u00e0 di 87 anni."}]},{"@type":"WebSite","@id":"https:\/\/www.bellunopress.it\/#website","url":"https:\/\/www.bellunopress.it\/","name":"Bellunopress - Dolomiti","description":"e-mail: redazione@bellunopress.it","publisher":{"@id":"https:\/\/www.bellunopress.it\/#organization"},"potentialAction":[{"@type":"SearchAction","target":{"@type":"EntryPoint","urlTemplate":"https:\/\/www.bellunopress.it\/?s={search_term_string}"},"query-input":{"@type":"PropertyValueSpecification","valueRequired":true,"valueName":"search_term_string"}}],"inLanguage":"fr-FR"},{"@type":"Organization","@id":"https:\/\/www.bellunopress.it\/#organization","name":"Bellunopress","url":"https:\/\/www.bellunopress.it\/","logo":{"@type":"ImageObject","inLanguage":"fr-FR","@id":"https:\/\/www.bellunopress.it\/#\/schema\/logo\/image\/","url":"https:\/\/www.bellunopress.it\/wp-content\/uploads\/2011\/05\/cropped-logo-bellunopress-.jpg","contentUrl":"https:\/\/www.bellunopress.it\/wp-content\/uploads\/2011\/05\/cropped-logo-bellunopress-.jpg","width":512,"height":512,"caption":"Bellunopress"},"image":{"@id":"https:\/\/www.bellunopress.it\/#\/schema\/logo\/image\/"},"sameAs":["https:\/\/www.facebook.com\/profile.php?id=100008943462799","https:\/\/x.com\/bellunopress","https:\/\/www.linkedin.com\/hp\/?dnr=JBzUWaJfMUw8vbXJJ2tVW5-I3jZKvC4wsoxE&amp;amp;amp;amp;amp;amp;trk=nav_responsive_tab_home","https:\/\/www.youtube.com\/channel\/UCxL0wu1uN0_3_7hGG0306cw"]},{"@type":"Person","@id":"https:\/\/www.bellunopress.it\/#\/schema\/person\/79bb06722b37ece1c03d3e94beb30d73","name":"r\u00e9daction","image":{"@type":"ImageObject","inLanguage":"fr-FR","@id":"https:\/\/secure.gravatar.com\/avatar\/37d968a2e67a6fd04c169c4bdef102d0bc5d31b2546345219e348575eb80e9a0?s=96&d=mm&r=g","url":"https:\/\/secure.gravatar.com\/avatar\/37d968a2e67a6fd04c169c4bdef102d0bc5d31b2546345219e348575eb80e9a0?s=96&d=mm&r=g","contentUrl":"https:\/\/secure.gravatar.com\/avatar\/37d968a2e67a6fd04c169c4bdef102d0bc5d31b2546345219e348575eb80e9a0?s=96&d=mm&r=g","caption":"redazione"},"sameAs":["http:\/\/www.bellunopress.it","https:\/\/x.com\/bellunopress"],"url":"https:\/\/www.bellunopress.it\/fr\/author\/redazione\/"}]}},"_links":{"self":[{"href":"https:\/\/www.bellunopress.it\/fr\/wp-json\/wp\/v2\/posts\/8006","targetHints":{"allow":["GET"]}}],"collection":[{"href":"https:\/\/www.bellunopress.it\/fr\/wp-json\/wp\/v2\/posts"}],"about":[{"href":"https:\/\/www.bellunopress.it\/fr\/wp-json\/wp\/v2\/types\/post"}],"author":[{"embeddable":true,"href":"https:\/\/www.bellunopress.it\/fr\/wp-json\/wp\/v2\/users\/2"}],"replies":[{"embeddable":true,"href":"https:\/\/www.bellunopress.it\/fr\/wp-json\/wp\/v2\/comments?post=8006"}],"version-history":[{"count":5,"href":"https:\/\/www.bellunopress.it\/fr\/wp-json\/wp\/v2\/posts\/8006\/revisions"}],"predecessor-version":[{"id":12707,"href":"https:\/\/www.bellunopress.it\/fr\/wp-json\/wp\/v2\/posts\/8006\/revisions\/12707"}],"wp:attachment":[{"href":"https:\/\/www.bellunopress.it\/fr\/wp-json\/wp\/v2\/media?parent=8006"}],"wp:term":[{"taxonomy":"category","embeddable":true,"href":"https:\/\/www.bellunopress.it\/fr\/wp-json\/wp\/v2\/categories?post=8006"},{"taxonomy":"post_tag","embeddable":true,"href":"https:\/\/www.bellunopress.it\/fr\/wp-json\/wp\/v2\/tags?post=8006"}],"curies":[{"name":"wp","href":"https:\/\/api.w.org\/{rel}","templated":true}]}}