{"id":8002,"date":"2009-09-11T21:54:15","date_gmt":"2009-09-11T20:54:15","guid":{"rendered":"http:\/\/www.bellunopress.it\/?p=8002"},"modified":"2009-09-11T21:54:15","modified_gmt":"2009-09-11T20:54:15","slug":"prade-rinnova-la-sua-squadra-denio-dal-pont-lascia-entra-luciano-reolon-e-fabio-da-re","status":"publish","type":"post","link":"https:\/\/www.bellunopress.it\/fr\/2009\/09\/11\/prade-rinnova-la-sua-squadra-denio-dal-pont-lascia-entra-luciano-reolon-e-fabio-da-re\/","title":{"rendered":"Prade rinnova la sua Squadra, Denio Dal Pont lascia, entra Luciano Reolon e Fabio Da Re"},"content":{"rendered":"<p>Questa mattina (venerd\u00ec 11)<a href=\"http:\/\/www.bellunopress.it\/wp-content\/uploads\/2009\/08\/antonio-prade-270x180.jpg\"><img loading=\"lazy\" decoding=\"async\" class=\"alignleft size-medium wp-image-7303\" title=\"antonio-prade-270x180\" src=\"http:\/\/www.bellunopress.it\/wp-content\/uploads\/2009\/08\/antonio-prade-270x180.jpg\" alt=\"\" width=\"181\" height=\"270\" \/><\/a> il sindaco di Belluno, Antonio Prade, ha firmato gli atti che rinnovano la giunta comunale di Belluno. Luciano Reolon, gi\u00e0 assessore dimissionario a seguito dell\u2019episodio di violenza tra l\u2019ex comandante Salmaso e un italo-brasiliano avvenuto all\u2019interno del comando della Polizia municipale, \u00e8 stato nuovamente nominato assessore con delega ai Rapporti con le Frazioni, alla protezione civile e ai servizi demografici. Fabio Da Re, consigliere comunale, ha assunto la delega alle opere infrastrutturali, alla manutenzione del territorio e alla mobilit\u00e0. Paolo Gamba ha assunto anche la delega alle attivit\u00e0 economiche. Marco Da Rin Zanco si occuper\u00e0 anche dei servizi informatici. Il sindaco ha ritenuto di assumersi la responsabilit\u00e0 diretta della Polizia Municipale.\u201cSiamo a met\u00e0 mandato &#8211; ha detto Prade &#8211;\u00a0 e ho ritenuto opportuno raccogliere alcune riflessioni maturate all\u2019interno della mia maggioranza e che io condivido. In questi primi due anni abbiamo fatto moltissimo e moltissimo resta da fare. Sono certo che questa giunta,\u00a0 e ringrazio Fabio Da Re per la sua disponibilit\u00e0,\u00a0 lavorer\u00e0 tenacemente e con spirito di squadra per tutti gli obiettivi che dobbiamo ancora raggiungere\u201d. Quanto a Luciano Reolon, uomo che stimo, gli avevo dato la mia parola: avevo la certezza del suo comportamento cristallino e dunque ha tutta la legittimit\u00e0 politica per continuare a lavorare a Palazzo Rosso.<\/p>\n<figure id=\"attachment_434\" aria-describedby=\"caption-attachment-434\" style=\"width: 181px\" class=\"wp-caption alignleft\"><a href=\"http:\/\/www.bellunopress.it\/wp-content\/uploads\/2009\/02\/denio-dal-pont-2.jpg\"><img loading=\"lazy\" decoding=\"async\" class=\"size-medium wp-image-434\" title=\"denio-dal-pont-2\" src=\"http:\/\/www.bellunopress.it\/wp-content\/uploads\/2009\/02\/denio-dal-pont-2.jpg\" alt=\"Denio Dal Pont\" width=\"181\" height=\"241\" \/><\/a><figcaption id=\"caption-attachment-434\" class=\"wp-caption-text\">Denio Dal Pont<\/figcaption><\/figure>\n<p>Ringrazio Denio Dal Pont per il suo impegno\u201d. Prade, ha comunicato in tarda mattinata le sue decisioni ai capigruppo della maggioranza e ai componenti della giunta.<\/p>\n<figure id=\"attachment_3398\" aria-describedby=\"caption-attachment-3398\" style=\"width: 180px\" class=\"wp-caption alignright\"><a href=\"http:\/\/www.bellunopress.it\/wp-content\/uploads\/2009\/05\/luciano-reolon-180x180.jpg\"><img loading=\"lazy\" decoding=\"async\" class=\"size-medium wp-image-3398\" title=\"luciano-reolon-180x180\" src=\"http:\/\/www.bellunopress.it\/wp-content\/uploads\/2009\/05\/luciano-reolon-180x180.jpg\" alt=\"Luciano Reolon \" width=\"180\" height=\"182\" \/><\/a><figcaption id=\"caption-attachment-3398\" class=\"wp-caption-text\">Luciano Reolon <\/figcaption><\/figure>\n<p>Ma all&#8217;assessore Denio Dal Pont non \u00e8 piaciuto ilo modo in cui \u00e8 stato liquidato. Anche perch\u00e9 la notizia della revoca dall&#8217;incarico l&#8217;ha ricevuta &#8220;per sentito dire&#8221; e non gi\u00e0 con una comunicazione ufficiale che avrebbe dovuto ricevere prima di diramare la decisione all&#8217;esterno. Al tempo di Tangentopoli gli avvisi di garanzia si &#8220;notificavano&#8221; a mezzo stampa. Oggi i licenziamenti viaggiano via sms e in rete&#8230;<\/p>","protected":false},"excerpt":{"rendered":"<p>Questa mattina (venerd\u00ec 11) il sindaco di Belluno, Antonio Prade, ha firmato gli atti che rinnovano la giunta comunale di Belluno. Luciano Reolon, gi\u00e0 assessore dimissionario a seguito dell\u2019episodio di violenza tra l\u2019ex comandante Salmaso e un italo-brasiliano avvenuto all\u2019interno del comando della Polizia municipale, \u00e8 stato nuovamente nominato assessore con delega ai Rapporti con [&hellip;]<\/p>\n","protected":false},"author":2,"featured_media":0,"comment_status":"closed","ping_status":"open","sticky":false,"template":"","format":"standard","meta":{"footnotes":""},"categories":[5],"tags":[139],"class_list":["post-8002","post","type-post","status-publish","format-standard","category-cronaca","tag-belluno"],"yoast_head":"<!-- This site is optimized with the Yoast SEO plugin v28.4 - https:\/\/yoast.com\/product\/yoast-seo-wordpress\/ -->\n<title>Prade rinnova la sua Squadra, Denio Dal Pont lascia, entra Luciano Reolon e Fabio Da Re  - Bellunopress - Dolomiti<\/title>\n<meta name=\"robots\" content=\"index, follow, max-snippet:-1, max-image-preview:large, max-video-preview:-1\" \/>\n<link rel=\"canonical\" href=\"https:\/\/www.bellunopress.it\/fr\/2009\/09\/11\/prade-rinnova-la-sua-squadra-denio-dal-pont-lascia-entra-luciano-reolon-e-fabio-da-re\/\" \/>\n<meta property=\"og:locale\" content=\"fr_FR\" \/>\n<meta property=\"og:type\" content=\"article\" \/>\n<meta property=\"og:title\" content=\"Prade rinnova la sua Squadra, Denio Dal Pont lascia, entra Luciano Reolon e Fabio Da Re  - Bellunopress - Dolomiti\" \/>\n<meta property=\"og:description\" content=\"Questa mattina (venerd\u00ec 11) il sindaco di Belluno, Antonio Prade, ha firmato gli atti che rinnovano la giunta comunale di Belluno. Luciano Reolon, gi\u00e0 assessore dimissionario a seguito dell\u2019episodio di violenza tra l\u2019ex comandante Salmaso e un italo-brasiliano avvenuto all\u2019interno del comando della Polizia municipale, \u00e8 stato nuovamente nominato assessore con delega ai Rapporti con [&hellip;]\" \/>\n<meta property=\"og:url\" content=\"https:\/\/www.bellunopress.it\/fr\/2009\/09\/11\/prade-rinnova-la-sua-squadra-denio-dal-pont-lascia-entra-luciano-reolon-e-fabio-da-re\/\" \/>\n<meta property=\"og:site_name\" content=\"Bellunopress - Dolomiti\" \/>\n<meta property=\"article:publisher\" content=\"https:\/\/www.facebook.com\/profile.php?id=100008943462799\" \/>\n<meta property=\"article:published_time\" content=\"2009-09-11T20:54:15+00:00\" \/>\n<meta property=\"og:image\" content=\"http:\/\/www.bellunopress.it\/wp-content\/uploads\/2009\/08\/antonio-prade-270x180.jpg\" \/>\n<meta name=\"author\" content=\"redazione\" \/>\n<meta name=\"twitter:card\" content=\"summary_large_image\" \/>\n<meta name=\"twitter:creator\" content=\"@bellunopress\" \/>\n<meta name=\"twitter:site\" content=\"@bellunopress\" \/>\n<meta name=\"twitter:label1\" content=\"Written by\" \/>\n\t<meta name=\"twitter:data1\" content=\"redazione\" \/>\n\t<meta name=\"twitter:label2\" content=\"Est. reading time\" \/>\n\t<meta name=\"twitter:data2\" content=\"2 minutes\" \/>\n<script type=\"application\/ld+json\" class=\"yoast-schema-graph\">{\"@context\":\"https:\\\/\\\/schema.org\",\"@graph\":[{\"@type\":\"Article\",\"@id\":\"https:\\\/\\\/www.bellunopress.it\\\/2009\\\/09\\\/11\\\/prade-rinnova-la-sua-squadra-denio-dal-pont-lascia-entra-luciano-reolon-e-fabio-da-re\\\/#article\",\"isPartOf\":{\"@id\":\"https:\\\/\\\/www.bellunopress.it\\\/2009\\\/09\\\/11\\\/prade-rinnova-la-sua-squadra-denio-dal-pont-lascia-entra-luciano-reolon-e-fabio-da-re\\\/\"},\"author\":{\"name\":\"redazione\",\"@id\":\"https:\\\/\\\/www.bellunopress.it\\\/#\\\/schema\\\/person\\\/79bb06722b37ece1c03d3e94beb30d73\"},\"headline\":\"Prade rinnova la sua Squadra, Denio Dal Pont lascia, entra Luciano Reolon e Fabio Da Re\",\"datePublished\":\"2009-09-11T20:54:15+00:00\",\"mainEntityOfPage\":{\"@id\":\"https:\\\/\\\/www.bellunopress.it\\\/2009\\\/09\\\/11\\\/prade-rinnova-la-sua-squadra-denio-dal-pont-lascia-entra-luciano-reolon-e-fabio-da-re\\\/\"},\"wordCount\":349,\"publisher\":{\"@id\":\"https:\\\/\\\/www.bellunopress.it\\\/#organization\"},\"image\":{\"@id\":\"https:\\\/\\\/www.bellunopress.it\\\/2009\\\/09\\\/11\\\/prade-rinnova-la-sua-squadra-denio-dal-pont-lascia-entra-luciano-reolon-e-fabio-da-re\\\/#primaryimage\"},\"thumbnailUrl\":\"http:\\\/\\\/www.bellunopress.it\\\/wp-content\\\/uploads\\\/2009\\\/08\\\/antonio-prade-270x180.jpg\",\"keywords\":[\"Belluno\"],\"articleSection\":[\"Cronaca\\\/Politica\"],\"inLanguage\":\"fr-FR\"},{\"@type\":\"WebPage\",\"@id\":\"https:\\\/\\\/www.bellunopress.it\\\/2009\\\/09\\\/11\\\/prade-rinnova-la-sua-squadra-denio-dal-pont-lascia-entra-luciano-reolon-e-fabio-da-re\\\/\",\"url\":\"https:\\\/\\\/www.bellunopress.it\\\/2009\\\/09\\\/11\\\/prade-rinnova-la-sua-squadra-denio-dal-pont-lascia-entra-luciano-reolon-e-fabio-da-re\\\/\",\"name\":\"Prade rinnova la sua Squadra, Denio Dal Pont lascia, entra Luciano Reolon e Fabio Da Re - Bellunopress - Dolomiti\",\"isPartOf\":{\"@id\":\"https:\\\/\\\/www.bellunopress.it\\\/#website\"},\"primaryImageOfPage\":{\"@id\":\"https:\\\/\\\/www.bellunopress.it\\\/2009\\\/09\\\/11\\\/prade-rinnova-la-sua-squadra-denio-dal-pont-lascia-entra-luciano-reolon-e-fabio-da-re\\\/#primaryimage\"},\"image\":{\"@id\":\"https:\\\/\\\/www.bellunopress.it\\\/2009\\\/09\\\/11\\\/prade-rinnova-la-sua-squadra-denio-dal-pont-lascia-entra-luciano-reolon-e-fabio-da-re\\\/#primaryimage\"},\"thumbnailUrl\":\"http:\\\/\\\/www.bellunopress.it\\\/wp-content\\\/uploads\\\/2009\\\/08\\\/antonio-prade-270x180.jpg\",\"datePublished\":\"2009-09-11T20:54:15+00:00\",\"breadcrumb\":{\"@id\":\"https:\\\/\\\/www.bellunopress.it\\\/2009\\\/09\\\/11\\\/prade-rinnova-la-sua-squadra-denio-dal-pont-lascia-entra-luciano-reolon-e-fabio-da-re\\\/#breadcrumb\"},\"inLanguage\":\"fr-FR\",\"potentialAction\":[{\"@type\":\"ReadAction\",\"target\":[\"https:\\\/\\\/www.bellunopress.it\\\/2009\\\/09\\\/11\\\/prade-rinnova-la-sua-squadra-denio-dal-pont-lascia-entra-luciano-reolon-e-fabio-da-re\\\/\"]}]},{\"@type\":\"ImageObject\",\"inLanguage\":\"fr-FR\",\"@id\":\"https:\\\/\\\/www.bellunopress.it\\\/2009\\\/09\\\/11\\\/prade-rinnova-la-sua-squadra-denio-dal-pont-lascia-entra-luciano-reolon-e-fabio-da-re\\\/#primaryimage\",\"url\":\"http:\\\/\\\/www.bellunopress.it\\\/wp-content\\\/uploads\\\/2009\\\/08\\\/antonio-prade-270x180.jpg\",\"contentUrl\":\"http:\\\/\\\/www.bellunopress.it\\\/wp-content\\\/uploads\\\/2009\\\/08\\\/antonio-prade-270x180.jpg\"},{\"@type\":\"BreadcrumbList\",\"@id\":\"https:\\\/\\\/www.bellunopress.it\\\/2009\\\/09\\\/11\\\/prade-rinnova-la-sua-squadra-denio-dal-pont-lascia-entra-luciano-reolon-e-fabio-da-re\\\/#breadcrumb\",\"itemListElement\":[{\"@type\":\"ListItem\",\"position\":1,\"name\":\"Home\",\"item\":\"https:\\\/\\\/www.bellunopress.it\\\/\"},{\"@type\":\"ListItem\",\"position\":2,\"name\":\"Prade rinnova la sua Squadra, Denio Dal Pont lascia, entra Luciano Reolon e Fabio Da Re\"}]},{\"@type\":\"WebSite\",\"@id\":\"https:\\\/\\\/www.bellunopress.it\\\/#website\",\"url\":\"https:\\\/\\\/www.bellunopress.it\\\/\",\"name\":\"Bellunopress - Dolomiti\",\"description\":\"e-mail: redazione@bellunopress.it\",\"publisher\":{\"@id\":\"https:\\\/\\\/www.bellunopress.it\\\/#organization\"},\"potentialAction\":[{\"@type\":\"SearchAction\",\"target\":{\"@type\":\"EntryPoint\",\"urlTemplate\":\"https:\\\/\\\/www.bellunopress.it\\\/?s={search_term_string}\"},\"query-input\":{\"@type\":\"PropertyValueSpecification\",\"valueRequired\":true,\"valueName\":\"search_term_string\"}}],\"inLanguage\":\"fr-FR\"},{\"@type\":\"Organization\",\"@id\":\"https:\\\/\\\/www.bellunopress.it\\\/#organization\",\"name\":\"Bellunopress\",\"url\":\"https:\\\/\\\/www.bellunopress.it\\\/\",\"logo\":{\"@type\":\"ImageObject\",\"inLanguage\":\"fr-FR\",\"@id\":\"https:\\\/\\\/www.bellunopress.it\\\/#\\\/schema\\\/logo\\\/image\\\/\",\"url\":\"https:\\\/\\\/www.bellunopress.it\\\/wp-content\\\/uploads\\\/2011\\\/05\\\/cropped-logo-bellunopress-.jpg\",\"contentUrl\":\"https:\\\/\\\/www.bellunopress.it\\\/wp-content\\\/uploads\\\/2011\\\/05\\\/cropped-logo-bellunopress-.jpg\",\"width\":512,\"height\":512,\"caption\":\"Bellunopress\"},\"image\":{\"@id\":\"https:\\\/\\\/www.bellunopress.it\\\/#\\\/schema\\\/logo\\\/image\\\/\"},\"sameAs\":[\"https:\\\/\\\/www.facebook.com\\\/profile.php?id=100008943462799\",\"https:\\\/\\\/x.com\\\/bellunopress\",\"https:\\\/\\\/www.linkedin.com\\\/hp\\\/?dnr=JBzUWaJfMUw8vbXJJ2tVW5-I3jZKvC4wsoxE&amp;amp;amp;amp;amp;amp;trk=nav_responsive_tab_home\",\"https:\\\/\\\/www.youtube.com\\\/channel\\\/UCxL0wu1uN0_3_7hGG0306cw\"]},{\"@type\":\"Person\",\"@id\":\"https:\\\/\\\/www.bellunopress.it\\\/#\\\/schema\\\/person\\\/79bb06722b37ece1c03d3e94beb30d73\",\"name\":\"redazione\",\"image\":{\"@type\":\"ImageObject\",\"inLanguage\":\"fr-FR\",\"@id\":\"https:\\\/\\\/secure.gravatar.com\\\/avatar\\\/37d968a2e67a6fd04c169c4bdef102d0bc5d31b2546345219e348575eb80e9a0?s=96&d=mm&r=g\",\"url\":\"https:\\\/\\\/secure.gravatar.com\\\/avatar\\\/37d968a2e67a6fd04c169c4bdef102d0bc5d31b2546345219e348575eb80e9a0?s=96&d=mm&r=g\",\"contentUrl\":\"https:\\\/\\\/secure.gravatar.com\\\/avatar\\\/37d968a2e67a6fd04c169c4bdef102d0bc5d31b2546345219e348575eb80e9a0?s=96&d=mm&r=g\",\"caption\":\"redazione\"},\"sameAs\":[\"http:\\\/\\\/www.bellunopress.it\",\"https:\\\/\\\/x.com\\\/bellunopress\"],\"url\":\"https:\\\/\\\/www.bellunopress.it\\\/fr\\\/author\\\/redazione\\\/\"}]}<\/script>\n<!-- \/ Yoast SEO plugin. -->","yoast_head_json":{"title":"Prade rinnova la sua Squadra, Denio Dal Pont lascia, entra Luciano Reolon e Fabio Da Re  - Bellunopress - Dolomiti","robots":{"index":"index","follow":"follow","max-snippet":"max-snippet:-1","max-image-preview":"max-image-preview:large","max-video-preview":"max-video-preview:-1"},"canonical":"https:\/\/www.bellunopress.it\/fr\/2009\/09\/11\/prade-rinnova-la-sua-squadra-denio-dal-pont-lascia-entra-luciano-reolon-e-fabio-da-re\/","og_locale":"fr_FR","og_type":"article","og_title":"Prade rinnova la sua Squadra, Denio Dal Pont lascia, entra Luciano Reolon e Fabio Da Re  - Bellunopress - Dolomiti","og_description":"Questa mattina (venerd\u00ec 11) il sindaco di Belluno, Antonio Prade, ha firmato gli atti che rinnovano la giunta comunale di Belluno. Luciano Reolon, gi\u00e0 assessore dimissionario a seguito dell\u2019episodio di violenza tra l\u2019ex comandante Salmaso e un italo-brasiliano avvenuto all\u2019interno del comando della Polizia municipale, \u00e8 stato nuovamente nominato assessore con delega ai Rapporti con [&hellip;]","og_url":"https:\/\/www.bellunopress.it\/fr\/2009\/09\/11\/prade-rinnova-la-sua-squadra-denio-dal-pont-lascia-entra-luciano-reolon-e-fabio-da-re\/","og_site_name":"Bellunopress - Dolomiti","article_publisher":"https:\/\/www.facebook.com\/profile.php?id=100008943462799","article_published_time":"2009-09-11T20:54:15+00:00","og_image":[{"url":"http:\/\/www.bellunopress.it\/wp-content\/uploads\/2009\/08\/antonio-prade-270x180.jpg","type":"","width":"","height":""}],"author":"redazione","twitter_card":"summary_large_image","twitter_creator":"@bellunopress","twitter_site":"@bellunopress","twitter_misc":{"Written by":"redazione","Est. reading time":"2 minutes"},"schema":{"@context":"https:\/\/schema.org","@graph":[{"@type":"Article","@id":"https:\/\/www.bellunopress.it\/2009\/09\/11\/prade-rinnova-la-sua-squadra-denio-dal-pont-lascia-entra-luciano-reolon-e-fabio-da-re\/#article","isPartOf":{"@id":"https:\/\/www.bellunopress.it\/2009\/09\/11\/prade-rinnova-la-sua-squadra-denio-dal-pont-lascia-entra-luciano-reolon-e-fabio-da-re\/"},"author":{"name":"redazione","@id":"https:\/\/www.bellunopress.it\/#\/schema\/person\/79bb06722b37ece1c03d3e94beb30d73"},"headline":"Prade rinnova la sua Squadra, Denio Dal Pont lascia, entra Luciano Reolon e Fabio Da Re","datePublished":"2009-09-11T20:54:15+00:00","mainEntityOfPage":{"@id":"https:\/\/www.bellunopress.it\/2009\/09\/11\/prade-rinnova-la-sua-squadra-denio-dal-pont-lascia-entra-luciano-reolon-e-fabio-da-re\/"},"wordCount":349,"publisher":{"@id":"https:\/\/www.bellunopress.it\/#organization"},"image":{"@id":"https:\/\/www.bellunopress.it\/2009\/09\/11\/prade-rinnova-la-sua-squadra-denio-dal-pont-lascia-entra-luciano-reolon-e-fabio-da-re\/#primaryimage"},"thumbnailUrl":"http:\/\/www.bellunopress.it\/wp-content\/uploads\/2009\/08\/antonio-prade-270x180.jpg","keywords":["Belluno"],"articleSection":["Cronaca\/Politica"],"inLanguage":"fr-FR"},{"@type":"WebPage","@id":"https:\/\/www.bellunopress.it\/2009\/09\/11\/prade-rinnova-la-sua-squadra-denio-dal-pont-lascia-entra-luciano-reolon-e-fabio-da-re\/","url":"https:\/\/www.bellunopress.it\/2009\/09\/11\/prade-rinnova-la-sua-squadra-denio-dal-pont-lascia-entra-luciano-reolon-e-fabio-da-re\/","name":"Prade rinnova la sua Squadra, Denio Dal Pont lascia, entra Luciano Reolon e Fabio Da Re - Bellunopress - Dolomiti","isPartOf":{"@id":"https:\/\/www.bellunopress.it\/#website"},"primaryImageOfPage":{"@id":"https:\/\/www.bellunopress.it\/2009\/09\/11\/prade-rinnova-la-sua-squadra-denio-dal-pont-lascia-entra-luciano-reolon-e-fabio-da-re\/#primaryimage"},"image":{"@id":"https:\/\/www.bellunopress.it\/2009\/09\/11\/prade-rinnova-la-sua-squadra-denio-dal-pont-lascia-entra-luciano-reolon-e-fabio-da-re\/#primaryimage"},"thumbnailUrl":"http:\/\/www.bellunopress.it\/wp-content\/uploads\/2009\/08\/antonio-prade-270x180.jpg","datePublished":"2009-09-11T20:54:15+00:00","breadcrumb":{"@id":"https:\/\/www.bellunopress.it\/2009\/09\/11\/prade-rinnova-la-sua-squadra-denio-dal-pont-lascia-entra-luciano-reolon-e-fabio-da-re\/#breadcrumb"},"inLanguage":"fr-FR","potentialAction":[{"@type":"ReadAction","target":["https:\/\/www.bellunopress.it\/2009\/09\/11\/prade-rinnova-la-sua-squadra-denio-dal-pont-lascia-entra-luciano-reolon-e-fabio-da-re\/"]}]},{"@type":"ImageObject","inLanguage":"fr-FR","@id":"https:\/\/www.bellunopress.it\/2009\/09\/11\/prade-rinnova-la-sua-squadra-denio-dal-pont-lascia-entra-luciano-reolon-e-fabio-da-re\/#primaryimage","url":"http:\/\/www.bellunopress.it\/wp-content\/uploads\/2009\/08\/antonio-prade-270x180.jpg","contentUrl":"http:\/\/www.bellunopress.it\/wp-content\/uploads\/2009\/08\/antonio-prade-270x180.jpg"},{"@type":"BreadcrumbList","@id":"https:\/\/www.bellunopress.it\/2009\/09\/11\/prade-rinnova-la-sua-squadra-denio-dal-pont-lascia-entra-luciano-reolon-e-fabio-da-re\/#breadcrumb","itemListElement":[{"@type":"ListItem","position":1,"name":"Home","item":"https:\/\/www.bellunopress.it\/"},{"@type":"ListItem","position":2,"name":"Prade rinnova la sua Squadra, Denio Dal Pont lascia, entra Luciano Reolon e Fabio Da Re"}]},{"@type":"WebSite","@id":"https:\/\/www.bellunopress.it\/#website","url":"https:\/\/www.bellunopress.it\/","name":"Bellunopress - Dolomiti","description":"e-mail: redazione@bellunopress.it","publisher":{"@id":"https:\/\/www.bellunopress.it\/#organization"},"potentialAction":[{"@type":"SearchAction","target":{"@type":"EntryPoint","urlTemplate":"https:\/\/www.bellunopress.it\/?s={search_term_string}"},"query-input":{"@type":"PropertyValueSpecification","valueRequired":true,"valueName":"search_term_string"}}],"inLanguage":"fr-FR"},{"@type":"Organization","@id":"https:\/\/www.bellunopress.it\/#organization","name":"Bellunopress","url":"https:\/\/www.bellunopress.it\/","logo":{"@type":"ImageObject","inLanguage":"fr-FR","@id":"https:\/\/www.bellunopress.it\/#\/schema\/logo\/image\/","url":"https:\/\/www.bellunopress.it\/wp-content\/uploads\/2011\/05\/cropped-logo-bellunopress-.jpg","contentUrl":"https:\/\/www.bellunopress.it\/wp-content\/uploads\/2011\/05\/cropped-logo-bellunopress-.jpg","width":512,"height":512,"caption":"Bellunopress"},"image":{"@id":"https:\/\/www.bellunopress.it\/#\/schema\/logo\/image\/"},"sameAs":["https:\/\/www.facebook.com\/profile.php?id=100008943462799","https:\/\/x.com\/bellunopress","https:\/\/www.linkedin.com\/hp\/?dnr=JBzUWaJfMUw8vbXJJ2tVW5-I3jZKvC4wsoxE&amp;amp;amp;amp;amp;amp;trk=nav_responsive_tab_home","https:\/\/www.youtube.com\/channel\/UCxL0wu1uN0_3_7hGG0306cw"]},{"@type":"Person","@id":"https:\/\/www.bellunopress.it\/#\/schema\/person\/79bb06722b37ece1c03d3e94beb30d73","name":"r\u00e9daction","image":{"@type":"ImageObject","inLanguage":"fr-FR","@id":"https:\/\/secure.gravatar.com\/avatar\/37d968a2e67a6fd04c169c4bdef102d0bc5d31b2546345219e348575eb80e9a0?s=96&d=mm&r=g","url":"https:\/\/secure.gravatar.com\/avatar\/37d968a2e67a6fd04c169c4bdef102d0bc5d31b2546345219e348575eb80e9a0?s=96&d=mm&r=g","contentUrl":"https:\/\/secure.gravatar.com\/avatar\/37d968a2e67a6fd04c169c4bdef102d0bc5d31b2546345219e348575eb80e9a0?s=96&d=mm&r=g","caption":"redazione"},"sameAs":["http:\/\/www.bellunopress.it","https:\/\/x.com\/bellunopress"],"url":"https:\/\/www.bellunopress.it\/fr\/author\/redazione\/"}]}},"_links":{"self":[{"href":"https:\/\/www.bellunopress.it\/fr\/wp-json\/wp\/v2\/posts\/8002","targetHints":{"allow":["GET"]}}],"collection":[{"href":"https:\/\/www.bellunopress.it\/fr\/wp-json\/wp\/v2\/posts"}],"about":[{"href":"https:\/\/www.bellunopress.it\/fr\/wp-json\/wp\/v2\/types\/post"}],"author":[{"embeddable":true,"href":"https:\/\/www.bellunopress.it\/fr\/wp-json\/wp\/v2\/users\/2"}],"replies":[{"embeddable":true,"href":"https:\/\/www.bellunopress.it\/fr\/wp-json\/wp\/v2\/comments?post=8002"}],"version-history":[{"count":1,"href":"https:\/\/www.bellunopress.it\/fr\/wp-json\/wp\/v2\/posts\/8002\/revisions"}],"predecessor-version":[{"id":8003,"href":"https:\/\/www.bellunopress.it\/fr\/wp-json\/wp\/v2\/posts\/8002\/revisions\/8003"}],"wp:attachment":[{"href":"https:\/\/www.bellunopress.it\/fr\/wp-json\/wp\/v2\/media?parent=8002"}],"wp:term":[{"taxonomy":"category","embeddable":true,"href":"https:\/\/www.bellunopress.it\/fr\/wp-json\/wp\/v2\/categories?post=8002"},{"taxonomy":"post_tag","embeddable":true,"href":"https:\/\/www.bellunopress.it\/fr\/wp-json\/wp\/v2\/tags?post=8002"}],"curies":[{"name":"wp","href":"https:\/\/api.w.org\/{rel}","templated":true}]}}