{"id":7946,"date":"2009-09-10T19:26:01","date_gmt":"2009-09-10T18:26:01","guid":{"rendered":"http:\/\/www.bellunopress.it\/?p=7946"},"modified":"2009-09-10T19:26:01","modified_gmt":"2009-09-10T18:26:01","slug":"tutto-esaurito-per-lattesissimo-incontro-di-polvere-di-daniela-nicosia-al-teatro-comunale","status":"publish","type":"post","link":"https:\/\/www.bellunopress.it\/fr\/2009\/09\/10\/tutto-esaurito-per-lattesissimo-incontro-di-polvere-di-daniela-nicosia-al-teatro-comunale\/","title":{"rendered":"Tutto esaurito per l&#8217;attesissimo incontro di &#8220;Polvere&#8221; di Daniela Nicosia, al Teatro Comunale"},"content":{"rendered":"<p><a href=\"http:\/\/www.bellunopress.it\/wp-content\/uploads\/2009\/02\/teatrocomunale.jpg\"><img loading=\"lazy\" decoding=\"async\" class=\"alignleft size-medium wp-image-476\" title=\"teatrocomunale\" src=\"http:\/\/www.bellunopress.it\/wp-content\/uploads\/2009\/02\/teatrocomunale.jpg\" alt=\"\" width=\"241\" height=\"181\" \/><\/a>Secondo fine settimana per il Filo d\u2019Arianna Festival, caratterizzato questa volta da un evento particolarmente atteso dalla citt\u00e0 di Belluno, infatti, al Teatro Comunale, da domani venerd\u00ec 11 fino a domenica 13 settembre, \u00e8 in scena Polvere ovvero la storia del teatro, un progetto di Daniela Nicosia nato per il Teatro Comunale di Belluno nel 2003 che nel tempo si \u00e8 composto di diverse tappe. Evento attesissimo dai bellunesi, come si diceva, tanto che tutte le repliche in cartellone sono gi\u00e0 esaurite ed \u00e8 stata aperta una lista d\u2019attesa (INFO 0437-950555). Il progetto Polvere \u00e8 nato da uno sguardo attento che Tib Teatro nel tempo ha saputo rivolgere al territorio di appartenenza in particolare svolgendo funzioni di osservatorio delle nuove generazioni, attraverso una capillare ed attenta azione di scolarizzazione teatrale di base ai fini di favorire la conoscenza, la promozione e la diffusione del linguaggio teatrale. Le riflessioni raccolte hanno fatto maturare negli anni alla compagnia l\u2019idea di un progetto scenico atto a rivelare la storia dell\u2019edificio teatro e della macchina scenica necessaria a farlo vivere. Una storia che Daniela Nicosia ha deciso di raccontare attraverso gli autori che rappresentano la memoria del teatro stesso fin dalle origini. Una storia che unisce arte e artigianato, lavoro creativo e lavoro manuale, poesia e fatica in un\u2019unica meravigliosa fabbrica di sogni: il teatro. \u00c8 nata cos\u00ec la prima tappa del progetto attivata nel 2003 con una proposta di visita guidata al Teatro Comunale di Belluno all\u2019interno della Stagione per l\u2019Infanzia e la Giovent\u00f9 Comincio dai 3. Lo spettacolo, nelle sue differenti chiavi di lettura, ha consentito anche una riflessione sulle differenti professionalit\u00e0 del teatro in cui arte e artigianato, creativit\u00e0 e manualit\u00e0 si avvicendano nella tessitura di preziosi manufatti. Per il successo ottenuto lo spettacolo \u00e8 stato in seguito programmato in differenti Stagioni del Teatro Comunale di Belluno. La seconda tappa \u00e8 stata realizzata presso il Teatro Civico di Schio nel settembre del 2005 all\u2019interno di Lottozero, per la direzione artistica di Gabriele Vacis. Un progetto di riabilitazione e restituzione alla citt\u00e0 del suo teatro storico con il coinvolgimento diretto di artisti, registi, architetti, critici, in un percorso di recupero non strettamente filologico, improntato alla ricerca di un teatro nuovo, quale spazio che sappia testimoniare la storia e rappresentare il presente. Polvere ovvero la storia del teatro vi si \u00e8 incastonato naturalmente, tra le decorazioni scrostate, gli stucchi caduti, gli squarci del soffitto, i palchi e i loggioni consumati dall\u2019umidit\u00e0, la Polvere che popola i teatri ha saputo parlare agli artisti e agli spettatori che nel fascino di questo grande corpo malato hanno ritrovato l\u2019emozione autentica di un viaggio dentro se stessi. La terza tappa ha dato vita ad una creazione originale per La Biennale di Venezia 2006 denominata Polvere ovvero la storia del teatro \u2013 Un progetto di Daniela Nicosia per il Teatro Goldoni. Il 38\u00b0 Festival Internazionale del Teatro diretto da Maurizio Scaparro dedicato a Gozzi e Goldoni europei, ha inteso realizzare cos\u00ec un percorso originale proprio in quel teatro in cui il Goldoni matur\u00f2 la sua esperienza e la sua Riforma. Lo spettacolo al Teatro Goldoni \u00e8 stato caratterizzato dal desiderio di creare una fluidit\u00e0 di comunicazione tra l\u2019architettura interna, il cuore del Teatro composto dalla platea e dai suoi differenti ordini di balconate, le decorazioni, le antiche colonnine \u2013 ancora palpitante delle voci dei grandi attori dell\u2019Ottocento da Gustavo Modena alla Duse, a Zacconi, alle Grammatica \u2013 e il teatro di fuori, quello delle corti e delle calli; quella Venezia da cui lo stesso Goldoni ha tratto i migliori spunti per la sua immensa opera di scrittura.Questa tappa, ovvero la presentazione di Polvere nel cartellone del Filo d\u2019Arianna 2009, intende costituire il ritorno dello spettacolo proprio laddove \u00e8 nato quale progetto pilota per la riscoperta dei teatri storici nel rapporto tra architettura e teatro.<br \/>\nIn scena &#8211; diretti dalla sapiente mano di Daniela Nicosia &#8211; Katiuscia Bonato, Vania Bortot, Paola Compostella, Susanna Cro, Clara Libertini, Vassilij Mangheras, Silvia Nanni, Solimano Pontarollo. Coreografie di Laura Zago, scene e costumi Daria Tonzig, luci, suono e scenotecnica Francesco D\u2019Altilia e Paolo Pellicciari, elaborazione basi Piero Bolzan-Audiogruppo.<\/p>","protected":false},"excerpt":{"rendered":"<p>Secondo fine settimana per il Filo d\u2019Arianna Festival, caratterizzato questa volta da un evento particolarmente atteso dalla citt\u00e0 di Belluno, infatti, al Teatro Comunale, da domani venerd\u00ec 11 fino a domenica 13 settembre, \u00e8 in scena Polvere ovvero la storia del teatro, un progetto di Daniela Nicosia nato per il Teatro Comunale di Belluno nel [&hellip;]<\/p>\n","protected":false},"author":2,"featured_media":0,"comment_status":"closed","ping_status":"open","sticky":false,"template":"","format":"standard","meta":{"footnotes":""},"categories":[3,25],"tags":[139],"class_list":["post-7946","post","type-post","status-publish","format-standard","category-arte-cultura-spettacoli-scienza-archivi","category-pausa-caffe","tag-belluno"],"yoast_head":"<!-- This site is optimized with the Yoast SEO plugin v28.4 - https:\/\/yoast.com\/product\/yoast-seo-wordpress\/ -->\n<title>Tutto esaurito per l&#039;attesissimo incontro di &quot;Polvere&quot; di Daniela Nicosia, al Teatro Comunale - Bellunopress - Dolomiti<\/title>\n<meta name=\"robots\" content=\"index, follow, max-snippet:-1, max-image-preview:large, max-video-preview:-1\" \/>\n<link rel=\"canonical\" href=\"https:\/\/www.bellunopress.it\/fr\/2009\/09\/10\/tutto-esaurito-per-lattesissimo-incontro-di-polvere-di-daniela-nicosia-al-teatro-comunale\/\" \/>\n<meta property=\"og:locale\" content=\"fr_FR\" \/>\n<meta property=\"og:type\" content=\"article\" \/>\n<meta property=\"og:title\" content=\"Tutto esaurito per l&#039;attesissimo incontro di &quot;Polvere&quot; di Daniela Nicosia, al Teatro Comunale - Bellunopress - Dolomiti\" \/>\n<meta property=\"og:description\" content=\"Secondo fine settimana per il Filo d\u2019Arianna Festival, caratterizzato questa volta da un evento particolarmente atteso dalla citt\u00e0 di Belluno, infatti, al Teatro Comunale, da domani venerd\u00ec 11 fino a domenica 13 settembre, \u00e8 in scena Polvere ovvero la storia del teatro, un progetto di Daniela Nicosia nato per il Teatro Comunale di Belluno nel [&hellip;]\" \/>\n<meta property=\"og:url\" content=\"https:\/\/www.bellunopress.it\/fr\/2009\/09\/10\/tutto-esaurito-per-lattesissimo-incontro-di-polvere-di-daniela-nicosia-al-teatro-comunale\/\" \/>\n<meta property=\"og:site_name\" content=\"Bellunopress - Dolomiti\" \/>\n<meta property=\"article:publisher\" content=\"https:\/\/www.facebook.com\/profile.php?id=100008943462799\" \/>\n<meta property=\"article:published_time\" content=\"2009-09-10T18:26:01+00:00\" \/>\n<meta property=\"og:image\" content=\"http:\/\/www.bellunopress.it\/wp-content\/uploads\/2009\/02\/teatrocomunale.jpg\" \/>\n<meta name=\"author\" content=\"redazione\" \/>\n<meta name=\"twitter:card\" content=\"summary_large_image\" \/>\n<meta name=\"twitter:creator\" content=\"@bellunopress\" \/>\n<meta name=\"twitter:site\" content=\"@bellunopress\" \/>\n<meta name=\"twitter:label1\" content=\"\u00c9crit par\" \/>\n\t<meta name=\"twitter:data1\" content=\"redazione\" \/>\n\t<meta name=\"twitter:label2\" content=\"Dur\u00e9e de lecture estim\u00e9e\" \/>\n\t<meta name=\"twitter:data2\" content=\"3 minutes\" \/>\n<script type=\"application\/ld+json\" class=\"yoast-schema-graph\">{\"@context\":\"https:\\\/\\\/schema.org\",\"@graph\":[{\"@type\":\"Article\",\"@id\":\"https:\\\/\\\/www.bellunopress.it\\\/2009\\\/09\\\/10\\\/tutto-esaurito-per-lattesissimo-incontro-di-polvere-di-daniela-nicosia-al-teatro-comunale\\\/#article\",\"isPartOf\":{\"@id\":\"https:\\\/\\\/www.bellunopress.it\\\/2009\\\/09\\\/10\\\/tutto-esaurito-per-lattesissimo-incontro-di-polvere-di-daniela-nicosia-al-teatro-comunale\\\/\"},\"author\":{\"name\":\"redazione\",\"@id\":\"https:\\\/\\\/www.bellunopress.it\\\/#\\\/schema\\\/person\\\/79bb06722b37ece1c03d3e94beb30d73\"},\"headline\":\"Tutto esaurito per l&#8217;attesissimo incontro di &#8220;Polvere&#8221; di Daniela Nicosia, al Teatro Comunale\",\"datePublished\":\"2009-09-10T18:26:01+00:00\",\"mainEntityOfPage\":{\"@id\":\"https:\\\/\\\/www.bellunopress.it\\\/2009\\\/09\\\/10\\\/tutto-esaurito-per-lattesissimo-incontro-di-polvere-di-daniela-nicosia-al-teatro-comunale\\\/\"},\"wordCount\":692,\"publisher\":{\"@id\":\"https:\\\/\\\/www.bellunopress.it\\\/#organization\"},\"image\":{\"@id\":\"https:\\\/\\\/www.bellunopress.it\\\/2009\\\/09\\\/10\\\/tutto-esaurito-per-lattesissimo-incontro-di-polvere-di-daniela-nicosia-al-teatro-comunale\\\/#primaryimage\"},\"thumbnailUrl\":\"http:\\\/\\\/www.bellunopress.it\\\/wp-content\\\/uploads\\\/2009\\\/02\\\/teatrocomunale.jpg\",\"keywords\":[\"Belluno\"],\"articleSection\":[\"Arte, Cultura, Spettacoli, Scienza\",\"Pausa Caff\u00e8\"],\"inLanguage\":\"fr-FR\"},{\"@type\":\"WebPage\",\"@id\":\"https:\\\/\\\/www.bellunopress.it\\\/2009\\\/09\\\/10\\\/tutto-esaurito-per-lattesissimo-incontro-di-polvere-di-daniela-nicosia-al-teatro-comunale\\\/\",\"url\":\"https:\\\/\\\/www.bellunopress.it\\\/2009\\\/09\\\/10\\\/tutto-esaurito-per-lattesissimo-incontro-di-polvere-di-daniela-nicosia-al-teatro-comunale\\\/\",\"name\":\"Tutto esaurito per l'attesissimo incontro di \\\"Polvere\\\" di Daniela Nicosia, al Teatro Comunale - Bellunopress - Dolomiti\",\"isPartOf\":{\"@id\":\"https:\\\/\\\/www.bellunopress.it\\\/#website\"},\"primaryImageOfPage\":{\"@id\":\"https:\\\/\\\/www.bellunopress.it\\\/2009\\\/09\\\/10\\\/tutto-esaurito-per-lattesissimo-incontro-di-polvere-di-daniela-nicosia-al-teatro-comunale\\\/#primaryimage\"},\"image\":{\"@id\":\"https:\\\/\\\/www.bellunopress.it\\\/2009\\\/09\\\/10\\\/tutto-esaurito-per-lattesissimo-incontro-di-polvere-di-daniela-nicosia-al-teatro-comunale\\\/#primaryimage\"},\"thumbnailUrl\":\"http:\\\/\\\/www.bellunopress.it\\\/wp-content\\\/uploads\\\/2009\\\/02\\\/teatrocomunale.jpg\",\"datePublished\":\"2009-09-10T18:26:01+00:00\",\"breadcrumb\":{\"@id\":\"https:\\\/\\\/www.bellunopress.it\\\/2009\\\/09\\\/10\\\/tutto-esaurito-per-lattesissimo-incontro-di-polvere-di-daniela-nicosia-al-teatro-comunale\\\/#breadcrumb\"},\"inLanguage\":\"fr-FR\",\"potentialAction\":[{\"@type\":\"ReadAction\",\"target\":[\"https:\\\/\\\/www.bellunopress.it\\\/2009\\\/09\\\/10\\\/tutto-esaurito-per-lattesissimo-incontro-di-polvere-di-daniela-nicosia-al-teatro-comunale\\\/\"]}]},{\"@type\":\"ImageObject\",\"inLanguage\":\"fr-FR\",\"@id\":\"https:\\\/\\\/www.bellunopress.it\\\/2009\\\/09\\\/10\\\/tutto-esaurito-per-lattesissimo-incontro-di-polvere-di-daniela-nicosia-al-teatro-comunale\\\/#primaryimage\",\"url\":\"http:\\\/\\\/www.bellunopress.it\\\/wp-content\\\/uploads\\\/2009\\\/02\\\/teatrocomunale.jpg\",\"contentUrl\":\"http:\\\/\\\/www.bellunopress.it\\\/wp-content\\\/uploads\\\/2009\\\/02\\\/teatrocomunale.jpg\"},{\"@type\":\"BreadcrumbList\",\"@id\":\"https:\\\/\\\/www.bellunopress.it\\\/2009\\\/09\\\/10\\\/tutto-esaurito-per-lattesissimo-incontro-di-polvere-di-daniela-nicosia-al-teatro-comunale\\\/#breadcrumb\",\"itemListElement\":[{\"@type\":\"ListItem\",\"position\":1,\"name\":\"Home\",\"item\":\"https:\\\/\\\/www.bellunopress.it\\\/\"},{\"@type\":\"ListItem\",\"position\":2,\"name\":\"Tutto esaurito per l&#8217;attesissimo incontro di &#8220;Polvere&#8221; di Daniela Nicosia, al Teatro Comunale\"}]},{\"@type\":\"WebSite\",\"@id\":\"https:\\\/\\\/www.bellunopress.it\\\/#website\",\"url\":\"https:\\\/\\\/www.bellunopress.it\\\/\",\"name\":\"Bellunopress - Dolomiti\",\"description\":\"e-mail: redazione@bellunopress.it\",\"publisher\":{\"@id\":\"https:\\\/\\\/www.bellunopress.it\\\/#organization\"},\"potentialAction\":[{\"@type\":\"SearchAction\",\"target\":{\"@type\":\"EntryPoint\",\"urlTemplate\":\"https:\\\/\\\/www.bellunopress.it\\\/?s={search_term_string}\"},\"query-input\":{\"@type\":\"PropertyValueSpecification\",\"valueRequired\":true,\"valueName\":\"search_term_string\"}}],\"inLanguage\":\"fr-FR\"},{\"@type\":\"Organization\",\"@id\":\"https:\\\/\\\/www.bellunopress.it\\\/#organization\",\"name\":\"Bellunopress\",\"url\":\"https:\\\/\\\/www.bellunopress.it\\\/\",\"logo\":{\"@type\":\"ImageObject\",\"inLanguage\":\"fr-FR\",\"@id\":\"https:\\\/\\\/www.bellunopress.it\\\/#\\\/schema\\\/logo\\\/image\\\/\",\"url\":\"https:\\\/\\\/www.bellunopress.it\\\/wp-content\\\/uploads\\\/2011\\\/05\\\/cropped-logo-bellunopress-.jpg\",\"contentUrl\":\"https:\\\/\\\/www.bellunopress.it\\\/wp-content\\\/uploads\\\/2011\\\/05\\\/cropped-logo-bellunopress-.jpg\",\"width\":512,\"height\":512,\"caption\":\"Bellunopress\"},\"image\":{\"@id\":\"https:\\\/\\\/www.bellunopress.it\\\/#\\\/schema\\\/logo\\\/image\\\/\"},\"sameAs\":[\"https:\\\/\\\/www.facebook.com\\\/profile.php?id=100008943462799\",\"https:\\\/\\\/x.com\\\/bellunopress\",\"https:\\\/\\\/www.linkedin.com\\\/hp\\\/?dnr=JBzUWaJfMUw8vbXJJ2tVW5-I3jZKvC4wsoxE&amp;amp;amp;amp;amp;amp;trk=nav_responsive_tab_home\",\"https:\\\/\\\/www.youtube.com\\\/channel\\\/UCxL0wu1uN0_3_7hGG0306cw\"]},{\"@type\":\"Person\",\"@id\":\"https:\\\/\\\/www.bellunopress.it\\\/#\\\/schema\\\/person\\\/79bb06722b37ece1c03d3e94beb30d73\",\"name\":\"redazione\",\"image\":{\"@type\":\"ImageObject\",\"inLanguage\":\"fr-FR\",\"@id\":\"https:\\\/\\\/secure.gravatar.com\\\/avatar\\\/37d968a2e67a6fd04c169c4bdef102d0bc5d31b2546345219e348575eb80e9a0?s=96&d=mm&r=g\",\"url\":\"https:\\\/\\\/secure.gravatar.com\\\/avatar\\\/37d968a2e67a6fd04c169c4bdef102d0bc5d31b2546345219e348575eb80e9a0?s=96&d=mm&r=g\",\"contentUrl\":\"https:\\\/\\\/secure.gravatar.com\\\/avatar\\\/37d968a2e67a6fd04c169c4bdef102d0bc5d31b2546345219e348575eb80e9a0?s=96&d=mm&r=g\",\"caption\":\"redazione\"},\"sameAs\":[\"http:\\\/\\\/www.bellunopress.it\",\"https:\\\/\\\/x.com\\\/bellunopress\"],\"url\":\"https:\\\/\\\/www.bellunopress.it\\\/fr\\\/author\\\/redazione\\\/\"}]}<\/script>\n<!-- \/ Yoast SEO plugin. -->","yoast_head_json":{"title":"Tutto esaurito per l'attesissimo incontro di \"Polvere\" di Daniela Nicosia, al Teatro Comunale - Bellunopress - Dolomiti","robots":{"index":"index","follow":"follow","max-snippet":"max-snippet:-1","max-image-preview":"max-image-preview:large","max-video-preview":"max-video-preview:-1"},"canonical":"https:\/\/www.bellunopress.it\/fr\/2009\/09\/10\/tutto-esaurito-per-lattesissimo-incontro-di-polvere-di-daniela-nicosia-al-teatro-comunale\/","og_locale":"fr_FR","og_type":"article","og_title":"Tutto esaurito per l'attesissimo incontro di \"Polvere\" di Daniela Nicosia, al Teatro Comunale - Bellunopress - Dolomiti","og_description":"Secondo fine settimana per il Filo d\u2019Arianna Festival, caratterizzato questa volta da un evento particolarmente atteso dalla citt\u00e0 di Belluno, infatti, al Teatro Comunale, da domani venerd\u00ec 11 fino a domenica 13 settembre, \u00e8 in scena Polvere ovvero la storia del teatro, un progetto di Daniela Nicosia nato per il Teatro Comunale di Belluno nel [&hellip;]","og_url":"https:\/\/www.bellunopress.it\/fr\/2009\/09\/10\/tutto-esaurito-per-lattesissimo-incontro-di-polvere-di-daniela-nicosia-al-teatro-comunale\/","og_site_name":"Bellunopress - Dolomiti","article_publisher":"https:\/\/www.facebook.com\/profile.php?id=100008943462799","article_published_time":"2009-09-10T18:26:01+00:00","og_image":[{"url":"http:\/\/www.bellunopress.it\/wp-content\/uploads\/2009\/02\/teatrocomunale.jpg","type":"","width":"","height":""}],"author":"redazione","twitter_card":"summary_large_image","twitter_creator":"@bellunopress","twitter_site":"@bellunopress","twitter_misc":{"\u00c9crit par":"redazione","Dur\u00e9e de lecture estim\u00e9e":"3 minutes"},"schema":{"@context":"https:\/\/schema.org","@graph":[{"@type":"Article","@id":"https:\/\/www.bellunopress.it\/2009\/09\/10\/tutto-esaurito-per-lattesissimo-incontro-di-polvere-di-daniela-nicosia-al-teatro-comunale\/#article","isPartOf":{"@id":"https:\/\/www.bellunopress.it\/2009\/09\/10\/tutto-esaurito-per-lattesissimo-incontro-di-polvere-di-daniela-nicosia-al-teatro-comunale\/"},"author":{"name":"redazione","@id":"https:\/\/www.bellunopress.it\/#\/schema\/person\/79bb06722b37ece1c03d3e94beb30d73"},"headline":"Tutto esaurito per l&#8217;attesissimo incontro di &#8220;Polvere&#8221; di Daniela Nicosia, al Teatro Comunale","datePublished":"2009-09-10T18:26:01+00:00","mainEntityOfPage":{"@id":"https:\/\/www.bellunopress.it\/2009\/09\/10\/tutto-esaurito-per-lattesissimo-incontro-di-polvere-di-daniela-nicosia-al-teatro-comunale\/"},"wordCount":692,"publisher":{"@id":"https:\/\/www.bellunopress.it\/#organization"},"image":{"@id":"https:\/\/www.bellunopress.it\/2009\/09\/10\/tutto-esaurito-per-lattesissimo-incontro-di-polvere-di-daniela-nicosia-al-teatro-comunale\/#primaryimage"},"thumbnailUrl":"http:\/\/www.bellunopress.it\/wp-content\/uploads\/2009\/02\/teatrocomunale.jpg","keywords":["Belluno"],"articleSection":["Arte, Cultura, Spettacoli, Scienza","Pausa Caff\u00e8"],"inLanguage":"fr-FR"},{"@type":"WebPage","@id":"https:\/\/www.bellunopress.it\/2009\/09\/10\/tutto-esaurito-per-lattesissimo-incontro-di-polvere-di-daniela-nicosia-al-teatro-comunale\/","url":"https:\/\/www.bellunopress.it\/2009\/09\/10\/tutto-esaurito-per-lattesissimo-incontro-di-polvere-di-daniela-nicosia-al-teatro-comunale\/","name":"Tutto esaurito per l'attesissimo incontro di \"Polvere\" di Daniela Nicosia, al Teatro Comunale - Bellunopress - Dolomiti","isPartOf":{"@id":"https:\/\/www.bellunopress.it\/#website"},"primaryImageOfPage":{"@id":"https:\/\/www.bellunopress.it\/2009\/09\/10\/tutto-esaurito-per-lattesissimo-incontro-di-polvere-di-daniela-nicosia-al-teatro-comunale\/#primaryimage"},"image":{"@id":"https:\/\/www.bellunopress.it\/2009\/09\/10\/tutto-esaurito-per-lattesissimo-incontro-di-polvere-di-daniela-nicosia-al-teatro-comunale\/#primaryimage"},"thumbnailUrl":"http:\/\/www.bellunopress.it\/wp-content\/uploads\/2009\/02\/teatrocomunale.jpg","datePublished":"2009-09-10T18:26:01+00:00","breadcrumb":{"@id":"https:\/\/www.bellunopress.it\/2009\/09\/10\/tutto-esaurito-per-lattesissimo-incontro-di-polvere-di-daniela-nicosia-al-teatro-comunale\/#breadcrumb"},"inLanguage":"fr-FR","potentialAction":[{"@type":"ReadAction","target":["https:\/\/www.bellunopress.it\/2009\/09\/10\/tutto-esaurito-per-lattesissimo-incontro-di-polvere-di-daniela-nicosia-al-teatro-comunale\/"]}]},{"@type":"ImageObject","inLanguage":"fr-FR","@id":"https:\/\/www.bellunopress.it\/2009\/09\/10\/tutto-esaurito-per-lattesissimo-incontro-di-polvere-di-daniela-nicosia-al-teatro-comunale\/#primaryimage","url":"http:\/\/www.bellunopress.it\/wp-content\/uploads\/2009\/02\/teatrocomunale.jpg","contentUrl":"http:\/\/www.bellunopress.it\/wp-content\/uploads\/2009\/02\/teatrocomunale.jpg"},{"@type":"BreadcrumbList","@id":"https:\/\/www.bellunopress.it\/2009\/09\/10\/tutto-esaurito-per-lattesissimo-incontro-di-polvere-di-daniela-nicosia-al-teatro-comunale\/#breadcrumb","itemListElement":[{"@type":"ListItem","position":1,"name":"Home","item":"https:\/\/www.bellunopress.it\/"},{"@type":"ListItem","position":2,"name":"Tutto esaurito per l&#8217;attesissimo incontro di &#8220;Polvere&#8221; di Daniela Nicosia, al Teatro Comunale"}]},{"@type":"WebSite","@id":"https:\/\/www.bellunopress.it\/#website","url":"https:\/\/www.bellunopress.it\/","name":"Bellunopress - Dolomiti","description":"e-mail: redazione@bellunopress.it","publisher":{"@id":"https:\/\/www.bellunopress.it\/#organization"},"potentialAction":[{"@type":"SearchAction","target":{"@type":"EntryPoint","urlTemplate":"https:\/\/www.bellunopress.it\/?s={search_term_string}"},"query-input":{"@type":"PropertyValueSpecification","valueRequired":true,"valueName":"search_term_string"}}],"inLanguage":"fr-FR"},{"@type":"Organization","@id":"https:\/\/www.bellunopress.it\/#organization","name":"Bellunopress","url":"https:\/\/www.bellunopress.it\/","logo":{"@type":"ImageObject","inLanguage":"fr-FR","@id":"https:\/\/www.bellunopress.it\/#\/schema\/logo\/image\/","url":"https:\/\/www.bellunopress.it\/wp-content\/uploads\/2011\/05\/cropped-logo-bellunopress-.jpg","contentUrl":"https:\/\/www.bellunopress.it\/wp-content\/uploads\/2011\/05\/cropped-logo-bellunopress-.jpg","width":512,"height":512,"caption":"Bellunopress"},"image":{"@id":"https:\/\/www.bellunopress.it\/#\/schema\/logo\/image\/"},"sameAs":["https:\/\/www.facebook.com\/profile.php?id=100008943462799","https:\/\/x.com\/bellunopress","https:\/\/www.linkedin.com\/hp\/?dnr=JBzUWaJfMUw8vbXJJ2tVW5-I3jZKvC4wsoxE&amp;amp;amp;amp;amp;amp;trk=nav_responsive_tab_home","https:\/\/www.youtube.com\/channel\/UCxL0wu1uN0_3_7hGG0306cw"]},{"@type":"Person","@id":"https:\/\/www.bellunopress.it\/#\/schema\/person\/79bb06722b37ece1c03d3e94beb30d73","name":"r\u00e9daction","image":{"@type":"ImageObject","inLanguage":"fr-FR","@id":"https:\/\/secure.gravatar.com\/avatar\/37d968a2e67a6fd04c169c4bdef102d0bc5d31b2546345219e348575eb80e9a0?s=96&d=mm&r=g","url":"https:\/\/secure.gravatar.com\/avatar\/37d968a2e67a6fd04c169c4bdef102d0bc5d31b2546345219e348575eb80e9a0?s=96&d=mm&r=g","contentUrl":"https:\/\/secure.gravatar.com\/avatar\/37d968a2e67a6fd04c169c4bdef102d0bc5d31b2546345219e348575eb80e9a0?s=96&d=mm&r=g","caption":"redazione"},"sameAs":["http:\/\/www.bellunopress.it","https:\/\/x.com\/bellunopress"],"url":"https:\/\/www.bellunopress.it\/fr\/author\/redazione\/"}]}},"_links":{"self":[{"href":"https:\/\/www.bellunopress.it\/fr\/wp-json\/wp\/v2\/posts\/7946","targetHints":{"allow":["GET"]}}],"collection":[{"href":"https:\/\/www.bellunopress.it\/fr\/wp-json\/wp\/v2\/posts"}],"about":[{"href":"https:\/\/www.bellunopress.it\/fr\/wp-json\/wp\/v2\/types\/post"}],"author":[{"embeddable":true,"href":"https:\/\/www.bellunopress.it\/fr\/wp-json\/wp\/v2\/users\/2"}],"replies":[{"embeddable":true,"href":"https:\/\/www.bellunopress.it\/fr\/wp-json\/wp\/v2\/comments?post=7946"}],"version-history":[{"count":1,"href":"https:\/\/www.bellunopress.it\/fr\/wp-json\/wp\/v2\/posts\/7946\/revisions"}],"predecessor-version":[{"id":7947,"href":"https:\/\/www.bellunopress.it\/fr\/wp-json\/wp\/v2\/posts\/7946\/revisions\/7947"}],"wp:attachment":[{"href":"https:\/\/www.bellunopress.it\/fr\/wp-json\/wp\/v2\/media?parent=7946"}],"wp:term":[{"taxonomy":"category","embeddable":true,"href":"https:\/\/www.bellunopress.it\/fr\/wp-json\/wp\/v2\/categories?post=7946"},{"taxonomy":"post_tag","embeddable":true,"href":"https:\/\/www.bellunopress.it\/fr\/wp-json\/wp\/v2\/tags?post=7946"}],"curies":[{"name":"wp","href":"https:\/\/api.w.org\/{rel}","templated":true}]}}