{"id":7944,"date":"2009-09-10T19:19:06","date_gmt":"2009-09-10T18:19:06","guid":{"rendered":"http:\/\/www.bellunopress.it\/?p=7944"},"modified":"2009-09-10T19:19:06","modified_gmt":"2009-09-10T18:19:06","slug":"i-ragazzi-di-estate-partecipando-2009%e2%80%9d-incontrano-lassessore-da-rin","status":"publish","type":"post","link":"https:\/\/www.bellunopress.it\/fr\/2009\/09\/10\/i-ragazzi-di-estate-partecipando-2009%e2%80%9d-incontrano-lassessore-da-rin\/","title":{"rendered":"I ragazzi di &#8220;Estate partecipando 2009\u201d incontrano l&#8217;assessore Da Rin"},"content":{"rendered":"<p>Si \u00e8 tenuto oggi pomeriggio alle 18 allo Spazio Giovani di Borgo Pr\u00e0, l&#8217;incontro tra l&#8217;assessore Marco Da Rin Zanco e tutti i ragazzi che hanno collaborato alle attivit\u00e0 estive del Comune. A fare da padroni saranno i 37 ragazzi del progetto \u201dEstate partecipando 2009\u201d.\u00a0 L&#8217;iniziativa, giunta alla sua terza edizione, \u00e8 nata per offrire ai ragazzi di et\u00e0 tra i 16 e i 18 anni non compiuti l&#8217;opportunit\u00e0 di impiegare utilmente il loro tempo, coniugando la possibilit\u00e0 di imparare come \u00e8 organizzato e come funziona il Comune, nei suoi principali Servizi, con l&#8217;importanza di offrire ai ragazzi un impegno durante il periodo estivo. Finanziato dal Servizio Sociale, promosso e curato nel front office e nella gestione dei ragazzi dall&#8217;Informagiovani, con il supporto dell&#8217;Ufficio formazione e del Centro per l&#8217;Impiego di Belluno, il progetto \u201cEstate partecipando 2009\u201d ha visto l&#8217;impiego di 37 ragazzi in attivit\u00e0 dell&#8217;Amministrazione comunale: presso il Servizio Economato, l&#8217;Ufficio Contratti, i Servizi tecnologici per la manutenzione del territorio, i magazzini comunali, la Polizia locale, l&#8217;Archivio e Protocollo, l&#8217;Archivio storico, lo Spazio Giovani e il Centro Estivo.<br \/>\nDal 15 giugno al 5 settembre, i 37 ragazzi si sono succeduti in turni di tre settimane ciascuno, con l&#8217;impegno di 20 ore settimanali, a supporto di progetti elaborati dai singoli Servizi che si sono attivati per un&#8217;ottimale accoglienza dei ragazzi. I volontari sono stati coinvolti in molteplici attivit\u00e0, tra le quali, per esempio, la pulizia delle griglie delle scale che portano al parcheggio di Lambioi, la sistemazione delle strade bianche della Calmada e di Pedeserva, la ristrutturazione del capitello di San Fermo, la manutenzione dei giardini (taglio siepi e annaffiatura), asfaltature varie, lavori in serra, l&#8217;aggiornamento degli archivi della Polizia Locale, dell&#8217;Ufficio Contratti e dell&#8217;Archivio storico, supporto nell&#8217;attivit\u00e0 ordinaria del Protocollo, attivit\u00e0 al Centro estivo e allo Spazio Giovani. Ai ragazzi verr\u00e0 corrisposta una \u201cborsa lavoro\u201d di 144 euro. \u201cSono soddisfatto \u2013 ha commentato l&#8217;assessore alle Politiche Giovanili del Comune di Belluno, Marco Da Rin Zanco &#8211; dell&#8217;esperienza conclusasi quest&#8217;anno, riuscita grazie all&#8217;impegno degli uffici del Comune, sia nel promuovere l&#8217;iniziativa e nel gestire i contatti con i ragazzi, sia nelle modalit\u00e0 di coinvolgimento e accoglienza presso i singoli Servizi. Gli stagisti di quest&#8217;anno si sono dimostrati tutti particolarmente bravi, riscuotendo l&#8217;apprezzamento dei tutor e svolgendo lavori concretamente utili. L&#8217;appuntamento di oggi \u2013 ha concluso l&#8217;assessore Da Rin \u2013 vuole essere un&#8217;occasione per incontrarli insieme, rivivere la loro esperienza attraverso le bellissime immagini del video realizzato dall&#8217;Informagiovani e ringraziarli per il contributo che hanno dato. Vogliamo che esperienze come questa servano anche a rafforzare il legame tra Comune e giovani, facendo passare il messaggio che l&#8217;istituzione non \u00e8 un&#8217;entit\u00e0 astratta, ma \u00e8 una sinergia di forze positive che lavorano per erogare servizi a favore della Comunit\u00e0\u201d.<\/p>","protected":false},"excerpt":{"rendered":"<p>Si \u00e8 tenuto oggi pomeriggio alle 18 allo Spazio Giovani di Borgo Pr\u00e0, l&#8217;incontro tra l&#8217;assessore Marco Da Rin Zanco e tutti i ragazzi che hanno collaborato alle attivit\u00e0 estive del Comune. A fare da padroni saranno i 37 ragazzi del progetto \u201dEstate partecipando 2009\u201d.\u00a0 L&#8217;iniziativa, giunta alla sua terza edizione, \u00e8 nata per offrire [&hellip;]<\/p>\n","protected":false},"author":2,"featured_media":0,"comment_status":"closed","ping_status":"open","sticky":false,"template":"","format":"standard","meta":{"footnotes":""},"categories":[26,15],"tags":[139],"class_list":["post-7944","post","type-post","status-publish","format-standard","category-prima-pagina","category-scuola","tag-belluno"],"yoast_head":"<!-- This site is optimized with the Yoast SEO plugin v28.4 - https:\/\/yoast.com\/product\/yoast-seo-wordpress\/ -->\n<title>I ragazzi di &quot;Estate partecipando 2009\u201d incontrano l&#039;assessore Da Rin - Bellunopress - Dolomiti<\/title>\n<meta name=\"robots\" content=\"index, follow, max-snippet:-1, max-image-preview:large, max-video-preview:-1\" \/>\n<link rel=\"canonical\" href=\"https:\/\/www.bellunopress.it\/fr\/2009\/09\/10\/i-ragazzi-di-estate-partecipando-2009\u201d-incontrano-lassessore-da-rin\/\" \/>\n<meta property=\"og:locale\" content=\"fr_FR\" \/>\n<meta property=\"og:type\" content=\"article\" \/>\n<meta property=\"og:title\" content=\"I ragazzi di &quot;Estate partecipando 2009\u201d incontrano l&#039;assessore Da Rin - Bellunopress - Dolomiti\" \/>\n<meta property=\"og:description\" content=\"Si \u00e8 tenuto oggi pomeriggio alle 18 allo Spazio Giovani di Borgo Pr\u00e0, l&#8217;incontro tra l&#8217;assessore Marco Da Rin Zanco e tutti i ragazzi che hanno collaborato alle attivit\u00e0 estive del Comune. A fare da padroni saranno i 37 ragazzi del progetto \u201dEstate partecipando 2009\u201d.\u00a0 L&#8217;iniziativa, giunta alla sua terza edizione, \u00e8 nata per offrire [&hellip;]\" \/>\n<meta property=\"og:url\" content=\"https:\/\/www.bellunopress.it\/fr\/2009\/09\/10\/i-ragazzi-di-estate-partecipando-2009\u201d-incontrano-lassessore-da-rin\/\" \/>\n<meta property=\"og:site_name\" content=\"Bellunopress - Dolomiti\" \/>\n<meta property=\"article:publisher\" content=\"https:\/\/www.facebook.com\/profile.php?id=100008943462799\" \/>\n<meta property=\"article:published_time\" content=\"2009-09-10T18:19:06+00:00\" \/>\n<meta property=\"og:image\" content=\"http:\/\/www.bellunopress.it\/wp-content\/uploads\/2012\/07\/logo-bellunopress-250x250-2012.jpg\" \/>\n<meta name=\"author\" content=\"redazione\" \/>\n<meta name=\"twitter:card\" content=\"summary_large_image\" \/>\n<meta name=\"twitter:creator\" content=\"@bellunopress\" \/>\n<meta name=\"twitter:site\" content=\"@bellunopress\" \/>\n<meta name=\"twitter:label1\" content=\"\u00c9crit par\" \/>\n\t<meta name=\"twitter:data1\" content=\"redazione\" \/>\n\t<meta name=\"twitter:label2\" content=\"Dur\u00e9e de lecture estim\u00e9e\" \/>\n\t<meta name=\"twitter:data2\" content=\"2 minutes\" \/>\n<script type=\"application\/ld+json\" class=\"yoast-schema-graph\">{\"@context\":\"https:\\\/\\\/schema.org\",\"@graph\":[{\"@type\":\"Article\",\"@id\":\"https:\\\/\\\/www.bellunopress.it\\\/2009\\\/09\\\/10\\\/i-ragazzi-di-estate-partecipando-2009%e2%80%9d-incontrano-lassessore-da-rin\\\/#article\",\"isPartOf\":{\"@id\":\"https:\\\/\\\/www.bellunopress.it\\\/2009\\\/09\\\/10\\\/i-ragazzi-di-estate-partecipando-2009%e2%80%9d-incontrano-lassessore-da-rin\\\/\"},\"author\":{\"name\":\"redazione\",\"@id\":\"https:\\\/\\\/www.bellunopress.it\\\/#\\\/schema\\\/person\\\/79bb06722b37ece1c03d3e94beb30d73\"},\"headline\":\"I ragazzi di &#8220;Estate partecipando 2009\u201d incontrano l&#8217;assessore Da Rin\",\"datePublished\":\"2009-09-10T18:19:06+00:00\",\"mainEntityOfPage\":{\"@id\":\"https:\\\/\\\/www.bellunopress.it\\\/2009\\\/09\\\/10\\\/i-ragazzi-di-estate-partecipando-2009%e2%80%9d-incontrano-lassessore-da-rin\\\/\"},\"wordCount\":478,\"publisher\":{\"@id\":\"https:\\\/\\\/www.bellunopress.it\\\/#organization\"},\"keywords\":[\"Belluno\"],\"articleSection\":[\"Prima Pagina\",\"Scuola\"],\"inLanguage\":\"fr-FR\"},{\"@type\":\"WebPage\",\"@id\":\"https:\\\/\\\/www.bellunopress.it\\\/2009\\\/09\\\/10\\\/i-ragazzi-di-estate-partecipando-2009%e2%80%9d-incontrano-lassessore-da-rin\\\/\",\"url\":\"https:\\\/\\\/www.bellunopress.it\\\/2009\\\/09\\\/10\\\/i-ragazzi-di-estate-partecipando-2009%e2%80%9d-incontrano-lassessore-da-rin\\\/\",\"name\":\"I ragazzi di \\\"Estate partecipando 2009\u201d incontrano l'assessore Da Rin - Bellunopress - Dolomiti\",\"isPartOf\":{\"@id\":\"https:\\\/\\\/www.bellunopress.it\\\/#website\"},\"datePublished\":\"2009-09-10T18:19:06+00:00\",\"breadcrumb\":{\"@id\":\"https:\\\/\\\/www.bellunopress.it\\\/2009\\\/09\\\/10\\\/i-ragazzi-di-estate-partecipando-2009%e2%80%9d-incontrano-lassessore-da-rin\\\/#breadcrumb\"},\"inLanguage\":\"fr-FR\",\"potentialAction\":[{\"@type\":\"ReadAction\",\"target\":[\"https:\\\/\\\/www.bellunopress.it\\\/2009\\\/09\\\/10\\\/i-ragazzi-di-estate-partecipando-2009%e2%80%9d-incontrano-lassessore-da-rin\\\/\"]}]},{\"@type\":\"BreadcrumbList\",\"@id\":\"https:\\\/\\\/www.bellunopress.it\\\/2009\\\/09\\\/10\\\/i-ragazzi-di-estate-partecipando-2009%e2%80%9d-incontrano-lassessore-da-rin\\\/#breadcrumb\",\"itemListElement\":[{\"@type\":\"ListItem\",\"position\":1,\"name\":\"Home\",\"item\":\"https:\\\/\\\/www.bellunopress.it\\\/\"},{\"@type\":\"ListItem\",\"position\":2,\"name\":\"I ragazzi di &#8220;Estate partecipando 2009\u201d incontrano l&#8217;assessore Da Rin\"}]},{\"@type\":\"WebSite\",\"@id\":\"https:\\\/\\\/www.bellunopress.it\\\/#website\",\"url\":\"https:\\\/\\\/www.bellunopress.it\\\/\",\"name\":\"Bellunopress - Dolomiti\",\"description\":\"e-mail: redazione@bellunopress.it\",\"publisher\":{\"@id\":\"https:\\\/\\\/www.bellunopress.it\\\/#organization\"},\"potentialAction\":[{\"@type\":\"SearchAction\",\"target\":{\"@type\":\"EntryPoint\",\"urlTemplate\":\"https:\\\/\\\/www.bellunopress.it\\\/?s={search_term_string}\"},\"query-input\":{\"@type\":\"PropertyValueSpecification\",\"valueRequired\":true,\"valueName\":\"search_term_string\"}}],\"inLanguage\":\"fr-FR\"},{\"@type\":\"Organization\",\"@id\":\"https:\\\/\\\/www.bellunopress.it\\\/#organization\",\"name\":\"Bellunopress\",\"url\":\"https:\\\/\\\/www.bellunopress.it\\\/\",\"logo\":{\"@type\":\"ImageObject\",\"inLanguage\":\"fr-FR\",\"@id\":\"https:\\\/\\\/www.bellunopress.it\\\/#\\\/schema\\\/logo\\\/image\\\/\",\"url\":\"https:\\\/\\\/www.bellunopress.it\\\/wp-content\\\/uploads\\\/2011\\\/05\\\/cropped-logo-bellunopress-.jpg\",\"contentUrl\":\"https:\\\/\\\/www.bellunopress.it\\\/wp-content\\\/uploads\\\/2011\\\/05\\\/cropped-logo-bellunopress-.jpg\",\"width\":512,\"height\":512,\"caption\":\"Bellunopress\"},\"image\":{\"@id\":\"https:\\\/\\\/www.bellunopress.it\\\/#\\\/schema\\\/logo\\\/image\\\/\"},\"sameAs\":[\"https:\\\/\\\/www.facebook.com\\\/profile.php?id=100008943462799\",\"https:\\\/\\\/x.com\\\/bellunopress\",\"https:\\\/\\\/www.linkedin.com\\\/hp\\\/?dnr=JBzUWaJfMUw8vbXJJ2tVW5-I3jZKvC4wsoxE&amp;amp;amp;amp;amp;amp;trk=nav_responsive_tab_home\",\"https:\\\/\\\/www.youtube.com\\\/channel\\\/UCxL0wu1uN0_3_7hGG0306cw\"]},{\"@type\":\"Person\",\"@id\":\"https:\\\/\\\/www.bellunopress.it\\\/#\\\/schema\\\/person\\\/79bb06722b37ece1c03d3e94beb30d73\",\"name\":\"redazione\",\"image\":{\"@type\":\"ImageObject\",\"inLanguage\":\"fr-FR\",\"@id\":\"https:\\\/\\\/secure.gravatar.com\\\/avatar\\\/37d968a2e67a6fd04c169c4bdef102d0bc5d31b2546345219e348575eb80e9a0?s=96&d=mm&r=g\",\"url\":\"https:\\\/\\\/secure.gravatar.com\\\/avatar\\\/37d968a2e67a6fd04c169c4bdef102d0bc5d31b2546345219e348575eb80e9a0?s=96&d=mm&r=g\",\"contentUrl\":\"https:\\\/\\\/secure.gravatar.com\\\/avatar\\\/37d968a2e67a6fd04c169c4bdef102d0bc5d31b2546345219e348575eb80e9a0?s=96&d=mm&r=g\",\"caption\":\"redazione\"},\"sameAs\":[\"http:\\\/\\\/www.bellunopress.it\",\"https:\\\/\\\/x.com\\\/bellunopress\"],\"url\":\"https:\\\/\\\/www.bellunopress.it\\\/fr\\\/author\\\/redazione\\\/\"}]}<\/script>\n<!-- \/ Yoast SEO plugin. -->","yoast_head_json":{"title":"I ragazzi di \"Estate partecipando 2009\u201d incontrano l'assessore Da Rin - Bellunopress - Dolomiti","robots":{"index":"index","follow":"follow","max-snippet":"max-snippet:-1","max-image-preview":"max-image-preview:large","max-video-preview":"max-video-preview:-1"},"canonical":"https:\/\/www.bellunopress.it\/fr\/2009\/09\/10\/i-ragazzi-di-estate-partecipando-2009\u201d-incontrano-lassessore-da-rin\/","og_locale":"fr_FR","og_type":"article","og_title":"I ragazzi di \"Estate partecipando 2009\u201d incontrano l'assessore Da Rin - Bellunopress - Dolomiti","og_description":"Si \u00e8 tenuto oggi pomeriggio alle 18 allo Spazio Giovani di Borgo Pr\u00e0, l&#8217;incontro tra l&#8217;assessore Marco Da Rin Zanco e tutti i ragazzi che hanno collaborato alle attivit\u00e0 estive del Comune. A fare da padroni saranno i 37 ragazzi del progetto \u201dEstate partecipando 2009\u201d.\u00a0 L&#8217;iniziativa, giunta alla sua terza edizione, \u00e8 nata per offrire [&hellip;]","og_url":"https:\/\/www.bellunopress.it\/fr\/2009\/09\/10\/i-ragazzi-di-estate-partecipando-2009\u201d-incontrano-lassessore-da-rin\/","og_site_name":"Bellunopress - Dolomiti","article_publisher":"https:\/\/www.facebook.com\/profile.php?id=100008943462799","article_published_time":"2009-09-10T18:19:06+00:00","og_image":[{"url":"http:\/\/www.bellunopress.it\/wp-content\/uploads\/2012\/07\/logo-bellunopress-250x250-2012.jpg","type":"","width":"","height":""}],"author":"redazione","twitter_card":"summary_large_image","twitter_creator":"@bellunopress","twitter_site":"@bellunopress","twitter_misc":{"\u00c9crit par":"redazione","Dur\u00e9e de lecture estim\u00e9e":"2 minutes"},"schema":{"@context":"https:\/\/schema.org","@graph":[{"@type":"Article","@id":"https:\/\/www.bellunopress.it\/2009\/09\/10\/i-ragazzi-di-estate-partecipando-2009%e2%80%9d-incontrano-lassessore-da-rin\/#article","isPartOf":{"@id":"https:\/\/www.bellunopress.it\/2009\/09\/10\/i-ragazzi-di-estate-partecipando-2009%e2%80%9d-incontrano-lassessore-da-rin\/"},"author":{"name":"redazione","@id":"https:\/\/www.bellunopress.it\/#\/schema\/person\/79bb06722b37ece1c03d3e94beb30d73"},"headline":"I ragazzi di &#8220;Estate partecipando 2009\u201d incontrano l&#8217;assessore Da Rin","datePublished":"2009-09-10T18:19:06+00:00","mainEntityOfPage":{"@id":"https:\/\/www.bellunopress.it\/2009\/09\/10\/i-ragazzi-di-estate-partecipando-2009%e2%80%9d-incontrano-lassessore-da-rin\/"},"wordCount":478,"publisher":{"@id":"https:\/\/www.bellunopress.it\/#organization"},"keywords":["Belluno"],"articleSection":["Prima Pagina","Scuola"],"inLanguage":"fr-FR"},{"@type":"WebPage","@id":"https:\/\/www.bellunopress.it\/2009\/09\/10\/i-ragazzi-di-estate-partecipando-2009%e2%80%9d-incontrano-lassessore-da-rin\/","url":"https:\/\/www.bellunopress.it\/2009\/09\/10\/i-ragazzi-di-estate-partecipando-2009%e2%80%9d-incontrano-lassessore-da-rin\/","name":"I ragazzi di \"Estate partecipando 2009\u201d incontrano l'assessore Da Rin - Bellunopress - Dolomiti","isPartOf":{"@id":"https:\/\/www.bellunopress.it\/#website"},"datePublished":"2009-09-10T18:19:06+00:00","breadcrumb":{"@id":"https:\/\/www.bellunopress.it\/2009\/09\/10\/i-ragazzi-di-estate-partecipando-2009%e2%80%9d-incontrano-lassessore-da-rin\/#breadcrumb"},"inLanguage":"fr-FR","potentialAction":[{"@type":"ReadAction","target":["https:\/\/www.bellunopress.it\/2009\/09\/10\/i-ragazzi-di-estate-partecipando-2009%e2%80%9d-incontrano-lassessore-da-rin\/"]}]},{"@type":"BreadcrumbList","@id":"https:\/\/www.bellunopress.it\/2009\/09\/10\/i-ragazzi-di-estate-partecipando-2009%e2%80%9d-incontrano-lassessore-da-rin\/#breadcrumb","itemListElement":[{"@type":"ListItem","position":1,"name":"Home","item":"https:\/\/www.bellunopress.it\/"},{"@type":"ListItem","position":2,"name":"I ragazzi di &#8220;Estate partecipando 2009\u201d incontrano l&#8217;assessore Da Rin"}]},{"@type":"WebSite","@id":"https:\/\/www.bellunopress.it\/#website","url":"https:\/\/www.bellunopress.it\/","name":"Bellunopress - Dolomiti","description":"e-mail: redazione@bellunopress.it","publisher":{"@id":"https:\/\/www.bellunopress.it\/#organization"},"potentialAction":[{"@type":"SearchAction","target":{"@type":"EntryPoint","urlTemplate":"https:\/\/www.bellunopress.it\/?s={search_term_string}"},"query-input":{"@type":"PropertyValueSpecification","valueRequired":true,"valueName":"search_term_string"}}],"inLanguage":"fr-FR"},{"@type":"Organization","@id":"https:\/\/www.bellunopress.it\/#organization","name":"Bellunopress","url":"https:\/\/www.bellunopress.it\/","logo":{"@type":"ImageObject","inLanguage":"fr-FR","@id":"https:\/\/www.bellunopress.it\/#\/schema\/logo\/image\/","url":"https:\/\/www.bellunopress.it\/wp-content\/uploads\/2011\/05\/cropped-logo-bellunopress-.jpg","contentUrl":"https:\/\/www.bellunopress.it\/wp-content\/uploads\/2011\/05\/cropped-logo-bellunopress-.jpg","width":512,"height":512,"caption":"Bellunopress"},"image":{"@id":"https:\/\/www.bellunopress.it\/#\/schema\/logo\/image\/"},"sameAs":["https:\/\/www.facebook.com\/profile.php?id=100008943462799","https:\/\/x.com\/bellunopress","https:\/\/www.linkedin.com\/hp\/?dnr=JBzUWaJfMUw8vbXJJ2tVW5-I3jZKvC4wsoxE&amp;amp;amp;amp;amp;amp;trk=nav_responsive_tab_home","https:\/\/www.youtube.com\/channel\/UCxL0wu1uN0_3_7hGG0306cw"]},{"@type":"Person","@id":"https:\/\/www.bellunopress.it\/#\/schema\/person\/79bb06722b37ece1c03d3e94beb30d73","name":"r\u00e9daction","image":{"@type":"ImageObject","inLanguage":"fr-FR","@id":"https:\/\/secure.gravatar.com\/avatar\/37d968a2e67a6fd04c169c4bdef102d0bc5d31b2546345219e348575eb80e9a0?s=96&d=mm&r=g","url":"https:\/\/secure.gravatar.com\/avatar\/37d968a2e67a6fd04c169c4bdef102d0bc5d31b2546345219e348575eb80e9a0?s=96&d=mm&r=g","contentUrl":"https:\/\/secure.gravatar.com\/avatar\/37d968a2e67a6fd04c169c4bdef102d0bc5d31b2546345219e348575eb80e9a0?s=96&d=mm&r=g","caption":"redazione"},"sameAs":["http:\/\/www.bellunopress.it","https:\/\/x.com\/bellunopress"],"url":"https:\/\/www.bellunopress.it\/fr\/author\/redazione\/"}]}},"_links":{"self":[{"href":"https:\/\/www.bellunopress.it\/fr\/wp-json\/wp\/v2\/posts\/7944","targetHints":{"allow":["GET"]}}],"collection":[{"href":"https:\/\/www.bellunopress.it\/fr\/wp-json\/wp\/v2\/posts"}],"about":[{"href":"https:\/\/www.bellunopress.it\/fr\/wp-json\/wp\/v2\/types\/post"}],"author":[{"embeddable":true,"href":"https:\/\/www.bellunopress.it\/fr\/wp-json\/wp\/v2\/users\/2"}],"replies":[{"embeddable":true,"href":"https:\/\/www.bellunopress.it\/fr\/wp-json\/wp\/v2\/comments?post=7944"}],"version-history":[{"count":1,"href":"https:\/\/www.bellunopress.it\/fr\/wp-json\/wp\/v2\/posts\/7944\/revisions"}],"predecessor-version":[{"id":7945,"href":"https:\/\/www.bellunopress.it\/fr\/wp-json\/wp\/v2\/posts\/7944\/revisions\/7945"}],"wp:attachment":[{"href":"https:\/\/www.bellunopress.it\/fr\/wp-json\/wp\/v2\/media?parent=7944"}],"wp:term":[{"taxonomy":"category","embeddable":true,"href":"https:\/\/www.bellunopress.it\/fr\/wp-json\/wp\/v2\/categories?post=7944"},{"taxonomy":"post_tag","embeddable":true,"href":"https:\/\/www.bellunopress.it\/fr\/wp-json\/wp\/v2\/tags?post=7944"}],"curies":[{"name":"wp","href":"https:\/\/api.w.org\/{rel}","templated":true}]}}