{"id":7939,"date":"2009-09-10T17:32:27","date_gmt":"2009-09-10T16:32:27","guid":{"rendered":"http:\/\/www.bellunopress.it\/?p=7939"},"modified":"2009-09-10T17:32:27","modified_gmt":"2009-09-10T16:32:27","slug":"secondo-vaccari-il-pd-vota-contro-laltanon-per-pura-gelosia","status":"publish","type":"post","link":"https:\/\/www.bellunopress.it\/fr\/2009\/09\/10\/secondo-vaccari-il-pd-vota-contro-laltanon-per-pura-gelosia\/","title":{"rendered":"Secondo Vaccari il Pd vota contro l&#8217;Altanon per pura gelosia"},"content":{"rendered":"<p>&#8220;Il PD vuole fortissimamente l&#8217;Altanon ma ha solo paura di dirlo (per gelosia)&#8221;. E&#8217; quanto sostiene il primo cittadino di Feltre Gianvittore Vaccari in una nota. &#8220;A prima vista pare assolutamente incomprensibile e strano che il PD, dopo aver speso circa un miliardo delle vecchie lire per il nuovo PAT con inserito il nuovo Altanon, dopo aver approvato il progetto Chipperfield come nuovo Altanon, voti contro le proprie creature.<br \/>\nUnica spiegazione \u00e8 la gelosia: volevano portare loro questo Piano degli Interventi in Consiglio e non essendoci riusciti hanno un emotivo atteggiamento di rifiuto. Tutto ci\u00f2 \u00e8 confermato dal fatto &#8211; prosegue il senatore Vaccari &#8211;\u00a0 che mai in questi due anni si sono presentati al Sindaco per esprimere la loro contrariet\u00e0, per presentare un progetto diverso. La riprova\u00a0 \u00e8 che non affrontano qui nel Comune direttamente<br \/>\nl&#8217;argomento, ma decidono di andare in Regione, solo per confondere ed avere una foglia di fico, o scelgono di lanciare volutamente vuoti proclami. La verit\u00e0 chiara e serena \u00e8 che il PD vuole fortissimamente l&#8217;Altanon ma ha solo paura di dirlo&#8221;.<\/p>","protected":false},"excerpt":{"rendered":"<p>&#8220;Il PD vuole fortissimamente l&#8217;Altanon ma ha solo paura di dirlo (per gelosia)&#8221;. E&#8217; quanto sostiene il primo cittadino di Feltre Gianvittore Vaccari in una nota. &#8220;A prima vista pare assolutamente incomprensibile e strano che il PD, dopo aver speso circa un miliardo delle vecchie lire per il nuovo PAT con inserito il nuovo Altanon, [&hellip;]<\/p>\n","protected":false},"author":2,"featured_media":0,"comment_status":"closed","ping_status":"open","sticky":false,"template":"","format":"standard","meta":{"footnotes":""},"categories":[5,26],"tags":[302],"class_list":["post-7939","post","type-post","status-publish","format-standard","category-cronaca","category-prima-pagina","tag-feltre"],"yoast_head":"<!-- This site is optimized with the Yoast SEO plugin v28.4 - https:\/\/yoast.com\/product\/yoast-seo-wordpress\/ -->\n<title>Secondo Vaccari il Pd vota contro l&#039;Altanon per pura gelosia - Bellunopress - Dolomiti<\/title>\n<meta name=\"robots\" content=\"index, follow, max-snippet:-1, max-image-preview:large, max-video-preview:-1\" \/>\n<link rel=\"canonical\" href=\"https:\/\/www.bellunopress.it\/fr\/2009\/09\/10\/secondo-vaccari-il-pd-vota-contro-laltanon-per-pura-gelosia\/\" \/>\n<meta property=\"og:locale\" content=\"fr_FR\" \/>\n<meta property=\"og:type\" content=\"article\" \/>\n<meta property=\"og:title\" content=\"Secondo Vaccari il Pd vota contro l&#039;Altanon per pura gelosia - Bellunopress - Dolomiti\" \/>\n<meta property=\"og:description\" content=\"&#8220;Il PD vuole fortissimamente l&#8217;Altanon ma ha solo paura di dirlo (per gelosia)&#8221;. E&#8217; quanto sostiene il primo cittadino di Feltre Gianvittore Vaccari in una nota. &#8220;A prima vista pare assolutamente incomprensibile e strano che il PD, dopo aver speso circa un miliardo delle vecchie lire per il nuovo PAT con inserito il nuovo Altanon, [&hellip;]\" \/>\n<meta property=\"og:url\" content=\"https:\/\/www.bellunopress.it\/fr\/2009\/09\/10\/secondo-vaccari-il-pd-vota-contro-laltanon-per-pura-gelosia\/\" \/>\n<meta property=\"og:site_name\" content=\"Bellunopress - Dolomiti\" \/>\n<meta property=\"article:publisher\" content=\"https:\/\/www.facebook.com\/profile.php?id=100008943462799\" \/>\n<meta property=\"article:published_time\" content=\"2009-09-10T16:32:27+00:00\" \/>\n<meta property=\"og:image\" content=\"http:\/\/www.bellunopress.it\/wp-content\/uploads\/2012\/07\/logo-bellunopress-250x250-2012.jpg\" \/>\n<meta name=\"author\" content=\"redazione\" \/>\n<meta name=\"twitter:card\" content=\"summary_large_image\" \/>\n<meta name=\"twitter:creator\" content=\"@bellunopress\" \/>\n<meta name=\"twitter:site\" content=\"@bellunopress\" \/>\n<meta name=\"twitter:label1\" content=\"\u00c9crit par\" \/>\n\t<meta name=\"twitter:data1\" content=\"redazione\" \/>\n\t<meta name=\"twitter:label2\" content=\"Dur\u00e9e de lecture estim\u00e9e\" \/>\n\t<meta name=\"twitter:data2\" content=\"1 minute\" \/>\n<script type=\"application\/ld+json\" class=\"yoast-schema-graph\">{\"@context\":\"https:\\\/\\\/schema.org\",\"@graph\":[{\"@type\":\"Article\",\"@id\":\"https:\\\/\\\/www.bellunopress.it\\\/2009\\\/09\\\/10\\\/secondo-vaccari-il-pd-vota-contro-laltanon-per-pura-gelosia\\\/#article\",\"isPartOf\":{\"@id\":\"https:\\\/\\\/www.bellunopress.it\\\/2009\\\/09\\\/10\\\/secondo-vaccari-il-pd-vota-contro-laltanon-per-pura-gelosia\\\/\"},\"author\":{\"name\":\"redazione\",\"@id\":\"https:\\\/\\\/www.bellunopress.it\\\/#\\\/schema\\\/person\\\/79bb06722b37ece1c03d3e94beb30d73\"},\"headline\":\"Secondo Vaccari il Pd vota contro l&#8217;Altanon per pura gelosia\",\"datePublished\":\"2009-09-10T16:32:27+00:00\",\"mainEntityOfPage\":{\"@id\":\"https:\\\/\\\/www.bellunopress.it\\\/2009\\\/09\\\/10\\\/secondo-vaccari-il-pd-vota-contro-laltanon-per-pura-gelosia\\\/\"},\"wordCount\":187,\"publisher\":{\"@id\":\"https:\\\/\\\/www.bellunopress.it\\\/#organization\"},\"keywords\":[\"Feltre\"],\"articleSection\":[\"Cronaca\\\/Politica\",\"Prima Pagina\"],\"inLanguage\":\"fr-FR\"},{\"@type\":\"WebPage\",\"@id\":\"https:\\\/\\\/www.bellunopress.it\\\/2009\\\/09\\\/10\\\/secondo-vaccari-il-pd-vota-contro-laltanon-per-pura-gelosia\\\/\",\"url\":\"https:\\\/\\\/www.bellunopress.it\\\/2009\\\/09\\\/10\\\/secondo-vaccari-il-pd-vota-contro-laltanon-per-pura-gelosia\\\/\",\"name\":\"Secondo Vaccari il Pd vota contro l'Altanon per pura gelosia - Bellunopress - Dolomiti\",\"isPartOf\":{\"@id\":\"https:\\\/\\\/www.bellunopress.it\\\/#website\"},\"datePublished\":\"2009-09-10T16:32:27+00:00\",\"breadcrumb\":{\"@id\":\"https:\\\/\\\/www.bellunopress.it\\\/2009\\\/09\\\/10\\\/secondo-vaccari-il-pd-vota-contro-laltanon-per-pura-gelosia\\\/#breadcrumb\"},\"inLanguage\":\"fr-FR\",\"potentialAction\":[{\"@type\":\"ReadAction\",\"target\":[\"https:\\\/\\\/www.bellunopress.it\\\/2009\\\/09\\\/10\\\/secondo-vaccari-il-pd-vota-contro-laltanon-per-pura-gelosia\\\/\"]}]},{\"@type\":\"BreadcrumbList\",\"@id\":\"https:\\\/\\\/www.bellunopress.it\\\/2009\\\/09\\\/10\\\/secondo-vaccari-il-pd-vota-contro-laltanon-per-pura-gelosia\\\/#breadcrumb\",\"itemListElement\":[{\"@type\":\"ListItem\",\"position\":1,\"name\":\"Home\",\"item\":\"https:\\\/\\\/www.bellunopress.it\\\/\"},{\"@type\":\"ListItem\",\"position\":2,\"name\":\"Secondo Vaccari il Pd vota contro l&#8217;Altanon per pura gelosia\"}]},{\"@type\":\"WebSite\",\"@id\":\"https:\\\/\\\/www.bellunopress.it\\\/#website\",\"url\":\"https:\\\/\\\/www.bellunopress.it\\\/\",\"name\":\"Bellunopress - Dolomiti\",\"description\":\"e-mail: redazione@bellunopress.it\",\"publisher\":{\"@id\":\"https:\\\/\\\/www.bellunopress.it\\\/#organization\"},\"potentialAction\":[{\"@type\":\"SearchAction\",\"target\":{\"@type\":\"EntryPoint\",\"urlTemplate\":\"https:\\\/\\\/www.bellunopress.it\\\/?s={search_term_string}\"},\"query-input\":{\"@type\":\"PropertyValueSpecification\",\"valueRequired\":true,\"valueName\":\"search_term_string\"}}],\"inLanguage\":\"fr-FR\"},{\"@type\":\"Organization\",\"@id\":\"https:\\\/\\\/www.bellunopress.it\\\/#organization\",\"name\":\"Bellunopress\",\"url\":\"https:\\\/\\\/www.bellunopress.it\\\/\",\"logo\":{\"@type\":\"ImageObject\",\"inLanguage\":\"fr-FR\",\"@id\":\"https:\\\/\\\/www.bellunopress.it\\\/#\\\/schema\\\/logo\\\/image\\\/\",\"url\":\"https:\\\/\\\/www.bellunopress.it\\\/wp-content\\\/uploads\\\/2011\\\/05\\\/cropped-logo-bellunopress-.jpg\",\"contentUrl\":\"https:\\\/\\\/www.bellunopress.it\\\/wp-content\\\/uploads\\\/2011\\\/05\\\/cropped-logo-bellunopress-.jpg\",\"width\":512,\"height\":512,\"caption\":\"Bellunopress\"},\"image\":{\"@id\":\"https:\\\/\\\/www.bellunopress.it\\\/#\\\/schema\\\/logo\\\/image\\\/\"},\"sameAs\":[\"https:\\\/\\\/www.facebook.com\\\/profile.php?id=100008943462799\",\"https:\\\/\\\/x.com\\\/bellunopress\",\"https:\\\/\\\/www.linkedin.com\\\/hp\\\/?dnr=JBzUWaJfMUw8vbXJJ2tVW5-I3jZKvC4wsoxE&amp;amp;amp;amp;amp;amp;trk=nav_responsive_tab_home\",\"https:\\\/\\\/www.youtube.com\\\/channel\\\/UCxL0wu1uN0_3_7hGG0306cw\"]},{\"@type\":\"Person\",\"@id\":\"https:\\\/\\\/www.bellunopress.it\\\/#\\\/schema\\\/person\\\/79bb06722b37ece1c03d3e94beb30d73\",\"name\":\"redazione\",\"image\":{\"@type\":\"ImageObject\",\"inLanguage\":\"fr-FR\",\"@id\":\"https:\\\/\\\/secure.gravatar.com\\\/avatar\\\/37d968a2e67a6fd04c169c4bdef102d0bc5d31b2546345219e348575eb80e9a0?s=96&d=mm&r=g\",\"url\":\"https:\\\/\\\/secure.gravatar.com\\\/avatar\\\/37d968a2e67a6fd04c169c4bdef102d0bc5d31b2546345219e348575eb80e9a0?s=96&d=mm&r=g\",\"contentUrl\":\"https:\\\/\\\/secure.gravatar.com\\\/avatar\\\/37d968a2e67a6fd04c169c4bdef102d0bc5d31b2546345219e348575eb80e9a0?s=96&d=mm&r=g\",\"caption\":\"redazione\"},\"sameAs\":[\"http:\\\/\\\/www.bellunopress.it\",\"https:\\\/\\\/x.com\\\/bellunopress\"],\"url\":\"https:\\\/\\\/www.bellunopress.it\\\/fr\\\/author\\\/redazione\\\/\"}]}<\/script>\n<!-- \/ Yoast SEO plugin. -->","yoast_head_json":{"title":"Secondo Vaccari il Pd vota contro l'Altanon per pura gelosia - Bellunopress - Dolomiti","robots":{"index":"index","follow":"follow","max-snippet":"max-snippet:-1","max-image-preview":"max-image-preview:large","max-video-preview":"max-video-preview:-1"},"canonical":"https:\/\/www.bellunopress.it\/fr\/2009\/09\/10\/secondo-vaccari-il-pd-vota-contro-laltanon-per-pura-gelosia\/","og_locale":"fr_FR","og_type":"article","og_title":"Secondo Vaccari il Pd vota contro l'Altanon per pura gelosia - Bellunopress - Dolomiti","og_description":"&#8220;Il PD vuole fortissimamente l&#8217;Altanon ma ha solo paura di dirlo (per gelosia)&#8221;. E&#8217; quanto sostiene il primo cittadino di Feltre Gianvittore Vaccari in una nota. &#8220;A prima vista pare assolutamente incomprensibile e strano che il PD, dopo aver speso circa un miliardo delle vecchie lire per il nuovo PAT con inserito il nuovo Altanon, [&hellip;]","og_url":"https:\/\/www.bellunopress.it\/fr\/2009\/09\/10\/secondo-vaccari-il-pd-vota-contro-laltanon-per-pura-gelosia\/","og_site_name":"Bellunopress - Dolomiti","article_publisher":"https:\/\/www.facebook.com\/profile.php?id=100008943462799","article_published_time":"2009-09-10T16:32:27+00:00","og_image":[{"url":"http:\/\/www.bellunopress.it\/wp-content\/uploads\/2012\/07\/logo-bellunopress-250x250-2012.jpg","type":"","width":"","height":""}],"author":"redazione","twitter_card":"summary_large_image","twitter_creator":"@bellunopress","twitter_site":"@bellunopress","twitter_misc":{"\u00c9crit par":"redazione","Dur\u00e9e de lecture estim\u00e9e":"1 minute"},"schema":{"@context":"https:\/\/schema.org","@graph":[{"@type":"Article","@id":"https:\/\/www.bellunopress.it\/2009\/09\/10\/secondo-vaccari-il-pd-vota-contro-laltanon-per-pura-gelosia\/#article","isPartOf":{"@id":"https:\/\/www.bellunopress.it\/2009\/09\/10\/secondo-vaccari-il-pd-vota-contro-laltanon-per-pura-gelosia\/"},"author":{"name":"redazione","@id":"https:\/\/www.bellunopress.it\/#\/schema\/person\/79bb06722b37ece1c03d3e94beb30d73"},"headline":"Secondo Vaccari il Pd vota contro l&#8217;Altanon per pura gelosia","datePublished":"2009-09-10T16:32:27+00:00","mainEntityOfPage":{"@id":"https:\/\/www.bellunopress.it\/2009\/09\/10\/secondo-vaccari-il-pd-vota-contro-laltanon-per-pura-gelosia\/"},"wordCount":187,"publisher":{"@id":"https:\/\/www.bellunopress.it\/#organization"},"keywords":["Feltre"],"articleSection":["Cronaca\/Politica","Prima Pagina"],"inLanguage":"fr-FR"},{"@type":"WebPage","@id":"https:\/\/www.bellunopress.it\/2009\/09\/10\/secondo-vaccari-il-pd-vota-contro-laltanon-per-pura-gelosia\/","url":"https:\/\/www.bellunopress.it\/2009\/09\/10\/secondo-vaccari-il-pd-vota-contro-laltanon-per-pura-gelosia\/","name":"Secondo Vaccari il Pd vota contro l'Altanon per pura gelosia - Bellunopress - Dolomiti","isPartOf":{"@id":"https:\/\/www.bellunopress.it\/#website"},"datePublished":"2009-09-10T16:32:27+00:00","breadcrumb":{"@id":"https:\/\/www.bellunopress.it\/2009\/09\/10\/secondo-vaccari-il-pd-vota-contro-laltanon-per-pura-gelosia\/#breadcrumb"},"inLanguage":"fr-FR","potentialAction":[{"@type":"ReadAction","target":["https:\/\/www.bellunopress.it\/2009\/09\/10\/secondo-vaccari-il-pd-vota-contro-laltanon-per-pura-gelosia\/"]}]},{"@type":"BreadcrumbList","@id":"https:\/\/www.bellunopress.it\/2009\/09\/10\/secondo-vaccari-il-pd-vota-contro-laltanon-per-pura-gelosia\/#breadcrumb","itemListElement":[{"@type":"ListItem","position":1,"name":"Home","item":"https:\/\/www.bellunopress.it\/"},{"@type":"ListItem","position":2,"name":"Secondo Vaccari il Pd vota contro l&#8217;Altanon per pura gelosia"}]},{"@type":"WebSite","@id":"https:\/\/www.bellunopress.it\/#website","url":"https:\/\/www.bellunopress.it\/","name":"Bellunopress - Dolomiti","description":"e-mail: redazione@bellunopress.it","publisher":{"@id":"https:\/\/www.bellunopress.it\/#organization"},"potentialAction":[{"@type":"SearchAction","target":{"@type":"EntryPoint","urlTemplate":"https:\/\/www.bellunopress.it\/?s={search_term_string}"},"query-input":{"@type":"PropertyValueSpecification","valueRequired":true,"valueName":"search_term_string"}}],"inLanguage":"fr-FR"},{"@type":"Organization","@id":"https:\/\/www.bellunopress.it\/#organization","name":"Bellunopress","url":"https:\/\/www.bellunopress.it\/","logo":{"@type":"ImageObject","inLanguage":"fr-FR","@id":"https:\/\/www.bellunopress.it\/#\/schema\/logo\/image\/","url":"https:\/\/www.bellunopress.it\/wp-content\/uploads\/2011\/05\/cropped-logo-bellunopress-.jpg","contentUrl":"https:\/\/www.bellunopress.it\/wp-content\/uploads\/2011\/05\/cropped-logo-bellunopress-.jpg","width":512,"height":512,"caption":"Bellunopress"},"image":{"@id":"https:\/\/www.bellunopress.it\/#\/schema\/logo\/image\/"},"sameAs":["https:\/\/www.facebook.com\/profile.php?id=100008943462799","https:\/\/x.com\/bellunopress","https:\/\/www.linkedin.com\/hp\/?dnr=JBzUWaJfMUw8vbXJJ2tVW5-I3jZKvC4wsoxE&amp;amp;amp;amp;amp;amp;trk=nav_responsive_tab_home","https:\/\/www.youtube.com\/channel\/UCxL0wu1uN0_3_7hGG0306cw"]},{"@type":"Person","@id":"https:\/\/www.bellunopress.it\/#\/schema\/person\/79bb06722b37ece1c03d3e94beb30d73","name":"r\u00e9daction","image":{"@type":"ImageObject","inLanguage":"fr-FR","@id":"https:\/\/secure.gravatar.com\/avatar\/37d968a2e67a6fd04c169c4bdef102d0bc5d31b2546345219e348575eb80e9a0?s=96&d=mm&r=g","url":"https:\/\/secure.gravatar.com\/avatar\/37d968a2e67a6fd04c169c4bdef102d0bc5d31b2546345219e348575eb80e9a0?s=96&d=mm&r=g","contentUrl":"https:\/\/secure.gravatar.com\/avatar\/37d968a2e67a6fd04c169c4bdef102d0bc5d31b2546345219e348575eb80e9a0?s=96&d=mm&r=g","caption":"redazione"},"sameAs":["http:\/\/www.bellunopress.it","https:\/\/x.com\/bellunopress"],"url":"https:\/\/www.bellunopress.it\/fr\/author\/redazione\/"}]}},"_links":{"self":[{"href":"https:\/\/www.bellunopress.it\/fr\/wp-json\/wp\/v2\/posts\/7939","targetHints":{"allow":["GET"]}}],"collection":[{"href":"https:\/\/www.bellunopress.it\/fr\/wp-json\/wp\/v2\/posts"}],"about":[{"href":"https:\/\/www.bellunopress.it\/fr\/wp-json\/wp\/v2\/types\/post"}],"author":[{"embeddable":true,"href":"https:\/\/www.bellunopress.it\/fr\/wp-json\/wp\/v2\/users\/2"}],"replies":[{"embeddable":true,"href":"https:\/\/www.bellunopress.it\/fr\/wp-json\/wp\/v2\/comments?post=7939"}],"version-history":[{"count":1,"href":"https:\/\/www.bellunopress.it\/fr\/wp-json\/wp\/v2\/posts\/7939\/revisions"}],"predecessor-version":[{"id":7940,"href":"https:\/\/www.bellunopress.it\/fr\/wp-json\/wp\/v2\/posts\/7939\/revisions\/7940"}],"wp:attachment":[{"href":"https:\/\/www.bellunopress.it\/fr\/wp-json\/wp\/v2\/media?parent=7939"}],"wp:term":[{"taxonomy":"category","embeddable":true,"href":"https:\/\/www.bellunopress.it\/fr\/wp-json\/wp\/v2\/categories?post=7939"},{"taxonomy":"post_tag","embeddable":true,"href":"https:\/\/www.bellunopress.it\/fr\/wp-json\/wp\/v2\/tags?post=7939"}],"curies":[{"name":"wp","href":"https:\/\/api.w.org\/{rel}","templated":true}]}}