{"id":7935,"date":"2009-09-10T17:09:50","date_gmt":"2009-09-10T16:09:50","guid":{"rendered":"http:\/\/www.bellunopress.it\/?p=7935"},"modified":"2009-09-10T17:09:50","modified_gmt":"2009-09-10T16:09:50","slug":"debora-serracchiani-la-trionfatrice-delle-europee-grazie-alla-rete-chiama-a-raccolta-lelettorato-bellunese-a-sostegno-della-candidatura-di-dario-franceschini","status":"publish","type":"post","link":"https:\/\/www.bellunopress.it\/fr\/2009\/09\/10\/debora-serracchiani-la-trionfatrice-delle-europee-grazie-alla-rete-chiama-a-raccolta-lelettorato-bellunese-a-sostegno-della-candidatura-di-dario-franceschini\/","title":{"rendered":"Debora Serracchiani, la trionfatrice delle Europee grazie alla rete, chiama a raccolta l&#8217;elettorato bellunese a sostegno della candidatura di Dario Franceschini"},"content":{"rendered":"<p><a href=\"http:\/\/www.bellunopress.it\/wp-content\/uploads\/2009\/09\/deborah-serracchiani-006.jpg\"><img loading=\"lazy\" decoding=\"async\" class=\"alignleft size-medium wp-image-7937\" title=\"deborah-serracchiani-006\" src=\"http:\/\/www.bellunopress.it\/wp-content\/uploads\/2009\/09\/deborah-serracchiani-006.jpg\" alt=\"\" width=\"280\" height=\"187\" \/><\/a>Debora Serracchiani, deputato europeo del Pd eletta con oltre 144mila preferenze (pi\u00f9 di Bossi e Berlusconi) \u00e8 stata questa mattina in Citt\u00e0 per la presentazione del Comitato provinciale di Belluno dei \u201cSemplicemente Democratici\u201d a sostegno della candidatura di Dario Franceschini alla segreteria nazionale del Pd. \u00abQuesta lista \u00e8 nata da un appello nazionale fatto tramite la rete, che gi\u00e0 dai primi giorni ha dato un migliaio di adesioni. Abbiamo quindi costituito i comitati, ma senza nessuna contrapposizione con le altre componenti del Pd. I nostri contenuti sono l&#8217;etica, politica, la legalit\u00e0, la questione morale, l&#8217;istruzione, la scuola, la crisi economica e la montagna abitata intesa come ricchezza da valorizzare ed esportare in Europa. Attraverso questa lista, che sostiene Dario Franceschini per la candidatura della segreteria nazionale e Andrea Causin per la segreteria regionale del Veneto, abbiamo l&#8217;ambizione di allargare l&#8217;elettorato dialogando con la gente. Parlare, ad esempio del contratto unico a tempo indeterminato, dal momento che il precariato in Italia non ha funzionato, perch\u00e9 dura troppo a lungo e non c&#8217;\u00e8 un dialogo equilibrato tra domanda ed offerta. Bisogna trovare un punto d&#8217;incontro tra vecchio e nuovo, non vogliamo buttare via tutto ci\u00f2 che viene dal passato. Il Pd \u00e8 fatto di persone di sinistra e non che devono dialogare tra loro. Ci sono io e la Binetti, Rutelli. Ci sono idee di partito simili ed etiche diverse. Il partito, dunque, dovr\u00e0 assumersi la responsabilit\u00e0 di decidere anche su temi etici, come ha detto Franceschini. E non come \u00e8 avvenuto qualche tempo fa con il testamento biologico, quando i senatori del Pd hanno deciso di non votare! Chiunque sar\u00e0 il nuovo segretario, avr\u00e0 la legittimazione del congresso e dell&#8217;elettorato delle primarie\u00bb. Sulle possibili \u201calleanze a prescindere\u201d con l&#8217;Udc, Debora Serracchiani \u00e8 stata molto cauta \u00abCi sono vari Udc in Italia, fare l&#8217;accordo con l&#8217;Udc in Sicilia, ad esempio, significa allearsi con Cuffaro&#8230;\u00bb. Per chi vuole mettersi in contatto con il comitato provinciale di Belluno dei \u201cSemplicemente democratici\u201d e-mail: <a href=\"mailto:belluno@semplicementedemocratici.it\">belluno@semplicementedemocratici.it<\/a>\u00a0\u00a0\u00a0 sito: <a href=\"http:\/\/www.semplicementedemocratici.it\">www.semplicementedemocratici.it<\/a> anche su Facebook: semplicemente democratici Belluno<\/p>","protected":false},"excerpt":{"rendered":"<p>Debora Serracchiani, deputato europeo del Pd eletta con oltre 144mila preferenze (pi\u00f9 di Bossi e Berlusconi) \u00e8 stata questa mattina in Citt\u00e0 per la presentazione del Comitato provinciale di Belluno dei \u201cSemplicemente Democratici\u201d a sostegno della candidatura di Dario Franceschini alla segreteria nazionale del Pd. \u00abQuesta lista \u00e8 nata da un appello nazionale fatto tramite [&hellip;]<\/p>\n","protected":false},"author":2,"featured_media":0,"comment_status":"closed","ping_status":"open","sticky":false,"template":"","format":"standard","meta":{"footnotes":""},"categories":[5],"tags":[139],"class_list":["post-7935","post","type-post","status-publish","format-standard","category-cronaca","tag-belluno"],"yoast_head":"<!-- This site is optimized with the Yoast SEO plugin v28.4 - https:\/\/yoast.com\/product\/yoast-seo-wordpress\/ -->\n<title>Debora Serracchiani, la trionfatrice delle Europee grazie alla rete, chiama a raccolta l&#039;elettorato bellunese a sostegno della candidatura di Dario Franceschini  - Bellunopress - Dolomiti<\/title>\n<meta name=\"robots\" content=\"index, follow, max-snippet:-1, max-image-preview:large, max-video-preview:-1\" \/>\n<link rel=\"canonical\" href=\"https:\/\/www.bellunopress.it\/fr\/2009\/09\/10\/debora-serracchiani-la-trionfatrice-delle-europee-grazie-alla-rete-chiama-a-raccolta-lelettorato-bellunese-a-sostegno-della-candidatura-di-dario-franceschini\/\" \/>\n<meta property=\"og:locale\" content=\"fr_FR\" \/>\n<meta property=\"og:type\" content=\"article\" \/>\n<meta property=\"og:title\" content=\"Debora Serracchiani, la trionfatrice delle Europee grazie alla rete, chiama a raccolta l&#039;elettorato bellunese a sostegno della candidatura di Dario Franceschini  - Bellunopress - Dolomiti\" \/>\n<meta property=\"og:description\" content=\"Debora Serracchiani, deputato europeo del Pd eletta con oltre 144mila preferenze (pi\u00f9 di Bossi e Berlusconi) \u00e8 stata questa mattina in Citt\u00e0 per la presentazione del Comitato provinciale di Belluno dei \u201cSemplicemente Democratici\u201d a sostegno della candidatura di Dario Franceschini alla segreteria nazionale del Pd. \u00abQuesta lista \u00e8 nata da un appello nazionale fatto tramite [&hellip;]\" \/>\n<meta property=\"og:url\" content=\"https:\/\/www.bellunopress.it\/fr\/2009\/09\/10\/debora-serracchiani-la-trionfatrice-delle-europee-grazie-alla-rete-chiama-a-raccolta-lelettorato-bellunese-a-sostegno-della-candidatura-di-dario-franceschini\/\" \/>\n<meta property=\"og:site_name\" content=\"Bellunopress - Dolomiti\" \/>\n<meta property=\"article:publisher\" content=\"https:\/\/www.facebook.com\/profile.php?id=100008943462799\" \/>\n<meta property=\"article:published_time\" content=\"2009-09-10T16:09:50+00:00\" \/>\n<meta property=\"og:image\" content=\"http:\/\/www.bellunopress.it\/wp-content\/uploads\/2009\/09\/deborah-serracchiani-006.jpg\" \/>\n<meta name=\"author\" content=\"redazione\" \/>\n<meta name=\"twitter:card\" content=\"summary_large_image\" \/>\n<meta name=\"twitter:creator\" content=\"@bellunopress\" \/>\n<meta name=\"twitter:site\" content=\"@bellunopress\" \/>\n<meta name=\"twitter:label1\" content=\"\u00c9crit par\" \/>\n\t<meta name=\"twitter:data1\" content=\"redazione\" \/>\n\t<meta name=\"twitter:label2\" content=\"Dur\u00e9e de lecture estim\u00e9e\" \/>\n\t<meta name=\"twitter:data2\" content=\"2 minutes\" \/>\n<script type=\"application\/ld+json\" class=\"yoast-schema-graph\">{\"@context\":\"https:\\\/\\\/schema.org\",\"@graph\":[{\"@type\":\"Article\",\"@id\":\"https:\\\/\\\/www.bellunopress.it\\\/2009\\\/09\\\/10\\\/debora-serracchiani-la-trionfatrice-delle-europee-grazie-alla-rete-chiama-a-raccolta-lelettorato-bellunese-a-sostegno-della-candidatura-di-dario-franceschini\\\/#article\",\"isPartOf\":{\"@id\":\"https:\\\/\\\/www.bellunopress.it\\\/2009\\\/09\\\/10\\\/debora-serracchiani-la-trionfatrice-delle-europee-grazie-alla-rete-chiama-a-raccolta-lelettorato-bellunese-a-sostegno-della-candidatura-di-dario-franceschini\\\/\"},\"author\":{\"name\":\"redazione\",\"@id\":\"https:\\\/\\\/www.bellunopress.it\\\/#\\\/schema\\\/person\\\/79bb06722b37ece1c03d3e94beb30d73\"},\"headline\":\"Debora Serracchiani, la trionfatrice delle Europee grazie alla rete, chiama a raccolta l&#8217;elettorato bellunese a sostegno della candidatura di Dario Franceschini\",\"datePublished\":\"2009-09-10T16:09:50+00:00\",\"mainEntityOfPage\":{\"@id\":\"https:\\\/\\\/www.bellunopress.it\\\/2009\\\/09\\\/10\\\/debora-serracchiani-la-trionfatrice-delle-europee-grazie-alla-rete-chiama-a-raccolta-lelettorato-bellunese-a-sostegno-della-candidatura-di-dario-franceschini\\\/\"},\"wordCount\":367,\"publisher\":{\"@id\":\"https:\\\/\\\/www.bellunopress.it\\\/#organization\"},\"image\":{\"@id\":\"https:\\\/\\\/www.bellunopress.it\\\/2009\\\/09\\\/10\\\/debora-serracchiani-la-trionfatrice-delle-europee-grazie-alla-rete-chiama-a-raccolta-lelettorato-bellunese-a-sostegno-della-candidatura-di-dario-franceschini\\\/#primaryimage\"},\"thumbnailUrl\":\"http:\\\/\\\/www.bellunopress.it\\\/wp-content\\\/uploads\\\/2009\\\/09\\\/deborah-serracchiani-006.jpg\",\"keywords\":[\"Belluno\"],\"articleSection\":[\"Cronaca\\\/Politica\"],\"inLanguage\":\"fr-FR\"},{\"@type\":\"WebPage\",\"@id\":\"https:\\\/\\\/www.bellunopress.it\\\/2009\\\/09\\\/10\\\/debora-serracchiani-la-trionfatrice-delle-europee-grazie-alla-rete-chiama-a-raccolta-lelettorato-bellunese-a-sostegno-della-candidatura-di-dario-franceschini\\\/\",\"url\":\"https:\\\/\\\/www.bellunopress.it\\\/2009\\\/09\\\/10\\\/debora-serracchiani-la-trionfatrice-delle-europee-grazie-alla-rete-chiama-a-raccolta-lelettorato-bellunese-a-sostegno-della-candidatura-di-dario-franceschini\\\/\",\"name\":\"Debora Serracchiani, la trionfatrice delle Europee grazie alla rete, chiama a raccolta l'elettorato bellunese a sostegno della candidatura di Dario Franceschini - Bellunopress - Dolomiti\",\"isPartOf\":{\"@id\":\"https:\\\/\\\/www.bellunopress.it\\\/#website\"},\"primaryImageOfPage\":{\"@id\":\"https:\\\/\\\/www.bellunopress.it\\\/2009\\\/09\\\/10\\\/debora-serracchiani-la-trionfatrice-delle-europee-grazie-alla-rete-chiama-a-raccolta-lelettorato-bellunese-a-sostegno-della-candidatura-di-dario-franceschini\\\/#primaryimage\"},\"image\":{\"@id\":\"https:\\\/\\\/www.bellunopress.it\\\/2009\\\/09\\\/10\\\/debora-serracchiani-la-trionfatrice-delle-europee-grazie-alla-rete-chiama-a-raccolta-lelettorato-bellunese-a-sostegno-della-candidatura-di-dario-franceschini\\\/#primaryimage\"},\"thumbnailUrl\":\"http:\\\/\\\/www.bellunopress.it\\\/wp-content\\\/uploads\\\/2009\\\/09\\\/deborah-serracchiani-006.jpg\",\"datePublished\":\"2009-09-10T16:09:50+00:00\",\"breadcrumb\":{\"@id\":\"https:\\\/\\\/www.bellunopress.it\\\/2009\\\/09\\\/10\\\/debora-serracchiani-la-trionfatrice-delle-europee-grazie-alla-rete-chiama-a-raccolta-lelettorato-bellunese-a-sostegno-della-candidatura-di-dario-franceschini\\\/#breadcrumb\"},\"inLanguage\":\"fr-FR\",\"potentialAction\":[{\"@type\":\"ReadAction\",\"target\":[\"https:\\\/\\\/www.bellunopress.it\\\/2009\\\/09\\\/10\\\/debora-serracchiani-la-trionfatrice-delle-europee-grazie-alla-rete-chiama-a-raccolta-lelettorato-bellunese-a-sostegno-della-candidatura-di-dario-franceschini\\\/\"]}]},{\"@type\":\"ImageObject\",\"inLanguage\":\"fr-FR\",\"@id\":\"https:\\\/\\\/www.bellunopress.it\\\/2009\\\/09\\\/10\\\/debora-serracchiani-la-trionfatrice-delle-europee-grazie-alla-rete-chiama-a-raccolta-lelettorato-bellunese-a-sostegno-della-candidatura-di-dario-franceschini\\\/#primaryimage\",\"url\":\"http:\\\/\\\/www.bellunopress.it\\\/wp-content\\\/uploads\\\/2009\\\/09\\\/deborah-serracchiani-006.jpg\",\"contentUrl\":\"http:\\\/\\\/www.bellunopress.it\\\/wp-content\\\/uploads\\\/2009\\\/09\\\/deborah-serracchiani-006.jpg\"},{\"@type\":\"BreadcrumbList\",\"@id\":\"https:\\\/\\\/www.bellunopress.it\\\/2009\\\/09\\\/10\\\/debora-serracchiani-la-trionfatrice-delle-europee-grazie-alla-rete-chiama-a-raccolta-lelettorato-bellunese-a-sostegno-della-candidatura-di-dario-franceschini\\\/#breadcrumb\",\"itemListElement\":[{\"@type\":\"ListItem\",\"position\":1,\"name\":\"Home\",\"item\":\"https:\\\/\\\/www.bellunopress.it\\\/\"},{\"@type\":\"ListItem\",\"position\":2,\"name\":\"Debora Serracchiani, la trionfatrice delle Europee grazie alla rete, chiama a raccolta l&#8217;elettorato bellunese a sostegno della candidatura di Dario Franceschini\"}]},{\"@type\":\"WebSite\",\"@id\":\"https:\\\/\\\/www.bellunopress.it\\\/#website\",\"url\":\"https:\\\/\\\/www.bellunopress.it\\\/\",\"name\":\"Bellunopress - Dolomiti\",\"description\":\"e-mail: redazione@bellunopress.it\",\"publisher\":{\"@id\":\"https:\\\/\\\/www.bellunopress.it\\\/#organization\"},\"potentialAction\":[{\"@type\":\"SearchAction\",\"target\":{\"@type\":\"EntryPoint\",\"urlTemplate\":\"https:\\\/\\\/www.bellunopress.it\\\/?s={search_term_string}\"},\"query-input\":{\"@type\":\"PropertyValueSpecification\",\"valueRequired\":true,\"valueName\":\"search_term_string\"}}],\"inLanguage\":\"fr-FR\"},{\"@type\":\"Organization\",\"@id\":\"https:\\\/\\\/www.bellunopress.it\\\/#organization\",\"name\":\"Bellunopress\",\"url\":\"https:\\\/\\\/www.bellunopress.it\\\/\",\"logo\":{\"@type\":\"ImageObject\",\"inLanguage\":\"fr-FR\",\"@id\":\"https:\\\/\\\/www.bellunopress.it\\\/#\\\/schema\\\/logo\\\/image\\\/\",\"url\":\"https:\\\/\\\/www.bellunopress.it\\\/wp-content\\\/uploads\\\/2011\\\/05\\\/cropped-logo-bellunopress-.jpg\",\"contentUrl\":\"https:\\\/\\\/www.bellunopress.it\\\/wp-content\\\/uploads\\\/2011\\\/05\\\/cropped-logo-bellunopress-.jpg\",\"width\":512,\"height\":512,\"caption\":\"Bellunopress\"},\"image\":{\"@id\":\"https:\\\/\\\/www.bellunopress.it\\\/#\\\/schema\\\/logo\\\/image\\\/\"},\"sameAs\":[\"https:\\\/\\\/www.facebook.com\\\/profile.php?id=100008943462799\",\"https:\\\/\\\/x.com\\\/bellunopress\",\"https:\\\/\\\/www.linkedin.com\\\/hp\\\/?dnr=JBzUWaJfMUw8vbXJJ2tVW5-I3jZKvC4wsoxE&amp;amp;amp;amp;amp;amp;trk=nav_responsive_tab_home\",\"https:\\\/\\\/www.youtube.com\\\/channel\\\/UCxL0wu1uN0_3_7hGG0306cw\"]},{\"@type\":\"Person\",\"@id\":\"https:\\\/\\\/www.bellunopress.it\\\/#\\\/schema\\\/person\\\/79bb06722b37ece1c03d3e94beb30d73\",\"name\":\"redazione\",\"image\":{\"@type\":\"ImageObject\",\"inLanguage\":\"fr-FR\",\"@id\":\"https:\\\/\\\/secure.gravatar.com\\\/avatar\\\/37d968a2e67a6fd04c169c4bdef102d0bc5d31b2546345219e348575eb80e9a0?s=96&d=mm&r=g\",\"url\":\"https:\\\/\\\/secure.gravatar.com\\\/avatar\\\/37d968a2e67a6fd04c169c4bdef102d0bc5d31b2546345219e348575eb80e9a0?s=96&d=mm&r=g\",\"contentUrl\":\"https:\\\/\\\/secure.gravatar.com\\\/avatar\\\/37d968a2e67a6fd04c169c4bdef102d0bc5d31b2546345219e348575eb80e9a0?s=96&d=mm&r=g\",\"caption\":\"redazione\"},\"sameAs\":[\"http:\\\/\\\/www.bellunopress.it\",\"https:\\\/\\\/x.com\\\/bellunopress\"],\"url\":\"https:\\\/\\\/www.bellunopress.it\\\/fr\\\/author\\\/redazione\\\/\"}]}<\/script>\n<!-- \/ Yoast SEO plugin. -->","yoast_head_json":{"title":"Debora Serracchiani, la trionfatrice delle Europee grazie alla rete, chiama a raccolta l'elettorato bellunese a sostegno della candidatura di Dario Franceschini  - Bellunopress - Dolomiti","robots":{"index":"index","follow":"follow","max-snippet":"max-snippet:-1","max-image-preview":"max-image-preview:large","max-video-preview":"max-video-preview:-1"},"canonical":"https:\/\/www.bellunopress.it\/fr\/2009\/09\/10\/debora-serracchiani-la-trionfatrice-delle-europee-grazie-alla-rete-chiama-a-raccolta-lelettorato-bellunese-a-sostegno-della-candidatura-di-dario-franceschini\/","og_locale":"fr_FR","og_type":"article","og_title":"Debora Serracchiani, la trionfatrice delle Europee grazie alla rete, chiama a raccolta l'elettorato bellunese a sostegno della candidatura di Dario Franceschini  - Bellunopress - Dolomiti","og_description":"Debora Serracchiani, deputato europeo del Pd eletta con oltre 144mila preferenze (pi\u00f9 di Bossi e Berlusconi) \u00e8 stata questa mattina in Citt\u00e0 per la presentazione del Comitato provinciale di Belluno dei \u201cSemplicemente Democratici\u201d a sostegno della candidatura di Dario Franceschini alla segreteria nazionale del Pd. \u00abQuesta lista \u00e8 nata da un appello nazionale fatto tramite [&hellip;]","og_url":"https:\/\/www.bellunopress.it\/fr\/2009\/09\/10\/debora-serracchiani-la-trionfatrice-delle-europee-grazie-alla-rete-chiama-a-raccolta-lelettorato-bellunese-a-sostegno-della-candidatura-di-dario-franceschini\/","og_site_name":"Bellunopress - Dolomiti","article_publisher":"https:\/\/www.facebook.com\/profile.php?id=100008943462799","article_published_time":"2009-09-10T16:09:50+00:00","og_image":[{"url":"http:\/\/www.bellunopress.it\/wp-content\/uploads\/2009\/09\/deborah-serracchiani-006.jpg","type":"","width":"","height":""}],"author":"redazione","twitter_card":"summary_large_image","twitter_creator":"@bellunopress","twitter_site":"@bellunopress","twitter_misc":{"\u00c9crit par":"redazione","Dur\u00e9e de lecture estim\u00e9e":"2 minutes"},"schema":{"@context":"https:\/\/schema.org","@graph":[{"@type":"Article","@id":"https:\/\/www.bellunopress.it\/2009\/09\/10\/debora-serracchiani-la-trionfatrice-delle-europee-grazie-alla-rete-chiama-a-raccolta-lelettorato-bellunese-a-sostegno-della-candidatura-di-dario-franceschini\/#article","isPartOf":{"@id":"https:\/\/www.bellunopress.it\/2009\/09\/10\/debora-serracchiani-la-trionfatrice-delle-europee-grazie-alla-rete-chiama-a-raccolta-lelettorato-bellunese-a-sostegno-della-candidatura-di-dario-franceschini\/"},"author":{"name":"redazione","@id":"https:\/\/www.bellunopress.it\/#\/schema\/person\/79bb06722b37ece1c03d3e94beb30d73"},"headline":"Debora Serracchiani, la trionfatrice delle Europee grazie alla rete, chiama a raccolta l&#8217;elettorato bellunese a sostegno della candidatura di Dario Franceschini","datePublished":"2009-09-10T16:09:50+00:00","mainEntityOfPage":{"@id":"https:\/\/www.bellunopress.it\/2009\/09\/10\/debora-serracchiani-la-trionfatrice-delle-europee-grazie-alla-rete-chiama-a-raccolta-lelettorato-bellunese-a-sostegno-della-candidatura-di-dario-franceschini\/"},"wordCount":367,"publisher":{"@id":"https:\/\/www.bellunopress.it\/#organization"},"image":{"@id":"https:\/\/www.bellunopress.it\/2009\/09\/10\/debora-serracchiani-la-trionfatrice-delle-europee-grazie-alla-rete-chiama-a-raccolta-lelettorato-bellunese-a-sostegno-della-candidatura-di-dario-franceschini\/#primaryimage"},"thumbnailUrl":"http:\/\/www.bellunopress.it\/wp-content\/uploads\/2009\/09\/deborah-serracchiani-006.jpg","keywords":["Belluno"],"articleSection":["Cronaca\/Politica"],"inLanguage":"fr-FR"},{"@type":"WebPage","@id":"https:\/\/www.bellunopress.it\/2009\/09\/10\/debora-serracchiani-la-trionfatrice-delle-europee-grazie-alla-rete-chiama-a-raccolta-lelettorato-bellunese-a-sostegno-della-candidatura-di-dario-franceschini\/","url":"https:\/\/www.bellunopress.it\/2009\/09\/10\/debora-serracchiani-la-trionfatrice-delle-europee-grazie-alla-rete-chiama-a-raccolta-lelettorato-bellunese-a-sostegno-della-candidatura-di-dario-franceschini\/","name":"Debora Serracchiani, la trionfatrice delle Europee grazie alla rete, chiama a raccolta l'elettorato bellunese a sostegno della candidatura di Dario Franceschini - Bellunopress - Dolomiti","isPartOf":{"@id":"https:\/\/www.bellunopress.it\/#website"},"primaryImageOfPage":{"@id":"https:\/\/www.bellunopress.it\/2009\/09\/10\/debora-serracchiani-la-trionfatrice-delle-europee-grazie-alla-rete-chiama-a-raccolta-lelettorato-bellunese-a-sostegno-della-candidatura-di-dario-franceschini\/#primaryimage"},"image":{"@id":"https:\/\/www.bellunopress.it\/2009\/09\/10\/debora-serracchiani-la-trionfatrice-delle-europee-grazie-alla-rete-chiama-a-raccolta-lelettorato-bellunese-a-sostegno-della-candidatura-di-dario-franceschini\/#primaryimage"},"thumbnailUrl":"http:\/\/www.bellunopress.it\/wp-content\/uploads\/2009\/09\/deborah-serracchiani-006.jpg","datePublished":"2009-09-10T16:09:50+00:00","breadcrumb":{"@id":"https:\/\/www.bellunopress.it\/2009\/09\/10\/debora-serracchiani-la-trionfatrice-delle-europee-grazie-alla-rete-chiama-a-raccolta-lelettorato-bellunese-a-sostegno-della-candidatura-di-dario-franceschini\/#breadcrumb"},"inLanguage":"fr-FR","potentialAction":[{"@type":"ReadAction","target":["https:\/\/www.bellunopress.it\/2009\/09\/10\/debora-serracchiani-la-trionfatrice-delle-europee-grazie-alla-rete-chiama-a-raccolta-lelettorato-bellunese-a-sostegno-della-candidatura-di-dario-franceschini\/"]}]},{"@type":"ImageObject","inLanguage":"fr-FR","@id":"https:\/\/www.bellunopress.it\/2009\/09\/10\/debora-serracchiani-la-trionfatrice-delle-europee-grazie-alla-rete-chiama-a-raccolta-lelettorato-bellunese-a-sostegno-della-candidatura-di-dario-franceschini\/#primaryimage","url":"http:\/\/www.bellunopress.it\/wp-content\/uploads\/2009\/09\/deborah-serracchiani-006.jpg","contentUrl":"http:\/\/www.bellunopress.it\/wp-content\/uploads\/2009\/09\/deborah-serracchiani-006.jpg"},{"@type":"BreadcrumbList","@id":"https:\/\/www.bellunopress.it\/2009\/09\/10\/debora-serracchiani-la-trionfatrice-delle-europee-grazie-alla-rete-chiama-a-raccolta-lelettorato-bellunese-a-sostegno-della-candidatura-di-dario-franceschini\/#breadcrumb","itemListElement":[{"@type":"ListItem","position":1,"name":"Home","item":"https:\/\/www.bellunopress.it\/"},{"@type":"ListItem","position":2,"name":"Debora Serracchiani, la trionfatrice delle Europee grazie alla rete, chiama a raccolta l&#8217;elettorato bellunese a sostegno della candidatura di Dario Franceschini"}]},{"@type":"WebSite","@id":"https:\/\/www.bellunopress.it\/#website","url":"https:\/\/www.bellunopress.it\/","name":"Bellunopress - Dolomiti","description":"e-mail: redazione@bellunopress.it","publisher":{"@id":"https:\/\/www.bellunopress.it\/#organization"},"potentialAction":[{"@type":"SearchAction","target":{"@type":"EntryPoint","urlTemplate":"https:\/\/www.bellunopress.it\/?s={search_term_string}"},"query-input":{"@type":"PropertyValueSpecification","valueRequired":true,"valueName":"search_term_string"}}],"inLanguage":"fr-FR"},{"@type":"Organization","@id":"https:\/\/www.bellunopress.it\/#organization","name":"Bellunopress","url":"https:\/\/www.bellunopress.it\/","logo":{"@type":"ImageObject","inLanguage":"fr-FR","@id":"https:\/\/www.bellunopress.it\/#\/schema\/logo\/image\/","url":"https:\/\/www.bellunopress.it\/wp-content\/uploads\/2011\/05\/cropped-logo-bellunopress-.jpg","contentUrl":"https:\/\/www.bellunopress.it\/wp-content\/uploads\/2011\/05\/cropped-logo-bellunopress-.jpg","width":512,"height":512,"caption":"Bellunopress"},"image":{"@id":"https:\/\/www.bellunopress.it\/#\/schema\/logo\/image\/"},"sameAs":["https:\/\/www.facebook.com\/profile.php?id=100008943462799","https:\/\/x.com\/bellunopress","https:\/\/www.linkedin.com\/hp\/?dnr=JBzUWaJfMUw8vbXJJ2tVW5-I3jZKvC4wsoxE&amp;amp;amp;amp;amp;amp;trk=nav_responsive_tab_home","https:\/\/www.youtube.com\/channel\/UCxL0wu1uN0_3_7hGG0306cw"]},{"@type":"Person","@id":"https:\/\/www.bellunopress.it\/#\/schema\/person\/79bb06722b37ece1c03d3e94beb30d73","name":"r\u00e9daction","image":{"@type":"ImageObject","inLanguage":"fr-FR","@id":"https:\/\/secure.gravatar.com\/avatar\/37d968a2e67a6fd04c169c4bdef102d0bc5d31b2546345219e348575eb80e9a0?s=96&d=mm&r=g","url":"https:\/\/secure.gravatar.com\/avatar\/37d968a2e67a6fd04c169c4bdef102d0bc5d31b2546345219e348575eb80e9a0?s=96&d=mm&r=g","contentUrl":"https:\/\/secure.gravatar.com\/avatar\/37d968a2e67a6fd04c169c4bdef102d0bc5d31b2546345219e348575eb80e9a0?s=96&d=mm&r=g","caption":"redazione"},"sameAs":["http:\/\/www.bellunopress.it","https:\/\/x.com\/bellunopress"],"url":"https:\/\/www.bellunopress.it\/fr\/author\/redazione\/"}]}},"_links":{"self":[{"href":"https:\/\/www.bellunopress.it\/fr\/wp-json\/wp\/v2\/posts\/7935","targetHints":{"allow":["GET"]}}],"collection":[{"href":"https:\/\/www.bellunopress.it\/fr\/wp-json\/wp\/v2\/posts"}],"about":[{"href":"https:\/\/www.bellunopress.it\/fr\/wp-json\/wp\/v2\/types\/post"}],"author":[{"embeddable":true,"href":"https:\/\/www.bellunopress.it\/fr\/wp-json\/wp\/v2\/users\/2"}],"replies":[{"embeddable":true,"href":"https:\/\/www.bellunopress.it\/fr\/wp-json\/wp\/v2\/comments?post=7935"}],"version-history":[{"count":1,"href":"https:\/\/www.bellunopress.it\/fr\/wp-json\/wp\/v2\/posts\/7935\/revisions"}],"predecessor-version":[{"id":7938,"href":"https:\/\/www.bellunopress.it\/fr\/wp-json\/wp\/v2\/posts\/7935\/revisions\/7938"}],"wp:attachment":[{"href":"https:\/\/www.bellunopress.it\/fr\/wp-json\/wp\/v2\/media?parent=7935"}],"wp:term":[{"taxonomy":"category","embeddable":true,"href":"https:\/\/www.bellunopress.it\/fr\/wp-json\/wp\/v2\/categories?post=7935"},{"taxonomy":"post_tag","embeddable":true,"href":"https:\/\/www.bellunopress.it\/fr\/wp-json\/wp\/v2\/tags?post=7935"}],"curies":[{"name":"wp","href":"https:\/\/api.w.org\/{rel}","templated":true}]}}