{"id":7903,"date":"2009-09-10T00:12:34","date_gmt":"2009-09-09T23:12:34","guid":{"rendered":"http:\/\/www.bellunopress.it\/?p=7903"},"modified":"2009-09-10T00:12:34","modified_gmt":"2009-09-09T23:12:34","slug":"presentate-le-tre-mozioni-per-il-congresso-del-pd-e-le-primarie-di-domenica-25-ottobre-per-il-segretario-regionale-e-nazionale-del-partito-matteo-fiori-non-ci-sta-e-critica-i-vertici-impegnati-a-disc","status":"publish","type":"post","link":"https:\/\/www.bellunopress.it\/fr\/2009\/09\/10\/presentate-le-tre-mozioni-per-il-congresso-del-pd-e-le-primarie-di-domenica-25-ottobre-per-il-segretario-regionale-e-nazionale-del-partito-matteo-fiori-non-ci-sta-e-critica-i-vertici-impegnati-a-disc\/","title":{"rendered":"Presentate le tre mozioni per il congresso del Pd e le primarie di domenica 25 ottobre per il segretario regionale e nazionale del partito. Matteo Fiori non ci sta e critica i vertici impegnati a discutere di poltrone."},"content":{"rendered":"<p><a href=\"http:\/\/www.bellunopress.it\/wp-content\/uploads\/2009\/09\/pd-causin-creazzo-filippin-006.jpg\"><img loading=\"lazy\" decoding=\"async\" class=\"alignleft size-medium wp-image-7905\" title=\"pd-causin-creazzo-filippin-006\" src=\"http:\/\/www.bellunopress.it\/wp-content\/uploads\/2009\/09\/pd-causin-creazzo-filippin-006.jpg\" alt=\"\" width=\"270\" height=\"180\" \/><\/a>Si \u00e8 tenuto ieri sera (mercoled\u00ec 9) il convegno-dibattito del Partito democratico per presentare le tre mozioni dalle quali uscir\u00e0 il segretario regionale e nazionale con il voto delle primarie di domenica 25 ottobre. La Sala Muccin era al completo per ascoltare Andrea Causin candidato alla segreteria regionale e rappresentante della mozione Franceschini; Rosanna Filippin candidata e rappresentante della\u00a0 Mozione Bersani; e\u00a0 Luigi Creazzo in rappresentanza del candidato Felice Casson e della Mozione Marino. Moderatore della serata il coordinatore del Pd di Belluno Michele Dal Farra che ha posto alcune questioni politiche ai relatori. Rosanna Filippin ha parlato di un peccato originale del Pd quando ha troncato i rapporti con la sinistra alleandosi con l&#8217;Italia dei valori. Luigi Creazzo, ha ricordato la differenza tra le amministrazioni locali rette dalla sinistra e il governo centrale di Prodi.\u00a0 Andrea Causin ha parlato della questione del Nord-Est dove la crisi economica ha coinvolto 5mila imprese e 25mila lavoratori. Ma sono solo la punta di un iceberg, perch\u00e9 le imprese sotto i 15 dipendenti non figurano in queste statistiche. Causin sollecitato anche i vertici di partito che hanno fallito a mettersi da parte. Ma il Pd deve \u201csalvare il soldato Galan\u201d dall&#8217;aggressione della Lega per la poltrona regionale? Causin ha detto no. Anche Creazzo ha rigettato l&#8217;ipotesi. Secondo la Filippin il candidato della Regione Veneto sar\u00e0 deciso tra Berlusconi e Bossi. E se Bossi vuole il Veneto Berlusconi glielo concede temendo per il governo. Cos\u00ec Galan si ritirer\u00e0 ubbidendo al suo \u201cpapi\u201d\u00bb. E l&#8217;alleanza con l&#8217;Udc? Per Creazzo non s&#8217;ha da fare! Filippin s\u00ec. Causini forse. Dalla platea arrivano forti critiche ai relatori e al conduttore della serata per le \u201cinutili domande\u201d. Matteo Fiori, vecchio dirigente del Pci attacca frontalmente dicendo che la montagna non \u00e8 stata sfiorata da nessuno dei tre! E conclude dicendo: \u00abE&#8217; mai possibile che i vecchietti di Livinallongo siano costretti ad andare a prendere l&#8217;insulina per il diabete ad Agordo? Mentre il Pd discute sulla conservazione delle poltrone! E quante volte sono venuti i vertici regionali del Pd a discutere sulla gestione del territorio?\u00bb<\/p>","protected":false},"excerpt":{"rendered":"<p>Si \u00e8 tenuto ieri sera (mercoled\u00ec 9) il convegno-dibattito del Partito democratico per presentare le tre mozioni dalle quali uscir\u00e0 il segretario regionale e nazionale con il voto delle primarie di domenica 25 ottobre. La Sala Muccin era al completo per ascoltare Andrea Causin candidato alla segreteria regionale e rappresentante della mozione Franceschini; Rosanna Filippin [&hellip;]<\/p>\n","protected":false},"author":2,"featured_media":0,"comment_status":"closed","ping_status":"open","sticky":false,"template":"","format":"standard","meta":{"footnotes":""},"categories":[5],"tags":[139],"class_list":["post-7903","post","type-post","status-publish","format-standard","category-cronaca","tag-belluno"],"yoast_head":"<!-- This site is optimized with the Yoast SEO plugin v28.4 - https:\/\/yoast.com\/product\/yoast-seo-wordpress\/ -->\n<title>Presentate le tre mozioni per il congresso del Pd e le primarie di domenica 25 ottobre per il segretario regionale e nazionale del partito. Matteo Fiori non ci sta e critica i vertici impegnati a discutere di poltrone.  - Bellunopress - Dolomiti<\/title>\n<meta name=\"robots\" content=\"index, follow, max-snippet:-1, max-image-preview:large, max-video-preview:-1\" \/>\n<link rel=\"canonical\" href=\"https:\/\/www.bellunopress.it\/fr\/2009\/09\/10\/presentate-le-tre-mozioni-per-il-congresso-del-pd-e-le-primarie-di-domenica-25-ottobre-per-il-segretario-regionale-e-nazionale-del-partito-matteo-fiori-non-ci-sta-e-critica-i-vertici-impegnati-a-disc\/\" \/>\n<meta property=\"og:locale\" content=\"fr_FR\" \/>\n<meta property=\"og:type\" content=\"article\" \/>\n<meta property=\"og:title\" content=\"Presentate le tre mozioni per il congresso del Pd e le primarie di domenica 25 ottobre per il segretario regionale e nazionale del partito. Matteo Fiori non ci sta e critica i vertici impegnati a discutere di poltrone.  - Bellunopress - Dolomiti\" \/>\n<meta property=\"og:description\" content=\"Si \u00e8 tenuto ieri sera (mercoled\u00ec 9) il convegno-dibattito del Partito democratico per presentare le tre mozioni dalle quali uscir\u00e0 il segretario regionale e nazionale con il voto delle primarie di domenica 25 ottobre. La Sala Muccin era al completo per ascoltare Andrea Causin candidato alla segreteria regionale e rappresentante della mozione Franceschini; Rosanna Filippin [&hellip;]\" \/>\n<meta property=\"og:url\" content=\"https:\/\/www.bellunopress.it\/fr\/2009\/09\/10\/presentate-le-tre-mozioni-per-il-congresso-del-pd-e-le-primarie-di-domenica-25-ottobre-per-il-segretario-regionale-e-nazionale-del-partito-matteo-fiori-non-ci-sta-e-critica-i-vertici-impegnati-a-disc\/\" \/>\n<meta property=\"og:site_name\" content=\"Bellunopress - Dolomiti\" \/>\n<meta property=\"article:publisher\" content=\"https:\/\/www.facebook.com\/profile.php?id=100008943462799\" \/>\n<meta property=\"article:published_time\" content=\"2009-09-09T23:12:34+00:00\" \/>\n<meta property=\"og:image\" content=\"http:\/\/www.bellunopress.it\/wp-content\/uploads\/2009\/09\/pd-causin-creazzo-filippin-006.jpg\" \/>\n<meta name=\"author\" content=\"redazione\" \/>\n<meta name=\"twitter:card\" content=\"summary_large_image\" \/>\n<meta name=\"twitter:creator\" content=\"@bellunopress\" \/>\n<meta name=\"twitter:site\" content=\"@bellunopress\" \/>\n<meta name=\"twitter:label1\" content=\"\u00c9crit par\" \/>\n\t<meta name=\"twitter:data1\" content=\"redazione\" \/>\n\t<meta name=\"twitter:label2\" content=\"Dur\u00e9e de lecture estim\u00e9e\" \/>\n\t<meta name=\"twitter:data2\" content=\"2 minutes\" \/>\n<script type=\"application\/ld+json\" class=\"yoast-schema-graph\">{\"@context\":\"https:\\\/\\\/schema.org\",\"@graph\":[{\"@type\":\"Article\",\"@id\":\"https:\\\/\\\/www.bellunopress.it\\\/2009\\\/09\\\/10\\\/presentate-le-tre-mozioni-per-il-congresso-del-pd-e-le-primarie-di-domenica-25-ottobre-per-il-segretario-regionale-e-nazionale-del-partito-matteo-fiori-non-ci-sta-e-critica-i-vertici-impegnati-a-disc\\\/#article\",\"isPartOf\":{\"@id\":\"https:\\\/\\\/www.bellunopress.it\\\/2009\\\/09\\\/10\\\/presentate-le-tre-mozioni-per-il-congresso-del-pd-e-le-primarie-di-domenica-25-ottobre-per-il-segretario-regionale-e-nazionale-del-partito-matteo-fiori-non-ci-sta-e-critica-i-vertici-impegnati-a-disc\\\/\"},\"author\":{\"name\":\"redazione\",\"@id\":\"https:\\\/\\\/www.bellunopress.it\\\/#\\\/schema\\\/person\\\/79bb06722b37ece1c03d3e94beb30d73\"},\"headline\":\"Presentate le tre mozioni per il congresso del Pd e le primarie di domenica 25 ottobre per il segretario regionale e nazionale del partito. Matteo Fiori non ci sta e critica i vertici impegnati a discutere di poltrone.\",\"datePublished\":\"2009-09-09T23:12:34+00:00\",\"mainEntityOfPage\":{\"@id\":\"https:\\\/\\\/www.bellunopress.it\\\/2009\\\/09\\\/10\\\/presentate-le-tre-mozioni-per-il-congresso-del-pd-e-le-primarie-di-domenica-25-ottobre-per-il-segretario-regionale-e-nazionale-del-partito-matteo-fiori-non-ci-sta-e-critica-i-vertici-impegnati-a-disc\\\/\"},\"wordCount\":384,\"publisher\":{\"@id\":\"https:\\\/\\\/www.bellunopress.it\\\/#organization\"},\"image\":{\"@id\":\"https:\\\/\\\/www.bellunopress.it\\\/2009\\\/09\\\/10\\\/presentate-le-tre-mozioni-per-il-congresso-del-pd-e-le-primarie-di-domenica-25-ottobre-per-il-segretario-regionale-e-nazionale-del-partito-matteo-fiori-non-ci-sta-e-critica-i-vertici-impegnati-a-disc\\\/#primaryimage\"},\"thumbnailUrl\":\"http:\\\/\\\/www.bellunopress.it\\\/wp-content\\\/uploads\\\/2009\\\/09\\\/pd-causin-creazzo-filippin-006.jpg\",\"keywords\":[\"Belluno\"],\"articleSection\":[\"Cronaca\\\/Politica\"],\"inLanguage\":\"fr-FR\"},{\"@type\":\"WebPage\",\"@id\":\"https:\\\/\\\/www.bellunopress.it\\\/2009\\\/09\\\/10\\\/presentate-le-tre-mozioni-per-il-congresso-del-pd-e-le-primarie-di-domenica-25-ottobre-per-il-segretario-regionale-e-nazionale-del-partito-matteo-fiori-non-ci-sta-e-critica-i-vertici-impegnati-a-disc\\\/\",\"url\":\"https:\\\/\\\/www.bellunopress.it\\\/2009\\\/09\\\/10\\\/presentate-le-tre-mozioni-per-il-congresso-del-pd-e-le-primarie-di-domenica-25-ottobre-per-il-segretario-regionale-e-nazionale-del-partito-matteo-fiori-non-ci-sta-e-critica-i-vertici-impegnati-a-disc\\\/\",\"name\":\"Presentate le tre mozioni per il congresso del Pd e le primarie di domenica 25 ottobre per il segretario regionale e nazionale del partito. Matteo Fiori non ci sta e critica i vertici impegnati a discutere di poltrone. - Bellunopress - Dolomiti\",\"isPartOf\":{\"@id\":\"https:\\\/\\\/www.bellunopress.it\\\/#website\"},\"primaryImageOfPage\":{\"@id\":\"https:\\\/\\\/www.bellunopress.it\\\/2009\\\/09\\\/10\\\/presentate-le-tre-mozioni-per-il-congresso-del-pd-e-le-primarie-di-domenica-25-ottobre-per-il-segretario-regionale-e-nazionale-del-partito-matteo-fiori-non-ci-sta-e-critica-i-vertici-impegnati-a-disc\\\/#primaryimage\"},\"image\":{\"@id\":\"https:\\\/\\\/www.bellunopress.it\\\/2009\\\/09\\\/10\\\/presentate-le-tre-mozioni-per-il-congresso-del-pd-e-le-primarie-di-domenica-25-ottobre-per-il-segretario-regionale-e-nazionale-del-partito-matteo-fiori-non-ci-sta-e-critica-i-vertici-impegnati-a-disc\\\/#primaryimage\"},\"thumbnailUrl\":\"http:\\\/\\\/www.bellunopress.it\\\/wp-content\\\/uploads\\\/2009\\\/09\\\/pd-causin-creazzo-filippin-006.jpg\",\"datePublished\":\"2009-09-09T23:12:34+00:00\",\"breadcrumb\":{\"@id\":\"https:\\\/\\\/www.bellunopress.it\\\/2009\\\/09\\\/10\\\/presentate-le-tre-mozioni-per-il-congresso-del-pd-e-le-primarie-di-domenica-25-ottobre-per-il-segretario-regionale-e-nazionale-del-partito-matteo-fiori-non-ci-sta-e-critica-i-vertici-impegnati-a-disc\\\/#breadcrumb\"},\"inLanguage\":\"fr-FR\",\"potentialAction\":[{\"@type\":\"ReadAction\",\"target\":[\"https:\\\/\\\/www.bellunopress.it\\\/2009\\\/09\\\/10\\\/presentate-le-tre-mozioni-per-il-congresso-del-pd-e-le-primarie-di-domenica-25-ottobre-per-il-segretario-regionale-e-nazionale-del-partito-matteo-fiori-non-ci-sta-e-critica-i-vertici-impegnati-a-disc\\\/\"]}]},{\"@type\":\"ImageObject\",\"inLanguage\":\"fr-FR\",\"@id\":\"https:\\\/\\\/www.bellunopress.it\\\/2009\\\/09\\\/10\\\/presentate-le-tre-mozioni-per-il-congresso-del-pd-e-le-primarie-di-domenica-25-ottobre-per-il-segretario-regionale-e-nazionale-del-partito-matteo-fiori-non-ci-sta-e-critica-i-vertici-impegnati-a-disc\\\/#primaryimage\",\"url\":\"http:\\\/\\\/www.bellunopress.it\\\/wp-content\\\/uploads\\\/2009\\\/09\\\/pd-causin-creazzo-filippin-006.jpg\",\"contentUrl\":\"http:\\\/\\\/www.bellunopress.it\\\/wp-content\\\/uploads\\\/2009\\\/09\\\/pd-causin-creazzo-filippin-006.jpg\"},{\"@type\":\"BreadcrumbList\",\"@id\":\"https:\\\/\\\/www.bellunopress.it\\\/2009\\\/09\\\/10\\\/presentate-le-tre-mozioni-per-il-congresso-del-pd-e-le-primarie-di-domenica-25-ottobre-per-il-segretario-regionale-e-nazionale-del-partito-matteo-fiori-non-ci-sta-e-critica-i-vertici-impegnati-a-disc\\\/#breadcrumb\",\"itemListElement\":[{\"@type\":\"ListItem\",\"position\":1,\"name\":\"Home\",\"item\":\"https:\\\/\\\/www.bellunopress.it\\\/\"},{\"@type\":\"ListItem\",\"position\":2,\"name\":\"Presentate le tre mozioni per il congresso del Pd e le primarie di domenica 25 ottobre per il segretario regionale e nazionale del partito. Matteo Fiori non ci sta e critica i vertici impegnati a discutere di poltrone.\"}]},{\"@type\":\"WebSite\",\"@id\":\"https:\\\/\\\/www.bellunopress.it\\\/#website\",\"url\":\"https:\\\/\\\/www.bellunopress.it\\\/\",\"name\":\"Bellunopress - Dolomiti\",\"description\":\"e-mail: redazione@bellunopress.it\",\"publisher\":{\"@id\":\"https:\\\/\\\/www.bellunopress.it\\\/#organization\"},\"potentialAction\":[{\"@type\":\"SearchAction\",\"target\":{\"@type\":\"EntryPoint\",\"urlTemplate\":\"https:\\\/\\\/www.bellunopress.it\\\/?s={search_term_string}\"},\"query-input\":{\"@type\":\"PropertyValueSpecification\",\"valueRequired\":true,\"valueName\":\"search_term_string\"}}],\"inLanguage\":\"fr-FR\"},{\"@type\":\"Organization\",\"@id\":\"https:\\\/\\\/www.bellunopress.it\\\/#organization\",\"name\":\"Bellunopress\",\"url\":\"https:\\\/\\\/www.bellunopress.it\\\/\",\"logo\":{\"@type\":\"ImageObject\",\"inLanguage\":\"fr-FR\",\"@id\":\"https:\\\/\\\/www.bellunopress.it\\\/#\\\/schema\\\/logo\\\/image\\\/\",\"url\":\"https:\\\/\\\/www.bellunopress.it\\\/wp-content\\\/uploads\\\/2011\\\/05\\\/cropped-logo-bellunopress-.jpg\",\"contentUrl\":\"https:\\\/\\\/www.bellunopress.it\\\/wp-content\\\/uploads\\\/2011\\\/05\\\/cropped-logo-bellunopress-.jpg\",\"width\":512,\"height\":512,\"caption\":\"Bellunopress\"},\"image\":{\"@id\":\"https:\\\/\\\/www.bellunopress.it\\\/#\\\/schema\\\/logo\\\/image\\\/\"},\"sameAs\":[\"https:\\\/\\\/www.facebook.com\\\/profile.php?id=100008943462799\",\"https:\\\/\\\/x.com\\\/bellunopress\",\"https:\\\/\\\/www.linkedin.com\\\/hp\\\/?dnr=JBzUWaJfMUw8vbXJJ2tVW5-I3jZKvC4wsoxE&amp;amp;amp;amp;amp;amp;trk=nav_responsive_tab_home\",\"https:\\\/\\\/www.youtube.com\\\/channel\\\/UCxL0wu1uN0_3_7hGG0306cw\"]},{\"@type\":\"Person\",\"@id\":\"https:\\\/\\\/www.bellunopress.it\\\/#\\\/schema\\\/person\\\/79bb06722b37ece1c03d3e94beb30d73\",\"name\":\"redazione\",\"image\":{\"@type\":\"ImageObject\",\"inLanguage\":\"fr-FR\",\"@id\":\"https:\\\/\\\/secure.gravatar.com\\\/avatar\\\/37d968a2e67a6fd04c169c4bdef102d0bc5d31b2546345219e348575eb80e9a0?s=96&d=mm&r=g\",\"url\":\"https:\\\/\\\/secure.gravatar.com\\\/avatar\\\/37d968a2e67a6fd04c169c4bdef102d0bc5d31b2546345219e348575eb80e9a0?s=96&d=mm&r=g\",\"contentUrl\":\"https:\\\/\\\/secure.gravatar.com\\\/avatar\\\/37d968a2e67a6fd04c169c4bdef102d0bc5d31b2546345219e348575eb80e9a0?s=96&d=mm&r=g\",\"caption\":\"redazione\"},\"sameAs\":[\"http:\\\/\\\/www.bellunopress.it\",\"https:\\\/\\\/x.com\\\/bellunopress\"],\"url\":\"https:\\\/\\\/www.bellunopress.it\\\/fr\\\/author\\\/redazione\\\/\"}]}<\/script>\n<!-- \/ Yoast SEO plugin. -->","yoast_head_json":{"title":"Presentate le tre mozioni per il congresso del Pd e le primarie di domenica 25 ottobre per il segretario regionale e nazionale del partito. Matteo Fiori non ci sta e critica i vertici impegnati a discutere di poltrone.  - Bellunopress - Dolomiti","robots":{"index":"index","follow":"follow","max-snippet":"max-snippet:-1","max-image-preview":"max-image-preview:large","max-video-preview":"max-video-preview:-1"},"canonical":"https:\/\/www.bellunopress.it\/fr\/2009\/09\/10\/presentate-le-tre-mozioni-per-il-congresso-del-pd-e-le-primarie-di-domenica-25-ottobre-per-il-segretario-regionale-e-nazionale-del-partito-matteo-fiori-non-ci-sta-e-critica-i-vertici-impegnati-a-disc\/","og_locale":"fr_FR","og_type":"article","og_title":"Presentate le tre mozioni per il congresso del Pd e le primarie di domenica 25 ottobre per il segretario regionale e nazionale del partito. Matteo Fiori non ci sta e critica i vertici impegnati a discutere di poltrone.  - Bellunopress - Dolomiti","og_description":"Si \u00e8 tenuto ieri sera (mercoled\u00ec 9) il convegno-dibattito del Partito democratico per presentare le tre mozioni dalle quali uscir\u00e0 il segretario regionale e nazionale con il voto delle primarie di domenica 25 ottobre. La Sala Muccin era al completo per ascoltare Andrea Causin candidato alla segreteria regionale e rappresentante della mozione Franceschini; Rosanna Filippin [&hellip;]","og_url":"https:\/\/www.bellunopress.it\/fr\/2009\/09\/10\/presentate-le-tre-mozioni-per-il-congresso-del-pd-e-le-primarie-di-domenica-25-ottobre-per-il-segretario-regionale-e-nazionale-del-partito-matteo-fiori-non-ci-sta-e-critica-i-vertici-impegnati-a-disc\/","og_site_name":"Bellunopress - Dolomiti","article_publisher":"https:\/\/www.facebook.com\/profile.php?id=100008943462799","article_published_time":"2009-09-09T23:12:34+00:00","og_image":[{"url":"http:\/\/www.bellunopress.it\/wp-content\/uploads\/2009\/09\/pd-causin-creazzo-filippin-006.jpg","type":"","width":"","height":""}],"author":"redazione","twitter_card":"summary_large_image","twitter_creator":"@bellunopress","twitter_site":"@bellunopress","twitter_misc":{"\u00c9crit par":"redazione","Dur\u00e9e de lecture estim\u00e9e":"2 minutes"},"schema":{"@context":"https:\/\/schema.org","@graph":[{"@type":"Article","@id":"https:\/\/www.bellunopress.it\/2009\/09\/10\/presentate-le-tre-mozioni-per-il-congresso-del-pd-e-le-primarie-di-domenica-25-ottobre-per-il-segretario-regionale-e-nazionale-del-partito-matteo-fiori-non-ci-sta-e-critica-i-vertici-impegnati-a-disc\/#article","isPartOf":{"@id":"https:\/\/www.bellunopress.it\/2009\/09\/10\/presentate-le-tre-mozioni-per-il-congresso-del-pd-e-le-primarie-di-domenica-25-ottobre-per-il-segretario-regionale-e-nazionale-del-partito-matteo-fiori-non-ci-sta-e-critica-i-vertici-impegnati-a-disc\/"},"author":{"name":"redazione","@id":"https:\/\/www.bellunopress.it\/#\/schema\/person\/79bb06722b37ece1c03d3e94beb30d73"},"headline":"Presentate le tre mozioni per il congresso del Pd e le primarie di domenica 25 ottobre per il segretario regionale e nazionale del partito. Matteo Fiori non ci sta e critica i vertici impegnati a discutere di poltrone.","datePublished":"2009-09-09T23:12:34+00:00","mainEntityOfPage":{"@id":"https:\/\/www.bellunopress.it\/2009\/09\/10\/presentate-le-tre-mozioni-per-il-congresso-del-pd-e-le-primarie-di-domenica-25-ottobre-per-il-segretario-regionale-e-nazionale-del-partito-matteo-fiori-non-ci-sta-e-critica-i-vertici-impegnati-a-disc\/"},"wordCount":384,"publisher":{"@id":"https:\/\/www.bellunopress.it\/#organization"},"image":{"@id":"https:\/\/www.bellunopress.it\/2009\/09\/10\/presentate-le-tre-mozioni-per-il-congresso-del-pd-e-le-primarie-di-domenica-25-ottobre-per-il-segretario-regionale-e-nazionale-del-partito-matteo-fiori-non-ci-sta-e-critica-i-vertici-impegnati-a-disc\/#primaryimage"},"thumbnailUrl":"http:\/\/www.bellunopress.it\/wp-content\/uploads\/2009\/09\/pd-causin-creazzo-filippin-006.jpg","keywords":["Belluno"],"articleSection":["Cronaca\/Politica"],"inLanguage":"fr-FR"},{"@type":"WebPage","@id":"https:\/\/www.bellunopress.it\/2009\/09\/10\/presentate-le-tre-mozioni-per-il-congresso-del-pd-e-le-primarie-di-domenica-25-ottobre-per-il-segretario-regionale-e-nazionale-del-partito-matteo-fiori-non-ci-sta-e-critica-i-vertici-impegnati-a-disc\/","url":"https:\/\/www.bellunopress.it\/2009\/09\/10\/presentate-le-tre-mozioni-per-il-congresso-del-pd-e-le-primarie-di-domenica-25-ottobre-per-il-segretario-regionale-e-nazionale-del-partito-matteo-fiori-non-ci-sta-e-critica-i-vertici-impegnati-a-disc\/","name":"Presentate le tre mozioni per il congresso del Pd e le primarie di domenica 25 ottobre per il segretario regionale e nazionale del partito. Matteo Fiori non ci sta e critica i vertici impegnati a discutere di poltrone. - Bellunopress - Dolomiti","isPartOf":{"@id":"https:\/\/www.bellunopress.it\/#website"},"primaryImageOfPage":{"@id":"https:\/\/www.bellunopress.it\/2009\/09\/10\/presentate-le-tre-mozioni-per-il-congresso-del-pd-e-le-primarie-di-domenica-25-ottobre-per-il-segretario-regionale-e-nazionale-del-partito-matteo-fiori-non-ci-sta-e-critica-i-vertici-impegnati-a-disc\/#primaryimage"},"image":{"@id":"https:\/\/www.bellunopress.it\/2009\/09\/10\/presentate-le-tre-mozioni-per-il-congresso-del-pd-e-le-primarie-di-domenica-25-ottobre-per-il-segretario-regionale-e-nazionale-del-partito-matteo-fiori-non-ci-sta-e-critica-i-vertici-impegnati-a-disc\/#primaryimage"},"thumbnailUrl":"http:\/\/www.bellunopress.it\/wp-content\/uploads\/2009\/09\/pd-causin-creazzo-filippin-006.jpg","datePublished":"2009-09-09T23:12:34+00:00","breadcrumb":{"@id":"https:\/\/www.bellunopress.it\/2009\/09\/10\/presentate-le-tre-mozioni-per-il-congresso-del-pd-e-le-primarie-di-domenica-25-ottobre-per-il-segretario-regionale-e-nazionale-del-partito-matteo-fiori-non-ci-sta-e-critica-i-vertici-impegnati-a-disc\/#breadcrumb"},"inLanguage":"fr-FR","potentialAction":[{"@type":"ReadAction","target":["https:\/\/www.bellunopress.it\/2009\/09\/10\/presentate-le-tre-mozioni-per-il-congresso-del-pd-e-le-primarie-di-domenica-25-ottobre-per-il-segretario-regionale-e-nazionale-del-partito-matteo-fiori-non-ci-sta-e-critica-i-vertici-impegnati-a-disc\/"]}]},{"@type":"ImageObject","inLanguage":"fr-FR","@id":"https:\/\/www.bellunopress.it\/2009\/09\/10\/presentate-le-tre-mozioni-per-il-congresso-del-pd-e-le-primarie-di-domenica-25-ottobre-per-il-segretario-regionale-e-nazionale-del-partito-matteo-fiori-non-ci-sta-e-critica-i-vertici-impegnati-a-disc\/#primaryimage","url":"http:\/\/www.bellunopress.it\/wp-content\/uploads\/2009\/09\/pd-causin-creazzo-filippin-006.jpg","contentUrl":"http:\/\/www.bellunopress.it\/wp-content\/uploads\/2009\/09\/pd-causin-creazzo-filippin-006.jpg"},{"@type":"BreadcrumbList","@id":"https:\/\/www.bellunopress.it\/2009\/09\/10\/presentate-le-tre-mozioni-per-il-congresso-del-pd-e-le-primarie-di-domenica-25-ottobre-per-il-segretario-regionale-e-nazionale-del-partito-matteo-fiori-non-ci-sta-e-critica-i-vertici-impegnati-a-disc\/#breadcrumb","itemListElement":[{"@type":"ListItem","position":1,"name":"Home","item":"https:\/\/www.bellunopress.it\/"},{"@type":"ListItem","position":2,"name":"Presentate le tre mozioni per il congresso del Pd e le primarie di domenica 25 ottobre per il segretario regionale e nazionale del partito. Matteo Fiori non ci sta e critica i vertici impegnati a discutere di poltrone."}]},{"@type":"WebSite","@id":"https:\/\/www.bellunopress.it\/#website","url":"https:\/\/www.bellunopress.it\/","name":"Bellunopress - Dolomiti","description":"e-mail: redazione@bellunopress.it","publisher":{"@id":"https:\/\/www.bellunopress.it\/#organization"},"potentialAction":[{"@type":"SearchAction","target":{"@type":"EntryPoint","urlTemplate":"https:\/\/www.bellunopress.it\/?s={search_term_string}"},"query-input":{"@type":"PropertyValueSpecification","valueRequired":true,"valueName":"search_term_string"}}],"inLanguage":"fr-FR"},{"@type":"Organization","@id":"https:\/\/www.bellunopress.it\/#organization","name":"Bellunopress","url":"https:\/\/www.bellunopress.it\/","logo":{"@type":"ImageObject","inLanguage":"fr-FR","@id":"https:\/\/www.bellunopress.it\/#\/schema\/logo\/image\/","url":"https:\/\/www.bellunopress.it\/wp-content\/uploads\/2011\/05\/cropped-logo-bellunopress-.jpg","contentUrl":"https:\/\/www.bellunopress.it\/wp-content\/uploads\/2011\/05\/cropped-logo-bellunopress-.jpg","width":512,"height":512,"caption":"Bellunopress"},"image":{"@id":"https:\/\/www.bellunopress.it\/#\/schema\/logo\/image\/"},"sameAs":["https:\/\/www.facebook.com\/profile.php?id=100008943462799","https:\/\/x.com\/bellunopress","https:\/\/www.linkedin.com\/hp\/?dnr=JBzUWaJfMUw8vbXJJ2tVW5-I3jZKvC4wsoxE&amp;amp;amp;amp;amp;amp;trk=nav_responsive_tab_home","https:\/\/www.youtube.com\/channel\/UCxL0wu1uN0_3_7hGG0306cw"]},{"@type":"Person","@id":"https:\/\/www.bellunopress.it\/#\/schema\/person\/79bb06722b37ece1c03d3e94beb30d73","name":"r\u00e9daction","image":{"@type":"ImageObject","inLanguage":"fr-FR","@id":"https:\/\/secure.gravatar.com\/avatar\/37d968a2e67a6fd04c169c4bdef102d0bc5d31b2546345219e348575eb80e9a0?s=96&d=mm&r=g","url":"https:\/\/secure.gravatar.com\/avatar\/37d968a2e67a6fd04c169c4bdef102d0bc5d31b2546345219e348575eb80e9a0?s=96&d=mm&r=g","contentUrl":"https:\/\/secure.gravatar.com\/avatar\/37d968a2e67a6fd04c169c4bdef102d0bc5d31b2546345219e348575eb80e9a0?s=96&d=mm&r=g","caption":"redazione"},"sameAs":["http:\/\/www.bellunopress.it","https:\/\/x.com\/bellunopress"],"url":"https:\/\/www.bellunopress.it\/fr\/author\/redazione\/"}]}},"_links":{"self":[{"href":"https:\/\/www.bellunopress.it\/fr\/wp-json\/wp\/v2\/posts\/7903","targetHints":{"allow":["GET"]}}],"collection":[{"href":"https:\/\/www.bellunopress.it\/fr\/wp-json\/wp\/v2\/posts"}],"about":[{"href":"https:\/\/www.bellunopress.it\/fr\/wp-json\/wp\/v2\/types\/post"}],"author":[{"embeddable":true,"href":"https:\/\/www.bellunopress.it\/fr\/wp-json\/wp\/v2\/users\/2"}],"replies":[{"embeddable":true,"href":"https:\/\/www.bellunopress.it\/fr\/wp-json\/wp\/v2\/comments?post=7903"}],"version-history":[{"count":1,"href":"https:\/\/www.bellunopress.it\/fr\/wp-json\/wp\/v2\/posts\/7903\/revisions"}],"predecessor-version":[{"id":7906,"href":"https:\/\/www.bellunopress.it\/fr\/wp-json\/wp\/v2\/posts\/7903\/revisions\/7906"}],"wp:attachment":[{"href":"https:\/\/www.bellunopress.it\/fr\/wp-json\/wp\/v2\/media?parent=7903"}],"wp:term":[{"taxonomy":"category","embeddable":true,"href":"https:\/\/www.bellunopress.it\/fr\/wp-json\/wp\/v2\/categories?post=7903"},{"taxonomy":"post_tag","embeddable":true,"href":"https:\/\/www.bellunopress.it\/fr\/wp-json\/wp\/v2\/tags?post=7903"}],"curies":[{"name":"wp","href":"https:\/\/api.w.org\/{rel}","templated":true}]}}