{"id":7893,"date":"2009-09-09T11:15:30","date_gmt":"2009-09-09T10:15:30","guid":{"rendered":"http:\/\/www.bellunopress.it\/?p=7893"},"modified":"2009-09-09T11:15:30","modified_gmt":"2009-09-09T10:15:30","slug":"ospedale-codivilla-la-decisione-solo-dopo-il-lavoro-dei-tre-saggi","status":"publish","type":"post","link":"https:\/\/www.bellunopress.it\/fr\/2009\/09\/09\/ospedale-codivilla-la-decisione-solo-dopo-il-lavoro-dei-tre-saggi\/","title":{"rendered":"Ospedale Codivilla: la decisione solo dopo il lavoro dei tre saggi"},"content":{"rendered":"<figure id=\"attachment_7768\" aria-describedby=\"caption-attachment-7768\" style=\"width: 88px\" class=\"wp-caption alignleft\"><a href=\"http:\/\/www.bellunopress.it\/wp-content\/uploads\/2009\/09\/sandro-sandri-assessore-regionale-sanita.jpg\"><img loading=\"lazy\" decoding=\"async\" class=\"size-medium wp-image-7768\" title=\"sandro-sandri-assessore-regionale-sanita\" src=\"http:\/\/www.bellunopress.it\/wp-content\/uploads\/2009\/09\/sandro-sandri-assessore-regionale-sanita.jpg\" alt=\"Sandro Sandri assessore regionale \" width=\"88\" height=\"90\" \/><\/a><figcaption id=\"caption-attachment-7768\" class=\"wp-caption-text\">Sandro Sandri assessore regionale <\/figcaption><\/figure>\n<p>\u201cLa questione del futuro della gestione dell\u2019Ospedale Codivilla di Cortina \u00e8 delicata e, come deciso formalmente, ogni valutazione verr\u00e0 fatta una volta che i 3 saggi nominati dalla Regione avranno concluso il loro lavoro e presentato la loro relazione. Io non ho mai parlato di un\u2019eventuale risoluzione anticipata del rapporto con l\u2019attuale gestore\u201d. Lo precisa oggi l\u2019Assessore regionale alla Sanit\u00e0 Sandro Sandri, in merito ad alcune dichiarazioni attribuitegli sulla stampa. \u201cUna volta che avremo ricevuto la relazione dei saggi \u2013 aggiunge Sandri \u2013 la valuteremo con il Presidente Galan e con il Segretario alla Sanit\u00e0 Ruscitti. Sar\u00e0 da queste valutazioni che scaturir\u00e0 una decisione per il futuro, che sar\u00e0 ponderata e condivisa\u201d.<\/p>","protected":false},"excerpt":{"rendered":"<p>\u201cLa questione del futuro della gestione dell\u2019Ospedale Codivilla di Cortina \u00e8 delicata e, come deciso formalmente, ogni valutazione verr\u00e0 fatta una volta che i 3 saggi nominati dalla Regione avranno concluso il loro lavoro e presentato la loro relazione. Io non ho mai parlato di un\u2019eventuale risoluzione anticipata del rapporto con l\u2019attuale gestore\u201d. Lo precisa [&hellip;]<\/p>\n","protected":false},"author":2,"featured_media":0,"comment_status":"closed","ping_status":"open","sticky":false,"template":"","format":"standard","meta":{"footnotes":""},"categories":[5,26],"tags":[139],"class_list":["post-7893","post","type-post","status-publish","format-standard","category-cronaca","category-prima-pagina","tag-belluno"],"yoast_head":"<!-- This site is optimized with the Yoast SEO plugin v28.4 - https:\/\/yoast.com\/product\/yoast-seo-wordpress\/ -->\n<title>Ospedale Codivilla: la decisione solo dopo il lavoro dei tre saggi - Bellunopress - Dolomiti<\/title>\n<meta name=\"robots\" content=\"index, follow, max-snippet:-1, max-image-preview:large, max-video-preview:-1\" \/>\n<link rel=\"canonical\" href=\"https:\/\/www.bellunopress.it\/fr\/2009\/09\/09\/ospedale-codivilla-la-decisione-solo-dopo-il-lavoro-dei-tre-saggi\/\" \/>\n<meta property=\"og:locale\" content=\"fr_FR\" \/>\n<meta property=\"og:type\" content=\"article\" \/>\n<meta property=\"og:title\" content=\"Ospedale Codivilla: la decisione solo dopo il lavoro dei tre saggi - Bellunopress - Dolomiti\" \/>\n<meta property=\"og:description\" content=\"\u201cLa questione del futuro della gestione dell\u2019Ospedale Codivilla di Cortina \u00e8 delicata e, come deciso formalmente, ogni valutazione verr\u00e0 fatta una volta che i 3 saggi nominati dalla Regione avranno concluso il loro lavoro e presentato la loro relazione. Io non ho mai parlato di un\u2019eventuale risoluzione anticipata del rapporto con l\u2019attuale gestore\u201d. Lo precisa [&hellip;]\" \/>\n<meta property=\"og:url\" content=\"https:\/\/www.bellunopress.it\/fr\/2009\/09\/09\/ospedale-codivilla-la-decisione-solo-dopo-il-lavoro-dei-tre-saggi\/\" \/>\n<meta property=\"og:site_name\" content=\"Bellunopress - Dolomiti\" \/>\n<meta property=\"article:publisher\" content=\"https:\/\/www.facebook.com\/profile.php?id=100008943462799\" \/>\n<meta property=\"article:published_time\" content=\"2009-09-09T10:15:30+00:00\" \/>\n<meta property=\"og:image\" content=\"http:\/\/www.bellunopress.it\/wp-content\/uploads\/2009\/09\/sandro-sandri-assessore-regionale-sanita.jpg\" \/>\n<meta name=\"author\" content=\"redazione\" \/>\n<meta name=\"twitter:card\" content=\"summary_large_image\" \/>\n<meta name=\"twitter:creator\" content=\"@bellunopress\" \/>\n<meta name=\"twitter:site\" content=\"@bellunopress\" \/>\n<meta name=\"twitter:label1\" content=\"\u00c9crit par\" \/>\n\t<meta name=\"twitter:data1\" content=\"redazione\" \/>\n\t<meta name=\"twitter:label2\" content=\"Dur\u00e9e de lecture estim\u00e9e\" \/>\n\t<meta name=\"twitter:data2\" content=\"1 minute\" \/>\n<script type=\"application\/ld+json\" class=\"yoast-schema-graph\">{\"@context\":\"https:\\\/\\\/schema.org\",\"@graph\":[{\"@type\":\"Article\",\"@id\":\"https:\\\/\\\/www.bellunopress.it\\\/2009\\\/09\\\/09\\\/ospedale-codivilla-la-decisione-solo-dopo-il-lavoro-dei-tre-saggi\\\/#article\",\"isPartOf\":{\"@id\":\"https:\\\/\\\/www.bellunopress.it\\\/2009\\\/09\\\/09\\\/ospedale-codivilla-la-decisione-solo-dopo-il-lavoro-dei-tre-saggi\\\/\"},\"author\":{\"name\":\"redazione\",\"@id\":\"https:\\\/\\\/www.bellunopress.it\\\/#\\\/schema\\\/person\\\/79bb06722b37ece1c03d3e94beb30d73\"},\"headline\":\"Ospedale Codivilla: la decisione solo dopo il lavoro dei tre saggi\",\"datePublished\":\"2009-09-09T10:15:30+00:00\",\"mainEntityOfPage\":{\"@id\":\"https:\\\/\\\/www.bellunopress.it\\\/2009\\\/09\\\/09\\\/ospedale-codivilla-la-decisione-solo-dopo-il-lavoro-dei-tre-saggi\\\/\"},\"wordCount\":135,\"publisher\":{\"@id\":\"https:\\\/\\\/www.bellunopress.it\\\/#organization\"},\"image\":{\"@id\":\"https:\\\/\\\/www.bellunopress.it\\\/2009\\\/09\\\/09\\\/ospedale-codivilla-la-decisione-solo-dopo-il-lavoro-dei-tre-saggi\\\/#primaryimage\"},\"thumbnailUrl\":\"http:\\\/\\\/www.bellunopress.it\\\/wp-content\\\/uploads\\\/2009\\\/09\\\/sandro-sandri-assessore-regionale-sanita.jpg\",\"keywords\":[\"Belluno\"],\"articleSection\":[\"Cronaca\\\/Politica\",\"Prima Pagina\"],\"inLanguage\":\"fr-FR\"},{\"@type\":\"WebPage\",\"@id\":\"https:\\\/\\\/www.bellunopress.it\\\/2009\\\/09\\\/09\\\/ospedale-codivilla-la-decisione-solo-dopo-il-lavoro-dei-tre-saggi\\\/\",\"url\":\"https:\\\/\\\/www.bellunopress.it\\\/2009\\\/09\\\/09\\\/ospedale-codivilla-la-decisione-solo-dopo-il-lavoro-dei-tre-saggi\\\/\",\"name\":\"Ospedale Codivilla: la decisione solo dopo il lavoro dei tre saggi - Bellunopress - Dolomiti\",\"isPartOf\":{\"@id\":\"https:\\\/\\\/www.bellunopress.it\\\/#website\"},\"primaryImageOfPage\":{\"@id\":\"https:\\\/\\\/www.bellunopress.it\\\/2009\\\/09\\\/09\\\/ospedale-codivilla-la-decisione-solo-dopo-il-lavoro-dei-tre-saggi\\\/#primaryimage\"},\"image\":{\"@id\":\"https:\\\/\\\/www.bellunopress.it\\\/2009\\\/09\\\/09\\\/ospedale-codivilla-la-decisione-solo-dopo-il-lavoro-dei-tre-saggi\\\/#primaryimage\"},\"thumbnailUrl\":\"http:\\\/\\\/www.bellunopress.it\\\/wp-content\\\/uploads\\\/2009\\\/09\\\/sandro-sandri-assessore-regionale-sanita.jpg\",\"datePublished\":\"2009-09-09T10:15:30+00:00\",\"breadcrumb\":{\"@id\":\"https:\\\/\\\/www.bellunopress.it\\\/2009\\\/09\\\/09\\\/ospedale-codivilla-la-decisione-solo-dopo-il-lavoro-dei-tre-saggi\\\/#breadcrumb\"},\"inLanguage\":\"fr-FR\",\"potentialAction\":[{\"@type\":\"ReadAction\",\"target\":[\"https:\\\/\\\/www.bellunopress.it\\\/2009\\\/09\\\/09\\\/ospedale-codivilla-la-decisione-solo-dopo-il-lavoro-dei-tre-saggi\\\/\"]}]},{\"@type\":\"ImageObject\",\"inLanguage\":\"fr-FR\",\"@id\":\"https:\\\/\\\/www.bellunopress.it\\\/2009\\\/09\\\/09\\\/ospedale-codivilla-la-decisione-solo-dopo-il-lavoro-dei-tre-saggi\\\/#primaryimage\",\"url\":\"http:\\\/\\\/www.bellunopress.it\\\/wp-content\\\/uploads\\\/2009\\\/09\\\/sandro-sandri-assessore-regionale-sanita.jpg\",\"contentUrl\":\"http:\\\/\\\/www.bellunopress.it\\\/wp-content\\\/uploads\\\/2009\\\/09\\\/sandro-sandri-assessore-regionale-sanita.jpg\"},{\"@type\":\"BreadcrumbList\",\"@id\":\"https:\\\/\\\/www.bellunopress.it\\\/2009\\\/09\\\/09\\\/ospedale-codivilla-la-decisione-solo-dopo-il-lavoro-dei-tre-saggi\\\/#breadcrumb\",\"itemListElement\":[{\"@type\":\"ListItem\",\"position\":1,\"name\":\"Home\",\"item\":\"https:\\\/\\\/www.bellunopress.it\\\/\"},{\"@type\":\"ListItem\",\"position\":2,\"name\":\"Ospedale Codivilla: la decisione solo dopo il lavoro dei tre saggi\"}]},{\"@type\":\"WebSite\",\"@id\":\"https:\\\/\\\/www.bellunopress.it\\\/#website\",\"url\":\"https:\\\/\\\/www.bellunopress.it\\\/\",\"name\":\"Bellunopress - Dolomiti\",\"description\":\"e-mail: redazione@bellunopress.it\",\"publisher\":{\"@id\":\"https:\\\/\\\/www.bellunopress.it\\\/#organization\"},\"potentialAction\":[{\"@type\":\"SearchAction\",\"target\":{\"@type\":\"EntryPoint\",\"urlTemplate\":\"https:\\\/\\\/www.bellunopress.it\\\/?s={search_term_string}\"},\"query-input\":{\"@type\":\"PropertyValueSpecification\",\"valueRequired\":true,\"valueName\":\"search_term_string\"}}],\"inLanguage\":\"fr-FR\"},{\"@type\":\"Organization\",\"@id\":\"https:\\\/\\\/www.bellunopress.it\\\/#organization\",\"name\":\"Bellunopress\",\"url\":\"https:\\\/\\\/www.bellunopress.it\\\/\",\"logo\":{\"@type\":\"ImageObject\",\"inLanguage\":\"fr-FR\",\"@id\":\"https:\\\/\\\/www.bellunopress.it\\\/#\\\/schema\\\/logo\\\/image\\\/\",\"url\":\"https:\\\/\\\/www.bellunopress.it\\\/wp-content\\\/uploads\\\/2011\\\/05\\\/cropped-logo-bellunopress-.jpg\",\"contentUrl\":\"https:\\\/\\\/www.bellunopress.it\\\/wp-content\\\/uploads\\\/2011\\\/05\\\/cropped-logo-bellunopress-.jpg\",\"width\":512,\"height\":512,\"caption\":\"Bellunopress\"},\"image\":{\"@id\":\"https:\\\/\\\/www.bellunopress.it\\\/#\\\/schema\\\/logo\\\/image\\\/\"},\"sameAs\":[\"https:\\\/\\\/www.facebook.com\\\/profile.php?id=100008943462799\",\"https:\\\/\\\/x.com\\\/bellunopress\",\"https:\\\/\\\/www.linkedin.com\\\/hp\\\/?dnr=JBzUWaJfMUw8vbXJJ2tVW5-I3jZKvC4wsoxE&amp;amp;amp;amp;amp;amp;trk=nav_responsive_tab_home\",\"https:\\\/\\\/www.youtube.com\\\/channel\\\/UCxL0wu1uN0_3_7hGG0306cw\"]},{\"@type\":\"Person\",\"@id\":\"https:\\\/\\\/www.bellunopress.it\\\/#\\\/schema\\\/person\\\/79bb06722b37ece1c03d3e94beb30d73\",\"name\":\"redazione\",\"image\":{\"@type\":\"ImageObject\",\"inLanguage\":\"fr-FR\",\"@id\":\"https:\\\/\\\/secure.gravatar.com\\\/avatar\\\/37d968a2e67a6fd04c169c4bdef102d0bc5d31b2546345219e348575eb80e9a0?s=96&d=mm&r=g\",\"url\":\"https:\\\/\\\/secure.gravatar.com\\\/avatar\\\/37d968a2e67a6fd04c169c4bdef102d0bc5d31b2546345219e348575eb80e9a0?s=96&d=mm&r=g\",\"contentUrl\":\"https:\\\/\\\/secure.gravatar.com\\\/avatar\\\/37d968a2e67a6fd04c169c4bdef102d0bc5d31b2546345219e348575eb80e9a0?s=96&d=mm&r=g\",\"caption\":\"redazione\"},\"sameAs\":[\"http:\\\/\\\/www.bellunopress.it\",\"https:\\\/\\\/x.com\\\/bellunopress\"],\"url\":\"https:\\\/\\\/www.bellunopress.it\\\/fr\\\/author\\\/redazione\\\/\"}]}<\/script>\n<!-- \/ Yoast SEO plugin. -->","yoast_head_json":{"title":"Ospedale Codivilla: la decisione solo dopo il lavoro dei tre saggi - Bellunopress - Dolomiti","robots":{"index":"index","follow":"follow","max-snippet":"max-snippet:-1","max-image-preview":"max-image-preview:large","max-video-preview":"max-video-preview:-1"},"canonical":"https:\/\/www.bellunopress.it\/fr\/2009\/09\/09\/ospedale-codivilla-la-decisione-solo-dopo-il-lavoro-dei-tre-saggi\/","og_locale":"fr_FR","og_type":"article","og_title":"Ospedale Codivilla: la decisione solo dopo il lavoro dei tre saggi - Bellunopress - Dolomiti","og_description":"\u201cLa questione del futuro della gestione dell\u2019Ospedale Codivilla di Cortina \u00e8 delicata e, come deciso formalmente, ogni valutazione verr\u00e0 fatta una volta che i 3 saggi nominati dalla Regione avranno concluso il loro lavoro e presentato la loro relazione. Io non ho mai parlato di un\u2019eventuale risoluzione anticipata del rapporto con l\u2019attuale gestore\u201d. Lo precisa [&hellip;]","og_url":"https:\/\/www.bellunopress.it\/fr\/2009\/09\/09\/ospedale-codivilla-la-decisione-solo-dopo-il-lavoro-dei-tre-saggi\/","og_site_name":"Bellunopress - Dolomiti","article_publisher":"https:\/\/www.facebook.com\/profile.php?id=100008943462799","article_published_time":"2009-09-09T10:15:30+00:00","og_image":[{"url":"http:\/\/www.bellunopress.it\/wp-content\/uploads\/2009\/09\/sandro-sandri-assessore-regionale-sanita.jpg","type":"","width":"","height":""}],"author":"redazione","twitter_card":"summary_large_image","twitter_creator":"@bellunopress","twitter_site":"@bellunopress","twitter_misc":{"\u00c9crit par":"redazione","Dur\u00e9e de lecture estim\u00e9e":"1 minute"},"schema":{"@context":"https:\/\/schema.org","@graph":[{"@type":"Article","@id":"https:\/\/www.bellunopress.it\/2009\/09\/09\/ospedale-codivilla-la-decisione-solo-dopo-il-lavoro-dei-tre-saggi\/#article","isPartOf":{"@id":"https:\/\/www.bellunopress.it\/2009\/09\/09\/ospedale-codivilla-la-decisione-solo-dopo-il-lavoro-dei-tre-saggi\/"},"author":{"name":"redazione","@id":"https:\/\/www.bellunopress.it\/#\/schema\/person\/79bb06722b37ece1c03d3e94beb30d73"},"headline":"Ospedale Codivilla: la decisione solo dopo il lavoro dei tre saggi","datePublished":"2009-09-09T10:15:30+00:00","mainEntityOfPage":{"@id":"https:\/\/www.bellunopress.it\/2009\/09\/09\/ospedale-codivilla-la-decisione-solo-dopo-il-lavoro-dei-tre-saggi\/"},"wordCount":135,"publisher":{"@id":"https:\/\/www.bellunopress.it\/#organization"},"image":{"@id":"https:\/\/www.bellunopress.it\/2009\/09\/09\/ospedale-codivilla-la-decisione-solo-dopo-il-lavoro-dei-tre-saggi\/#primaryimage"},"thumbnailUrl":"http:\/\/www.bellunopress.it\/wp-content\/uploads\/2009\/09\/sandro-sandri-assessore-regionale-sanita.jpg","keywords":["Belluno"],"articleSection":["Cronaca\/Politica","Prima Pagina"],"inLanguage":"fr-FR"},{"@type":"WebPage","@id":"https:\/\/www.bellunopress.it\/2009\/09\/09\/ospedale-codivilla-la-decisione-solo-dopo-il-lavoro-dei-tre-saggi\/","url":"https:\/\/www.bellunopress.it\/2009\/09\/09\/ospedale-codivilla-la-decisione-solo-dopo-il-lavoro-dei-tre-saggi\/","name":"Ospedale Codivilla: la decisione solo dopo il lavoro dei tre saggi - Bellunopress - Dolomiti","isPartOf":{"@id":"https:\/\/www.bellunopress.it\/#website"},"primaryImageOfPage":{"@id":"https:\/\/www.bellunopress.it\/2009\/09\/09\/ospedale-codivilla-la-decisione-solo-dopo-il-lavoro-dei-tre-saggi\/#primaryimage"},"image":{"@id":"https:\/\/www.bellunopress.it\/2009\/09\/09\/ospedale-codivilla-la-decisione-solo-dopo-il-lavoro-dei-tre-saggi\/#primaryimage"},"thumbnailUrl":"http:\/\/www.bellunopress.it\/wp-content\/uploads\/2009\/09\/sandro-sandri-assessore-regionale-sanita.jpg","datePublished":"2009-09-09T10:15:30+00:00","breadcrumb":{"@id":"https:\/\/www.bellunopress.it\/2009\/09\/09\/ospedale-codivilla-la-decisione-solo-dopo-il-lavoro-dei-tre-saggi\/#breadcrumb"},"inLanguage":"fr-FR","potentialAction":[{"@type":"ReadAction","target":["https:\/\/www.bellunopress.it\/2009\/09\/09\/ospedale-codivilla-la-decisione-solo-dopo-il-lavoro-dei-tre-saggi\/"]}]},{"@type":"ImageObject","inLanguage":"fr-FR","@id":"https:\/\/www.bellunopress.it\/2009\/09\/09\/ospedale-codivilla-la-decisione-solo-dopo-il-lavoro-dei-tre-saggi\/#primaryimage","url":"http:\/\/www.bellunopress.it\/wp-content\/uploads\/2009\/09\/sandro-sandri-assessore-regionale-sanita.jpg","contentUrl":"http:\/\/www.bellunopress.it\/wp-content\/uploads\/2009\/09\/sandro-sandri-assessore-regionale-sanita.jpg"},{"@type":"BreadcrumbList","@id":"https:\/\/www.bellunopress.it\/2009\/09\/09\/ospedale-codivilla-la-decisione-solo-dopo-il-lavoro-dei-tre-saggi\/#breadcrumb","itemListElement":[{"@type":"ListItem","position":1,"name":"Home","item":"https:\/\/www.bellunopress.it\/"},{"@type":"ListItem","position":2,"name":"Ospedale Codivilla: la decisione solo dopo il lavoro dei tre saggi"}]},{"@type":"WebSite","@id":"https:\/\/www.bellunopress.it\/#website","url":"https:\/\/www.bellunopress.it\/","name":"Bellunopress - Dolomiti","description":"e-mail: redazione@bellunopress.it","publisher":{"@id":"https:\/\/www.bellunopress.it\/#organization"},"potentialAction":[{"@type":"SearchAction","target":{"@type":"EntryPoint","urlTemplate":"https:\/\/www.bellunopress.it\/?s={search_term_string}"},"query-input":{"@type":"PropertyValueSpecification","valueRequired":true,"valueName":"search_term_string"}}],"inLanguage":"fr-FR"},{"@type":"Organization","@id":"https:\/\/www.bellunopress.it\/#organization","name":"Bellunopress","url":"https:\/\/www.bellunopress.it\/","logo":{"@type":"ImageObject","inLanguage":"fr-FR","@id":"https:\/\/www.bellunopress.it\/#\/schema\/logo\/image\/","url":"https:\/\/www.bellunopress.it\/wp-content\/uploads\/2011\/05\/cropped-logo-bellunopress-.jpg","contentUrl":"https:\/\/www.bellunopress.it\/wp-content\/uploads\/2011\/05\/cropped-logo-bellunopress-.jpg","width":512,"height":512,"caption":"Bellunopress"},"image":{"@id":"https:\/\/www.bellunopress.it\/#\/schema\/logo\/image\/"},"sameAs":["https:\/\/www.facebook.com\/profile.php?id=100008943462799","https:\/\/x.com\/bellunopress","https:\/\/www.linkedin.com\/hp\/?dnr=JBzUWaJfMUw8vbXJJ2tVW5-I3jZKvC4wsoxE&amp;amp;amp;amp;amp;amp;trk=nav_responsive_tab_home","https:\/\/www.youtube.com\/channel\/UCxL0wu1uN0_3_7hGG0306cw"]},{"@type":"Person","@id":"https:\/\/www.bellunopress.it\/#\/schema\/person\/79bb06722b37ece1c03d3e94beb30d73","name":"r\u00e9daction","image":{"@type":"ImageObject","inLanguage":"fr-FR","@id":"https:\/\/secure.gravatar.com\/avatar\/37d968a2e67a6fd04c169c4bdef102d0bc5d31b2546345219e348575eb80e9a0?s=96&d=mm&r=g","url":"https:\/\/secure.gravatar.com\/avatar\/37d968a2e67a6fd04c169c4bdef102d0bc5d31b2546345219e348575eb80e9a0?s=96&d=mm&r=g","contentUrl":"https:\/\/secure.gravatar.com\/avatar\/37d968a2e67a6fd04c169c4bdef102d0bc5d31b2546345219e348575eb80e9a0?s=96&d=mm&r=g","caption":"redazione"},"sameAs":["http:\/\/www.bellunopress.it","https:\/\/x.com\/bellunopress"],"url":"https:\/\/www.bellunopress.it\/fr\/author\/redazione\/"}]}},"_links":{"self":[{"href":"https:\/\/www.bellunopress.it\/fr\/wp-json\/wp\/v2\/posts\/7893","targetHints":{"allow":["GET"]}}],"collection":[{"href":"https:\/\/www.bellunopress.it\/fr\/wp-json\/wp\/v2\/posts"}],"about":[{"href":"https:\/\/www.bellunopress.it\/fr\/wp-json\/wp\/v2\/types\/post"}],"author":[{"embeddable":true,"href":"https:\/\/www.bellunopress.it\/fr\/wp-json\/wp\/v2\/users\/2"}],"replies":[{"embeddable":true,"href":"https:\/\/www.bellunopress.it\/fr\/wp-json\/wp\/v2\/comments?post=7893"}],"version-history":[{"count":1,"href":"https:\/\/www.bellunopress.it\/fr\/wp-json\/wp\/v2\/posts\/7893\/revisions"}],"predecessor-version":[{"id":7894,"href":"https:\/\/www.bellunopress.it\/fr\/wp-json\/wp\/v2\/posts\/7893\/revisions\/7894"}],"wp:attachment":[{"href":"https:\/\/www.bellunopress.it\/fr\/wp-json\/wp\/v2\/media?parent=7893"}],"wp:term":[{"taxonomy":"category","embeddable":true,"href":"https:\/\/www.bellunopress.it\/fr\/wp-json\/wp\/v2\/categories?post=7893"},{"taxonomy":"post_tag","embeddable":true,"href":"https:\/\/www.bellunopress.it\/fr\/wp-json\/wp\/v2\/tags?post=7893"}],"curies":[{"name":"wp","href":"https:\/\/api.w.org\/{rel}","templated":true}]}}