{"id":7873,"date":"2009-09-08T18:53:46","date_gmt":"2009-09-08T17:53:46","guid":{"rendered":"http:\/\/www.bellunopress.it\/?p=7873"},"modified":"2009-09-08T18:53:46","modified_gmt":"2009-09-08T17:53:46","slug":"l8-settembre-delle-imprese-individuali-in-due-anni-300-meno-crescono-quelle-costituite-da-extracomunitari-42-in-piu-capraro-%e2%80%9dbisogna-che-i-bellunesi-credano-di-piu-nelle-loro-capacita-d","status":"publish","type":"post","link":"https:\/\/www.bellunopress.it\/fr\/2009\/09\/08\/l8-settembre-delle-imprese-individuali-in-due-anni-300-meno-crescono-quelle-costituite-da-extracomunitari-42-in-piu-capraro-%e2%80%9dbisogna-che-i-bellunesi-credano-di-piu-nelle-loro-capacita-d\/","title":{"rendered":"L&#8217;8 settembre delle imprese individuali: in due anni 300 meno! Crescono quelle costituite da extracomunitari, 42 in pi\u00f9. Capraro: \u201dbisogna che i bellunesi credano di pi\u00f9 nelle loro capacit\u00e0 di fare impresa.\u201d"},"content":{"rendered":"<p>Sono finiti i tempi in cui anche i bellunesi sceglievano di mettersi in proprio e qualche negozio o piccola attivit\u00e0 nasceva ogni giorno.\u00a0 Complice la grande crescita di qualche gruppo industriale e il forte decremento nella natalit\u00e0, alla voglia di mettersi in proprio \u00e8 subentrata la ricerca del posto fisso in qualche grande fabbrica e l\u2019economia della provincia si \u00e8 lentamente impoverita. \u201cIn soli due anni -dice Walter Capraro, direttore dell\u2019Unione Artigiani e Piccola Industria &#8211; le imprese individuali, vale a dire il primo livello del fare impresa, sono scese da 9.922 a 9.624, con una perdita secca di 298 unit\u00e0 concentrate soprattutto nel commercio, nelle costruzioni e nel manifatturiero. In termini percentuali significa un calo del 3,7%, inferiore alla media veneta (-4,7%), ma comunque pesante.\u201dLa voglia \u2013 e in qualche caso, la necessit\u00e0 \u2013 di mettersi in proprio l\u2019hanno mantenuta, invece, i cittadini extracomunitari, che spesso vanno a sostituire le unit\u00e0 commerciali e produttive abbandonate dai bellunesi. \u201cErano 688 a giugno del 2007 &#8211; sottolinea Capraro &#8211; sono 730 oggi. In due anni sono cresciuti del 6,1% e, adesso, rappresentano il 7,6% del totale delle imprese individuali. Per una Provincia che da sempre \u00e8 ai margini dei flussi di immigrazione, sono numeri di una certa rilevanza, perch\u00e9 dimostrano che anche la vitalit\u00e0 imprenditoriale &#8211; e non solo l\u2019assistenza ai nostri anziani &#8211; \u00e8 sempre pi\u00f9 nelle mani dei cittadini non comunitari. Se consideriamo che questo indicatore \u00e8 inserito tra quelli che misurano lo sviluppo di un territorio, vuol dire che i bellunesi stanno abdicando a un ruolo importante per il loro futuro.\u201d In periodi di congiuntura difficile, il lavoro autonomo ha svolto spesso la funzione di serbatoio per lavoratori che avevano perso il posto di lavoro e, per necessit\u00e0, avviavano piccole iniziative, alcune delle quali duravano anche oltre la crisi.\u00a0 <a href=\"http:\/\/www.bellunopress.it\/wp-content\/uploads\/2009\/03\/walter-capraro-direttore-unione-artigiani-190x190.jpg\"><img loading=\"lazy\" decoding=\"async\" class=\"alignleft size-medium wp-image-2121\" title=\"walter-capraro-direttore-unione-artigiani-190x190\" src=\"http:\/\/www.bellunopress.it\/wp-content\/uploads\/2009\/03\/walter-capraro-direttore-unione-artigiani-190x190.jpg\" alt=\"\" width=\"190\" height=\"190\" srcset=\"https:\/\/www.bellunopress.it\/wp-content\/uploads\/2009\/03\/walter-capraro-direttore-unione-artigiani-190x190.jpg 190w, https:\/\/www.bellunopress.it\/wp-content\/uploads\/2009\/03\/walter-capraro-direttore-unione-artigiani-190x190-150x150.jpg 150w\" sizes=\"auto, (max-width: 190px) 100vw, 190px\" \/><\/a>\u201cOggi neanche questo si sta verificando &#8211; conclude il Direttore dell\u2019UAPI &#8211; e il lavoro autonomo ha perso la sua funzione di ammortizzatore anticiclico, sostituito, nel bene e nel male, da una famiglia che include spesso uno o pi\u00f9 pensionati. E\u2019 un modo di reagire che deve preoccupare tutti, perch\u00e9 dimostra come stiamo pericolosamente accettando di programmare l\u2019attivit\u00e0 lavorativa solo nel breve periodo e usando gli strumenti pi\u00f9 comodi, come le rendite. Bisogna che i bellunesi credano di pi\u00f9 nelle loro capacit\u00e0 di fare impresa, ma serve anche le istituzioni mettano in campo tutti i sostegni necessari per scongiurare un impoverimento del tessuto imprenditoriale che finirebbe col pregiudicare seriamente il nostro futuro economico e sociale.\u201d<\/p>","protected":false},"excerpt":{"rendered":"<p>Sono finiti i tempi in cui anche i bellunesi sceglievano di mettersi in proprio e qualche negozio o piccola attivit\u00e0 nasceva ogni giorno.\u00a0 Complice la grande crescita di qualche gruppo industriale e il forte decremento nella natalit\u00e0, alla voglia di mettersi in proprio \u00e8 subentrata la ricerca del posto fisso in qualche grande fabbrica e [&hellip;]<\/p>\n","protected":false},"author":2,"featured_media":0,"comment_status":"closed","ping_status":"open","sticky":false,"template":"","format":"standard","meta":{"footnotes":""},"categories":[5,26],"tags":[139],"class_list":["post-7873","post","type-post","status-publish","format-standard","category-cronaca","category-prima-pagina","tag-belluno"],"yoast_head":"<!-- This site is optimized with the Yoast SEO plugin v28.4 - https:\/\/yoast.com\/product\/yoast-seo-wordpress\/ -->\n<title>L&#039;8 settembre delle imprese individuali: in due anni 300 meno! Crescono quelle costituite da extracomunitari, 42 in pi\u00f9. Capraro: \u201dbisogna che i bellunesi credano di pi\u00f9 nelle loro capacit\u00e0 di fare impresa.\u201d - Bellunopress - Dolomiti<\/title>\n<meta name=\"robots\" content=\"index, follow, max-snippet:-1, max-image-preview:large, max-video-preview:-1\" \/>\n<link rel=\"canonical\" href=\"https:\/\/www.bellunopress.it\/fr\/2009\/09\/08\/l8-settembre-delle-imprese-individuali-in-due-anni-300-meno-crescono-quelle-costituite-da-extracomunitari-42-in-piu-capraro-\u201dbisogna-che-i-bellunesi-credano-di-piu-nelle-loro-capacita-d\/\" \/>\n<meta property=\"og:locale\" content=\"fr_FR\" \/>\n<meta property=\"og:type\" content=\"article\" \/>\n<meta property=\"og:title\" content=\"L&#039;8 settembre delle imprese individuali: in due anni 300 meno! Crescono quelle costituite da extracomunitari, 42 in pi\u00f9. Capraro: \u201dbisogna che i bellunesi credano di pi\u00f9 nelle loro capacit\u00e0 di fare impresa.\u201d - Bellunopress - Dolomiti\" \/>\n<meta property=\"og:description\" content=\"Sono finiti i tempi in cui anche i bellunesi sceglievano di mettersi in proprio e qualche negozio o piccola attivit\u00e0 nasceva ogni giorno.\u00a0 Complice la grande crescita di qualche gruppo industriale e il forte decremento nella natalit\u00e0, alla voglia di mettersi in proprio \u00e8 subentrata la ricerca del posto fisso in qualche grande fabbrica e [&hellip;]\" \/>\n<meta property=\"og:url\" content=\"https:\/\/www.bellunopress.it\/fr\/2009\/09\/08\/l8-settembre-delle-imprese-individuali-in-due-anni-300-meno-crescono-quelle-costituite-da-extracomunitari-42-in-piu-capraro-\u201dbisogna-che-i-bellunesi-credano-di-piu-nelle-loro-capacita-d\/\" \/>\n<meta property=\"og:site_name\" content=\"Bellunopress - Dolomiti\" \/>\n<meta property=\"article:publisher\" content=\"https:\/\/www.facebook.com\/profile.php?id=100008943462799\" \/>\n<meta property=\"article:published_time\" content=\"2009-09-08T17:53:46+00:00\" \/>\n<meta property=\"og:image\" content=\"http:\/\/www.bellunopress.it\/wp-content\/uploads\/2009\/03\/walter-capraro-direttore-unione-artigiani-190x190.jpg\" \/>\n<meta name=\"author\" content=\"redazione\" \/>\n<meta name=\"twitter:card\" content=\"summary_large_image\" \/>\n<meta name=\"twitter:creator\" content=\"@bellunopress\" \/>\n<meta name=\"twitter:site\" content=\"@bellunopress\" \/>\n<meta name=\"twitter:label1\" content=\"\u00c9crit par\" \/>\n\t<meta name=\"twitter:data1\" content=\"redazione\" \/>\n\t<meta name=\"twitter:label2\" content=\"Dur\u00e9e de lecture estim\u00e9e\" \/>\n\t<meta name=\"twitter:data2\" content=\"2 minutes\" \/>\n<script type=\"application\/ld+json\" class=\"yoast-schema-graph\">{\"@context\":\"https:\\\/\\\/schema.org\",\"@graph\":[{\"@type\":\"Article\",\"@id\":\"https:\\\/\\\/www.bellunopress.it\\\/2009\\\/09\\\/08\\\/l8-settembre-delle-imprese-individuali-in-due-anni-300-meno-crescono-quelle-costituite-da-extracomunitari-42-in-piu-capraro-%e2%80%9dbisogna-che-i-bellunesi-credano-di-piu-nelle-loro-capacita-d\\\/#article\",\"isPartOf\":{\"@id\":\"https:\\\/\\\/www.bellunopress.it\\\/2009\\\/09\\\/08\\\/l8-settembre-delle-imprese-individuali-in-due-anni-300-meno-crescono-quelle-costituite-da-extracomunitari-42-in-piu-capraro-%e2%80%9dbisogna-che-i-bellunesi-credano-di-piu-nelle-loro-capacita-d\\\/\"},\"author\":{\"name\":\"redazione\",\"@id\":\"https:\\\/\\\/www.bellunopress.it\\\/#\\\/schema\\\/person\\\/79bb06722b37ece1c03d3e94beb30d73\"},\"headline\":\"L&#8217;8 settembre delle imprese individuali: in due anni 300 meno! Crescono quelle costituite da extracomunitari, 42 in pi\u00f9. Capraro: \u201dbisogna che i bellunesi credano di pi\u00f9 nelle loro capacit\u00e0 di fare impresa.\u201d\",\"datePublished\":\"2009-09-08T17:53:46+00:00\",\"mainEntityOfPage\":{\"@id\":\"https:\\\/\\\/www.bellunopress.it\\\/2009\\\/09\\\/08\\\/l8-settembre-delle-imprese-individuali-in-due-anni-300-meno-crescono-quelle-costituite-da-extracomunitari-42-in-piu-capraro-%e2%80%9dbisogna-che-i-bellunesi-credano-di-piu-nelle-loro-capacita-d\\\/\"},\"wordCount\":437,\"publisher\":{\"@id\":\"https:\\\/\\\/www.bellunopress.it\\\/#organization\"},\"image\":{\"@id\":\"https:\\\/\\\/www.bellunopress.it\\\/2009\\\/09\\\/08\\\/l8-settembre-delle-imprese-individuali-in-due-anni-300-meno-crescono-quelle-costituite-da-extracomunitari-42-in-piu-capraro-%e2%80%9dbisogna-che-i-bellunesi-credano-di-piu-nelle-loro-capacita-d\\\/#primaryimage\"},\"thumbnailUrl\":\"http:\\\/\\\/www.bellunopress.it\\\/wp-content\\\/uploads\\\/2009\\\/03\\\/walter-capraro-direttore-unione-artigiani-190x190.jpg\",\"keywords\":[\"Belluno\"],\"articleSection\":[\"Cronaca\\\/Politica\",\"Prima Pagina\"],\"inLanguage\":\"fr-FR\"},{\"@type\":\"WebPage\",\"@id\":\"https:\\\/\\\/www.bellunopress.it\\\/2009\\\/09\\\/08\\\/l8-settembre-delle-imprese-individuali-in-due-anni-300-meno-crescono-quelle-costituite-da-extracomunitari-42-in-piu-capraro-%e2%80%9dbisogna-che-i-bellunesi-credano-di-piu-nelle-loro-capacita-d\\\/\",\"url\":\"https:\\\/\\\/www.bellunopress.it\\\/2009\\\/09\\\/08\\\/l8-settembre-delle-imprese-individuali-in-due-anni-300-meno-crescono-quelle-costituite-da-extracomunitari-42-in-piu-capraro-%e2%80%9dbisogna-che-i-bellunesi-credano-di-piu-nelle-loro-capacita-d\\\/\",\"name\":\"L'8 settembre delle imprese individuali: in due anni 300 meno! Crescono quelle costituite da extracomunitari, 42 in pi\u00f9. Capraro: \u201dbisogna che i bellunesi credano di pi\u00f9 nelle loro capacit\u00e0 di fare impresa.\u201d - Bellunopress - Dolomiti\",\"isPartOf\":{\"@id\":\"https:\\\/\\\/www.bellunopress.it\\\/#website\"},\"primaryImageOfPage\":{\"@id\":\"https:\\\/\\\/www.bellunopress.it\\\/2009\\\/09\\\/08\\\/l8-settembre-delle-imprese-individuali-in-due-anni-300-meno-crescono-quelle-costituite-da-extracomunitari-42-in-piu-capraro-%e2%80%9dbisogna-che-i-bellunesi-credano-di-piu-nelle-loro-capacita-d\\\/#primaryimage\"},\"image\":{\"@id\":\"https:\\\/\\\/www.bellunopress.it\\\/2009\\\/09\\\/08\\\/l8-settembre-delle-imprese-individuali-in-due-anni-300-meno-crescono-quelle-costituite-da-extracomunitari-42-in-piu-capraro-%e2%80%9dbisogna-che-i-bellunesi-credano-di-piu-nelle-loro-capacita-d\\\/#primaryimage\"},\"thumbnailUrl\":\"http:\\\/\\\/www.bellunopress.it\\\/wp-content\\\/uploads\\\/2009\\\/03\\\/walter-capraro-direttore-unione-artigiani-190x190.jpg\",\"datePublished\":\"2009-09-08T17:53:46+00:00\",\"breadcrumb\":{\"@id\":\"https:\\\/\\\/www.bellunopress.it\\\/2009\\\/09\\\/08\\\/l8-settembre-delle-imprese-individuali-in-due-anni-300-meno-crescono-quelle-costituite-da-extracomunitari-42-in-piu-capraro-%e2%80%9dbisogna-che-i-bellunesi-credano-di-piu-nelle-loro-capacita-d\\\/#breadcrumb\"},\"inLanguage\":\"fr-FR\",\"potentialAction\":[{\"@type\":\"ReadAction\",\"target\":[\"https:\\\/\\\/www.bellunopress.it\\\/2009\\\/09\\\/08\\\/l8-settembre-delle-imprese-individuali-in-due-anni-300-meno-crescono-quelle-costituite-da-extracomunitari-42-in-piu-capraro-%e2%80%9dbisogna-che-i-bellunesi-credano-di-piu-nelle-loro-capacita-d\\\/\"]}]},{\"@type\":\"ImageObject\",\"inLanguage\":\"fr-FR\",\"@id\":\"https:\\\/\\\/www.bellunopress.it\\\/2009\\\/09\\\/08\\\/l8-settembre-delle-imprese-individuali-in-due-anni-300-meno-crescono-quelle-costituite-da-extracomunitari-42-in-piu-capraro-%e2%80%9dbisogna-che-i-bellunesi-credano-di-piu-nelle-loro-capacita-d\\\/#primaryimage\",\"url\":\"http:\\\/\\\/www.bellunopress.it\\\/wp-content\\\/uploads\\\/2009\\\/03\\\/walter-capraro-direttore-unione-artigiani-190x190.jpg\",\"contentUrl\":\"http:\\\/\\\/www.bellunopress.it\\\/wp-content\\\/uploads\\\/2009\\\/03\\\/walter-capraro-direttore-unione-artigiani-190x190.jpg\"},{\"@type\":\"BreadcrumbList\",\"@id\":\"https:\\\/\\\/www.bellunopress.it\\\/2009\\\/09\\\/08\\\/l8-settembre-delle-imprese-individuali-in-due-anni-300-meno-crescono-quelle-costituite-da-extracomunitari-42-in-piu-capraro-%e2%80%9dbisogna-che-i-bellunesi-credano-di-piu-nelle-loro-capacita-d\\\/#breadcrumb\",\"itemListElement\":[{\"@type\":\"ListItem\",\"position\":1,\"name\":\"Home\",\"item\":\"https:\\\/\\\/www.bellunopress.it\\\/\"},{\"@type\":\"ListItem\",\"position\":2,\"name\":\"L&#8217;8 settembre delle imprese individuali: in due anni 300 meno! Crescono quelle costituite da extracomunitari, 42 in pi\u00f9. Capraro: \u201dbisogna che i bellunesi credano di pi\u00f9 nelle loro capacit\u00e0 di fare impresa.\u201d\"}]},{\"@type\":\"WebSite\",\"@id\":\"https:\\\/\\\/www.bellunopress.it\\\/#website\",\"url\":\"https:\\\/\\\/www.bellunopress.it\\\/\",\"name\":\"Bellunopress - Dolomiti\",\"description\":\"e-mail: redazione@bellunopress.it\",\"publisher\":{\"@id\":\"https:\\\/\\\/www.bellunopress.it\\\/#organization\"},\"potentialAction\":[{\"@type\":\"SearchAction\",\"target\":{\"@type\":\"EntryPoint\",\"urlTemplate\":\"https:\\\/\\\/www.bellunopress.it\\\/?s={search_term_string}\"},\"query-input\":{\"@type\":\"PropertyValueSpecification\",\"valueRequired\":true,\"valueName\":\"search_term_string\"}}],\"inLanguage\":\"fr-FR\"},{\"@type\":\"Organization\",\"@id\":\"https:\\\/\\\/www.bellunopress.it\\\/#organization\",\"name\":\"Bellunopress\",\"url\":\"https:\\\/\\\/www.bellunopress.it\\\/\",\"logo\":{\"@type\":\"ImageObject\",\"inLanguage\":\"fr-FR\",\"@id\":\"https:\\\/\\\/www.bellunopress.it\\\/#\\\/schema\\\/logo\\\/image\\\/\",\"url\":\"https:\\\/\\\/www.bellunopress.it\\\/wp-content\\\/uploads\\\/2011\\\/05\\\/cropped-logo-bellunopress-.jpg\",\"contentUrl\":\"https:\\\/\\\/www.bellunopress.it\\\/wp-content\\\/uploads\\\/2011\\\/05\\\/cropped-logo-bellunopress-.jpg\",\"width\":512,\"height\":512,\"caption\":\"Bellunopress\"},\"image\":{\"@id\":\"https:\\\/\\\/www.bellunopress.it\\\/#\\\/schema\\\/logo\\\/image\\\/\"},\"sameAs\":[\"https:\\\/\\\/www.facebook.com\\\/profile.php?id=100008943462799\",\"https:\\\/\\\/x.com\\\/bellunopress\",\"https:\\\/\\\/www.linkedin.com\\\/hp\\\/?dnr=JBzUWaJfMUw8vbXJJ2tVW5-I3jZKvC4wsoxE&amp;amp;amp;amp;amp;amp;trk=nav_responsive_tab_home\",\"https:\\\/\\\/www.youtube.com\\\/channel\\\/UCxL0wu1uN0_3_7hGG0306cw\"]},{\"@type\":\"Person\",\"@id\":\"https:\\\/\\\/www.bellunopress.it\\\/#\\\/schema\\\/person\\\/79bb06722b37ece1c03d3e94beb30d73\",\"name\":\"redazione\",\"image\":{\"@type\":\"ImageObject\",\"inLanguage\":\"fr-FR\",\"@id\":\"https:\\\/\\\/secure.gravatar.com\\\/avatar\\\/37d968a2e67a6fd04c169c4bdef102d0bc5d31b2546345219e348575eb80e9a0?s=96&d=mm&r=g\",\"url\":\"https:\\\/\\\/secure.gravatar.com\\\/avatar\\\/37d968a2e67a6fd04c169c4bdef102d0bc5d31b2546345219e348575eb80e9a0?s=96&d=mm&r=g\",\"contentUrl\":\"https:\\\/\\\/secure.gravatar.com\\\/avatar\\\/37d968a2e67a6fd04c169c4bdef102d0bc5d31b2546345219e348575eb80e9a0?s=96&d=mm&r=g\",\"caption\":\"redazione\"},\"sameAs\":[\"http:\\\/\\\/www.bellunopress.it\",\"https:\\\/\\\/x.com\\\/bellunopress\"],\"url\":\"https:\\\/\\\/www.bellunopress.it\\\/fr\\\/author\\\/redazione\\\/\"}]}<\/script>\n<!-- \/ Yoast SEO plugin. -->","yoast_head_json":{"title":"L'8 settembre delle imprese individuali: in due anni 300 meno! Crescono quelle costituite da extracomunitari, 42 in pi\u00f9. Capraro: \u201dbisogna che i bellunesi credano di pi\u00f9 nelle loro capacit\u00e0 di fare impresa.\u201d - Bellunopress - Dolomiti","robots":{"index":"index","follow":"follow","max-snippet":"max-snippet:-1","max-image-preview":"max-image-preview:large","max-video-preview":"max-video-preview:-1"},"canonical":"https:\/\/www.bellunopress.it\/fr\/2009\/09\/08\/l8-settembre-delle-imprese-individuali-in-due-anni-300-meno-crescono-quelle-costituite-da-extracomunitari-42-in-piu-capraro-\u201dbisogna-che-i-bellunesi-credano-di-piu-nelle-loro-capacita-d\/","og_locale":"fr_FR","og_type":"article","og_title":"L'8 settembre delle imprese individuali: in due anni 300 meno! Crescono quelle costituite da extracomunitari, 42 in pi\u00f9. Capraro: \u201dbisogna che i bellunesi credano di pi\u00f9 nelle loro capacit\u00e0 di fare impresa.\u201d - Bellunopress - Dolomiti","og_description":"Sono finiti i tempi in cui anche i bellunesi sceglievano di mettersi in proprio e qualche negozio o piccola attivit\u00e0 nasceva ogni giorno.\u00a0 Complice la grande crescita di qualche gruppo industriale e il forte decremento nella natalit\u00e0, alla voglia di mettersi in proprio \u00e8 subentrata la ricerca del posto fisso in qualche grande fabbrica e [&hellip;]","og_url":"https:\/\/www.bellunopress.it\/fr\/2009\/09\/08\/l8-settembre-delle-imprese-individuali-in-due-anni-300-meno-crescono-quelle-costituite-da-extracomunitari-42-in-piu-capraro-\u201dbisogna-che-i-bellunesi-credano-di-piu-nelle-loro-capacita-d\/","og_site_name":"Bellunopress - Dolomiti","article_publisher":"https:\/\/www.facebook.com\/profile.php?id=100008943462799","article_published_time":"2009-09-08T17:53:46+00:00","og_image":[{"url":"http:\/\/www.bellunopress.it\/wp-content\/uploads\/2009\/03\/walter-capraro-direttore-unione-artigiani-190x190.jpg","type":"","width":"","height":""}],"author":"redazione","twitter_card":"summary_large_image","twitter_creator":"@bellunopress","twitter_site":"@bellunopress","twitter_misc":{"\u00c9crit par":"redazione","Dur\u00e9e de lecture estim\u00e9e":"2 minutes"},"schema":{"@context":"https:\/\/schema.org","@graph":[{"@type":"Article","@id":"https:\/\/www.bellunopress.it\/2009\/09\/08\/l8-settembre-delle-imprese-individuali-in-due-anni-300-meno-crescono-quelle-costituite-da-extracomunitari-42-in-piu-capraro-%e2%80%9dbisogna-che-i-bellunesi-credano-di-piu-nelle-loro-capacita-d\/#article","isPartOf":{"@id":"https:\/\/www.bellunopress.it\/2009\/09\/08\/l8-settembre-delle-imprese-individuali-in-due-anni-300-meno-crescono-quelle-costituite-da-extracomunitari-42-in-piu-capraro-%e2%80%9dbisogna-che-i-bellunesi-credano-di-piu-nelle-loro-capacita-d\/"},"author":{"name":"redazione","@id":"https:\/\/www.bellunopress.it\/#\/schema\/person\/79bb06722b37ece1c03d3e94beb30d73"},"headline":"L&#8217;8 settembre delle imprese individuali: in due anni 300 meno! Crescono quelle costituite da extracomunitari, 42 in pi\u00f9. Capraro: \u201dbisogna che i bellunesi credano di pi\u00f9 nelle loro capacit\u00e0 di fare impresa.\u201d","datePublished":"2009-09-08T17:53:46+00:00","mainEntityOfPage":{"@id":"https:\/\/www.bellunopress.it\/2009\/09\/08\/l8-settembre-delle-imprese-individuali-in-due-anni-300-meno-crescono-quelle-costituite-da-extracomunitari-42-in-piu-capraro-%e2%80%9dbisogna-che-i-bellunesi-credano-di-piu-nelle-loro-capacita-d\/"},"wordCount":437,"publisher":{"@id":"https:\/\/www.bellunopress.it\/#organization"},"image":{"@id":"https:\/\/www.bellunopress.it\/2009\/09\/08\/l8-settembre-delle-imprese-individuali-in-due-anni-300-meno-crescono-quelle-costituite-da-extracomunitari-42-in-piu-capraro-%e2%80%9dbisogna-che-i-bellunesi-credano-di-piu-nelle-loro-capacita-d\/#primaryimage"},"thumbnailUrl":"http:\/\/www.bellunopress.it\/wp-content\/uploads\/2009\/03\/walter-capraro-direttore-unione-artigiani-190x190.jpg","keywords":["Belluno"],"articleSection":["Cronaca\/Politica","Prima Pagina"],"inLanguage":"fr-FR"},{"@type":"WebPage","@id":"https:\/\/www.bellunopress.it\/2009\/09\/08\/l8-settembre-delle-imprese-individuali-in-due-anni-300-meno-crescono-quelle-costituite-da-extracomunitari-42-in-piu-capraro-%e2%80%9dbisogna-che-i-bellunesi-credano-di-piu-nelle-loro-capacita-d\/","url":"https:\/\/www.bellunopress.it\/2009\/09\/08\/l8-settembre-delle-imprese-individuali-in-due-anni-300-meno-crescono-quelle-costituite-da-extracomunitari-42-in-piu-capraro-%e2%80%9dbisogna-che-i-bellunesi-credano-di-piu-nelle-loro-capacita-d\/","name":"L'8 settembre delle imprese individuali: in due anni 300 meno! Crescono quelle costituite da extracomunitari, 42 in pi\u00f9. Capraro: \u201dbisogna che i bellunesi credano di pi\u00f9 nelle loro capacit\u00e0 di fare impresa.\u201d - Bellunopress - Dolomiti","isPartOf":{"@id":"https:\/\/www.bellunopress.it\/#website"},"primaryImageOfPage":{"@id":"https:\/\/www.bellunopress.it\/2009\/09\/08\/l8-settembre-delle-imprese-individuali-in-due-anni-300-meno-crescono-quelle-costituite-da-extracomunitari-42-in-piu-capraro-%e2%80%9dbisogna-che-i-bellunesi-credano-di-piu-nelle-loro-capacita-d\/#primaryimage"},"image":{"@id":"https:\/\/www.bellunopress.it\/2009\/09\/08\/l8-settembre-delle-imprese-individuali-in-due-anni-300-meno-crescono-quelle-costituite-da-extracomunitari-42-in-piu-capraro-%e2%80%9dbisogna-che-i-bellunesi-credano-di-piu-nelle-loro-capacita-d\/#primaryimage"},"thumbnailUrl":"http:\/\/www.bellunopress.it\/wp-content\/uploads\/2009\/03\/walter-capraro-direttore-unione-artigiani-190x190.jpg","datePublished":"2009-09-08T17:53:46+00:00","breadcrumb":{"@id":"https:\/\/www.bellunopress.it\/2009\/09\/08\/l8-settembre-delle-imprese-individuali-in-due-anni-300-meno-crescono-quelle-costituite-da-extracomunitari-42-in-piu-capraro-%e2%80%9dbisogna-che-i-bellunesi-credano-di-piu-nelle-loro-capacita-d\/#breadcrumb"},"inLanguage":"fr-FR","potentialAction":[{"@type":"ReadAction","target":["https:\/\/www.bellunopress.it\/2009\/09\/08\/l8-settembre-delle-imprese-individuali-in-due-anni-300-meno-crescono-quelle-costituite-da-extracomunitari-42-in-piu-capraro-%e2%80%9dbisogna-che-i-bellunesi-credano-di-piu-nelle-loro-capacita-d\/"]}]},{"@type":"ImageObject","inLanguage":"fr-FR","@id":"https:\/\/www.bellunopress.it\/2009\/09\/08\/l8-settembre-delle-imprese-individuali-in-due-anni-300-meno-crescono-quelle-costituite-da-extracomunitari-42-in-piu-capraro-%e2%80%9dbisogna-che-i-bellunesi-credano-di-piu-nelle-loro-capacita-d\/#primaryimage","url":"http:\/\/www.bellunopress.it\/wp-content\/uploads\/2009\/03\/walter-capraro-direttore-unione-artigiani-190x190.jpg","contentUrl":"http:\/\/www.bellunopress.it\/wp-content\/uploads\/2009\/03\/walter-capraro-direttore-unione-artigiani-190x190.jpg"},{"@type":"BreadcrumbList","@id":"https:\/\/www.bellunopress.it\/2009\/09\/08\/l8-settembre-delle-imprese-individuali-in-due-anni-300-meno-crescono-quelle-costituite-da-extracomunitari-42-in-piu-capraro-%e2%80%9dbisogna-che-i-bellunesi-credano-di-piu-nelle-loro-capacita-d\/#breadcrumb","itemListElement":[{"@type":"ListItem","position":1,"name":"Home","item":"https:\/\/www.bellunopress.it\/"},{"@type":"ListItem","position":2,"name":"L&#8217;8 settembre delle imprese individuali: in due anni 300 meno! Crescono quelle costituite da extracomunitari, 42 in pi\u00f9. Capraro: \u201dbisogna che i bellunesi credano di pi\u00f9 nelle loro capacit\u00e0 di fare impresa.\u201d"}]},{"@type":"WebSite","@id":"https:\/\/www.bellunopress.it\/#website","url":"https:\/\/www.bellunopress.it\/","name":"Bellunopress - Dolomiti","description":"e-mail: redazione@bellunopress.it","publisher":{"@id":"https:\/\/www.bellunopress.it\/#organization"},"potentialAction":[{"@type":"SearchAction","target":{"@type":"EntryPoint","urlTemplate":"https:\/\/www.bellunopress.it\/?s={search_term_string}"},"query-input":{"@type":"PropertyValueSpecification","valueRequired":true,"valueName":"search_term_string"}}],"inLanguage":"fr-FR"},{"@type":"Organization","@id":"https:\/\/www.bellunopress.it\/#organization","name":"Bellunopress","url":"https:\/\/www.bellunopress.it\/","logo":{"@type":"ImageObject","inLanguage":"fr-FR","@id":"https:\/\/www.bellunopress.it\/#\/schema\/logo\/image\/","url":"https:\/\/www.bellunopress.it\/wp-content\/uploads\/2011\/05\/cropped-logo-bellunopress-.jpg","contentUrl":"https:\/\/www.bellunopress.it\/wp-content\/uploads\/2011\/05\/cropped-logo-bellunopress-.jpg","width":512,"height":512,"caption":"Bellunopress"},"image":{"@id":"https:\/\/www.bellunopress.it\/#\/schema\/logo\/image\/"},"sameAs":["https:\/\/www.facebook.com\/profile.php?id=100008943462799","https:\/\/x.com\/bellunopress","https:\/\/www.linkedin.com\/hp\/?dnr=JBzUWaJfMUw8vbXJJ2tVW5-I3jZKvC4wsoxE&amp;amp;amp;amp;amp;amp;trk=nav_responsive_tab_home","https:\/\/www.youtube.com\/channel\/UCxL0wu1uN0_3_7hGG0306cw"]},{"@type":"Person","@id":"https:\/\/www.bellunopress.it\/#\/schema\/person\/79bb06722b37ece1c03d3e94beb30d73","name":"r\u00e9daction","image":{"@type":"ImageObject","inLanguage":"fr-FR","@id":"https:\/\/secure.gravatar.com\/avatar\/37d968a2e67a6fd04c169c4bdef102d0bc5d31b2546345219e348575eb80e9a0?s=96&d=mm&r=g","url":"https:\/\/secure.gravatar.com\/avatar\/37d968a2e67a6fd04c169c4bdef102d0bc5d31b2546345219e348575eb80e9a0?s=96&d=mm&r=g","contentUrl":"https:\/\/secure.gravatar.com\/avatar\/37d968a2e67a6fd04c169c4bdef102d0bc5d31b2546345219e348575eb80e9a0?s=96&d=mm&r=g","caption":"redazione"},"sameAs":["http:\/\/www.bellunopress.it","https:\/\/x.com\/bellunopress"],"url":"https:\/\/www.bellunopress.it\/fr\/author\/redazione\/"}]}},"_links":{"self":[{"href":"https:\/\/www.bellunopress.it\/fr\/wp-json\/wp\/v2\/posts\/7873","targetHints":{"allow":["GET"]}}],"collection":[{"href":"https:\/\/www.bellunopress.it\/fr\/wp-json\/wp\/v2\/posts"}],"about":[{"href":"https:\/\/www.bellunopress.it\/fr\/wp-json\/wp\/v2\/types\/post"}],"author":[{"embeddable":true,"href":"https:\/\/www.bellunopress.it\/fr\/wp-json\/wp\/v2\/users\/2"}],"replies":[{"embeddable":true,"href":"https:\/\/www.bellunopress.it\/fr\/wp-json\/wp\/v2\/comments?post=7873"}],"version-history":[{"count":1,"href":"https:\/\/www.bellunopress.it\/fr\/wp-json\/wp\/v2\/posts\/7873\/revisions"}],"predecessor-version":[{"id":7874,"href":"https:\/\/www.bellunopress.it\/fr\/wp-json\/wp\/v2\/posts\/7873\/revisions\/7874"}],"wp:attachment":[{"href":"https:\/\/www.bellunopress.it\/fr\/wp-json\/wp\/v2\/media?parent=7873"}],"wp:term":[{"taxonomy":"category","embeddable":true,"href":"https:\/\/www.bellunopress.it\/fr\/wp-json\/wp\/v2\/categories?post=7873"},{"taxonomy":"post_tag","embeddable":true,"href":"https:\/\/www.bellunopress.it\/fr\/wp-json\/wp\/v2\/tags?post=7873"}],"curies":[{"name":"wp","href":"https:\/\/api.w.org\/{rel}","templated":true}]}}