{"id":78612,"date":"2016-06-23T15:01:55","date_gmt":"2016-06-23T13:01:55","guid":{"rendered":"http:\/\/www.bellunopress.it\/?p=78612"},"modified":"2016-06-23T15:01:55","modified_gmt":"2016-06-23T13:01:55","slug":"inquinamento-pfas-arriva-parlamento-accolta-legambiente-dalla-commissione-parlamentare-dinchiesta","status":"publish","type":"post","link":"https:\/\/www.bellunopress.it\/fr\/2016\/06\/23\/inquinamento-pfas-arriva-parlamento-accolta-legambiente-dalla-commissione-parlamentare-dinchiesta\/","title":{"rendered":"Inquinamento Pfas arriva in Parlamento. Accolta Legambiente dalla Commissione parlamentare d&#8217;inchiesta"},"content":{"rendered":"<p><a href=\"http:\/\/www.bellunopress.it\/wp-content\/uploads\/2014\/10\/legambiente.jpg\"><img loading=\"lazy\" decoding=\"async\" class=\"alignleft size-full wp-image-63753\" src=\"http:\/\/www.bellunopress.it\/wp-content\/uploads\/2014\/10\/legambiente.jpg\" alt=\"legambiente\" width=\"170\" height=\"113\" \/><\/a>Il presidente di Legambiente Veneto Luigi Lazzaro, il portavoce del Coordinamento Acque Libere da Pfas Piergiorgio Boscagin ed il presidente del Centro di Azione Giuridica di Legambiente Veneto avv. Luca Tirapelle, sono stati ascoltati ieri (mercoled\u00ec ndr) dalla Commissione parlamentare di inchiesta sulle attivit\u00e0 illecite connesse al ciclo dei rifiuti e su illeciti ambientali ad esse correlati, raccontando le emergenze connesse alla presenza nell&#8217;ambiente di\u00a0 sostanze perfluoroalchiliche, in relazione alla grave situazione di criticit\u00e0 che sta intessandolarghe fasce di popolazione in Veneto.<br \/>\nInnanzitutto sono state presentate le proposte oggetto delle petizioni promosse dalle associazioni e ancora in corso. La prima riguarda il fatto che attualmente non esistono limiti imposti dalla legge ma solo limiti di performance, risulta quindi indispensabile che il Parlamento ed il Ministero si attivino per normare questa emergenza, ponendo dei limiti improntati al criterio di massima precauzione. Sia per ci\u00f2 che riguarda le acque potabili, quelle dei pozzi privati, di falda e superficiali. Alla commissione \u00e8 stata, inoltre, fatta notare la necessit\u00e0 che nel territorio inquinato da sostanze perfluoroalchiliche le fonti di approvvigionamento degli acquedotti contaminati vengano sostituite, individuando tempi, modalit\u00e0 e risorse economiche per attuare gli interventi necessari quanto prima. Sottolineando pure la disponibilit\u00e0 da parte dei gestori dell&#8217;acquedotto in questo senso.<\/p>\n<p>&#8220;\u00c8\u00a0 importante da subito fermare l&#8217;esposizione dei cittadini a queste sostanze e la loro diffusione nell&#8217;ambiente -dichiara Luigi Lazzaro, presidente di Legambiente Veneto &#8211; per questo pensiamo che il miliardo di Euro annunciato dal Presidente delle Regione Zaia per il biomonitoraggio sulla popolazione debba essere speso in maniera molto attenta, garantendo comunque un elevato standard di screening ma modulando le modalit\u00e0, il tempo ed il contesto di tali test si riuscirebbero a recuperare risorse indispensabili ed immediatamente spendibili per intervenire sulle fonti di approvvigionamento idriche contaminate sia per uso potabile che irriguo; senza gravare ulteriormente sulle tasche dei cittadini&#8221;.<br \/>\n&#8220;Cittadini che oggi stanno gi\u00e0 pagando di tasca propria &#8211;\u00a0 aggiunge Lazzaro &#8211; i costi dei carboni attivi necessari per purificare l&#8217;acqua dai danni causati dall&#8217;inquinamento della falda che, ricordo soprattutto agli Assessori regionali competenti, risulta essere la pi\u00f9 estesa d&#8217;Italia&#8221;.<\/p>\n<p>Legambiente e Coordinamento Acque Libere da Pfas ritengono per queste ragioni prioritario porre fine alla immissione nei corpi ricettori e, comunque, nelle acque di falda di queste sostanze da parte delle aziende che utilizzano e trattano i PFAS. Chi inquina paghi, \u00e8 uno dei principi richiamati di fronte alla Commissione, perch\u00e8 se \u00e8 indispensabile agire sul disinquinamento altrettanto necessaria, in tempi rapidi, deve arrivare l&#8217;individuazione di tutte le responsabilit\u00e0 per fare in modo che il disinquinamento venga fatto pagare a chi si \u00e8 reso responsabile di questo disastro ambientale.<\/p>\n<p>&#8220;Appare stringente &#8211; ha sottolineato l&#8217;avv. Luca Tirapelle, presidente del Centro di Azione Giuridica di Legambiente Veneto &#8211; la necessit\u00e0 di potenziamento degli organi statali preposti al controllo e alla prevenzione su di un territorio, quello Veneto, oltremodo negletto a causa del massiccio impatto inquinante derivante dal comparto chimico, industriale e conciario del bacino del Chiampo e da un&#8217;economia agricola di modello intensivo che utilizza abbondantemente prodotti fitofarmaci e fitosanitari&#8221;. &#8220;Per questo &#8211; prosegue Tirapelle &#8211; abbiamo chiesto di valutare la sussistenza della nuova ipotesi introdotta dalla recente Legge 68\/2015 sugli Ecoreati e di attivare l&#8217;Avvocatura dello Stato per sopperire alle mancanze della Regione Veneto ed intraprendere le opportune azioni sia in sede civile che penale nei confronti dei responsabili&#8221;.<\/p>\n<p>&#8220;I cittadini, che si ritengono tutt&#8217;altro che allarmisti hanno bisogno di risposte e di soluzioni e si aspettano dei progetti partecipati, chiari e comprensibili da parte di Regione Veneto e tutti gli organi competenti che salvaguardino la salute umana, l&#8217;agricoltura ed il territorio&#8221; conclude Piergiorgio Boscaggin, portavoce del coordinamento Acque Libere da PFAS che sul tema, assieme a Legambiente ha gi\u00e0 raccolto oltre 10000 firme attraverso la petizione #bastaPFAS.<\/p>\n<p>La Commissione ha recepito con molta attenzione il problema che l&#8217;associazione ambientalista si augura possa essere messo tra le priorit\u00e0 dell&#8217;azione del Parlamento e del Governo. <a href=\"http:\/\/legambienteveneto.us8.list-manage.com\/track\/click?u=c4d01780de553cedecea0ad26&amp;id=c0b10e1770&amp;e=ad52a61b15\" target=\"_blank\" rel=\"noreferrer\">Clicca qui <\/a>per scaricare il documento di sintesi consegnato da Legambiente al presidente della Commissione Alessandro Bratti.<\/p>","protected":false},"excerpt":{"rendered":"<p>Il presidente di Legambiente Veneto Luigi Lazzaro, il portavoce del Coordinamento Acque Libere da Pfas Piergiorgio Boscagin ed il presidente del Centro di Azione Giuridica di Legambiente Veneto avv. Luca Tirapelle, sono stati ascoltati ieri (mercoled\u00ec ndr) dalla Commissione parlamentare di inchiesta sulle attivit\u00e0 illecite connesse al ciclo dei rifiuti e su illeciti ambientali ad [&hellip;]<\/p>\n","protected":false},"author":2,"featured_media":0,"comment_status":"closed","ping_status":"open","sticky":false,"template":"","format":"standard","meta":{"footnotes":""},"categories":[38,26],"tags":[],"class_list":["post-78612","post","type-post","status-publish","format-standard","category-natura-ambiente","category-prima-pagina"],"yoast_head":"<!-- This site is optimized with the Yoast SEO plugin v28.4 - https:\/\/yoast.com\/product\/yoast-seo-wordpress\/ -->\n<title>Inquinamento Pfas arriva in Parlamento. Accolta Legambiente dalla Commissione parlamentare d&#039;inchiesta - Bellunopress - Dolomiti<\/title>\n<meta name=\"robots\" content=\"index, follow, max-snippet:-1, max-image-preview:large, max-video-preview:-1\" \/>\n<link rel=\"canonical\" href=\"https:\/\/www.bellunopress.it\/fr\/2016\/06\/23\/inquinamento-pfas-arriva-parlamento-accolta-legambiente-dalla-commissione-parlamentare-dinchiesta\/\" \/>\n<meta property=\"og:locale\" content=\"fr_FR\" \/>\n<meta property=\"og:type\" content=\"article\" \/>\n<meta property=\"og:title\" content=\"Inquinamento Pfas arriva in Parlamento. Accolta Legambiente dalla Commissione parlamentare d&#039;inchiesta - Bellunopress - Dolomiti\" \/>\n<meta property=\"og:description\" content=\"Il presidente di Legambiente Veneto Luigi Lazzaro, il portavoce del Coordinamento Acque Libere da Pfas Piergiorgio Boscagin ed il presidente del Centro di Azione Giuridica di Legambiente Veneto avv. Luca Tirapelle, sono stati ascoltati ieri (mercoled\u00ec ndr) dalla Commissione parlamentare di inchiesta sulle attivit\u00e0 illecite connesse al ciclo dei rifiuti e su illeciti ambientali ad [&hellip;]\" \/>\n<meta property=\"og:url\" content=\"https:\/\/www.bellunopress.it\/fr\/2016\/06\/23\/inquinamento-pfas-arriva-parlamento-accolta-legambiente-dalla-commissione-parlamentare-dinchiesta\/\" \/>\n<meta property=\"og:site_name\" content=\"Bellunopress - Dolomiti\" \/>\n<meta property=\"article:publisher\" content=\"https:\/\/www.facebook.com\/profile.php?id=100008943462799\" \/>\n<meta property=\"article:published_time\" content=\"2016-06-23T13:01:55+00:00\" \/>\n<meta property=\"og:image\" content=\"http:\/\/www.bellunopress.it\/wp-content\/uploads\/2014\/10\/legambiente.jpg\" \/>\n<meta name=\"author\" content=\"redazione\" \/>\n<meta name=\"twitter:card\" content=\"summary_large_image\" \/>\n<meta name=\"twitter:creator\" content=\"@bellunopress\" \/>\n<meta name=\"twitter:site\" content=\"@bellunopress\" \/>\n<meta name=\"twitter:label1\" content=\"\u00c9crit par\" \/>\n\t<meta name=\"twitter:data1\" content=\"redazione\" \/>\n\t<meta name=\"twitter:label2\" content=\"Dur\u00e9e de lecture estim\u00e9e\" \/>\n\t<meta name=\"twitter:data2\" content=\"3 minutes\" \/>\n<script type=\"application\/ld+json\" class=\"yoast-schema-graph\">{\"@context\":\"https:\\\/\\\/schema.org\",\"@graph\":[{\"@type\":\"Article\",\"@id\":\"https:\\\/\\\/www.bellunopress.it\\\/2016\\\/06\\\/23\\\/inquinamento-pfas-arriva-parlamento-accolta-legambiente-dalla-commissione-parlamentare-dinchiesta\\\/#article\",\"isPartOf\":{\"@id\":\"https:\\\/\\\/www.bellunopress.it\\\/2016\\\/06\\\/23\\\/inquinamento-pfas-arriva-parlamento-accolta-legambiente-dalla-commissione-parlamentare-dinchiesta\\\/\"},\"author\":{\"name\":\"redazione\",\"@id\":\"https:\\\/\\\/www.bellunopress.it\\\/#\\\/schema\\\/person\\\/79bb06722b37ece1c03d3e94beb30d73\"},\"headline\":\"Inquinamento Pfas arriva in Parlamento. Accolta Legambiente dalla Commissione parlamentare d&#8217;inchiesta\",\"datePublished\":\"2016-06-23T13:01:55+00:00\",\"mainEntityOfPage\":{\"@id\":\"https:\\\/\\\/www.bellunopress.it\\\/2016\\\/06\\\/23\\\/inquinamento-pfas-arriva-parlamento-accolta-legambiente-dalla-commissione-parlamentare-dinchiesta\\\/\"},\"wordCount\":687,\"publisher\":{\"@id\":\"https:\\\/\\\/www.bellunopress.it\\\/#organization\"},\"image\":{\"@id\":\"https:\\\/\\\/www.bellunopress.it\\\/2016\\\/06\\\/23\\\/inquinamento-pfas-arriva-parlamento-accolta-legambiente-dalla-commissione-parlamentare-dinchiesta\\\/#primaryimage\"},\"thumbnailUrl\":\"http:\\\/\\\/www.bellunopress.it\\\/wp-content\\\/uploads\\\/2014\\\/10\\\/legambiente.jpg\",\"articleSection\":[\"Meteo, natura, ambiente, animali\",\"Prima Pagina\"],\"inLanguage\":\"fr-FR\"},{\"@type\":\"WebPage\",\"@id\":\"https:\\\/\\\/www.bellunopress.it\\\/2016\\\/06\\\/23\\\/inquinamento-pfas-arriva-parlamento-accolta-legambiente-dalla-commissione-parlamentare-dinchiesta\\\/\",\"url\":\"https:\\\/\\\/www.bellunopress.it\\\/2016\\\/06\\\/23\\\/inquinamento-pfas-arriva-parlamento-accolta-legambiente-dalla-commissione-parlamentare-dinchiesta\\\/\",\"name\":\"Inquinamento Pfas arriva in Parlamento. Accolta Legambiente dalla Commissione parlamentare d'inchiesta - Bellunopress - Dolomiti\",\"isPartOf\":{\"@id\":\"https:\\\/\\\/www.bellunopress.it\\\/#website\"},\"primaryImageOfPage\":{\"@id\":\"https:\\\/\\\/www.bellunopress.it\\\/2016\\\/06\\\/23\\\/inquinamento-pfas-arriva-parlamento-accolta-legambiente-dalla-commissione-parlamentare-dinchiesta\\\/#primaryimage\"},\"image\":{\"@id\":\"https:\\\/\\\/www.bellunopress.it\\\/2016\\\/06\\\/23\\\/inquinamento-pfas-arriva-parlamento-accolta-legambiente-dalla-commissione-parlamentare-dinchiesta\\\/#primaryimage\"},\"thumbnailUrl\":\"http:\\\/\\\/www.bellunopress.it\\\/wp-content\\\/uploads\\\/2014\\\/10\\\/legambiente.jpg\",\"datePublished\":\"2016-06-23T13:01:55+00:00\",\"breadcrumb\":{\"@id\":\"https:\\\/\\\/www.bellunopress.it\\\/2016\\\/06\\\/23\\\/inquinamento-pfas-arriva-parlamento-accolta-legambiente-dalla-commissione-parlamentare-dinchiesta\\\/#breadcrumb\"},\"inLanguage\":\"fr-FR\",\"potentialAction\":[{\"@type\":\"ReadAction\",\"target\":[\"https:\\\/\\\/www.bellunopress.it\\\/2016\\\/06\\\/23\\\/inquinamento-pfas-arriva-parlamento-accolta-legambiente-dalla-commissione-parlamentare-dinchiesta\\\/\"]}]},{\"@type\":\"ImageObject\",\"inLanguage\":\"fr-FR\",\"@id\":\"https:\\\/\\\/www.bellunopress.it\\\/2016\\\/06\\\/23\\\/inquinamento-pfas-arriva-parlamento-accolta-legambiente-dalla-commissione-parlamentare-dinchiesta\\\/#primaryimage\",\"url\":\"http:\\\/\\\/www.bellunopress.it\\\/wp-content\\\/uploads\\\/2014\\\/10\\\/legambiente.jpg\",\"contentUrl\":\"http:\\\/\\\/www.bellunopress.it\\\/wp-content\\\/uploads\\\/2014\\\/10\\\/legambiente.jpg\"},{\"@type\":\"BreadcrumbList\",\"@id\":\"https:\\\/\\\/www.bellunopress.it\\\/2016\\\/06\\\/23\\\/inquinamento-pfas-arriva-parlamento-accolta-legambiente-dalla-commissione-parlamentare-dinchiesta\\\/#breadcrumb\",\"itemListElement\":[{\"@type\":\"ListItem\",\"position\":1,\"name\":\"Home\",\"item\":\"https:\\\/\\\/www.bellunopress.it\\\/\"},{\"@type\":\"ListItem\",\"position\":2,\"name\":\"Inquinamento Pfas arriva in Parlamento. Accolta Legambiente dalla Commissione parlamentare d&#8217;inchiesta\"}]},{\"@type\":\"WebSite\",\"@id\":\"https:\\\/\\\/www.bellunopress.it\\\/#website\",\"url\":\"https:\\\/\\\/www.bellunopress.it\\\/\",\"name\":\"Bellunopress - Dolomiti\",\"description\":\"e-mail: redazione@bellunopress.it\",\"publisher\":{\"@id\":\"https:\\\/\\\/www.bellunopress.it\\\/#organization\"},\"potentialAction\":[{\"@type\":\"SearchAction\",\"target\":{\"@type\":\"EntryPoint\",\"urlTemplate\":\"https:\\\/\\\/www.bellunopress.it\\\/?s={search_term_string}\"},\"query-input\":{\"@type\":\"PropertyValueSpecification\",\"valueRequired\":true,\"valueName\":\"search_term_string\"}}],\"inLanguage\":\"fr-FR\"},{\"@type\":\"Organization\",\"@id\":\"https:\\\/\\\/www.bellunopress.it\\\/#organization\",\"name\":\"Bellunopress\",\"url\":\"https:\\\/\\\/www.bellunopress.it\\\/\",\"logo\":{\"@type\":\"ImageObject\",\"inLanguage\":\"fr-FR\",\"@id\":\"https:\\\/\\\/www.bellunopress.it\\\/#\\\/schema\\\/logo\\\/image\\\/\",\"url\":\"https:\\\/\\\/www.bellunopress.it\\\/wp-content\\\/uploads\\\/2011\\\/05\\\/cropped-logo-bellunopress-.jpg\",\"contentUrl\":\"https:\\\/\\\/www.bellunopress.it\\\/wp-content\\\/uploads\\\/2011\\\/05\\\/cropped-logo-bellunopress-.jpg\",\"width\":512,\"height\":512,\"caption\":\"Bellunopress\"},\"image\":{\"@id\":\"https:\\\/\\\/www.bellunopress.it\\\/#\\\/schema\\\/logo\\\/image\\\/\"},\"sameAs\":[\"https:\\\/\\\/www.facebook.com\\\/profile.php?id=100008943462799\",\"https:\\\/\\\/x.com\\\/bellunopress\",\"https:\\\/\\\/www.linkedin.com\\\/hp\\\/?dnr=JBzUWaJfMUw8vbXJJ2tVW5-I3jZKvC4wsoxE&amp;amp;amp;amp;amp;amp;trk=nav_responsive_tab_home\",\"https:\\\/\\\/www.youtube.com\\\/channel\\\/UCxL0wu1uN0_3_7hGG0306cw\"]},{\"@type\":\"Person\",\"@id\":\"https:\\\/\\\/www.bellunopress.it\\\/#\\\/schema\\\/person\\\/79bb06722b37ece1c03d3e94beb30d73\",\"name\":\"redazione\",\"image\":{\"@type\":\"ImageObject\",\"inLanguage\":\"fr-FR\",\"@id\":\"https:\\\/\\\/secure.gravatar.com\\\/avatar\\\/37d968a2e67a6fd04c169c4bdef102d0bc5d31b2546345219e348575eb80e9a0?s=96&d=mm&r=g\",\"url\":\"https:\\\/\\\/secure.gravatar.com\\\/avatar\\\/37d968a2e67a6fd04c169c4bdef102d0bc5d31b2546345219e348575eb80e9a0?s=96&d=mm&r=g\",\"contentUrl\":\"https:\\\/\\\/secure.gravatar.com\\\/avatar\\\/37d968a2e67a6fd04c169c4bdef102d0bc5d31b2546345219e348575eb80e9a0?s=96&d=mm&r=g\",\"caption\":\"redazione\"},\"sameAs\":[\"http:\\\/\\\/www.bellunopress.it\",\"https:\\\/\\\/x.com\\\/bellunopress\"],\"url\":\"https:\\\/\\\/www.bellunopress.it\\\/fr\\\/author\\\/redazione\\\/\"}]}<\/script>\n<!-- \/ Yoast SEO plugin. -->","yoast_head_json":{"title":"Inquinamento Pfas arriva in Parlamento. Accolta Legambiente dalla Commissione parlamentare d'inchiesta - Bellunopress - Dolomiti","robots":{"index":"index","follow":"follow","max-snippet":"max-snippet:-1","max-image-preview":"max-image-preview:large","max-video-preview":"max-video-preview:-1"},"canonical":"https:\/\/www.bellunopress.it\/fr\/2016\/06\/23\/inquinamento-pfas-arriva-parlamento-accolta-legambiente-dalla-commissione-parlamentare-dinchiesta\/","og_locale":"fr_FR","og_type":"article","og_title":"Inquinamento Pfas arriva in Parlamento. Accolta Legambiente dalla Commissione parlamentare d'inchiesta - Bellunopress - Dolomiti","og_description":"Il presidente di Legambiente Veneto Luigi Lazzaro, il portavoce del Coordinamento Acque Libere da Pfas Piergiorgio Boscagin ed il presidente del Centro di Azione Giuridica di Legambiente Veneto avv. Luca Tirapelle, sono stati ascoltati ieri (mercoled\u00ec ndr) dalla Commissione parlamentare di inchiesta sulle attivit\u00e0 illecite connesse al ciclo dei rifiuti e su illeciti ambientali ad [&hellip;]","og_url":"https:\/\/www.bellunopress.it\/fr\/2016\/06\/23\/inquinamento-pfas-arriva-parlamento-accolta-legambiente-dalla-commissione-parlamentare-dinchiesta\/","og_site_name":"Bellunopress - Dolomiti","article_publisher":"https:\/\/www.facebook.com\/profile.php?id=100008943462799","article_published_time":"2016-06-23T13:01:55+00:00","og_image":[{"url":"http:\/\/www.bellunopress.it\/wp-content\/uploads\/2014\/10\/legambiente.jpg","type":"","width":"","height":""}],"author":"redazione","twitter_card":"summary_large_image","twitter_creator":"@bellunopress","twitter_site":"@bellunopress","twitter_misc":{"\u00c9crit par":"redazione","Dur\u00e9e de lecture estim\u00e9e":"3 minutes"},"schema":{"@context":"https:\/\/schema.org","@graph":[{"@type":"Article","@id":"https:\/\/www.bellunopress.it\/2016\/06\/23\/inquinamento-pfas-arriva-parlamento-accolta-legambiente-dalla-commissione-parlamentare-dinchiesta\/#article","isPartOf":{"@id":"https:\/\/www.bellunopress.it\/2016\/06\/23\/inquinamento-pfas-arriva-parlamento-accolta-legambiente-dalla-commissione-parlamentare-dinchiesta\/"},"author":{"name":"redazione","@id":"https:\/\/www.bellunopress.it\/#\/schema\/person\/79bb06722b37ece1c03d3e94beb30d73"},"headline":"Inquinamento Pfas arriva in Parlamento. Accolta Legambiente dalla Commissione parlamentare d&#8217;inchiesta","datePublished":"2016-06-23T13:01:55+00:00","mainEntityOfPage":{"@id":"https:\/\/www.bellunopress.it\/2016\/06\/23\/inquinamento-pfas-arriva-parlamento-accolta-legambiente-dalla-commissione-parlamentare-dinchiesta\/"},"wordCount":687,"publisher":{"@id":"https:\/\/www.bellunopress.it\/#organization"},"image":{"@id":"https:\/\/www.bellunopress.it\/2016\/06\/23\/inquinamento-pfas-arriva-parlamento-accolta-legambiente-dalla-commissione-parlamentare-dinchiesta\/#primaryimage"},"thumbnailUrl":"http:\/\/www.bellunopress.it\/wp-content\/uploads\/2014\/10\/legambiente.jpg","articleSection":["Meteo, natura, ambiente, animali","Prima Pagina"],"inLanguage":"fr-FR"},{"@type":"WebPage","@id":"https:\/\/www.bellunopress.it\/2016\/06\/23\/inquinamento-pfas-arriva-parlamento-accolta-legambiente-dalla-commissione-parlamentare-dinchiesta\/","url":"https:\/\/www.bellunopress.it\/2016\/06\/23\/inquinamento-pfas-arriva-parlamento-accolta-legambiente-dalla-commissione-parlamentare-dinchiesta\/","name":"Inquinamento Pfas arriva in Parlamento. Accolta Legambiente dalla Commissione parlamentare d'inchiesta - Bellunopress - Dolomiti","isPartOf":{"@id":"https:\/\/www.bellunopress.it\/#website"},"primaryImageOfPage":{"@id":"https:\/\/www.bellunopress.it\/2016\/06\/23\/inquinamento-pfas-arriva-parlamento-accolta-legambiente-dalla-commissione-parlamentare-dinchiesta\/#primaryimage"},"image":{"@id":"https:\/\/www.bellunopress.it\/2016\/06\/23\/inquinamento-pfas-arriva-parlamento-accolta-legambiente-dalla-commissione-parlamentare-dinchiesta\/#primaryimage"},"thumbnailUrl":"http:\/\/www.bellunopress.it\/wp-content\/uploads\/2014\/10\/legambiente.jpg","datePublished":"2016-06-23T13:01:55+00:00","breadcrumb":{"@id":"https:\/\/www.bellunopress.it\/2016\/06\/23\/inquinamento-pfas-arriva-parlamento-accolta-legambiente-dalla-commissione-parlamentare-dinchiesta\/#breadcrumb"},"inLanguage":"fr-FR","potentialAction":[{"@type":"ReadAction","target":["https:\/\/www.bellunopress.it\/2016\/06\/23\/inquinamento-pfas-arriva-parlamento-accolta-legambiente-dalla-commissione-parlamentare-dinchiesta\/"]}]},{"@type":"ImageObject","inLanguage":"fr-FR","@id":"https:\/\/www.bellunopress.it\/2016\/06\/23\/inquinamento-pfas-arriva-parlamento-accolta-legambiente-dalla-commissione-parlamentare-dinchiesta\/#primaryimage","url":"http:\/\/www.bellunopress.it\/wp-content\/uploads\/2014\/10\/legambiente.jpg","contentUrl":"http:\/\/www.bellunopress.it\/wp-content\/uploads\/2014\/10\/legambiente.jpg"},{"@type":"BreadcrumbList","@id":"https:\/\/www.bellunopress.it\/2016\/06\/23\/inquinamento-pfas-arriva-parlamento-accolta-legambiente-dalla-commissione-parlamentare-dinchiesta\/#breadcrumb","itemListElement":[{"@type":"ListItem","position":1,"name":"Home","item":"https:\/\/www.bellunopress.it\/"},{"@type":"ListItem","position":2,"name":"Inquinamento Pfas arriva in Parlamento. Accolta Legambiente dalla Commissione parlamentare d&#8217;inchiesta"}]},{"@type":"WebSite","@id":"https:\/\/www.bellunopress.it\/#website","url":"https:\/\/www.bellunopress.it\/","name":"Bellunopress - Dolomiti","description":"e-mail: redazione@bellunopress.it","publisher":{"@id":"https:\/\/www.bellunopress.it\/#organization"},"potentialAction":[{"@type":"SearchAction","target":{"@type":"EntryPoint","urlTemplate":"https:\/\/www.bellunopress.it\/?s={search_term_string}"},"query-input":{"@type":"PropertyValueSpecification","valueRequired":true,"valueName":"search_term_string"}}],"inLanguage":"fr-FR"},{"@type":"Organization","@id":"https:\/\/www.bellunopress.it\/#organization","name":"Bellunopress","url":"https:\/\/www.bellunopress.it\/","logo":{"@type":"ImageObject","inLanguage":"fr-FR","@id":"https:\/\/www.bellunopress.it\/#\/schema\/logo\/image\/","url":"https:\/\/www.bellunopress.it\/wp-content\/uploads\/2011\/05\/cropped-logo-bellunopress-.jpg","contentUrl":"https:\/\/www.bellunopress.it\/wp-content\/uploads\/2011\/05\/cropped-logo-bellunopress-.jpg","width":512,"height":512,"caption":"Bellunopress"},"image":{"@id":"https:\/\/www.bellunopress.it\/#\/schema\/logo\/image\/"},"sameAs":["https:\/\/www.facebook.com\/profile.php?id=100008943462799","https:\/\/x.com\/bellunopress","https:\/\/www.linkedin.com\/hp\/?dnr=JBzUWaJfMUw8vbXJJ2tVW5-I3jZKvC4wsoxE&amp;amp;amp;amp;amp;amp;trk=nav_responsive_tab_home","https:\/\/www.youtube.com\/channel\/UCxL0wu1uN0_3_7hGG0306cw"]},{"@type":"Person","@id":"https:\/\/www.bellunopress.it\/#\/schema\/person\/79bb06722b37ece1c03d3e94beb30d73","name":"r\u00e9daction","image":{"@type":"ImageObject","inLanguage":"fr-FR","@id":"https:\/\/secure.gravatar.com\/avatar\/37d968a2e67a6fd04c169c4bdef102d0bc5d31b2546345219e348575eb80e9a0?s=96&d=mm&r=g","url":"https:\/\/secure.gravatar.com\/avatar\/37d968a2e67a6fd04c169c4bdef102d0bc5d31b2546345219e348575eb80e9a0?s=96&d=mm&r=g","contentUrl":"https:\/\/secure.gravatar.com\/avatar\/37d968a2e67a6fd04c169c4bdef102d0bc5d31b2546345219e348575eb80e9a0?s=96&d=mm&r=g","caption":"redazione"},"sameAs":["http:\/\/www.bellunopress.it","https:\/\/x.com\/bellunopress"],"url":"https:\/\/www.bellunopress.it\/fr\/author\/redazione\/"}]}},"_links":{"self":[{"href":"https:\/\/www.bellunopress.it\/fr\/wp-json\/wp\/v2\/posts\/78612","targetHints":{"allow":["GET"]}}],"collection":[{"href":"https:\/\/www.bellunopress.it\/fr\/wp-json\/wp\/v2\/posts"}],"about":[{"href":"https:\/\/www.bellunopress.it\/fr\/wp-json\/wp\/v2\/types\/post"}],"author":[{"embeddable":true,"href":"https:\/\/www.bellunopress.it\/fr\/wp-json\/wp\/v2\/users\/2"}],"replies":[{"embeddable":true,"href":"https:\/\/www.bellunopress.it\/fr\/wp-json\/wp\/v2\/comments?post=78612"}],"version-history":[{"count":1,"href":"https:\/\/www.bellunopress.it\/fr\/wp-json\/wp\/v2\/posts\/78612\/revisions"}],"predecessor-version":[{"id":78613,"href":"https:\/\/www.bellunopress.it\/fr\/wp-json\/wp\/v2\/posts\/78612\/revisions\/78613"}],"wp:attachment":[{"href":"https:\/\/www.bellunopress.it\/fr\/wp-json\/wp\/v2\/media?parent=78612"}],"wp:term":[{"taxonomy":"category","embeddable":true,"href":"https:\/\/www.bellunopress.it\/fr\/wp-json\/wp\/v2\/categories?post=78612"},{"taxonomy":"post_tag","embeddable":true,"href":"https:\/\/www.bellunopress.it\/fr\/wp-json\/wp\/v2\/tags?post=78612"}],"curies":[{"name":"wp","href":"https:\/\/api.w.org\/{rel}","templated":true}]}}