{"id":78606,"date":"2016-06-23T11:50:11","date_gmt":"2016-06-23T09:50:11","guid":{"rendered":"http:\/\/www.bellunopress.it\/?p=78606"},"modified":"2016-06-23T11:50:11","modified_gmt":"2016-06-23T09:50:11","slug":"diplomati-ad-indirizzo-sociale-novita-6700-studenti-la-regione-veneto-integra-corso-studi-diventare-operatori-sociosanitari","status":"publish","type":"post","link":"https:\/\/www.bellunopress.it\/fr\/2016\/06\/23\/diplomati-ad-indirizzo-sociale-novita-6700-studenti-la-regione-veneto-integra-corso-studi-diventare-operatori-sociosanitari\/","title":{"rendered":"Diplomati ad indirizzo sociale, novit\u00e0 per 6700 studenti. La Regione Veneto integra il corso di studi per diventare operatori sociosanitari"},"content":{"rendered":"<p>&nbsp;<\/p>\n<figure id=\"attachment_18763\" aria-describedby=\"caption-attachment-18763\" style=\"width: 191px\" class=\"wp-caption alignleft\"><a href=\"http:\/\/www.bellunopress.it\/wp-content\/uploads\/2010\/09\/elena-donazzan-270x190.jpg\"><img loading=\"lazy\" decoding=\"async\" class=\"size-full wp-image-18763\" src=\"http:\/\/www.bellunopress.it\/wp-content\/uploads\/2010\/09\/elena-donazzan-270x190.jpg\" alt=\"Elena Donazzan\" width=\"191\" height=\"270\" \/><\/a><figcaption id=\"caption-attachment-18763\" class=\"wp-caption-text\">Elena Donazzan<\/figcaption><\/figure>\n<p>I neodiplomati negli istituti professionali ad indirizzo sociosanitario ora potranno acquisire la qualifica di operatore sociosanitario, direttamente spendibile nelle strutture e nei servizi del sistema sociosanitario, La Giunta regionale del Veneto, su proposta di Manuela Lanzarin e di Elena Donazzan, assessori rispettivamente al sociale e alla formazione, ha approvato il protocollo d\u2019intesa con l\u2019Ufficio scolastico regionale del Veneto che d\u00e0 avvio ad un percorso integrativo che permetter\u00e0 ai 6.700 i giovani iscritti in una delle quasi 30 scuole superiori a indirizzo servizi socio sanitari del Veneto di acquisire la qualifica di Oss.<br \/>\nAttualmente per i diplomati in servizi socio sanitari, a parte la prospettiva di prosecuzione degli studi all\u2019Universit\u00e0, anche in percorsi coerenti con gli studi affrontati durante la scuola superiore, da scienze infermieristiche a logopedia, sono poche le possibilit\u00e0 concrete di ingresso diretto nel mercato del lavoro.<br \/>\nLa riforma Gelmini della scuola superiore del 2010 aveva infatti ridimensionato il ruolo della cosiddetta &#8220;Terza Area&#8221; (alternanza scuola-lavoro) nella formazione professionale di Stato e rivisto i corsi ad indirizzo sociale e sanitario azzerando il percorso professionalizzante per la qualifica di OSS. Per le migliaia di studenti iscritti al quarto e quinto anno di tali corsi di &#8216;terza fascia&#8217; la riforma Gelmini ha rappresentato un imprevisto colpo di spugna che ha negato validit\u00e0 al relativo titolo di studio ai fini dell\u2019inserimento occupazionale post-diploma.<\/p>\n<p>\u201cSu richiesta delle famiglie, degli studenti interessanti e degli stessi istituti professionali, nonch\u00e9 degli amministratori locali \u2013 dichiarano Donazzan e Lanzarin &#8211; la Giunta veneta d\u2019intesa con l\u2019Ufficio scolastico regionale ha inteso salvaguardare i percorsi scolastici intrapresi da quanti si sono iscritti a questo tipo di scuola, e ha provveduto ad integrare il percorso scolastico quinquennale con corsi paralleli o successivi, in modo che gli studenti acquisiscano le necessarie competenze teoriche e pratiche, con tirocini nelle strutture sanitarie e assistenziali della Regione, raggiungendo quindi gli standard regionali richiesti per la figura dell\u2019operatore sociosanitario\u201d.<br \/>\nRispetto alle 1000 ore di corso ordinario, \u00e8 stato previsto un percorso ridotto di 200 ore di teoria, soprattutto in tema di assistenza e igiene alla persona, alle quali saranno aggiunti i tirocini previsti per legge, se non sono stati gi\u00e0 realizzati nel percorso scolastico. Attualmente sono 1.200 i ragazzi iscritti all\u2019indirizzo \u201cServizi socio sanitari\u201d in Veneto che stanno affrontando gli esami di stato e che, a diploma conseguito, potrebbero avviarsi alla professione di Oss. Il protocollo regionale con l\u2019Ufficio scolastico prevede che gi\u00e0 dal prossimo autunno possano partire i corsi integrativi nelle scuole che ne faranno richiesta.<br \/>\n\u201cAbbiamo previsto. inoltre \u2013 aggiunge l\u2019assessore Donazzan \u2013 di riconoscere crediti formativi standard, spendibili nei percorsi ordinari di formazione degli Oss, ai diplomati nelle precedenti annualit\u00e0, in modo da dare compimento alle aspirazioni e alla formazione di quanti avevano scelto questo indirizzo di scuola e rischiavano di trovarsi in possesso di un titolo non idoneo all\u2019accesso professionale\u201d.<\/p>\n<p>\u201cRidiamo cos\u00ec sbocco occupazionale a un percorso formativo essenziale per il buon funzionamento dei servizi sociosanitari &#8211; conclude l\u2019assessore Lanzarin \u2013 consentendo a chi ha intrapreso un percorso formativo quinquennale qualificante in materia sanitaria e sociale di integrare le competenze sviluppate nei cinque anni di scuola con tirocinii guidati al termine dei quali conseguir\u00e0 la qualifica di Oss, riconosciuta dal sistema pubblico-privato accreditato. C\u2019\u00e8 un grande bisogno di queste figure nelle strutture residenziali per anziani e disabili, negli ospedali, nelle strutture per l\u2019infanzia, nei servizi residenziali e semiresidenziali per la salute mentale. In questo modo il sistema sociosanitario veneto riuscir\u00e0 a garantirsi figure professionali di alto livello, insostituibili per il buon funzionamento dei propri servizi\u201d.<\/p>","protected":false},"excerpt":{"rendered":"<p>&nbsp; I neodiplomati negli istituti professionali ad indirizzo sociosanitario ora potranno acquisire la qualifica di operatore sociosanitario, direttamente spendibile nelle strutture e nei servizi del sistema sociosanitario, La Giunta regionale del Veneto, su proposta di Manuela Lanzarin e di Elena Donazzan, assessori rispettivamente al sociale e alla formazione, ha approvato il protocollo d\u2019intesa con l\u2019Ufficio [&hellip;]<\/p>\n","protected":false},"author":2,"featured_media":0,"comment_status":"closed","ping_status":"open","sticky":false,"template":"","format":"standard","meta":{"footnotes":""},"categories":[5,26,17,15],"tags":[],"class_list":["post-78606","post","type-post","status-publish","format-standard","category-cronaca","category-prima-pagina","category-sanita","category-scuola"],"yoast_head":"<!-- This site is optimized with the Yoast SEO plugin v28.4 - https:\/\/yoast.com\/product\/yoast-seo-wordpress\/ -->\n<title>Diplomati ad indirizzo sociale, novit\u00e0 per 6700 studenti. La Regione Veneto integra il corso di studi per diventare operatori sociosanitari - Bellunopress - Dolomiti<\/title>\n<meta name=\"robots\" content=\"index, follow, max-snippet:-1, max-image-preview:large, max-video-preview:-1\" \/>\n<link rel=\"canonical\" href=\"https:\/\/www.bellunopress.it\/fr\/2016\/06\/23\/diplomati-ad-indirizzo-sociale-novita-6700-studenti-la-regione-veneto-integra-corso-studi-diventare-operatori-sociosanitari\/\" \/>\n<meta property=\"og:locale\" content=\"fr_FR\" \/>\n<meta property=\"og:type\" content=\"article\" \/>\n<meta property=\"og:title\" content=\"Diplomati ad indirizzo sociale, novit\u00e0 per 6700 studenti. La Regione Veneto integra il corso di studi per diventare operatori sociosanitari - Bellunopress - Dolomiti\" \/>\n<meta property=\"og:description\" content=\"&nbsp; I neodiplomati negli istituti professionali ad indirizzo sociosanitario ora potranno acquisire la qualifica di operatore sociosanitario, direttamente spendibile nelle strutture e nei servizi del sistema sociosanitario, La Giunta regionale del Veneto, su proposta di Manuela Lanzarin e di Elena Donazzan, assessori rispettivamente al sociale e alla formazione, ha approvato il protocollo d\u2019intesa con l\u2019Ufficio [&hellip;]\" \/>\n<meta property=\"og:url\" content=\"https:\/\/www.bellunopress.it\/fr\/2016\/06\/23\/diplomati-ad-indirizzo-sociale-novita-6700-studenti-la-regione-veneto-integra-corso-studi-diventare-operatori-sociosanitari\/\" \/>\n<meta property=\"og:site_name\" content=\"Bellunopress - Dolomiti\" \/>\n<meta property=\"article:publisher\" content=\"https:\/\/www.facebook.com\/profile.php?id=100008943462799\" \/>\n<meta property=\"article:published_time\" content=\"2016-06-23T09:50:11+00:00\" \/>\n<meta property=\"og:image\" content=\"http:\/\/www.bellunopress.it\/wp-content\/uploads\/2010\/09\/elena-donazzan-270x190.jpg\" \/>\n<meta name=\"author\" content=\"redazione\" \/>\n<meta name=\"twitter:card\" content=\"summary_large_image\" \/>\n<meta name=\"twitter:creator\" content=\"@bellunopress\" \/>\n<meta name=\"twitter:site\" content=\"@bellunopress\" \/>\n<meta name=\"twitter:label1\" content=\"\u00c9crit par\" \/>\n\t<meta name=\"twitter:data1\" content=\"redazione\" \/>\n\t<meta name=\"twitter:label2\" content=\"Dur\u00e9e de lecture estim\u00e9e\" \/>\n\t<meta name=\"twitter:data2\" content=\"3 minutes\" \/>\n<script type=\"application\/ld+json\" class=\"yoast-schema-graph\">{\"@context\":\"https:\\\/\\\/schema.org\",\"@graph\":[{\"@type\":\"Article\",\"@id\":\"https:\\\/\\\/www.bellunopress.it\\\/2016\\\/06\\\/23\\\/diplomati-ad-indirizzo-sociale-novita-6700-studenti-la-regione-veneto-integra-corso-studi-diventare-operatori-sociosanitari\\\/#article\",\"isPartOf\":{\"@id\":\"https:\\\/\\\/www.bellunopress.it\\\/2016\\\/06\\\/23\\\/diplomati-ad-indirizzo-sociale-novita-6700-studenti-la-regione-veneto-integra-corso-studi-diventare-operatori-sociosanitari\\\/\"},\"author\":{\"name\":\"redazione\",\"@id\":\"https:\\\/\\\/www.bellunopress.it\\\/#\\\/schema\\\/person\\\/79bb06722b37ece1c03d3e94beb30d73\"},\"headline\":\"Diplomati ad indirizzo sociale, novit\u00e0 per 6700 studenti. La Regione Veneto integra il corso di studi per diventare operatori sociosanitari\",\"datePublished\":\"2016-06-23T09:50:11+00:00\",\"mainEntityOfPage\":{\"@id\":\"https:\\\/\\\/www.bellunopress.it\\\/2016\\\/06\\\/23\\\/diplomati-ad-indirizzo-sociale-novita-6700-studenti-la-regione-veneto-integra-corso-studi-diventare-operatori-sociosanitari\\\/\"},\"wordCount\":615,\"publisher\":{\"@id\":\"https:\\\/\\\/www.bellunopress.it\\\/#organization\"},\"image\":{\"@id\":\"https:\\\/\\\/www.bellunopress.it\\\/2016\\\/06\\\/23\\\/diplomati-ad-indirizzo-sociale-novita-6700-studenti-la-regione-veneto-integra-corso-studi-diventare-operatori-sociosanitari\\\/#primaryimage\"},\"thumbnailUrl\":\"http:\\\/\\\/www.bellunopress.it\\\/wp-content\\\/uploads\\\/2010\\\/09\\\/elena-donazzan-270x190.jpg\",\"articleSection\":[\"Cronaca\\\/Politica\",\"Prima Pagina\",\"Sanit\u00e0 Medicina\",\"Scuola\"],\"inLanguage\":\"fr-FR\"},{\"@type\":\"WebPage\",\"@id\":\"https:\\\/\\\/www.bellunopress.it\\\/2016\\\/06\\\/23\\\/diplomati-ad-indirizzo-sociale-novita-6700-studenti-la-regione-veneto-integra-corso-studi-diventare-operatori-sociosanitari\\\/\",\"url\":\"https:\\\/\\\/www.bellunopress.it\\\/2016\\\/06\\\/23\\\/diplomati-ad-indirizzo-sociale-novita-6700-studenti-la-regione-veneto-integra-corso-studi-diventare-operatori-sociosanitari\\\/\",\"name\":\"Diplomati ad indirizzo sociale, novit\u00e0 per 6700 studenti. La Regione Veneto integra il corso di studi per diventare operatori sociosanitari - Bellunopress - Dolomiti\",\"isPartOf\":{\"@id\":\"https:\\\/\\\/www.bellunopress.it\\\/#website\"},\"primaryImageOfPage\":{\"@id\":\"https:\\\/\\\/www.bellunopress.it\\\/2016\\\/06\\\/23\\\/diplomati-ad-indirizzo-sociale-novita-6700-studenti-la-regione-veneto-integra-corso-studi-diventare-operatori-sociosanitari\\\/#primaryimage\"},\"image\":{\"@id\":\"https:\\\/\\\/www.bellunopress.it\\\/2016\\\/06\\\/23\\\/diplomati-ad-indirizzo-sociale-novita-6700-studenti-la-regione-veneto-integra-corso-studi-diventare-operatori-sociosanitari\\\/#primaryimage\"},\"thumbnailUrl\":\"http:\\\/\\\/www.bellunopress.it\\\/wp-content\\\/uploads\\\/2010\\\/09\\\/elena-donazzan-270x190.jpg\",\"datePublished\":\"2016-06-23T09:50:11+00:00\",\"breadcrumb\":{\"@id\":\"https:\\\/\\\/www.bellunopress.it\\\/2016\\\/06\\\/23\\\/diplomati-ad-indirizzo-sociale-novita-6700-studenti-la-regione-veneto-integra-corso-studi-diventare-operatori-sociosanitari\\\/#breadcrumb\"},\"inLanguage\":\"fr-FR\",\"potentialAction\":[{\"@type\":\"ReadAction\",\"target\":[\"https:\\\/\\\/www.bellunopress.it\\\/2016\\\/06\\\/23\\\/diplomati-ad-indirizzo-sociale-novita-6700-studenti-la-regione-veneto-integra-corso-studi-diventare-operatori-sociosanitari\\\/\"]}]},{\"@type\":\"ImageObject\",\"inLanguage\":\"fr-FR\",\"@id\":\"https:\\\/\\\/www.bellunopress.it\\\/2016\\\/06\\\/23\\\/diplomati-ad-indirizzo-sociale-novita-6700-studenti-la-regione-veneto-integra-corso-studi-diventare-operatori-sociosanitari\\\/#primaryimage\",\"url\":\"http:\\\/\\\/www.bellunopress.it\\\/wp-content\\\/uploads\\\/2010\\\/09\\\/elena-donazzan-270x190.jpg\",\"contentUrl\":\"http:\\\/\\\/www.bellunopress.it\\\/wp-content\\\/uploads\\\/2010\\\/09\\\/elena-donazzan-270x190.jpg\"},{\"@type\":\"BreadcrumbList\",\"@id\":\"https:\\\/\\\/www.bellunopress.it\\\/2016\\\/06\\\/23\\\/diplomati-ad-indirizzo-sociale-novita-6700-studenti-la-regione-veneto-integra-corso-studi-diventare-operatori-sociosanitari\\\/#breadcrumb\",\"itemListElement\":[{\"@type\":\"ListItem\",\"position\":1,\"name\":\"Home\",\"item\":\"https:\\\/\\\/www.bellunopress.it\\\/\"},{\"@type\":\"ListItem\",\"position\":2,\"name\":\"Diplomati ad indirizzo sociale, novit\u00e0 per 6700 studenti. La Regione Veneto integra il corso di studi per diventare operatori sociosanitari\"}]},{\"@type\":\"WebSite\",\"@id\":\"https:\\\/\\\/www.bellunopress.it\\\/#website\",\"url\":\"https:\\\/\\\/www.bellunopress.it\\\/\",\"name\":\"Bellunopress - Dolomiti\",\"description\":\"e-mail: redazione@bellunopress.it\",\"publisher\":{\"@id\":\"https:\\\/\\\/www.bellunopress.it\\\/#organization\"},\"potentialAction\":[{\"@type\":\"SearchAction\",\"target\":{\"@type\":\"EntryPoint\",\"urlTemplate\":\"https:\\\/\\\/www.bellunopress.it\\\/?s={search_term_string}\"},\"query-input\":{\"@type\":\"PropertyValueSpecification\",\"valueRequired\":true,\"valueName\":\"search_term_string\"}}],\"inLanguage\":\"fr-FR\"},{\"@type\":\"Organization\",\"@id\":\"https:\\\/\\\/www.bellunopress.it\\\/#organization\",\"name\":\"Bellunopress\",\"url\":\"https:\\\/\\\/www.bellunopress.it\\\/\",\"logo\":{\"@type\":\"ImageObject\",\"inLanguage\":\"fr-FR\",\"@id\":\"https:\\\/\\\/www.bellunopress.it\\\/#\\\/schema\\\/logo\\\/image\\\/\",\"url\":\"https:\\\/\\\/www.bellunopress.it\\\/wp-content\\\/uploads\\\/2011\\\/05\\\/cropped-logo-bellunopress-.jpg\",\"contentUrl\":\"https:\\\/\\\/www.bellunopress.it\\\/wp-content\\\/uploads\\\/2011\\\/05\\\/cropped-logo-bellunopress-.jpg\",\"width\":512,\"height\":512,\"caption\":\"Bellunopress\"},\"image\":{\"@id\":\"https:\\\/\\\/www.bellunopress.it\\\/#\\\/schema\\\/logo\\\/image\\\/\"},\"sameAs\":[\"https:\\\/\\\/www.facebook.com\\\/profile.php?id=100008943462799\",\"https:\\\/\\\/x.com\\\/bellunopress\",\"https:\\\/\\\/www.linkedin.com\\\/hp\\\/?dnr=JBzUWaJfMUw8vbXJJ2tVW5-I3jZKvC4wsoxE&amp;amp;amp;amp;amp;amp;trk=nav_responsive_tab_home\",\"https:\\\/\\\/www.youtube.com\\\/channel\\\/UCxL0wu1uN0_3_7hGG0306cw\"]},{\"@type\":\"Person\",\"@id\":\"https:\\\/\\\/www.bellunopress.it\\\/#\\\/schema\\\/person\\\/79bb06722b37ece1c03d3e94beb30d73\",\"name\":\"redazione\",\"image\":{\"@type\":\"ImageObject\",\"inLanguage\":\"fr-FR\",\"@id\":\"https:\\\/\\\/secure.gravatar.com\\\/avatar\\\/37d968a2e67a6fd04c169c4bdef102d0bc5d31b2546345219e348575eb80e9a0?s=96&d=mm&r=g\",\"url\":\"https:\\\/\\\/secure.gravatar.com\\\/avatar\\\/37d968a2e67a6fd04c169c4bdef102d0bc5d31b2546345219e348575eb80e9a0?s=96&d=mm&r=g\",\"contentUrl\":\"https:\\\/\\\/secure.gravatar.com\\\/avatar\\\/37d968a2e67a6fd04c169c4bdef102d0bc5d31b2546345219e348575eb80e9a0?s=96&d=mm&r=g\",\"caption\":\"redazione\"},\"sameAs\":[\"http:\\\/\\\/www.bellunopress.it\",\"https:\\\/\\\/x.com\\\/bellunopress\"],\"url\":\"https:\\\/\\\/www.bellunopress.it\\\/fr\\\/author\\\/redazione\\\/\"}]}<\/script>\n<!-- \/ Yoast SEO plugin. -->","yoast_head_json":{"title":"Diplomati ad indirizzo sociale, novit\u00e0 per 6700 studenti. La Regione Veneto integra il corso di studi per diventare operatori sociosanitari - Bellunopress - Dolomiti","robots":{"index":"index","follow":"follow","max-snippet":"max-snippet:-1","max-image-preview":"max-image-preview:large","max-video-preview":"max-video-preview:-1"},"canonical":"https:\/\/www.bellunopress.it\/fr\/2016\/06\/23\/diplomati-ad-indirizzo-sociale-novita-6700-studenti-la-regione-veneto-integra-corso-studi-diventare-operatori-sociosanitari\/","og_locale":"fr_FR","og_type":"article","og_title":"Diplomati ad indirizzo sociale, novit\u00e0 per 6700 studenti. La Regione Veneto integra il corso di studi per diventare operatori sociosanitari - Bellunopress - Dolomiti","og_description":"&nbsp; I neodiplomati negli istituti professionali ad indirizzo sociosanitario ora potranno acquisire la qualifica di operatore sociosanitario, direttamente spendibile nelle strutture e nei servizi del sistema sociosanitario, La Giunta regionale del Veneto, su proposta di Manuela Lanzarin e di Elena Donazzan, assessori rispettivamente al sociale e alla formazione, ha approvato il protocollo d\u2019intesa con l\u2019Ufficio [&hellip;]","og_url":"https:\/\/www.bellunopress.it\/fr\/2016\/06\/23\/diplomati-ad-indirizzo-sociale-novita-6700-studenti-la-regione-veneto-integra-corso-studi-diventare-operatori-sociosanitari\/","og_site_name":"Bellunopress - Dolomiti","article_publisher":"https:\/\/www.facebook.com\/profile.php?id=100008943462799","article_published_time":"2016-06-23T09:50:11+00:00","og_image":[{"url":"http:\/\/www.bellunopress.it\/wp-content\/uploads\/2010\/09\/elena-donazzan-270x190.jpg","type":"","width":"","height":""}],"author":"redazione","twitter_card":"summary_large_image","twitter_creator":"@bellunopress","twitter_site":"@bellunopress","twitter_misc":{"\u00c9crit par":"redazione","Dur\u00e9e de lecture estim\u00e9e":"3 minutes"},"schema":{"@context":"https:\/\/schema.org","@graph":[{"@type":"Article","@id":"https:\/\/www.bellunopress.it\/2016\/06\/23\/diplomati-ad-indirizzo-sociale-novita-6700-studenti-la-regione-veneto-integra-corso-studi-diventare-operatori-sociosanitari\/#article","isPartOf":{"@id":"https:\/\/www.bellunopress.it\/2016\/06\/23\/diplomati-ad-indirizzo-sociale-novita-6700-studenti-la-regione-veneto-integra-corso-studi-diventare-operatori-sociosanitari\/"},"author":{"name":"redazione","@id":"https:\/\/www.bellunopress.it\/#\/schema\/person\/79bb06722b37ece1c03d3e94beb30d73"},"headline":"Diplomati ad indirizzo sociale, novit\u00e0 per 6700 studenti. La Regione Veneto integra il corso di studi per diventare operatori sociosanitari","datePublished":"2016-06-23T09:50:11+00:00","mainEntityOfPage":{"@id":"https:\/\/www.bellunopress.it\/2016\/06\/23\/diplomati-ad-indirizzo-sociale-novita-6700-studenti-la-regione-veneto-integra-corso-studi-diventare-operatori-sociosanitari\/"},"wordCount":615,"publisher":{"@id":"https:\/\/www.bellunopress.it\/#organization"},"image":{"@id":"https:\/\/www.bellunopress.it\/2016\/06\/23\/diplomati-ad-indirizzo-sociale-novita-6700-studenti-la-regione-veneto-integra-corso-studi-diventare-operatori-sociosanitari\/#primaryimage"},"thumbnailUrl":"http:\/\/www.bellunopress.it\/wp-content\/uploads\/2010\/09\/elena-donazzan-270x190.jpg","articleSection":["Cronaca\/Politica","Prima Pagina","Sanit\u00e0 Medicina","Scuola"],"inLanguage":"fr-FR"},{"@type":"WebPage","@id":"https:\/\/www.bellunopress.it\/2016\/06\/23\/diplomati-ad-indirizzo-sociale-novita-6700-studenti-la-regione-veneto-integra-corso-studi-diventare-operatori-sociosanitari\/","url":"https:\/\/www.bellunopress.it\/2016\/06\/23\/diplomati-ad-indirizzo-sociale-novita-6700-studenti-la-regione-veneto-integra-corso-studi-diventare-operatori-sociosanitari\/","name":"Diplomati ad indirizzo sociale, novit\u00e0 per 6700 studenti. La Regione Veneto integra il corso di studi per diventare operatori sociosanitari - Bellunopress - Dolomiti","isPartOf":{"@id":"https:\/\/www.bellunopress.it\/#website"},"primaryImageOfPage":{"@id":"https:\/\/www.bellunopress.it\/2016\/06\/23\/diplomati-ad-indirizzo-sociale-novita-6700-studenti-la-regione-veneto-integra-corso-studi-diventare-operatori-sociosanitari\/#primaryimage"},"image":{"@id":"https:\/\/www.bellunopress.it\/2016\/06\/23\/diplomati-ad-indirizzo-sociale-novita-6700-studenti-la-regione-veneto-integra-corso-studi-diventare-operatori-sociosanitari\/#primaryimage"},"thumbnailUrl":"http:\/\/www.bellunopress.it\/wp-content\/uploads\/2010\/09\/elena-donazzan-270x190.jpg","datePublished":"2016-06-23T09:50:11+00:00","breadcrumb":{"@id":"https:\/\/www.bellunopress.it\/2016\/06\/23\/diplomati-ad-indirizzo-sociale-novita-6700-studenti-la-regione-veneto-integra-corso-studi-diventare-operatori-sociosanitari\/#breadcrumb"},"inLanguage":"fr-FR","potentialAction":[{"@type":"ReadAction","target":["https:\/\/www.bellunopress.it\/2016\/06\/23\/diplomati-ad-indirizzo-sociale-novita-6700-studenti-la-regione-veneto-integra-corso-studi-diventare-operatori-sociosanitari\/"]}]},{"@type":"ImageObject","inLanguage":"fr-FR","@id":"https:\/\/www.bellunopress.it\/2016\/06\/23\/diplomati-ad-indirizzo-sociale-novita-6700-studenti-la-regione-veneto-integra-corso-studi-diventare-operatori-sociosanitari\/#primaryimage","url":"http:\/\/www.bellunopress.it\/wp-content\/uploads\/2010\/09\/elena-donazzan-270x190.jpg","contentUrl":"http:\/\/www.bellunopress.it\/wp-content\/uploads\/2010\/09\/elena-donazzan-270x190.jpg"},{"@type":"BreadcrumbList","@id":"https:\/\/www.bellunopress.it\/2016\/06\/23\/diplomati-ad-indirizzo-sociale-novita-6700-studenti-la-regione-veneto-integra-corso-studi-diventare-operatori-sociosanitari\/#breadcrumb","itemListElement":[{"@type":"ListItem","position":1,"name":"Home","item":"https:\/\/www.bellunopress.it\/"},{"@type":"ListItem","position":2,"name":"Diplomati ad indirizzo sociale, novit\u00e0 per 6700 studenti. La Regione Veneto integra il corso di studi per diventare operatori sociosanitari"}]},{"@type":"WebSite","@id":"https:\/\/www.bellunopress.it\/#website","url":"https:\/\/www.bellunopress.it\/","name":"Bellunopress - Dolomiti","description":"e-mail: redazione@bellunopress.it","publisher":{"@id":"https:\/\/www.bellunopress.it\/#organization"},"potentialAction":[{"@type":"SearchAction","target":{"@type":"EntryPoint","urlTemplate":"https:\/\/www.bellunopress.it\/?s={search_term_string}"},"query-input":{"@type":"PropertyValueSpecification","valueRequired":true,"valueName":"search_term_string"}}],"inLanguage":"fr-FR"},{"@type":"Organization","@id":"https:\/\/www.bellunopress.it\/#organization","name":"Bellunopress","url":"https:\/\/www.bellunopress.it\/","logo":{"@type":"ImageObject","inLanguage":"fr-FR","@id":"https:\/\/www.bellunopress.it\/#\/schema\/logo\/image\/","url":"https:\/\/www.bellunopress.it\/wp-content\/uploads\/2011\/05\/cropped-logo-bellunopress-.jpg","contentUrl":"https:\/\/www.bellunopress.it\/wp-content\/uploads\/2011\/05\/cropped-logo-bellunopress-.jpg","width":512,"height":512,"caption":"Bellunopress"},"image":{"@id":"https:\/\/www.bellunopress.it\/#\/schema\/logo\/image\/"},"sameAs":["https:\/\/www.facebook.com\/profile.php?id=100008943462799","https:\/\/x.com\/bellunopress","https:\/\/www.linkedin.com\/hp\/?dnr=JBzUWaJfMUw8vbXJJ2tVW5-I3jZKvC4wsoxE&amp;amp;amp;amp;amp;amp;trk=nav_responsive_tab_home","https:\/\/www.youtube.com\/channel\/UCxL0wu1uN0_3_7hGG0306cw"]},{"@type":"Person","@id":"https:\/\/www.bellunopress.it\/#\/schema\/person\/79bb06722b37ece1c03d3e94beb30d73","name":"r\u00e9daction","image":{"@type":"ImageObject","inLanguage":"fr-FR","@id":"https:\/\/secure.gravatar.com\/avatar\/37d968a2e67a6fd04c169c4bdef102d0bc5d31b2546345219e348575eb80e9a0?s=96&d=mm&r=g","url":"https:\/\/secure.gravatar.com\/avatar\/37d968a2e67a6fd04c169c4bdef102d0bc5d31b2546345219e348575eb80e9a0?s=96&d=mm&r=g","contentUrl":"https:\/\/secure.gravatar.com\/avatar\/37d968a2e67a6fd04c169c4bdef102d0bc5d31b2546345219e348575eb80e9a0?s=96&d=mm&r=g","caption":"redazione"},"sameAs":["http:\/\/www.bellunopress.it","https:\/\/x.com\/bellunopress"],"url":"https:\/\/www.bellunopress.it\/fr\/author\/redazione\/"}]}},"_links":{"self":[{"href":"https:\/\/www.bellunopress.it\/fr\/wp-json\/wp\/v2\/posts\/78606","targetHints":{"allow":["GET"]}}],"collection":[{"href":"https:\/\/www.bellunopress.it\/fr\/wp-json\/wp\/v2\/posts"}],"about":[{"href":"https:\/\/www.bellunopress.it\/fr\/wp-json\/wp\/v2\/types\/post"}],"author":[{"embeddable":true,"href":"https:\/\/www.bellunopress.it\/fr\/wp-json\/wp\/v2\/users\/2"}],"replies":[{"embeddable":true,"href":"https:\/\/www.bellunopress.it\/fr\/wp-json\/wp\/v2\/comments?post=78606"}],"version-history":[{"count":1,"href":"https:\/\/www.bellunopress.it\/fr\/wp-json\/wp\/v2\/posts\/78606\/revisions"}],"predecessor-version":[{"id":78607,"href":"https:\/\/www.bellunopress.it\/fr\/wp-json\/wp\/v2\/posts\/78606\/revisions\/78607"}],"wp:attachment":[{"href":"https:\/\/www.bellunopress.it\/fr\/wp-json\/wp\/v2\/media?parent=78606"}],"wp:term":[{"taxonomy":"category","embeddable":true,"href":"https:\/\/www.bellunopress.it\/fr\/wp-json\/wp\/v2\/categories?post=78606"},{"taxonomy":"post_tag","embeddable":true,"href":"https:\/\/www.bellunopress.it\/fr\/wp-json\/wp\/v2\/tags?post=78606"}],"curies":[{"name":"wp","href":"https:\/\/api.w.org\/{rel}","templated":true}]}}