{"id":78604,"date":"2016-06-23T09:53:38","date_gmt":"2016-06-23T07:53:38","guid":{"rendered":"http:\/\/www.bellunopress.it\/?p=78604"},"modified":"2016-06-23T09:53:38","modified_gmt":"2016-06-23T07:53:38","slug":"venerdi-apre-la-mostra-dellartigianato-feltre","status":"publish","type":"post","link":"https:\/\/www.bellunopress.it\/fr\/2016\/06\/23\/venerdi-apre-la-mostra-dellartigianato-feltre\/","title":{"rendered":"Venerd\u00ec apre la Mostra dell&#8217;Artigianato a Feltre"},"content":{"rendered":"<p>Si aprir\u00e0 domani sera la 30^ edizione della Mostra dell&#8217;Artigianato con l&#8217;inaugurazione alle 18.00 presso la Sala degli Stemmi. La cerimonia, alla presenza delle autorit\u00e0, dar\u00e0 ufficialmente inizio alla manifestazione.<\/p>\n<p><a href=\"http:\/\/www.bellunopress.it\/wp-content\/uploads\/2015\/06\/Feltre-mostra-artigianato.jpg\"><img loading=\"lazy\" decoding=\"async\" class=\"alignleft size-full wp-image-69639\" src=\"http:\/\/www.bellunopress.it\/wp-content\/uploads\/2015\/06\/Feltre-mostra-artigianato.jpg\" alt=\"Feltre mostra artigianato\" width=\"300\" height=\"199\" \/><\/a>Subito dopo la cerimonia di inaugurazione sar\u00e0 dato il via al 6\u00b0 simposio di scultura su legno e al concorso di forgiatura che quest&#8217;anno avr\u00e0 come tema &#8220;la leggerezza&#8221;. Alle 20.00 in Centro Storico ci sar\u00e0 la sfilata del Gruppo Sbandieratori Citt\u00e0 di Feltre e a seguire uno spettacolo musicale a cura del centro di musica Unisono.<\/p>\n<p>Durante la manifestazione nelle giornate di sabato e domenica, presso Largo Castaldi, sar\u00e0 allestito uno spazio dedicato ai bambini e ai ragazzi, che con la supervisione di Daphne Kooistra (partecipante al concorso di forgiatura), potranno provare a creare con le loro mani piccole opere in ferro.<\/p>\n<p>Quest&#8217;anno, inoltre, l&#8217;entrata sar\u00e0 gratuita per tutta la durata della manifestazione. Gli stand saranno aperti il venerd\u00ec dalle 18.00 alle 23.00 e dal sabato alla domenica dalle 10.00 alle 24.00. Durante la mostra saranno attivi i punti di ristoro presso il Vescovado Nuovo curati dal GILF e presso il Castello a cura dei quartieri Castello e Port&#8217;Oria.<\/p>","protected":false},"excerpt":{"rendered":"<p>Si aprir\u00e0 domani sera la 30^ edizione della Mostra dell&#8217;Artigianato con l&#8217;inaugurazione alle 18.00 presso la Sala degli Stemmi. La cerimonia, alla presenza delle autorit\u00e0, dar\u00e0 ufficialmente inizio alla manifestazione. Subito dopo la cerimonia di inaugurazione sar\u00e0 dato il via al 6\u00b0 simposio di scultura su legno e al concorso di forgiatura che quest&#8217;anno avr\u00e0 [&hellip;]<\/p>\n","protected":false},"author":2,"featured_media":0,"comment_status":"closed","ping_status":"open","sticky":false,"template":"","format":"standard","meta":{"footnotes":""},"categories":[27,3,26,8],"tags":[],"class_list":["post-78604","post","type-post","status-publish","format-standard","category-appuntamenti","category-arte-cultura-spettacoli-scienza-archivi","category-prima-pagina","category-societa-istituzioni"],"yoast_head":"<!-- This site is optimized with the Yoast SEO plugin v28.4 - https:\/\/yoast.com\/product\/yoast-seo-wordpress\/ -->\n<title>Venerd\u00ec apre la Mostra dell&#039;Artigianato a Feltre - Bellunopress - Dolomiti<\/title>\n<meta name=\"robots\" content=\"index, follow, max-snippet:-1, max-image-preview:large, max-video-preview:-1\" \/>\n<link rel=\"canonical\" href=\"https:\/\/www.bellunopress.it\/fr\/2016\/06\/23\/venerdi-apre-la-mostra-dellartigianato-feltre\/\" \/>\n<meta property=\"og:locale\" content=\"fr_FR\" \/>\n<meta property=\"og:type\" content=\"article\" \/>\n<meta property=\"og:title\" content=\"Venerd\u00ec apre la Mostra dell&#039;Artigianato a Feltre - Bellunopress - Dolomiti\" \/>\n<meta property=\"og:description\" content=\"Si aprir\u00e0 domani sera la 30^ edizione della Mostra dell&#8217;Artigianato con l&#8217;inaugurazione alle 18.00 presso la Sala degli Stemmi. La cerimonia, alla presenza delle autorit\u00e0, dar\u00e0 ufficialmente inizio alla manifestazione. Subito dopo la cerimonia di inaugurazione sar\u00e0 dato il via al 6\u00b0 simposio di scultura su legno e al concorso di forgiatura che quest&#8217;anno avr\u00e0 [&hellip;]\" \/>\n<meta property=\"og:url\" content=\"https:\/\/www.bellunopress.it\/fr\/2016\/06\/23\/venerdi-apre-la-mostra-dellartigianato-feltre\/\" \/>\n<meta property=\"og:site_name\" content=\"Bellunopress - Dolomiti\" \/>\n<meta property=\"article:publisher\" content=\"https:\/\/www.facebook.com\/profile.php?id=100008943462799\" \/>\n<meta property=\"article:published_time\" content=\"2016-06-23T07:53:38+00:00\" \/>\n<meta property=\"og:image\" content=\"http:\/\/www.bellunopress.it\/wp-content\/uploads\/2015\/06\/Feltre-mostra-artigianato.jpg\" \/>\n<meta name=\"author\" content=\"redazione\" \/>\n<meta name=\"twitter:card\" content=\"summary_large_image\" \/>\n<meta name=\"twitter:creator\" content=\"@bellunopress\" \/>\n<meta name=\"twitter:site\" content=\"@bellunopress\" \/>\n<meta name=\"twitter:label1\" content=\"\u00c9crit par\" \/>\n\t<meta name=\"twitter:data1\" content=\"redazione\" \/>\n\t<meta name=\"twitter:label2\" content=\"Dur\u00e9e de lecture estim\u00e9e\" \/>\n\t<meta name=\"twitter:data2\" content=\"1 minute\" \/>\n<script type=\"application\/ld+json\" class=\"yoast-schema-graph\">{\"@context\":\"https:\\\/\\\/schema.org\",\"@graph\":[{\"@type\":\"Article\",\"@id\":\"https:\\\/\\\/www.bellunopress.it\\\/2016\\\/06\\\/23\\\/venerdi-apre-la-mostra-dellartigianato-feltre\\\/#article\",\"isPartOf\":{\"@id\":\"https:\\\/\\\/www.bellunopress.it\\\/2016\\\/06\\\/23\\\/venerdi-apre-la-mostra-dellartigianato-feltre\\\/\"},\"author\":{\"name\":\"redazione\",\"@id\":\"https:\\\/\\\/www.bellunopress.it\\\/#\\\/schema\\\/person\\\/79bb06722b37ece1c03d3e94beb30d73\"},\"headline\":\"Venerd\u00ec apre la Mostra dell&#8217;Artigianato a Feltre\",\"datePublished\":\"2016-06-23T07:53:38+00:00\",\"mainEntityOfPage\":{\"@id\":\"https:\\\/\\\/www.bellunopress.it\\\/2016\\\/06\\\/23\\\/venerdi-apre-la-mostra-dellartigianato-feltre\\\/\"},\"wordCount\":196,\"publisher\":{\"@id\":\"https:\\\/\\\/www.bellunopress.it\\\/#organization\"},\"image\":{\"@id\":\"https:\\\/\\\/www.bellunopress.it\\\/2016\\\/06\\\/23\\\/venerdi-apre-la-mostra-dellartigianato-feltre\\\/#primaryimage\"},\"thumbnailUrl\":\"http:\\\/\\\/www.bellunopress.it\\\/wp-content\\\/uploads\\\/2015\\\/06\\\/Feltre-mostra-artigianato.jpg\",\"articleSection\":[\"Appuntamenti, Eventi\",\"Arte, Cultura, Spettacoli, Scienza\",\"Prima Pagina\",\"Societ\u00e0, Associazioni, Istituzioni\"],\"inLanguage\":\"fr-FR\"},{\"@type\":\"WebPage\",\"@id\":\"https:\\\/\\\/www.bellunopress.it\\\/2016\\\/06\\\/23\\\/venerdi-apre-la-mostra-dellartigianato-feltre\\\/\",\"url\":\"https:\\\/\\\/www.bellunopress.it\\\/2016\\\/06\\\/23\\\/venerdi-apre-la-mostra-dellartigianato-feltre\\\/\",\"name\":\"Venerd\u00ec apre la Mostra dell'Artigianato a Feltre - Bellunopress - Dolomiti\",\"isPartOf\":{\"@id\":\"https:\\\/\\\/www.bellunopress.it\\\/#website\"},\"primaryImageOfPage\":{\"@id\":\"https:\\\/\\\/www.bellunopress.it\\\/2016\\\/06\\\/23\\\/venerdi-apre-la-mostra-dellartigianato-feltre\\\/#primaryimage\"},\"image\":{\"@id\":\"https:\\\/\\\/www.bellunopress.it\\\/2016\\\/06\\\/23\\\/venerdi-apre-la-mostra-dellartigianato-feltre\\\/#primaryimage\"},\"thumbnailUrl\":\"http:\\\/\\\/www.bellunopress.it\\\/wp-content\\\/uploads\\\/2015\\\/06\\\/Feltre-mostra-artigianato.jpg\",\"datePublished\":\"2016-06-23T07:53:38+00:00\",\"breadcrumb\":{\"@id\":\"https:\\\/\\\/www.bellunopress.it\\\/2016\\\/06\\\/23\\\/venerdi-apre-la-mostra-dellartigianato-feltre\\\/#breadcrumb\"},\"inLanguage\":\"fr-FR\",\"potentialAction\":[{\"@type\":\"ReadAction\",\"target\":[\"https:\\\/\\\/www.bellunopress.it\\\/2016\\\/06\\\/23\\\/venerdi-apre-la-mostra-dellartigianato-feltre\\\/\"]}]},{\"@type\":\"ImageObject\",\"inLanguage\":\"fr-FR\",\"@id\":\"https:\\\/\\\/www.bellunopress.it\\\/2016\\\/06\\\/23\\\/venerdi-apre-la-mostra-dellartigianato-feltre\\\/#primaryimage\",\"url\":\"http:\\\/\\\/www.bellunopress.it\\\/wp-content\\\/uploads\\\/2015\\\/06\\\/Feltre-mostra-artigianato.jpg\",\"contentUrl\":\"http:\\\/\\\/www.bellunopress.it\\\/wp-content\\\/uploads\\\/2015\\\/06\\\/Feltre-mostra-artigianato.jpg\"},{\"@type\":\"BreadcrumbList\",\"@id\":\"https:\\\/\\\/www.bellunopress.it\\\/2016\\\/06\\\/23\\\/venerdi-apre-la-mostra-dellartigianato-feltre\\\/#breadcrumb\",\"itemListElement\":[{\"@type\":\"ListItem\",\"position\":1,\"name\":\"Home\",\"item\":\"https:\\\/\\\/www.bellunopress.it\\\/\"},{\"@type\":\"ListItem\",\"position\":2,\"name\":\"Venerd\u00ec apre la Mostra dell&#8217;Artigianato a Feltre\"}]},{\"@type\":\"WebSite\",\"@id\":\"https:\\\/\\\/www.bellunopress.it\\\/#website\",\"url\":\"https:\\\/\\\/www.bellunopress.it\\\/\",\"name\":\"Bellunopress - Dolomiti\",\"description\":\"e-mail: redazione@bellunopress.it\",\"publisher\":{\"@id\":\"https:\\\/\\\/www.bellunopress.it\\\/#organization\"},\"potentialAction\":[{\"@type\":\"SearchAction\",\"target\":{\"@type\":\"EntryPoint\",\"urlTemplate\":\"https:\\\/\\\/www.bellunopress.it\\\/?s={search_term_string}\"},\"query-input\":{\"@type\":\"PropertyValueSpecification\",\"valueRequired\":true,\"valueName\":\"search_term_string\"}}],\"inLanguage\":\"fr-FR\"},{\"@type\":\"Organization\",\"@id\":\"https:\\\/\\\/www.bellunopress.it\\\/#organization\",\"name\":\"Bellunopress\",\"url\":\"https:\\\/\\\/www.bellunopress.it\\\/\",\"logo\":{\"@type\":\"ImageObject\",\"inLanguage\":\"fr-FR\",\"@id\":\"https:\\\/\\\/www.bellunopress.it\\\/#\\\/schema\\\/logo\\\/image\\\/\",\"url\":\"https:\\\/\\\/www.bellunopress.it\\\/wp-content\\\/uploads\\\/2011\\\/05\\\/cropped-logo-bellunopress-.jpg\",\"contentUrl\":\"https:\\\/\\\/www.bellunopress.it\\\/wp-content\\\/uploads\\\/2011\\\/05\\\/cropped-logo-bellunopress-.jpg\",\"width\":512,\"height\":512,\"caption\":\"Bellunopress\"},\"image\":{\"@id\":\"https:\\\/\\\/www.bellunopress.it\\\/#\\\/schema\\\/logo\\\/image\\\/\"},\"sameAs\":[\"https:\\\/\\\/www.facebook.com\\\/profile.php?id=100008943462799\",\"https:\\\/\\\/x.com\\\/bellunopress\",\"https:\\\/\\\/www.linkedin.com\\\/hp\\\/?dnr=JBzUWaJfMUw8vbXJJ2tVW5-I3jZKvC4wsoxE&amp;amp;amp;amp;amp;amp;trk=nav_responsive_tab_home\",\"https:\\\/\\\/www.youtube.com\\\/channel\\\/UCxL0wu1uN0_3_7hGG0306cw\"]},{\"@type\":\"Person\",\"@id\":\"https:\\\/\\\/www.bellunopress.it\\\/#\\\/schema\\\/person\\\/79bb06722b37ece1c03d3e94beb30d73\",\"name\":\"redazione\",\"image\":{\"@type\":\"ImageObject\",\"inLanguage\":\"fr-FR\",\"@id\":\"https:\\\/\\\/secure.gravatar.com\\\/avatar\\\/37d968a2e67a6fd04c169c4bdef102d0bc5d31b2546345219e348575eb80e9a0?s=96&d=mm&r=g\",\"url\":\"https:\\\/\\\/secure.gravatar.com\\\/avatar\\\/37d968a2e67a6fd04c169c4bdef102d0bc5d31b2546345219e348575eb80e9a0?s=96&d=mm&r=g\",\"contentUrl\":\"https:\\\/\\\/secure.gravatar.com\\\/avatar\\\/37d968a2e67a6fd04c169c4bdef102d0bc5d31b2546345219e348575eb80e9a0?s=96&d=mm&r=g\",\"caption\":\"redazione\"},\"sameAs\":[\"http:\\\/\\\/www.bellunopress.it\",\"https:\\\/\\\/x.com\\\/bellunopress\"],\"url\":\"https:\\\/\\\/www.bellunopress.it\\\/fr\\\/author\\\/redazione\\\/\"}]}<\/script>\n<!-- \/ Yoast SEO plugin. -->","yoast_head_json":{"title":"Venerd\u00ec apre la Mostra dell'Artigianato a Feltre - Bellunopress - Dolomiti","robots":{"index":"index","follow":"follow","max-snippet":"max-snippet:-1","max-image-preview":"max-image-preview:large","max-video-preview":"max-video-preview:-1"},"canonical":"https:\/\/www.bellunopress.it\/fr\/2016\/06\/23\/venerdi-apre-la-mostra-dellartigianato-feltre\/","og_locale":"fr_FR","og_type":"article","og_title":"Venerd\u00ec apre la Mostra dell'Artigianato a Feltre - Bellunopress - Dolomiti","og_description":"Si aprir\u00e0 domani sera la 30^ edizione della Mostra dell&#8217;Artigianato con l&#8217;inaugurazione alle 18.00 presso la Sala degli Stemmi. La cerimonia, alla presenza delle autorit\u00e0, dar\u00e0 ufficialmente inizio alla manifestazione. Subito dopo la cerimonia di inaugurazione sar\u00e0 dato il via al 6\u00b0 simposio di scultura su legno e al concorso di forgiatura che quest&#8217;anno avr\u00e0 [&hellip;]","og_url":"https:\/\/www.bellunopress.it\/fr\/2016\/06\/23\/venerdi-apre-la-mostra-dellartigianato-feltre\/","og_site_name":"Bellunopress - Dolomiti","article_publisher":"https:\/\/www.facebook.com\/profile.php?id=100008943462799","article_published_time":"2016-06-23T07:53:38+00:00","og_image":[{"url":"http:\/\/www.bellunopress.it\/wp-content\/uploads\/2015\/06\/Feltre-mostra-artigianato.jpg","type":"","width":"","height":""}],"author":"redazione","twitter_card":"summary_large_image","twitter_creator":"@bellunopress","twitter_site":"@bellunopress","twitter_misc":{"\u00c9crit par":"redazione","Dur\u00e9e de lecture estim\u00e9e":"1 minute"},"schema":{"@context":"https:\/\/schema.org","@graph":[{"@type":"Article","@id":"https:\/\/www.bellunopress.it\/2016\/06\/23\/venerdi-apre-la-mostra-dellartigianato-feltre\/#article","isPartOf":{"@id":"https:\/\/www.bellunopress.it\/2016\/06\/23\/venerdi-apre-la-mostra-dellartigianato-feltre\/"},"author":{"name":"redazione","@id":"https:\/\/www.bellunopress.it\/#\/schema\/person\/79bb06722b37ece1c03d3e94beb30d73"},"headline":"Venerd\u00ec apre la Mostra dell&#8217;Artigianato a Feltre","datePublished":"2016-06-23T07:53:38+00:00","mainEntityOfPage":{"@id":"https:\/\/www.bellunopress.it\/2016\/06\/23\/venerdi-apre-la-mostra-dellartigianato-feltre\/"},"wordCount":196,"publisher":{"@id":"https:\/\/www.bellunopress.it\/#organization"},"image":{"@id":"https:\/\/www.bellunopress.it\/2016\/06\/23\/venerdi-apre-la-mostra-dellartigianato-feltre\/#primaryimage"},"thumbnailUrl":"http:\/\/www.bellunopress.it\/wp-content\/uploads\/2015\/06\/Feltre-mostra-artigianato.jpg","articleSection":["Appuntamenti, Eventi","Arte, Cultura, Spettacoli, Scienza","Prima Pagina","Societ\u00e0, Associazioni, Istituzioni"],"inLanguage":"fr-FR"},{"@type":"WebPage","@id":"https:\/\/www.bellunopress.it\/2016\/06\/23\/venerdi-apre-la-mostra-dellartigianato-feltre\/","url":"https:\/\/www.bellunopress.it\/2016\/06\/23\/venerdi-apre-la-mostra-dellartigianato-feltre\/","name":"Venerd\u00ec apre la Mostra dell'Artigianato a Feltre - Bellunopress - Dolomiti","isPartOf":{"@id":"https:\/\/www.bellunopress.it\/#website"},"primaryImageOfPage":{"@id":"https:\/\/www.bellunopress.it\/2016\/06\/23\/venerdi-apre-la-mostra-dellartigianato-feltre\/#primaryimage"},"image":{"@id":"https:\/\/www.bellunopress.it\/2016\/06\/23\/venerdi-apre-la-mostra-dellartigianato-feltre\/#primaryimage"},"thumbnailUrl":"http:\/\/www.bellunopress.it\/wp-content\/uploads\/2015\/06\/Feltre-mostra-artigianato.jpg","datePublished":"2016-06-23T07:53:38+00:00","breadcrumb":{"@id":"https:\/\/www.bellunopress.it\/2016\/06\/23\/venerdi-apre-la-mostra-dellartigianato-feltre\/#breadcrumb"},"inLanguage":"fr-FR","potentialAction":[{"@type":"ReadAction","target":["https:\/\/www.bellunopress.it\/2016\/06\/23\/venerdi-apre-la-mostra-dellartigianato-feltre\/"]}]},{"@type":"ImageObject","inLanguage":"fr-FR","@id":"https:\/\/www.bellunopress.it\/2016\/06\/23\/venerdi-apre-la-mostra-dellartigianato-feltre\/#primaryimage","url":"http:\/\/www.bellunopress.it\/wp-content\/uploads\/2015\/06\/Feltre-mostra-artigianato.jpg","contentUrl":"http:\/\/www.bellunopress.it\/wp-content\/uploads\/2015\/06\/Feltre-mostra-artigianato.jpg"},{"@type":"BreadcrumbList","@id":"https:\/\/www.bellunopress.it\/2016\/06\/23\/venerdi-apre-la-mostra-dellartigianato-feltre\/#breadcrumb","itemListElement":[{"@type":"ListItem","position":1,"name":"Home","item":"https:\/\/www.bellunopress.it\/"},{"@type":"ListItem","position":2,"name":"Venerd\u00ec apre la Mostra dell&#8217;Artigianato a Feltre"}]},{"@type":"WebSite","@id":"https:\/\/www.bellunopress.it\/#website","url":"https:\/\/www.bellunopress.it\/","name":"Bellunopress - Dolomiti","description":"e-mail: redazione@bellunopress.it","publisher":{"@id":"https:\/\/www.bellunopress.it\/#organization"},"potentialAction":[{"@type":"SearchAction","target":{"@type":"EntryPoint","urlTemplate":"https:\/\/www.bellunopress.it\/?s={search_term_string}"},"query-input":{"@type":"PropertyValueSpecification","valueRequired":true,"valueName":"search_term_string"}}],"inLanguage":"fr-FR"},{"@type":"Organization","@id":"https:\/\/www.bellunopress.it\/#organization","name":"Bellunopress","url":"https:\/\/www.bellunopress.it\/","logo":{"@type":"ImageObject","inLanguage":"fr-FR","@id":"https:\/\/www.bellunopress.it\/#\/schema\/logo\/image\/","url":"https:\/\/www.bellunopress.it\/wp-content\/uploads\/2011\/05\/cropped-logo-bellunopress-.jpg","contentUrl":"https:\/\/www.bellunopress.it\/wp-content\/uploads\/2011\/05\/cropped-logo-bellunopress-.jpg","width":512,"height":512,"caption":"Bellunopress"},"image":{"@id":"https:\/\/www.bellunopress.it\/#\/schema\/logo\/image\/"},"sameAs":["https:\/\/www.facebook.com\/profile.php?id=100008943462799","https:\/\/x.com\/bellunopress","https:\/\/www.linkedin.com\/hp\/?dnr=JBzUWaJfMUw8vbXJJ2tVW5-I3jZKvC4wsoxE&amp;amp;amp;amp;amp;amp;trk=nav_responsive_tab_home","https:\/\/www.youtube.com\/channel\/UCxL0wu1uN0_3_7hGG0306cw"]},{"@type":"Person","@id":"https:\/\/www.bellunopress.it\/#\/schema\/person\/79bb06722b37ece1c03d3e94beb30d73","name":"r\u00e9daction","image":{"@type":"ImageObject","inLanguage":"fr-FR","@id":"https:\/\/secure.gravatar.com\/avatar\/37d968a2e67a6fd04c169c4bdef102d0bc5d31b2546345219e348575eb80e9a0?s=96&d=mm&r=g","url":"https:\/\/secure.gravatar.com\/avatar\/37d968a2e67a6fd04c169c4bdef102d0bc5d31b2546345219e348575eb80e9a0?s=96&d=mm&r=g","contentUrl":"https:\/\/secure.gravatar.com\/avatar\/37d968a2e67a6fd04c169c4bdef102d0bc5d31b2546345219e348575eb80e9a0?s=96&d=mm&r=g","caption":"redazione"},"sameAs":["http:\/\/www.bellunopress.it","https:\/\/x.com\/bellunopress"],"url":"https:\/\/www.bellunopress.it\/fr\/author\/redazione\/"}]}},"_links":{"self":[{"href":"https:\/\/www.bellunopress.it\/fr\/wp-json\/wp\/v2\/posts\/78604","targetHints":{"allow":["GET"]}}],"collection":[{"href":"https:\/\/www.bellunopress.it\/fr\/wp-json\/wp\/v2\/posts"}],"about":[{"href":"https:\/\/www.bellunopress.it\/fr\/wp-json\/wp\/v2\/types\/post"}],"author":[{"embeddable":true,"href":"https:\/\/www.bellunopress.it\/fr\/wp-json\/wp\/v2\/users\/2"}],"replies":[{"embeddable":true,"href":"https:\/\/www.bellunopress.it\/fr\/wp-json\/wp\/v2\/comments?post=78604"}],"version-history":[{"count":1,"href":"https:\/\/www.bellunopress.it\/fr\/wp-json\/wp\/v2\/posts\/78604\/revisions"}],"predecessor-version":[{"id":78605,"href":"https:\/\/www.bellunopress.it\/fr\/wp-json\/wp\/v2\/posts\/78604\/revisions\/78605"}],"wp:attachment":[{"href":"https:\/\/www.bellunopress.it\/fr\/wp-json\/wp\/v2\/media?parent=78604"}],"wp:term":[{"taxonomy":"category","embeddable":true,"href":"https:\/\/www.bellunopress.it\/fr\/wp-json\/wp\/v2\/categories?post=78604"},{"taxonomy":"post_tag","embeddable":true,"href":"https:\/\/www.bellunopress.it\/fr\/wp-json\/wp\/v2\/tags?post=78604"}],"curies":[{"name":"wp","href":"https:\/\/api.w.org\/{rel}","templated":true}]}}